{"id":24210,"date":"2025-01-03T22:03:19","date_gmt":"2025-01-03T22:03:19","guid":{"rendered":"https:\/\/lequotidien.mr\/?p=24210"},"modified":"2025-01-03T22:03:19","modified_gmt":"2025-01-03T22:03:19","slug":"atelier-sur-les-medias-numeriques-a-atar-promouvoir-la-liberte-dexpression-et-lethique-professionnelle","status":"publish","type":"post","link":"https:\/\/lequotidien.mr\/?p=24210&lang=fr","title":{"rendered":"Atelier sur les m\u00e9dias num\u00e9riques \u00e0 Atar : Promouvoir la libert\u00e9 d&#8217;expression et l&#8217;\u00e9thique professionnelle"},"content":{"rendered":"<p>Jeudi soir, la ville d&#8217;Atar a \u00e9t\u00e9 le th\u00e9\u00e2tre d&#8217;un \u00e9v\u00e9nement marquant : le lancement d&#8217;un atelier de sensibilisation sur les m\u00e9dias num\u00e9riques et les r\u00e9seaux sociaux, organis\u00e9 sous le th\u00e8me <strong>\u00ab <\/strong>Consolider la libert\u00e9 d&#8217;expression et renforcer l\u2019\u00e9thique professionnelle <strong>\u00bb<\/strong>. Cet atelier, pr\u00e9sid\u00e9 par M. El Alem Chemed, directeur de cabinet du wali de l&#8217;Adrar, a r\u00e9uni divers acteurs des m\u00e9dias et de la soci\u00e9t\u00e9 civile.<\/p>\n<p><strong>Objectifs de l&#8217;Atelier<\/strong><\/p>\n<p>Organis\u00e9 par l&#8217;Union des Femmes des M\u00e9dias de Mauritanie (UFMM) en partenariat avec l&#8217;UNESCO, cet atelier vise \u00e0 renforcer les capacit\u00e9s des propri\u00e9taires de plateformes num\u00e9riques. Les discussions portent sur l&#8217;adoption de normes rigoureuses d&#8217;objectivit\u00e9, de neutralit\u00e9 et d&#8217;int\u00e9grit\u00e9 dans le traitement de l&#8217;information, tout en respectant la d\u00e9ontologie journalistique.<\/p>\n<p>L&#8217;atelier se concentre \u00e9galement sur l&#8217;importance de garantir la libert\u00e9 d&#8217;expression et d&#8217;assurer une circulation fiable de l&#8217;information, un enjeu crucial \u00e0 l&#8217;\u00e8re des m\u00e9dias num\u00e9riques.<\/p>\n<p><strong>Un soutien institutionnel affirm\u00e9<\/strong><\/p>\n<p>Dans son discours inaugural, M. El Alem Chemed a rappel\u00e9 l&#8217;engagement des autorit\u00e9s publiques envers le d\u00e9veloppement des m\u00e9dias num\u00e9riques, illustr\u00e9 par la cr\u00e9ation d&#8217;un minist\u00e8re d\u00e9di\u00e9 \u00e0 la transformation num\u00e9rique et \u00e0 la modernisation de l&#8217;administration. Ces initiatives visent \u00e0 rapprocher l&#8217;administration des citoyens et \u00e0 am\u00e9liorer la gouvernance num\u00e9rique.<\/p>\n<p>Le directeur de cabinet a \u00e9galement salu\u00e9 le r\u00f4le cl\u00e9 de l&#8217;UFMM dans l&#8217;organisation de cet \u00e9v\u00e9nement, qui contribue \u00e0 promouvoir la libert\u00e9 d&#8217;expression et \u00e0 renforcer l&#8217;\u00e9thique professionnelle des m\u00e9dias, en particulier au niveau r\u00e9gional.<\/p>\n<p><strong>Un projet centr\u00e9 sur les Femmes et les m\u00e9dias locaux<\/strong><\/p>\n<p>Mme Emeima Mohamed Ahmed, pr\u00e9sidente de l&#8217;UFMM, a soulign\u00e9 que cet atelier s&#8217;inscrit dans le cadre d&#8217;un projet de partenariat avec l&#8217;UNESCO, dont 80 % des b\u00e9n\u00e9ficiaires sont des femmes. Elle a mentionn\u00e9 qu&#8217;une formation similaire a \u00e9t\u00e9 organis\u00e9e \u00e0 Nouakchott et que des missions ont \u00e9t\u00e9 effectu\u00e9es \u00e0 Atar et Rosso pour toucher un public plus large.<\/p>\n<p>Lors de ces activit\u00e9s, un guide num\u00e9rique \u00e9labor\u00e9 par l&#8217;UNESCO a \u00e9t\u00e9 distribu\u00e9 aux participants. Ce document offre des outils pratiques pour une utilisation responsable des technologies de communication, tout en respectant l&#8217;\u00e9thique professionnelle, les valeurs soci\u00e9tales et les enseignements religieux.<\/p>\n<p>Mme Emeima a \u00e9galement insist\u00e9 sur l&#8217;importance des m\u00e9dias locaux dans la sensibilisation aux probl\u00e9matiques communautaires et leur r\u00f4le dans la formation de l&#8217;opinion publique.<\/p>\n<p><strong>Appels \u00e0 une responsabilit\u00e9 partag\u00e9e<\/strong><\/p>\n<p>Lors de l&#8217;atelier, Mme Sultana Zeine Zeine, directrice r\u00e9gionale du minist\u00e8re de l&#8217;Action sociale, a mis en lumi\u00e8re la n\u00e9cessit\u00e9 d&#8217;activer des m\u00e9canismes de contr\u00f4le pour maximiser les avantages des m\u00e9dias num\u00e9riques tout en limitant leurs d\u00e9rives.<\/p>\n<p>De son c\u00f4t\u00e9, M. Modi N&#8217;Diaye, pr\u00e9sident du Forum de la soci\u00e9t\u00e9 civile de l&#8217;Adrar, a soulign\u00e9 l&#8217;importance de cette initiative, tout en appelant \u00e0 une plus grande inclusion des femmes dans tous les aspects de la vie sociale et professionnelle.<\/p>\n<p>Ce premier atelier du genre dans la r\u00e9gion d&#8217;Atar constitue une \u00e9tape significative dans la promotion des pratiques m\u00e9diatiques responsables et l&#8217;am\u00e9lioration des capacit\u00e9s locales. En rassemblant divers acteurs, il ouvre la voie \u00e0 une meilleure compr\u00e9hension des enjeux li\u00e9s aux m\u00e9dias num\u00e9riques, tout en consolidant les bases d&#8217;une \u00e9thique journalistique et respectueuse des droits et valeurs de la soci\u00e9t\u00e9.<\/p>\n","protected":false},"excerpt":{"rendered":"<p>Jeudi soir, la ville d&#8217;Atar a \u00e9t\u00e9 le th\u00e9\u00e2tre d&#8217;un \u00e9v\u00e9nement marquant : le lancement d&#8217;un atelier de sensibilisation sur les m\u00e9dias num\u00e9riques et les r\u00e9seaux sociaux, organis\u00e9 sous le th\u00e8me \u00ab Consolider la libert\u00e9 d&#8217;expression et renforcer l\u2019\u00e9thique professionnelle \u00bb. Cet atelier, pr\u00e9sid\u00e9 par M. El Alem Chemed, directeur de cabinet du wali de&#8230;..<\/p>\n","protected":false},"author":12,"featured_media":24211,"comment_status":"open","ping_status":"open","sticky":false,"template":"","format":"standard","meta":{"footnotes":""},"categories":[23,55],"tags":[],"class_list":["post-24210","post","type-post","status-publish","format-standard","has-post-thumbnail","hentry","category-actualite","category-culture"],"yoast_head":"<!-- This site is optimized with the Yoast SEO plugin v27.5 - https:\/\/yoast.com\/product\/yoast-seo-wordpress\/ -->\n<title>Atelier sur les m\u00e9dias num\u00e9riques \u00e0 Atar : Promouvoir la libert\u00e9 d&#039;expression et l&#039;\u00e9thique professionnelle - Le Quotidien de Nouakchott<\/title>\n<meta name=\"robots\" content=\"index, follow, max-snippet:-1, max-image-preview:large, max-video-preview:-1\" \/>\n<link rel=\"canonical\" href=\"https:\/\/lequotidien.mr\/?p=24210&lang=fr\" \/>\n<meta property=\"og:locale\" content=\"ar_AR\" \/>\n<meta property=\"og:type\" content=\"article\" \/>\n<meta property=\"og:title\" content=\"Atelier sur les m\u00e9dias num\u00e9riques \u00e0 Atar : Promouvoir la libert\u00e9 d&#039;expression et l&#039;\u00e9thique professionnelle - Le Quotidien de Nouakchott\" \/>\n<meta property=\"og:description\" content=\"Jeudi soir, la ville d&#8217;Atar a \u00e9t\u00e9 le th\u00e9\u00e2tre d&#8217;un \u00e9v\u00e9nement marquant : le lancement d&#8217;un atelier de sensibilisation sur les m\u00e9dias num\u00e9riques et les r\u00e9seaux sociaux, organis\u00e9 sous le th\u00e8me \u00ab Consolider la libert\u00e9 d&#8217;expression et renforcer l\u2019\u00e9thique professionnelle \u00bb. Cet atelier, pr\u00e9sid\u00e9 par M. El Alem Chemed, directeur de cabinet du wali de.....\" \/>\n<meta property=\"og:url\" content=\"https:\/\/lequotidien.mr\/?p=24210&amp;lang=fr\" \/>\n<meta property=\"og:site_name\" content=\"Le Quotidien de Nouakchott\" \/>\n<meta property=\"article:publisher\" content=\"https:\/\/web.facebook.com\/lequotidienmr\" \/>\n<meta property=\"article:published_time\" content=\"2025-01-03T22:03:19+00:00\" \/>\n<meta property=\"og:image\" content=\"https:\/\/lequotidien.mr\/wp-content\/uploads\/2025\/01\/photo-atelier-medias-Atar.jpg\" \/>\n\t<meta property=\"og:image:width\" content=\"498\" \/>\n\t<meta property=\"og:image:height\" content=\"368\" \/>\n\t<meta property=\"og:image:type\" content=\"image\/jpeg\" \/>\n<meta name=\"author\" content=\"Med Ahmed\" \/>\n<meta name=\"twitter:card\" content=\"summary_large_image\" \/>\n<meta name=\"twitter:creator\" content=\"@lequotidienmr\" \/>\n<meta name=\"twitter:site\" content=\"@lequotidienmr\" \/>\n<meta name=\"twitter:label1\" content=\"\u0643\u064f\u062a\u0628 \u0628\u0648\u0627\u0633\u0637\u0629\" \/>\n\t<meta name=\"twitter:data1\" content=\"Med Ahmed\" \/>\n\t<meta name=\"twitter:label2\" content=\"\u0648\u0642\u062a \u0627\u0644\u0642\u0631\u0627\u0621\u0629 \u0627\u0644\u0645\u064f\u0642\u062f\u0651\u0631\" \/>\n\t<meta name=\"twitter:data2\" content=\"3 \u062f\u0642\u0627\u0626\u0642\" \/>\n<script type=\"application\/ld+json\" class=\"yoast-schema-graph\">{\"@context\":\"https:\\\/\\\/schema.org\",\"@graph\":[{\"@type\":\"Article\",\"@id\":\"https:\\\/\\\/lequotidien.mr\\\/?p=24210&lang=fr#article\",\"isPartOf\":{\"@id\":\"https:\\\/\\\/lequotidien.mr\\\/?p=24210&lang=fr\"},\"author\":{\"name\":\"Med Ahmed\",\"@id\":\"https:\\\/\\\/lequotidien.mr\\\/#\\\/schema\\\/person\\\/d2d350202a4d599685ed8abc25f97596\"},\"headline\":\"Atelier sur les m\u00e9dias num\u00e9riques \u00e0 Atar : Promouvoir la libert\u00e9 d&#8217;expression et l&#8217;\u00e9thique professionnelle\",\"datePublished\":\"2025-01-03T22:03:19+00:00\",\"mainEntityOfPage\":{\"@id\":\"https:\\\/\\\/lequotidien.mr\\\/?p=24210&lang=fr\"},\"wordCount\":624,\"commentCount\":0,\"publisher\":{\"@id\":\"https:\\\/\\\/lequotidien.mr\\\/#organization\"},\"image\":{\"@id\":\"https:\\\/\\\/lequotidien.mr\\\/?p=24210&lang=fr#primaryimage\"},\"thumbnailUrl\":\"https:\\\/\\\/lequotidien.mr\\\/wp-content\\\/uploads\\\/2025\\\/01\\\/photo-atelier-medias-Atar.jpg\",\"articleSection\":[\"ACTUALIT\u00c9\",\"Culture\"],\"inLanguage\":\"ar\",\"potentialAction\":[{\"@type\":\"CommentAction\",\"name\":\"Comment\",\"target\":[\"https:\\\/\\\/lequotidien.mr\\\/?p=24210&lang=fr#respond\"]}]},{\"@type\":\"WebPage\",\"@id\":\"https:\\\/\\\/lequotidien.mr\\\/?p=24210&lang=fr\",\"url\":\"https:\\\/\\\/lequotidien.mr\\\/?p=24210&lang=fr\",\"name\":\"Atelier sur les m\u00e9dias num\u00e9riques \u00e0 Atar : Promouvoir la libert\u00e9 d'expression et l'\u00e9thique professionnelle - Le Quotidien de Nouakchott\",\"isPartOf\":{\"@id\":\"https:\\\/\\\/lequotidien.mr\\\/#website\"},\"primaryImageOfPage\":{\"@id\":\"https:\\\/\\\/lequotidien.mr\\\/?p=24210&lang=fr#primaryimage\"},\"image\":{\"@id\":\"https:\\\/\\\/lequotidien.mr\\\/?p=24210&lang=fr#primaryimage\"},\"thumbnailUrl\":\"https:\\\/\\\/lequotidien.mr\\\/wp-content\\\/uploads\\\/2025\\\/01\\\/photo-atelier-medias-Atar.jpg\",\"datePublished\":\"2025-01-03T22:03:19+00:00\",\"breadcrumb\":{\"@id\":\"https:\\\/\\\/lequotidien.mr\\\/?p=24210&lang=fr#breadcrumb\"},\"inLanguage\":\"ar\",\"potentialAction\":[{\"@type\":\"ReadAction\",\"target\":[\"https:\\\/\\\/lequotidien.mr\\\/?p=24210&lang=fr\"]}]},{\"@type\":\"ImageObject\",\"inLanguage\":\"ar\",\"@id\":\"https:\\\/\\\/lequotidien.mr\\\/?p=24210&lang=fr#primaryimage\",\"url\":\"https:\\\/\\\/lequotidien.mr\\\/wp-content\\\/uploads\\\/2025\\\/01\\\/photo-atelier-medias-Atar.jpg\",\"contentUrl\":\"https:\\\/\\\/lequotidien.mr\\\/wp-content\\\/uploads\\\/2025\\\/01\\\/photo-atelier-medias-Atar.jpg\",\"width\":498,\"height\":368},{\"@type\":\"BreadcrumbList\",\"@id\":\"https:\\\/\\\/lequotidien.mr\\\/?p=24210&lang=fr#breadcrumb\",\"itemListElement\":[{\"@type\":\"ListItem\",\"position\":1,\"name\":\"Home\",\"item\":\"https:\\\/\\\/lequotidien.mr\\\/\"},{\"@type\":\"ListItem\",\"position\":2,\"name\":\"Atelier sur les m\u00e9dias num\u00e9riques \u00e0 Atar : Promouvoir la libert\u00e9 d&#8217;expression et l&#8217;\u00e9thique professionnelle\"}]},{\"@type\":\"WebSite\",\"@id\":\"https:\\\/\\\/lequotidien.mr\\\/#website\",\"url\":\"https:\\\/\\\/lequotidien.mr\\\/\",\"name\":\"Le Quotidien de Nouakchott\",\"description\":\"\u0625\u062e\u0628\u0627\u0631\u064a\u0629 \u0645\u0633\u062a\u0642\u0644\u0629 \u0644\u0644\u0623\u0646\u0628\u0627\u0621 \u0627\u0644\u0639\u0627\u0645\u0629\",\"publisher\":{\"@id\":\"https:\\\/\\\/lequotidien.mr\\\/#organization\"},\"potentialAction\":[{\"@type\":\"SearchAction\",\"target\":{\"@type\":\"EntryPoint\",\"urlTemplate\":\"https:\\\/\\\/lequotidien.mr\\\/?s={search_term_string}\"},\"query-input\":{\"@type\":\"PropertyValueSpecification\",\"valueRequired\":true,\"valueName\":\"search_term_string\"}}],\"inLanguage\":\"ar\"},{\"@type\":\"Organization\",\"@id\":\"https:\\\/\\\/lequotidien.mr\\\/#organization\",\"name\":\"Le Quotidien de Nouakchott\",\"url\":\"https:\\\/\\\/lequotidien.mr\\\/\",\"logo\":{\"@type\":\"ImageObject\",\"inLanguage\":\"ar\",\"@id\":\"https:\\\/\\\/lequotidien.mr\\\/#\\\/schema\\\/logo\\\/image\\\/\",\"url\":\"https:\\\/\\\/lequotidien.mr\\\/wp-content\\\/uploads\\\/2022\\\/11\\\/logolequotidien.jpg\",\"contentUrl\":\"https:\\\/\\\/lequotidien.mr\\\/wp-content\\\/uploads\\\/2022\\\/11\\\/logolequotidien.jpg\",\"width\":290,\"height\":65,\"caption\":\"Le Quotidien de Nouakchott\"},\"image\":{\"@id\":\"https:\\\/\\\/lequotidien.mr\\\/#\\\/schema\\\/logo\\\/image\\\/\"},\"sameAs\":[\"https:\\\/\\\/web.facebook.com\\\/lequotidienmr\",\"https:\\\/\\\/x.com\\\/lequotidienmr\"]},{\"@type\":\"Person\",\"@id\":\"https:\\\/\\\/lequotidien.mr\\\/#\\\/schema\\\/person\\\/d2d350202a4d599685ed8abc25f97596\",\"name\":\"Med Ahmed\",\"image\":{\"@type\":\"ImageObject\",\"inLanguage\":\"ar\",\"@id\":\"https:\\\/\\\/secure.gravatar.com\\\/avatar\\\/fd2acc62ed50732923d1d39c17172c9b04149f142be92310ecc69e1358f94b52?s=96&d=mm&r=g\",\"url\":\"https:\\\/\\\/secure.gravatar.com\\\/avatar\\\/fd2acc62ed50732923d1d39c17172c9b04149f142be92310ecc69e1358f94b52?s=96&d=mm&r=g\",\"contentUrl\":\"https:\\\/\\\/secure.gravatar.com\\\/avatar\\\/fd2acc62ed50732923d1d39c17172c9b04149f142be92310ecc69e1358f94b52?s=96&d=mm&r=g\",\"caption\":\"Med Ahmed\"},\"url\":\"https:\\\/\\\/lequotidien.mr\\\/?author=12\"}]}<\/script>\n<!-- \/ Yoast SEO plugin. -->","yoast_head_json":{"title":"Atelier sur les m\u00e9dias num\u00e9riques \u00e0 Atar : Promouvoir la libert\u00e9 d'expression et l'\u00e9thique professionnelle - Le Quotidien de Nouakchott","robots":{"index":"index","follow":"follow","max-snippet":"max-snippet:-1","max-image-preview":"max-image-preview:large","max-video-preview":"max-video-preview:-1"},"canonical":"https:\/\/lequotidien.mr\/?p=24210&lang=fr","og_locale":"ar_AR","og_type":"article","og_title":"Atelier sur les m\u00e9dias num\u00e9riques \u00e0 Atar : Promouvoir la libert\u00e9 d'expression et l'\u00e9thique professionnelle - Le Quotidien de Nouakchott","og_description":"Jeudi soir, la ville d&#8217;Atar a \u00e9t\u00e9 le th\u00e9\u00e2tre d&#8217;un \u00e9v\u00e9nement marquant : le lancement d&#8217;un atelier de sensibilisation sur les m\u00e9dias num\u00e9riques et les r\u00e9seaux sociaux, organis\u00e9 sous le th\u00e8me \u00ab Consolider la libert\u00e9 d&#8217;expression et renforcer l\u2019\u00e9thique professionnelle \u00bb. Cet atelier, pr\u00e9sid\u00e9 par M. El Alem Chemed, directeur de cabinet du wali de.....","og_url":"https:\/\/lequotidien.mr\/?p=24210&lang=fr","og_site_name":"Le Quotidien de Nouakchott","article_publisher":"https:\/\/web.facebook.com\/lequotidienmr","article_published_time":"2025-01-03T22:03:19+00:00","og_image":[{"width":498,"height":368,"url":"https:\/\/lequotidien.mr\/wp-content\/uploads\/2025\/01\/photo-atelier-medias-Atar.jpg","type":"image\/jpeg"}],"author":"Med Ahmed","twitter_card":"summary_large_image","twitter_creator":"@lequotidienmr","twitter_site":"@lequotidienmr","twitter_misc":{"\u0643\u064f\u062a\u0628 \u0628\u0648\u0627\u0633\u0637\u0629":"Med Ahmed","\u0648\u0642\u062a \u0627\u0644\u0642\u0631\u0627\u0621\u0629 \u0627\u0644\u0645\u064f\u0642\u062f\u0651\u0631":"3 \u062f\u0642\u0627\u0626\u0642"},"schema":{"@context":"https:\/\/schema.org","@graph":[{"@type":"Article","@id":"https:\/\/lequotidien.mr\/?p=24210&lang=fr#article","isPartOf":{"@id":"https:\/\/lequotidien.mr\/?p=24210&lang=fr"},"author":{"name":"Med Ahmed","@id":"https:\/\/lequotidien.mr\/#\/schema\/person\/d2d350202a4d599685ed8abc25f97596"},"headline":"Atelier sur les m\u00e9dias num\u00e9riques \u00e0 Atar : Promouvoir la libert\u00e9 d&#8217;expression et l&#8217;\u00e9thique professionnelle","datePublished":"2025-01-03T22:03:19+00:00","mainEntityOfPage":{"@id":"https:\/\/lequotidien.mr\/?p=24210&lang=fr"},"wordCount":624,"commentCount":0,"publisher":{"@id":"https:\/\/lequotidien.mr\/#organization"},"image":{"@id":"https:\/\/lequotidien.mr\/?p=24210&lang=fr#primaryimage"},"thumbnailUrl":"https:\/\/lequotidien.mr\/wp-content\/uploads\/2025\/01\/photo-atelier-medias-Atar.jpg","articleSection":["ACTUALIT\u00c9","Culture"],"inLanguage":"ar","potentialAction":[{"@type":"CommentAction","name":"Comment","target":["https:\/\/lequotidien.mr\/?p=24210&lang=fr#respond"]}]},{"@type":"WebPage","@id":"https:\/\/lequotidien.mr\/?p=24210&lang=fr","url":"https:\/\/lequotidien.mr\/?p=24210&lang=fr","name":"Atelier sur les m\u00e9dias num\u00e9riques \u00e0 Atar : Promouvoir la libert\u00e9 d'expression et l'\u00e9thique professionnelle - Le Quotidien de Nouakchott","isPartOf":{"@id":"https:\/\/lequotidien.mr\/#website"},"primaryImageOfPage":{"@id":"https:\/\/lequotidien.mr\/?p=24210&lang=fr#primaryimage"},"image":{"@id":"https:\/\/lequotidien.mr\/?p=24210&lang=fr#primaryimage"},"thumbnailUrl":"https:\/\/lequotidien.mr\/wp-content\/uploads\/2025\/01\/photo-atelier-medias-Atar.jpg","datePublished":"2025-01-03T22:03:19+00:00","breadcrumb":{"@id":"https:\/\/lequotidien.mr\/?p=24210&lang=fr#breadcrumb"},"inLanguage":"ar","potentialAction":[{"@type":"ReadAction","target":["https:\/\/lequotidien.mr\/?p=24210&lang=fr"]}]},{"@type":"ImageObject","inLanguage":"ar","@id":"https:\/\/lequotidien.mr\/?p=24210&lang=fr#primaryimage","url":"https:\/\/lequotidien.mr\/wp-content\/uploads\/2025\/01\/photo-atelier-medias-Atar.jpg","contentUrl":"https:\/\/lequotidien.mr\/wp-content\/uploads\/2025\/01\/photo-atelier-medias-Atar.jpg","width":498,"height":368},{"@type":"BreadcrumbList","@id":"https:\/\/lequotidien.mr\/?p=24210&lang=fr#breadcrumb","itemListElement":[{"@type":"ListItem","position":1,"name":"Home","item":"https:\/\/lequotidien.mr\/"},{"@type":"ListItem","position":2,"name":"Atelier sur les m\u00e9dias num\u00e9riques \u00e0 Atar : Promouvoir la libert\u00e9 d&#8217;expression et l&#8217;\u00e9thique professionnelle"}]},{"@type":"WebSite","@id":"https:\/\/lequotidien.mr\/#website","url":"https:\/\/lequotidien.mr\/","name":"Le Quotidien de Nouakchott","description":"\u0625\u062e\u0628\u0627\u0631\u064a\u0629 \u0645\u0633\u062a\u0642\u0644\u0629 \u0644\u0644\u0623\u0646\u0628\u0627\u0621 \u0627\u0644\u0639\u0627\u0645\u0629","publisher":{"@id":"https:\/\/lequotidien.mr\/#organization"},"potentialAction":[{"@type":"SearchAction","target":{"@type":"EntryPoint","urlTemplate":"https:\/\/lequotidien.mr\/?s={search_term_string}"},"query-input":{"@type":"PropertyValueSpecification","valueRequired":true,"valueName":"search_term_string"}}],"inLanguage":"ar"},{"@type":"Organization","@id":"https:\/\/lequotidien.mr\/#organization","name":"Le Quotidien de Nouakchott","url":"https:\/\/lequotidien.mr\/","logo":{"@type":"ImageObject","inLanguage":"ar","@id":"https:\/\/lequotidien.mr\/#\/schema\/logo\/image\/","url":"https:\/\/lequotidien.mr\/wp-content\/uploads\/2022\/11\/logolequotidien.jpg","contentUrl":"https:\/\/lequotidien.mr\/wp-content\/uploads\/2022\/11\/logolequotidien.jpg","width":290,"height":65,"caption":"Le Quotidien de Nouakchott"},"image":{"@id":"https:\/\/lequotidien.mr\/#\/schema\/logo\/image\/"},"sameAs":["https:\/\/web.facebook.com\/lequotidienmr","https:\/\/x.com\/lequotidienmr"]},{"@type":"Person","@id":"https:\/\/lequotidien.mr\/#\/schema\/person\/d2d350202a4d599685ed8abc25f97596","name":"Med Ahmed","image":{"@type":"ImageObject","inLanguage":"ar","@id":"https:\/\/secure.gravatar.com\/avatar\/fd2acc62ed50732923d1d39c17172c9b04149f142be92310ecc69e1358f94b52?s=96&d=mm&r=g","url":"https:\/\/secure.gravatar.com\/avatar\/fd2acc62ed50732923d1d39c17172c9b04149f142be92310ecc69e1358f94b52?s=96&d=mm&r=g","contentUrl":"https:\/\/secure.gravatar.com\/avatar\/fd2acc62ed50732923d1d39c17172c9b04149f142be92310ecc69e1358f94b52?s=96&d=mm&r=g","caption":"Med Ahmed"},"url":"https:\/\/lequotidien.mr\/?author=12"}]}},"_links":{"self":[{"href":"https:\/\/lequotidien.mr\/index.php?rest_route=\/wp\/v2\/posts\/24210","targetHints":{"allow":["GET"]}}],"collection":[{"href":"https:\/\/lequotidien.mr\/index.php?rest_route=\/wp\/v2\/posts"}],"about":[{"href":"https:\/\/lequotidien.mr\/index.php?rest_route=\/wp\/v2\/types\/post"}],"author":[{"embeddable":true,"href":"https:\/\/lequotidien.mr\/index.php?rest_route=\/wp\/v2\/users\/12"}],"replies":[{"embeddable":true,"href":"https:\/\/lequotidien.mr\/index.php?rest_route=%2Fwp%2Fv2%2Fcomments&post=24210"}],"version-history":[{"count":1,"href":"https:\/\/lequotidien.mr\/index.php?rest_route=\/wp\/v2\/posts\/24210\/revisions"}],"predecessor-version":[{"id":24212,"href":"https:\/\/lequotidien.mr\/index.php?rest_route=\/wp\/v2\/posts\/24210\/revisions\/24212"}],"wp:featuredmedia":[{"embeddable":true,"href":"https:\/\/lequotidien.mr\/index.php?rest_route=\/wp\/v2\/media\/24211"}],"wp:attachment":[{"href":"https:\/\/lequotidien.mr\/index.php?rest_route=%2Fwp%2Fv2%2Fmedia&parent=24210"}],"wp:term":[{"taxonomy":"category","embeddable":true,"href":"https:\/\/lequotidien.mr\/index.php?rest_route=%2Fwp%2Fv2%2Fcategories&post=24210"},{"taxonomy":"post_tag","embeddable":true,"href":"https:\/\/lequotidien.mr\/index.php?rest_route=%2Fwp%2Fv2%2Ftags&post=24210"}],"curies":[{"name":"wp","href":"https:\/\/api.w.org\/{rel}","templated":true}]}}