{"id":24207,"date":"2025-01-03T21:24:30","date_gmt":"2025-01-03T21:24:30","guid":{"rendered":"https:\/\/lequotidien.mr\/?p=24207"},"modified":"2025-01-03T21:24:30","modified_gmt":"2025-01-03T21:24:30","slug":"lancement-des-missions-ministerielles-une-nouvelle-approche-pour-identifier-les-priorites-de-developpement-dans-les-wilayas-de-linterieur-du-pays","status":"publish","type":"post","link":"https:\/\/lequotidien.mr\/?p=24207&lang=fr","title":{"rendered":"Lancement des missions minist\u00e9rielles : Une nouvelle approche pour identifier les priorit\u00e9s de d\u00e9veloppement dans les Wilayas de l\u2019int\u00e9rieur du pays"},"content":{"rendered":"<p>Jeudi dernier, le Premier ministre Mokhtar Diay a donn\u00e9 le coup d\u2019envoi officiel des missions minist\u00e9rielles de haut niveau, un projet novateur visant \u00e0 identifier les priorit\u00e9s de d\u00e9veloppement dans les wilayas de l\u2019int\u00e9rieur. Cette initiative d\u00e9coule directement des instructions du Pr\u00e9sident de la R\u00e9publique, Mohamed Cheikh El Ghazouani, et s\u2019inscrit dans une d\u00e9marche participative et inclusive.<\/p>\n<p><strong>Une vision participative pour le d\u00e9veloppement<\/strong><\/p>\n<p>Le Premier ministre a exprim\u00e9 son enthousiasme pour ces missions, qui permettront d\u2019organiser des forums r\u00e9gionaux d\u00e9di\u00e9s \u00e0 la planification participative du d\u00e9veloppement. Ces forums donneront une voix aux citoyens \u00e0 travers leurs repr\u00e9sentants locaux, offrant ainsi une opportunit\u00e9 unique de prioriser les besoins r\u00e9els des populations.<\/p>\n<p>Lors de son discours, le Premier ministre a rappel\u00e9 l\u2019engagement du Pr\u00e9sident de la R\u00e9publique envers les citoyens. Ce dernier, lors de sa tourn\u00e9e pr\u00e9-\u00e9lectorale, avait observ\u00e9 de pr\u00e8s les d\u00e9fis rencontr\u00e9s dans de nombreuses wilayas, tels que la raret\u00e9 de l\u2019eau potable, les d\u00e9ficiences en \u00e9lectricit\u00e9 et communications, ainsi que l\u2019isolement d\u00fb \u00e0 un r\u00e9seau routier inad\u00e9quat. Ces missions minist\u00e9rielles visent donc \u00e0 transformer ces constats en actions concr\u00e8tes.<\/p>\n<p>C<strong>oh\u00e9sion sociale et services de base<\/strong><\/p>\n<p>Parmi les sujets abord\u00e9s lors des missions, la <strong>coh\u00e9sion sociale<\/strong> et l\u2019unit\u00e9 nationale occupent une place centrale. Le Premier ministre a insist\u00e9 sur la n\u00e9cessit\u00e9 de renforcer les valeurs r\u00e9publicaines et de lutter contre les divisions sectaires et factionnelles. Ce th\u00e8me, cher au Pr\u00e9sident de la R\u00e9publique, doit \u00eatre mis en avant dans les discussions avec les \u00e9lus et les autorit\u00e9s locales.<\/p>\n<p>Les <strong>services de base<\/strong> repr\u00e9sentent \u00e9galement une priorit\u00e9. Le gouvernement a r\u00e9cemment pris des mesures pour stabiliser les prix des produits essentiels, tels que le riz, le sucre, l\u2019huile et le ciment, en collaboration avec les f\u00e9d\u00e9rations de commerce. Ces initiatives visent \u00e0 am\u00e9liorer les conditions de vie des citoyens et seront discut\u00e9es lors des rencontres locales.<\/p>\n<p><strong>Mise en valeur des ressources locales<\/strong><\/p>\n<p>Les missions se concentreront aussi sur l\u2019exploitation des opportunit\u00e9s \u00e9conomiques locales, notamment dans les secteurs de l\u2019agriculture, de l\u2019\u00e9levage et de la p\u00eache. Le Premier ministre a rappel\u00e9 que les autorit\u00e9s administratives, avec le soutien des \u00e9lus et des citoyens, ont un r\u00f4le crucial \u00e0 jouer dans l\u2019application des politiques \u00e9conomiques.<\/p>\n<p><strong>Focus sur l\u2019\u00e9ducation et la sant\u00e9<\/strong><\/p>\n<p>Un accent particulier sera mis sur l\u2019\u00e9ducation, reconnue comme un pilier fondamental du d\u00e9veloppement. Le gouvernement a r\u00e9cemment renforc\u00e9 les capacit\u00e9s des \u00e9coles en personnel et en infrastructures sanitaires pour garantir un cadre \u00e9ducatif optimal. Ces efforts seront \u00e9valu\u00e9s et discut\u00e9s pour assurer leur efficacit\u00e9 \u00e0 long terme.<\/p>\n<p>Dans le domaine de la sant\u00e9, les missions devront identifier les besoins urgents et travailler sur des solutions durables pour am\u00e9liorer les conditions sanitaires des citoyens.<\/p>\n<p><strong>Urbanisation et litiges fonciers<\/strong><\/p>\n<p>L\u2019urbanisation anarchique et les litiges fonciers sont deux probl\u00e9matiques majeures abord\u00e9es par les missions. Le Premier ministre a insist\u00e9 sur la n\u00e9cessit\u00e9 d\u2019\u00e9tablir des plans modernes et de regrouper les localit\u00e9s pour optimiser les services et infrastructures. Il a \u00e9galement soulign\u00e9 l\u2019importance de r\u00e9soudre les litiges fonciers, qui freinent souvent le d\u00e9veloppement local.<\/p>\n<p>Les missions minist\u00e9rielles auront pour mission de recueillir les priorit\u00e9s sp\u00e9cifiques de chaque commune dans des domaines cl\u00e9s tels que la sant\u00e9, l\u2019\u00e9ducation, l\u2019eau, l\u2019\u00e9lectricit\u00e9 et l\u2019agriculture. Ces donn\u00e9es seront compil\u00e9es dans des rapports qui serviront \u00e0 \u00e9laborer des plans de d\u00e9veloppement sur les trois prochaines ann\u00e9es.<\/p>\n<p>Le Premier ministre a conclu en insistant sur l\u2019importance d\u2019une consultation large et inclusive, incluant les \u00e9lus, les acteurs soci\u00e9taux et politiques, pour garantir une vision exhaustive des besoins locaux. Ce processus participatif refl\u00e8te l\u2019engagement du gouvernement envers un d\u00e9veloppement \u00e9quilibr\u00e9 et \u00e9quitable dans toutes les wilayas de l\u2019int\u00e9rieur.<\/p>\n<p>En somme, le lancement de ces missions marque une \u00e9tape cruciale dans la strat\u00e9gie de d\u00e9veloppement du pays, offrant l\u2019espoir d\u2019une am\u00e9lioration significative des conditions de vie des citoyens dans les r\u00e9gions les plus recul\u00e9es.<\/p>\n","protected":false},"excerpt":{"rendered":"<p>Jeudi dernier, le Premier ministre Mokhtar Diay a donn\u00e9 le coup d\u2019envoi officiel des missions minist\u00e9rielles de haut niveau, un projet novateur visant \u00e0 identifier les priorit\u00e9s de d\u00e9veloppement dans les wilayas de l\u2019int\u00e9rieur. Cette initiative d\u00e9coule directement des instructions du Pr\u00e9sident de la R\u00e9publique, Mohamed Cheikh El Ghazouani, et s\u2019inscrit dans une d\u00e9marche participative&#8230;..<\/p>\n","protected":false},"author":12,"featured_media":24208,"comment_status":"open","ping_status":"open","sticky":false,"template":"","format":"standard","meta":{"footnotes":""},"categories":[23,49],"tags":[],"class_list":["post-24207","post","type-post","status-publish","format-standard","has-post-thumbnail","hentry","category-actualite","category-economie"],"yoast_head":"<!-- This site is optimized with the Yoast SEO plugin v27.5 - https:\/\/yoast.com\/product\/yoast-seo-wordpress\/ -->\n<title>Lancement des missions minist\u00e9rielles : Une nouvelle approche pour identifier les priorit\u00e9s de d\u00e9veloppement dans les Wilayas de l\u2019int\u00e9rieur du pays - Le Quotidien de Nouakchott<\/title>\n<meta name=\"robots\" content=\"index, follow, max-snippet:-1, max-image-preview:large, max-video-preview:-1\" \/>\n<link rel=\"canonical\" href=\"https:\/\/lequotidien.mr\/?p=24207&lang=fr\" \/>\n<meta property=\"og:locale\" content=\"ar_AR\" \/>\n<meta property=\"og:type\" content=\"article\" \/>\n<meta property=\"og:title\" content=\"Lancement des missions minist\u00e9rielles : Une nouvelle approche pour identifier les priorit\u00e9s de d\u00e9veloppement dans les Wilayas de l\u2019int\u00e9rieur du pays - Le Quotidien de Nouakchott\" \/>\n<meta property=\"og:description\" content=\"Jeudi dernier, le Premier ministre Mokhtar Diay a donn\u00e9 le coup d\u2019envoi officiel des missions minist\u00e9rielles de haut niveau, un projet novateur visant \u00e0 identifier les priorit\u00e9s de d\u00e9veloppement dans les wilayas de l\u2019int\u00e9rieur. Cette initiative d\u00e9coule directement des instructions du Pr\u00e9sident de la R\u00e9publique, Mohamed Cheikh El Ghazouani, et s\u2019inscrit dans une d\u00e9marche participative.....\" \/>\n<meta property=\"og:url\" content=\"https:\/\/lequotidien.mr\/?p=24207&amp;lang=fr\" \/>\n<meta property=\"og:site_name\" content=\"Le Quotidien de Nouakchott\" \/>\n<meta property=\"article:publisher\" content=\"https:\/\/web.facebook.com\/lequotidienmr\" \/>\n<meta property=\"article:published_time\" content=\"2025-01-03T21:24:30+00:00\" \/>\n<meta property=\"og:image\" content=\"https:\/\/lequotidien.mr\/wp-content\/uploads\/2025\/01\/photo-PM-forums-regionaux.jpg\" \/>\n\t<meta property=\"og:image:width\" content=\"715\" \/>\n\t<meta property=\"og:image:height\" content=\"403\" \/>\n\t<meta property=\"og:image:type\" content=\"image\/jpeg\" \/>\n<meta name=\"author\" content=\"Med Ahmed\" \/>\n<meta name=\"twitter:card\" content=\"summary_large_image\" \/>\n<meta name=\"twitter:creator\" content=\"@lequotidienmr\" \/>\n<meta name=\"twitter:site\" content=\"@lequotidienmr\" \/>\n<meta name=\"twitter:label1\" content=\"\u0643\u064f\u062a\u0628 \u0628\u0648\u0627\u0633\u0637\u0629\" \/>\n\t<meta name=\"twitter:data1\" content=\"Med Ahmed\" \/>\n\t<meta name=\"twitter:label2\" content=\"\u0648\u0642\u062a \u0627\u0644\u0642\u0631\u0627\u0621\u0629 \u0627\u0644\u0645\u064f\u0642\u062f\u0651\u0631\" \/>\n\t<meta name=\"twitter:data2\" content=\"4 \u062f\u0642\u0627\u0626\u0642\" \/>\n<script type=\"application\/ld+json\" class=\"yoast-schema-graph\">{\"@context\":\"https:\\\/\\\/schema.org\",\"@graph\":[{\"@type\":\"Article\",\"@id\":\"https:\\\/\\\/lequotidien.mr\\\/?p=24207&lang=fr#article\",\"isPartOf\":{\"@id\":\"https:\\\/\\\/lequotidien.mr\\\/?p=24207&lang=fr\"},\"author\":{\"name\":\"Med Ahmed\",\"@id\":\"https:\\\/\\\/lequotidien.mr\\\/#\\\/schema\\\/person\\\/d2d350202a4d599685ed8abc25f97596\"},\"headline\":\"Lancement des missions minist\u00e9rielles : Une nouvelle approche pour identifier les priorit\u00e9s de d\u00e9veloppement dans les Wilayas de l\u2019int\u00e9rieur du pays\",\"datePublished\":\"2025-01-03T21:24:30+00:00\",\"mainEntityOfPage\":{\"@id\":\"https:\\\/\\\/lequotidien.mr\\\/?p=24207&lang=fr\"},\"wordCount\":750,\"commentCount\":0,\"publisher\":{\"@id\":\"https:\\\/\\\/lequotidien.mr\\\/#organization\"},\"image\":{\"@id\":\"https:\\\/\\\/lequotidien.mr\\\/?p=24207&lang=fr#primaryimage\"},\"thumbnailUrl\":\"https:\\\/\\\/lequotidien.mr\\\/wp-content\\\/uploads\\\/2025\\\/01\\\/photo-PM-forums-regionaux.jpg\",\"articleSection\":[\"ACTUALIT\u00c9\",\"Economie\"],\"inLanguage\":\"ar\",\"potentialAction\":[{\"@type\":\"CommentAction\",\"name\":\"Comment\",\"target\":[\"https:\\\/\\\/lequotidien.mr\\\/?p=24207&lang=fr#respond\"]}]},{\"@type\":\"WebPage\",\"@id\":\"https:\\\/\\\/lequotidien.mr\\\/?p=24207&lang=fr\",\"url\":\"https:\\\/\\\/lequotidien.mr\\\/?p=24207&lang=fr\",\"name\":\"Lancement des missions minist\u00e9rielles : Une nouvelle approche pour identifier les priorit\u00e9s de d\u00e9veloppement dans les Wilayas de l\u2019int\u00e9rieur du pays - Le Quotidien de Nouakchott\",\"isPartOf\":{\"@id\":\"https:\\\/\\\/lequotidien.mr\\\/#website\"},\"primaryImageOfPage\":{\"@id\":\"https:\\\/\\\/lequotidien.mr\\\/?p=24207&lang=fr#primaryimage\"},\"image\":{\"@id\":\"https:\\\/\\\/lequotidien.mr\\\/?p=24207&lang=fr#primaryimage\"},\"thumbnailUrl\":\"https:\\\/\\\/lequotidien.mr\\\/wp-content\\\/uploads\\\/2025\\\/01\\\/photo-PM-forums-regionaux.jpg\",\"datePublished\":\"2025-01-03T21:24:30+00:00\",\"breadcrumb\":{\"@id\":\"https:\\\/\\\/lequotidien.mr\\\/?p=24207&lang=fr#breadcrumb\"},\"inLanguage\":\"ar\",\"potentialAction\":[{\"@type\":\"ReadAction\",\"target\":[\"https:\\\/\\\/lequotidien.mr\\\/?p=24207&lang=fr\"]}]},{\"@type\":\"ImageObject\",\"inLanguage\":\"ar\",\"@id\":\"https:\\\/\\\/lequotidien.mr\\\/?p=24207&lang=fr#primaryimage\",\"url\":\"https:\\\/\\\/lequotidien.mr\\\/wp-content\\\/uploads\\\/2025\\\/01\\\/photo-PM-forums-regionaux.jpg\",\"contentUrl\":\"https:\\\/\\\/lequotidien.mr\\\/wp-content\\\/uploads\\\/2025\\\/01\\\/photo-PM-forums-regionaux.jpg\",\"width\":715,\"height\":403},{\"@type\":\"BreadcrumbList\",\"@id\":\"https:\\\/\\\/lequotidien.mr\\\/?p=24207&lang=fr#breadcrumb\",\"itemListElement\":[{\"@type\":\"ListItem\",\"position\":1,\"name\":\"Home\",\"item\":\"https:\\\/\\\/lequotidien.mr\\\/\"},{\"@type\":\"ListItem\",\"position\":2,\"name\":\"Lancement des missions minist\u00e9rielles : Une nouvelle approche pour identifier les priorit\u00e9s de d\u00e9veloppement dans les Wilayas de l\u2019int\u00e9rieur du pays\"}]},{\"@type\":\"WebSite\",\"@id\":\"https:\\\/\\\/lequotidien.mr\\\/#website\",\"url\":\"https:\\\/\\\/lequotidien.mr\\\/\",\"name\":\"Le Quotidien de Nouakchott\",\"description\":\"\u0625\u062e\u0628\u0627\u0631\u064a\u0629 \u0645\u0633\u062a\u0642\u0644\u0629 \u0644\u0644\u0623\u0646\u0628\u0627\u0621 \u0627\u0644\u0639\u0627\u0645\u0629\",\"publisher\":{\"@id\":\"https:\\\/\\\/lequotidien.mr\\\/#organization\"},\"potentialAction\":[{\"@type\":\"SearchAction\",\"target\":{\"@type\":\"EntryPoint\",\"urlTemplate\":\"https:\\\/\\\/lequotidien.mr\\\/?s={search_term_string}\"},\"query-input\":{\"@type\":\"PropertyValueSpecification\",\"valueRequired\":true,\"valueName\":\"search_term_string\"}}],\"inLanguage\":\"ar\"},{\"@type\":\"Organization\",\"@id\":\"https:\\\/\\\/lequotidien.mr\\\/#organization\",\"name\":\"Le Quotidien de Nouakchott\",\"url\":\"https:\\\/\\\/lequotidien.mr\\\/\",\"logo\":{\"@type\":\"ImageObject\",\"inLanguage\":\"ar\",\"@id\":\"https:\\\/\\\/lequotidien.mr\\\/#\\\/schema\\\/logo\\\/image\\\/\",\"url\":\"https:\\\/\\\/lequotidien.mr\\\/wp-content\\\/uploads\\\/2022\\\/11\\\/logolequotidien.jpg\",\"contentUrl\":\"https:\\\/\\\/lequotidien.mr\\\/wp-content\\\/uploads\\\/2022\\\/11\\\/logolequotidien.jpg\",\"width\":290,\"height\":65,\"caption\":\"Le Quotidien de Nouakchott\"},\"image\":{\"@id\":\"https:\\\/\\\/lequotidien.mr\\\/#\\\/schema\\\/logo\\\/image\\\/\"},\"sameAs\":[\"https:\\\/\\\/web.facebook.com\\\/lequotidienmr\",\"https:\\\/\\\/x.com\\\/lequotidienmr\"]},{\"@type\":\"Person\",\"@id\":\"https:\\\/\\\/lequotidien.mr\\\/#\\\/schema\\\/person\\\/d2d350202a4d599685ed8abc25f97596\",\"name\":\"Med Ahmed\",\"image\":{\"@type\":\"ImageObject\",\"inLanguage\":\"ar\",\"@id\":\"https:\\\/\\\/secure.gravatar.com\\\/avatar\\\/fd2acc62ed50732923d1d39c17172c9b04149f142be92310ecc69e1358f94b52?s=96&d=mm&r=g\",\"url\":\"https:\\\/\\\/secure.gravatar.com\\\/avatar\\\/fd2acc62ed50732923d1d39c17172c9b04149f142be92310ecc69e1358f94b52?s=96&d=mm&r=g\",\"contentUrl\":\"https:\\\/\\\/secure.gravatar.com\\\/avatar\\\/fd2acc62ed50732923d1d39c17172c9b04149f142be92310ecc69e1358f94b52?s=96&d=mm&r=g\",\"caption\":\"Med Ahmed\"},\"url\":\"https:\\\/\\\/lequotidien.mr\\\/?author=12\"}]}<\/script>\n<!-- \/ Yoast SEO plugin. -->","yoast_head_json":{"title":"Lancement des missions minist\u00e9rielles : Une nouvelle approche pour identifier les priorit\u00e9s de d\u00e9veloppement dans les Wilayas de l\u2019int\u00e9rieur du pays - Le Quotidien de Nouakchott","robots":{"index":"index","follow":"follow","max-snippet":"max-snippet:-1","max-image-preview":"max-image-preview:large","max-video-preview":"max-video-preview:-1"},"canonical":"https:\/\/lequotidien.mr\/?p=24207&lang=fr","og_locale":"ar_AR","og_type":"article","og_title":"Lancement des missions minist\u00e9rielles : Une nouvelle approche pour identifier les priorit\u00e9s de d\u00e9veloppement dans les Wilayas de l\u2019int\u00e9rieur du pays - Le Quotidien de Nouakchott","og_description":"Jeudi dernier, le Premier ministre Mokhtar Diay a donn\u00e9 le coup d\u2019envoi officiel des missions minist\u00e9rielles de haut niveau, un projet novateur visant \u00e0 identifier les priorit\u00e9s de d\u00e9veloppement dans les wilayas de l\u2019int\u00e9rieur. Cette initiative d\u00e9coule directement des instructions du Pr\u00e9sident de la R\u00e9publique, Mohamed Cheikh El Ghazouani, et s\u2019inscrit dans une d\u00e9marche participative.....","og_url":"https:\/\/lequotidien.mr\/?p=24207&lang=fr","og_site_name":"Le Quotidien de Nouakchott","article_publisher":"https:\/\/web.facebook.com\/lequotidienmr","article_published_time":"2025-01-03T21:24:30+00:00","og_image":[{"width":715,"height":403,"url":"https:\/\/lequotidien.mr\/wp-content\/uploads\/2025\/01\/photo-PM-forums-regionaux.jpg","type":"image\/jpeg"}],"author":"Med Ahmed","twitter_card":"summary_large_image","twitter_creator":"@lequotidienmr","twitter_site":"@lequotidienmr","twitter_misc":{"\u0643\u064f\u062a\u0628 \u0628\u0648\u0627\u0633\u0637\u0629":"Med Ahmed","\u0648\u0642\u062a \u0627\u0644\u0642\u0631\u0627\u0621\u0629 \u0627\u0644\u0645\u064f\u0642\u062f\u0651\u0631":"4 \u062f\u0642\u0627\u0626\u0642"},"schema":{"@context":"https:\/\/schema.org","@graph":[{"@type":"Article","@id":"https:\/\/lequotidien.mr\/?p=24207&lang=fr#article","isPartOf":{"@id":"https:\/\/lequotidien.mr\/?p=24207&lang=fr"},"author":{"name":"Med Ahmed","@id":"https:\/\/lequotidien.mr\/#\/schema\/person\/d2d350202a4d599685ed8abc25f97596"},"headline":"Lancement des missions minist\u00e9rielles : Une nouvelle approche pour identifier les priorit\u00e9s de d\u00e9veloppement dans les Wilayas de l\u2019int\u00e9rieur du pays","datePublished":"2025-01-03T21:24:30+00:00","mainEntityOfPage":{"@id":"https:\/\/lequotidien.mr\/?p=24207&lang=fr"},"wordCount":750,"commentCount":0,"publisher":{"@id":"https:\/\/lequotidien.mr\/#organization"},"image":{"@id":"https:\/\/lequotidien.mr\/?p=24207&lang=fr#primaryimage"},"thumbnailUrl":"https:\/\/lequotidien.mr\/wp-content\/uploads\/2025\/01\/photo-PM-forums-regionaux.jpg","articleSection":["ACTUALIT\u00c9","Economie"],"inLanguage":"ar","potentialAction":[{"@type":"CommentAction","name":"Comment","target":["https:\/\/lequotidien.mr\/?p=24207&lang=fr#respond"]}]},{"@type":"WebPage","@id":"https:\/\/lequotidien.mr\/?p=24207&lang=fr","url":"https:\/\/lequotidien.mr\/?p=24207&lang=fr","name":"Lancement des missions minist\u00e9rielles : Une nouvelle approche pour identifier les priorit\u00e9s de d\u00e9veloppement dans les Wilayas de l\u2019int\u00e9rieur du pays - Le Quotidien de Nouakchott","isPartOf":{"@id":"https:\/\/lequotidien.mr\/#website"},"primaryImageOfPage":{"@id":"https:\/\/lequotidien.mr\/?p=24207&lang=fr#primaryimage"},"image":{"@id":"https:\/\/lequotidien.mr\/?p=24207&lang=fr#primaryimage"},"thumbnailUrl":"https:\/\/lequotidien.mr\/wp-content\/uploads\/2025\/01\/photo-PM-forums-regionaux.jpg","datePublished":"2025-01-03T21:24:30+00:00","breadcrumb":{"@id":"https:\/\/lequotidien.mr\/?p=24207&lang=fr#breadcrumb"},"inLanguage":"ar","potentialAction":[{"@type":"ReadAction","target":["https:\/\/lequotidien.mr\/?p=24207&lang=fr"]}]},{"@type":"ImageObject","inLanguage":"ar","@id":"https:\/\/lequotidien.mr\/?p=24207&lang=fr#primaryimage","url":"https:\/\/lequotidien.mr\/wp-content\/uploads\/2025\/01\/photo-PM-forums-regionaux.jpg","contentUrl":"https:\/\/lequotidien.mr\/wp-content\/uploads\/2025\/01\/photo-PM-forums-regionaux.jpg","width":715,"height":403},{"@type":"BreadcrumbList","@id":"https:\/\/lequotidien.mr\/?p=24207&lang=fr#breadcrumb","itemListElement":[{"@type":"ListItem","position":1,"name":"Home","item":"https:\/\/lequotidien.mr\/"},{"@type":"ListItem","position":2,"name":"Lancement des missions minist\u00e9rielles : Une nouvelle approche pour identifier les priorit\u00e9s de d\u00e9veloppement dans les Wilayas de l\u2019int\u00e9rieur du pays"}]},{"@type":"WebSite","@id":"https:\/\/lequotidien.mr\/#website","url":"https:\/\/lequotidien.mr\/","name":"Le Quotidien de Nouakchott","description":"\u0625\u062e\u0628\u0627\u0631\u064a\u0629 \u0645\u0633\u062a\u0642\u0644\u0629 \u0644\u0644\u0623\u0646\u0628\u0627\u0621 \u0627\u0644\u0639\u0627\u0645\u0629","publisher":{"@id":"https:\/\/lequotidien.mr\/#organization"},"potentialAction":[{"@type":"SearchAction","target":{"@type":"EntryPoint","urlTemplate":"https:\/\/lequotidien.mr\/?s={search_term_string}"},"query-input":{"@type":"PropertyValueSpecification","valueRequired":true,"valueName":"search_term_string"}}],"inLanguage":"ar"},{"@type":"Organization","@id":"https:\/\/lequotidien.mr\/#organization","name":"Le Quotidien de Nouakchott","url":"https:\/\/lequotidien.mr\/","logo":{"@type":"ImageObject","inLanguage":"ar","@id":"https:\/\/lequotidien.mr\/#\/schema\/logo\/image\/","url":"https:\/\/lequotidien.mr\/wp-content\/uploads\/2022\/11\/logolequotidien.jpg","contentUrl":"https:\/\/lequotidien.mr\/wp-content\/uploads\/2022\/11\/logolequotidien.jpg","width":290,"height":65,"caption":"Le Quotidien de Nouakchott"},"image":{"@id":"https:\/\/lequotidien.mr\/#\/schema\/logo\/image\/"},"sameAs":["https:\/\/web.facebook.com\/lequotidienmr","https:\/\/x.com\/lequotidienmr"]},{"@type":"Person","@id":"https:\/\/lequotidien.mr\/#\/schema\/person\/d2d350202a4d599685ed8abc25f97596","name":"Med Ahmed","image":{"@type":"ImageObject","inLanguage":"ar","@id":"https:\/\/secure.gravatar.com\/avatar\/fd2acc62ed50732923d1d39c17172c9b04149f142be92310ecc69e1358f94b52?s=96&d=mm&r=g","url":"https:\/\/secure.gravatar.com\/avatar\/fd2acc62ed50732923d1d39c17172c9b04149f142be92310ecc69e1358f94b52?s=96&d=mm&r=g","contentUrl":"https:\/\/secure.gravatar.com\/avatar\/fd2acc62ed50732923d1d39c17172c9b04149f142be92310ecc69e1358f94b52?s=96&d=mm&r=g","caption":"Med Ahmed"},"url":"https:\/\/lequotidien.mr\/?author=12"}]}},"_links":{"self":[{"href":"https:\/\/lequotidien.mr\/index.php?rest_route=\/wp\/v2\/posts\/24207","targetHints":{"allow":["GET"]}}],"collection":[{"href":"https:\/\/lequotidien.mr\/index.php?rest_route=\/wp\/v2\/posts"}],"about":[{"href":"https:\/\/lequotidien.mr\/index.php?rest_route=\/wp\/v2\/types\/post"}],"author":[{"embeddable":true,"href":"https:\/\/lequotidien.mr\/index.php?rest_route=\/wp\/v2\/users\/12"}],"replies":[{"embeddable":true,"href":"https:\/\/lequotidien.mr\/index.php?rest_route=%2Fwp%2Fv2%2Fcomments&post=24207"}],"version-history":[{"count":1,"href":"https:\/\/lequotidien.mr\/index.php?rest_route=\/wp\/v2\/posts\/24207\/revisions"}],"predecessor-version":[{"id":24209,"href":"https:\/\/lequotidien.mr\/index.php?rest_route=\/wp\/v2\/posts\/24207\/revisions\/24209"}],"wp:featuredmedia":[{"embeddable":true,"href":"https:\/\/lequotidien.mr\/index.php?rest_route=\/wp\/v2\/media\/24208"}],"wp:attachment":[{"href":"https:\/\/lequotidien.mr\/index.php?rest_route=%2Fwp%2Fv2%2Fmedia&parent=24207"}],"wp:term":[{"taxonomy":"category","embeddable":true,"href":"https:\/\/lequotidien.mr\/index.php?rest_route=%2Fwp%2Fv2%2Fcategories&post=24207"},{"taxonomy":"post_tag","embeddable":true,"href":"https:\/\/lequotidien.mr\/index.php?rest_route=%2Fwp%2Fv2%2Ftags&post=24207"}],"curies":[{"name":"wp","href":"https:\/\/api.w.org\/{rel}","templated":true}]}}