{"id":2417,"date":"2022-12-27T16:22:07","date_gmt":"2022-12-27T16:22:07","guid":{"rendered":"https:\/\/lequotidien.mr\/?p=2417"},"modified":"2023-01-20T22:12:52","modified_gmt":"2023-01-20T22:12:52","slug":"video-la-strategie-dindustrialisation-permettra-au-pays-de-couvrir-ses-besoins","status":"publish","type":"post","link":"https:\/\/lequotidien.mr\/?p=2417&lang=fr","title":{"rendered":"Vid\u00e9o. La strat\u00e9gie d\u2019industrialisation permettra au pays de couvrir ses besoins"},"content":{"rendered":"<p><strong>Essahraa<\/strong>\u00a0&#8211; Le Minist\u00e8re du Commerce, de l\u2019Industrie, de l\u2019Artisanat et du Tourisme Lemrabott Ould Bennahi a pr\u00e9sent\u00e9 hier, au cours de la r\u00e9union du Conseil des ministres, une communication relative \u00e0 la strat\u00e9gie nationale d\u2019industrialisation \u00e0 l\u2019horizon 2030.<\/p>\n<p>Cette strat\u00e9gie vise \u00e0 donner au pays les moyens de couvrir davantage ses besoins de consommation \u00e0 travers la production locale, a affirm\u00e9 Ould Bennahi, devant les journalistes, pr\u00e9sents \u00e0 la s\u00e9ance des commentaires faits par des membres du Gouvernement des r\u00e9sultats du conclave minist\u00e9riel, disant qu&#8217;elle r\u00e9sulte non seulement des le\u00e7ons apprises de la crise sanitaire et du conflit russo-ukrainien en cours, mais aussi des engagements du pr\u00e9sident \u00e0 booster l\u2019industrialisation du pays, dans le cadre de son programme \u00e9lectoral.<\/p>\n<p>La strat\u00e9gie s\u2019articule autour de quatre axes principaux : valorisation des produits r\u00e9sultants de l\u2019\u00e9levage, de la p\u00eache et de l\u2019agriculture ; Promotion des industries li\u00e9es aux mines, aux hydrocarbures et aux \u00e9nergies renouvelables ; D\u00e9veloppement de l\u2019industrie pharmaceutique ; D\u00e9veloppement de l\u2019\u00e9conomie num\u00e9rique et de l\u2019innovation technologique.<\/p>\n<p>Des mesures importantes seront prises afin de mettre la strat\u00e9gie en \u0153uvre, a rassur\u00e9 Ould Bennahi, disant qu&#8217;il est question ici de : l\u2019am\u00e9lioration et de la consolidation du cadre institutionnel et juridique r\u00e9gissant le secteur des industries ; la promotion de la formation acc\u00e8s sur l\u2019industrie : l\u2019am\u00e9lioration du climat des affaires ; la mise en place d\u2019un syst\u00e8me de financement durable ; le renforcement des infrastructures de soutien \u00e0 l\u2019industrie et enfin le renforcement de l\u2019\u00e9cosyst\u00e8me national de l\u2019entreprenariat.<\/p>\n<p>Le ministre a par ailleurs r\u00e9pondu \u00e0 une question de l\u2019assistance sur la qualit\u00e9 du th\u00e9 en vente sur le march\u00e9 national. D\u2019apr\u00e8s lui, les all\u00e9gations selon lesquelles certains de ces produits contiennent une\u00a0substance nocive ne sont pas confirm\u00e9es par les tests qui ont \u00e9t\u00e9 fait.<\/p>\n<p>Il a attir\u00e9 l\u2019attention sur le fait que les r\u00e9sultats des tests montraient que les produits ne r\u00e9pondaient pas \u00e0 certaines normes europ\u00e9ennes, ce qui ne veut pas dire qu\u2019ils sont nocifs.<\/p>\n<p>De plus, poursuit le ministre, des efforts importants sont consentis par le gouvernement, pour doter le pays d\u2019une autorit\u00e9 de contr\u00f4le de la qualit\u00e9 des aliments sur le march\u00e9 national.<\/p>\n<p><iframe loading=\"lazy\" title=\"\u0648\u0632\u064a\u0640\u0640\u0631 \u0627\u0644\u0635\u0646\u0640\u0627\u0639\u0640\u0640\u0629 \u064a\u0633\u062a\u0640\u0639\u0640\u0640\u0631\u0636 \u062a\u0641\u0640\u0627\u0635\u0640\u064a\u0640\u0640\u0644 \u0627\u0644\u0627\u0633\u062a\u0640\u0631\u0627\u062a\u064a\u062c\u0640\u0640\u064a\u0640\u0640\u0640\u0629 \u0627\u0644\u0648\u0637\u0646\u0640\u064a\u0640\u0640\u0629 \u0644\u0644\u062a\u0635\u0646\u0640\u064a\u0640\u0640\u0640\u0639\" width=\"500\" height=\"281\" src=\"https:\/\/www.youtube.com\/embed\/AfgWeaKVZsw?feature=oembed\" frameborder=\"0\" allow=\"accelerometer; autoplay; clipboard-write; encrypted-media; gyroscope; picture-in-picture; web-share\" referrerpolicy=\"strict-origin-when-cross-origin\" allowfullscreen><\/iframe><\/p>\n","protected":false},"excerpt":{"rendered":"<p>Essahraa\u00a0&#8211; Le Minist\u00e8re du Commerce, de l\u2019Industrie, de l\u2019Artisanat et du Tourisme Lemrabott Ould Bennahi a pr\u00e9sent\u00e9 hier, au cours de la r\u00e9union du Conseil des ministres, une communication relative \u00e0 la strat\u00e9gie nationale d\u2019industrialisation \u00e0 l\u2019horizon 2030. Cette strat\u00e9gie vise \u00e0 donner au pays les moyens de couvrir davantage ses besoins de consommation \u00e0&#8230;..<\/p>\n","protected":false},"author":7,"featured_media":2421,"comment_status":"open","ping_status":"open","sticky":false,"template":"","format":"standard","meta":{"footnotes":""},"categories":[23,49],"tags":[],"class_list":["post-2417","post","type-post","status-publish","format-standard","has-post-thumbnail","hentry","category-actualite","category-economie"],"yoast_head":"<!-- This site is optimized with the Yoast SEO plugin v27.5 - https:\/\/yoast.com\/product\/yoast-seo-wordpress\/ -->\n<title>Vid\u00e9o. La strat\u00e9gie d\u2019industrialisation permettra au pays de couvrir ses besoins - Le Quotidien de Nouakchott<\/title>\n<meta name=\"robots\" content=\"index, follow, max-snippet:-1, max-image-preview:large, max-video-preview:-1\" \/>\n<link rel=\"canonical\" href=\"https:\/\/lequotidien.mr\/?p=2417&lang=fr\" \/>\n<meta property=\"og:locale\" content=\"ar_AR\" \/>\n<meta property=\"og:type\" content=\"article\" \/>\n<meta property=\"og:title\" content=\"Vid\u00e9o. La strat\u00e9gie d\u2019industrialisation permettra au pays de couvrir ses besoins - Le Quotidien de Nouakchott\" \/>\n<meta property=\"og:description\" content=\"Essahraa\u00a0&#8211; Le Minist\u00e8re du Commerce, de l\u2019Industrie, de l\u2019Artisanat et du Tourisme Lemrabott Ould Bennahi a pr\u00e9sent\u00e9 hier, au cours de la r\u00e9union du Conseil des ministres, une communication relative \u00e0 la strat\u00e9gie nationale d\u2019industrialisation \u00e0 l\u2019horizon 2030. Cette strat\u00e9gie vise \u00e0 donner au pays les moyens de couvrir davantage ses besoins de consommation \u00e0.....\" \/>\n<meta property=\"og:url\" content=\"https:\/\/lequotidien.mr\/?p=2417&amp;lang=fr\" \/>\n<meta property=\"og:site_name\" content=\"Le Quotidien de Nouakchott\" \/>\n<meta property=\"article:publisher\" content=\"https:\/\/web.facebook.com\/lequotidienmr\" \/>\n<meta property=\"article:published_time\" content=\"2022-12-27T16:22:07+00:00\" \/>\n<meta property=\"article:modified_time\" content=\"2023-01-20T22:12:52+00:00\" \/>\n<meta property=\"og:image\" content=\"https:\/\/lequotidien.mr\/wp-content\/uploads\/2022\/12\/lemrabott_bennahi_3200.jpg\" \/>\n\t<meta property=\"og:image:width\" content=\"455\" \/>\n\t<meta property=\"og:image:height\" content=\"320\" \/>\n\t<meta property=\"og:image:type\" content=\"image\/jpeg\" \/>\n<meta name=\"author\" content=\"Hachim El Yemani\" \/>\n<meta name=\"twitter:card\" content=\"summary_large_image\" \/>\n<meta name=\"twitter:creator\" content=\"@lequotidienmr\" \/>\n<meta name=\"twitter:site\" content=\"@lequotidienmr\" \/>\n<meta name=\"twitter:label1\" content=\"\u0643\u064f\u062a\u0628 \u0628\u0648\u0627\u0633\u0637\u0629\" \/>\n\t<meta name=\"twitter:data1\" content=\"Hachim El Yemani\" \/>\n\t<meta name=\"twitter:label2\" content=\"\u0648\u0642\u062a \u0627\u0644\u0642\u0631\u0627\u0621\u0629 \u0627\u0644\u0645\u064f\u0642\u062f\u0651\u0631\" \/>\n\t<meta name=\"twitter:data2\" content=\"\u062f\u0642\u064a\u0642\u062a\u0627\u0646\" \/>\n<script type=\"application\/ld+json\" class=\"yoast-schema-graph\">{\"@context\":\"https:\\\/\\\/schema.org\",\"@graph\":[{\"@type\":\"Article\",\"@id\":\"https:\\\/\\\/lequotidien.mr\\\/?p=2417&lang=fr#article\",\"isPartOf\":{\"@id\":\"https:\\\/\\\/lequotidien.mr\\\/?p=2417&lang=fr\"},\"author\":{\"name\":\"Hachim El Yemani\",\"@id\":\"https:\\\/\\\/lequotidien.mr\\\/#\\\/schema\\\/person\\\/084fc8a65780dd82fc2dc1b6606ccd93\"},\"headline\":\"Vid\u00e9o. La strat\u00e9gie d\u2019industrialisation permettra au pays de couvrir ses besoins\",\"datePublished\":\"2022-12-27T16:22:07+00:00\",\"dateModified\":\"2023-01-20T22:12:52+00:00\",\"mainEntityOfPage\":{\"@id\":\"https:\\\/\\\/lequotidien.mr\\\/?p=2417&lang=fr\"},\"wordCount\":416,\"commentCount\":0,\"publisher\":{\"@id\":\"https:\\\/\\\/lequotidien.mr\\\/#organization\"},\"image\":{\"@id\":\"https:\\\/\\\/lequotidien.mr\\\/?p=2417&lang=fr#primaryimage\"},\"thumbnailUrl\":\"https:\\\/\\\/lequotidien.mr\\\/wp-content\\\/uploads\\\/2022\\\/12\\\/lemrabott_bennahi_3200.jpg\",\"articleSection\":[\"ACTUALIT\u00c9\",\"Economie\"],\"inLanguage\":\"ar\",\"potentialAction\":[{\"@type\":\"CommentAction\",\"name\":\"Comment\",\"target\":[\"https:\\\/\\\/lequotidien.mr\\\/?p=2417&lang=fr#respond\"]}]},{\"@type\":\"WebPage\",\"@id\":\"https:\\\/\\\/lequotidien.mr\\\/?p=2417&lang=fr\",\"url\":\"https:\\\/\\\/lequotidien.mr\\\/?p=2417&lang=fr\",\"name\":\"Vid\u00e9o. La strat\u00e9gie d\u2019industrialisation permettra au pays de couvrir ses besoins - Le Quotidien de Nouakchott\",\"isPartOf\":{\"@id\":\"https:\\\/\\\/lequotidien.mr\\\/#website\"},\"primaryImageOfPage\":{\"@id\":\"https:\\\/\\\/lequotidien.mr\\\/?p=2417&lang=fr#primaryimage\"},\"image\":{\"@id\":\"https:\\\/\\\/lequotidien.mr\\\/?p=2417&lang=fr#primaryimage\"},\"thumbnailUrl\":\"https:\\\/\\\/lequotidien.mr\\\/wp-content\\\/uploads\\\/2022\\\/12\\\/lemrabott_bennahi_3200.jpg\",\"datePublished\":\"2022-12-27T16:22:07+00:00\",\"dateModified\":\"2023-01-20T22:12:52+00:00\",\"breadcrumb\":{\"@id\":\"https:\\\/\\\/lequotidien.mr\\\/?p=2417&lang=fr#breadcrumb\"},\"inLanguage\":\"ar\",\"potentialAction\":[{\"@type\":\"ReadAction\",\"target\":[\"https:\\\/\\\/lequotidien.mr\\\/?p=2417&lang=fr\"]}]},{\"@type\":\"ImageObject\",\"inLanguage\":\"ar\",\"@id\":\"https:\\\/\\\/lequotidien.mr\\\/?p=2417&lang=fr#primaryimage\",\"url\":\"https:\\\/\\\/lequotidien.mr\\\/wp-content\\\/uploads\\\/2022\\\/12\\\/lemrabott_bennahi_3200.jpg\",\"contentUrl\":\"https:\\\/\\\/lequotidien.mr\\\/wp-content\\\/uploads\\\/2022\\\/12\\\/lemrabott_bennahi_3200.jpg\",\"width\":455,\"height\":320},{\"@type\":\"BreadcrumbList\",\"@id\":\"https:\\\/\\\/lequotidien.mr\\\/?p=2417&lang=fr#breadcrumb\",\"itemListElement\":[{\"@type\":\"ListItem\",\"position\":1,\"name\":\"Home\",\"item\":\"https:\\\/\\\/lequotidien.mr\\\/\"},{\"@type\":\"ListItem\",\"position\":2,\"name\":\"Vid\u00e9o. La strat\u00e9gie d\u2019industrialisation permettra au pays de couvrir ses besoins\"}]},{\"@type\":\"WebSite\",\"@id\":\"https:\\\/\\\/lequotidien.mr\\\/#website\",\"url\":\"https:\\\/\\\/lequotidien.mr\\\/\",\"name\":\"Le Quotidien de Nouakchott\",\"description\":\"\u0625\u062e\u0628\u0627\u0631\u064a\u0629 \u0645\u0633\u062a\u0642\u0644\u0629 \u0644\u0644\u0623\u0646\u0628\u0627\u0621 \u0627\u0644\u0639\u0627\u0645\u0629\",\"publisher\":{\"@id\":\"https:\\\/\\\/lequotidien.mr\\\/#organization\"},\"potentialAction\":[{\"@type\":\"SearchAction\",\"target\":{\"@type\":\"EntryPoint\",\"urlTemplate\":\"https:\\\/\\\/lequotidien.mr\\\/?s={search_term_string}\"},\"query-input\":{\"@type\":\"PropertyValueSpecification\",\"valueRequired\":true,\"valueName\":\"search_term_string\"}}],\"inLanguage\":\"ar\"},{\"@type\":\"Organization\",\"@id\":\"https:\\\/\\\/lequotidien.mr\\\/#organization\",\"name\":\"Le Quotidien de Nouakchott\",\"url\":\"https:\\\/\\\/lequotidien.mr\\\/\",\"logo\":{\"@type\":\"ImageObject\",\"inLanguage\":\"ar\",\"@id\":\"https:\\\/\\\/lequotidien.mr\\\/#\\\/schema\\\/logo\\\/image\\\/\",\"url\":\"https:\\\/\\\/lequotidien.mr\\\/wp-content\\\/uploads\\\/2022\\\/11\\\/logolequotidien.jpg\",\"contentUrl\":\"https:\\\/\\\/lequotidien.mr\\\/wp-content\\\/uploads\\\/2022\\\/11\\\/logolequotidien.jpg\",\"width\":290,\"height\":65,\"caption\":\"Le Quotidien de Nouakchott\"},\"image\":{\"@id\":\"https:\\\/\\\/lequotidien.mr\\\/#\\\/schema\\\/logo\\\/image\\\/\"},\"sameAs\":[\"https:\\\/\\\/web.facebook.com\\\/lequotidienmr\",\"https:\\\/\\\/x.com\\\/lequotidienmr\"]},{\"@type\":\"Person\",\"@id\":\"https:\\\/\\\/lequotidien.mr\\\/#\\\/schema\\\/person\\\/084fc8a65780dd82fc2dc1b6606ccd93\",\"name\":\"Hachim El Yemani\",\"image\":{\"@type\":\"ImageObject\",\"inLanguage\":\"ar\",\"@id\":\"https:\\\/\\\/secure.gravatar.com\\\/avatar\\\/d26186aaa5bf4c9f95183e2f6e441600872253143ebb24ebf40607e5f0b7ced0?s=96&d=mm&r=g\",\"url\":\"https:\\\/\\\/secure.gravatar.com\\\/avatar\\\/d26186aaa5bf4c9f95183e2f6e441600872253143ebb24ebf40607e5f0b7ced0?s=96&d=mm&r=g\",\"contentUrl\":\"https:\\\/\\\/secure.gravatar.com\\\/avatar\\\/d26186aaa5bf4c9f95183e2f6e441600872253143ebb24ebf40607e5f0b7ced0?s=96&d=mm&r=g\",\"caption\":\"Hachim El Yemani\"},\"sameAs\":[\"https:\\\/\\\/lequotidien.mr\\\/\"],\"url\":\"https:\\\/\\\/lequotidien.mr\\\/?author=7\"}]}<\/script>\n<!-- \/ Yoast SEO plugin. -->","yoast_head_json":{"title":"Vid\u00e9o. La strat\u00e9gie d\u2019industrialisation permettra au pays de couvrir ses besoins - Le Quotidien de Nouakchott","robots":{"index":"index","follow":"follow","max-snippet":"max-snippet:-1","max-image-preview":"max-image-preview:large","max-video-preview":"max-video-preview:-1"},"canonical":"https:\/\/lequotidien.mr\/?p=2417&lang=fr","og_locale":"ar_AR","og_type":"article","og_title":"Vid\u00e9o. La strat\u00e9gie d\u2019industrialisation permettra au pays de couvrir ses besoins - Le Quotidien de Nouakchott","og_description":"Essahraa\u00a0&#8211; Le Minist\u00e8re du Commerce, de l\u2019Industrie, de l\u2019Artisanat et du Tourisme Lemrabott Ould Bennahi a pr\u00e9sent\u00e9 hier, au cours de la r\u00e9union du Conseil des ministres, une communication relative \u00e0 la strat\u00e9gie nationale d\u2019industrialisation \u00e0 l\u2019horizon 2030. Cette strat\u00e9gie vise \u00e0 donner au pays les moyens de couvrir davantage ses besoins de consommation \u00e0.....","og_url":"https:\/\/lequotidien.mr\/?p=2417&lang=fr","og_site_name":"Le Quotidien de Nouakchott","article_publisher":"https:\/\/web.facebook.com\/lequotidienmr","article_published_time":"2022-12-27T16:22:07+00:00","article_modified_time":"2023-01-20T22:12:52+00:00","og_image":[{"width":455,"height":320,"url":"https:\/\/lequotidien.mr\/wp-content\/uploads\/2022\/12\/lemrabott_bennahi_3200.jpg","type":"image\/jpeg"}],"author":"Hachim El Yemani","twitter_card":"summary_large_image","twitter_creator":"@lequotidienmr","twitter_site":"@lequotidienmr","twitter_misc":{"\u0643\u064f\u062a\u0628 \u0628\u0648\u0627\u0633\u0637\u0629":"Hachim El Yemani","\u0648\u0642\u062a \u0627\u0644\u0642\u0631\u0627\u0621\u0629 \u0627\u0644\u0645\u064f\u0642\u062f\u0651\u0631":"\u062f\u0642\u064a\u0642\u062a\u0627\u0646"},"schema":{"@context":"https:\/\/schema.org","@graph":[{"@type":"Article","@id":"https:\/\/lequotidien.mr\/?p=2417&lang=fr#article","isPartOf":{"@id":"https:\/\/lequotidien.mr\/?p=2417&lang=fr"},"author":{"name":"Hachim El Yemani","@id":"https:\/\/lequotidien.mr\/#\/schema\/person\/084fc8a65780dd82fc2dc1b6606ccd93"},"headline":"Vid\u00e9o. La strat\u00e9gie d\u2019industrialisation permettra au pays de couvrir ses besoins","datePublished":"2022-12-27T16:22:07+00:00","dateModified":"2023-01-20T22:12:52+00:00","mainEntityOfPage":{"@id":"https:\/\/lequotidien.mr\/?p=2417&lang=fr"},"wordCount":416,"commentCount":0,"publisher":{"@id":"https:\/\/lequotidien.mr\/#organization"},"image":{"@id":"https:\/\/lequotidien.mr\/?p=2417&lang=fr#primaryimage"},"thumbnailUrl":"https:\/\/lequotidien.mr\/wp-content\/uploads\/2022\/12\/lemrabott_bennahi_3200.jpg","articleSection":["ACTUALIT\u00c9","Economie"],"inLanguage":"ar","potentialAction":[{"@type":"CommentAction","name":"Comment","target":["https:\/\/lequotidien.mr\/?p=2417&lang=fr#respond"]}]},{"@type":"WebPage","@id":"https:\/\/lequotidien.mr\/?p=2417&lang=fr","url":"https:\/\/lequotidien.mr\/?p=2417&lang=fr","name":"Vid\u00e9o. La strat\u00e9gie d\u2019industrialisation permettra au pays de couvrir ses besoins - Le Quotidien de Nouakchott","isPartOf":{"@id":"https:\/\/lequotidien.mr\/#website"},"primaryImageOfPage":{"@id":"https:\/\/lequotidien.mr\/?p=2417&lang=fr#primaryimage"},"image":{"@id":"https:\/\/lequotidien.mr\/?p=2417&lang=fr#primaryimage"},"thumbnailUrl":"https:\/\/lequotidien.mr\/wp-content\/uploads\/2022\/12\/lemrabott_bennahi_3200.jpg","datePublished":"2022-12-27T16:22:07+00:00","dateModified":"2023-01-20T22:12:52+00:00","breadcrumb":{"@id":"https:\/\/lequotidien.mr\/?p=2417&lang=fr#breadcrumb"},"inLanguage":"ar","potentialAction":[{"@type":"ReadAction","target":["https:\/\/lequotidien.mr\/?p=2417&lang=fr"]}]},{"@type":"ImageObject","inLanguage":"ar","@id":"https:\/\/lequotidien.mr\/?p=2417&lang=fr#primaryimage","url":"https:\/\/lequotidien.mr\/wp-content\/uploads\/2022\/12\/lemrabott_bennahi_3200.jpg","contentUrl":"https:\/\/lequotidien.mr\/wp-content\/uploads\/2022\/12\/lemrabott_bennahi_3200.jpg","width":455,"height":320},{"@type":"BreadcrumbList","@id":"https:\/\/lequotidien.mr\/?p=2417&lang=fr#breadcrumb","itemListElement":[{"@type":"ListItem","position":1,"name":"Home","item":"https:\/\/lequotidien.mr\/"},{"@type":"ListItem","position":2,"name":"Vid\u00e9o. La strat\u00e9gie d\u2019industrialisation permettra au pays de couvrir ses besoins"}]},{"@type":"WebSite","@id":"https:\/\/lequotidien.mr\/#website","url":"https:\/\/lequotidien.mr\/","name":"Le Quotidien de Nouakchott","description":"\u0625\u062e\u0628\u0627\u0631\u064a\u0629 \u0645\u0633\u062a\u0642\u0644\u0629 \u0644\u0644\u0623\u0646\u0628\u0627\u0621 \u0627\u0644\u0639\u0627\u0645\u0629","publisher":{"@id":"https:\/\/lequotidien.mr\/#organization"},"potentialAction":[{"@type":"SearchAction","target":{"@type":"EntryPoint","urlTemplate":"https:\/\/lequotidien.mr\/?s={search_term_string}"},"query-input":{"@type":"PropertyValueSpecification","valueRequired":true,"valueName":"search_term_string"}}],"inLanguage":"ar"},{"@type":"Organization","@id":"https:\/\/lequotidien.mr\/#organization","name":"Le Quotidien de Nouakchott","url":"https:\/\/lequotidien.mr\/","logo":{"@type":"ImageObject","inLanguage":"ar","@id":"https:\/\/lequotidien.mr\/#\/schema\/logo\/image\/","url":"https:\/\/lequotidien.mr\/wp-content\/uploads\/2022\/11\/logolequotidien.jpg","contentUrl":"https:\/\/lequotidien.mr\/wp-content\/uploads\/2022\/11\/logolequotidien.jpg","width":290,"height":65,"caption":"Le Quotidien de Nouakchott"},"image":{"@id":"https:\/\/lequotidien.mr\/#\/schema\/logo\/image\/"},"sameAs":["https:\/\/web.facebook.com\/lequotidienmr","https:\/\/x.com\/lequotidienmr"]},{"@type":"Person","@id":"https:\/\/lequotidien.mr\/#\/schema\/person\/084fc8a65780dd82fc2dc1b6606ccd93","name":"Hachim El Yemani","image":{"@type":"ImageObject","inLanguage":"ar","@id":"https:\/\/secure.gravatar.com\/avatar\/d26186aaa5bf4c9f95183e2f6e441600872253143ebb24ebf40607e5f0b7ced0?s=96&d=mm&r=g","url":"https:\/\/secure.gravatar.com\/avatar\/d26186aaa5bf4c9f95183e2f6e441600872253143ebb24ebf40607e5f0b7ced0?s=96&d=mm&r=g","contentUrl":"https:\/\/secure.gravatar.com\/avatar\/d26186aaa5bf4c9f95183e2f6e441600872253143ebb24ebf40607e5f0b7ced0?s=96&d=mm&r=g","caption":"Hachim El Yemani"},"sameAs":["https:\/\/lequotidien.mr\/"],"url":"https:\/\/lequotidien.mr\/?author=7"}]}},"_links":{"self":[{"href":"https:\/\/lequotidien.mr\/index.php?rest_route=\/wp\/v2\/posts\/2417","targetHints":{"allow":["GET"]}}],"collection":[{"href":"https:\/\/lequotidien.mr\/index.php?rest_route=\/wp\/v2\/posts"}],"about":[{"href":"https:\/\/lequotidien.mr\/index.php?rest_route=\/wp\/v2\/types\/post"}],"author":[{"embeddable":true,"href":"https:\/\/lequotidien.mr\/index.php?rest_route=\/wp\/v2\/users\/7"}],"replies":[{"embeddable":true,"href":"https:\/\/lequotidien.mr\/index.php?rest_route=%2Fwp%2Fv2%2Fcomments&post=2417"}],"version-history":[{"count":1,"href":"https:\/\/lequotidien.mr\/index.php?rest_route=\/wp\/v2\/posts\/2417\/revisions"}],"predecessor-version":[{"id":2422,"href":"https:\/\/lequotidien.mr\/index.php?rest_route=\/wp\/v2\/posts\/2417\/revisions\/2422"}],"wp:featuredmedia":[{"embeddable":true,"href":"https:\/\/lequotidien.mr\/index.php?rest_route=\/wp\/v2\/media\/2421"}],"wp:attachment":[{"href":"https:\/\/lequotidien.mr\/index.php?rest_route=%2Fwp%2Fv2%2Fmedia&parent=2417"}],"wp:term":[{"taxonomy":"category","embeddable":true,"href":"https:\/\/lequotidien.mr\/index.php?rest_route=%2Fwp%2Fv2%2Fcategories&post=2417"},{"taxonomy":"post_tag","embeddable":true,"href":"https:\/\/lequotidien.mr\/index.php?rest_route=%2Fwp%2Fv2%2Ftags&post=2417"}],"curies":[{"name":"wp","href":"https:\/\/api.w.org\/{rel}","templated":true}]}}