{"id":24167,"date":"2025-01-02T09:27:04","date_gmt":"2025-01-02T09:27:04","guid":{"rendered":"https:\/\/lequotidien.mr\/?p=24167"},"modified":"2025-01-02T09:27:04","modified_gmt":"2025-01-02T09:27:04","slug":"des-ministres-commentent-les-resultats-du-conseil-des-ministres-reformes-gaz-et-developpement-en-perspective","status":"publish","type":"post","link":"https:\/\/lequotidien.mr\/?p=24167&lang=fr","title":{"rendered":"Des Ministres commentent les r\u00e9sultats du Conseil des Ministres : R\u00e9formes, gaz et d\u00e9veloppement en perspective"},"content":{"rendered":"<p>Mardi soir, plusieurs membres du gouvernement mauritanien ont pris la parole pour d\u00e9tailler les r\u00e9sultats du Conseil des ministres tenu plus t\u00f4t dans la journ\u00e9e. Parmi les intervenants figuraient le ministre de la Culture, des Arts, de la Communication et des Relations avec le Parlement, porte-parole du gouvernement, M. El Houssein Medou ; le ministre de la Fonction publique et du Travail, M. Mohamed Soueidatt ; le ministre de l&#8217;\u00c9nergie et du P\u00e9trole, M. Mohamed Malainine Khaled ; ainsi que le ministre des Domaines, du Patrimoine de l&#8217;\u00c9tat et de la R\u00e9forme fonci\u00e8re, M. Moctar Ahmed Bousseif.<\/p>\n<p><strong>Optimisation de l&#8217;\u00e9valuation des dipl\u00f4mes<\/strong><\/p>\n<p>Le ministre de la Fonction publique a pr\u00e9sent\u00e9 un projet de d\u00e9cret visant \u00e0 renforcer l&#8217;efficacit\u00e9 de la commission d&#8217;\u00e9valuation des dipl\u00f4mes. Cette r\u00e9forme pr\u00e9voit un cadre plus adapt\u00e9 pour examiner les qualifications, notamment \u00e0 travers des crit\u00e8res stricts pour les dipl\u00f4mes obtenus \u00e0 l&#8217;\u00e9tranger. Le texte introduit \u00e9galement des m\u00e9canismes de formation pour renforcer les capacit\u00e9s de la commission.<\/p>\n<p>Selon le ministre, cette initiative r\u00e9pond \u00e0 l&#8217;augmentation du nombre d&#8217;\u00e9tablissements d&#8217;enseignement sup\u00e9rieur et \u00e0 la diversification des m\u00e9thodes de formation, y compris l&#8217;enseignement \u00e0 distance.<\/p>\n<p><strong>R\u00e9forme fonci\u00e8re \u00e0 Nouakchott<\/strong><\/p>\n<p>Le ministre des Domaines a mis l&#8217;accent sur les actions entreprises dans le cadre de la r\u00e9forme fonci\u00e8re \u00e0 Nouakchott. Ces mesures incluent des d\u00e9molitions dans quatre zones de la capitale (I5, H8, Tamarguitt et la c\u00f4te) pour mettre fin \u00e0 des occupations ill\u00e9gales de terrains.<\/p>\n<p>Le ministre a assur\u00e9 que l&#8217;\u00c9tat prot\u00e9gera les droits des citoyens respectant la loi tout en s&#8217;attaquant \u00e0 la sp\u00e9culation et \u00e0 l&#8217;accompagnement des terres. Une indemnisation a \u00e9t\u00e9 annonc\u00e9e pour 40 familles ayant r\u00e9alis\u00e9 des investissements de bonne foi. Des initiatives pour s\u00e9curiser les espaces publics, notamment \u00e0 Tevragh-Zeina, seront bient\u00f4t lanc\u00e9es.<\/p>\n<p><strong>Production de gaz : une \u00e9tape historique<\/strong><\/p>\n<p>Le ministre de l&#8217;\u00c9nergie a annonc\u00e9 un tournant majeur pour la Mauritanie : le d\u00e9but de la production de gaz naturel dans le champ GTA. La premi\u00e8re extraction a eu lieu le 31 d\u00e9cembre 2024 \u00e0 17h, marquant une nouvelle \u00e8re pour le pays en tant que producteur de gaz.<\/p>\n<p>La production initiale est estim\u00e9e \u00e0 2,5 millions de tonnes par an, avec des objectifs ambitieux de 10 millions de tonnes par an lors de la troisi\u00e8me phase. Une partie du gaz servira \u00e0 la production \u00e9lectrique gr\u00e2ce \u00e0 une centrale en construction \u00e0 Ndiago, pr\u00e9vue pour g\u00e9n\u00e9rer 225 m\u00e9gawatts.<\/p>\n<p><strong>Projets structurants et d\u00e9veloppement inclusif<\/strong><\/p>\n<p>Le porte-parole du gouvernement a conclu en \u00e9voquant les efforts du gouvernement pour renforcer les infrastructures et les services publics. Des missions seront bient\u00f4t d\u00e9ploy\u00e9es pour identifier les d\u00e9fis et priorit\u00e9s de d\u00e9veloppement.<\/p>\n<p>Un accent particulier est mis sur l&#8217;am\u00e9lioration de la connectivit\u00e9 dans tout le pays, une priorit\u00e9 strat\u00e9gique consid\u00e9r\u00e9e comme une question de souverainet\u00e9. Par ailleurs, le programme prioritaire de d\u00e9veloppement de Nouakchott inclut toutes les communes de la capitale, avec des m\u00e9canismes de suivi rigoureux pour garantir la r\u00e9alisation des projets dans les d\u00e9lais.<\/p>\n<p>Ces annonces t\u00e9moignent de l&#8217;engagement du gouvernement \u00e0 r\u00e9pondre aux d\u00e9fis \u00e9conomiques et sociaux, tout en ouvrant de nouvelles perspectives pour le d\u00e9veloppement de la Mauritanie.<\/p>\n","protected":false},"excerpt":{"rendered":"<p>Mardi soir, plusieurs membres du gouvernement mauritanien ont pris la parole pour d\u00e9tailler les r\u00e9sultats du Conseil des ministres tenu plus t\u00f4t dans la journ\u00e9e. Parmi les intervenants figuraient le ministre de la Culture, des Arts, de la Communication et des Relations avec le Parlement, porte-parole du gouvernement, M. El Houssein Medou ; le ministre&#8230;..<\/p>\n","protected":false},"author":12,"featured_media":24168,"comment_status":"open","ping_status":"open","sticky":false,"template":"","format":"standard","meta":{"footnotes":""},"categories":[23,49],"tags":[],"class_list":["post-24167","post","type-post","status-publish","format-standard","has-post-thumbnail","hentry","category-actualite","category-economie"],"yoast_head":"<!-- This site is optimized with the Yoast SEO plugin v27.5 - https:\/\/yoast.com\/product\/yoast-seo-wordpress\/ -->\n<title>Des Ministres commentent les r\u00e9sultats du Conseil des Ministres : R\u00e9formes, gaz et d\u00e9veloppement en perspective - Le Quotidien de Nouakchott<\/title>\n<meta name=\"robots\" content=\"index, follow, max-snippet:-1, max-image-preview:large, max-video-preview:-1\" \/>\n<link rel=\"canonical\" href=\"https:\/\/lequotidien.mr\/?p=24167&lang=fr\" \/>\n<meta property=\"og:locale\" content=\"ar_AR\" \/>\n<meta property=\"og:type\" content=\"article\" \/>\n<meta property=\"og:title\" content=\"Des Ministres commentent les r\u00e9sultats du Conseil des Ministres : R\u00e9formes, gaz et d\u00e9veloppement en perspective - Le Quotidien de Nouakchott\" \/>\n<meta property=\"og:description\" content=\"Mardi soir, plusieurs membres du gouvernement mauritanien ont pris la parole pour d\u00e9tailler les r\u00e9sultats du Conseil des ministres tenu plus t\u00f4t dans la journ\u00e9e. Parmi les intervenants figuraient le ministre de la Culture, des Arts, de la Communication et des Relations avec le Parlement, porte-parole du gouvernement, M. El Houssein Medou ; le ministre.....\" \/>\n<meta property=\"og:url\" content=\"https:\/\/lequotidien.mr\/?p=24167&amp;lang=fr\" \/>\n<meta property=\"og:site_name\" content=\"Le Quotidien de Nouakchott\" \/>\n<meta property=\"article:publisher\" content=\"https:\/\/web.facebook.com\/lequotidienmr\" \/>\n<meta property=\"article:published_time\" content=\"2025-01-02T09:27:04+00:00\" \/>\n<meta property=\"og:image\" content=\"https:\/\/lequotidien.mr\/wp-content\/uploads\/2025\/01\/photo-resultats-CM-1-1-2024.jpg\" \/>\n\t<meta property=\"og:image:width\" content=\"599\" \/>\n\t<meta property=\"og:image:height\" content=\"397\" \/>\n\t<meta property=\"og:image:type\" content=\"image\/jpeg\" \/>\n<meta name=\"author\" content=\"Med Ahmed\" \/>\n<meta name=\"twitter:card\" content=\"summary_large_image\" \/>\n<meta name=\"twitter:creator\" content=\"@lequotidienmr\" \/>\n<meta name=\"twitter:site\" content=\"@lequotidienmr\" \/>\n<meta name=\"twitter:label1\" content=\"\u0643\u064f\u062a\u0628 \u0628\u0648\u0627\u0633\u0637\u0629\" \/>\n\t<meta name=\"twitter:data1\" content=\"Med Ahmed\" \/>\n\t<meta name=\"twitter:label2\" content=\"\u0648\u0642\u062a \u0627\u0644\u0642\u0631\u0627\u0621\u0629 \u0627\u0644\u0645\u064f\u0642\u062f\u0651\u0631\" \/>\n\t<meta name=\"twitter:data2\" content=\"3 \u062f\u0642\u0627\u0626\u0642\" \/>\n<script type=\"application\/ld+json\" class=\"yoast-schema-graph\">{\"@context\":\"https:\\\/\\\/schema.org\",\"@graph\":[{\"@type\":\"Article\",\"@id\":\"https:\\\/\\\/lequotidien.mr\\\/?p=24167&lang=fr#article\",\"isPartOf\":{\"@id\":\"https:\\\/\\\/lequotidien.mr\\\/?p=24167&lang=fr\"},\"author\":{\"name\":\"Med Ahmed\",\"@id\":\"https:\\\/\\\/lequotidien.mr\\\/#\\\/schema\\\/person\\\/d2d350202a4d599685ed8abc25f97596\"},\"headline\":\"Des Ministres commentent les r\u00e9sultats du Conseil des Ministres : R\u00e9formes, gaz et d\u00e9veloppement en perspective\",\"datePublished\":\"2025-01-02T09:27:04+00:00\",\"mainEntityOfPage\":{\"@id\":\"https:\\\/\\\/lequotidien.mr\\\/?p=24167&lang=fr\"},\"wordCount\":585,\"commentCount\":0,\"publisher\":{\"@id\":\"https:\\\/\\\/lequotidien.mr\\\/#organization\"},\"image\":{\"@id\":\"https:\\\/\\\/lequotidien.mr\\\/?p=24167&lang=fr#primaryimage\"},\"thumbnailUrl\":\"https:\\\/\\\/lequotidien.mr\\\/wp-content\\\/uploads\\\/2025\\\/01\\\/photo-resultats-CM-1-1-2024.jpg\",\"articleSection\":[\"ACTUALIT\u00c9\",\"Economie\"],\"inLanguage\":\"ar\",\"potentialAction\":[{\"@type\":\"CommentAction\",\"name\":\"Comment\",\"target\":[\"https:\\\/\\\/lequotidien.mr\\\/?p=24167&lang=fr#respond\"]}]},{\"@type\":\"WebPage\",\"@id\":\"https:\\\/\\\/lequotidien.mr\\\/?p=24167&lang=fr\",\"url\":\"https:\\\/\\\/lequotidien.mr\\\/?p=24167&lang=fr\",\"name\":\"Des Ministres commentent les r\u00e9sultats du Conseil des Ministres : R\u00e9formes, gaz et d\u00e9veloppement en perspective - Le Quotidien de Nouakchott\",\"isPartOf\":{\"@id\":\"https:\\\/\\\/lequotidien.mr\\\/#website\"},\"primaryImageOfPage\":{\"@id\":\"https:\\\/\\\/lequotidien.mr\\\/?p=24167&lang=fr#primaryimage\"},\"image\":{\"@id\":\"https:\\\/\\\/lequotidien.mr\\\/?p=24167&lang=fr#primaryimage\"},\"thumbnailUrl\":\"https:\\\/\\\/lequotidien.mr\\\/wp-content\\\/uploads\\\/2025\\\/01\\\/photo-resultats-CM-1-1-2024.jpg\",\"datePublished\":\"2025-01-02T09:27:04+00:00\",\"breadcrumb\":{\"@id\":\"https:\\\/\\\/lequotidien.mr\\\/?p=24167&lang=fr#breadcrumb\"},\"inLanguage\":\"ar\",\"potentialAction\":[{\"@type\":\"ReadAction\",\"target\":[\"https:\\\/\\\/lequotidien.mr\\\/?p=24167&lang=fr\"]}]},{\"@type\":\"ImageObject\",\"inLanguage\":\"ar\",\"@id\":\"https:\\\/\\\/lequotidien.mr\\\/?p=24167&lang=fr#primaryimage\",\"url\":\"https:\\\/\\\/lequotidien.mr\\\/wp-content\\\/uploads\\\/2025\\\/01\\\/photo-resultats-CM-1-1-2024.jpg\",\"contentUrl\":\"https:\\\/\\\/lequotidien.mr\\\/wp-content\\\/uploads\\\/2025\\\/01\\\/photo-resultats-CM-1-1-2024.jpg\",\"width\":599,\"height\":397},{\"@type\":\"BreadcrumbList\",\"@id\":\"https:\\\/\\\/lequotidien.mr\\\/?p=24167&lang=fr#breadcrumb\",\"itemListElement\":[{\"@type\":\"ListItem\",\"position\":1,\"name\":\"Home\",\"item\":\"https:\\\/\\\/lequotidien.mr\\\/\"},{\"@type\":\"ListItem\",\"position\":2,\"name\":\"Des Ministres commentent les r\u00e9sultats du Conseil des Ministres : R\u00e9formes, gaz et d\u00e9veloppement en perspective\"}]},{\"@type\":\"WebSite\",\"@id\":\"https:\\\/\\\/lequotidien.mr\\\/#website\",\"url\":\"https:\\\/\\\/lequotidien.mr\\\/\",\"name\":\"Le Quotidien de Nouakchott\",\"description\":\"\u0625\u062e\u0628\u0627\u0631\u064a\u0629 \u0645\u0633\u062a\u0642\u0644\u0629 \u0644\u0644\u0623\u0646\u0628\u0627\u0621 \u0627\u0644\u0639\u0627\u0645\u0629\",\"publisher\":{\"@id\":\"https:\\\/\\\/lequotidien.mr\\\/#organization\"},\"potentialAction\":[{\"@type\":\"SearchAction\",\"target\":{\"@type\":\"EntryPoint\",\"urlTemplate\":\"https:\\\/\\\/lequotidien.mr\\\/?s={search_term_string}\"},\"query-input\":{\"@type\":\"PropertyValueSpecification\",\"valueRequired\":true,\"valueName\":\"search_term_string\"}}],\"inLanguage\":\"ar\"},{\"@type\":\"Organization\",\"@id\":\"https:\\\/\\\/lequotidien.mr\\\/#organization\",\"name\":\"Le Quotidien de Nouakchott\",\"url\":\"https:\\\/\\\/lequotidien.mr\\\/\",\"logo\":{\"@type\":\"ImageObject\",\"inLanguage\":\"ar\",\"@id\":\"https:\\\/\\\/lequotidien.mr\\\/#\\\/schema\\\/logo\\\/image\\\/\",\"url\":\"https:\\\/\\\/lequotidien.mr\\\/wp-content\\\/uploads\\\/2022\\\/11\\\/logolequotidien.jpg\",\"contentUrl\":\"https:\\\/\\\/lequotidien.mr\\\/wp-content\\\/uploads\\\/2022\\\/11\\\/logolequotidien.jpg\",\"width\":290,\"height\":65,\"caption\":\"Le Quotidien de Nouakchott\"},\"image\":{\"@id\":\"https:\\\/\\\/lequotidien.mr\\\/#\\\/schema\\\/logo\\\/image\\\/\"},\"sameAs\":[\"https:\\\/\\\/web.facebook.com\\\/lequotidienmr\",\"https:\\\/\\\/x.com\\\/lequotidienmr\"]},{\"@type\":\"Person\",\"@id\":\"https:\\\/\\\/lequotidien.mr\\\/#\\\/schema\\\/person\\\/d2d350202a4d599685ed8abc25f97596\",\"name\":\"Med Ahmed\",\"image\":{\"@type\":\"ImageObject\",\"inLanguage\":\"ar\",\"@id\":\"https:\\\/\\\/secure.gravatar.com\\\/avatar\\\/fd2acc62ed50732923d1d39c17172c9b04149f142be92310ecc69e1358f94b52?s=96&d=mm&r=g\",\"url\":\"https:\\\/\\\/secure.gravatar.com\\\/avatar\\\/fd2acc62ed50732923d1d39c17172c9b04149f142be92310ecc69e1358f94b52?s=96&d=mm&r=g\",\"contentUrl\":\"https:\\\/\\\/secure.gravatar.com\\\/avatar\\\/fd2acc62ed50732923d1d39c17172c9b04149f142be92310ecc69e1358f94b52?s=96&d=mm&r=g\",\"caption\":\"Med Ahmed\"},\"url\":\"https:\\\/\\\/lequotidien.mr\\\/?author=12\"}]}<\/script>\n<!-- \/ Yoast SEO plugin. -->","yoast_head_json":{"title":"Des Ministres commentent les r\u00e9sultats du Conseil des Ministres : R\u00e9formes, gaz et d\u00e9veloppement en perspective - Le Quotidien de Nouakchott","robots":{"index":"index","follow":"follow","max-snippet":"max-snippet:-1","max-image-preview":"max-image-preview:large","max-video-preview":"max-video-preview:-1"},"canonical":"https:\/\/lequotidien.mr\/?p=24167&lang=fr","og_locale":"ar_AR","og_type":"article","og_title":"Des Ministres commentent les r\u00e9sultats du Conseil des Ministres : R\u00e9formes, gaz et d\u00e9veloppement en perspective - Le Quotidien de Nouakchott","og_description":"Mardi soir, plusieurs membres du gouvernement mauritanien ont pris la parole pour d\u00e9tailler les r\u00e9sultats du Conseil des ministres tenu plus t\u00f4t dans la journ\u00e9e. Parmi les intervenants figuraient le ministre de la Culture, des Arts, de la Communication et des Relations avec le Parlement, porte-parole du gouvernement, M. El Houssein Medou ; le ministre.....","og_url":"https:\/\/lequotidien.mr\/?p=24167&lang=fr","og_site_name":"Le Quotidien de Nouakchott","article_publisher":"https:\/\/web.facebook.com\/lequotidienmr","article_published_time":"2025-01-02T09:27:04+00:00","og_image":[{"width":599,"height":397,"url":"https:\/\/lequotidien.mr\/wp-content\/uploads\/2025\/01\/photo-resultats-CM-1-1-2024.jpg","type":"image\/jpeg"}],"author":"Med Ahmed","twitter_card":"summary_large_image","twitter_creator":"@lequotidienmr","twitter_site":"@lequotidienmr","twitter_misc":{"\u0643\u064f\u062a\u0628 \u0628\u0648\u0627\u0633\u0637\u0629":"Med Ahmed","\u0648\u0642\u062a \u0627\u0644\u0642\u0631\u0627\u0621\u0629 \u0627\u0644\u0645\u064f\u0642\u062f\u0651\u0631":"3 \u062f\u0642\u0627\u0626\u0642"},"schema":{"@context":"https:\/\/schema.org","@graph":[{"@type":"Article","@id":"https:\/\/lequotidien.mr\/?p=24167&lang=fr#article","isPartOf":{"@id":"https:\/\/lequotidien.mr\/?p=24167&lang=fr"},"author":{"name":"Med Ahmed","@id":"https:\/\/lequotidien.mr\/#\/schema\/person\/d2d350202a4d599685ed8abc25f97596"},"headline":"Des Ministres commentent les r\u00e9sultats du Conseil des Ministres : R\u00e9formes, gaz et d\u00e9veloppement en perspective","datePublished":"2025-01-02T09:27:04+00:00","mainEntityOfPage":{"@id":"https:\/\/lequotidien.mr\/?p=24167&lang=fr"},"wordCount":585,"commentCount":0,"publisher":{"@id":"https:\/\/lequotidien.mr\/#organization"},"image":{"@id":"https:\/\/lequotidien.mr\/?p=24167&lang=fr#primaryimage"},"thumbnailUrl":"https:\/\/lequotidien.mr\/wp-content\/uploads\/2025\/01\/photo-resultats-CM-1-1-2024.jpg","articleSection":["ACTUALIT\u00c9","Economie"],"inLanguage":"ar","potentialAction":[{"@type":"CommentAction","name":"Comment","target":["https:\/\/lequotidien.mr\/?p=24167&lang=fr#respond"]}]},{"@type":"WebPage","@id":"https:\/\/lequotidien.mr\/?p=24167&lang=fr","url":"https:\/\/lequotidien.mr\/?p=24167&lang=fr","name":"Des Ministres commentent les r\u00e9sultats du Conseil des Ministres : R\u00e9formes, gaz et d\u00e9veloppement en perspective - Le Quotidien de Nouakchott","isPartOf":{"@id":"https:\/\/lequotidien.mr\/#website"},"primaryImageOfPage":{"@id":"https:\/\/lequotidien.mr\/?p=24167&lang=fr#primaryimage"},"image":{"@id":"https:\/\/lequotidien.mr\/?p=24167&lang=fr#primaryimage"},"thumbnailUrl":"https:\/\/lequotidien.mr\/wp-content\/uploads\/2025\/01\/photo-resultats-CM-1-1-2024.jpg","datePublished":"2025-01-02T09:27:04+00:00","breadcrumb":{"@id":"https:\/\/lequotidien.mr\/?p=24167&lang=fr#breadcrumb"},"inLanguage":"ar","potentialAction":[{"@type":"ReadAction","target":["https:\/\/lequotidien.mr\/?p=24167&lang=fr"]}]},{"@type":"ImageObject","inLanguage":"ar","@id":"https:\/\/lequotidien.mr\/?p=24167&lang=fr#primaryimage","url":"https:\/\/lequotidien.mr\/wp-content\/uploads\/2025\/01\/photo-resultats-CM-1-1-2024.jpg","contentUrl":"https:\/\/lequotidien.mr\/wp-content\/uploads\/2025\/01\/photo-resultats-CM-1-1-2024.jpg","width":599,"height":397},{"@type":"BreadcrumbList","@id":"https:\/\/lequotidien.mr\/?p=24167&lang=fr#breadcrumb","itemListElement":[{"@type":"ListItem","position":1,"name":"Home","item":"https:\/\/lequotidien.mr\/"},{"@type":"ListItem","position":2,"name":"Des Ministres commentent les r\u00e9sultats du Conseil des Ministres : R\u00e9formes, gaz et d\u00e9veloppement en perspective"}]},{"@type":"WebSite","@id":"https:\/\/lequotidien.mr\/#website","url":"https:\/\/lequotidien.mr\/","name":"Le Quotidien de Nouakchott","description":"\u0625\u062e\u0628\u0627\u0631\u064a\u0629 \u0645\u0633\u062a\u0642\u0644\u0629 \u0644\u0644\u0623\u0646\u0628\u0627\u0621 \u0627\u0644\u0639\u0627\u0645\u0629","publisher":{"@id":"https:\/\/lequotidien.mr\/#organization"},"potentialAction":[{"@type":"SearchAction","target":{"@type":"EntryPoint","urlTemplate":"https:\/\/lequotidien.mr\/?s={search_term_string}"},"query-input":{"@type":"PropertyValueSpecification","valueRequired":true,"valueName":"search_term_string"}}],"inLanguage":"ar"},{"@type":"Organization","@id":"https:\/\/lequotidien.mr\/#organization","name":"Le Quotidien de Nouakchott","url":"https:\/\/lequotidien.mr\/","logo":{"@type":"ImageObject","inLanguage":"ar","@id":"https:\/\/lequotidien.mr\/#\/schema\/logo\/image\/","url":"https:\/\/lequotidien.mr\/wp-content\/uploads\/2022\/11\/logolequotidien.jpg","contentUrl":"https:\/\/lequotidien.mr\/wp-content\/uploads\/2022\/11\/logolequotidien.jpg","width":290,"height":65,"caption":"Le Quotidien de Nouakchott"},"image":{"@id":"https:\/\/lequotidien.mr\/#\/schema\/logo\/image\/"},"sameAs":["https:\/\/web.facebook.com\/lequotidienmr","https:\/\/x.com\/lequotidienmr"]},{"@type":"Person","@id":"https:\/\/lequotidien.mr\/#\/schema\/person\/d2d350202a4d599685ed8abc25f97596","name":"Med Ahmed","image":{"@type":"ImageObject","inLanguage":"ar","@id":"https:\/\/secure.gravatar.com\/avatar\/fd2acc62ed50732923d1d39c17172c9b04149f142be92310ecc69e1358f94b52?s=96&d=mm&r=g","url":"https:\/\/secure.gravatar.com\/avatar\/fd2acc62ed50732923d1d39c17172c9b04149f142be92310ecc69e1358f94b52?s=96&d=mm&r=g","contentUrl":"https:\/\/secure.gravatar.com\/avatar\/fd2acc62ed50732923d1d39c17172c9b04149f142be92310ecc69e1358f94b52?s=96&d=mm&r=g","caption":"Med Ahmed"},"url":"https:\/\/lequotidien.mr\/?author=12"}]}},"_links":{"self":[{"href":"https:\/\/lequotidien.mr\/index.php?rest_route=\/wp\/v2\/posts\/24167","targetHints":{"allow":["GET"]}}],"collection":[{"href":"https:\/\/lequotidien.mr\/index.php?rest_route=\/wp\/v2\/posts"}],"about":[{"href":"https:\/\/lequotidien.mr\/index.php?rest_route=\/wp\/v2\/types\/post"}],"author":[{"embeddable":true,"href":"https:\/\/lequotidien.mr\/index.php?rest_route=\/wp\/v2\/users\/12"}],"replies":[{"embeddable":true,"href":"https:\/\/lequotidien.mr\/index.php?rest_route=%2Fwp%2Fv2%2Fcomments&post=24167"}],"version-history":[{"count":1,"href":"https:\/\/lequotidien.mr\/index.php?rest_route=\/wp\/v2\/posts\/24167\/revisions"}],"predecessor-version":[{"id":24169,"href":"https:\/\/lequotidien.mr\/index.php?rest_route=\/wp\/v2\/posts\/24167\/revisions\/24169"}],"wp:featuredmedia":[{"embeddable":true,"href":"https:\/\/lequotidien.mr\/index.php?rest_route=\/wp\/v2\/media\/24168"}],"wp:attachment":[{"href":"https:\/\/lequotidien.mr\/index.php?rest_route=%2Fwp%2Fv2%2Fmedia&parent=24167"}],"wp:term":[{"taxonomy":"category","embeddable":true,"href":"https:\/\/lequotidien.mr\/index.php?rest_route=%2Fwp%2Fv2%2Fcategories&post=24167"},{"taxonomy":"post_tag","embeddable":true,"href":"https:\/\/lequotidien.mr\/index.php?rest_route=%2Fwp%2Fv2%2Ftags&post=24167"}],"curies":[{"name":"wp","href":"https:\/\/api.w.org\/{rel}","templated":true}]}}