{"id":24063,"date":"2024-12-28T12:59:28","date_gmt":"2024-12-28T12:59:28","guid":{"rendered":"https:\/\/lequotidien.mr\/?p=24063"},"modified":"2024-12-28T12:59:28","modified_gmt":"2024-12-28T12:59:28","slug":"mauritanie-le-premier-ministre-lance-des-missions-ministerielles-pour-identifier-les-priorites-des-citoyens","status":"publish","type":"post","link":"https:\/\/lequotidien.mr\/?p=24063&lang=fr","title":{"rendered":"Mauritanie : Le Premier ministre lance des missions minist\u00e9rielles pour identifier les priorit\u00e9s des citoyens"},"content":{"rendered":"<p style=\"text-align: justify;\">Le Premier ministre mauritanien, <strong>Moctar Ould Diay<\/strong>, a ordonn\u00e9 l\u2019envoi de missions minist\u00e9rielles dans les diff\u00e9rentes wilayas du pays afin d\u2019identifier les priorit\u00e9s et les besoins quotidiens des populations. Cette initiative vise \u00e0 renforcer le lien entre le gouvernement et les citoyens, tout en apportant des solutions adapt\u00e9es aux d\u00e9fis locaux.<\/p>\n<p style=\"text-align: justify;\">Cette d\u00e9cision a \u00e9t\u00e9 prise lors d\u2019une r\u00e9union tenue mercredi, regroupant plusieurs parties prenantes, notamment des ministres concern\u00e9s, des pr\u00e9sidents de groupes parlementaires, l\u2019Association des pr\u00e9sidents de r\u00e9gions, l\u2019Association des maires, ainsi que l\u2019Association des parents d\u2019\u00e9l\u00e8ves.<\/p>\n<p style=\"text-align: justify;\">Au cours de cette rencontre, le Premier ministre a insist\u00e9 sur l\u2019urgence de mener une approche participative pour mieux cerner les attentes des citoyens, en mettant un accent particulier sur les secteurs de la <strong>sant\u00e9<\/strong> et de l\u2019<strong>\u00e9ducation<\/strong>.<\/p>\n<p style=\"text-align: justify;\">Selon l\u2019Agence Mauritanienne d\u2019Information, Moctar Ould Diay a reconnu que ces deux secteurs vitaux sont confront\u00e9s \u00e0 des d\u00e9fis importants. Il a appel\u00e9 \u00e0 des <strong>efforts concert\u00e9s<\/strong> entre tous les acteurs, y compris les autorit\u00e9s locales et les repr\u00e9sentants des communaut\u00e9s, pour surmonter ces obstacles.<\/p>\n<p style=\"text-align: justify;\">La r\u00e9union a \u00e9galement permis d\u2019\u00e9valuer les plateformes num\u00e9riques <strong>\u00ab Communaut\u00e9 Sant\u00e9 \u00bb<\/strong> et <strong>\u00ab Communaut\u00e9 \u00c9ducation \u00bb<\/strong>, qui jouent un r\u00f4le essentiel dans le suivi et l\u2019\u00e9valuation des performances des secteurs concern\u00e9s. Ces outils permettent de recueillir des donn\u00e9es en temps r\u00e9el et d\u2019ajuster les politiques publiques en fonction des besoins identifi\u00e9s.<\/p>\n<p style=\"text-align: justify;\">Cette initiative s\u2019inscrit dans une volont\u00e9 du gouvernement de renforcer la <strong>proximit\u00e9 avec les citoyens<\/strong> et de mieux r\u00e9pondre \u00e0 leurs attentes. En d\u00e9ployant des missions minist\u00e9rielles sur le terrain, l\u2019objectif est de mieux comprendre les r\u00e9alit\u00e9s locales et d\u2019apporter des solutions concr\u00e8tes et adapt\u00e9es.<\/p>\n<p style=\"text-align: justify;\">Le succ\u00e8s de cette initiative d\u00e9pendra de la capacit\u00e9 des missions \u00e0 identifier les besoins prioritaires des populations et \u00e0 traduire ces observations en actions concr\u00e8tes pour am\u00e9liorer les conditions de vie dans toutes les wilayas du pays.<\/p>\n<p style=\"text-align: justify;\">\n","protected":false},"excerpt":{"rendered":"<p>Le Premier ministre mauritanien, Moctar Ould Diay, a ordonn\u00e9 l\u2019envoi de missions minist\u00e9rielles dans les diff\u00e9rentes wilayas du pays afin d\u2019identifier les priorit\u00e9s et les besoins quotidiens des populations. Cette initiative vise \u00e0 renforcer le lien entre le gouvernement et les citoyens, tout en apportant des solutions adapt\u00e9es aux d\u00e9fis locaux. Cette d\u00e9cision a \u00e9t\u00e9&#8230;..<\/p>\n","protected":false},"author":4,"featured_media":24064,"comment_status":"open","ping_status":"open","sticky":false,"template":"","format":"standard","meta":{"footnotes":""},"categories":[23,57],"tags":[],"class_list":["post-24063","post","type-post","status-publish","format-standard","has-post-thumbnail","hentry","category-actualite","category-couverture-specilale"],"yoast_head":"<!-- This site is optimized with the Yoast SEO plugin v27.5 - https:\/\/yoast.com\/product\/yoast-seo-wordpress\/ -->\n<title>Mauritanie : Le Premier ministre lance des missions minist\u00e9rielles pour identifier les priorit\u00e9s des citoyens - Le Quotidien de Nouakchott<\/title>\n<meta name=\"robots\" content=\"index, follow, max-snippet:-1, max-image-preview:large, max-video-preview:-1\" \/>\n<link rel=\"canonical\" href=\"https:\/\/lequotidien.mr\/?p=24063&lang=fr\" \/>\n<meta property=\"og:locale\" content=\"ar_AR\" \/>\n<meta property=\"og:type\" content=\"article\" \/>\n<meta property=\"og:title\" content=\"Mauritanie : Le Premier ministre lance des missions minist\u00e9rielles pour identifier les priorit\u00e9s des citoyens - Le Quotidien de Nouakchott\" \/>\n<meta property=\"og:description\" content=\"Le Premier ministre mauritanien, Moctar Ould Diay, a ordonn\u00e9 l\u2019envoi de missions minist\u00e9rielles dans les diff\u00e9rentes wilayas du pays afin d\u2019identifier les priorit\u00e9s et les besoins quotidiens des populations. Cette initiative vise \u00e0 renforcer le lien entre le gouvernement et les citoyens, tout en apportant des solutions adapt\u00e9es aux d\u00e9fis locaux. Cette d\u00e9cision a \u00e9t\u00e9.....\" \/>\n<meta property=\"og:url\" content=\"https:\/\/lequotidien.mr\/?p=24063&amp;lang=fr\" \/>\n<meta property=\"og:site_name\" content=\"Le Quotidien de Nouakchott\" \/>\n<meta property=\"article:publisher\" content=\"https:\/\/web.facebook.com\/lequotidienmr\" \/>\n<meta property=\"article:published_time\" content=\"2024-12-28T12:59:28+00:00\" \/>\n<meta property=\"og:image\" content=\"https:\/\/lequotidien.mr\/wp-content\/uploads\/2024\/12\/ould_diay_FB_IMG_1725380594394.jpg\" \/>\n\t<meta property=\"og:image:width\" content=\"720\" \/>\n\t<meta property=\"og:image:height\" content=\"536\" \/>\n\t<meta property=\"og:image:type\" content=\"image\/jpeg\" \/>\n<meta name=\"author\" content=\"Le Quotidien\" \/>\n<meta name=\"twitter:card\" content=\"summary_large_image\" \/>\n<meta name=\"twitter:creator\" content=\"@lequotidienmr\" \/>\n<meta name=\"twitter:site\" content=\"@lequotidienmr\" \/>\n<meta name=\"twitter:label1\" content=\"\u0643\u064f\u062a\u0628 \u0628\u0648\u0627\u0633\u0637\u0629\" \/>\n\t<meta name=\"twitter:data1\" content=\"Le Quotidien\" \/>\n\t<meta name=\"twitter:label2\" content=\"\u0648\u0642\u062a \u0627\u0644\u0642\u0631\u0627\u0621\u0629 \u0627\u0644\u0645\u064f\u0642\u062f\u0651\u0631\" \/>\n\t<meta name=\"twitter:data2\" content=\"\u062f\u0642\u064a\u0642\u062a\u0627\u0646\" \/>\n<script type=\"application\/ld+json\" class=\"yoast-schema-graph\">{\"@context\":\"https:\\\/\\\/schema.org\",\"@graph\":[{\"@type\":\"Article\",\"@id\":\"https:\\\/\\\/lequotidien.mr\\\/?p=24063&lang=fr#article\",\"isPartOf\":{\"@id\":\"https:\\\/\\\/lequotidien.mr\\\/?p=24063&lang=fr\"},\"author\":{\"name\":\"Le Quotidien\",\"@id\":\"https:\\\/\\\/lequotidien.mr\\\/#\\\/schema\\\/person\\\/f90fcdaa970c60288de4ed2e64a56472\"},\"headline\":\"Mauritanie : Le Premier ministre lance des missions minist\u00e9rielles pour identifier les priorit\u00e9s des citoyens\",\"datePublished\":\"2024-12-28T12:59:28+00:00\",\"mainEntityOfPage\":{\"@id\":\"https:\\\/\\\/lequotidien.mr\\\/?p=24063&lang=fr\"},\"wordCount\":366,\"commentCount\":0,\"publisher\":{\"@id\":\"https:\\\/\\\/lequotidien.mr\\\/#organization\"},\"image\":{\"@id\":\"https:\\\/\\\/lequotidien.mr\\\/?p=24063&lang=fr#primaryimage\"},\"thumbnailUrl\":\"https:\\\/\\\/lequotidien.mr\\\/wp-content\\\/uploads\\\/2024\\\/12\\\/ould_diay_FB_IMG_1725380594394.jpg\",\"articleSection\":[\"ACTUALIT\u00c9\",\"Couverture sp\u00e9cilale\"],\"inLanguage\":\"ar\",\"potentialAction\":[{\"@type\":\"CommentAction\",\"name\":\"Comment\",\"target\":[\"https:\\\/\\\/lequotidien.mr\\\/?p=24063&lang=fr#respond\"]}]},{\"@type\":\"WebPage\",\"@id\":\"https:\\\/\\\/lequotidien.mr\\\/?p=24063&lang=fr\",\"url\":\"https:\\\/\\\/lequotidien.mr\\\/?p=24063&lang=fr\",\"name\":\"Mauritanie : Le Premier ministre lance des missions minist\u00e9rielles pour identifier les priorit\u00e9s des citoyens - Le Quotidien de Nouakchott\",\"isPartOf\":{\"@id\":\"https:\\\/\\\/lequotidien.mr\\\/#website\"},\"primaryImageOfPage\":{\"@id\":\"https:\\\/\\\/lequotidien.mr\\\/?p=24063&lang=fr#primaryimage\"},\"image\":{\"@id\":\"https:\\\/\\\/lequotidien.mr\\\/?p=24063&lang=fr#primaryimage\"},\"thumbnailUrl\":\"https:\\\/\\\/lequotidien.mr\\\/wp-content\\\/uploads\\\/2024\\\/12\\\/ould_diay_FB_IMG_1725380594394.jpg\",\"datePublished\":\"2024-12-28T12:59:28+00:00\",\"breadcrumb\":{\"@id\":\"https:\\\/\\\/lequotidien.mr\\\/?p=24063&lang=fr#breadcrumb\"},\"inLanguage\":\"ar\",\"potentialAction\":[{\"@type\":\"ReadAction\",\"target\":[\"https:\\\/\\\/lequotidien.mr\\\/?p=24063&lang=fr\"]}]},{\"@type\":\"ImageObject\",\"inLanguage\":\"ar\",\"@id\":\"https:\\\/\\\/lequotidien.mr\\\/?p=24063&lang=fr#primaryimage\",\"url\":\"https:\\\/\\\/lequotidien.mr\\\/wp-content\\\/uploads\\\/2024\\\/12\\\/ould_diay_FB_IMG_1725380594394.jpg\",\"contentUrl\":\"https:\\\/\\\/lequotidien.mr\\\/wp-content\\\/uploads\\\/2024\\\/12\\\/ould_diay_FB_IMG_1725380594394.jpg\",\"width\":720,\"height\":536},{\"@type\":\"BreadcrumbList\",\"@id\":\"https:\\\/\\\/lequotidien.mr\\\/?p=24063&lang=fr#breadcrumb\",\"itemListElement\":[{\"@type\":\"ListItem\",\"position\":1,\"name\":\"Home\",\"item\":\"https:\\\/\\\/lequotidien.mr\\\/\"},{\"@type\":\"ListItem\",\"position\":2,\"name\":\"Mauritanie : Le Premier ministre lance des missions minist\u00e9rielles pour identifier les priorit\u00e9s des citoyens\"}]},{\"@type\":\"WebSite\",\"@id\":\"https:\\\/\\\/lequotidien.mr\\\/#website\",\"url\":\"https:\\\/\\\/lequotidien.mr\\\/\",\"name\":\"Le Quotidien de Nouakchott\",\"description\":\"\u0625\u062e\u0628\u0627\u0631\u064a\u0629 \u0645\u0633\u062a\u0642\u0644\u0629 \u0644\u0644\u0623\u0646\u0628\u0627\u0621 \u0627\u0644\u0639\u0627\u0645\u0629\",\"publisher\":{\"@id\":\"https:\\\/\\\/lequotidien.mr\\\/#organization\"},\"potentialAction\":[{\"@type\":\"SearchAction\",\"target\":{\"@type\":\"EntryPoint\",\"urlTemplate\":\"https:\\\/\\\/lequotidien.mr\\\/?s={search_term_string}\"},\"query-input\":{\"@type\":\"PropertyValueSpecification\",\"valueRequired\":true,\"valueName\":\"search_term_string\"}}],\"inLanguage\":\"ar\"},{\"@type\":\"Organization\",\"@id\":\"https:\\\/\\\/lequotidien.mr\\\/#organization\",\"name\":\"Le Quotidien de Nouakchott\",\"url\":\"https:\\\/\\\/lequotidien.mr\\\/\",\"logo\":{\"@type\":\"ImageObject\",\"inLanguage\":\"ar\",\"@id\":\"https:\\\/\\\/lequotidien.mr\\\/#\\\/schema\\\/logo\\\/image\\\/\",\"url\":\"https:\\\/\\\/lequotidien.mr\\\/wp-content\\\/uploads\\\/2022\\\/11\\\/logolequotidien.jpg\",\"contentUrl\":\"https:\\\/\\\/lequotidien.mr\\\/wp-content\\\/uploads\\\/2022\\\/11\\\/logolequotidien.jpg\",\"width\":290,\"height\":65,\"caption\":\"Le Quotidien de Nouakchott\"},\"image\":{\"@id\":\"https:\\\/\\\/lequotidien.mr\\\/#\\\/schema\\\/logo\\\/image\\\/\"},\"sameAs\":[\"https:\\\/\\\/web.facebook.com\\\/lequotidienmr\",\"https:\\\/\\\/x.com\\\/lequotidienmr\"]},{\"@type\":\"Person\",\"@id\":\"https:\\\/\\\/lequotidien.mr\\\/#\\\/schema\\\/person\\\/f90fcdaa970c60288de4ed2e64a56472\",\"name\":\"Le Quotidien\",\"image\":{\"@type\":\"ImageObject\",\"inLanguage\":\"ar\",\"@id\":\"https:\\\/\\\/secure.gravatar.com\\\/avatar\\\/374cb39a1a458a912465a93e5a3ce6546886fc3da809a1f10c63e4e8fcbca30f?s=96&d=mm&r=g\",\"url\":\"https:\\\/\\\/secure.gravatar.com\\\/avatar\\\/374cb39a1a458a912465a93e5a3ce6546886fc3da809a1f10c63e4e8fcbca30f?s=96&d=mm&r=g\",\"contentUrl\":\"https:\\\/\\\/secure.gravatar.com\\\/avatar\\\/374cb39a1a458a912465a93e5a3ce6546886fc3da809a1f10c63e4e8fcbca30f?s=96&d=mm&r=g\",\"caption\":\"Le Quotidien\"},\"sameAs\":[\"https:\\\/\\\/lequotidien.mr\\\/\"],\"url\":\"https:\\\/\\\/lequotidien.mr\\\/?author=4\"}]}<\/script>\n<!-- \/ Yoast SEO plugin. -->","yoast_head_json":{"title":"Mauritanie : Le Premier ministre lance des missions minist\u00e9rielles pour identifier les priorit\u00e9s des citoyens - Le Quotidien de Nouakchott","robots":{"index":"index","follow":"follow","max-snippet":"max-snippet:-1","max-image-preview":"max-image-preview:large","max-video-preview":"max-video-preview:-1"},"canonical":"https:\/\/lequotidien.mr\/?p=24063&lang=fr","og_locale":"ar_AR","og_type":"article","og_title":"Mauritanie : Le Premier ministre lance des missions minist\u00e9rielles pour identifier les priorit\u00e9s des citoyens - Le Quotidien de Nouakchott","og_description":"Le Premier ministre mauritanien, Moctar Ould Diay, a ordonn\u00e9 l\u2019envoi de missions minist\u00e9rielles dans les diff\u00e9rentes wilayas du pays afin d\u2019identifier les priorit\u00e9s et les besoins quotidiens des populations. Cette initiative vise \u00e0 renforcer le lien entre le gouvernement et les citoyens, tout en apportant des solutions adapt\u00e9es aux d\u00e9fis locaux. Cette d\u00e9cision a \u00e9t\u00e9.....","og_url":"https:\/\/lequotidien.mr\/?p=24063&lang=fr","og_site_name":"Le Quotidien de Nouakchott","article_publisher":"https:\/\/web.facebook.com\/lequotidienmr","article_published_time":"2024-12-28T12:59:28+00:00","og_image":[{"width":720,"height":536,"url":"https:\/\/lequotidien.mr\/wp-content\/uploads\/2024\/12\/ould_diay_FB_IMG_1725380594394.jpg","type":"image\/jpeg"}],"author":"Le Quotidien","twitter_card":"summary_large_image","twitter_creator":"@lequotidienmr","twitter_site":"@lequotidienmr","twitter_misc":{"\u0643\u064f\u062a\u0628 \u0628\u0648\u0627\u0633\u0637\u0629":"Le Quotidien","\u0648\u0642\u062a \u0627\u0644\u0642\u0631\u0627\u0621\u0629 \u0627\u0644\u0645\u064f\u0642\u062f\u0651\u0631":"\u062f\u0642\u064a\u0642\u062a\u0627\u0646"},"schema":{"@context":"https:\/\/schema.org","@graph":[{"@type":"Article","@id":"https:\/\/lequotidien.mr\/?p=24063&lang=fr#article","isPartOf":{"@id":"https:\/\/lequotidien.mr\/?p=24063&lang=fr"},"author":{"name":"Le Quotidien","@id":"https:\/\/lequotidien.mr\/#\/schema\/person\/f90fcdaa970c60288de4ed2e64a56472"},"headline":"Mauritanie : Le Premier ministre lance des missions minist\u00e9rielles pour identifier les priorit\u00e9s des citoyens","datePublished":"2024-12-28T12:59:28+00:00","mainEntityOfPage":{"@id":"https:\/\/lequotidien.mr\/?p=24063&lang=fr"},"wordCount":366,"commentCount":0,"publisher":{"@id":"https:\/\/lequotidien.mr\/#organization"},"image":{"@id":"https:\/\/lequotidien.mr\/?p=24063&lang=fr#primaryimage"},"thumbnailUrl":"https:\/\/lequotidien.mr\/wp-content\/uploads\/2024\/12\/ould_diay_FB_IMG_1725380594394.jpg","articleSection":["ACTUALIT\u00c9","Couverture sp\u00e9cilale"],"inLanguage":"ar","potentialAction":[{"@type":"CommentAction","name":"Comment","target":["https:\/\/lequotidien.mr\/?p=24063&lang=fr#respond"]}]},{"@type":"WebPage","@id":"https:\/\/lequotidien.mr\/?p=24063&lang=fr","url":"https:\/\/lequotidien.mr\/?p=24063&lang=fr","name":"Mauritanie : Le Premier ministre lance des missions minist\u00e9rielles pour identifier les priorit\u00e9s des citoyens - Le Quotidien de Nouakchott","isPartOf":{"@id":"https:\/\/lequotidien.mr\/#website"},"primaryImageOfPage":{"@id":"https:\/\/lequotidien.mr\/?p=24063&lang=fr#primaryimage"},"image":{"@id":"https:\/\/lequotidien.mr\/?p=24063&lang=fr#primaryimage"},"thumbnailUrl":"https:\/\/lequotidien.mr\/wp-content\/uploads\/2024\/12\/ould_diay_FB_IMG_1725380594394.jpg","datePublished":"2024-12-28T12:59:28+00:00","breadcrumb":{"@id":"https:\/\/lequotidien.mr\/?p=24063&lang=fr#breadcrumb"},"inLanguage":"ar","potentialAction":[{"@type":"ReadAction","target":["https:\/\/lequotidien.mr\/?p=24063&lang=fr"]}]},{"@type":"ImageObject","inLanguage":"ar","@id":"https:\/\/lequotidien.mr\/?p=24063&lang=fr#primaryimage","url":"https:\/\/lequotidien.mr\/wp-content\/uploads\/2024\/12\/ould_diay_FB_IMG_1725380594394.jpg","contentUrl":"https:\/\/lequotidien.mr\/wp-content\/uploads\/2024\/12\/ould_diay_FB_IMG_1725380594394.jpg","width":720,"height":536},{"@type":"BreadcrumbList","@id":"https:\/\/lequotidien.mr\/?p=24063&lang=fr#breadcrumb","itemListElement":[{"@type":"ListItem","position":1,"name":"Home","item":"https:\/\/lequotidien.mr\/"},{"@type":"ListItem","position":2,"name":"Mauritanie : Le Premier ministre lance des missions minist\u00e9rielles pour identifier les priorit\u00e9s des citoyens"}]},{"@type":"WebSite","@id":"https:\/\/lequotidien.mr\/#website","url":"https:\/\/lequotidien.mr\/","name":"Le Quotidien de Nouakchott","description":"\u0625\u062e\u0628\u0627\u0631\u064a\u0629 \u0645\u0633\u062a\u0642\u0644\u0629 \u0644\u0644\u0623\u0646\u0628\u0627\u0621 \u0627\u0644\u0639\u0627\u0645\u0629","publisher":{"@id":"https:\/\/lequotidien.mr\/#organization"},"potentialAction":[{"@type":"SearchAction","target":{"@type":"EntryPoint","urlTemplate":"https:\/\/lequotidien.mr\/?s={search_term_string}"},"query-input":{"@type":"PropertyValueSpecification","valueRequired":true,"valueName":"search_term_string"}}],"inLanguage":"ar"},{"@type":"Organization","@id":"https:\/\/lequotidien.mr\/#organization","name":"Le Quotidien de Nouakchott","url":"https:\/\/lequotidien.mr\/","logo":{"@type":"ImageObject","inLanguage":"ar","@id":"https:\/\/lequotidien.mr\/#\/schema\/logo\/image\/","url":"https:\/\/lequotidien.mr\/wp-content\/uploads\/2022\/11\/logolequotidien.jpg","contentUrl":"https:\/\/lequotidien.mr\/wp-content\/uploads\/2022\/11\/logolequotidien.jpg","width":290,"height":65,"caption":"Le Quotidien de Nouakchott"},"image":{"@id":"https:\/\/lequotidien.mr\/#\/schema\/logo\/image\/"},"sameAs":["https:\/\/web.facebook.com\/lequotidienmr","https:\/\/x.com\/lequotidienmr"]},{"@type":"Person","@id":"https:\/\/lequotidien.mr\/#\/schema\/person\/f90fcdaa970c60288de4ed2e64a56472","name":"Le Quotidien","image":{"@type":"ImageObject","inLanguage":"ar","@id":"https:\/\/secure.gravatar.com\/avatar\/374cb39a1a458a912465a93e5a3ce6546886fc3da809a1f10c63e4e8fcbca30f?s=96&d=mm&r=g","url":"https:\/\/secure.gravatar.com\/avatar\/374cb39a1a458a912465a93e5a3ce6546886fc3da809a1f10c63e4e8fcbca30f?s=96&d=mm&r=g","contentUrl":"https:\/\/secure.gravatar.com\/avatar\/374cb39a1a458a912465a93e5a3ce6546886fc3da809a1f10c63e4e8fcbca30f?s=96&d=mm&r=g","caption":"Le Quotidien"},"sameAs":["https:\/\/lequotidien.mr\/"],"url":"https:\/\/lequotidien.mr\/?author=4"}]}},"_links":{"self":[{"href":"https:\/\/lequotidien.mr\/index.php?rest_route=\/wp\/v2\/posts\/24063","targetHints":{"allow":["GET"]}}],"collection":[{"href":"https:\/\/lequotidien.mr\/index.php?rest_route=\/wp\/v2\/posts"}],"about":[{"href":"https:\/\/lequotidien.mr\/index.php?rest_route=\/wp\/v2\/types\/post"}],"author":[{"embeddable":true,"href":"https:\/\/lequotidien.mr\/index.php?rest_route=\/wp\/v2\/users\/4"}],"replies":[{"embeddable":true,"href":"https:\/\/lequotidien.mr\/index.php?rest_route=%2Fwp%2Fv2%2Fcomments&post=24063"}],"version-history":[{"count":1,"href":"https:\/\/lequotidien.mr\/index.php?rest_route=\/wp\/v2\/posts\/24063\/revisions"}],"predecessor-version":[{"id":24065,"href":"https:\/\/lequotidien.mr\/index.php?rest_route=\/wp\/v2\/posts\/24063\/revisions\/24065"}],"wp:featuredmedia":[{"embeddable":true,"href":"https:\/\/lequotidien.mr\/index.php?rest_route=\/wp\/v2\/media\/24064"}],"wp:attachment":[{"href":"https:\/\/lequotidien.mr\/index.php?rest_route=%2Fwp%2Fv2%2Fmedia&parent=24063"}],"wp:term":[{"taxonomy":"category","embeddable":true,"href":"https:\/\/lequotidien.mr\/index.php?rest_route=%2Fwp%2Fv2%2Fcategories&post=24063"},{"taxonomy":"post_tag","embeddable":true,"href":"https:\/\/lequotidien.mr\/index.php?rest_route=%2Fwp%2Fv2%2Ftags&post=24063"}],"curies":[{"name":"wp","href":"https:\/\/api.w.org\/{rel}","templated":true}]}}