{"id":24057,"date":"2024-12-28T12:53:04","date_gmt":"2024-12-28T12:53:04","guid":{"rendered":"https:\/\/lequotidien.mr\/?p=24057"},"modified":"2024-12-28T12:53:04","modified_gmt":"2024-12-28T12:53:04","slug":"serie-de-nominations-au-sommet-des-forces-armees-et-de-securite","status":"publish","type":"post","link":"https:\/\/lequotidien.mr\/?p=24057&lang=fr","title":{"rendered":"\u00a0\u00a0S\u00e9rie de nominations au sommet des forces arm\u00e9es et de s\u00e9curit\u00e9"},"content":{"rendered":"<p>La Pr\u00e9sidence de la R\u00e9publique islamique de Mauritanie a annonc\u00e9, par une s\u00e9rie de d\u00e9crets rendus publics ce jeudi, plusieurs nominations majeures au sein des forces arm\u00e9es et de s\u00e9curit\u00e9. Ces changements strat\u00e9giques visent \u00e0 renforcer les capacit\u00e9s institutionnelles et \u00e0 r\u00e9organiser les hauts commandements militaires et s\u00e9curitaires du pays.<\/p>\n<h3>Nomination du chef d\u2019\u00e9tat-major g\u00e9n\u00e9ral des arm\u00e9es<\/h3>\n<p>Le g\u00e9n\u00e9ral de division <strong>Mohamed Vall Rais Rais<\/strong> a \u00e9t\u00e9 nomm\u00e9 chef d\u2019\u00e9tat-major g\u00e9n\u00e9ral des arm\u00e9es. Ce poste crucial fait de lui le principal responsable de la planification et de l\u2019ex\u00e9cution des op\u00e9rations militaires nationales.<\/p>\n<h3>Chef adjoint d\u2019\u00e9tat-major g\u00e9n\u00e9ral des arm\u00e9es<\/h3>\n<p>Le g\u00e9n\u00e9ral de division <strong>Mohamed El Mokhtar Cheikh Menni<\/strong> a \u00e9t\u00e9 d\u00e9sign\u00e9 chef adjoint d\u2019\u00e9tat-major g\u00e9n\u00e9ral des arm\u00e9es. Sa mission consistera \u00e0 assister le chef d\u2019\u00e9tat-major dans la gestion des forces arm\u00e9es, avec un r\u00f4le de coordination op\u00e9rationnelle.<\/p>\n<h3>Directeur g\u00e9n\u00e9ral de la s\u00e9curit\u00e9 ext\u00e9rieure et de la documentation<\/h3>\n<p>Le g\u00e9n\u00e9ral de division <strong>Sa\u00efdou Samba Dia<\/strong> a \u00e9t\u00e9 nomm\u00e9 directeur g\u00e9n\u00e9ral de la s\u00e9curit\u00e9 ext\u00e9rieure et de la documentation. Cette direction joue un r\u00f4le cl\u00e9 dans la collecte de renseignements et la s\u00e9curit\u00e9 nationale.<\/p>\n<h3>Inspecteur g\u00e9n\u00e9ral des forces arm\u00e9es et de s\u00e9curit\u00e9<\/h3>\n<p>Le g\u00e9n\u00e9ral de division <strong>Abba Babti El Haj Ahmed<\/strong> a \u00e9t\u00e9 nomm\u00e9 inspecteur g\u00e9n\u00e9ral des forces arm\u00e9es et de s\u00e9curit\u00e9. Il sera charg\u00e9 de superviser et d\u2019\u00e9valuer la performance et la discipline au sein des forces arm\u00e9es et des corps de s\u00e9curit\u00e9.<\/p>\n<h3>Commandant de la gendarmerie nationale<\/h3>\n<p>Le g\u00e9n\u00e9ral de division <strong>Ahmed Mahmoud Mohamed Abdallah Taya<\/strong> a \u00e9t\u00e9 nomm\u00e9 commandant de la gendarmerie nationale. Cette nomination marque une nouvelle \u00e8re pour l&#8217;institution charg\u00e9e de la s\u00e9curit\u00e9 int\u00e9rieure et de l\u2019ordre public.<\/p>\n<h3>Chef d\u2019\u00e9tat-major particulier du pr\u00e9sident de la R\u00e9publique<\/h3>\n<p>Le g\u00e9n\u00e9ral de division <strong>Brahim Vall Cheibani Cheikh Ahmed<\/strong> a \u00e9t\u00e9 d\u00e9sign\u00e9 chef d\u2019\u00e9tat-major particulier du pr\u00e9sident de la R\u00e9publique. Il agira comme principal conseiller militaire aupr\u00e8s du chef de l\u2019\u00c9tat.<\/p>\n<h3>Commandant du Coll\u00e8ge de D\u00e9fense du Groupe Sahel<\/h3>\n<p>La Pr\u00e9sidence de la R\u00e9publique a \u00e9galement annonc\u00e9 que, par d\u00e9cret publi\u00e9 jeudi, le colonel <strong>Mohamed Lemine Mohamed Blal<\/strong> a \u00e9t\u00e9 nomm\u00e9 commandant du Coll\u00e8ge de D\u00e9fense du Groupe Sahel. Cette institution r\u00e9gionale strat\u00e9gique est essentielle pour le renforcement des capacit\u00e9s de d\u00e9fense collective au sein des pays du G5 Sahel.<\/p>\n<h3>R\u00e9organisation strat\u00e9gique<\/h3>\n<p>Ces nominations interviennent dans un contexte de renforcement des institutions militaires et s\u00e9curitaires du pays. Elles traduisent une volont\u00e9 de modernisation et d\u2019efficacit\u00e9 accrue dans un environnement marqu\u00e9 par des d\u00e9fis s\u00e9curitaires r\u00e9gionaux et internationaux.<\/p>\n<h3>Vers une stabilit\u00e9 renforc\u00e9e<\/h3>\n<p>Avec ces nouveaux responsables aux commandes, la Mauritanie entend consolider sa souverainet\u00e9 et sa s\u00e9curit\u00e9 tout en relevant les d\u00e9fis actuels li\u00e9s \u00e0 la lutte contre le terrorisme, \u00e0 la gestion des fronti\u00e8res et \u00e0 la s\u00e9curit\u00e9 int\u00e9rieure.<\/p>\n<p>Ces changements strat\u00e9giques t\u00e9moignent de l\u2019importance accord\u00e9e par le gouvernement \u00e0 la stabilit\u00e9 et \u00e0 la modernisation des forces de d\u00e9fense et de s\u00e9curit\u00e9. Les nouveaux dirigeants porteront la responsabilit\u00e9 de garantir la continuit\u00e9 et l\u2019am\u00e9lioration des performances institutionnelles du pays.<\/p>\n<p>&nbsp;<\/p>\n<p>&nbsp;<\/p>\n<p>&nbsp;<\/p>\n","protected":false},"excerpt":{"rendered":"<p>La Pr\u00e9sidence de la R\u00e9publique islamique de Mauritanie a annonc\u00e9, par une s\u00e9rie de d\u00e9crets rendus publics ce jeudi, plusieurs nominations majeures au sein des forces arm\u00e9es et de s\u00e9curit\u00e9. Ces changements strat\u00e9giques visent \u00e0 renforcer les capacit\u00e9s institutionnelles et \u00e0 r\u00e9organiser les hauts commandements militaires et s\u00e9curitaires du pays. Nomination du chef d\u2019\u00e9tat-major g\u00e9n\u00e9ral&#8230;..<\/p>\n","protected":false},"author":4,"featured_media":24058,"comment_status":"open","ping_status":"open","sticky":false,"template":"","format":"standard","meta":{"footnotes":""},"categories":[23,57],"tags":[],"class_list":["post-24057","post","type-post","status-publish","format-standard","has-post-thumbnail","hentry","category-actualite","category-couverture-specilale"],"yoast_head":"<!-- This site is optimized with the Yoast SEO plugin v27.5 - https:\/\/yoast.com\/product\/yoast-seo-wordpress\/ -->\n<title>\u00a0\u00a0S\u00e9rie de nominations au sommet des forces arm\u00e9es et de s\u00e9curit\u00e9 - Le Quotidien de Nouakchott<\/title>\n<meta name=\"robots\" content=\"index, follow, max-snippet:-1, max-image-preview:large, max-video-preview:-1\" \/>\n<link rel=\"canonical\" href=\"https:\/\/lequotidien.mr\/?p=24057&lang=fr\" \/>\n<meta property=\"og:locale\" content=\"ar_AR\" \/>\n<meta property=\"og:type\" content=\"article\" \/>\n<meta property=\"og:title\" content=\"\u00a0\u00a0S\u00e9rie de nominations au sommet des forces arm\u00e9es et de s\u00e9curit\u00e9 - Le Quotidien de Nouakchott\" \/>\n<meta property=\"og:description\" content=\"La Pr\u00e9sidence de la R\u00e9publique islamique de Mauritanie a annonc\u00e9, par une s\u00e9rie de d\u00e9crets rendus publics ce jeudi, plusieurs nominations majeures au sein des forces arm\u00e9es et de s\u00e9curit\u00e9. Ces changements strat\u00e9giques visent \u00e0 renforcer les capacit\u00e9s institutionnelles et \u00e0 r\u00e9organiser les hauts commandements militaires et s\u00e9curitaires du pays. Nomination du chef d\u2019\u00e9tat-major g\u00e9n\u00e9ral.....\" \/>\n<meta property=\"og:url\" content=\"https:\/\/lequotidien.mr\/?p=24057&amp;lang=fr\" \/>\n<meta property=\"og:site_name\" content=\"Le Quotidien de Nouakchott\" \/>\n<meta property=\"article:publisher\" content=\"https:\/\/web.facebook.com\/lequotidienmr\" \/>\n<meta property=\"article:published_time\" content=\"2024-12-28T12:53:04+00:00\" \/>\n<meta property=\"og:image\" content=\"https:\/\/lequotidien.mr\/wp-content\/uploads\/2024\/12\/IMG-20231227-WA0418.jpg\" \/>\n\t<meta property=\"og:image:width\" content=\"239\" \/>\n\t<meta property=\"og:image:height\" content=\"405\" \/>\n\t<meta property=\"og:image:type\" content=\"image\/jpeg\" \/>\n<meta name=\"author\" content=\"Le Quotidien\" \/>\n<meta name=\"twitter:card\" content=\"summary_large_image\" \/>\n<meta name=\"twitter:creator\" content=\"@lequotidienmr\" \/>\n<meta name=\"twitter:site\" content=\"@lequotidienmr\" \/>\n<meta name=\"twitter:label1\" content=\"\u0643\u064f\u062a\u0628 \u0628\u0648\u0627\u0633\u0637\u0629\" \/>\n\t<meta name=\"twitter:data1\" content=\"Le Quotidien\" \/>\n\t<meta name=\"twitter:label2\" content=\"\u0648\u0642\u062a \u0627\u0644\u0642\u0631\u0627\u0621\u0629 \u0627\u0644\u0645\u064f\u0642\u062f\u0651\u0631\" \/>\n\t<meta name=\"twitter:data2\" content=\"3 \u062f\u0642\u0627\u0626\u0642\" \/>\n<script type=\"application\/ld+json\" class=\"yoast-schema-graph\">{\"@context\":\"https:\\\/\\\/schema.org\",\"@graph\":[{\"@type\":\"Article\",\"@id\":\"https:\\\/\\\/lequotidien.mr\\\/?p=24057&lang=fr#article\",\"isPartOf\":{\"@id\":\"https:\\\/\\\/lequotidien.mr\\\/?p=24057&lang=fr\"},\"author\":{\"name\":\"Le Quotidien\",\"@id\":\"https:\\\/\\\/lequotidien.mr\\\/#\\\/schema\\\/person\\\/f90fcdaa970c60288de4ed2e64a56472\"},\"headline\":\"\u00a0\u00a0S\u00e9rie de nominations au sommet des forces arm\u00e9es et de s\u00e9curit\u00e9\",\"datePublished\":\"2024-12-28T12:53:04+00:00\",\"mainEntityOfPage\":{\"@id\":\"https:\\\/\\\/lequotidien.mr\\\/?p=24057&lang=fr\"},\"wordCount\":612,\"commentCount\":0,\"publisher\":{\"@id\":\"https:\\\/\\\/lequotidien.mr\\\/#organization\"},\"image\":{\"@id\":\"https:\\\/\\\/lequotidien.mr\\\/?p=24057&lang=fr#primaryimage\"},\"thumbnailUrl\":\"https:\\\/\\\/lequotidien.mr\\\/wp-content\\\/uploads\\\/2024\\\/12\\\/IMG-20231227-WA0418.jpg\",\"articleSection\":[\"ACTUALIT\u00c9\",\"Couverture sp\u00e9cilale\"],\"inLanguage\":\"ar\",\"potentialAction\":[{\"@type\":\"CommentAction\",\"name\":\"Comment\",\"target\":[\"https:\\\/\\\/lequotidien.mr\\\/?p=24057&lang=fr#respond\"]}]},{\"@type\":\"WebPage\",\"@id\":\"https:\\\/\\\/lequotidien.mr\\\/?p=24057&lang=fr\",\"url\":\"https:\\\/\\\/lequotidien.mr\\\/?p=24057&lang=fr\",\"name\":\"\u00a0\u00a0S\u00e9rie de nominations au sommet des forces arm\u00e9es et de s\u00e9curit\u00e9 - Le Quotidien de Nouakchott\",\"isPartOf\":{\"@id\":\"https:\\\/\\\/lequotidien.mr\\\/#website\"},\"primaryImageOfPage\":{\"@id\":\"https:\\\/\\\/lequotidien.mr\\\/?p=24057&lang=fr#primaryimage\"},\"image\":{\"@id\":\"https:\\\/\\\/lequotidien.mr\\\/?p=24057&lang=fr#primaryimage\"},\"thumbnailUrl\":\"https:\\\/\\\/lequotidien.mr\\\/wp-content\\\/uploads\\\/2024\\\/12\\\/IMG-20231227-WA0418.jpg\",\"datePublished\":\"2024-12-28T12:53:04+00:00\",\"breadcrumb\":{\"@id\":\"https:\\\/\\\/lequotidien.mr\\\/?p=24057&lang=fr#breadcrumb\"},\"inLanguage\":\"ar\",\"potentialAction\":[{\"@type\":\"ReadAction\",\"target\":[\"https:\\\/\\\/lequotidien.mr\\\/?p=24057&lang=fr\"]}]},{\"@type\":\"ImageObject\",\"inLanguage\":\"ar\",\"@id\":\"https:\\\/\\\/lequotidien.mr\\\/?p=24057&lang=fr#primaryimage\",\"url\":\"https:\\\/\\\/lequotidien.mr\\\/wp-content\\\/uploads\\\/2024\\\/12\\\/IMG-20231227-WA0418.jpg\",\"contentUrl\":\"https:\\\/\\\/lequotidien.mr\\\/wp-content\\\/uploads\\\/2024\\\/12\\\/IMG-20231227-WA0418.jpg\",\"width\":239,\"height\":405},{\"@type\":\"BreadcrumbList\",\"@id\":\"https:\\\/\\\/lequotidien.mr\\\/?p=24057&lang=fr#breadcrumb\",\"itemListElement\":[{\"@type\":\"ListItem\",\"position\":1,\"name\":\"Home\",\"item\":\"https:\\\/\\\/lequotidien.mr\\\/\"},{\"@type\":\"ListItem\",\"position\":2,\"name\":\"\u00a0\u00a0S\u00e9rie de nominations au sommet des forces arm\u00e9es et de s\u00e9curit\u00e9\"}]},{\"@type\":\"WebSite\",\"@id\":\"https:\\\/\\\/lequotidien.mr\\\/#website\",\"url\":\"https:\\\/\\\/lequotidien.mr\\\/\",\"name\":\"Le Quotidien de Nouakchott\",\"description\":\"\u0625\u062e\u0628\u0627\u0631\u064a\u0629 \u0645\u0633\u062a\u0642\u0644\u0629 \u0644\u0644\u0623\u0646\u0628\u0627\u0621 \u0627\u0644\u0639\u0627\u0645\u0629\",\"publisher\":{\"@id\":\"https:\\\/\\\/lequotidien.mr\\\/#organization\"},\"potentialAction\":[{\"@type\":\"SearchAction\",\"target\":{\"@type\":\"EntryPoint\",\"urlTemplate\":\"https:\\\/\\\/lequotidien.mr\\\/?s={search_term_string}\"},\"query-input\":{\"@type\":\"PropertyValueSpecification\",\"valueRequired\":true,\"valueName\":\"search_term_string\"}}],\"inLanguage\":\"ar\"},{\"@type\":\"Organization\",\"@id\":\"https:\\\/\\\/lequotidien.mr\\\/#organization\",\"name\":\"Le Quotidien de Nouakchott\",\"url\":\"https:\\\/\\\/lequotidien.mr\\\/\",\"logo\":{\"@type\":\"ImageObject\",\"inLanguage\":\"ar\",\"@id\":\"https:\\\/\\\/lequotidien.mr\\\/#\\\/schema\\\/logo\\\/image\\\/\",\"url\":\"https:\\\/\\\/lequotidien.mr\\\/wp-content\\\/uploads\\\/2022\\\/11\\\/logolequotidien.jpg\",\"contentUrl\":\"https:\\\/\\\/lequotidien.mr\\\/wp-content\\\/uploads\\\/2022\\\/11\\\/logolequotidien.jpg\",\"width\":290,\"height\":65,\"caption\":\"Le Quotidien de Nouakchott\"},\"image\":{\"@id\":\"https:\\\/\\\/lequotidien.mr\\\/#\\\/schema\\\/logo\\\/image\\\/\"},\"sameAs\":[\"https:\\\/\\\/web.facebook.com\\\/lequotidienmr\",\"https:\\\/\\\/x.com\\\/lequotidienmr\"]},{\"@type\":\"Person\",\"@id\":\"https:\\\/\\\/lequotidien.mr\\\/#\\\/schema\\\/person\\\/f90fcdaa970c60288de4ed2e64a56472\",\"name\":\"Le Quotidien\",\"image\":{\"@type\":\"ImageObject\",\"inLanguage\":\"ar\",\"@id\":\"https:\\\/\\\/secure.gravatar.com\\\/avatar\\\/374cb39a1a458a912465a93e5a3ce6546886fc3da809a1f10c63e4e8fcbca30f?s=96&d=mm&r=g\",\"url\":\"https:\\\/\\\/secure.gravatar.com\\\/avatar\\\/374cb39a1a458a912465a93e5a3ce6546886fc3da809a1f10c63e4e8fcbca30f?s=96&d=mm&r=g\",\"contentUrl\":\"https:\\\/\\\/secure.gravatar.com\\\/avatar\\\/374cb39a1a458a912465a93e5a3ce6546886fc3da809a1f10c63e4e8fcbca30f?s=96&d=mm&r=g\",\"caption\":\"Le Quotidien\"},\"sameAs\":[\"https:\\\/\\\/lequotidien.mr\\\/\"],\"url\":\"https:\\\/\\\/lequotidien.mr\\\/?author=4\"}]}<\/script>\n<!-- \/ Yoast SEO plugin. -->","yoast_head_json":{"title":"\u00a0\u00a0S\u00e9rie de nominations au sommet des forces arm\u00e9es et de s\u00e9curit\u00e9 - Le Quotidien de Nouakchott","robots":{"index":"index","follow":"follow","max-snippet":"max-snippet:-1","max-image-preview":"max-image-preview:large","max-video-preview":"max-video-preview:-1"},"canonical":"https:\/\/lequotidien.mr\/?p=24057&lang=fr","og_locale":"ar_AR","og_type":"article","og_title":"\u00a0\u00a0S\u00e9rie de nominations au sommet des forces arm\u00e9es et de s\u00e9curit\u00e9 - Le Quotidien de Nouakchott","og_description":"La Pr\u00e9sidence de la R\u00e9publique islamique de Mauritanie a annonc\u00e9, par une s\u00e9rie de d\u00e9crets rendus publics ce jeudi, plusieurs nominations majeures au sein des forces arm\u00e9es et de s\u00e9curit\u00e9. Ces changements strat\u00e9giques visent \u00e0 renforcer les capacit\u00e9s institutionnelles et \u00e0 r\u00e9organiser les hauts commandements militaires et s\u00e9curitaires du pays. Nomination du chef d\u2019\u00e9tat-major g\u00e9n\u00e9ral.....","og_url":"https:\/\/lequotidien.mr\/?p=24057&lang=fr","og_site_name":"Le Quotidien de Nouakchott","article_publisher":"https:\/\/web.facebook.com\/lequotidienmr","article_published_time":"2024-12-28T12:53:04+00:00","og_image":[{"width":239,"height":405,"url":"https:\/\/lequotidien.mr\/wp-content\/uploads\/2024\/12\/IMG-20231227-WA0418.jpg","type":"image\/jpeg"}],"author":"Le Quotidien","twitter_card":"summary_large_image","twitter_creator":"@lequotidienmr","twitter_site":"@lequotidienmr","twitter_misc":{"\u0643\u064f\u062a\u0628 \u0628\u0648\u0627\u0633\u0637\u0629":"Le Quotidien","\u0648\u0642\u062a \u0627\u0644\u0642\u0631\u0627\u0621\u0629 \u0627\u0644\u0645\u064f\u0642\u062f\u0651\u0631":"3 \u062f\u0642\u0627\u0626\u0642"},"schema":{"@context":"https:\/\/schema.org","@graph":[{"@type":"Article","@id":"https:\/\/lequotidien.mr\/?p=24057&lang=fr#article","isPartOf":{"@id":"https:\/\/lequotidien.mr\/?p=24057&lang=fr"},"author":{"name":"Le Quotidien","@id":"https:\/\/lequotidien.mr\/#\/schema\/person\/f90fcdaa970c60288de4ed2e64a56472"},"headline":"\u00a0\u00a0S\u00e9rie de nominations au sommet des forces arm\u00e9es et de s\u00e9curit\u00e9","datePublished":"2024-12-28T12:53:04+00:00","mainEntityOfPage":{"@id":"https:\/\/lequotidien.mr\/?p=24057&lang=fr"},"wordCount":612,"commentCount":0,"publisher":{"@id":"https:\/\/lequotidien.mr\/#organization"},"image":{"@id":"https:\/\/lequotidien.mr\/?p=24057&lang=fr#primaryimage"},"thumbnailUrl":"https:\/\/lequotidien.mr\/wp-content\/uploads\/2024\/12\/IMG-20231227-WA0418.jpg","articleSection":["ACTUALIT\u00c9","Couverture sp\u00e9cilale"],"inLanguage":"ar","potentialAction":[{"@type":"CommentAction","name":"Comment","target":["https:\/\/lequotidien.mr\/?p=24057&lang=fr#respond"]}]},{"@type":"WebPage","@id":"https:\/\/lequotidien.mr\/?p=24057&lang=fr","url":"https:\/\/lequotidien.mr\/?p=24057&lang=fr","name":"\u00a0\u00a0S\u00e9rie de nominations au sommet des forces arm\u00e9es et de s\u00e9curit\u00e9 - Le Quotidien de Nouakchott","isPartOf":{"@id":"https:\/\/lequotidien.mr\/#website"},"primaryImageOfPage":{"@id":"https:\/\/lequotidien.mr\/?p=24057&lang=fr#primaryimage"},"image":{"@id":"https:\/\/lequotidien.mr\/?p=24057&lang=fr#primaryimage"},"thumbnailUrl":"https:\/\/lequotidien.mr\/wp-content\/uploads\/2024\/12\/IMG-20231227-WA0418.jpg","datePublished":"2024-12-28T12:53:04+00:00","breadcrumb":{"@id":"https:\/\/lequotidien.mr\/?p=24057&lang=fr#breadcrumb"},"inLanguage":"ar","potentialAction":[{"@type":"ReadAction","target":["https:\/\/lequotidien.mr\/?p=24057&lang=fr"]}]},{"@type":"ImageObject","inLanguage":"ar","@id":"https:\/\/lequotidien.mr\/?p=24057&lang=fr#primaryimage","url":"https:\/\/lequotidien.mr\/wp-content\/uploads\/2024\/12\/IMG-20231227-WA0418.jpg","contentUrl":"https:\/\/lequotidien.mr\/wp-content\/uploads\/2024\/12\/IMG-20231227-WA0418.jpg","width":239,"height":405},{"@type":"BreadcrumbList","@id":"https:\/\/lequotidien.mr\/?p=24057&lang=fr#breadcrumb","itemListElement":[{"@type":"ListItem","position":1,"name":"Home","item":"https:\/\/lequotidien.mr\/"},{"@type":"ListItem","position":2,"name":"\u00a0\u00a0S\u00e9rie de nominations au sommet des forces arm\u00e9es et de s\u00e9curit\u00e9"}]},{"@type":"WebSite","@id":"https:\/\/lequotidien.mr\/#website","url":"https:\/\/lequotidien.mr\/","name":"Le Quotidien de Nouakchott","description":"\u0625\u062e\u0628\u0627\u0631\u064a\u0629 \u0645\u0633\u062a\u0642\u0644\u0629 \u0644\u0644\u0623\u0646\u0628\u0627\u0621 \u0627\u0644\u0639\u0627\u0645\u0629","publisher":{"@id":"https:\/\/lequotidien.mr\/#organization"},"potentialAction":[{"@type":"SearchAction","target":{"@type":"EntryPoint","urlTemplate":"https:\/\/lequotidien.mr\/?s={search_term_string}"},"query-input":{"@type":"PropertyValueSpecification","valueRequired":true,"valueName":"search_term_string"}}],"inLanguage":"ar"},{"@type":"Organization","@id":"https:\/\/lequotidien.mr\/#organization","name":"Le Quotidien de Nouakchott","url":"https:\/\/lequotidien.mr\/","logo":{"@type":"ImageObject","inLanguage":"ar","@id":"https:\/\/lequotidien.mr\/#\/schema\/logo\/image\/","url":"https:\/\/lequotidien.mr\/wp-content\/uploads\/2022\/11\/logolequotidien.jpg","contentUrl":"https:\/\/lequotidien.mr\/wp-content\/uploads\/2022\/11\/logolequotidien.jpg","width":290,"height":65,"caption":"Le Quotidien de Nouakchott"},"image":{"@id":"https:\/\/lequotidien.mr\/#\/schema\/logo\/image\/"},"sameAs":["https:\/\/web.facebook.com\/lequotidienmr","https:\/\/x.com\/lequotidienmr"]},{"@type":"Person","@id":"https:\/\/lequotidien.mr\/#\/schema\/person\/f90fcdaa970c60288de4ed2e64a56472","name":"Le Quotidien","image":{"@type":"ImageObject","inLanguage":"ar","@id":"https:\/\/secure.gravatar.com\/avatar\/374cb39a1a458a912465a93e5a3ce6546886fc3da809a1f10c63e4e8fcbca30f?s=96&d=mm&r=g","url":"https:\/\/secure.gravatar.com\/avatar\/374cb39a1a458a912465a93e5a3ce6546886fc3da809a1f10c63e4e8fcbca30f?s=96&d=mm&r=g","contentUrl":"https:\/\/secure.gravatar.com\/avatar\/374cb39a1a458a912465a93e5a3ce6546886fc3da809a1f10c63e4e8fcbca30f?s=96&d=mm&r=g","caption":"Le Quotidien"},"sameAs":["https:\/\/lequotidien.mr\/"],"url":"https:\/\/lequotidien.mr\/?author=4"}]}},"_links":{"self":[{"href":"https:\/\/lequotidien.mr\/index.php?rest_route=\/wp\/v2\/posts\/24057","targetHints":{"allow":["GET"]}}],"collection":[{"href":"https:\/\/lequotidien.mr\/index.php?rest_route=\/wp\/v2\/posts"}],"about":[{"href":"https:\/\/lequotidien.mr\/index.php?rest_route=\/wp\/v2\/types\/post"}],"author":[{"embeddable":true,"href":"https:\/\/lequotidien.mr\/index.php?rest_route=\/wp\/v2\/users\/4"}],"replies":[{"embeddable":true,"href":"https:\/\/lequotidien.mr\/index.php?rest_route=%2Fwp%2Fv2%2Fcomments&post=24057"}],"version-history":[{"count":1,"href":"https:\/\/lequotidien.mr\/index.php?rest_route=\/wp\/v2\/posts\/24057\/revisions"}],"predecessor-version":[{"id":24059,"href":"https:\/\/lequotidien.mr\/index.php?rest_route=\/wp\/v2\/posts\/24057\/revisions\/24059"}],"wp:featuredmedia":[{"embeddable":true,"href":"https:\/\/lequotidien.mr\/index.php?rest_route=\/wp\/v2\/media\/24058"}],"wp:attachment":[{"href":"https:\/\/lequotidien.mr\/index.php?rest_route=%2Fwp%2Fv2%2Fmedia&parent=24057"}],"wp:term":[{"taxonomy":"category","embeddable":true,"href":"https:\/\/lequotidien.mr\/index.php?rest_route=%2Fwp%2Fv2%2Fcategories&post=24057"},{"taxonomy":"post_tag","embeddable":true,"href":"https:\/\/lequotidien.mr\/index.php?rest_route=%2Fwp%2Fv2%2Ftags&post=24057"}],"curies":[{"name":"wp","href":"https:\/\/api.w.org\/{rel}","templated":true}]}}