{"id":24028,"date":"2024-12-27T11:37:05","date_gmt":"2024-12-27T11:37:05","guid":{"rendered":"https:\/\/lequotidien.mr\/?p=24028"},"modified":"2024-12-27T11:37:05","modified_gmt":"2024-12-27T11:37:05","slug":"prix-chinguetti-pour-2024-le-president-de-la-republique-supervise-la-ceremonie-de-remise-des-prix-aux-laureats","status":"publish","type":"post","link":"https:\/\/lequotidien.mr\/?p=24028&lang=fr","title":{"rendered":"Prix Chinguetti pour 2024 : Le Pr\u00e9sident de la R\u00e9publique supervise la c\u00e9r\u00e9monie de remise des prix aux laur\u00e9ats"},"content":{"rendered":"<p>Le jeudi 27 d\u00e9cembre 2024, le Palais des Congr\u00e8s de Nouakchott a \u00e9t\u00e9 le th\u00e9\u00e2tre d\u2019une c\u00e9r\u00e9monie prestigieuse : la remise des Prix Chinguetti au titre de l\u2019ann\u00e9e 2024, supervis\u00e9e par le Pr\u00e9sident de la R\u00e9publique, Monsieur Mohamed Cheikh El Ghazouani. Ce prix, institu\u00e9 pour la premi\u00e8re fois en 2001, vise \u00e0 encourager la recherche scientifique et la cr\u00e9ation intellectuelle dans les domaines de l\u2019islam, des sciences et de la litt\u00e9rature.<\/p>\n<p><strong>Les Laur\u00e9ats de l\u2019\u00e9dition 2024<\/strong><\/p>\n<p>Le Prix Chinguetti 2024, dot\u00e9 de 5 millions MRO pour chaque cat\u00e9gorie, a r\u00e9compens\u00e9 trois figures remarquables :<\/p>\n<p><strong>Dr. Sid\u2019Ahmed Emir<\/strong>, laur\u00e9at pour les \u00e9tudes islamiques, pour sa lecture critique de l\u2019ouvrage <em>\u00ab Chemin \u00e9clair\u00e9 pour mieux cerner l\u2019orientation du voyageur. \u00bb\u00a0;<\/em><\/p>\n<p><strong>Dr. Zouheir Saleh Netou<\/strong>, d\u2019Arabie Saoudite, prim\u00e9 dans la cat\u00e9gorie Science et Technologie, pour ses recherches sur la sant\u00e9 publique et la m\u00e9decine dentaire\u00a0;<\/p>\n<p><strong>Youbba Baba Hassen<\/strong>, laur\u00e9at en Litt\u00e9rature et Arts, pour son roman intitul\u00e9 <em>\u00ab Gravures de Massouva\u00a0.\u00a0\u00bb<\/em><\/p>\n<p>Chacun des laur\u00e9ats a pr\u00e9sent\u00e9 le contenu et les objectifs de ses travaux, tout en exprimant sa gratitude envers le Pr\u00e9sident de la R\u00e9publique pour l\u2019attention port\u00e9e \u00e0 la recherche scientifique.<\/p>\n<p><strong>\u00c9tudes islamiques : Une reconnaissance du patrimoine<\/strong><\/p>\n<p>Dr. Sid\u2019Ahmed Emir a mis en lumi\u00e8re l\u2019importance des manuscrits et livres rares que poss\u00e8de la Mauritanie, appelant \u00e0 leur valorisation et \u00e9dition. Selon lui, ces tr\u00e9sors historiques doivent jouer un r\u00f4le dans la construction d\u2019une culture collective. Le Prix Chinguetti, a-t-il affirm\u00e9, incarne cette dynamique en soutenant les contributions narratives et les initiatives acad\u00e9miques.<\/p>\n<p><strong>Science et technologie : Une avanc\u00e9e significative<\/strong><\/p>\n<p>Dr. Zouheir Saleh Netou a qualifi\u00e9 sa distinction de tournant d\u00e9cisif dans son parcours. Ses recherches, qui transcendent les fronti\u00e8res nationales, renforcent la coop\u00e9ration arabe en mati\u00e8re de sant\u00e9 et apportent des solutions innovantes aux besoins des communaut\u00e9s locales.<\/p>\n<p><strong>Litt\u00e9rature et arts : Une exploration de l\u2019imaginaire collectif<\/strong><\/p>\n<p>L\u2019\u00e9crivain Youbba Baba Hassen a d\u00e9crit son roman comme un voyage \u00e0 travers l\u2019histoire et les traditions de la Mauritanie, avec un focus particulier sur la ville de Oualata. \u00c0 travers un style narratif unique, l\u2019ouvrage explore les interactions entre les habitants et les \u00e9v\u00e9nements historiques, tout en abordant des questions telles que le colonialisme et les \u00e9changes intercommunautaires.<\/p>\n<p><strong>Un engagement pour la recherche et l\u2019innovation<\/strong><\/p>\n<p>Lors de son allocution, le secr\u00e9taire permanent du Conseil du Prix Chinguetti, M. El Houssein Ben Youssouf Sy, a soulign\u00e9 que cette c\u00e9r\u00e9monie illustre l\u2019int\u00e9r\u00eat du gouvernement envers la recherche scientifique. Depuis sa cr\u00e9ation, le Prix Chinguetti a stimul\u00e9 l\u2019innovation et contribu\u00e9 \u00e0 raviver le r\u00f4le des \u00e9rudits mauritaniens dans l\u2019enseignement et la production intellectuelle.<\/p>\n<p>La c\u00e9r\u00e9monie s\u2019est tenue en pr\u00e9sence de hautes personnalit\u00e9s, notamment le Premier ministre, M. Mokhtar Diaye, le chef de file de l\u2019Opposition d\u00e9mocratique, des membres du gouvernement, des repr\u00e9sentants diplomatiques, et des figures du monde scientifique et culturel.<\/p>\n<p>Le Prix Chinguetti continue de s\u2019imposer comme une plateforme essentielle pour la reconnaissance des chercheurs et cr\u00e9ateurs, favorisant un \u00e9lan d\u2019excellence et d\u2019innovation au service du d\u00e9veloppement national et international.<\/p>\n","protected":false},"excerpt":{"rendered":"<p>Le jeudi 27 d\u00e9cembre 2024, le Palais des Congr\u00e8s de Nouakchott a \u00e9t\u00e9 le th\u00e9\u00e2tre d\u2019une c\u00e9r\u00e9monie prestigieuse : la remise des Prix Chinguetti au titre de l\u2019ann\u00e9e 2024, supervis\u00e9e par le Pr\u00e9sident de la R\u00e9publique, Monsieur Mohamed Cheikh El Ghazouani. Ce prix, institu\u00e9 pour la premi\u00e8re fois en 2001, vise \u00e0 encourager la recherche&#8230;..<\/p>\n","protected":false},"author":12,"featured_media":24029,"comment_status":"open","ping_status":"open","sticky":false,"template":"","format":"standard","meta":{"footnotes":""},"categories":[23,55],"tags":[],"class_list":["post-24028","post","type-post","status-publish","format-standard","has-post-thumbnail","hentry","category-actualite","category-culture"],"yoast_head":"<!-- This site is optimized with the Yoast SEO plugin v27.5 - https:\/\/yoast.com\/product\/yoast-seo-wordpress\/ -->\n<title>Prix Chinguetti pour 2024 : Le Pr\u00e9sident de la R\u00e9publique supervise la c\u00e9r\u00e9monie de remise des prix aux laur\u00e9ats - Le Quotidien de Nouakchott<\/title>\n<meta name=\"robots\" content=\"index, follow, max-snippet:-1, max-image-preview:large, max-video-preview:-1\" \/>\n<link rel=\"canonical\" href=\"https:\/\/lequotidien.mr\/?p=24028&lang=fr\" \/>\n<meta property=\"og:locale\" content=\"ar_AR\" \/>\n<meta property=\"og:type\" content=\"article\" \/>\n<meta property=\"og:title\" content=\"Prix Chinguetti pour 2024 : Le Pr\u00e9sident de la R\u00e9publique supervise la c\u00e9r\u00e9monie de remise des prix aux laur\u00e9ats - Le Quotidien de Nouakchott\" \/>\n<meta property=\"og:description\" content=\"Le jeudi 27 d\u00e9cembre 2024, le Palais des Congr\u00e8s de Nouakchott a \u00e9t\u00e9 le th\u00e9\u00e2tre d\u2019une c\u00e9r\u00e9monie prestigieuse : la remise des Prix Chinguetti au titre de l\u2019ann\u00e9e 2024, supervis\u00e9e par le Pr\u00e9sident de la R\u00e9publique, Monsieur Mohamed Cheikh El Ghazouani. Ce prix, institu\u00e9 pour la premi\u00e8re fois en 2001, vise \u00e0 encourager la recherche.....\" \/>\n<meta property=\"og:url\" content=\"https:\/\/lequotidien.mr\/?p=24028&amp;lang=fr\" \/>\n<meta property=\"og:site_name\" content=\"Le Quotidien de Nouakchott\" \/>\n<meta property=\"article:publisher\" content=\"https:\/\/web.facebook.com\/lequotidienmr\" \/>\n<meta property=\"article:published_time\" content=\"2024-12-27T11:37:05+00:00\" \/>\n<meta property=\"og:image\" content=\"https:\/\/lequotidien.mr\/wp-content\/uploads\/2024\/12\/photo-prix-Chinguetti-2024-_-2.jpg\" \/>\n\t<meta property=\"og:image:width\" content=\"768\" \/>\n\t<meta property=\"og:image:height\" content=\"415\" \/>\n\t<meta property=\"og:image:type\" content=\"image\/jpeg\" \/>\n<meta name=\"author\" content=\"Med Ahmed\" \/>\n<meta name=\"twitter:card\" content=\"summary_large_image\" \/>\n<meta name=\"twitter:creator\" content=\"@lequotidienmr\" \/>\n<meta name=\"twitter:site\" content=\"@lequotidienmr\" \/>\n<meta name=\"twitter:label1\" content=\"\u0643\u064f\u062a\u0628 \u0628\u0648\u0627\u0633\u0637\u0629\" \/>\n\t<meta name=\"twitter:data1\" content=\"Med Ahmed\" \/>\n\t<meta name=\"twitter:label2\" content=\"\u0648\u0642\u062a \u0627\u0644\u0642\u0631\u0627\u0621\u0629 \u0627\u0644\u0645\u064f\u0642\u062f\u0651\u0631\" \/>\n\t<meta name=\"twitter:data2\" content=\"3 \u062f\u0642\u0627\u0626\u0642\" \/>\n<script type=\"application\/ld+json\" class=\"yoast-schema-graph\">{\"@context\":\"https:\\\/\\\/schema.org\",\"@graph\":[{\"@type\":\"Article\",\"@id\":\"https:\\\/\\\/lequotidien.mr\\\/?p=24028&lang=fr#article\",\"isPartOf\":{\"@id\":\"https:\\\/\\\/lequotidien.mr\\\/?p=24028&lang=fr\"},\"author\":{\"name\":\"Med Ahmed\",\"@id\":\"https:\\\/\\\/lequotidien.mr\\\/#\\\/schema\\\/person\\\/d2d350202a4d599685ed8abc25f97596\"},\"headline\":\"Prix Chinguetti pour 2024 : Le Pr\u00e9sident de la R\u00e9publique supervise la c\u00e9r\u00e9monie de remise des prix aux laur\u00e9ats\",\"datePublished\":\"2024-12-27T11:37:05+00:00\",\"mainEntityOfPage\":{\"@id\":\"https:\\\/\\\/lequotidien.mr\\\/?p=24028&lang=fr\"},\"wordCount\":575,\"commentCount\":0,\"publisher\":{\"@id\":\"https:\\\/\\\/lequotidien.mr\\\/#organization\"},\"image\":{\"@id\":\"https:\\\/\\\/lequotidien.mr\\\/?p=24028&lang=fr#primaryimage\"},\"thumbnailUrl\":\"https:\\\/\\\/lequotidien.mr\\\/wp-content\\\/uploads\\\/2024\\\/12\\\/photo-prix-Chinguetti-2024-_-2.jpg\",\"articleSection\":[\"ACTUALIT\u00c9\",\"Culture\"],\"inLanguage\":\"ar\",\"potentialAction\":[{\"@type\":\"CommentAction\",\"name\":\"Comment\",\"target\":[\"https:\\\/\\\/lequotidien.mr\\\/?p=24028&lang=fr#respond\"]}]},{\"@type\":\"WebPage\",\"@id\":\"https:\\\/\\\/lequotidien.mr\\\/?p=24028&lang=fr\",\"url\":\"https:\\\/\\\/lequotidien.mr\\\/?p=24028&lang=fr\",\"name\":\"Prix Chinguetti pour 2024 : Le Pr\u00e9sident de la R\u00e9publique supervise la c\u00e9r\u00e9monie de remise des prix aux laur\u00e9ats - Le Quotidien de Nouakchott\",\"isPartOf\":{\"@id\":\"https:\\\/\\\/lequotidien.mr\\\/#website\"},\"primaryImageOfPage\":{\"@id\":\"https:\\\/\\\/lequotidien.mr\\\/?p=24028&lang=fr#primaryimage\"},\"image\":{\"@id\":\"https:\\\/\\\/lequotidien.mr\\\/?p=24028&lang=fr#primaryimage\"},\"thumbnailUrl\":\"https:\\\/\\\/lequotidien.mr\\\/wp-content\\\/uploads\\\/2024\\\/12\\\/photo-prix-Chinguetti-2024-_-2.jpg\",\"datePublished\":\"2024-12-27T11:37:05+00:00\",\"breadcrumb\":{\"@id\":\"https:\\\/\\\/lequotidien.mr\\\/?p=24028&lang=fr#breadcrumb\"},\"inLanguage\":\"ar\",\"potentialAction\":[{\"@type\":\"ReadAction\",\"target\":[\"https:\\\/\\\/lequotidien.mr\\\/?p=24028&lang=fr\"]}]},{\"@type\":\"ImageObject\",\"inLanguage\":\"ar\",\"@id\":\"https:\\\/\\\/lequotidien.mr\\\/?p=24028&lang=fr#primaryimage\",\"url\":\"https:\\\/\\\/lequotidien.mr\\\/wp-content\\\/uploads\\\/2024\\\/12\\\/photo-prix-Chinguetti-2024-_-2.jpg\",\"contentUrl\":\"https:\\\/\\\/lequotidien.mr\\\/wp-content\\\/uploads\\\/2024\\\/12\\\/photo-prix-Chinguetti-2024-_-2.jpg\",\"width\":768,\"height\":415},{\"@type\":\"BreadcrumbList\",\"@id\":\"https:\\\/\\\/lequotidien.mr\\\/?p=24028&lang=fr#breadcrumb\",\"itemListElement\":[{\"@type\":\"ListItem\",\"position\":1,\"name\":\"Home\",\"item\":\"https:\\\/\\\/lequotidien.mr\\\/\"},{\"@type\":\"ListItem\",\"position\":2,\"name\":\"Prix Chinguetti pour 2024 : Le Pr\u00e9sident de la R\u00e9publique supervise la c\u00e9r\u00e9monie de remise des prix aux laur\u00e9ats\"}]},{\"@type\":\"WebSite\",\"@id\":\"https:\\\/\\\/lequotidien.mr\\\/#website\",\"url\":\"https:\\\/\\\/lequotidien.mr\\\/\",\"name\":\"Le Quotidien de Nouakchott\",\"description\":\"\u0625\u062e\u0628\u0627\u0631\u064a\u0629 \u0645\u0633\u062a\u0642\u0644\u0629 \u0644\u0644\u0623\u0646\u0628\u0627\u0621 \u0627\u0644\u0639\u0627\u0645\u0629\",\"publisher\":{\"@id\":\"https:\\\/\\\/lequotidien.mr\\\/#organization\"},\"potentialAction\":[{\"@type\":\"SearchAction\",\"target\":{\"@type\":\"EntryPoint\",\"urlTemplate\":\"https:\\\/\\\/lequotidien.mr\\\/?s={search_term_string}\"},\"query-input\":{\"@type\":\"PropertyValueSpecification\",\"valueRequired\":true,\"valueName\":\"search_term_string\"}}],\"inLanguage\":\"ar\"},{\"@type\":\"Organization\",\"@id\":\"https:\\\/\\\/lequotidien.mr\\\/#organization\",\"name\":\"Le Quotidien de Nouakchott\",\"url\":\"https:\\\/\\\/lequotidien.mr\\\/\",\"logo\":{\"@type\":\"ImageObject\",\"inLanguage\":\"ar\",\"@id\":\"https:\\\/\\\/lequotidien.mr\\\/#\\\/schema\\\/logo\\\/image\\\/\",\"url\":\"https:\\\/\\\/lequotidien.mr\\\/wp-content\\\/uploads\\\/2022\\\/11\\\/logolequotidien.jpg\",\"contentUrl\":\"https:\\\/\\\/lequotidien.mr\\\/wp-content\\\/uploads\\\/2022\\\/11\\\/logolequotidien.jpg\",\"width\":290,\"height\":65,\"caption\":\"Le Quotidien de Nouakchott\"},\"image\":{\"@id\":\"https:\\\/\\\/lequotidien.mr\\\/#\\\/schema\\\/logo\\\/image\\\/\"},\"sameAs\":[\"https:\\\/\\\/web.facebook.com\\\/lequotidienmr\",\"https:\\\/\\\/x.com\\\/lequotidienmr\"]},{\"@type\":\"Person\",\"@id\":\"https:\\\/\\\/lequotidien.mr\\\/#\\\/schema\\\/person\\\/d2d350202a4d599685ed8abc25f97596\",\"name\":\"Med Ahmed\",\"image\":{\"@type\":\"ImageObject\",\"inLanguage\":\"ar\",\"@id\":\"https:\\\/\\\/secure.gravatar.com\\\/avatar\\\/fd2acc62ed50732923d1d39c17172c9b04149f142be92310ecc69e1358f94b52?s=96&d=mm&r=g\",\"url\":\"https:\\\/\\\/secure.gravatar.com\\\/avatar\\\/fd2acc62ed50732923d1d39c17172c9b04149f142be92310ecc69e1358f94b52?s=96&d=mm&r=g\",\"contentUrl\":\"https:\\\/\\\/secure.gravatar.com\\\/avatar\\\/fd2acc62ed50732923d1d39c17172c9b04149f142be92310ecc69e1358f94b52?s=96&d=mm&r=g\",\"caption\":\"Med Ahmed\"},\"url\":\"https:\\\/\\\/lequotidien.mr\\\/?author=12\"}]}<\/script>\n<!-- \/ Yoast SEO plugin. -->","yoast_head_json":{"title":"Prix Chinguetti pour 2024 : Le Pr\u00e9sident de la R\u00e9publique supervise la c\u00e9r\u00e9monie de remise des prix aux laur\u00e9ats - Le Quotidien de Nouakchott","robots":{"index":"index","follow":"follow","max-snippet":"max-snippet:-1","max-image-preview":"max-image-preview:large","max-video-preview":"max-video-preview:-1"},"canonical":"https:\/\/lequotidien.mr\/?p=24028&lang=fr","og_locale":"ar_AR","og_type":"article","og_title":"Prix Chinguetti pour 2024 : Le Pr\u00e9sident de la R\u00e9publique supervise la c\u00e9r\u00e9monie de remise des prix aux laur\u00e9ats - Le Quotidien de Nouakchott","og_description":"Le jeudi 27 d\u00e9cembre 2024, le Palais des Congr\u00e8s de Nouakchott a \u00e9t\u00e9 le th\u00e9\u00e2tre d\u2019une c\u00e9r\u00e9monie prestigieuse : la remise des Prix Chinguetti au titre de l\u2019ann\u00e9e 2024, supervis\u00e9e par le Pr\u00e9sident de la R\u00e9publique, Monsieur Mohamed Cheikh El Ghazouani. Ce prix, institu\u00e9 pour la premi\u00e8re fois en 2001, vise \u00e0 encourager la recherche.....","og_url":"https:\/\/lequotidien.mr\/?p=24028&lang=fr","og_site_name":"Le Quotidien de Nouakchott","article_publisher":"https:\/\/web.facebook.com\/lequotidienmr","article_published_time":"2024-12-27T11:37:05+00:00","og_image":[{"width":768,"height":415,"url":"https:\/\/lequotidien.mr\/wp-content\/uploads\/2024\/12\/photo-prix-Chinguetti-2024-_-2.jpg","type":"image\/jpeg"}],"author":"Med Ahmed","twitter_card":"summary_large_image","twitter_creator":"@lequotidienmr","twitter_site":"@lequotidienmr","twitter_misc":{"\u0643\u064f\u062a\u0628 \u0628\u0648\u0627\u0633\u0637\u0629":"Med Ahmed","\u0648\u0642\u062a \u0627\u0644\u0642\u0631\u0627\u0621\u0629 \u0627\u0644\u0645\u064f\u0642\u062f\u0651\u0631":"3 \u062f\u0642\u0627\u0626\u0642"},"schema":{"@context":"https:\/\/schema.org","@graph":[{"@type":"Article","@id":"https:\/\/lequotidien.mr\/?p=24028&lang=fr#article","isPartOf":{"@id":"https:\/\/lequotidien.mr\/?p=24028&lang=fr"},"author":{"name":"Med Ahmed","@id":"https:\/\/lequotidien.mr\/#\/schema\/person\/d2d350202a4d599685ed8abc25f97596"},"headline":"Prix Chinguetti pour 2024 : Le Pr\u00e9sident de la R\u00e9publique supervise la c\u00e9r\u00e9monie de remise des prix aux laur\u00e9ats","datePublished":"2024-12-27T11:37:05+00:00","mainEntityOfPage":{"@id":"https:\/\/lequotidien.mr\/?p=24028&lang=fr"},"wordCount":575,"commentCount":0,"publisher":{"@id":"https:\/\/lequotidien.mr\/#organization"},"image":{"@id":"https:\/\/lequotidien.mr\/?p=24028&lang=fr#primaryimage"},"thumbnailUrl":"https:\/\/lequotidien.mr\/wp-content\/uploads\/2024\/12\/photo-prix-Chinguetti-2024-_-2.jpg","articleSection":["ACTUALIT\u00c9","Culture"],"inLanguage":"ar","potentialAction":[{"@type":"CommentAction","name":"Comment","target":["https:\/\/lequotidien.mr\/?p=24028&lang=fr#respond"]}]},{"@type":"WebPage","@id":"https:\/\/lequotidien.mr\/?p=24028&lang=fr","url":"https:\/\/lequotidien.mr\/?p=24028&lang=fr","name":"Prix Chinguetti pour 2024 : Le Pr\u00e9sident de la R\u00e9publique supervise la c\u00e9r\u00e9monie de remise des prix aux laur\u00e9ats - Le Quotidien de Nouakchott","isPartOf":{"@id":"https:\/\/lequotidien.mr\/#website"},"primaryImageOfPage":{"@id":"https:\/\/lequotidien.mr\/?p=24028&lang=fr#primaryimage"},"image":{"@id":"https:\/\/lequotidien.mr\/?p=24028&lang=fr#primaryimage"},"thumbnailUrl":"https:\/\/lequotidien.mr\/wp-content\/uploads\/2024\/12\/photo-prix-Chinguetti-2024-_-2.jpg","datePublished":"2024-12-27T11:37:05+00:00","breadcrumb":{"@id":"https:\/\/lequotidien.mr\/?p=24028&lang=fr#breadcrumb"},"inLanguage":"ar","potentialAction":[{"@type":"ReadAction","target":["https:\/\/lequotidien.mr\/?p=24028&lang=fr"]}]},{"@type":"ImageObject","inLanguage":"ar","@id":"https:\/\/lequotidien.mr\/?p=24028&lang=fr#primaryimage","url":"https:\/\/lequotidien.mr\/wp-content\/uploads\/2024\/12\/photo-prix-Chinguetti-2024-_-2.jpg","contentUrl":"https:\/\/lequotidien.mr\/wp-content\/uploads\/2024\/12\/photo-prix-Chinguetti-2024-_-2.jpg","width":768,"height":415},{"@type":"BreadcrumbList","@id":"https:\/\/lequotidien.mr\/?p=24028&lang=fr#breadcrumb","itemListElement":[{"@type":"ListItem","position":1,"name":"Home","item":"https:\/\/lequotidien.mr\/"},{"@type":"ListItem","position":2,"name":"Prix Chinguetti pour 2024 : Le Pr\u00e9sident de la R\u00e9publique supervise la c\u00e9r\u00e9monie de remise des prix aux laur\u00e9ats"}]},{"@type":"WebSite","@id":"https:\/\/lequotidien.mr\/#website","url":"https:\/\/lequotidien.mr\/","name":"Le Quotidien de Nouakchott","description":"\u0625\u062e\u0628\u0627\u0631\u064a\u0629 \u0645\u0633\u062a\u0642\u0644\u0629 \u0644\u0644\u0623\u0646\u0628\u0627\u0621 \u0627\u0644\u0639\u0627\u0645\u0629","publisher":{"@id":"https:\/\/lequotidien.mr\/#organization"},"potentialAction":[{"@type":"SearchAction","target":{"@type":"EntryPoint","urlTemplate":"https:\/\/lequotidien.mr\/?s={search_term_string}"},"query-input":{"@type":"PropertyValueSpecification","valueRequired":true,"valueName":"search_term_string"}}],"inLanguage":"ar"},{"@type":"Organization","@id":"https:\/\/lequotidien.mr\/#organization","name":"Le Quotidien de Nouakchott","url":"https:\/\/lequotidien.mr\/","logo":{"@type":"ImageObject","inLanguage":"ar","@id":"https:\/\/lequotidien.mr\/#\/schema\/logo\/image\/","url":"https:\/\/lequotidien.mr\/wp-content\/uploads\/2022\/11\/logolequotidien.jpg","contentUrl":"https:\/\/lequotidien.mr\/wp-content\/uploads\/2022\/11\/logolequotidien.jpg","width":290,"height":65,"caption":"Le Quotidien de Nouakchott"},"image":{"@id":"https:\/\/lequotidien.mr\/#\/schema\/logo\/image\/"},"sameAs":["https:\/\/web.facebook.com\/lequotidienmr","https:\/\/x.com\/lequotidienmr"]},{"@type":"Person","@id":"https:\/\/lequotidien.mr\/#\/schema\/person\/d2d350202a4d599685ed8abc25f97596","name":"Med Ahmed","image":{"@type":"ImageObject","inLanguage":"ar","@id":"https:\/\/secure.gravatar.com\/avatar\/fd2acc62ed50732923d1d39c17172c9b04149f142be92310ecc69e1358f94b52?s=96&d=mm&r=g","url":"https:\/\/secure.gravatar.com\/avatar\/fd2acc62ed50732923d1d39c17172c9b04149f142be92310ecc69e1358f94b52?s=96&d=mm&r=g","contentUrl":"https:\/\/secure.gravatar.com\/avatar\/fd2acc62ed50732923d1d39c17172c9b04149f142be92310ecc69e1358f94b52?s=96&d=mm&r=g","caption":"Med Ahmed"},"url":"https:\/\/lequotidien.mr\/?author=12"}]}},"_links":{"self":[{"href":"https:\/\/lequotidien.mr\/index.php?rest_route=\/wp\/v2\/posts\/24028","targetHints":{"allow":["GET"]}}],"collection":[{"href":"https:\/\/lequotidien.mr\/index.php?rest_route=\/wp\/v2\/posts"}],"about":[{"href":"https:\/\/lequotidien.mr\/index.php?rest_route=\/wp\/v2\/types\/post"}],"author":[{"embeddable":true,"href":"https:\/\/lequotidien.mr\/index.php?rest_route=\/wp\/v2\/users\/12"}],"replies":[{"embeddable":true,"href":"https:\/\/lequotidien.mr\/index.php?rest_route=%2Fwp%2Fv2%2Fcomments&post=24028"}],"version-history":[{"count":1,"href":"https:\/\/lequotidien.mr\/index.php?rest_route=\/wp\/v2\/posts\/24028\/revisions"}],"predecessor-version":[{"id":24030,"href":"https:\/\/lequotidien.mr\/index.php?rest_route=\/wp\/v2\/posts\/24028\/revisions\/24030"}],"wp:featuredmedia":[{"embeddable":true,"href":"https:\/\/lequotidien.mr\/index.php?rest_route=\/wp\/v2\/media\/24029"}],"wp:attachment":[{"href":"https:\/\/lequotidien.mr\/index.php?rest_route=%2Fwp%2Fv2%2Fmedia&parent=24028"}],"wp:term":[{"taxonomy":"category","embeddable":true,"href":"https:\/\/lequotidien.mr\/index.php?rest_route=%2Fwp%2Fv2%2Fcategories&post=24028"},{"taxonomy":"post_tag","embeddable":true,"href":"https:\/\/lequotidien.mr\/index.php?rest_route=%2Fwp%2Fv2%2Ftags&post=24028"}],"curies":[{"name":"wp","href":"https:\/\/api.w.org\/{rel}","templated":true}]}}