{"id":24025,"date":"2024-12-27T10:59:51","date_gmt":"2024-12-27T10:59:51","guid":{"rendered":"https:\/\/lequotidien.mr\/?p=24025"},"modified":"2024-12-27T10:59:51","modified_gmt":"2024-12-27T10:59:51","slug":"mauritanie-la-regionalisation-de-la-contribution-determinee-nationale-au-coeur-de-laction-climatique","status":"publish","type":"post","link":"https:\/\/lequotidien.mr\/?p=24025&lang=fr","title":{"rendered":"Mauritanie : La r\u00e9gionalisation de la Contribution D\u00e9termin\u00e9e Nationale au c\u0153ur de l&#8217;action climatique"},"content":{"rendered":"<p>Un atelier novateur sur la mise en \u0153uvre r\u00e9gionale de la Contribution D\u00e9termines Nationale (CDN) a d\u00e9but\u00e9 mardi \u00e0 Nouakchott. Organis\u00e9 par la Direction du Climat et de l&#8217;\u00c9conomie Verte du minist\u00e8re de l&#8217;Environnement et du D\u00e9veloppement Durable, cet \u00e9v\u00e9nement marque une \u00e9tape cl\u00e9 vers l&#8217;int\u00e9gration des r\u00e9alit\u00e9s locales dans les engagements climatiques nationaux.<\/p>\n<p>La r\u00e9gionalisation des CDN, pilier central de cet atelier, vise \u00e0 aligner les engagements nationaux avec les besoins et ressources propres aux diff\u00e9rentes r\u00e9gions du pays.<\/p>\n<p>Selon Mme Messouda Baham Mohamed Laghdaf, ministre de l&#8217;Environnement et du D\u00e9veloppement Durable, \u00ab La qualit\u00e9 de la Contribution D\u00e9termin\u00e9e Nationale d\u00e9pend de son appropriation par les communaut\u00e9s locales car l&#8217;int\u00e9gration des savoirs locaux et des sp\u00e9cificit\u00e9s r\u00e9gionales dans les politiques climatiques nationales est cruciale pour renforcer la r\u00e9silience et garantir un d\u00e9veloppement durable. \u00bb<\/p>\n<p>Cet atelier a \u00e9galement pour ambition de doter les collectivit\u00e9s locales des outils n\u00e9cessaires \u00e0 l&#8217;int\u00e9gration des objectifs des CDN dans leurs politiques publiques et projets r\u00e9gionaux.<\/p>\n<p>La ministre a rappel\u00e9 que cette d\u00e9marche s&#8217;inscrit dans la politique g\u00e9n\u00e9rale du gouvernement, conduite par le Premier ministre Mokhtar Diay, et s&#8217;aligne sur le programme \u00e9lectoral du Pr\u00e9sident de la R\u00e9publique Mohamed Cheikh El Ghazouani.<\/p>\n<p>La Mauritanie, pays sah\u00e9lien aux \u00e9cosyst\u00e8mes fragiles, fait face \u00e0 des d\u00e9fis climatiques majeurs, notamment la d\u00e9sertification et l&#8217;\u00e9rosion c\u00f4ti\u00e8re.<\/p>\n<p>Au-del\u00e0 de l&#8217;adaptation climatique, la Mauritanie ambitionne de faire de la transition \u00e9cologique un levier de croissance \u00e9conomique. La r\u00e9gionalisation des CDN permet de mobiliser les r\u00e9gions autour d&#8217;initiatives telles que la gestion durable des ressources.<\/p>\n<p>En r\u00e9unissant d\u00e9cideurs, experts et acteurs locaux, cet atelier illustre la volont\u00e9 de la Mauritanie de b\u00e2tir un futur durable o\u00f9 chaque r\u00e9gion joue un r\u00f4le central. Cette d\u00e9marche, en ad\u00e9quation avec les principes de l&#8217;Accord de Paris, renforce la place du pays sur la sc\u00e8ne internationale en tant que mod\u00e8le d&#8217;adaptation et de r\u00e9silience face au ph\u00e9nom\u00e8ne des changements climatiques.<\/p>\n<p>Avec cet atelier, la Mauritanie confirme son r\u00f4le de leader r\u00e9gional dans l&#8217;adaptation et la mise en \u0153uvre des strat\u00e9gies climatiques, tout en \u0153uvrant pour un avenir respectueux de l&#8217;environnement et des g\u00e9n\u00e9rations futures.<\/p>\n<p>En finalit\u00e9, la Mauritanie affirme son engagement \u00e0 int\u00e9grer pleinement les communaut\u00e9s locales dans sa transition vers une \u00e9conomie verte. Cette d\u00e9marche innovante vise non seulement \u00e0 renforcer la r\u00e9silience face aux d\u00e9fis climatiques, mais aussi \u00e0 tirer parti des solutions locales pour un d\u00e9veloppement durable harmonieux.<\/p>\n","protected":false},"excerpt":{"rendered":"<p>Un atelier novateur sur la mise en \u0153uvre r\u00e9gionale de la Contribution D\u00e9termines Nationale (CDN) a d\u00e9but\u00e9 mardi \u00e0 Nouakchott. Organis\u00e9 par la Direction du Climat et de l&#8217;\u00c9conomie Verte du minist\u00e8re de l&#8217;Environnement et du D\u00e9veloppement Durable, cet \u00e9v\u00e9nement marque une \u00e9tape cl\u00e9 vers l&#8217;int\u00e9gration des r\u00e9alit\u00e9s locales dans les engagements climatiques nationaux. La&#8230;..<\/p>\n","protected":false},"author":12,"featured_media":24026,"comment_status":"open","ping_status":"open","sticky":false,"template":"","format":"standard","meta":{"footnotes":""},"categories":[23,49],"tags":[],"class_list":["post-24025","post","type-post","status-publish","format-standard","has-post-thumbnail","hentry","category-actualite","category-economie"],"yoast_head":"<!-- This site is optimized with the Yoast SEO plugin v27.5 - https:\/\/yoast.com\/product\/yoast-seo-wordpress\/ -->\n<title>Mauritanie : La r\u00e9gionalisation de la Contribution D\u00e9termin\u00e9e Nationale au c\u0153ur de l&#039;action climatique - Le Quotidien de Nouakchott<\/title>\n<meta name=\"robots\" content=\"index, follow, max-snippet:-1, max-image-preview:large, max-video-preview:-1\" \/>\n<link rel=\"canonical\" href=\"https:\/\/lequotidien.mr\/?p=24025&lang=fr\" \/>\n<meta property=\"og:locale\" content=\"ar_AR\" \/>\n<meta property=\"og:type\" content=\"article\" \/>\n<meta property=\"og:title\" content=\"Mauritanie : La r\u00e9gionalisation de la Contribution D\u00e9termin\u00e9e Nationale au c\u0153ur de l&#039;action climatique - Le Quotidien de Nouakchott\" \/>\n<meta property=\"og:description\" content=\"Un atelier novateur sur la mise en \u0153uvre r\u00e9gionale de la Contribution D\u00e9termines Nationale (CDN) a d\u00e9but\u00e9 mardi \u00e0 Nouakchott. Organis\u00e9 par la Direction du Climat et de l&#8217;\u00c9conomie Verte du minist\u00e8re de l&#8217;Environnement et du D\u00e9veloppement Durable, cet \u00e9v\u00e9nement marque une \u00e9tape cl\u00e9 vers l&#8217;int\u00e9gration des r\u00e9alit\u00e9s locales dans les engagements climatiques nationaux. La.....\" \/>\n<meta property=\"og:url\" content=\"https:\/\/lequotidien.mr\/?p=24025&amp;lang=fr\" \/>\n<meta property=\"og:site_name\" content=\"Le Quotidien de Nouakchott\" \/>\n<meta property=\"article:publisher\" content=\"https:\/\/web.facebook.com\/lequotidienmr\" \/>\n<meta property=\"article:published_time\" content=\"2024-12-27T10:59:51+00:00\" \/>\n<meta property=\"og:image\" content=\"https:\/\/lequotidien.mr\/wp-content\/uploads\/2024\/12\/photo-CDN.jpeg\" \/>\n\t<meta property=\"og:image:width\" content=\"586\" \/>\n\t<meta property=\"og:image:height\" content=\"430\" \/>\n\t<meta property=\"og:image:type\" content=\"image\/jpeg\" \/>\n<meta name=\"author\" content=\"Med Ahmed\" \/>\n<meta name=\"twitter:card\" content=\"summary_large_image\" \/>\n<meta name=\"twitter:creator\" content=\"@lequotidienmr\" \/>\n<meta name=\"twitter:site\" content=\"@lequotidienmr\" \/>\n<meta name=\"twitter:label1\" content=\"\u0643\u064f\u062a\u0628 \u0628\u0648\u0627\u0633\u0637\u0629\" \/>\n\t<meta name=\"twitter:data1\" content=\"Med Ahmed\" \/>\n\t<meta name=\"twitter:label2\" content=\"\u0648\u0642\u062a \u0627\u0644\u0642\u0631\u0627\u0621\u0629 \u0627\u0644\u0645\u064f\u0642\u062f\u0651\u0631\" \/>\n\t<meta name=\"twitter:data2\" content=\"\u062f\u0642\u064a\u0642\u062a\u0627\u0646\" \/>\n<script type=\"application\/ld+json\" class=\"yoast-schema-graph\">{\"@context\":\"https:\\\/\\\/schema.org\",\"@graph\":[{\"@type\":\"Article\",\"@id\":\"https:\\\/\\\/lequotidien.mr\\\/?p=24025&lang=fr#article\",\"isPartOf\":{\"@id\":\"https:\\\/\\\/lequotidien.mr\\\/?p=24025&lang=fr\"},\"author\":{\"name\":\"Med Ahmed\",\"@id\":\"https:\\\/\\\/lequotidien.mr\\\/#\\\/schema\\\/person\\\/d2d350202a4d599685ed8abc25f97596\"},\"headline\":\"Mauritanie : La r\u00e9gionalisation de la Contribution D\u00e9termin\u00e9e Nationale au c\u0153ur de l&#8217;action climatique\",\"datePublished\":\"2024-12-27T10:59:51+00:00\",\"mainEntityOfPage\":{\"@id\":\"https:\\\/\\\/lequotidien.mr\\\/?p=24025&lang=fr\"},\"wordCount\":483,\"commentCount\":0,\"publisher\":{\"@id\":\"https:\\\/\\\/lequotidien.mr\\\/#organization\"},\"image\":{\"@id\":\"https:\\\/\\\/lequotidien.mr\\\/?p=24025&lang=fr#primaryimage\"},\"thumbnailUrl\":\"https:\\\/\\\/lequotidien.mr\\\/wp-content\\\/uploads\\\/2024\\\/12\\\/photo-CDN.jpeg\",\"articleSection\":[\"ACTUALIT\u00c9\",\"Economie\"],\"inLanguage\":\"ar\",\"potentialAction\":[{\"@type\":\"CommentAction\",\"name\":\"Comment\",\"target\":[\"https:\\\/\\\/lequotidien.mr\\\/?p=24025&lang=fr#respond\"]}]},{\"@type\":\"WebPage\",\"@id\":\"https:\\\/\\\/lequotidien.mr\\\/?p=24025&lang=fr\",\"url\":\"https:\\\/\\\/lequotidien.mr\\\/?p=24025&lang=fr\",\"name\":\"Mauritanie : La r\u00e9gionalisation de la Contribution D\u00e9termin\u00e9e Nationale au c\u0153ur de l'action climatique - Le Quotidien de Nouakchott\",\"isPartOf\":{\"@id\":\"https:\\\/\\\/lequotidien.mr\\\/#website\"},\"primaryImageOfPage\":{\"@id\":\"https:\\\/\\\/lequotidien.mr\\\/?p=24025&lang=fr#primaryimage\"},\"image\":{\"@id\":\"https:\\\/\\\/lequotidien.mr\\\/?p=24025&lang=fr#primaryimage\"},\"thumbnailUrl\":\"https:\\\/\\\/lequotidien.mr\\\/wp-content\\\/uploads\\\/2024\\\/12\\\/photo-CDN.jpeg\",\"datePublished\":\"2024-12-27T10:59:51+00:00\",\"breadcrumb\":{\"@id\":\"https:\\\/\\\/lequotidien.mr\\\/?p=24025&lang=fr#breadcrumb\"},\"inLanguage\":\"ar\",\"potentialAction\":[{\"@type\":\"ReadAction\",\"target\":[\"https:\\\/\\\/lequotidien.mr\\\/?p=24025&lang=fr\"]}]},{\"@type\":\"ImageObject\",\"inLanguage\":\"ar\",\"@id\":\"https:\\\/\\\/lequotidien.mr\\\/?p=24025&lang=fr#primaryimage\",\"url\":\"https:\\\/\\\/lequotidien.mr\\\/wp-content\\\/uploads\\\/2024\\\/12\\\/photo-CDN.jpeg\",\"contentUrl\":\"https:\\\/\\\/lequotidien.mr\\\/wp-content\\\/uploads\\\/2024\\\/12\\\/photo-CDN.jpeg\",\"width\":586,\"height\":430},{\"@type\":\"BreadcrumbList\",\"@id\":\"https:\\\/\\\/lequotidien.mr\\\/?p=24025&lang=fr#breadcrumb\",\"itemListElement\":[{\"@type\":\"ListItem\",\"position\":1,\"name\":\"Home\",\"item\":\"https:\\\/\\\/lequotidien.mr\\\/\"},{\"@type\":\"ListItem\",\"position\":2,\"name\":\"Mauritanie : La r\u00e9gionalisation de la Contribution D\u00e9termin\u00e9e Nationale au c\u0153ur de l&#8217;action climatique\"}]},{\"@type\":\"WebSite\",\"@id\":\"https:\\\/\\\/lequotidien.mr\\\/#website\",\"url\":\"https:\\\/\\\/lequotidien.mr\\\/\",\"name\":\"Le Quotidien de Nouakchott\",\"description\":\"\u0625\u062e\u0628\u0627\u0631\u064a\u0629 \u0645\u0633\u062a\u0642\u0644\u0629 \u0644\u0644\u0623\u0646\u0628\u0627\u0621 \u0627\u0644\u0639\u0627\u0645\u0629\",\"publisher\":{\"@id\":\"https:\\\/\\\/lequotidien.mr\\\/#organization\"},\"potentialAction\":[{\"@type\":\"SearchAction\",\"target\":{\"@type\":\"EntryPoint\",\"urlTemplate\":\"https:\\\/\\\/lequotidien.mr\\\/?s={search_term_string}\"},\"query-input\":{\"@type\":\"PropertyValueSpecification\",\"valueRequired\":true,\"valueName\":\"search_term_string\"}}],\"inLanguage\":\"ar\"},{\"@type\":\"Organization\",\"@id\":\"https:\\\/\\\/lequotidien.mr\\\/#organization\",\"name\":\"Le Quotidien de Nouakchott\",\"url\":\"https:\\\/\\\/lequotidien.mr\\\/\",\"logo\":{\"@type\":\"ImageObject\",\"inLanguage\":\"ar\",\"@id\":\"https:\\\/\\\/lequotidien.mr\\\/#\\\/schema\\\/logo\\\/image\\\/\",\"url\":\"https:\\\/\\\/lequotidien.mr\\\/wp-content\\\/uploads\\\/2022\\\/11\\\/logolequotidien.jpg\",\"contentUrl\":\"https:\\\/\\\/lequotidien.mr\\\/wp-content\\\/uploads\\\/2022\\\/11\\\/logolequotidien.jpg\",\"width\":290,\"height\":65,\"caption\":\"Le Quotidien de Nouakchott\"},\"image\":{\"@id\":\"https:\\\/\\\/lequotidien.mr\\\/#\\\/schema\\\/logo\\\/image\\\/\"},\"sameAs\":[\"https:\\\/\\\/web.facebook.com\\\/lequotidienmr\",\"https:\\\/\\\/x.com\\\/lequotidienmr\"]},{\"@type\":\"Person\",\"@id\":\"https:\\\/\\\/lequotidien.mr\\\/#\\\/schema\\\/person\\\/d2d350202a4d599685ed8abc25f97596\",\"name\":\"Med Ahmed\",\"image\":{\"@type\":\"ImageObject\",\"inLanguage\":\"ar\",\"@id\":\"https:\\\/\\\/secure.gravatar.com\\\/avatar\\\/fd2acc62ed50732923d1d39c17172c9b04149f142be92310ecc69e1358f94b52?s=96&d=mm&r=g\",\"url\":\"https:\\\/\\\/secure.gravatar.com\\\/avatar\\\/fd2acc62ed50732923d1d39c17172c9b04149f142be92310ecc69e1358f94b52?s=96&d=mm&r=g\",\"contentUrl\":\"https:\\\/\\\/secure.gravatar.com\\\/avatar\\\/fd2acc62ed50732923d1d39c17172c9b04149f142be92310ecc69e1358f94b52?s=96&d=mm&r=g\",\"caption\":\"Med Ahmed\"},\"url\":\"https:\\\/\\\/lequotidien.mr\\\/?author=12\"}]}<\/script>\n<!-- \/ Yoast SEO plugin. -->","yoast_head_json":{"title":"Mauritanie : La r\u00e9gionalisation de la Contribution D\u00e9termin\u00e9e Nationale au c\u0153ur de l'action climatique - Le Quotidien de Nouakchott","robots":{"index":"index","follow":"follow","max-snippet":"max-snippet:-1","max-image-preview":"max-image-preview:large","max-video-preview":"max-video-preview:-1"},"canonical":"https:\/\/lequotidien.mr\/?p=24025&lang=fr","og_locale":"ar_AR","og_type":"article","og_title":"Mauritanie : La r\u00e9gionalisation de la Contribution D\u00e9termin\u00e9e Nationale au c\u0153ur de l'action climatique - Le Quotidien de Nouakchott","og_description":"Un atelier novateur sur la mise en \u0153uvre r\u00e9gionale de la Contribution D\u00e9termines Nationale (CDN) a d\u00e9but\u00e9 mardi \u00e0 Nouakchott. Organis\u00e9 par la Direction du Climat et de l&#8217;\u00c9conomie Verte du minist\u00e8re de l&#8217;Environnement et du D\u00e9veloppement Durable, cet \u00e9v\u00e9nement marque une \u00e9tape cl\u00e9 vers l&#8217;int\u00e9gration des r\u00e9alit\u00e9s locales dans les engagements climatiques nationaux. La.....","og_url":"https:\/\/lequotidien.mr\/?p=24025&lang=fr","og_site_name":"Le Quotidien de Nouakchott","article_publisher":"https:\/\/web.facebook.com\/lequotidienmr","article_published_time":"2024-12-27T10:59:51+00:00","og_image":[{"width":586,"height":430,"url":"https:\/\/lequotidien.mr\/wp-content\/uploads\/2024\/12\/photo-CDN.jpeg","type":"image\/jpeg"}],"author":"Med Ahmed","twitter_card":"summary_large_image","twitter_creator":"@lequotidienmr","twitter_site":"@lequotidienmr","twitter_misc":{"\u0643\u064f\u062a\u0628 \u0628\u0648\u0627\u0633\u0637\u0629":"Med Ahmed","\u0648\u0642\u062a \u0627\u0644\u0642\u0631\u0627\u0621\u0629 \u0627\u0644\u0645\u064f\u0642\u062f\u0651\u0631":"\u062f\u0642\u064a\u0642\u062a\u0627\u0646"},"schema":{"@context":"https:\/\/schema.org","@graph":[{"@type":"Article","@id":"https:\/\/lequotidien.mr\/?p=24025&lang=fr#article","isPartOf":{"@id":"https:\/\/lequotidien.mr\/?p=24025&lang=fr"},"author":{"name":"Med Ahmed","@id":"https:\/\/lequotidien.mr\/#\/schema\/person\/d2d350202a4d599685ed8abc25f97596"},"headline":"Mauritanie : La r\u00e9gionalisation de la Contribution D\u00e9termin\u00e9e Nationale au c\u0153ur de l&#8217;action climatique","datePublished":"2024-12-27T10:59:51+00:00","mainEntityOfPage":{"@id":"https:\/\/lequotidien.mr\/?p=24025&lang=fr"},"wordCount":483,"commentCount":0,"publisher":{"@id":"https:\/\/lequotidien.mr\/#organization"},"image":{"@id":"https:\/\/lequotidien.mr\/?p=24025&lang=fr#primaryimage"},"thumbnailUrl":"https:\/\/lequotidien.mr\/wp-content\/uploads\/2024\/12\/photo-CDN.jpeg","articleSection":["ACTUALIT\u00c9","Economie"],"inLanguage":"ar","potentialAction":[{"@type":"CommentAction","name":"Comment","target":["https:\/\/lequotidien.mr\/?p=24025&lang=fr#respond"]}]},{"@type":"WebPage","@id":"https:\/\/lequotidien.mr\/?p=24025&lang=fr","url":"https:\/\/lequotidien.mr\/?p=24025&lang=fr","name":"Mauritanie : La r\u00e9gionalisation de la Contribution D\u00e9termin\u00e9e Nationale au c\u0153ur de l'action climatique - Le Quotidien de Nouakchott","isPartOf":{"@id":"https:\/\/lequotidien.mr\/#website"},"primaryImageOfPage":{"@id":"https:\/\/lequotidien.mr\/?p=24025&lang=fr#primaryimage"},"image":{"@id":"https:\/\/lequotidien.mr\/?p=24025&lang=fr#primaryimage"},"thumbnailUrl":"https:\/\/lequotidien.mr\/wp-content\/uploads\/2024\/12\/photo-CDN.jpeg","datePublished":"2024-12-27T10:59:51+00:00","breadcrumb":{"@id":"https:\/\/lequotidien.mr\/?p=24025&lang=fr#breadcrumb"},"inLanguage":"ar","potentialAction":[{"@type":"ReadAction","target":["https:\/\/lequotidien.mr\/?p=24025&lang=fr"]}]},{"@type":"ImageObject","inLanguage":"ar","@id":"https:\/\/lequotidien.mr\/?p=24025&lang=fr#primaryimage","url":"https:\/\/lequotidien.mr\/wp-content\/uploads\/2024\/12\/photo-CDN.jpeg","contentUrl":"https:\/\/lequotidien.mr\/wp-content\/uploads\/2024\/12\/photo-CDN.jpeg","width":586,"height":430},{"@type":"BreadcrumbList","@id":"https:\/\/lequotidien.mr\/?p=24025&lang=fr#breadcrumb","itemListElement":[{"@type":"ListItem","position":1,"name":"Home","item":"https:\/\/lequotidien.mr\/"},{"@type":"ListItem","position":2,"name":"Mauritanie : La r\u00e9gionalisation de la Contribution D\u00e9termin\u00e9e Nationale au c\u0153ur de l&#8217;action climatique"}]},{"@type":"WebSite","@id":"https:\/\/lequotidien.mr\/#website","url":"https:\/\/lequotidien.mr\/","name":"Le Quotidien de Nouakchott","description":"\u0625\u062e\u0628\u0627\u0631\u064a\u0629 \u0645\u0633\u062a\u0642\u0644\u0629 \u0644\u0644\u0623\u0646\u0628\u0627\u0621 \u0627\u0644\u0639\u0627\u0645\u0629","publisher":{"@id":"https:\/\/lequotidien.mr\/#organization"},"potentialAction":[{"@type":"SearchAction","target":{"@type":"EntryPoint","urlTemplate":"https:\/\/lequotidien.mr\/?s={search_term_string}"},"query-input":{"@type":"PropertyValueSpecification","valueRequired":true,"valueName":"search_term_string"}}],"inLanguage":"ar"},{"@type":"Organization","@id":"https:\/\/lequotidien.mr\/#organization","name":"Le Quotidien de Nouakchott","url":"https:\/\/lequotidien.mr\/","logo":{"@type":"ImageObject","inLanguage":"ar","@id":"https:\/\/lequotidien.mr\/#\/schema\/logo\/image\/","url":"https:\/\/lequotidien.mr\/wp-content\/uploads\/2022\/11\/logolequotidien.jpg","contentUrl":"https:\/\/lequotidien.mr\/wp-content\/uploads\/2022\/11\/logolequotidien.jpg","width":290,"height":65,"caption":"Le Quotidien de Nouakchott"},"image":{"@id":"https:\/\/lequotidien.mr\/#\/schema\/logo\/image\/"},"sameAs":["https:\/\/web.facebook.com\/lequotidienmr","https:\/\/x.com\/lequotidienmr"]},{"@type":"Person","@id":"https:\/\/lequotidien.mr\/#\/schema\/person\/d2d350202a4d599685ed8abc25f97596","name":"Med Ahmed","image":{"@type":"ImageObject","inLanguage":"ar","@id":"https:\/\/secure.gravatar.com\/avatar\/fd2acc62ed50732923d1d39c17172c9b04149f142be92310ecc69e1358f94b52?s=96&d=mm&r=g","url":"https:\/\/secure.gravatar.com\/avatar\/fd2acc62ed50732923d1d39c17172c9b04149f142be92310ecc69e1358f94b52?s=96&d=mm&r=g","contentUrl":"https:\/\/secure.gravatar.com\/avatar\/fd2acc62ed50732923d1d39c17172c9b04149f142be92310ecc69e1358f94b52?s=96&d=mm&r=g","caption":"Med Ahmed"},"url":"https:\/\/lequotidien.mr\/?author=12"}]}},"_links":{"self":[{"href":"https:\/\/lequotidien.mr\/index.php?rest_route=\/wp\/v2\/posts\/24025","targetHints":{"allow":["GET"]}}],"collection":[{"href":"https:\/\/lequotidien.mr\/index.php?rest_route=\/wp\/v2\/posts"}],"about":[{"href":"https:\/\/lequotidien.mr\/index.php?rest_route=\/wp\/v2\/types\/post"}],"author":[{"embeddable":true,"href":"https:\/\/lequotidien.mr\/index.php?rest_route=\/wp\/v2\/users\/12"}],"replies":[{"embeddable":true,"href":"https:\/\/lequotidien.mr\/index.php?rest_route=%2Fwp%2Fv2%2Fcomments&post=24025"}],"version-history":[{"count":1,"href":"https:\/\/lequotidien.mr\/index.php?rest_route=\/wp\/v2\/posts\/24025\/revisions"}],"predecessor-version":[{"id":24027,"href":"https:\/\/lequotidien.mr\/index.php?rest_route=\/wp\/v2\/posts\/24025\/revisions\/24027"}],"wp:featuredmedia":[{"embeddable":true,"href":"https:\/\/lequotidien.mr\/index.php?rest_route=\/wp\/v2\/media\/24026"}],"wp:attachment":[{"href":"https:\/\/lequotidien.mr\/index.php?rest_route=%2Fwp%2Fv2%2Fmedia&parent=24025"}],"wp:term":[{"taxonomy":"category","embeddable":true,"href":"https:\/\/lequotidien.mr\/index.php?rest_route=%2Fwp%2Fv2%2Fcategories&post=24025"},{"taxonomy":"post_tag","embeddable":true,"href":"https:\/\/lequotidien.mr\/index.php?rest_route=%2Fwp%2Fv2%2Ftags&post=24025"}],"curies":[{"name":"wp","href":"https:\/\/api.w.org\/{rel}","templated":true}]}}