{"id":24021,"date":"2024-12-26T23:49:53","date_gmt":"2024-12-26T23:49:53","guid":{"rendered":"https:\/\/lequotidien.mr\/?p=24021"},"modified":"2024-12-26T23:49:53","modified_gmt":"2024-12-26T23:49:53","slug":"la-mauritanie-adhere-au-partenariat-international-sur-linformation-et-la-democratie-une-etape-cle-pour-la-promotion-des-libertes-et-de-la-democratie","status":"publish","type":"post","link":"https:\/\/lequotidien.mr\/?p=24021&lang=fr","title":{"rendered":"La Mauritanie adh\u00e8re au Partenariat international sur l\u2019information et la d\u00e9mocratie : Une \u00e9tape cl\u00e9 pour la promotion des libert\u00e9s et de la d\u00e9mocratie"},"content":{"rendered":"<p>La Mauritanie marque une \u00e9tape d\u00e9cisive dans son engagement en faveur de la libert\u00e9 d\u2019expression et de la d\u00e9mocratie en adh\u00e9rant au <strong>Partenariat international sur l\u2019information et la d\u00e9mocratie<\/strong>. Cet accord intergouvernemental, qui r\u00e9unit 55 pays \u00e0 travers le monde, constitue un cadre unique pour renforcer les principes d\u00e9mocratiques dans l\u2019espace global de l\u2019information et de la communication.<\/p>\n<p><strong>Une adh\u00e9sion strat\u00e9gique pour un engagement mondial<\/strong><\/p>\n<p>Cette initiative, lanc\u00e9e lors de la 74\u1d49 Assembl\u00e9e g\u00e9n\u00e9rale des Nations Unies en septembre 2019, vise \u00e0 promouvoir la libert\u00e9 d\u2019expression, combattre la d\u00e9sinformation et garantir un acc\u00e8s \u00e9quitable \u00e0 des informations fiables et diversifi\u00e9es. En rejoignant ce partenariat, la Mauritanie r\u00e9affirme son engagement \u00e0 travailler avec les autres \u00c9tats membres et les organisations internationales pour relever les d\u00e9fis li\u00e9s \u00e0 la manipulation de l\u2019information et \u00e0 la pr\u00e9servation des valeurs d\u00e9mocratiques.<\/p>\n<p>Le ministre de la Culture, des Arts, de la Communication et des Relations avec le Parlement, porte-parole du gouvernement, <strong>M. El Houssein Medou<\/strong>, a soulign\u00e9 l\u2019importance de cette adh\u00e9sion. Selon lui, elle t\u00e9moigne de la volont\u00e9 de la Mauritanie de consolider la d\u00e9mocratie et de promouvoir les libert\u00e9s en collaborant avec les acteurs engag\u00e9s dans cette mission \u00e0 travers le monde.<\/p>\n<p><strong>Des acquis significatifs dans la libert\u00e9 de la presse<\/strong><\/p>\n<p>Le ministre a rappel\u00e9 que la Mauritanie avait d\u00e9j\u00e0 r\u00e9alis\u00e9 des progr\u00e8s notables dans le domaine des m\u00e9dias, notamment gr\u00e2ce \u00e0 la mise en place, en 2020, de la Haute Commission pour la R\u00e9forme du Secteur des M\u00e9dias, sur d\u00e9cision du Pr\u00e9sident de la R\u00e9publique, <strong>M. Mohamed Cheikh El Ghazouani<\/strong>.<\/p>\n<p>Ces r\u00e9formes ont permis :<\/p>\n<p>-L\u2019am\u00e9lioration des lois r\u00e9gissant les m\u00e9dias\u00a0;<\/p>\n<p>-L\u2019\u00e9largissement des libert\u00e9s pour les journalistes et les citoyens\u00a0;<\/p>\n<p>-L\u2019autonomisation des professionnels des m\u00e9dias et l\u2019am\u00e9lioration de leurs conditions de travail\u00a0;<\/p>\n<p>-La garantie du droit des citoyens \u00e0 acc\u00e9der \u00e0 des m\u00e9dias libres, qualitatifs et diversifi\u00e9s.<\/p>\n<p>Ces initiatives t\u00e9moignent de l\u2019engagement du gouvernement mauritanien, sous la direction du Premier ministre <strong>Mokhtar Diay<\/strong>, \u00e0 renforcer la libert\u00e9 des m\u00e9dias et \u00e0 garantir leur r\u00f4le essentiel dans la soci\u00e9t\u00e9.<\/p>\n<p><strong>Les ambitions mauritaniennes dans le cadre du partenariat<\/strong><\/p>\n<p>En adh\u00e9rant au Partenariat international, la Mauritanie entend contribuer activement \u00e0 :<\/p>\n<p><strong>-Lutter contre les fake news<\/strong> : La d\u00e9sinformation constitue une menace majeure pour la d\u00e9mocratie. La Mauritanie s\u2019engage \u00e0 d\u00e9velopper des strat\u00e9gies pour contrer ces d\u00e9rives\u00a0;<\/p>\n<p><strong>-Renforcer la coop\u00e9ration internationale<\/strong> : La Mauritanie ambitionne de collaborer \u00e9troitement avec d\u2019autres \u00c9tats membres, des organisations comme Reporters sans fronti\u00e8res (RSF), ainsi que des acteurs de la soci\u00e9t\u00e9 civile, pour d\u00e9fendre des valeurs communes\u00a0;<\/p>\n<p><strong>-Promouvoir la libert\u00e9 d\u2019expression et l\u2019acc\u00e8s \u00e0 l\u2019information<\/strong> : En soutenant des initiatives novatrices visant \u00e0 garantir un environnement m\u00e9diatique comp\u00e9titif et professionnel.<\/p>\n<p>Le ministre a insist\u00e9 sur le fait que la Mauritanie restera ouverte \u00e0 toutes les initiatives visant \u00e0 d\u00e9fendre les libert\u00e9s individuelles et collectives, consolidant ainsi son image de nation respectueuse des principes d\u00e9mocratiques et des droits fondamentaux.<\/p>\n<p><strong>Un mod\u00e8le pour la r\u00e9gion et au-del\u00e0<\/strong><\/p>\n<p>Cette d\u00e9marche place la Mauritanie en position de leader r\u00e9gional dans la promotion des libert\u00e9s et des principes d\u00e9mocratiques. L\u2019engagement du pays \u00e0 d\u00e9fendre les valeurs humaines, l\u2019acc\u00e8s \u00e0 l\u2019information et la lutte contre la d\u00e9sinformation refl\u00e8te une vision ambitieuse pour l\u2019avenir de la d\u00e9mocratie, non seulement sur le plan national, mais aussi au sein de la communaut\u00e9 internationale.<\/p>\n<p>En int\u00e9grant ce partenariat, la Mauritanie r\u00e9affirme sa volont\u00e9 de devenir un acteur cl\u00e9 dans la transformation de l\u2019\u00e9cosyst\u00e8me mondial de l\u2019information et de la communication. Un pas de g\u00e9ant vers un monde o\u00f9 l\u2019information sert la v\u00e9rit\u00e9, la justice et la d\u00e9mocratie.<\/p>\n","protected":false},"excerpt":{"rendered":"<p>La Mauritanie marque une \u00e9tape d\u00e9cisive dans son engagement en faveur de la libert\u00e9 d\u2019expression et de la d\u00e9mocratie en adh\u00e9rant au Partenariat international sur l\u2019information et la d\u00e9mocratie. Cet accord intergouvernemental, qui r\u00e9unit 55 pays \u00e0 travers le monde, constitue un cadre unique pour renforcer les principes d\u00e9mocratiques dans l\u2019espace global de l\u2019information et&#8230;..<\/p>\n","protected":false},"author":12,"featured_media":24022,"comment_status":"open","ping_status":"open","sticky":false,"template":"","format":"standard","meta":{"footnotes":""},"categories":[23,55],"tags":[],"class_list":["post-24021","post","type-post","status-publish","format-standard","has-post-thumbnail","hentry","category-actualite","category-culture"],"yoast_head":"<!-- This site is optimized with the Yoast SEO plugin v27.5 - https:\/\/yoast.com\/product\/yoast-seo-wordpress\/ -->\n<title>La Mauritanie adh\u00e8re au Partenariat international sur l\u2019information et la d\u00e9mocratie : Une \u00e9tape cl\u00e9 pour la promotion des libert\u00e9s et de la d\u00e9mocratie - Le Quotidien de Nouakchott<\/title>\n<meta name=\"robots\" content=\"index, follow, max-snippet:-1, max-image-preview:large, max-video-preview:-1\" \/>\n<link rel=\"canonical\" href=\"https:\/\/lequotidien.mr\/?p=24021&lang=fr\" \/>\n<meta property=\"og:locale\" content=\"ar_AR\" \/>\n<meta property=\"og:type\" content=\"article\" \/>\n<meta property=\"og:title\" content=\"La Mauritanie adh\u00e8re au Partenariat international sur l\u2019information et la d\u00e9mocratie : Une \u00e9tape cl\u00e9 pour la promotion des libert\u00e9s et de la d\u00e9mocratie - Le Quotidien de Nouakchott\" \/>\n<meta property=\"og:description\" content=\"La Mauritanie marque une \u00e9tape d\u00e9cisive dans son engagement en faveur de la libert\u00e9 d\u2019expression et de la d\u00e9mocratie en adh\u00e9rant au Partenariat international sur l\u2019information et la d\u00e9mocratie. Cet accord intergouvernemental, qui r\u00e9unit 55 pays \u00e0 travers le monde, constitue un cadre unique pour renforcer les principes d\u00e9mocratiques dans l\u2019espace global de l\u2019information et.....\" \/>\n<meta property=\"og:url\" content=\"https:\/\/lequotidien.mr\/?p=24021&amp;lang=fr\" \/>\n<meta property=\"og:site_name\" content=\"Le Quotidien de Nouakchott\" \/>\n<meta property=\"article:publisher\" content=\"https:\/\/web.facebook.com\/lequotidienmr\" \/>\n<meta property=\"article:published_time\" content=\"2024-12-26T23:49:53+00:00\" \/>\n<meta property=\"og:image\" content=\"https:\/\/lequotidien.mr\/wp-content\/uploads\/2024\/12\/photo-Info-et-Democratie.jpeg\" \/>\n\t<meta property=\"og:image:width\" content=\"640\" \/>\n\t<meta property=\"og:image:height\" content=\"322\" \/>\n\t<meta property=\"og:image:type\" content=\"image\/jpeg\" \/>\n<meta name=\"author\" content=\"Med Ahmed\" \/>\n<meta name=\"twitter:card\" content=\"summary_large_image\" \/>\n<meta name=\"twitter:creator\" content=\"@lequotidienmr\" \/>\n<meta name=\"twitter:site\" content=\"@lequotidienmr\" \/>\n<meta name=\"twitter:label1\" content=\"\u0643\u064f\u062a\u0628 \u0628\u0648\u0627\u0633\u0637\u0629\" \/>\n\t<meta name=\"twitter:data1\" content=\"Med Ahmed\" \/>\n\t<meta name=\"twitter:label2\" content=\"\u0648\u0642\u062a \u0627\u0644\u0642\u0631\u0627\u0621\u0629 \u0627\u0644\u0645\u064f\u0642\u062f\u0651\u0631\" \/>\n\t<meta name=\"twitter:data2\" content=\"3 \u062f\u0642\u0627\u0626\u0642\" \/>\n<script type=\"application\/ld+json\" class=\"yoast-schema-graph\">{\"@context\":\"https:\\\/\\\/schema.org\",\"@graph\":[{\"@type\":\"Article\",\"@id\":\"https:\\\/\\\/lequotidien.mr\\\/?p=24021&lang=fr#article\",\"isPartOf\":{\"@id\":\"https:\\\/\\\/lequotidien.mr\\\/?p=24021&lang=fr\"},\"author\":{\"name\":\"Med Ahmed\",\"@id\":\"https:\\\/\\\/lequotidien.mr\\\/#\\\/schema\\\/person\\\/d2d350202a4d599685ed8abc25f97596\"},\"headline\":\"La Mauritanie adh\u00e8re au Partenariat international sur l\u2019information et la d\u00e9mocratie : Une \u00e9tape cl\u00e9 pour la promotion des libert\u00e9s et de la d\u00e9mocratie\",\"datePublished\":\"2024-12-26T23:49:53+00:00\",\"mainEntityOfPage\":{\"@id\":\"https:\\\/\\\/lequotidien.mr\\\/?p=24021&lang=fr\"},\"wordCount\":691,\"commentCount\":0,\"publisher\":{\"@id\":\"https:\\\/\\\/lequotidien.mr\\\/#organization\"},\"image\":{\"@id\":\"https:\\\/\\\/lequotidien.mr\\\/?p=24021&lang=fr#primaryimage\"},\"thumbnailUrl\":\"https:\\\/\\\/lequotidien.mr\\\/wp-content\\\/uploads\\\/2024\\\/12\\\/photo-Info-et-Democratie.jpeg\",\"articleSection\":[\"ACTUALIT\u00c9\",\"Culture\"],\"inLanguage\":\"ar\",\"potentialAction\":[{\"@type\":\"CommentAction\",\"name\":\"Comment\",\"target\":[\"https:\\\/\\\/lequotidien.mr\\\/?p=24021&lang=fr#respond\"]}]},{\"@type\":\"WebPage\",\"@id\":\"https:\\\/\\\/lequotidien.mr\\\/?p=24021&lang=fr\",\"url\":\"https:\\\/\\\/lequotidien.mr\\\/?p=24021&lang=fr\",\"name\":\"La Mauritanie adh\u00e8re au Partenariat international sur l\u2019information et la d\u00e9mocratie : Une \u00e9tape cl\u00e9 pour la promotion des libert\u00e9s et de la d\u00e9mocratie - Le Quotidien de Nouakchott\",\"isPartOf\":{\"@id\":\"https:\\\/\\\/lequotidien.mr\\\/#website\"},\"primaryImageOfPage\":{\"@id\":\"https:\\\/\\\/lequotidien.mr\\\/?p=24021&lang=fr#primaryimage\"},\"image\":{\"@id\":\"https:\\\/\\\/lequotidien.mr\\\/?p=24021&lang=fr#primaryimage\"},\"thumbnailUrl\":\"https:\\\/\\\/lequotidien.mr\\\/wp-content\\\/uploads\\\/2024\\\/12\\\/photo-Info-et-Democratie.jpeg\",\"datePublished\":\"2024-12-26T23:49:53+00:00\",\"breadcrumb\":{\"@id\":\"https:\\\/\\\/lequotidien.mr\\\/?p=24021&lang=fr#breadcrumb\"},\"inLanguage\":\"ar\",\"potentialAction\":[{\"@type\":\"ReadAction\",\"target\":[\"https:\\\/\\\/lequotidien.mr\\\/?p=24021&lang=fr\"]}]},{\"@type\":\"ImageObject\",\"inLanguage\":\"ar\",\"@id\":\"https:\\\/\\\/lequotidien.mr\\\/?p=24021&lang=fr#primaryimage\",\"url\":\"https:\\\/\\\/lequotidien.mr\\\/wp-content\\\/uploads\\\/2024\\\/12\\\/photo-Info-et-Democratie.jpeg\",\"contentUrl\":\"https:\\\/\\\/lequotidien.mr\\\/wp-content\\\/uploads\\\/2024\\\/12\\\/photo-Info-et-Democratie.jpeg\",\"width\":640,\"height\":322},{\"@type\":\"BreadcrumbList\",\"@id\":\"https:\\\/\\\/lequotidien.mr\\\/?p=24021&lang=fr#breadcrumb\",\"itemListElement\":[{\"@type\":\"ListItem\",\"position\":1,\"name\":\"Home\",\"item\":\"https:\\\/\\\/lequotidien.mr\\\/\"},{\"@type\":\"ListItem\",\"position\":2,\"name\":\"La Mauritanie adh\u00e8re au Partenariat international sur l\u2019information et la d\u00e9mocratie : Une \u00e9tape cl\u00e9 pour la promotion des libert\u00e9s et de la d\u00e9mocratie\"}]},{\"@type\":\"WebSite\",\"@id\":\"https:\\\/\\\/lequotidien.mr\\\/#website\",\"url\":\"https:\\\/\\\/lequotidien.mr\\\/\",\"name\":\"Le Quotidien de Nouakchott\",\"description\":\"\u0625\u062e\u0628\u0627\u0631\u064a\u0629 \u0645\u0633\u062a\u0642\u0644\u0629 \u0644\u0644\u0623\u0646\u0628\u0627\u0621 \u0627\u0644\u0639\u0627\u0645\u0629\",\"publisher\":{\"@id\":\"https:\\\/\\\/lequotidien.mr\\\/#organization\"},\"potentialAction\":[{\"@type\":\"SearchAction\",\"target\":{\"@type\":\"EntryPoint\",\"urlTemplate\":\"https:\\\/\\\/lequotidien.mr\\\/?s={search_term_string}\"},\"query-input\":{\"@type\":\"PropertyValueSpecification\",\"valueRequired\":true,\"valueName\":\"search_term_string\"}}],\"inLanguage\":\"ar\"},{\"@type\":\"Organization\",\"@id\":\"https:\\\/\\\/lequotidien.mr\\\/#organization\",\"name\":\"Le Quotidien de Nouakchott\",\"url\":\"https:\\\/\\\/lequotidien.mr\\\/\",\"logo\":{\"@type\":\"ImageObject\",\"inLanguage\":\"ar\",\"@id\":\"https:\\\/\\\/lequotidien.mr\\\/#\\\/schema\\\/logo\\\/image\\\/\",\"url\":\"https:\\\/\\\/lequotidien.mr\\\/wp-content\\\/uploads\\\/2022\\\/11\\\/logolequotidien.jpg\",\"contentUrl\":\"https:\\\/\\\/lequotidien.mr\\\/wp-content\\\/uploads\\\/2022\\\/11\\\/logolequotidien.jpg\",\"width\":290,\"height\":65,\"caption\":\"Le Quotidien de Nouakchott\"},\"image\":{\"@id\":\"https:\\\/\\\/lequotidien.mr\\\/#\\\/schema\\\/logo\\\/image\\\/\"},\"sameAs\":[\"https:\\\/\\\/web.facebook.com\\\/lequotidienmr\",\"https:\\\/\\\/x.com\\\/lequotidienmr\"]},{\"@type\":\"Person\",\"@id\":\"https:\\\/\\\/lequotidien.mr\\\/#\\\/schema\\\/person\\\/d2d350202a4d599685ed8abc25f97596\",\"name\":\"Med Ahmed\",\"image\":{\"@type\":\"ImageObject\",\"inLanguage\":\"ar\",\"@id\":\"https:\\\/\\\/secure.gravatar.com\\\/avatar\\\/fd2acc62ed50732923d1d39c17172c9b04149f142be92310ecc69e1358f94b52?s=96&d=mm&r=g\",\"url\":\"https:\\\/\\\/secure.gravatar.com\\\/avatar\\\/fd2acc62ed50732923d1d39c17172c9b04149f142be92310ecc69e1358f94b52?s=96&d=mm&r=g\",\"contentUrl\":\"https:\\\/\\\/secure.gravatar.com\\\/avatar\\\/fd2acc62ed50732923d1d39c17172c9b04149f142be92310ecc69e1358f94b52?s=96&d=mm&r=g\",\"caption\":\"Med Ahmed\"},\"url\":\"https:\\\/\\\/lequotidien.mr\\\/?author=12\"}]}<\/script>\n<!-- \/ Yoast SEO plugin. -->","yoast_head_json":{"title":"La Mauritanie adh\u00e8re au Partenariat international sur l\u2019information et la d\u00e9mocratie : Une \u00e9tape cl\u00e9 pour la promotion des libert\u00e9s et de la d\u00e9mocratie - Le Quotidien de Nouakchott","robots":{"index":"index","follow":"follow","max-snippet":"max-snippet:-1","max-image-preview":"max-image-preview:large","max-video-preview":"max-video-preview:-1"},"canonical":"https:\/\/lequotidien.mr\/?p=24021&lang=fr","og_locale":"ar_AR","og_type":"article","og_title":"La Mauritanie adh\u00e8re au Partenariat international sur l\u2019information et la d\u00e9mocratie : Une \u00e9tape cl\u00e9 pour la promotion des libert\u00e9s et de la d\u00e9mocratie - Le Quotidien de Nouakchott","og_description":"La Mauritanie marque une \u00e9tape d\u00e9cisive dans son engagement en faveur de la libert\u00e9 d\u2019expression et de la d\u00e9mocratie en adh\u00e9rant au Partenariat international sur l\u2019information et la d\u00e9mocratie. Cet accord intergouvernemental, qui r\u00e9unit 55 pays \u00e0 travers le monde, constitue un cadre unique pour renforcer les principes d\u00e9mocratiques dans l\u2019espace global de l\u2019information et.....","og_url":"https:\/\/lequotidien.mr\/?p=24021&lang=fr","og_site_name":"Le Quotidien de Nouakchott","article_publisher":"https:\/\/web.facebook.com\/lequotidienmr","article_published_time":"2024-12-26T23:49:53+00:00","og_image":[{"width":640,"height":322,"url":"https:\/\/lequotidien.mr\/wp-content\/uploads\/2024\/12\/photo-Info-et-Democratie.jpeg","type":"image\/jpeg"}],"author":"Med Ahmed","twitter_card":"summary_large_image","twitter_creator":"@lequotidienmr","twitter_site":"@lequotidienmr","twitter_misc":{"\u0643\u064f\u062a\u0628 \u0628\u0648\u0627\u0633\u0637\u0629":"Med Ahmed","\u0648\u0642\u062a \u0627\u0644\u0642\u0631\u0627\u0621\u0629 \u0627\u0644\u0645\u064f\u0642\u062f\u0651\u0631":"3 \u062f\u0642\u0627\u0626\u0642"},"schema":{"@context":"https:\/\/schema.org","@graph":[{"@type":"Article","@id":"https:\/\/lequotidien.mr\/?p=24021&lang=fr#article","isPartOf":{"@id":"https:\/\/lequotidien.mr\/?p=24021&lang=fr"},"author":{"name":"Med Ahmed","@id":"https:\/\/lequotidien.mr\/#\/schema\/person\/d2d350202a4d599685ed8abc25f97596"},"headline":"La Mauritanie adh\u00e8re au Partenariat international sur l\u2019information et la d\u00e9mocratie : Une \u00e9tape cl\u00e9 pour la promotion des libert\u00e9s et de la d\u00e9mocratie","datePublished":"2024-12-26T23:49:53+00:00","mainEntityOfPage":{"@id":"https:\/\/lequotidien.mr\/?p=24021&lang=fr"},"wordCount":691,"commentCount":0,"publisher":{"@id":"https:\/\/lequotidien.mr\/#organization"},"image":{"@id":"https:\/\/lequotidien.mr\/?p=24021&lang=fr#primaryimage"},"thumbnailUrl":"https:\/\/lequotidien.mr\/wp-content\/uploads\/2024\/12\/photo-Info-et-Democratie.jpeg","articleSection":["ACTUALIT\u00c9","Culture"],"inLanguage":"ar","potentialAction":[{"@type":"CommentAction","name":"Comment","target":["https:\/\/lequotidien.mr\/?p=24021&lang=fr#respond"]}]},{"@type":"WebPage","@id":"https:\/\/lequotidien.mr\/?p=24021&lang=fr","url":"https:\/\/lequotidien.mr\/?p=24021&lang=fr","name":"La Mauritanie adh\u00e8re au Partenariat international sur l\u2019information et la d\u00e9mocratie : Une \u00e9tape cl\u00e9 pour la promotion des libert\u00e9s et de la d\u00e9mocratie - Le Quotidien de Nouakchott","isPartOf":{"@id":"https:\/\/lequotidien.mr\/#website"},"primaryImageOfPage":{"@id":"https:\/\/lequotidien.mr\/?p=24021&lang=fr#primaryimage"},"image":{"@id":"https:\/\/lequotidien.mr\/?p=24021&lang=fr#primaryimage"},"thumbnailUrl":"https:\/\/lequotidien.mr\/wp-content\/uploads\/2024\/12\/photo-Info-et-Democratie.jpeg","datePublished":"2024-12-26T23:49:53+00:00","breadcrumb":{"@id":"https:\/\/lequotidien.mr\/?p=24021&lang=fr#breadcrumb"},"inLanguage":"ar","potentialAction":[{"@type":"ReadAction","target":["https:\/\/lequotidien.mr\/?p=24021&lang=fr"]}]},{"@type":"ImageObject","inLanguage":"ar","@id":"https:\/\/lequotidien.mr\/?p=24021&lang=fr#primaryimage","url":"https:\/\/lequotidien.mr\/wp-content\/uploads\/2024\/12\/photo-Info-et-Democratie.jpeg","contentUrl":"https:\/\/lequotidien.mr\/wp-content\/uploads\/2024\/12\/photo-Info-et-Democratie.jpeg","width":640,"height":322},{"@type":"BreadcrumbList","@id":"https:\/\/lequotidien.mr\/?p=24021&lang=fr#breadcrumb","itemListElement":[{"@type":"ListItem","position":1,"name":"Home","item":"https:\/\/lequotidien.mr\/"},{"@type":"ListItem","position":2,"name":"La Mauritanie adh\u00e8re au Partenariat international sur l\u2019information et la d\u00e9mocratie : Une \u00e9tape cl\u00e9 pour la promotion des libert\u00e9s et de la d\u00e9mocratie"}]},{"@type":"WebSite","@id":"https:\/\/lequotidien.mr\/#website","url":"https:\/\/lequotidien.mr\/","name":"Le Quotidien de Nouakchott","description":"\u0625\u062e\u0628\u0627\u0631\u064a\u0629 \u0645\u0633\u062a\u0642\u0644\u0629 \u0644\u0644\u0623\u0646\u0628\u0627\u0621 \u0627\u0644\u0639\u0627\u0645\u0629","publisher":{"@id":"https:\/\/lequotidien.mr\/#organization"},"potentialAction":[{"@type":"SearchAction","target":{"@type":"EntryPoint","urlTemplate":"https:\/\/lequotidien.mr\/?s={search_term_string}"},"query-input":{"@type":"PropertyValueSpecification","valueRequired":true,"valueName":"search_term_string"}}],"inLanguage":"ar"},{"@type":"Organization","@id":"https:\/\/lequotidien.mr\/#organization","name":"Le Quotidien de Nouakchott","url":"https:\/\/lequotidien.mr\/","logo":{"@type":"ImageObject","inLanguage":"ar","@id":"https:\/\/lequotidien.mr\/#\/schema\/logo\/image\/","url":"https:\/\/lequotidien.mr\/wp-content\/uploads\/2022\/11\/logolequotidien.jpg","contentUrl":"https:\/\/lequotidien.mr\/wp-content\/uploads\/2022\/11\/logolequotidien.jpg","width":290,"height":65,"caption":"Le Quotidien de Nouakchott"},"image":{"@id":"https:\/\/lequotidien.mr\/#\/schema\/logo\/image\/"},"sameAs":["https:\/\/web.facebook.com\/lequotidienmr","https:\/\/x.com\/lequotidienmr"]},{"@type":"Person","@id":"https:\/\/lequotidien.mr\/#\/schema\/person\/d2d350202a4d599685ed8abc25f97596","name":"Med Ahmed","image":{"@type":"ImageObject","inLanguage":"ar","@id":"https:\/\/secure.gravatar.com\/avatar\/fd2acc62ed50732923d1d39c17172c9b04149f142be92310ecc69e1358f94b52?s=96&d=mm&r=g","url":"https:\/\/secure.gravatar.com\/avatar\/fd2acc62ed50732923d1d39c17172c9b04149f142be92310ecc69e1358f94b52?s=96&d=mm&r=g","contentUrl":"https:\/\/secure.gravatar.com\/avatar\/fd2acc62ed50732923d1d39c17172c9b04149f142be92310ecc69e1358f94b52?s=96&d=mm&r=g","caption":"Med Ahmed"},"url":"https:\/\/lequotidien.mr\/?author=12"}]}},"_links":{"self":[{"href":"https:\/\/lequotidien.mr\/index.php?rest_route=\/wp\/v2\/posts\/24021","targetHints":{"allow":["GET"]}}],"collection":[{"href":"https:\/\/lequotidien.mr\/index.php?rest_route=\/wp\/v2\/posts"}],"about":[{"href":"https:\/\/lequotidien.mr\/index.php?rest_route=\/wp\/v2\/types\/post"}],"author":[{"embeddable":true,"href":"https:\/\/lequotidien.mr\/index.php?rest_route=\/wp\/v2\/users\/12"}],"replies":[{"embeddable":true,"href":"https:\/\/lequotidien.mr\/index.php?rest_route=%2Fwp%2Fv2%2Fcomments&post=24021"}],"version-history":[{"count":1,"href":"https:\/\/lequotidien.mr\/index.php?rest_route=\/wp\/v2\/posts\/24021\/revisions"}],"predecessor-version":[{"id":24023,"href":"https:\/\/lequotidien.mr\/index.php?rest_route=\/wp\/v2\/posts\/24021\/revisions\/24023"}],"wp:featuredmedia":[{"embeddable":true,"href":"https:\/\/lequotidien.mr\/index.php?rest_route=\/wp\/v2\/media\/24022"}],"wp:attachment":[{"href":"https:\/\/lequotidien.mr\/index.php?rest_route=%2Fwp%2Fv2%2Fmedia&parent=24021"}],"wp:term":[{"taxonomy":"category","embeddable":true,"href":"https:\/\/lequotidien.mr\/index.php?rest_route=%2Fwp%2Fv2%2Fcategories&post=24021"},{"taxonomy":"post_tag","embeddable":true,"href":"https:\/\/lequotidien.mr\/index.php?rest_route=%2Fwp%2Fv2%2Ftags&post=24021"}],"curies":[{"name":"wp","href":"https:\/\/api.w.org\/{rel}","templated":true}]}}