{"id":23939,"date":"2024-12-24T10:56:47","date_gmt":"2024-12-24T10:56:47","guid":{"rendered":"https:\/\/lequotidien.mr\/?p=23939"},"modified":"2024-12-24T10:59:14","modified_gmt":"2024-12-24T10:59:14","slug":"sensibilisation-sur-limpact-des-changements-sur-les-villes-cotieres-mauritaniennes-pour-des-plages-propres-et-un-avenir-durable","status":"publish","type":"post","link":"https:\/\/lequotidien.mr\/?p=23939&lang=fr","title":{"rendered":"Sensibilisation sur l&#8217;impact des changements climatiques sur les villes c\u00f4ti\u00e8res mauritaniennes : Pour des plages propres et un avenir durable"},"content":{"rendered":"<p>Les changements climatiques pr\u00e9sentent des d\u00e9fis majeurs pour les villes c\u00f4ti\u00e8res mauritaniennes, qui abritent pr\u00e8s de la moiti\u00e9 de la population du pays et concentrent une grande partie des activit\u00e9s \u00e9conomiques et politiques. Ces zones, vuln\u00e9rables \u00e0 la mont\u00e9e du niveau de la mer, \u00e0 l&#8217;\u00e9rosion c\u00f4ti\u00e8re et \u00e0 d&#8217;autres ph\u00e9nom\u00e8nes climatiques, doivent n\u00e9cessairement faire l&#8217;objet d&#8217;une attention particuli\u00e8re pour pr\u00e9server leur environnement et garantir un d\u00e9veloppement durable.<\/p>\n<p><strong>Un atelier pour sensibiliser et agir<\/strong><\/p>\n<p>C&#8217;est dans ce contexte qu&#8217;un atelier de sensibilisation sur l&#8217;impact du changement climatique s&#8217;est tenu r\u00e9cemment \u00e0 Nouadhibou. Organis\u00e9 par le r\u00e9seau des maires des communes c\u00f4ti\u00e8res, en collaboration avec la Banque mondiale via le projet WACA (West Africa Coastal Areas), cet \u00e9v\u00e9nement avait pour objectif de sensibiliser les d\u00e9cideurs locaux et les populations \u00e0 la n\u00e9cessit\u00e9 d&#8217;une action collective pour contrer les effets n\u00e9fastes du changement climatique.<\/p>\n<p><strong>Vers des actions concr\u00e8tes<\/strong><\/p>\n<p>L&#8217;atelier a mis en lumi\u00e8re plusieurs initiatives essentielles :<\/p>\n<p><strong>\u00a0<\/strong><strong>-Maintien de plages propres<\/strong> : Une attention particuli\u00e8re a \u00e9t\u00e9 accord\u00e9e \u00e0 la propret\u00e9 des plages, consid\u00e9r\u00e9es comme une ressource pr\u00e9cieuse pour les \u00e9cosyst\u00e8mes marins et les communaut\u00e9s locales\u00a0;<\/p>\n<p><strong>-Reforestation c\u00f4ti\u00e8re<\/strong> : Planter des arbres dans les zones littorales pour renforcer la r\u00e9silience face \u00e0 l&#8217;\u00e9rosion et am\u00e9liorer la qualit\u00e9 de vie des habitants\u00a0;<\/p>\n<p><strong>-Caravane de sensibilisation<\/strong> : Une initiative ambitieuse qui sillonnera les communes c\u00f4ti\u00e8res de Nouadhibou \u00e0 N&#8217;Diago, pour informer les communaut\u00e9s des risques climatiques et les mobilisateurs autour de pratiques \u00e9coresponsables.<\/p>\n<p><strong>L&#8217;engagement des autorit\u00e9s locales et nationales<\/strong><\/p>\n<p>Le Ministre d\u00e9l\u00e9gu\u00e9 aupr\u00e8s du Ministre de l&#8217;Int\u00e9rieur, charg\u00e9 de la d\u00e9centralisation et du d\u00e9veloppement local, M. Yacoub Salem Vall, a soulign\u00e9 l&#8217;urgence de la situation. Il a r\u00e9it\u00e9r\u00e9 l&#8217;engagement du gouvernement, conform\u00e9ment aux orientations du Pr\u00e9sident de la R\u00e9publique, Mohamed Cheikh El Ghazouani, \u00e0 \u00e9laborer un plan d&#8217;action sp\u00e9cifique pour les villes c\u00f4ti\u00e8res.<\/p>\n<p>De leur c\u00f4t\u00e9, les maires des communes concern\u00e9es ont rappel\u00e9 l&#8217;importance d&#8217;une synergie entre les diff\u00e9rents acteurs pour mener \u00e0 bien ces initiatives. Le pr\u00e9sident de l&#8217;Association des maires de Mauritanie, M. Bemba Dramane, a insist\u00e9 sur la n\u00e9cessit\u00e9 d&#8217;une approche collective et r\u00e9fl\u00e9chie pour minimiser les impacts n\u00e9gatifs du changement climatique.<\/p>\n<p><strong>Un avenir \u00e0 b\u00e2tir ensemble<\/strong><\/p>\n<p>La lutte contre les effets des changements climatiques dans les villes c\u00f4ti\u00e8res mauritaniennes repose sur une coop\u00e9ration \u00e9troite entre les autorit\u00e9s, les populations locales et les partenaires internationaux. Les ateliers de sensibilisation et les actions concr\u00e8tes, comme la reforestation et le nettoyage des plages, constituent des \u00e9tapes cruciales pour pr\u00e9server ces zones vitales et assurer un avenir durable pour les g\u00e9n\u00e9rations futures.<\/p>\n<p>En redoublant d&#8217;efforts et en unissant leurs forces, les villes c\u00f4ti\u00e8res mauritaniennes peuvent devenir des mod\u00e8les de r\u00e9silience et de durabilit\u00e9, prouvant qu&#8217;il est n\u2019est pas impossible d\u2019apprivoiser les impacts n\u00e9gatifs des changements climatiques.<\/p>\n","protected":false},"excerpt":{"rendered":"<p>Les changements climatiques pr\u00e9sentent des d\u00e9fis majeurs pour les villes c\u00f4ti\u00e8res mauritaniennes, qui abritent pr\u00e8s de la moiti\u00e9 de la population du pays et concentrent une grande partie des activit\u00e9s \u00e9conomiques et politiques. Ces zones, vuln\u00e9rables \u00e0 la mont\u00e9e du niveau de la mer, \u00e0 l&#8217;\u00e9rosion c\u00f4ti\u00e8re et \u00e0 d&#8217;autres ph\u00e9nom\u00e8nes climatiques, doivent n\u00e9cessairement faire&#8230;..<\/p>\n","protected":false},"author":12,"featured_media":23940,"comment_status":"open","ping_status":"open","sticky":false,"template":"","format":"standard","meta":{"footnotes":""},"categories":[23,49],"tags":[],"class_list":["post-23939","post","type-post","status-publish","format-standard","has-post-thumbnail","hentry","category-actualite","category-economie"],"yoast_head":"<!-- This site is optimized with the Yoast SEO plugin v27.5 - https:\/\/yoast.com\/product\/yoast-seo-wordpress\/ -->\n<title>Sensibilisation sur l&#039;impact des changements climatiques sur les villes c\u00f4ti\u00e8res mauritaniennes : Pour des plages propres et un avenir durable - Le Quotidien de Nouakchott<\/title>\n<meta name=\"robots\" content=\"index, follow, max-snippet:-1, max-image-preview:large, max-video-preview:-1\" \/>\n<link rel=\"canonical\" href=\"https:\/\/lequotidien.mr\/?p=23939&lang=fr\" \/>\n<meta property=\"og:locale\" content=\"ar_AR\" \/>\n<meta property=\"og:type\" content=\"article\" \/>\n<meta property=\"og:title\" content=\"Sensibilisation sur l&#039;impact des changements climatiques sur les villes c\u00f4ti\u00e8res mauritaniennes : Pour des plages propres et un avenir durable - Le Quotidien de Nouakchott\" \/>\n<meta property=\"og:description\" content=\"Les changements climatiques pr\u00e9sentent des d\u00e9fis majeurs pour les villes c\u00f4ti\u00e8res mauritaniennes, qui abritent pr\u00e8s de la moiti\u00e9 de la population du pays et concentrent une grande partie des activit\u00e9s \u00e9conomiques et politiques. Ces zones, vuln\u00e9rables \u00e0 la mont\u00e9e du niveau de la mer, \u00e0 l&#8217;\u00e9rosion c\u00f4ti\u00e8re et \u00e0 d&#8217;autres ph\u00e9nom\u00e8nes climatiques, doivent n\u00e9cessairement faire.....\" \/>\n<meta property=\"og:url\" content=\"https:\/\/lequotidien.mr\/?p=23939&amp;lang=fr\" \/>\n<meta property=\"og:site_name\" content=\"Le Quotidien de Nouakchott\" \/>\n<meta property=\"article:publisher\" content=\"https:\/\/web.facebook.com\/lequotidienmr\" \/>\n<meta property=\"article:published_time\" content=\"2024-12-24T10:56:47+00:00\" \/>\n<meta property=\"article:modified_time\" content=\"2024-12-24T10:59:14+00:00\" \/>\n<meta property=\"og:image\" content=\"https:\/\/lequotidien.mr\/wp-content\/uploads\/2024\/12\/photo-populations-cotieres.jpg\" \/>\n\t<meta property=\"og:image:width\" content=\"575\" \/>\n\t<meta property=\"og:image:height\" content=\"322\" \/>\n\t<meta property=\"og:image:type\" content=\"image\/jpeg\" \/>\n<meta name=\"author\" content=\"Med Ahmed\" \/>\n<meta name=\"twitter:card\" content=\"summary_large_image\" \/>\n<meta name=\"twitter:creator\" content=\"@lequotidienmr\" \/>\n<meta name=\"twitter:site\" content=\"@lequotidienmr\" \/>\n<meta name=\"twitter:label1\" content=\"\u0643\u064f\u062a\u0628 \u0628\u0648\u0627\u0633\u0637\u0629\" \/>\n\t<meta name=\"twitter:data1\" content=\"Med Ahmed\" \/>\n\t<meta name=\"twitter:label2\" content=\"\u0648\u0642\u062a \u0627\u0644\u0642\u0631\u0627\u0621\u0629 \u0627\u0644\u0645\u064f\u0642\u062f\u0651\u0631\" \/>\n\t<meta name=\"twitter:data2\" content=\"3 \u062f\u0642\u0627\u0626\u0642\" \/>\n<script type=\"application\/ld+json\" class=\"yoast-schema-graph\">{\"@context\":\"https:\\\/\\\/schema.org\",\"@graph\":[{\"@type\":\"Article\",\"@id\":\"https:\\\/\\\/lequotidien.mr\\\/?p=23939&lang=fr#article\",\"isPartOf\":{\"@id\":\"https:\\\/\\\/lequotidien.mr\\\/?p=23939&lang=fr\"},\"author\":{\"name\":\"Med Ahmed\",\"@id\":\"https:\\\/\\\/lequotidien.mr\\\/#\\\/schema\\\/person\\\/d2d350202a4d599685ed8abc25f97596\"},\"headline\":\"Sensibilisation sur l&#8217;impact des changements climatiques sur les villes c\u00f4ti\u00e8res mauritaniennes : Pour des plages propres et un avenir durable\",\"datePublished\":\"2024-12-24T10:56:47+00:00\",\"dateModified\":\"2024-12-24T10:59:14+00:00\",\"mainEntityOfPage\":{\"@id\":\"https:\\\/\\\/lequotidien.mr\\\/?p=23939&lang=fr\"},\"wordCount\":561,\"commentCount\":0,\"publisher\":{\"@id\":\"https:\\\/\\\/lequotidien.mr\\\/#organization\"},\"image\":{\"@id\":\"https:\\\/\\\/lequotidien.mr\\\/?p=23939&lang=fr#primaryimage\"},\"thumbnailUrl\":\"https:\\\/\\\/lequotidien.mr\\\/wp-content\\\/uploads\\\/2024\\\/12\\\/photo-populations-cotieres.jpg\",\"articleSection\":[\"ACTUALIT\u00c9\",\"Economie\"],\"inLanguage\":\"ar\",\"potentialAction\":[{\"@type\":\"CommentAction\",\"name\":\"Comment\",\"target\":[\"https:\\\/\\\/lequotidien.mr\\\/?p=23939&lang=fr#respond\"]}]},{\"@type\":\"WebPage\",\"@id\":\"https:\\\/\\\/lequotidien.mr\\\/?p=23939&lang=fr\",\"url\":\"https:\\\/\\\/lequotidien.mr\\\/?p=23939&lang=fr\",\"name\":\"Sensibilisation sur l'impact des changements climatiques sur les villes c\u00f4ti\u00e8res mauritaniennes : Pour des plages propres et un avenir durable - Le Quotidien de Nouakchott\",\"isPartOf\":{\"@id\":\"https:\\\/\\\/lequotidien.mr\\\/#website\"},\"primaryImageOfPage\":{\"@id\":\"https:\\\/\\\/lequotidien.mr\\\/?p=23939&lang=fr#primaryimage\"},\"image\":{\"@id\":\"https:\\\/\\\/lequotidien.mr\\\/?p=23939&lang=fr#primaryimage\"},\"thumbnailUrl\":\"https:\\\/\\\/lequotidien.mr\\\/wp-content\\\/uploads\\\/2024\\\/12\\\/photo-populations-cotieres.jpg\",\"datePublished\":\"2024-12-24T10:56:47+00:00\",\"dateModified\":\"2024-12-24T10:59:14+00:00\",\"breadcrumb\":{\"@id\":\"https:\\\/\\\/lequotidien.mr\\\/?p=23939&lang=fr#breadcrumb\"},\"inLanguage\":\"ar\",\"potentialAction\":[{\"@type\":\"ReadAction\",\"target\":[\"https:\\\/\\\/lequotidien.mr\\\/?p=23939&lang=fr\"]}]},{\"@type\":\"ImageObject\",\"inLanguage\":\"ar\",\"@id\":\"https:\\\/\\\/lequotidien.mr\\\/?p=23939&lang=fr#primaryimage\",\"url\":\"https:\\\/\\\/lequotidien.mr\\\/wp-content\\\/uploads\\\/2024\\\/12\\\/photo-populations-cotieres.jpg\",\"contentUrl\":\"https:\\\/\\\/lequotidien.mr\\\/wp-content\\\/uploads\\\/2024\\\/12\\\/photo-populations-cotieres.jpg\",\"width\":575,\"height\":322},{\"@type\":\"BreadcrumbList\",\"@id\":\"https:\\\/\\\/lequotidien.mr\\\/?p=23939&lang=fr#breadcrumb\",\"itemListElement\":[{\"@type\":\"ListItem\",\"position\":1,\"name\":\"Home\",\"item\":\"https:\\\/\\\/lequotidien.mr\\\/\"},{\"@type\":\"ListItem\",\"position\":2,\"name\":\"Sensibilisation sur l&#8217;impact des changements climatiques sur les villes c\u00f4ti\u00e8res mauritaniennes : Pour des plages propres et un avenir durable\"}]},{\"@type\":\"WebSite\",\"@id\":\"https:\\\/\\\/lequotidien.mr\\\/#website\",\"url\":\"https:\\\/\\\/lequotidien.mr\\\/\",\"name\":\"Le Quotidien de Nouakchott\",\"description\":\"\u0625\u062e\u0628\u0627\u0631\u064a\u0629 \u0645\u0633\u062a\u0642\u0644\u0629 \u0644\u0644\u0623\u0646\u0628\u0627\u0621 \u0627\u0644\u0639\u0627\u0645\u0629\",\"publisher\":{\"@id\":\"https:\\\/\\\/lequotidien.mr\\\/#organization\"},\"potentialAction\":[{\"@type\":\"SearchAction\",\"target\":{\"@type\":\"EntryPoint\",\"urlTemplate\":\"https:\\\/\\\/lequotidien.mr\\\/?s={search_term_string}\"},\"query-input\":{\"@type\":\"PropertyValueSpecification\",\"valueRequired\":true,\"valueName\":\"search_term_string\"}}],\"inLanguage\":\"ar\"},{\"@type\":\"Organization\",\"@id\":\"https:\\\/\\\/lequotidien.mr\\\/#organization\",\"name\":\"Le Quotidien de Nouakchott\",\"url\":\"https:\\\/\\\/lequotidien.mr\\\/\",\"logo\":{\"@type\":\"ImageObject\",\"inLanguage\":\"ar\",\"@id\":\"https:\\\/\\\/lequotidien.mr\\\/#\\\/schema\\\/logo\\\/image\\\/\",\"url\":\"https:\\\/\\\/lequotidien.mr\\\/wp-content\\\/uploads\\\/2022\\\/11\\\/logolequotidien.jpg\",\"contentUrl\":\"https:\\\/\\\/lequotidien.mr\\\/wp-content\\\/uploads\\\/2022\\\/11\\\/logolequotidien.jpg\",\"width\":290,\"height\":65,\"caption\":\"Le Quotidien de Nouakchott\"},\"image\":{\"@id\":\"https:\\\/\\\/lequotidien.mr\\\/#\\\/schema\\\/logo\\\/image\\\/\"},\"sameAs\":[\"https:\\\/\\\/web.facebook.com\\\/lequotidienmr\",\"https:\\\/\\\/x.com\\\/lequotidienmr\"]},{\"@type\":\"Person\",\"@id\":\"https:\\\/\\\/lequotidien.mr\\\/#\\\/schema\\\/person\\\/d2d350202a4d599685ed8abc25f97596\",\"name\":\"Med Ahmed\",\"image\":{\"@type\":\"ImageObject\",\"inLanguage\":\"ar\",\"@id\":\"https:\\\/\\\/secure.gravatar.com\\\/avatar\\\/fd2acc62ed50732923d1d39c17172c9b04149f142be92310ecc69e1358f94b52?s=96&d=mm&r=g\",\"url\":\"https:\\\/\\\/secure.gravatar.com\\\/avatar\\\/fd2acc62ed50732923d1d39c17172c9b04149f142be92310ecc69e1358f94b52?s=96&d=mm&r=g\",\"contentUrl\":\"https:\\\/\\\/secure.gravatar.com\\\/avatar\\\/fd2acc62ed50732923d1d39c17172c9b04149f142be92310ecc69e1358f94b52?s=96&d=mm&r=g\",\"caption\":\"Med Ahmed\"},\"url\":\"https:\\\/\\\/lequotidien.mr\\\/?author=12\"}]}<\/script>\n<!-- \/ Yoast SEO plugin. -->","yoast_head_json":{"title":"Sensibilisation sur l'impact des changements climatiques sur les villes c\u00f4ti\u00e8res mauritaniennes : Pour des plages propres et un avenir durable - Le Quotidien de Nouakchott","robots":{"index":"index","follow":"follow","max-snippet":"max-snippet:-1","max-image-preview":"max-image-preview:large","max-video-preview":"max-video-preview:-1"},"canonical":"https:\/\/lequotidien.mr\/?p=23939&lang=fr","og_locale":"ar_AR","og_type":"article","og_title":"Sensibilisation sur l'impact des changements climatiques sur les villes c\u00f4ti\u00e8res mauritaniennes : Pour des plages propres et un avenir durable - Le Quotidien de Nouakchott","og_description":"Les changements climatiques pr\u00e9sentent des d\u00e9fis majeurs pour les villes c\u00f4ti\u00e8res mauritaniennes, qui abritent pr\u00e8s de la moiti\u00e9 de la population du pays et concentrent une grande partie des activit\u00e9s \u00e9conomiques et politiques. Ces zones, vuln\u00e9rables \u00e0 la mont\u00e9e du niveau de la mer, \u00e0 l&#8217;\u00e9rosion c\u00f4ti\u00e8re et \u00e0 d&#8217;autres ph\u00e9nom\u00e8nes climatiques, doivent n\u00e9cessairement faire.....","og_url":"https:\/\/lequotidien.mr\/?p=23939&lang=fr","og_site_name":"Le Quotidien de Nouakchott","article_publisher":"https:\/\/web.facebook.com\/lequotidienmr","article_published_time":"2024-12-24T10:56:47+00:00","article_modified_time":"2024-12-24T10:59:14+00:00","og_image":[{"width":575,"height":322,"url":"https:\/\/lequotidien.mr\/wp-content\/uploads\/2024\/12\/photo-populations-cotieres.jpg","type":"image\/jpeg"}],"author":"Med Ahmed","twitter_card":"summary_large_image","twitter_creator":"@lequotidienmr","twitter_site":"@lequotidienmr","twitter_misc":{"\u0643\u064f\u062a\u0628 \u0628\u0648\u0627\u0633\u0637\u0629":"Med Ahmed","\u0648\u0642\u062a \u0627\u0644\u0642\u0631\u0627\u0621\u0629 \u0627\u0644\u0645\u064f\u0642\u062f\u0651\u0631":"3 \u062f\u0642\u0627\u0626\u0642"},"schema":{"@context":"https:\/\/schema.org","@graph":[{"@type":"Article","@id":"https:\/\/lequotidien.mr\/?p=23939&lang=fr#article","isPartOf":{"@id":"https:\/\/lequotidien.mr\/?p=23939&lang=fr"},"author":{"name":"Med Ahmed","@id":"https:\/\/lequotidien.mr\/#\/schema\/person\/d2d350202a4d599685ed8abc25f97596"},"headline":"Sensibilisation sur l&#8217;impact des changements climatiques sur les villes c\u00f4ti\u00e8res mauritaniennes : Pour des plages propres et un avenir durable","datePublished":"2024-12-24T10:56:47+00:00","dateModified":"2024-12-24T10:59:14+00:00","mainEntityOfPage":{"@id":"https:\/\/lequotidien.mr\/?p=23939&lang=fr"},"wordCount":561,"commentCount":0,"publisher":{"@id":"https:\/\/lequotidien.mr\/#organization"},"image":{"@id":"https:\/\/lequotidien.mr\/?p=23939&lang=fr#primaryimage"},"thumbnailUrl":"https:\/\/lequotidien.mr\/wp-content\/uploads\/2024\/12\/photo-populations-cotieres.jpg","articleSection":["ACTUALIT\u00c9","Economie"],"inLanguage":"ar","potentialAction":[{"@type":"CommentAction","name":"Comment","target":["https:\/\/lequotidien.mr\/?p=23939&lang=fr#respond"]}]},{"@type":"WebPage","@id":"https:\/\/lequotidien.mr\/?p=23939&lang=fr","url":"https:\/\/lequotidien.mr\/?p=23939&lang=fr","name":"Sensibilisation sur l'impact des changements climatiques sur les villes c\u00f4ti\u00e8res mauritaniennes : Pour des plages propres et un avenir durable - Le Quotidien de Nouakchott","isPartOf":{"@id":"https:\/\/lequotidien.mr\/#website"},"primaryImageOfPage":{"@id":"https:\/\/lequotidien.mr\/?p=23939&lang=fr#primaryimage"},"image":{"@id":"https:\/\/lequotidien.mr\/?p=23939&lang=fr#primaryimage"},"thumbnailUrl":"https:\/\/lequotidien.mr\/wp-content\/uploads\/2024\/12\/photo-populations-cotieres.jpg","datePublished":"2024-12-24T10:56:47+00:00","dateModified":"2024-12-24T10:59:14+00:00","breadcrumb":{"@id":"https:\/\/lequotidien.mr\/?p=23939&lang=fr#breadcrumb"},"inLanguage":"ar","potentialAction":[{"@type":"ReadAction","target":["https:\/\/lequotidien.mr\/?p=23939&lang=fr"]}]},{"@type":"ImageObject","inLanguage":"ar","@id":"https:\/\/lequotidien.mr\/?p=23939&lang=fr#primaryimage","url":"https:\/\/lequotidien.mr\/wp-content\/uploads\/2024\/12\/photo-populations-cotieres.jpg","contentUrl":"https:\/\/lequotidien.mr\/wp-content\/uploads\/2024\/12\/photo-populations-cotieres.jpg","width":575,"height":322},{"@type":"BreadcrumbList","@id":"https:\/\/lequotidien.mr\/?p=23939&lang=fr#breadcrumb","itemListElement":[{"@type":"ListItem","position":1,"name":"Home","item":"https:\/\/lequotidien.mr\/"},{"@type":"ListItem","position":2,"name":"Sensibilisation sur l&#8217;impact des changements climatiques sur les villes c\u00f4ti\u00e8res mauritaniennes : Pour des plages propres et un avenir durable"}]},{"@type":"WebSite","@id":"https:\/\/lequotidien.mr\/#website","url":"https:\/\/lequotidien.mr\/","name":"Le Quotidien de Nouakchott","description":"\u0625\u062e\u0628\u0627\u0631\u064a\u0629 \u0645\u0633\u062a\u0642\u0644\u0629 \u0644\u0644\u0623\u0646\u0628\u0627\u0621 \u0627\u0644\u0639\u0627\u0645\u0629","publisher":{"@id":"https:\/\/lequotidien.mr\/#organization"},"potentialAction":[{"@type":"SearchAction","target":{"@type":"EntryPoint","urlTemplate":"https:\/\/lequotidien.mr\/?s={search_term_string}"},"query-input":{"@type":"PropertyValueSpecification","valueRequired":true,"valueName":"search_term_string"}}],"inLanguage":"ar"},{"@type":"Organization","@id":"https:\/\/lequotidien.mr\/#organization","name":"Le Quotidien de Nouakchott","url":"https:\/\/lequotidien.mr\/","logo":{"@type":"ImageObject","inLanguage":"ar","@id":"https:\/\/lequotidien.mr\/#\/schema\/logo\/image\/","url":"https:\/\/lequotidien.mr\/wp-content\/uploads\/2022\/11\/logolequotidien.jpg","contentUrl":"https:\/\/lequotidien.mr\/wp-content\/uploads\/2022\/11\/logolequotidien.jpg","width":290,"height":65,"caption":"Le Quotidien de Nouakchott"},"image":{"@id":"https:\/\/lequotidien.mr\/#\/schema\/logo\/image\/"},"sameAs":["https:\/\/web.facebook.com\/lequotidienmr","https:\/\/x.com\/lequotidienmr"]},{"@type":"Person","@id":"https:\/\/lequotidien.mr\/#\/schema\/person\/d2d350202a4d599685ed8abc25f97596","name":"Med Ahmed","image":{"@type":"ImageObject","inLanguage":"ar","@id":"https:\/\/secure.gravatar.com\/avatar\/fd2acc62ed50732923d1d39c17172c9b04149f142be92310ecc69e1358f94b52?s=96&d=mm&r=g","url":"https:\/\/secure.gravatar.com\/avatar\/fd2acc62ed50732923d1d39c17172c9b04149f142be92310ecc69e1358f94b52?s=96&d=mm&r=g","contentUrl":"https:\/\/secure.gravatar.com\/avatar\/fd2acc62ed50732923d1d39c17172c9b04149f142be92310ecc69e1358f94b52?s=96&d=mm&r=g","caption":"Med Ahmed"},"url":"https:\/\/lequotidien.mr\/?author=12"}]}},"_links":{"self":[{"href":"https:\/\/lequotidien.mr\/index.php?rest_route=\/wp\/v2\/posts\/23939","targetHints":{"allow":["GET"]}}],"collection":[{"href":"https:\/\/lequotidien.mr\/index.php?rest_route=\/wp\/v2\/posts"}],"about":[{"href":"https:\/\/lequotidien.mr\/index.php?rest_route=\/wp\/v2\/types\/post"}],"author":[{"embeddable":true,"href":"https:\/\/lequotidien.mr\/index.php?rest_route=\/wp\/v2\/users\/12"}],"replies":[{"embeddable":true,"href":"https:\/\/lequotidien.mr\/index.php?rest_route=%2Fwp%2Fv2%2Fcomments&post=23939"}],"version-history":[{"count":2,"href":"https:\/\/lequotidien.mr\/index.php?rest_route=\/wp\/v2\/posts\/23939\/revisions"}],"predecessor-version":[{"id":23942,"href":"https:\/\/lequotidien.mr\/index.php?rest_route=\/wp\/v2\/posts\/23939\/revisions\/23942"}],"wp:featuredmedia":[{"embeddable":true,"href":"https:\/\/lequotidien.mr\/index.php?rest_route=\/wp\/v2\/media\/23940"}],"wp:attachment":[{"href":"https:\/\/lequotidien.mr\/index.php?rest_route=%2Fwp%2Fv2%2Fmedia&parent=23939"}],"wp:term":[{"taxonomy":"category","embeddable":true,"href":"https:\/\/lequotidien.mr\/index.php?rest_route=%2Fwp%2Fv2%2Fcategories&post=23939"},{"taxonomy":"post_tag","embeddable":true,"href":"https:\/\/lequotidien.mr\/index.php?rest_route=%2Fwp%2Fv2%2Ftags&post=23939"}],"curies":[{"name":"wp","href":"https:\/\/api.w.org\/{rel}","templated":true}]}}