{"id":239,"date":"2022-11-11T21:42:27","date_gmt":"2022-11-11T21:42:27","guid":{"rendered":"https:\/\/lequotidien.mr\/?p=239"},"modified":"2022-11-11T21:42:27","modified_gmt":"2022-11-11T21:42:27","slug":"quelle-sera-la-prochaine-etape-pour-twitter-sous-la-direction-delon-musk","status":"publish","type":"post","link":"https:\/\/lequotidien.mr\/?p=239&lang=fr","title":{"rendered":"Quelle sera la prochaine \u00e9tape pour Twitter sous la direction d&#8217;Elon Musk ?"},"content":{"rendered":"<div class=\"bbc-19j92fr ebmt73l0\" dir=\"ltr\">\n<p class=\"bbc-1y32vyc e17g058b0\" dir=\"ltr\"><b>C&#8217;est le moment o\u00f9 personne n&#8217;\u00e9tait s\u00fbr qu&#8217;il se produirait un jour : apr\u00e8s des mois de drame, Elon Musk annonce que son accord de 44 milliards de dollars (28 billions 964 milliards 128 millions FCFA) pour le rachat de Twitter est conclu.<\/b><\/p>\n<\/div>\n<div class=\"bbc-19j92fr ebmt73l0\" dir=\"ltr\">\n<p class=\"bbc-1y32vyc e17g058b0\" dir=\"ltr\">Il annonce la grande nouvelle sur Twitter m\u00eame, bien s\u00fbr, il change sa bio pour lire &#8220;Chief Twit&#8221; et affirme &#8220;l&#8217;oiseau est lib\u00e9r\u00e9&#8221;. Travail accompli, en ce qui le concerne.<\/p>\n<\/div>\n<div class=\"bbc-19j92fr ebmt73l0\" dir=\"ltr\">\n<p class=\"bbc-1y32vyc e17g058b0\" dir=\"ltr\">Il n&#8217;y a pas encore eu de confirmation officielle, et le silence du si\u00e8ge de Twitter est jusqu&#8217;\u00e0 pr\u00e9sent plut\u00f4t assourdissant.<\/p>\n<\/div>\n<section class=\"e123m4vu0 bbc-sswtix e8sa160\" role=\"region\" aria-label=\"Publicit\u00e9s 2\" aria-hidden=\"true\" data-e2e=\"advertisement\"><\/section>\n<div class=\"bbc-19j92fr ebmt73l0\" dir=\"ltr\">\n<p class=\"bbc-1y32vyc e17g058b0\" dir=\"ltr\">Mais peut-\u00eatre n&#8217;y a-t-il personne pour envoyer cet e-mail &#8211; M. Musk aurait d\u00e9j\u00e0 licenci\u00e9 le directeur g\u00e9n\u00e9ral Parag Agrawal, le directeur financier Ned Segal et le directeur juridique et politique Vijaya Gadde, tandis que le profil LinkedIn du pr\u00e9sident Bret Taylor sugg\u00e8re qu&#8217;il ne fait plus partie de l&#8217;entreprise non plus.<\/p>\n<\/div>\n<div class=\"bbc-19j92fr ebmt73l0\" dir=\"ltr\">\n<p class=\"bbc-1y32vyc e17g058b0\" dir=\"ltr\">Alors, \u00e0 quoi pourrait ressembler le Twitter de M. Musk ?<\/p>\n<\/div>\n","protected":false},"excerpt":{"rendered":"<p>C&#8217;est le moment o\u00f9 personne n&#8217;\u00e9tait s\u00fbr qu&#8217;il se produirait un jour : apr\u00e8s des mois de drame, Elon Musk annonce que son accord de 44 milliards de dollars (28 billions 964 milliards 128 millions FCFA) pour le rachat de Twitter est conclu. Il annonce la grande nouvelle sur Twitter m\u00eame, bien s\u00fbr, il change&#8230;..<\/p>\n","protected":false},"author":3,"featured_media":240,"comment_status":"open","ping_status":"open","sticky":false,"template":"","format":"standard","meta":{"footnotes":""},"categories":[49],"tags":[],"class_list":["post-239","post","type-post","status-publish","format-standard","has-post-thumbnail","hentry","category-economie"],"yoast_head":"<!-- This site is optimized with the Yoast SEO plugin v27.5 - https:\/\/yoast.com\/product\/yoast-seo-wordpress\/ -->\n<title>Quelle sera la prochaine \u00e9tape pour Twitter sous la direction d&#039;Elon Musk ? - Le Quotidien de Nouakchott<\/title>\n<meta name=\"robots\" content=\"index, follow, max-snippet:-1, max-image-preview:large, max-video-preview:-1\" \/>\n<link rel=\"canonical\" href=\"https:\/\/lequotidien.mr\/?p=239&lang=fr\" \/>\n<meta property=\"og:locale\" content=\"ar_AR\" \/>\n<meta property=\"og:type\" content=\"article\" \/>\n<meta property=\"og:title\" content=\"Quelle sera la prochaine \u00e9tape pour Twitter sous la direction d&#039;Elon Musk ? - Le Quotidien de Nouakchott\" \/>\n<meta property=\"og:description\" content=\"C&#8217;est le moment o\u00f9 personne n&#8217;\u00e9tait s\u00fbr qu&#8217;il se produirait un jour : apr\u00e8s des mois de drame, Elon Musk annonce que son accord de 44 milliards de dollars (28 billions 964 milliards 128 millions FCFA) pour le rachat de Twitter est conclu. Il annonce la grande nouvelle sur Twitter m\u00eame, bien s\u00fbr, il change.....\" \/>\n<meta property=\"og:url\" content=\"https:\/\/lequotidien.mr\/?p=239&amp;lang=fr\" \/>\n<meta property=\"og:site_name\" content=\"Le Quotidien de Nouakchott\" \/>\n<meta property=\"article:publisher\" content=\"https:\/\/web.facebook.com\/lequotidienmr\" \/>\n<meta property=\"article:author\" content=\"https:\/\/web.facebook.com\/a.mleiwih\" \/>\n<meta property=\"article:published_time\" content=\"2022-11-11T21:42:27+00:00\" \/>\n<meta property=\"og:image\" content=\"https:\/\/lequotidien.mr\/wp-content\/uploads\/2022\/11\/127400779_muskgetty.jpg\" \/>\n\t<meta property=\"og:image:width\" content=\"976\" \/>\n\t<meta property=\"og:image:height\" content=\"549\" \/>\n\t<meta property=\"og:image:type\" content=\"image\/jpeg\" \/>\n<meta name=\"author\" content=\"Alioun M&#039;leiwih\" \/>\n<meta name=\"twitter:card\" content=\"summary_large_image\" \/>\n<meta name=\"twitter:creator\" content=\"@lequotidienmr\" \/>\n<meta name=\"twitter:site\" content=\"@lequotidienmr\" \/>\n<meta name=\"twitter:label1\" content=\"\u0643\u064f\u062a\u0628 \u0628\u0648\u0627\u0633\u0637\u0629\" \/>\n\t<meta name=\"twitter:data1\" content=\"Alioun M&#039;leiwih\" \/>\n\t<meta name=\"twitter:label2\" content=\"\u0648\u0642\u062a \u0627\u0644\u0642\u0631\u0627\u0621\u0629 \u0627\u0644\u0645\u064f\u0642\u062f\u0651\u0631\" \/>\n\t<meta name=\"twitter:data2\" content=\"\u062f\u0642\u064a\u0642\u0629 \u0648\u0627\u062d\u062f\u0629\" \/>\n<script type=\"application\/ld+json\" class=\"yoast-schema-graph\">{\"@context\":\"https:\\\/\\\/schema.org\",\"@graph\":[{\"@type\":\"Article\",\"@id\":\"https:\\\/\\\/lequotidien.mr\\\/?p=239&lang=fr#article\",\"isPartOf\":{\"@id\":\"https:\\\/\\\/lequotidien.mr\\\/?p=239&lang=fr\"},\"author\":{\"name\":\"Alioun M'leiwih\",\"@id\":\"https:\\\/\\\/lequotidien.mr\\\/#\\\/schema\\\/person\\\/69d1518c74c9137087929a20b1272cb0\"},\"headline\":\"Quelle sera la prochaine \u00e9tape pour Twitter sous la direction d&#8217;Elon Musk ?\",\"datePublished\":\"2022-11-11T21:42:27+00:00\",\"mainEntityOfPage\":{\"@id\":\"https:\\\/\\\/lequotidien.mr\\\/?p=239&lang=fr\"},\"wordCount\":185,\"commentCount\":0,\"publisher\":{\"@id\":\"https:\\\/\\\/lequotidien.mr\\\/#organization\"},\"image\":{\"@id\":\"https:\\\/\\\/lequotidien.mr\\\/?p=239&lang=fr#primaryimage\"},\"thumbnailUrl\":\"https:\\\/\\\/lequotidien.mr\\\/wp-content\\\/uploads\\\/2022\\\/11\\\/127400779_muskgetty.jpg\",\"articleSection\":[\"Economie\"],\"inLanguage\":\"ar\",\"potentialAction\":[{\"@type\":\"CommentAction\",\"name\":\"Comment\",\"target\":[\"https:\\\/\\\/lequotidien.mr\\\/?p=239&lang=fr#respond\"]}]},{\"@type\":\"WebPage\",\"@id\":\"https:\\\/\\\/lequotidien.mr\\\/?p=239&lang=fr\",\"url\":\"https:\\\/\\\/lequotidien.mr\\\/?p=239&lang=fr\",\"name\":\"Quelle sera la prochaine \u00e9tape pour Twitter sous la direction d'Elon Musk ? - Le Quotidien de Nouakchott\",\"isPartOf\":{\"@id\":\"https:\\\/\\\/lequotidien.mr\\\/#website\"},\"primaryImageOfPage\":{\"@id\":\"https:\\\/\\\/lequotidien.mr\\\/?p=239&lang=fr#primaryimage\"},\"image\":{\"@id\":\"https:\\\/\\\/lequotidien.mr\\\/?p=239&lang=fr#primaryimage\"},\"thumbnailUrl\":\"https:\\\/\\\/lequotidien.mr\\\/wp-content\\\/uploads\\\/2022\\\/11\\\/127400779_muskgetty.jpg\",\"datePublished\":\"2022-11-11T21:42:27+00:00\",\"breadcrumb\":{\"@id\":\"https:\\\/\\\/lequotidien.mr\\\/?p=239&lang=fr#breadcrumb\"},\"inLanguage\":\"ar\",\"potentialAction\":[{\"@type\":\"ReadAction\",\"target\":[\"https:\\\/\\\/lequotidien.mr\\\/?p=239&lang=fr\"]}]},{\"@type\":\"ImageObject\",\"inLanguage\":\"ar\",\"@id\":\"https:\\\/\\\/lequotidien.mr\\\/?p=239&lang=fr#primaryimage\",\"url\":\"https:\\\/\\\/lequotidien.mr\\\/wp-content\\\/uploads\\\/2022\\\/11\\\/127400779_muskgetty.jpg\",\"contentUrl\":\"https:\\\/\\\/lequotidien.mr\\\/wp-content\\\/uploads\\\/2022\\\/11\\\/127400779_muskgetty.jpg\",\"width\":976,\"height\":549},{\"@type\":\"BreadcrumbList\",\"@id\":\"https:\\\/\\\/lequotidien.mr\\\/?p=239&lang=fr#breadcrumb\",\"itemListElement\":[{\"@type\":\"ListItem\",\"position\":1,\"name\":\"Home\",\"item\":\"https:\\\/\\\/lequotidien.mr\\\/\"},{\"@type\":\"ListItem\",\"position\":2,\"name\":\"Quelle sera la prochaine \u00e9tape pour Twitter sous la direction d&rsquo;Elon Musk ?\"}]},{\"@type\":\"WebSite\",\"@id\":\"https:\\\/\\\/lequotidien.mr\\\/#website\",\"url\":\"https:\\\/\\\/lequotidien.mr\\\/\",\"name\":\"Le Quotidien de Nouakchott\",\"description\":\"\u0625\u062e\u0628\u0627\u0631\u064a\u0629 \u0645\u0633\u062a\u0642\u0644\u0629 \u0644\u0644\u0623\u0646\u0628\u0627\u0621 \u0627\u0644\u0639\u0627\u0645\u0629\",\"publisher\":{\"@id\":\"https:\\\/\\\/lequotidien.mr\\\/#organization\"},\"potentialAction\":[{\"@type\":\"SearchAction\",\"target\":{\"@type\":\"EntryPoint\",\"urlTemplate\":\"https:\\\/\\\/lequotidien.mr\\\/?s={search_term_string}\"},\"query-input\":{\"@type\":\"PropertyValueSpecification\",\"valueRequired\":true,\"valueName\":\"search_term_string\"}}],\"inLanguage\":\"ar\"},{\"@type\":\"Organization\",\"@id\":\"https:\\\/\\\/lequotidien.mr\\\/#organization\",\"name\":\"Le Quotidien de Nouakchott\",\"url\":\"https:\\\/\\\/lequotidien.mr\\\/\",\"logo\":{\"@type\":\"ImageObject\",\"inLanguage\":\"ar\",\"@id\":\"https:\\\/\\\/lequotidien.mr\\\/#\\\/schema\\\/logo\\\/image\\\/\",\"url\":\"https:\\\/\\\/lequotidien.mr\\\/wp-content\\\/uploads\\\/2022\\\/11\\\/logolequotidien.jpg\",\"contentUrl\":\"https:\\\/\\\/lequotidien.mr\\\/wp-content\\\/uploads\\\/2022\\\/11\\\/logolequotidien.jpg\",\"width\":290,\"height\":65,\"caption\":\"Le Quotidien de Nouakchott\"},\"image\":{\"@id\":\"https:\\\/\\\/lequotidien.mr\\\/#\\\/schema\\\/logo\\\/image\\\/\"},\"sameAs\":[\"https:\\\/\\\/web.facebook.com\\\/lequotidienmr\",\"https:\\\/\\\/x.com\\\/lequotidienmr\"]},{\"@type\":\"Person\",\"@id\":\"https:\\\/\\\/lequotidien.mr\\\/#\\\/schema\\\/person\\\/69d1518c74c9137087929a20b1272cb0\",\"name\":\"Alioun M'leiwih\",\"image\":{\"@type\":\"ImageObject\",\"inLanguage\":\"ar\",\"@id\":\"https:\\\/\\\/secure.gravatar.com\\\/avatar\\\/01f9d357222d7d4ca8f71662f4b081718f06d25b11fc45662ecca0622d507e51?s=96&d=mm&r=g\",\"url\":\"https:\\\/\\\/secure.gravatar.com\\\/avatar\\\/01f9d357222d7d4ca8f71662f4b081718f06d25b11fc45662ecca0622d507e51?s=96&d=mm&r=g\",\"contentUrl\":\"https:\\\/\\\/secure.gravatar.com\\\/avatar\\\/01f9d357222d7d4ca8f71662f4b081718f06d25b11fc45662ecca0622d507e51?s=96&d=mm&r=g\",\"caption\":\"Alioun M'leiwih\"},\"sameAs\":[\"https:\\\/\\\/lequotidien.mr\\\/\",\"https:\\\/\\\/web.facebook.com\\\/a.mleiwih\",\"https:\\\/\\\/www.linkedin.com\\\/in\\\/alimlewih\\\/\"],\"url\":\"https:\\\/\\\/lequotidien.mr\\\/?author=3\"}]}<\/script>\n<!-- \/ Yoast SEO plugin. -->","yoast_head_json":{"title":"Quelle sera la prochaine \u00e9tape pour Twitter sous la direction d'Elon Musk ? - Le Quotidien de Nouakchott","robots":{"index":"index","follow":"follow","max-snippet":"max-snippet:-1","max-image-preview":"max-image-preview:large","max-video-preview":"max-video-preview:-1"},"canonical":"https:\/\/lequotidien.mr\/?p=239&lang=fr","og_locale":"ar_AR","og_type":"article","og_title":"Quelle sera la prochaine \u00e9tape pour Twitter sous la direction d'Elon Musk ? - Le Quotidien de Nouakchott","og_description":"C&#8217;est le moment o\u00f9 personne n&#8217;\u00e9tait s\u00fbr qu&#8217;il se produirait un jour : apr\u00e8s des mois de drame, Elon Musk annonce que son accord de 44 milliards de dollars (28 billions 964 milliards 128 millions FCFA) pour le rachat de Twitter est conclu. Il annonce la grande nouvelle sur Twitter m\u00eame, bien s\u00fbr, il change.....","og_url":"https:\/\/lequotidien.mr\/?p=239&lang=fr","og_site_name":"Le Quotidien de Nouakchott","article_publisher":"https:\/\/web.facebook.com\/lequotidienmr","article_author":"https:\/\/web.facebook.com\/a.mleiwih","article_published_time":"2022-11-11T21:42:27+00:00","og_image":[{"width":976,"height":549,"url":"https:\/\/lequotidien.mr\/wp-content\/uploads\/2022\/11\/127400779_muskgetty.jpg","type":"image\/jpeg"}],"author":"Alioun M'leiwih","twitter_card":"summary_large_image","twitter_creator":"@lequotidienmr","twitter_site":"@lequotidienmr","twitter_misc":{"\u0643\u064f\u062a\u0628 \u0628\u0648\u0627\u0633\u0637\u0629":"Alioun M'leiwih","\u0648\u0642\u062a \u0627\u0644\u0642\u0631\u0627\u0621\u0629 \u0627\u0644\u0645\u064f\u0642\u062f\u0651\u0631":"\u062f\u0642\u064a\u0642\u0629 \u0648\u0627\u062d\u062f\u0629"},"schema":{"@context":"https:\/\/schema.org","@graph":[{"@type":"Article","@id":"https:\/\/lequotidien.mr\/?p=239&lang=fr#article","isPartOf":{"@id":"https:\/\/lequotidien.mr\/?p=239&lang=fr"},"author":{"name":"Alioun M'leiwih","@id":"https:\/\/lequotidien.mr\/#\/schema\/person\/69d1518c74c9137087929a20b1272cb0"},"headline":"Quelle sera la prochaine \u00e9tape pour Twitter sous la direction d&#8217;Elon Musk ?","datePublished":"2022-11-11T21:42:27+00:00","mainEntityOfPage":{"@id":"https:\/\/lequotidien.mr\/?p=239&lang=fr"},"wordCount":185,"commentCount":0,"publisher":{"@id":"https:\/\/lequotidien.mr\/#organization"},"image":{"@id":"https:\/\/lequotidien.mr\/?p=239&lang=fr#primaryimage"},"thumbnailUrl":"https:\/\/lequotidien.mr\/wp-content\/uploads\/2022\/11\/127400779_muskgetty.jpg","articleSection":["Economie"],"inLanguage":"ar","potentialAction":[{"@type":"CommentAction","name":"Comment","target":["https:\/\/lequotidien.mr\/?p=239&lang=fr#respond"]}]},{"@type":"WebPage","@id":"https:\/\/lequotidien.mr\/?p=239&lang=fr","url":"https:\/\/lequotidien.mr\/?p=239&lang=fr","name":"Quelle sera la prochaine \u00e9tape pour Twitter sous la direction d'Elon Musk ? - Le Quotidien de Nouakchott","isPartOf":{"@id":"https:\/\/lequotidien.mr\/#website"},"primaryImageOfPage":{"@id":"https:\/\/lequotidien.mr\/?p=239&lang=fr#primaryimage"},"image":{"@id":"https:\/\/lequotidien.mr\/?p=239&lang=fr#primaryimage"},"thumbnailUrl":"https:\/\/lequotidien.mr\/wp-content\/uploads\/2022\/11\/127400779_muskgetty.jpg","datePublished":"2022-11-11T21:42:27+00:00","breadcrumb":{"@id":"https:\/\/lequotidien.mr\/?p=239&lang=fr#breadcrumb"},"inLanguage":"ar","potentialAction":[{"@type":"ReadAction","target":["https:\/\/lequotidien.mr\/?p=239&lang=fr"]}]},{"@type":"ImageObject","inLanguage":"ar","@id":"https:\/\/lequotidien.mr\/?p=239&lang=fr#primaryimage","url":"https:\/\/lequotidien.mr\/wp-content\/uploads\/2022\/11\/127400779_muskgetty.jpg","contentUrl":"https:\/\/lequotidien.mr\/wp-content\/uploads\/2022\/11\/127400779_muskgetty.jpg","width":976,"height":549},{"@type":"BreadcrumbList","@id":"https:\/\/lequotidien.mr\/?p=239&lang=fr#breadcrumb","itemListElement":[{"@type":"ListItem","position":1,"name":"Home","item":"https:\/\/lequotidien.mr\/"},{"@type":"ListItem","position":2,"name":"Quelle sera la prochaine \u00e9tape pour Twitter sous la direction d&rsquo;Elon Musk ?"}]},{"@type":"WebSite","@id":"https:\/\/lequotidien.mr\/#website","url":"https:\/\/lequotidien.mr\/","name":"Le Quotidien de Nouakchott","description":"\u0625\u062e\u0628\u0627\u0631\u064a\u0629 \u0645\u0633\u062a\u0642\u0644\u0629 \u0644\u0644\u0623\u0646\u0628\u0627\u0621 \u0627\u0644\u0639\u0627\u0645\u0629","publisher":{"@id":"https:\/\/lequotidien.mr\/#organization"},"potentialAction":[{"@type":"SearchAction","target":{"@type":"EntryPoint","urlTemplate":"https:\/\/lequotidien.mr\/?s={search_term_string}"},"query-input":{"@type":"PropertyValueSpecification","valueRequired":true,"valueName":"search_term_string"}}],"inLanguage":"ar"},{"@type":"Organization","@id":"https:\/\/lequotidien.mr\/#organization","name":"Le Quotidien de Nouakchott","url":"https:\/\/lequotidien.mr\/","logo":{"@type":"ImageObject","inLanguage":"ar","@id":"https:\/\/lequotidien.mr\/#\/schema\/logo\/image\/","url":"https:\/\/lequotidien.mr\/wp-content\/uploads\/2022\/11\/logolequotidien.jpg","contentUrl":"https:\/\/lequotidien.mr\/wp-content\/uploads\/2022\/11\/logolequotidien.jpg","width":290,"height":65,"caption":"Le Quotidien de Nouakchott"},"image":{"@id":"https:\/\/lequotidien.mr\/#\/schema\/logo\/image\/"},"sameAs":["https:\/\/web.facebook.com\/lequotidienmr","https:\/\/x.com\/lequotidienmr"]},{"@type":"Person","@id":"https:\/\/lequotidien.mr\/#\/schema\/person\/69d1518c74c9137087929a20b1272cb0","name":"Alioun M'leiwih","image":{"@type":"ImageObject","inLanguage":"ar","@id":"https:\/\/secure.gravatar.com\/avatar\/01f9d357222d7d4ca8f71662f4b081718f06d25b11fc45662ecca0622d507e51?s=96&d=mm&r=g","url":"https:\/\/secure.gravatar.com\/avatar\/01f9d357222d7d4ca8f71662f4b081718f06d25b11fc45662ecca0622d507e51?s=96&d=mm&r=g","contentUrl":"https:\/\/secure.gravatar.com\/avatar\/01f9d357222d7d4ca8f71662f4b081718f06d25b11fc45662ecca0622d507e51?s=96&d=mm&r=g","caption":"Alioun M'leiwih"},"sameAs":["https:\/\/lequotidien.mr\/","https:\/\/web.facebook.com\/a.mleiwih","https:\/\/www.linkedin.com\/in\/alimlewih\/"],"url":"https:\/\/lequotidien.mr\/?author=3"}]}},"_links":{"self":[{"href":"https:\/\/lequotidien.mr\/index.php?rest_route=\/wp\/v2\/posts\/239","targetHints":{"allow":["GET"]}}],"collection":[{"href":"https:\/\/lequotidien.mr\/index.php?rest_route=\/wp\/v2\/posts"}],"about":[{"href":"https:\/\/lequotidien.mr\/index.php?rest_route=\/wp\/v2\/types\/post"}],"author":[{"embeddable":true,"href":"https:\/\/lequotidien.mr\/index.php?rest_route=\/wp\/v2\/users\/3"}],"replies":[{"embeddable":true,"href":"https:\/\/lequotidien.mr\/index.php?rest_route=%2Fwp%2Fv2%2Fcomments&post=239"}],"version-history":[{"count":1,"href":"https:\/\/lequotidien.mr\/index.php?rest_route=\/wp\/v2\/posts\/239\/revisions"}],"predecessor-version":[{"id":241,"href":"https:\/\/lequotidien.mr\/index.php?rest_route=\/wp\/v2\/posts\/239\/revisions\/241"}],"wp:featuredmedia":[{"embeddable":true,"href":"https:\/\/lequotidien.mr\/index.php?rest_route=\/wp\/v2\/media\/240"}],"wp:attachment":[{"href":"https:\/\/lequotidien.mr\/index.php?rest_route=%2Fwp%2Fv2%2Fmedia&parent=239"}],"wp:term":[{"taxonomy":"category","embeddable":true,"href":"https:\/\/lequotidien.mr\/index.php?rest_route=%2Fwp%2Fv2%2Fcategories&post=239"},{"taxonomy":"post_tag","embeddable":true,"href":"https:\/\/lequotidien.mr\/index.php?rest_route=%2Fwp%2Fv2%2Ftags&post=239"}],"curies":[{"name":"wp","href":"https:\/\/api.w.org\/{rel}","templated":true}]}}