{"id":23893,"date":"2024-12-21T14:46:49","date_gmt":"2024-12-21T14:46:49","guid":{"rendered":"https:\/\/lequotidien.mr\/?p=23893"},"modified":"2024-12-21T14:46:49","modified_gmt":"2024-12-21T14:46:49","slug":"le-rfd-lance-sa-campagne-nationale-dimplantation","status":"publish","type":"post","link":"https:\/\/lequotidien.mr\/?p=23893&lang=fr","title":{"rendered":"Le RFD lance sa campagne nationale d\u2019implantation"},"content":{"rendered":"<p>Le Rassemblement des Forces D\u00e9mocratiques (RFD) a officiellement lanc\u00e9 aujourd\u2019hui, depuis son si\u00e8ge central situ\u00e9 dans le quartier de Cit\u00e9 Smar, sa campagne nationale d\u2019adh\u00e9sion. Cet \u00e9v\u00e9nement marque une nouvelle \u00e9tape dans la mobilisation politique du parti.<\/p>\n<h4>Une c\u00e9r\u00e9monie dirig\u00e9e par Ahmed Ould Daddah<\/h4>\n<p>La c\u00e9r\u00e9monie d\u2019ouverture a \u00e9t\u00e9 pr\u00e9sid\u00e9e par Ahmed Ould Daddah, pr\u00e9sident du RFD, entour\u00e9 des membres de la commission nationale d\u2019implantation et des responsables du parti. Lors de son discours inaugural, le pr\u00e9sident a annonc\u00e9 le d\u00e9but officiel de cette campagne, marquant cet instant symbolique en devenant le premier adh\u00e9rent inscrit, avec la carte num\u00e9ro 1.<\/p>\n<h4>Un appel \u00e0 l\u2019engagement citoyen<\/h4>\n<p>Par cette campagne, le RFD invite tous les citoyens mauritaniens \u00e0 rejoindre ses rangs et \u00e0 participer activement au combat politique. Le parti aspire \u00e0 renforcer sa base et \u00e0 promouvoir ses id\u00e9aux pour une Mauritanie plus d\u00e9mocratique et juste.<\/p>\n<h4>Priorit\u00e9s strat\u00e9giques du parti<\/h4>\n<p>Parall\u00e8lement \u00e0 ce lancement, le Bureau Ex\u00e9cutif du RFD s\u2019est r\u00e9uni sous la pr\u00e9sidence d\u2019Ahmed Ould Daddah pour examiner les priorit\u00e9s strat\u00e9giques du parti. Lors de cette r\u00e9union, la Commission Nationale d\u2019Implantation a pr\u00e9sent\u00e9 un plan d\u2019actions qui a \u00e9t\u00e9 d\u00e9battu et adopt\u00e9 apr\u00e8s amendements. Le Bureau Ex\u00e9cutif a encourag\u00e9 la commission \u00e0 assurer une mise en \u0153uvre rapide de ce plan.<\/p>\n<h4>Une rencontre avec le Minist\u00e8re de l\u2019Int\u00e9rieur<\/h4>\n<p>Autre point marquant, le pr\u00e9sident du parti a inform\u00e9 les membres du Bureau Ex\u00e9cutif d\u2019une rencontre r\u00e9cente avec le Ministre de l\u2019Int\u00e9rieur, de la Promotion de la D\u00e9centralisation et du D\u00e9veloppement Local. Cette r\u00e9union, \u00e0 laquelle ont \u00e9galement particip\u00e9 le Conseiller du Pr\u00e9sident de la R\u00e9publique et certains dirigeants du RFD, s\u2019est pench\u00e9e sur des questions d\u2019int\u00e9r\u00eat national et politique.<\/p>\n<p>Avec ce dynamisme renouvel\u00e9, le RFD affirme sa volont\u00e9 de rester un acteur incontournable du paysage politique mauritanien.<\/p>\n","protected":false},"excerpt":{"rendered":"<p>Le Rassemblement des Forces D\u00e9mocratiques (RFD) a officiellement lanc\u00e9 aujourd\u2019hui, depuis son si\u00e8ge central situ\u00e9 dans le quartier de Cit\u00e9 Smar, sa campagne nationale d\u2019adh\u00e9sion. Cet \u00e9v\u00e9nement marque une nouvelle \u00e9tape dans la mobilisation politique du parti. Une c\u00e9r\u00e9monie dirig\u00e9e par Ahmed Ould Daddah La c\u00e9r\u00e9monie d\u2019ouverture a \u00e9t\u00e9 pr\u00e9sid\u00e9e par Ahmed Ould Daddah, pr\u00e9sident&#8230;..<\/p>\n","protected":false},"author":4,"featured_media":23896,"comment_status":"open","ping_status":"open","sticky":false,"template":"","format":"standard","meta":{"footnotes":""},"categories":[23,57],"tags":[],"class_list":["post-23893","post","type-post","status-publish","format-standard","has-post-thumbnail","hentry","category-actualite","category-couverture-specilale"],"yoast_head":"<!-- This site is optimized with the Yoast SEO plugin v27.5 - https:\/\/yoast.com\/product\/yoast-seo-wordpress\/ -->\n<title>Le RFD lance sa campagne nationale d\u2019implantation - Le Quotidien de Nouakchott<\/title>\n<meta name=\"robots\" content=\"index, follow, max-snippet:-1, max-image-preview:large, max-video-preview:-1\" \/>\n<link rel=\"canonical\" href=\"https:\/\/lequotidien.mr\/?p=23893&lang=fr\" \/>\n<meta property=\"og:locale\" content=\"ar_AR\" \/>\n<meta property=\"og:type\" content=\"article\" \/>\n<meta property=\"og:title\" content=\"Le RFD lance sa campagne nationale d\u2019implantation - Le Quotidien de Nouakchott\" \/>\n<meta property=\"og:description\" content=\"Le Rassemblement des Forces D\u00e9mocratiques (RFD) a officiellement lanc\u00e9 aujourd\u2019hui, depuis son si\u00e8ge central situ\u00e9 dans le quartier de Cit\u00e9 Smar, sa campagne nationale d\u2019adh\u00e9sion. Cet \u00e9v\u00e9nement marque une nouvelle \u00e9tape dans la mobilisation politique du parti. Une c\u00e9r\u00e9monie dirig\u00e9e par Ahmed Ould Daddah La c\u00e9r\u00e9monie d\u2019ouverture a \u00e9t\u00e9 pr\u00e9sid\u00e9e par Ahmed Ould Daddah, pr\u00e9sident.....\" \/>\n<meta property=\"og:url\" content=\"https:\/\/lequotidien.mr\/?p=23893&amp;lang=fr\" \/>\n<meta property=\"og:site_name\" content=\"Le Quotidien de Nouakchott\" \/>\n<meta property=\"article:publisher\" content=\"https:\/\/web.facebook.com\/lequotidienmr\" \/>\n<meta property=\"article:published_time\" content=\"2024-12-21T14:46:49+00:00\" \/>\n<meta property=\"og:image\" content=\"https:\/\/lequotidien.mr\/wp-content\/uploads\/2024\/12\/4517f3e0-c9e5-412e-a41d-a3c03c6ba25a.jpeg\" \/>\n\t<meta property=\"og:image:width\" content=\"1080\" \/>\n\t<meta property=\"og:image:height\" content=\"810\" \/>\n\t<meta property=\"og:image:type\" content=\"image\/jpeg\" \/>\n<meta name=\"author\" content=\"Le Quotidien\" \/>\n<meta name=\"twitter:card\" content=\"summary_large_image\" \/>\n<meta name=\"twitter:creator\" content=\"@lequotidienmr\" \/>\n<meta name=\"twitter:site\" content=\"@lequotidienmr\" \/>\n<meta name=\"twitter:label1\" content=\"\u0643\u064f\u062a\u0628 \u0628\u0648\u0627\u0633\u0637\u0629\" \/>\n\t<meta name=\"twitter:data1\" content=\"Le Quotidien\" \/>\n\t<meta name=\"twitter:label2\" content=\"\u0648\u0642\u062a \u0627\u0644\u0642\u0631\u0627\u0621\u0629 \u0627\u0644\u0645\u064f\u0642\u062f\u0651\u0631\" \/>\n\t<meta name=\"twitter:data2\" content=\"\u062f\u0642\u064a\u0642\u062a\u0627\u0646\" \/>\n<script type=\"application\/ld+json\" class=\"yoast-schema-graph\">{\"@context\":\"https:\\\/\\\/schema.org\",\"@graph\":[{\"@type\":\"Article\",\"@id\":\"https:\\\/\\\/lequotidien.mr\\\/?p=23893&lang=fr#article\",\"isPartOf\":{\"@id\":\"https:\\\/\\\/lequotidien.mr\\\/?p=23893&lang=fr\"},\"author\":{\"name\":\"Le Quotidien\",\"@id\":\"https:\\\/\\\/lequotidien.mr\\\/#\\\/schema\\\/person\\\/f90fcdaa970c60288de4ed2e64a56472\"},\"headline\":\"Le RFD lance sa campagne nationale d\u2019implantation\",\"datePublished\":\"2024-12-21T14:46:49+00:00\",\"mainEntityOfPage\":{\"@id\":\"https:\\\/\\\/lequotidien.mr\\\/?p=23893&lang=fr\"},\"wordCount\":354,\"commentCount\":0,\"publisher\":{\"@id\":\"https:\\\/\\\/lequotidien.mr\\\/#organization\"},\"image\":{\"@id\":\"https:\\\/\\\/lequotidien.mr\\\/?p=23893&lang=fr#primaryimage\"},\"thumbnailUrl\":\"https:\\\/\\\/lequotidien.mr\\\/wp-content\\\/uploads\\\/2024\\\/12\\\/4517f3e0-c9e5-412e-a41d-a3c03c6ba25a.jpeg\",\"articleSection\":[\"ACTUALIT\u00c9\",\"Couverture sp\u00e9cilale\"],\"inLanguage\":\"ar\",\"potentialAction\":[{\"@type\":\"CommentAction\",\"name\":\"Comment\",\"target\":[\"https:\\\/\\\/lequotidien.mr\\\/?p=23893&lang=fr#respond\"]}]},{\"@type\":\"WebPage\",\"@id\":\"https:\\\/\\\/lequotidien.mr\\\/?p=23893&lang=fr\",\"url\":\"https:\\\/\\\/lequotidien.mr\\\/?p=23893&lang=fr\",\"name\":\"Le RFD lance sa campagne nationale d\u2019implantation - Le Quotidien de Nouakchott\",\"isPartOf\":{\"@id\":\"https:\\\/\\\/lequotidien.mr\\\/#website\"},\"primaryImageOfPage\":{\"@id\":\"https:\\\/\\\/lequotidien.mr\\\/?p=23893&lang=fr#primaryimage\"},\"image\":{\"@id\":\"https:\\\/\\\/lequotidien.mr\\\/?p=23893&lang=fr#primaryimage\"},\"thumbnailUrl\":\"https:\\\/\\\/lequotidien.mr\\\/wp-content\\\/uploads\\\/2024\\\/12\\\/4517f3e0-c9e5-412e-a41d-a3c03c6ba25a.jpeg\",\"datePublished\":\"2024-12-21T14:46:49+00:00\",\"breadcrumb\":{\"@id\":\"https:\\\/\\\/lequotidien.mr\\\/?p=23893&lang=fr#breadcrumb\"},\"inLanguage\":\"ar\",\"potentialAction\":[{\"@type\":\"ReadAction\",\"target\":[\"https:\\\/\\\/lequotidien.mr\\\/?p=23893&lang=fr\"]}]},{\"@type\":\"ImageObject\",\"inLanguage\":\"ar\",\"@id\":\"https:\\\/\\\/lequotidien.mr\\\/?p=23893&lang=fr#primaryimage\",\"url\":\"https:\\\/\\\/lequotidien.mr\\\/wp-content\\\/uploads\\\/2024\\\/12\\\/4517f3e0-c9e5-412e-a41d-a3c03c6ba25a.jpeg\",\"contentUrl\":\"https:\\\/\\\/lequotidien.mr\\\/wp-content\\\/uploads\\\/2024\\\/12\\\/4517f3e0-c9e5-412e-a41d-a3c03c6ba25a.jpeg\",\"width\":1080,\"height\":810},{\"@type\":\"BreadcrumbList\",\"@id\":\"https:\\\/\\\/lequotidien.mr\\\/?p=23893&lang=fr#breadcrumb\",\"itemListElement\":[{\"@type\":\"ListItem\",\"position\":1,\"name\":\"Home\",\"item\":\"https:\\\/\\\/lequotidien.mr\\\/\"},{\"@type\":\"ListItem\",\"position\":2,\"name\":\"Le RFD lance sa campagne nationale d\u2019implantation\"}]},{\"@type\":\"WebSite\",\"@id\":\"https:\\\/\\\/lequotidien.mr\\\/#website\",\"url\":\"https:\\\/\\\/lequotidien.mr\\\/\",\"name\":\"Le Quotidien de Nouakchott\",\"description\":\"\u0625\u062e\u0628\u0627\u0631\u064a\u0629 \u0645\u0633\u062a\u0642\u0644\u0629 \u0644\u0644\u0623\u0646\u0628\u0627\u0621 \u0627\u0644\u0639\u0627\u0645\u0629\",\"publisher\":{\"@id\":\"https:\\\/\\\/lequotidien.mr\\\/#organization\"},\"potentialAction\":[{\"@type\":\"SearchAction\",\"target\":{\"@type\":\"EntryPoint\",\"urlTemplate\":\"https:\\\/\\\/lequotidien.mr\\\/?s={search_term_string}\"},\"query-input\":{\"@type\":\"PropertyValueSpecification\",\"valueRequired\":true,\"valueName\":\"search_term_string\"}}],\"inLanguage\":\"ar\"},{\"@type\":\"Organization\",\"@id\":\"https:\\\/\\\/lequotidien.mr\\\/#organization\",\"name\":\"Le Quotidien de Nouakchott\",\"url\":\"https:\\\/\\\/lequotidien.mr\\\/\",\"logo\":{\"@type\":\"ImageObject\",\"inLanguage\":\"ar\",\"@id\":\"https:\\\/\\\/lequotidien.mr\\\/#\\\/schema\\\/logo\\\/image\\\/\",\"url\":\"https:\\\/\\\/lequotidien.mr\\\/wp-content\\\/uploads\\\/2022\\\/11\\\/logolequotidien.jpg\",\"contentUrl\":\"https:\\\/\\\/lequotidien.mr\\\/wp-content\\\/uploads\\\/2022\\\/11\\\/logolequotidien.jpg\",\"width\":290,\"height\":65,\"caption\":\"Le Quotidien de Nouakchott\"},\"image\":{\"@id\":\"https:\\\/\\\/lequotidien.mr\\\/#\\\/schema\\\/logo\\\/image\\\/\"},\"sameAs\":[\"https:\\\/\\\/web.facebook.com\\\/lequotidienmr\",\"https:\\\/\\\/x.com\\\/lequotidienmr\"]},{\"@type\":\"Person\",\"@id\":\"https:\\\/\\\/lequotidien.mr\\\/#\\\/schema\\\/person\\\/f90fcdaa970c60288de4ed2e64a56472\",\"name\":\"Le Quotidien\",\"image\":{\"@type\":\"ImageObject\",\"inLanguage\":\"ar\",\"@id\":\"https:\\\/\\\/secure.gravatar.com\\\/avatar\\\/374cb39a1a458a912465a93e5a3ce6546886fc3da809a1f10c63e4e8fcbca30f?s=96&d=mm&r=g\",\"url\":\"https:\\\/\\\/secure.gravatar.com\\\/avatar\\\/374cb39a1a458a912465a93e5a3ce6546886fc3da809a1f10c63e4e8fcbca30f?s=96&d=mm&r=g\",\"contentUrl\":\"https:\\\/\\\/secure.gravatar.com\\\/avatar\\\/374cb39a1a458a912465a93e5a3ce6546886fc3da809a1f10c63e4e8fcbca30f?s=96&d=mm&r=g\",\"caption\":\"Le Quotidien\"},\"sameAs\":[\"https:\\\/\\\/lequotidien.mr\\\/\"],\"url\":\"https:\\\/\\\/lequotidien.mr\\\/?author=4\"}]}<\/script>\n<!-- \/ Yoast SEO plugin. -->","yoast_head_json":{"title":"Le RFD lance sa campagne nationale d\u2019implantation - Le Quotidien de Nouakchott","robots":{"index":"index","follow":"follow","max-snippet":"max-snippet:-1","max-image-preview":"max-image-preview:large","max-video-preview":"max-video-preview:-1"},"canonical":"https:\/\/lequotidien.mr\/?p=23893&lang=fr","og_locale":"ar_AR","og_type":"article","og_title":"Le RFD lance sa campagne nationale d\u2019implantation - Le Quotidien de Nouakchott","og_description":"Le Rassemblement des Forces D\u00e9mocratiques (RFD) a officiellement lanc\u00e9 aujourd\u2019hui, depuis son si\u00e8ge central situ\u00e9 dans le quartier de Cit\u00e9 Smar, sa campagne nationale d\u2019adh\u00e9sion. Cet \u00e9v\u00e9nement marque une nouvelle \u00e9tape dans la mobilisation politique du parti. Une c\u00e9r\u00e9monie dirig\u00e9e par Ahmed Ould Daddah La c\u00e9r\u00e9monie d\u2019ouverture a \u00e9t\u00e9 pr\u00e9sid\u00e9e par Ahmed Ould Daddah, pr\u00e9sident.....","og_url":"https:\/\/lequotidien.mr\/?p=23893&lang=fr","og_site_name":"Le Quotidien de Nouakchott","article_publisher":"https:\/\/web.facebook.com\/lequotidienmr","article_published_time":"2024-12-21T14:46:49+00:00","og_image":[{"width":1080,"height":810,"url":"https:\/\/lequotidien.mr\/wp-content\/uploads\/2024\/12\/4517f3e0-c9e5-412e-a41d-a3c03c6ba25a.jpeg","type":"image\/jpeg"}],"author":"Le Quotidien","twitter_card":"summary_large_image","twitter_creator":"@lequotidienmr","twitter_site":"@lequotidienmr","twitter_misc":{"\u0643\u064f\u062a\u0628 \u0628\u0648\u0627\u0633\u0637\u0629":"Le Quotidien","\u0648\u0642\u062a \u0627\u0644\u0642\u0631\u0627\u0621\u0629 \u0627\u0644\u0645\u064f\u0642\u062f\u0651\u0631":"\u062f\u0642\u064a\u0642\u062a\u0627\u0646"},"schema":{"@context":"https:\/\/schema.org","@graph":[{"@type":"Article","@id":"https:\/\/lequotidien.mr\/?p=23893&lang=fr#article","isPartOf":{"@id":"https:\/\/lequotidien.mr\/?p=23893&lang=fr"},"author":{"name":"Le Quotidien","@id":"https:\/\/lequotidien.mr\/#\/schema\/person\/f90fcdaa970c60288de4ed2e64a56472"},"headline":"Le RFD lance sa campagne nationale d\u2019implantation","datePublished":"2024-12-21T14:46:49+00:00","mainEntityOfPage":{"@id":"https:\/\/lequotidien.mr\/?p=23893&lang=fr"},"wordCount":354,"commentCount":0,"publisher":{"@id":"https:\/\/lequotidien.mr\/#organization"},"image":{"@id":"https:\/\/lequotidien.mr\/?p=23893&lang=fr#primaryimage"},"thumbnailUrl":"https:\/\/lequotidien.mr\/wp-content\/uploads\/2024\/12\/4517f3e0-c9e5-412e-a41d-a3c03c6ba25a.jpeg","articleSection":["ACTUALIT\u00c9","Couverture sp\u00e9cilale"],"inLanguage":"ar","potentialAction":[{"@type":"CommentAction","name":"Comment","target":["https:\/\/lequotidien.mr\/?p=23893&lang=fr#respond"]}]},{"@type":"WebPage","@id":"https:\/\/lequotidien.mr\/?p=23893&lang=fr","url":"https:\/\/lequotidien.mr\/?p=23893&lang=fr","name":"Le RFD lance sa campagne nationale d\u2019implantation - Le Quotidien de Nouakchott","isPartOf":{"@id":"https:\/\/lequotidien.mr\/#website"},"primaryImageOfPage":{"@id":"https:\/\/lequotidien.mr\/?p=23893&lang=fr#primaryimage"},"image":{"@id":"https:\/\/lequotidien.mr\/?p=23893&lang=fr#primaryimage"},"thumbnailUrl":"https:\/\/lequotidien.mr\/wp-content\/uploads\/2024\/12\/4517f3e0-c9e5-412e-a41d-a3c03c6ba25a.jpeg","datePublished":"2024-12-21T14:46:49+00:00","breadcrumb":{"@id":"https:\/\/lequotidien.mr\/?p=23893&lang=fr#breadcrumb"},"inLanguage":"ar","potentialAction":[{"@type":"ReadAction","target":["https:\/\/lequotidien.mr\/?p=23893&lang=fr"]}]},{"@type":"ImageObject","inLanguage":"ar","@id":"https:\/\/lequotidien.mr\/?p=23893&lang=fr#primaryimage","url":"https:\/\/lequotidien.mr\/wp-content\/uploads\/2024\/12\/4517f3e0-c9e5-412e-a41d-a3c03c6ba25a.jpeg","contentUrl":"https:\/\/lequotidien.mr\/wp-content\/uploads\/2024\/12\/4517f3e0-c9e5-412e-a41d-a3c03c6ba25a.jpeg","width":1080,"height":810},{"@type":"BreadcrumbList","@id":"https:\/\/lequotidien.mr\/?p=23893&lang=fr#breadcrumb","itemListElement":[{"@type":"ListItem","position":1,"name":"Home","item":"https:\/\/lequotidien.mr\/"},{"@type":"ListItem","position":2,"name":"Le RFD lance sa campagne nationale d\u2019implantation"}]},{"@type":"WebSite","@id":"https:\/\/lequotidien.mr\/#website","url":"https:\/\/lequotidien.mr\/","name":"Le Quotidien de Nouakchott","description":"\u0625\u062e\u0628\u0627\u0631\u064a\u0629 \u0645\u0633\u062a\u0642\u0644\u0629 \u0644\u0644\u0623\u0646\u0628\u0627\u0621 \u0627\u0644\u0639\u0627\u0645\u0629","publisher":{"@id":"https:\/\/lequotidien.mr\/#organization"},"potentialAction":[{"@type":"SearchAction","target":{"@type":"EntryPoint","urlTemplate":"https:\/\/lequotidien.mr\/?s={search_term_string}"},"query-input":{"@type":"PropertyValueSpecification","valueRequired":true,"valueName":"search_term_string"}}],"inLanguage":"ar"},{"@type":"Organization","@id":"https:\/\/lequotidien.mr\/#organization","name":"Le Quotidien de Nouakchott","url":"https:\/\/lequotidien.mr\/","logo":{"@type":"ImageObject","inLanguage":"ar","@id":"https:\/\/lequotidien.mr\/#\/schema\/logo\/image\/","url":"https:\/\/lequotidien.mr\/wp-content\/uploads\/2022\/11\/logolequotidien.jpg","contentUrl":"https:\/\/lequotidien.mr\/wp-content\/uploads\/2022\/11\/logolequotidien.jpg","width":290,"height":65,"caption":"Le Quotidien de Nouakchott"},"image":{"@id":"https:\/\/lequotidien.mr\/#\/schema\/logo\/image\/"},"sameAs":["https:\/\/web.facebook.com\/lequotidienmr","https:\/\/x.com\/lequotidienmr"]},{"@type":"Person","@id":"https:\/\/lequotidien.mr\/#\/schema\/person\/f90fcdaa970c60288de4ed2e64a56472","name":"Le Quotidien","image":{"@type":"ImageObject","inLanguage":"ar","@id":"https:\/\/secure.gravatar.com\/avatar\/374cb39a1a458a912465a93e5a3ce6546886fc3da809a1f10c63e4e8fcbca30f?s=96&d=mm&r=g","url":"https:\/\/secure.gravatar.com\/avatar\/374cb39a1a458a912465a93e5a3ce6546886fc3da809a1f10c63e4e8fcbca30f?s=96&d=mm&r=g","contentUrl":"https:\/\/secure.gravatar.com\/avatar\/374cb39a1a458a912465a93e5a3ce6546886fc3da809a1f10c63e4e8fcbca30f?s=96&d=mm&r=g","caption":"Le Quotidien"},"sameAs":["https:\/\/lequotidien.mr\/"],"url":"https:\/\/lequotidien.mr\/?author=4"}]}},"_links":{"self":[{"href":"https:\/\/lequotidien.mr\/index.php?rest_route=\/wp\/v2\/posts\/23893","targetHints":{"allow":["GET"]}}],"collection":[{"href":"https:\/\/lequotidien.mr\/index.php?rest_route=\/wp\/v2\/posts"}],"about":[{"href":"https:\/\/lequotidien.mr\/index.php?rest_route=\/wp\/v2\/types\/post"}],"author":[{"embeddable":true,"href":"https:\/\/lequotidien.mr\/index.php?rest_route=\/wp\/v2\/users\/4"}],"replies":[{"embeddable":true,"href":"https:\/\/lequotidien.mr\/index.php?rest_route=%2Fwp%2Fv2%2Fcomments&post=23893"}],"version-history":[{"count":1,"href":"https:\/\/lequotidien.mr\/index.php?rest_route=\/wp\/v2\/posts\/23893\/revisions"}],"predecessor-version":[{"id":23897,"href":"https:\/\/lequotidien.mr\/index.php?rest_route=\/wp\/v2\/posts\/23893\/revisions\/23897"}],"wp:featuredmedia":[{"embeddable":true,"href":"https:\/\/lequotidien.mr\/index.php?rest_route=\/wp\/v2\/media\/23896"}],"wp:attachment":[{"href":"https:\/\/lequotidien.mr\/index.php?rest_route=%2Fwp%2Fv2%2Fmedia&parent=23893"}],"wp:term":[{"taxonomy":"category","embeddable":true,"href":"https:\/\/lequotidien.mr\/index.php?rest_route=%2Fwp%2Fv2%2Fcategories&post=23893"},{"taxonomy":"post_tag","embeddable":true,"href":"https:\/\/lequotidien.mr\/index.php?rest_route=%2Fwp%2Fv2%2Ftags&post=23893"}],"curies":[{"name":"wp","href":"https:\/\/api.w.org\/{rel}","templated":true}]}}