{"id":23874,"date":"2024-12-21T13:00:08","date_gmt":"2024-12-21T13:00:08","guid":{"rendered":"https:\/\/lequotidien.mr\/?p=23874"},"modified":"2024-12-21T13:00:08","modified_gmt":"2024-12-21T13:00:08","slug":"agenda-du-premier-ministre-une-semaine-riche-en-diplomatie-et-en-reformes","status":"publish","type":"post","link":"https:\/\/lequotidien.mr\/?p=23874&lang=fr","title":{"rendered":"Agenda du Premier ministre : Une semaine riche en diplomatie et en r\u00e9formes"},"content":{"rendered":"<p>Le Premier ministre mauritanien, <strong>M. Mokhtar Diay<\/strong>, a men\u00e9 une semaine intense, marqu\u00e9e par des rencontres diplomatiques de haut niveau et des initiatives gouvernementales strat\u00e9giques.<\/p>\n<p><strong>Coop\u00e9ration r\u00e9gionale et internationale<\/strong><\/p>\n<p>Vendredi soir, M. Mokhtar Diay a rencontr\u00e9 <strong>Mme Hadizatou Rosine Sori-Coulibaly<\/strong>, Responsable du R\u00e9seau de Pr\u00e9vision des Crises Alimentaires et Nutritionnelles au Sahel et en Afrique de l\u2019Ouest. Cette r\u00e9union a permis de discuter de la situation alimentaire dans les pays du Sahel et de la CEDEAO. Mme Sori-Coulibaly a salu\u00e9 l\u2019engagement de la Mauritanie dans la lutte contre les crises alimentaires, ainsi que son r\u00f4le actif en tant que pr\u00e9sidente de l\u2019Union africaine pour promouvoir ce r\u00e9seau \u00e0 l\u2019\u00e9chelle r\u00e9gionale et internationale.<\/p>\n<p>Le m\u00eame jour, le Premier ministre a re\u00e7u <strong>M. Birame Souley Diop<\/strong>, ministre s\u00e9n\u00e9galais de l\u2019\u00c9nergie, du P\u00e9trole et des Mines, dans le cadre du renforcement des relations bilat\u00e9rales. La rencontre a port\u00e9 sur le <strong>projet gazier Grand Tortue Ahmeyim<\/strong>, un chantier commun entre la Mauritanie et le S\u00e9n\u00e9gal dont l\u2019exploitation est pr\u00e9vue pour fin 2024 ou d\u00e9but 2025. Cette collaboration illustre les liens solides et strat\u00e9giques entre les deux pays voisins.<\/p>\n<p><strong>R\u00e9formes nationales et gouvernance<\/strong><\/p>\n<p>Jeudi, le Premier ministre a pr\u00e9sid\u00e9 deux r\u00e9unions importantes \u00e0 Nouakchott :<\/p>\n<p>Une r\u00e9union du comit\u00e9 minist\u00e9riel consacr\u00e9e \u00e0 l\u2019examen des projets de loi sur la lutte contre la corruption. Ces textes s\u2019inscrivent dans la vision r\u00e9formatrice du Pr\u00e9sident de la R\u00e9publique, <strong>M. Mohamed Cheikh El Ghazouani<\/strong>, pour garantir la transparence dans la gestion des finances publiques et intensifier la lutte contre la corruption. M. Mokhtar Diay a demand\u00e9 des ajustements pour renforcer ces projets de loi.<\/p>\n<p>Une session du Haut Conseil pour la num\u00e9risation, durant laquelle des initiatives ont \u00e9t\u00e9 examin\u00e9es, notamment en mati\u00e8re de communication frontali\u00e8re, de s\u00e9curit\u00e9 num\u00e9rique et de passation des march\u00e9s publics. Le Premier ministre a insist\u00e9 sur la num\u00e9risation des services essentiels pour rapprocher l\u2019administration des citoyens, conform\u00e9ment aux priorit\u00e9s gouvernementales.<\/p>\n<p><strong>Renforcement des partenariats avec l\u2019Union europ\u00e9enne<\/strong><\/p>\n<p>Toujours jeudi, M. Mokhtar Diay a re\u00e7u une d\u00e9l\u00e9gation de l\u2019Union europ\u00e9enne dirig\u00e9e par <strong>M. Jozef S\u00edkela<\/strong>, Commissaire aux Partenariats Internationaux. Les discussions ont port\u00e9 sur les opportunit\u00e9s de collaboration dans divers domaines, notamment l\u2019\u00e9conomie, les infrastructures et le d\u00e9veloppement durable.<\/p>\n<p>L\u2019agenda du Premier ministre refl\u00e8te les priorit\u00e9s strat\u00e9giques du gouvernement mauritanien, qui allient coop\u00e9ration internationale et r\u00e9formes nationales ambitieuses. En multipliant les initiatives dans des secteurs cl\u00e9s tels que l\u2019\u00e9nergie, la lutte contre la corruption et la num\u00e9risation, M. Mokhtar Diay traduit la volont\u00e9 de la Mauritanie d\u2019assumer pleinement son r\u00f4le de leader r\u00e9gional tout en r\u00e9pondant aux besoins de ses citoyens.<\/p>\n<p>Cette semaine riche en engagements souligne \u00e9galement l\u2019engagement de la Mauritanie \u00e0 valoriser son r\u00f4le en tant que pr\u00e9sidente de l\u2019Union africaine, en apportant des solutions concr\u00e8tes aux d\u00e9fis r\u00e9gionaux et en renfor\u00e7ant les partenariats internationaux.<\/p>\n<p>&nbsp;<\/p>\n","protected":false},"excerpt":{"rendered":"<p>Le Premier ministre mauritanien, M. Mokhtar Diay, a men\u00e9 une semaine intense, marqu\u00e9e par des rencontres diplomatiques de haut niveau et des initiatives gouvernementales strat\u00e9giques. Coop\u00e9ration r\u00e9gionale et internationale Vendredi soir, M. Mokhtar Diay a rencontr\u00e9 Mme Hadizatou Rosine Sori-Coulibaly, Responsable du R\u00e9seau de Pr\u00e9vision des Crises Alimentaires et Nutritionnelles au Sahel et en Afrique&#8230;..<\/p>\n","protected":false},"author":12,"featured_media":23875,"comment_status":"open","ping_status":"open","sticky":false,"template":"","format":"standard","meta":{"footnotes":""},"categories":[23,49],"tags":[],"class_list":["post-23874","post","type-post","status-publish","format-standard","has-post-thumbnail","hentry","category-actualite","category-economie"],"yoast_head":"<!-- This site is optimized with the Yoast SEO plugin v27.5 - https:\/\/yoast.com\/product\/yoast-seo-wordpress\/ -->\n<title>Agenda du Premier ministre : Une semaine riche en diplomatie et en r\u00e9formes - Le Quotidien de Nouakchott<\/title>\n<meta name=\"robots\" content=\"index, follow, max-snippet:-1, max-image-preview:large, max-video-preview:-1\" \/>\n<link rel=\"canonical\" href=\"https:\/\/lequotidien.mr\/?p=23874&lang=fr\" \/>\n<meta property=\"og:locale\" content=\"ar_AR\" \/>\n<meta property=\"og:type\" content=\"article\" \/>\n<meta property=\"og:title\" content=\"Agenda du Premier ministre : Une semaine riche en diplomatie et en r\u00e9formes - Le Quotidien de Nouakchott\" \/>\n<meta property=\"og:description\" content=\"Le Premier ministre mauritanien, M. Mokhtar Diay, a men\u00e9 une semaine intense, marqu\u00e9e par des rencontres diplomatiques de haut niveau et des initiatives gouvernementales strat\u00e9giques. Coop\u00e9ration r\u00e9gionale et internationale Vendredi soir, M. Mokhtar Diay a rencontr\u00e9 Mme Hadizatou Rosine Sori-Coulibaly, Responsable du R\u00e9seau de Pr\u00e9vision des Crises Alimentaires et Nutritionnelles au Sahel et en Afrique.....\" \/>\n<meta property=\"og:url\" content=\"https:\/\/lequotidien.mr\/?p=23874&amp;lang=fr\" \/>\n<meta property=\"og:site_name\" content=\"Le Quotidien de Nouakchott\" \/>\n<meta property=\"article:publisher\" content=\"https:\/\/web.facebook.com\/lequotidienmr\" \/>\n<meta property=\"article:published_time\" content=\"2024-12-21T13:00:08+00:00\" \/>\n<meta property=\"og:image\" content=\"https:\/\/lequotidien.mr\/wp-content\/uploads\/2024\/12\/photo-premier-ministre-Mokhtar-Diay.jpg\" \/>\n\t<meta property=\"og:image:width\" content=\"640\" \/>\n\t<meta property=\"og:image:height\" content=\"341\" \/>\n\t<meta property=\"og:image:type\" content=\"image\/jpeg\" \/>\n<meta name=\"author\" content=\"Med Ahmed\" \/>\n<meta name=\"twitter:card\" content=\"summary_large_image\" \/>\n<meta name=\"twitter:creator\" content=\"@lequotidienmr\" \/>\n<meta name=\"twitter:site\" content=\"@lequotidienmr\" \/>\n<meta name=\"twitter:label1\" content=\"\u0643\u064f\u062a\u0628 \u0628\u0648\u0627\u0633\u0637\u0629\" \/>\n\t<meta name=\"twitter:data1\" content=\"Med Ahmed\" \/>\n\t<meta name=\"twitter:label2\" content=\"\u0648\u0642\u062a \u0627\u0644\u0642\u0631\u0627\u0621\u0629 \u0627\u0644\u0645\u064f\u0642\u062f\u0651\u0631\" \/>\n\t<meta name=\"twitter:data2\" content=\"3 \u062f\u0642\u0627\u0626\u0642\" \/>\n<script type=\"application\/ld+json\" class=\"yoast-schema-graph\">{\"@context\":\"https:\\\/\\\/schema.org\",\"@graph\":[{\"@type\":\"Article\",\"@id\":\"https:\\\/\\\/lequotidien.mr\\\/?p=23874&lang=fr#article\",\"isPartOf\":{\"@id\":\"https:\\\/\\\/lequotidien.mr\\\/?p=23874&lang=fr\"},\"author\":{\"name\":\"Med Ahmed\",\"@id\":\"https:\\\/\\\/lequotidien.mr\\\/#\\\/schema\\\/person\\\/d2d350202a4d599685ed8abc25f97596\"},\"headline\":\"Agenda du Premier ministre : Une semaine riche en diplomatie et en r\u00e9formes\",\"datePublished\":\"2024-12-21T13:00:08+00:00\",\"mainEntityOfPage\":{\"@id\":\"https:\\\/\\\/lequotidien.mr\\\/?p=23874&lang=fr\"},\"wordCount\":550,\"commentCount\":0,\"publisher\":{\"@id\":\"https:\\\/\\\/lequotidien.mr\\\/#organization\"},\"image\":{\"@id\":\"https:\\\/\\\/lequotidien.mr\\\/?p=23874&lang=fr#primaryimage\"},\"thumbnailUrl\":\"https:\\\/\\\/lequotidien.mr\\\/wp-content\\\/uploads\\\/2024\\\/12\\\/photo-premier-ministre-Mokhtar-Diay.jpg\",\"articleSection\":[\"ACTUALIT\u00c9\",\"Economie\"],\"inLanguage\":\"ar\",\"potentialAction\":[{\"@type\":\"CommentAction\",\"name\":\"Comment\",\"target\":[\"https:\\\/\\\/lequotidien.mr\\\/?p=23874&lang=fr#respond\"]}]},{\"@type\":\"WebPage\",\"@id\":\"https:\\\/\\\/lequotidien.mr\\\/?p=23874&lang=fr\",\"url\":\"https:\\\/\\\/lequotidien.mr\\\/?p=23874&lang=fr\",\"name\":\"Agenda du Premier ministre : Une semaine riche en diplomatie et en r\u00e9formes - Le Quotidien de Nouakchott\",\"isPartOf\":{\"@id\":\"https:\\\/\\\/lequotidien.mr\\\/#website\"},\"primaryImageOfPage\":{\"@id\":\"https:\\\/\\\/lequotidien.mr\\\/?p=23874&lang=fr#primaryimage\"},\"image\":{\"@id\":\"https:\\\/\\\/lequotidien.mr\\\/?p=23874&lang=fr#primaryimage\"},\"thumbnailUrl\":\"https:\\\/\\\/lequotidien.mr\\\/wp-content\\\/uploads\\\/2024\\\/12\\\/photo-premier-ministre-Mokhtar-Diay.jpg\",\"datePublished\":\"2024-12-21T13:00:08+00:00\",\"breadcrumb\":{\"@id\":\"https:\\\/\\\/lequotidien.mr\\\/?p=23874&lang=fr#breadcrumb\"},\"inLanguage\":\"ar\",\"potentialAction\":[{\"@type\":\"ReadAction\",\"target\":[\"https:\\\/\\\/lequotidien.mr\\\/?p=23874&lang=fr\"]}]},{\"@type\":\"ImageObject\",\"inLanguage\":\"ar\",\"@id\":\"https:\\\/\\\/lequotidien.mr\\\/?p=23874&lang=fr#primaryimage\",\"url\":\"https:\\\/\\\/lequotidien.mr\\\/wp-content\\\/uploads\\\/2024\\\/12\\\/photo-premier-ministre-Mokhtar-Diay.jpg\",\"contentUrl\":\"https:\\\/\\\/lequotidien.mr\\\/wp-content\\\/uploads\\\/2024\\\/12\\\/photo-premier-ministre-Mokhtar-Diay.jpg\",\"width\":640,\"height\":341},{\"@type\":\"BreadcrumbList\",\"@id\":\"https:\\\/\\\/lequotidien.mr\\\/?p=23874&lang=fr#breadcrumb\",\"itemListElement\":[{\"@type\":\"ListItem\",\"position\":1,\"name\":\"Home\",\"item\":\"https:\\\/\\\/lequotidien.mr\\\/\"},{\"@type\":\"ListItem\",\"position\":2,\"name\":\"Agenda du Premier ministre : Une semaine riche en diplomatie et en r\u00e9formes\"}]},{\"@type\":\"WebSite\",\"@id\":\"https:\\\/\\\/lequotidien.mr\\\/#website\",\"url\":\"https:\\\/\\\/lequotidien.mr\\\/\",\"name\":\"Le Quotidien de Nouakchott\",\"description\":\"\u0625\u062e\u0628\u0627\u0631\u064a\u0629 \u0645\u0633\u062a\u0642\u0644\u0629 \u0644\u0644\u0623\u0646\u0628\u0627\u0621 \u0627\u0644\u0639\u0627\u0645\u0629\",\"publisher\":{\"@id\":\"https:\\\/\\\/lequotidien.mr\\\/#organization\"},\"potentialAction\":[{\"@type\":\"SearchAction\",\"target\":{\"@type\":\"EntryPoint\",\"urlTemplate\":\"https:\\\/\\\/lequotidien.mr\\\/?s={search_term_string}\"},\"query-input\":{\"@type\":\"PropertyValueSpecification\",\"valueRequired\":true,\"valueName\":\"search_term_string\"}}],\"inLanguage\":\"ar\"},{\"@type\":\"Organization\",\"@id\":\"https:\\\/\\\/lequotidien.mr\\\/#organization\",\"name\":\"Le Quotidien de Nouakchott\",\"url\":\"https:\\\/\\\/lequotidien.mr\\\/\",\"logo\":{\"@type\":\"ImageObject\",\"inLanguage\":\"ar\",\"@id\":\"https:\\\/\\\/lequotidien.mr\\\/#\\\/schema\\\/logo\\\/image\\\/\",\"url\":\"https:\\\/\\\/lequotidien.mr\\\/wp-content\\\/uploads\\\/2022\\\/11\\\/logolequotidien.jpg\",\"contentUrl\":\"https:\\\/\\\/lequotidien.mr\\\/wp-content\\\/uploads\\\/2022\\\/11\\\/logolequotidien.jpg\",\"width\":290,\"height\":65,\"caption\":\"Le Quotidien de Nouakchott\"},\"image\":{\"@id\":\"https:\\\/\\\/lequotidien.mr\\\/#\\\/schema\\\/logo\\\/image\\\/\"},\"sameAs\":[\"https:\\\/\\\/web.facebook.com\\\/lequotidienmr\",\"https:\\\/\\\/x.com\\\/lequotidienmr\"]},{\"@type\":\"Person\",\"@id\":\"https:\\\/\\\/lequotidien.mr\\\/#\\\/schema\\\/person\\\/d2d350202a4d599685ed8abc25f97596\",\"name\":\"Med Ahmed\",\"image\":{\"@type\":\"ImageObject\",\"inLanguage\":\"ar\",\"@id\":\"https:\\\/\\\/secure.gravatar.com\\\/avatar\\\/fd2acc62ed50732923d1d39c17172c9b04149f142be92310ecc69e1358f94b52?s=96&d=mm&r=g\",\"url\":\"https:\\\/\\\/secure.gravatar.com\\\/avatar\\\/fd2acc62ed50732923d1d39c17172c9b04149f142be92310ecc69e1358f94b52?s=96&d=mm&r=g\",\"contentUrl\":\"https:\\\/\\\/secure.gravatar.com\\\/avatar\\\/fd2acc62ed50732923d1d39c17172c9b04149f142be92310ecc69e1358f94b52?s=96&d=mm&r=g\",\"caption\":\"Med Ahmed\"},\"url\":\"https:\\\/\\\/lequotidien.mr\\\/?author=12\"}]}<\/script>\n<!-- \/ Yoast SEO plugin. -->","yoast_head_json":{"title":"Agenda du Premier ministre : Une semaine riche en diplomatie et en r\u00e9formes - Le Quotidien de Nouakchott","robots":{"index":"index","follow":"follow","max-snippet":"max-snippet:-1","max-image-preview":"max-image-preview:large","max-video-preview":"max-video-preview:-1"},"canonical":"https:\/\/lequotidien.mr\/?p=23874&lang=fr","og_locale":"ar_AR","og_type":"article","og_title":"Agenda du Premier ministre : Une semaine riche en diplomatie et en r\u00e9formes - Le Quotidien de Nouakchott","og_description":"Le Premier ministre mauritanien, M. Mokhtar Diay, a men\u00e9 une semaine intense, marqu\u00e9e par des rencontres diplomatiques de haut niveau et des initiatives gouvernementales strat\u00e9giques. Coop\u00e9ration r\u00e9gionale et internationale Vendredi soir, M. Mokhtar Diay a rencontr\u00e9 Mme Hadizatou Rosine Sori-Coulibaly, Responsable du R\u00e9seau de Pr\u00e9vision des Crises Alimentaires et Nutritionnelles au Sahel et en Afrique.....","og_url":"https:\/\/lequotidien.mr\/?p=23874&lang=fr","og_site_name":"Le Quotidien de Nouakchott","article_publisher":"https:\/\/web.facebook.com\/lequotidienmr","article_published_time":"2024-12-21T13:00:08+00:00","og_image":[{"width":640,"height":341,"url":"https:\/\/lequotidien.mr\/wp-content\/uploads\/2024\/12\/photo-premier-ministre-Mokhtar-Diay.jpg","type":"image\/jpeg"}],"author":"Med Ahmed","twitter_card":"summary_large_image","twitter_creator":"@lequotidienmr","twitter_site":"@lequotidienmr","twitter_misc":{"\u0643\u064f\u062a\u0628 \u0628\u0648\u0627\u0633\u0637\u0629":"Med Ahmed","\u0648\u0642\u062a \u0627\u0644\u0642\u0631\u0627\u0621\u0629 \u0627\u0644\u0645\u064f\u0642\u062f\u0651\u0631":"3 \u062f\u0642\u0627\u0626\u0642"},"schema":{"@context":"https:\/\/schema.org","@graph":[{"@type":"Article","@id":"https:\/\/lequotidien.mr\/?p=23874&lang=fr#article","isPartOf":{"@id":"https:\/\/lequotidien.mr\/?p=23874&lang=fr"},"author":{"name":"Med Ahmed","@id":"https:\/\/lequotidien.mr\/#\/schema\/person\/d2d350202a4d599685ed8abc25f97596"},"headline":"Agenda du Premier ministre : Une semaine riche en diplomatie et en r\u00e9formes","datePublished":"2024-12-21T13:00:08+00:00","mainEntityOfPage":{"@id":"https:\/\/lequotidien.mr\/?p=23874&lang=fr"},"wordCount":550,"commentCount":0,"publisher":{"@id":"https:\/\/lequotidien.mr\/#organization"},"image":{"@id":"https:\/\/lequotidien.mr\/?p=23874&lang=fr#primaryimage"},"thumbnailUrl":"https:\/\/lequotidien.mr\/wp-content\/uploads\/2024\/12\/photo-premier-ministre-Mokhtar-Diay.jpg","articleSection":["ACTUALIT\u00c9","Economie"],"inLanguage":"ar","potentialAction":[{"@type":"CommentAction","name":"Comment","target":["https:\/\/lequotidien.mr\/?p=23874&lang=fr#respond"]}]},{"@type":"WebPage","@id":"https:\/\/lequotidien.mr\/?p=23874&lang=fr","url":"https:\/\/lequotidien.mr\/?p=23874&lang=fr","name":"Agenda du Premier ministre : Une semaine riche en diplomatie et en r\u00e9formes - Le Quotidien de Nouakchott","isPartOf":{"@id":"https:\/\/lequotidien.mr\/#website"},"primaryImageOfPage":{"@id":"https:\/\/lequotidien.mr\/?p=23874&lang=fr#primaryimage"},"image":{"@id":"https:\/\/lequotidien.mr\/?p=23874&lang=fr#primaryimage"},"thumbnailUrl":"https:\/\/lequotidien.mr\/wp-content\/uploads\/2024\/12\/photo-premier-ministre-Mokhtar-Diay.jpg","datePublished":"2024-12-21T13:00:08+00:00","breadcrumb":{"@id":"https:\/\/lequotidien.mr\/?p=23874&lang=fr#breadcrumb"},"inLanguage":"ar","potentialAction":[{"@type":"ReadAction","target":["https:\/\/lequotidien.mr\/?p=23874&lang=fr"]}]},{"@type":"ImageObject","inLanguage":"ar","@id":"https:\/\/lequotidien.mr\/?p=23874&lang=fr#primaryimage","url":"https:\/\/lequotidien.mr\/wp-content\/uploads\/2024\/12\/photo-premier-ministre-Mokhtar-Diay.jpg","contentUrl":"https:\/\/lequotidien.mr\/wp-content\/uploads\/2024\/12\/photo-premier-ministre-Mokhtar-Diay.jpg","width":640,"height":341},{"@type":"BreadcrumbList","@id":"https:\/\/lequotidien.mr\/?p=23874&lang=fr#breadcrumb","itemListElement":[{"@type":"ListItem","position":1,"name":"Home","item":"https:\/\/lequotidien.mr\/"},{"@type":"ListItem","position":2,"name":"Agenda du Premier ministre : Une semaine riche en diplomatie et en r\u00e9formes"}]},{"@type":"WebSite","@id":"https:\/\/lequotidien.mr\/#website","url":"https:\/\/lequotidien.mr\/","name":"Le Quotidien de Nouakchott","description":"\u0625\u062e\u0628\u0627\u0631\u064a\u0629 \u0645\u0633\u062a\u0642\u0644\u0629 \u0644\u0644\u0623\u0646\u0628\u0627\u0621 \u0627\u0644\u0639\u0627\u0645\u0629","publisher":{"@id":"https:\/\/lequotidien.mr\/#organization"},"potentialAction":[{"@type":"SearchAction","target":{"@type":"EntryPoint","urlTemplate":"https:\/\/lequotidien.mr\/?s={search_term_string}"},"query-input":{"@type":"PropertyValueSpecification","valueRequired":true,"valueName":"search_term_string"}}],"inLanguage":"ar"},{"@type":"Organization","@id":"https:\/\/lequotidien.mr\/#organization","name":"Le Quotidien de Nouakchott","url":"https:\/\/lequotidien.mr\/","logo":{"@type":"ImageObject","inLanguage":"ar","@id":"https:\/\/lequotidien.mr\/#\/schema\/logo\/image\/","url":"https:\/\/lequotidien.mr\/wp-content\/uploads\/2022\/11\/logolequotidien.jpg","contentUrl":"https:\/\/lequotidien.mr\/wp-content\/uploads\/2022\/11\/logolequotidien.jpg","width":290,"height":65,"caption":"Le Quotidien de Nouakchott"},"image":{"@id":"https:\/\/lequotidien.mr\/#\/schema\/logo\/image\/"},"sameAs":["https:\/\/web.facebook.com\/lequotidienmr","https:\/\/x.com\/lequotidienmr"]},{"@type":"Person","@id":"https:\/\/lequotidien.mr\/#\/schema\/person\/d2d350202a4d599685ed8abc25f97596","name":"Med Ahmed","image":{"@type":"ImageObject","inLanguage":"ar","@id":"https:\/\/secure.gravatar.com\/avatar\/fd2acc62ed50732923d1d39c17172c9b04149f142be92310ecc69e1358f94b52?s=96&d=mm&r=g","url":"https:\/\/secure.gravatar.com\/avatar\/fd2acc62ed50732923d1d39c17172c9b04149f142be92310ecc69e1358f94b52?s=96&d=mm&r=g","contentUrl":"https:\/\/secure.gravatar.com\/avatar\/fd2acc62ed50732923d1d39c17172c9b04149f142be92310ecc69e1358f94b52?s=96&d=mm&r=g","caption":"Med Ahmed"},"url":"https:\/\/lequotidien.mr\/?author=12"}]}},"_links":{"self":[{"href":"https:\/\/lequotidien.mr\/index.php?rest_route=\/wp\/v2\/posts\/23874","targetHints":{"allow":["GET"]}}],"collection":[{"href":"https:\/\/lequotidien.mr\/index.php?rest_route=\/wp\/v2\/posts"}],"about":[{"href":"https:\/\/lequotidien.mr\/index.php?rest_route=\/wp\/v2\/types\/post"}],"author":[{"embeddable":true,"href":"https:\/\/lequotidien.mr\/index.php?rest_route=\/wp\/v2\/users\/12"}],"replies":[{"embeddable":true,"href":"https:\/\/lequotidien.mr\/index.php?rest_route=%2Fwp%2Fv2%2Fcomments&post=23874"}],"version-history":[{"count":1,"href":"https:\/\/lequotidien.mr\/index.php?rest_route=\/wp\/v2\/posts\/23874\/revisions"}],"predecessor-version":[{"id":23876,"href":"https:\/\/lequotidien.mr\/index.php?rest_route=\/wp\/v2\/posts\/23874\/revisions\/23876"}],"wp:featuredmedia":[{"embeddable":true,"href":"https:\/\/lequotidien.mr\/index.php?rest_route=\/wp\/v2\/media\/23875"}],"wp:attachment":[{"href":"https:\/\/lequotidien.mr\/index.php?rest_route=%2Fwp%2Fv2%2Fmedia&parent=23874"}],"wp:term":[{"taxonomy":"category","embeddable":true,"href":"https:\/\/lequotidien.mr\/index.php?rest_route=%2Fwp%2Fv2%2Fcategories&post=23874"},{"taxonomy":"post_tag","embeddable":true,"href":"https:\/\/lequotidien.mr\/index.php?rest_route=%2Fwp%2Fv2%2Ftags&post=23874"}],"curies":[{"name":"wp","href":"https:\/\/api.w.org\/{rel}","templated":true}]}}