{"id":23871,"date":"2024-12-21T12:16:58","date_gmt":"2024-12-21T12:16:58","guid":{"rendered":"https:\/\/lequotidien.mr\/?p=23871"},"modified":"2024-12-21T12:16:58","modified_gmt":"2024-12-21T12:16:58","slug":"tunis-participation-de-la-mauritanie-a-la-5%e1%b5%89-session-du-comite-technique-specialise-de-lunion-africaine-sur-la-fonction-publique-les-collectivites-locales-le-developpement-urbain-et-la-d","status":"publish","type":"post","link":"https:\/\/lequotidien.mr\/?p=23871&lang=fr","title":{"rendered":"Tunis : Participation de la Mauritanie \u00e0 la 5\u1d49 session du Comit\u00e9 technique sp\u00e9cialis\u00e9 de l&#8217;Union Africaine sur la fonction publique, les collectivit\u00e9s locales, le d\u00e9veloppement urbain et la d\u00e9centralisation"},"content":{"rendered":"<p>Vendredi matin, le ministre mauritanien de la Fonction publique et du Travail, <strong>M. Mohamed Soueidatt<\/strong>, a pris part \u00e0 l&#8217;ouverture de la <strong>cinqui\u00e8me session ordinaire du Comit\u00e9 technique sp\u00e9cialis\u00e9 de l&#8217;Union africaine sur la fonction publique, les collectivit\u00e9s locales, le d\u00e9veloppement urbain et la d\u00e9centralisation<\/strong>. L&#8217;\u00e9v\u00e9nement, qui se d\u00e9roule dans la capitale tunisienne, rev\u00eat une importance particuli\u00e8re pour la Mauritanie, qui assure actuellement la pr\u00e9sidence de l&#8217;Union africaine.<\/p>\n<p>L&#8217;Ambassadeur de Mauritanie en Tunisie, <strong>M. Sidi Aly<\/strong>, ainsi que le Charg\u00e9 de mission au minist\u00e8re de la Fonction publique, <strong>M. Brahim Messaoud<\/strong>, ont \u00e9galement assist\u00e9 \u00e0 cette s\u00e9ance d&#8217;ouverture, t\u00e9moignant de l&#8217;implication active de la Mauritanie dans les d\u00e9bats.<\/p>\n<p>En tant que pr\u00e9sidente en exercice de l&#8217;Union africaine, la Mauritanie joue un r\u00f4le central dans l&#8217;orientation des travaux de ce comit\u00e9. Cette instance strat\u00e9gique traite des questions essentielles li\u00e9es \u00e0 la modernisation de la fonction publique, au renforcement des collectivit\u00e9s locales, \u00e0 la planification urbaine et \u00e0 la promotion de la d\u00e9centralisation sur le continent.<\/p>\n<p>La pr\u00e9sence du ministre mauritanien \u00e0 cette session refl\u00e8te l&#8217;engagement de la Mauritanie \u00e0 promouvoir les politiques de gouvernance locale et \u00e0 contribuer aux efforts collectifs pour une transformation urbaine durable et inclusive.<\/p>\n<p><strong>Les enjeux abord\u00e9s lors de la session<\/strong><\/p>\n<p>Les discussions de cette session s&#8217;articuleront autour de th\u00e8mes cruciaux pour le d\u00e9veloppement du continent ainsi que des plaidoyers pour la ratification de trois chartes\u00a0: la charte africaine des valeurs et principes de la fonction publique et de l\u2019administration, la charte africaine des valeurs et principes de la d\u00e9centralisation, de la gouvernance locale et du d\u00e9veloppement local, et la charte de l\u2019Union africaine sur le d\u00e9veloppement durable des \u00e9tablissements urbains et humains en Afrique. C\u2019est que pour que ces chartes soient effectives et entrent en vigueur, elles doivent \u00eatre ratifi\u00e9es par au moins quinze pays membres.<\/p>\n<p>La participation de la Mauritanie \u00e0 cette session s&#8217;inscrit dans le cadre de sa strat\u00e9gie nationale de r\u00e9forme de la fonction publique et de promotion de la d\u00e9centralisation. En partageant son exp\u00e9rience et en apprenant des initiatives d&#8217;autres pays africains, la Mauritanie vise \u00e0 enrichir ses propres politiques publiques et \u00e0 jouer un r\u00f4le moteur dans l&#8217;\u00e9laboration de strat\u00e9gies continentales.<\/p>\n<p><strong>La Mauritanie, un acteur cl\u00e9 dans la coop\u00e9ration africaine<\/strong><\/p>\n<p>Assurant la pr\u00e9sidence de l&#8217;Union africaine, la Mauritanie confirme sa volont\u00e9 de porter les pr\u00e9occupations du continent sur les probl\u00e9matiques majeures, telles que la gouvernance, le d\u00e9veloppement urbain et la gestion des collectivit\u00e9s locales.<\/p>\n<p>Cette session constitue \u00e9galement une occasion de renforcer la coop\u00e9ration entre les \u00c9tats membres et de d\u00e9velopper des solutions adapt\u00e9es aux d\u00e9fis communs du continent.<\/p>\n<p>La cl\u00f4ture des travaux est pr\u00e9vue dans les prochains jours, avec des recommandations cl\u00e9s qui guideront les efforts africains dans les domaines de la fonction publique et du d\u00e9veloppement urbain.<\/p>\n","protected":false},"excerpt":{"rendered":"<p>Vendredi matin, le ministre mauritanien de la Fonction publique et du Travail, M. Mohamed Soueidatt, a pris part \u00e0 l&#8217;ouverture de la cinqui\u00e8me session ordinaire du Comit\u00e9 technique sp\u00e9cialis\u00e9 de l&#8217;Union africaine sur la fonction publique, les collectivit\u00e9s locales, le d\u00e9veloppement urbain et la d\u00e9centralisation. L&#8217;\u00e9v\u00e9nement, qui se d\u00e9roule dans la capitale tunisienne, rev\u00eat une&#8230;..<\/p>\n","protected":false},"author":12,"featured_media":23872,"comment_status":"open","ping_status":"open","sticky":false,"template":"","format":"standard","meta":{"footnotes":""},"categories":[23,49],"tags":[],"class_list":["post-23871","post","type-post","status-publish","format-standard","has-post-thumbnail","hentry","category-actualite","category-economie"],"yoast_head":"<!-- This site is optimized with the Yoast SEO plugin v27.5 - https:\/\/yoast.com\/product\/yoast-seo-wordpress\/ -->\n<title>Tunis : Participation de la Mauritanie \u00e0 la 5\u1d49 session du Comit\u00e9 technique sp\u00e9cialis\u00e9 de l&#039;Union Africaine sur la fonction publique, les collectivit\u00e9s locales, le d\u00e9veloppement urbain et la d\u00e9centralisation - Le Quotidien de Nouakchott<\/title>\n<meta name=\"robots\" content=\"index, follow, max-snippet:-1, max-image-preview:large, max-video-preview:-1\" \/>\n<link rel=\"canonical\" href=\"https:\/\/lequotidien.mr\/?p=23871&lang=fr\" \/>\n<meta property=\"og:locale\" content=\"ar_AR\" \/>\n<meta property=\"og:type\" content=\"article\" \/>\n<meta property=\"og:title\" content=\"Tunis : Participation de la Mauritanie \u00e0 la 5\u1d49 session du Comit\u00e9 technique sp\u00e9cialis\u00e9 de l&#039;Union Africaine sur la fonction publique, les collectivit\u00e9s locales, le d\u00e9veloppement urbain et la d\u00e9centralisation - Le Quotidien de Nouakchott\" \/>\n<meta property=\"og:description\" content=\"Vendredi matin, le ministre mauritanien de la Fonction publique et du Travail, M. Mohamed Soueidatt, a pris part \u00e0 l&#8217;ouverture de la cinqui\u00e8me session ordinaire du Comit\u00e9 technique sp\u00e9cialis\u00e9 de l&#8217;Union africaine sur la fonction publique, les collectivit\u00e9s locales, le d\u00e9veloppement urbain et la d\u00e9centralisation. L&#8217;\u00e9v\u00e9nement, qui se d\u00e9roule dans la capitale tunisienne, rev\u00eat une.....\" \/>\n<meta property=\"og:url\" content=\"https:\/\/lequotidien.mr\/?p=23871&amp;lang=fr\" \/>\n<meta property=\"og:site_name\" content=\"Le Quotidien de Nouakchott\" \/>\n<meta property=\"article:publisher\" content=\"https:\/\/web.facebook.com\/lequotidienmr\" \/>\n<meta property=\"article:published_time\" content=\"2024-12-21T12:16:58+00:00\" \/>\n<meta property=\"og:image\" content=\"https:\/\/lequotidien.mr\/wp-content\/uploads\/2024\/12\/photoSoueidattTunisie-ezgif.com-webp-to-jpg-converter.jpg\" \/>\n\t<meta property=\"og:image:width\" content=\"640\" \/>\n\t<meta property=\"og:image:height\" content=\"370\" \/>\n\t<meta property=\"og:image:type\" content=\"image\/jpeg\" \/>\n<meta name=\"author\" content=\"Med Ahmed\" \/>\n<meta name=\"twitter:card\" content=\"summary_large_image\" \/>\n<meta name=\"twitter:creator\" content=\"@lequotidienmr\" \/>\n<meta name=\"twitter:site\" content=\"@lequotidienmr\" \/>\n<meta name=\"twitter:label1\" content=\"\u0643\u064f\u062a\u0628 \u0628\u0648\u0627\u0633\u0637\u0629\" \/>\n\t<meta name=\"twitter:data1\" content=\"Med Ahmed\" \/>\n\t<meta name=\"twitter:label2\" content=\"\u0648\u0642\u062a \u0627\u0644\u0642\u0631\u0627\u0621\u0629 \u0627\u0644\u0645\u064f\u0642\u062f\u0651\u0631\" \/>\n\t<meta name=\"twitter:data2\" content=\"3 \u062f\u0642\u0627\u0626\u0642\" \/>\n<script type=\"application\/ld+json\" class=\"yoast-schema-graph\">{\"@context\":\"https:\\\/\\\/schema.org\",\"@graph\":[{\"@type\":\"Article\",\"@id\":\"https:\\\/\\\/lequotidien.mr\\\/?p=23871&lang=fr#article\",\"isPartOf\":{\"@id\":\"https:\\\/\\\/lequotidien.mr\\\/?p=23871&lang=fr\"},\"author\":{\"name\":\"Med Ahmed\",\"@id\":\"https:\\\/\\\/lequotidien.mr\\\/#\\\/schema\\\/person\\\/d2d350202a4d599685ed8abc25f97596\"},\"headline\":\"Tunis : Participation de la Mauritanie \u00e0 la 5\u1d49 session du Comit\u00e9 technique sp\u00e9cialis\u00e9 de l&#8217;Union Africaine sur la fonction publique, les collectivit\u00e9s locales, le d\u00e9veloppement urbain et la d\u00e9centralisation\",\"datePublished\":\"2024-12-21T12:16:58+00:00\",\"mainEntityOfPage\":{\"@id\":\"https:\\\/\\\/lequotidien.mr\\\/?p=23871&lang=fr\"},\"wordCount\":546,\"commentCount\":0,\"publisher\":{\"@id\":\"https:\\\/\\\/lequotidien.mr\\\/#organization\"},\"image\":{\"@id\":\"https:\\\/\\\/lequotidien.mr\\\/?p=23871&lang=fr#primaryimage\"},\"thumbnailUrl\":\"https:\\\/\\\/lequotidien.mr\\\/wp-content\\\/uploads\\\/2024\\\/12\\\/photoSoueidattTunisie-ezgif.com-webp-to-jpg-converter.jpg\",\"articleSection\":[\"ACTUALIT\u00c9\",\"Economie\"],\"inLanguage\":\"ar\",\"potentialAction\":[{\"@type\":\"CommentAction\",\"name\":\"Comment\",\"target\":[\"https:\\\/\\\/lequotidien.mr\\\/?p=23871&lang=fr#respond\"]}]},{\"@type\":\"WebPage\",\"@id\":\"https:\\\/\\\/lequotidien.mr\\\/?p=23871&lang=fr\",\"url\":\"https:\\\/\\\/lequotidien.mr\\\/?p=23871&lang=fr\",\"name\":\"Tunis : Participation de la Mauritanie \u00e0 la 5\u1d49 session du Comit\u00e9 technique sp\u00e9cialis\u00e9 de l'Union Africaine sur la fonction publique, les collectivit\u00e9s locales, le d\u00e9veloppement urbain et la d\u00e9centralisation - Le Quotidien de Nouakchott\",\"isPartOf\":{\"@id\":\"https:\\\/\\\/lequotidien.mr\\\/#website\"},\"primaryImageOfPage\":{\"@id\":\"https:\\\/\\\/lequotidien.mr\\\/?p=23871&lang=fr#primaryimage\"},\"image\":{\"@id\":\"https:\\\/\\\/lequotidien.mr\\\/?p=23871&lang=fr#primaryimage\"},\"thumbnailUrl\":\"https:\\\/\\\/lequotidien.mr\\\/wp-content\\\/uploads\\\/2024\\\/12\\\/photoSoueidattTunisie-ezgif.com-webp-to-jpg-converter.jpg\",\"datePublished\":\"2024-12-21T12:16:58+00:00\",\"breadcrumb\":{\"@id\":\"https:\\\/\\\/lequotidien.mr\\\/?p=23871&lang=fr#breadcrumb\"},\"inLanguage\":\"ar\",\"potentialAction\":[{\"@type\":\"ReadAction\",\"target\":[\"https:\\\/\\\/lequotidien.mr\\\/?p=23871&lang=fr\"]}]},{\"@type\":\"ImageObject\",\"inLanguage\":\"ar\",\"@id\":\"https:\\\/\\\/lequotidien.mr\\\/?p=23871&lang=fr#primaryimage\",\"url\":\"https:\\\/\\\/lequotidien.mr\\\/wp-content\\\/uploads\\\/2024\\\/12\\\/photoSoueidattTunisie-ezgif.com-webp-to-jpg-converter.jpg\",\"contentUrl\":\"https:\\\/\\\/lequotidien.mr\\\/wp-content\\\/uploads\\\/2024\\\/12\\\/photoSoueidattTunisie-ezgif.com-webp-to-jpg-converter.jpg\",\"width\":640,\"height\":370,\"caption\":\"JPG converted with https:\\\/\\\/ezgif.com\\\/webp-to-jpg\"},{\"@type\":\"BreadcrumbList\",\"@id\":\"https:\\\/\\\/lequotidien.mr\\\/?p=23871&lang=fr#breadcrumb\",\"itemListElement\":[{\"@type\":\"ListItem\",\"position\":1,\"name\":\"Home\",\"item\":\"https:\\\/\\\/lequotidien.mr\\\/\"},{\"@type\":\"ListItem\",\"position\":2,\"name\":\"Tunis : Participation de la Mauritanie \u00e0 la 5\u1d49 session du Comit\u00e9 technique sp\u00e9cialis\u00e9 de l&#8217;Union Africaine sur la fonction publique, les collectivit\u00e9s locales, le d\u00e9veloppement urbain et la d\u00e9centralisation\"}]},{\"@type\":\"WebSite\",\"@id\":\"https:\\\/\\\/lequotidien.mr\\\/#website\",\"url\":\"https:\\\/\\\/lequotidien.mr\\\/\",\"name\":\"Le Quotidien de Nouakchott\",\"description\":\"\u0625\u062e\u0628\u0627\u0631\u064a\u0629 \u0645\u0633\u062a\u0642\u0644\u0629 \u0644\u0644\u0623\u0646\u0628\u0627\u0621 \u0627\u0644\u0639\u0627\u0645\u0629\",\"publisher\":{\"@id\":\"https:\\\/\\\/lequotidien.mr\\\/#organization\"},\"potentialAction\":[{\"@type\":\"SearchAction\",\"target\":{\"@type\":\"EntryPoint\",\"urlTemplate\":\"https:\\\/\\\/lequotidien.mr\\\/?s={search_term_string}\"},\"query-input\":{\"@type\":\"PropertyValueSpecification\",\"valueRequired\":true,\"valueName\":\"search_term_string\"}}],\"inLanguage\":\"ar\"},{\"@type\":\"Organization\",\"@id\":\"https:\\\/\\\/lequotidien.mr\\\/#organization\",\"name\":\"Le Quotidien de Nouakchott\",\"url\":\"https:\\\/\\\/lequotidien.mr\\\/\",\"logo\":{\"@type\":\"ImageObject\",\"inLanguage\":\"ar\",\"@id\":\"https:\\\/\\\/lequotidien.mr\\\/#\\\/schema\\\/logo\\\/image\\\/\",\"url\":\"https:\\\/\\\/lequotidien.mr\\\/wp-content\\\/uploads\\\/2022\\\/11\\\/logolequotidien.jpg\",\"contentUrl\":\"https:\\\/\\\/lequotidien.mr\\\/wp-content\\\/uploads\\\/2022\\\/11\\\/logolequotidien.jpg\",\"width\":290,\"height\":65,\"caption\":\"Le Quotidien de Nouakchott\"},\"image\":{\"@id\":\"https:\\\/\\\/lequotidien.mr\\\/#\\\/schema\\\/logo\\\/image\\\/\"},\"sameAs\":[\"https:\\\/\\\/web.facebook.com\\\/lequotidienmr\",\"https:\\\/\\\/x.com\\\/lequotidienmr\"]},{\"@type\":\"Person\",\"@id\":\"https:\\\/\\\/lequotidien.mr\\\/#\\\/schema\\\/person\\\/d2d350202a4d599685ed8abc25f97596\",\"name\":\"Med Ahmed\",\"image\":{\"@type\":\"ImageObject\",\"inLanguage\":\"ar\",\"@id\":\"https:\\\/\\\/secure.gravatar.com\\\/avatar\\\/fd2acc62ed50732923d1d39c17172c9b04149f142be92310ecc69e1358f94b52?s=96&d=mm&r=g\",\"url\":\"https:\\\/\\\/secure.gravatar.com\\\/avatar\\\/fd2acc62ed50732923d1d39c17172c9b04149f142be92310ecc69e1358f94b52?s=96&d=mm&r=g\",\"contentUrl\":\"https:\\\/\\\/secure.gravatar.com\\\/avatar\\\/fd2acc62ed50732923d1d39c17172c9b04149f142be92310ecc69e1358f94b52?s=96&d=mm&r=g\",\"caption\":\"Med Ahmed\"},\"url\":\"https:\\\/\\\/lequotidien.mr\\\/?author=12\"}]}<\/script>\n<!-- \/ Yoast SEO plugin. -->","yoast_head_json":{"title":"Tunis : Participation de la Mauritanie \u00e0 la 5\u1d49 session du Comit\u00e9 technique sp\u00e9cialis\u00e9 de l'Union Africaine sur la fonction publique, les collectivit\u00e9s locales, le d\u00e9veloppement urbain et la d\u00e9centralisation - Le Quotidien de Nouakchott","robots":{"index":"index","follow":"follow","max-snippet":"max-snippet:-1","max-image-preview":"max-image-preview:large","max-video-preview":"max-video-preview:-1"},"canonical":"https:\/\/lequotidien.mr\/?p=23871&lang=fr","og_locale":"ar_AR","og_type":"article","og_title":"Tunis : Participation de la Mauritanie \u00e0 la 5\u1d49 session du Comit\u00e9 technique sp\u00e9cialis\u00e9 de l'Union Africaine sur la fonction publique, les collectivit\u00e9s locales, le d\u00e9veloppement urbain et la d\u00e9centralisation - Le Quotidien de Nouakchott","og_description":"Vendredi matin, le ministre mauritanien de la Fonction publique et du Travail, M. Mohamed Soueidatt, a pris part \u00e0 l&#8217;ouverture de la cinqui\u00e8me session ordinaire du Comit\u00e9 technique sp\u00e9cialis\u00e9 de l&#8217;Union africaine sur la fonction publique, les collectivit\u00e9s locales, le d\u00e9veloppement urbain et la d\u00e9centralisation. L&#8217;\u00e9v\u00e9nement, qui se d\u00e9roule dans la capitale tunisienne, rev\u00eat une.....","og_url":"https:\/\/lequotidien.mr\/?p=23871&lang=fr","og_site_name":"Le Quotidien de Nouakchott","article_publisher":"https:\/\/web.facebook.com\/lequotidienmr","article_published_time":"2024-12-21T12:16:58+00:00","og_image":[{"width":640,"height":370,"url":"https:\/\/lequotidien.mr\/wp-content\/uploads\/2024\/12\/photoSoueidattTunisie-ezgif.com-webp-to-jpg-converter.jpg","type":"image\/jpeg"}],"author":"Med Ahmed","twitter_card":"summary_large_image","twitter_creator":"@lequotidienmr","twitter_site":"@lequotidienmr","twitter_misc":{"\u0643\u064f\u062a\u0628 \u0628\u0648\u0627\u0633\u0637\u0629":"Med Ahmed","\u0648\u0642\u062a \u0627\u0644\u0642\u0631\u0627\u0621\u0629 \u0627\u0644\u0645\u064f\u0642\u062f\u0651\u0631":"3 \u062f\u0642\u0627\u0626\u0642"},"schema":{"@context":"https:\/\/schema.org","@graph":[{"@type":"Article","@id":"https:\/\/lequotidien.mr\/?p=23871&lang=fr#article","isPartOf":{"@id":"https:\/\/lequotidien.mr\/?p=23871&lang=fr"},"author":{"name":"Med Ahmed","@id":"https:\/\/lequotidien.mr\/#\/schema\/person\/d2d350202a4d599685ed8abc25f97596"},"headline":"Tunis : Participation de la Mauritanie \u00e0 la 5\u1d49 session du Comit\u00e9 technique sp\u00e9cialis\u00e9 de l&#8217;Union Africaine sur la fonction publique, les collectivit\u00e9s locales, le d\u00e9veloppement urbain et la d\u00e9centralisation","datePublished":"2024-12-21T12:16:58+00:00","mainEntityOfPage":{"@id":"https:\/\/lequotidien.mr\/?p=23871&lang=fr"},"wordCount":546,"commentCount":0,"publisher":{"@id":"https:\/\/lequotidien.mr\/#organization"},"image":{"@id":"https:\/\/lequotidien.mr\/?p=23871&lang=fr#primaryimage"},"thumbnailUrl":"https:\/\/lequotidien.mr\/wp-content\/uploads\/2024\/12\/photoSoueidattTunisie-ezgif.com-webp-to-jpg-converter.jpg","articleSection":["ACTUALIT\u00c9","Economie"],"inLanguage":"ar","potentialAction":[{"@type":"CommentAction","name":"Comment","target":["https:\/\/lequotidien.mr\/?p=23871&lang=fr#respond"]}]},{"@type":"WebPage","@id":"https:\/\/lequotidien.mr\/?p=23871&lang=fr","url":"https:\/\/lequotidien.mr\/?p=23871&lang=fr","name":"Tunis : Participation de la Mauritanie \u00e0 la 5\u1d49 session du Comit\u00e9 technique sp\u00e9cialis\u00e9 de l'Union Africaine sur la fonction publique, les collectivit\u00e9s locales, le d\u00e9veloppement urbain et la d\u00e9centralisation - Le Quotidien de Nouakchott","isPartOf":{"@id":"https:\/\/lequotidien.mr\/#website"},"primaryImageOfPage":{"@id":"https:\/\/lequotidien.mr\/?p=23871&lang=fr#primaryimage"},"image":{"@id":"https:\/\/lequotidien.mr\/?p=23871&lang=fr#primaryimage"},"thumbnailUrl":"https:\/\/lequotidien.mr\/wp-content\/uploads\/2024\/12\/photoSoueidattTunisie-ezgif.com-webp-to-jpg-converter.jpg","datePublished":"2024-12-21T12:16:58+00:00","breadcrumb":{"@id":"https:\/\/lequotidien.mr\/?p=23871&lang=fr#breadcrumb"},"inLanguage":"ar","potentialAction":[{"@type":"ReadAction","target":["https:\/\/lequotidien.mr\/?p=23871&lang=fr"]}]},{"@type":"ImageObject","inLanguage":"ar","@id":"https:\/\/lequotidien.mr\/?p=23871&lang=fr#primaryimage","url":"https:\/\/lequotidien.mr\/wp-content\/uploads\/2024\/12\/photoSoueidattTunisie-ezgif.com-webp-to-jpg-converter.jpg","contentUrl":"https:\/\/lequotidien.mr\/wp-content\/uploads\/2024\/12\/photoSoueidattTunisie-ezgif.com-webp-to-jpg-converter.jpg","width":640,"height":370,"caption":"JPG converted with https:\/\/ezgif.com\/webp-to-jpg"},{"@type":"BreadcrumbList","@id":"https:\/\/lequotidien.mr\/?p=23871&lang=fr#breadcrumb","itemListElement":[{"@type":"ListItem","position":1,"name":"Home","item":"https:\/\/lequotidien.mr\/"},{"@type":"ListItem","position":2,"name":"Tunis : Participation de la Mauritanie \u00e0 la 5\u1d49 session du Comit\u00e9 technique sp\u00e9cialis\u00e9 de l&#8217;Union Africaine sur la fonction publique, les collectivit\u00e9s locales, le d\u00e9veloppement urbain et la d\u00e9centralisation"}]},{"@type":"WebSite","@id":"https:\/\/lequotidien.mr\/#website","url":"https:\/\/lequotidien.mr\/","name":"Le Quotidien de Nouakchott","description":"\u0625\u062e\u0628\u0627\u0631\u064a\u0629 \u0645\u0633\u062a\u0642\u0644\u0629 \u0644\u0644\u0623\u0646\u0628\u0627\u0621 \u0627\u0644\u0639\u0627\u0645\u0629","publisher":{"@id":"https:\/\/lequotidien.mr\/#organization"},"potentialAction":[{"@type":"SearchAction","target":{"@type":"EntryPoint","urlTemplate":"https:\/\/lequotidien.mr\/?s={search_term_string}"},"query-input":{"@type":"PropertyValueSpecification","valueRequired":true,"valueName":"search_term_string"}}],"inLanguage":"ar"},{"@type":"Organization","@id":"https:\/\/lequotidien.mr\/#organization","name":"Le Quotidien de Nouakchott","url":"https:\/\/lequotidien.mr\/","logo":{"@type":"ImageObject","inLanguage":"ar","@id":"https:\/\/lequotidien.mr\/#\/schema\/logo\/image\/","url":"https:\/\/lequotidien.mr\/wp-content\/uploads\/2022\/11\/logolequotidien.jpg","contentUrl":"https:\/\/lequotidien.mr\/wp-content\/uploads\/2022\/11\/logolequotidien.jpg","width":290,"height":65,"caption":"Le Quotidien de Nouakchott"},"image":{"@id":"https:\/\/lequotidien.mr\/#\/schema\/logo\/image\/"},"sameAs":["https:\/\/web.facebook.com\/lequotidienmr","https:\/\/x.com\/lequotidienmr"]},{"@type":"Person","@id":"https:\/\/lequotidien.mr\/#\/schema\/person\/d2d350202a4d599685ed8abc25f97596","name":"Med Ahmed","image":{"@type":"ImageObject","inLanguage":"ar","@id":"https:\/\/secure.gravatar.com\/avatar\/fd2acc62ed50732923d1d39c17172c9b04149f142be92310ecc69e1358f94b52?s=96&d=mm&r=g","url":"https:\/\/secure.gravatar.com\/avatar\/fd2acc62ed50732923d1d39c17172c9b04149f142be92310ecc69e1358f94b52?s=96&d=mm&r=g","contentUrl":"https:\/\/secure.gravatar.com\/avatar\/fd2acc62ed50732923d1d39c17172c9b04149f142be92310ecc69e1358f94b52?s=96&d=mm&r=g","caption":"Med Ahmed"},"url":"https:\/\/lequotidien.mr\/?author=12"}]}},"_links":{"self":[{"href":"https:\/\/lequotidien.mr\/index.php?rest_route=\/wp\/v2\/posts\/23871","targetHints":{"allow":["GET"]}}],"collection":[{"href":"https:\/\/lequotidien.mr\/index.php?rest_route=\/wp\/v2\/posts"}],"about":[{"href":"https:\/\/lequotidien.mr\/index.php?rest_route=\/wp\/v2\/types\/post"}],"author":[{"embeddable":true,"href":"https:\/\/lequotidien.mr\/index.php?rest_route=\/wp\/v2\/users\/12"}],"replies":[{"embeddable":true,"href":"https:\/\/lequotidien.mr\/index.php?rest_route=%2Fwp%2Fv2%2Fcomments&post=23871"}],"version-history":[{"count":1,"href":"https:\/\/lequotidien.mr\/index.php?rest_route=\/wp\/v2\/posts\/23871\/revisions"}],"predecessor-version":[{"id":23873,"href":"https:\/\/lequotidien.mr\/index.php?rest_route=\/wp\/v2\/posts\/23871\/revisions\/23873"}],"wp:featuredmedia":[{"embeddable":true,"href":"https:\/\/lequotidien.mr\/index.php?rest_route=\/wp\/v2\/media\/23872"}],"wp:attachment":[{"href":"https:\/\/lequotidien.mr\/index.php?rest_route=%2Fwp%2Fv2%2Fmedia&parent=23871"}],"wp:term":[{"taxonomy":"category","embeddable":true,"href":"https:\/\/lequotidien.mr\/index.php?rest_route=%2Fwp%2Fv2%2Fcategories&post=23871"},{"taxonomy":"post_tag","embeddable":true,"href":"https:\/\/lequotidien.mr\/index.php?rest_route=%2Fwp%2Fv2%2Ftags&post=23871"}],"curies":[{"name":"wp","href":"https:\/\/api.w.org\/{rel}","templated":true}]}}