{"id":23841,"date":"2024-12-20T11:43:38","date_gmt":"2024-12-20T11:43:38","guid":{"rendered":"https:\/\/lequotidien.mr\/?p=23841"},"modified":"2024-12-20T11:43:38","modified_gmt":"2024-12-20T11:43:38","slug":"perspectives-prometteuses-pour-lhydrogene-vert-en-mauritanie-un-partenariat-strategique-avec-lunion-europeenne","status":"publish","type":"post","link":"https:\/\/lequotidien.mr\/?p=23841&lang=fr","title":{"rendered":"Perspectives prometteuses pour l\u2019hydrog\u00e8ne vert en Mauritanie : un partenariat strat\u00e9gique avec l\u2019Union europ\u00e9enne"},"content":{"rendered":"<p>La Mauritanie, sous la houlette de son ministre de l\u2019\u00c9nergie et du P\u00e9trole, M. Mohamed Ould Khaled, a franchi une nouvelle \u00e9tape dans sa qu\u00eate de leadership en mati\u00e8re de transition \u00e9nerg\u00e9tique. Lors d\u2019une r\u00e9union tenue ce jeudi \u00e0 Nouakchott avec une d\u00e9l\u00e9gation de haut niveau de l\u2019Union europ\u00e9enne (UE), conduite par le Commissaire aux Partenariats Internationaux, M. Jozef Sikela, les deux parties ont explor\u00e9 les moyens de renforcer leur coop\u00e9ration dans le domaine de l\u2019\u00e9nergie et, en particulier, de l\u2019hydrog\u00e8ne vert.<\/p>\n<p><strong>Un cadre l\u00e9gal et des infrastructures en d\u00e9veloppement<\/strong><\/p>\n<p>Le ministre a mis en avant les initiatives entreprises par la Mauritanie pour devenir un acteur cl\u00e9 dans la production d\u2019hydrog\u00e8ne vert. Ces efforts incluent l\u2019\u00e9laboration d\u2019un cadre juridique et r\u00e9glementaire attractif pour les investisseurs, ainsi que la mise en place d\u2019infrastructures strat\u00e9giques telles que le projet de ligne \u00e0 haute tension reliant Nouakchott \u00e0 N\u00e9ma. En outre, il a soulign\u00e9 l\u2019int\u00e9r\u00eat pour le d\u00e9veloppement d\u2019une industrie durable, notamment \u00e0 travers des projets de production d\u2019acier vert, un secteur en plein essor \u00e0 l\u2019\u00e9chelle mondiale.<\/p>\n<p>Selon M. Ould Khaled, ces initiatives s\u2019inscrivent dans une vision globale de diversification \u00e9conomique et de lutte contre le changement climatique, des priorit\u00e9s communes partag\u00e9es avec l\u2019Union europ\u00e9enne. \u00ab Les relations entre la Mauritanie et l\u2019UE ont toujours repos\u00e9 sur le respect mutuel et une vision commune du d\u00e9veloppement durable. Aujourd\u2019hui, ce partenariat strat\u00e9gique prend une importance accrue face aux d\u00e9fis mondiaux li\u00e9s \u00e0 la transition \u00e9nerg\u00e9tique \u00bb, a-t-il d\u00e9clar\u00e9.<\/p>\n<p><strong>Le soutien de l\u2019Union europ\u00e9enne<\/strong><\/p>\n<p>Pour sa part, le Commissaire Jozef Sikela a exprim\u00e9 la volont\u00e9 de l\u2019Union europ\u00e9enne de soutenir les efforts mauritaniens, mettant en avant le potentiel exceptionnel du pays dans le domaine des \u00e9nergies renouvelables. Il a rappel\u00e9 les pr\u00e9c\u00e9dentes visites de haut niveau, dont celle de la pr\u00e9sidente de la Commission europ\u00e9enne l\u2019ann\u00e9e derni\u00e8re, ainsi que l\u2019int\u00e9r\u00eat manifest\u00e9 par plusieurs entreprises priv\u00e9es europ\u00e9ennes pour investir dans ce secteur.<\/p>\n<p>\u00ab La Mauritanie b\u00e9n\u00e9ficie de conditions uniques de paix et de stabilit\u00e9, ce qui en fait un lieu id\u00e9al pour accueillir des projets ambitieux en mati\u00e8re d\u2019\u00e9nergie propre \u00bb, a affirm\u00e9 M. Sikela. Cette stabilit\u00e9, combin\u00e9e \u00e0 un cadre juridique attractif, renforce l\u2019attrait de la Mauritanie pour les investisseurs europ\u00e9ens et internationaux.<\/p>\n<p><strong>Une vision pour l\u2019avenir<\/strong><\/p>\n<p>Le pr\u00e9sident mauritanien, M. Mohamed Ould Cheikh El Ghazouani, a r\u00e9cemment fait adopter par son gouvernement une loi visant \u00e0 encourager les investissements priv\u00e9s. Ce texte s\u2019inscrit dans une politique plus large visant \u00e0 transformer la Mauritanie en un hub r\u00e9gional pour l\u2019\u00e9nergie verte, tout en poursuivant des objectifs strat\u00e9giques comme la cr\u00e9ation d\u2019emplois, la r\u00e9duction des \u00e9missions de carbone et la promotion d\u2019un d\u00e9veloppement \u00e9conomique inclusif.<\/p>\n<p>Avec le soutien de l\u2019Union europ\u00e9enne, la Mauritanie semble bien plac\u00e9e pour tirer parti des opportunit\u00e9s offertes par l\u2019hydrog\u00e8ne vert et les \u00e9nergies renouvelables. Ce partenariat strat\u00e9gique marque une \u00e9tape importante pour le pays, ouvrant la voie \u00e0 des collaborations prometteuses et \u00e0 une int\u00e9gration plus forte dans l\u2019\u00e9conomie verte mondiale.<\/p>\n<p>Ainsi, le d\u00e9veloppement de l\u2019hydrog\u00e8ne vert pourrait bien devenir un levier cl\u00e9 pour la transformation \u00e9conomique et \u00e9cologique de la Mauritanie, tout en renfor\u00e7ant ses liens avec ses partenaires internationaux.<\/p>\n<p>&nbsp;<\/p>\n","protected":false},"excerpt":{"rendered":"<p>La Mauritanie, sous la houlette de son ministre de l\u2019\u00c9nergie et du P\u00e9trole, M. Mohamed Ould Khaled, a franchi une nouvelle \u00e9tape dans sa qu\u00eate de leadership en mati\u00e8re de transition \u00e9nerg\u00e9tique. Lors d\u2019une r\u00e9union tenue ce jeudi \u00e0 Nouakchott avec une d\u00e9l\u00e9gation de haut niveau de l\u2019Union europ\u00e9enne (UE), conduite par le Commissaire aux&#8230;..<\/p>\n","protected":false},"author":4,"featured_media":23842,"comment_status":"open","ping_status":"open","sticky":false,"template":"","format":"standard","meta":{"footnotes":""},"categories":[23,49],"tags":[],"class_list":["post-23841","post","type-post","status-publish","format-standard","has-post-thumbnail","hentry","category-actualite","category-economie"],"yoast_head":"<!-- This site is optimized with the Yoast SEO plugin v27.5 - https:\/\/yoast.com\/product\/yoast-seo-wordpress\/ -->\n<title>Perspectives prometteuses pour l\u2019hydrog\u00e8ne vert en Mauritanie : un partenariat strat\u00e9gique avec l\u2019Union europ\u00e9enne - Le Quotidien de Nouakchott<\/title>\n<meta name=\"robots\" content=\"index, follow, max-snippet:-1, max-image-preview:large, max-video-preview:-1\" \/>\n<link rel=\"canonical\" href=\"https:\/\/lequotidien.mr\/?p=23841&lang=fr\" \/>\n<meta property=\"og:locale\" content=\"ar_AR\" \/>\n<meta property=\"og:type\" content=\"article\" \/>\n<meta property=\"og:title\" content=\"Perspectives prometteuses pour l\u2019hydrog\u00e8ne vert en Mauritanie : un partenariat strat\u00e9gique avec l\u2019Union europ\u00e9enne - Le Quotidien de Nouakchott\" \/>\n<meta property=\"og:description\" content=\"La Mauritanie, sous la houlette de son ministre de l\u2019\u00c9nergie et du P\u00e9trole, M. Mohamed Ould Khaled, a franchi une nouvelle \u00e9tape dans sa qu\u00eate de leadership en mati\u00e8re de transition \u00e9nerg\u00e9tique. Lors d\u2019une r\u00e9union tenue ce jeudi \u00e0 Nouakchott avec une d\u00e9l\u00e9gation de haut niveau de l\u2019Union europ\u00e9enne (UE), conduite par le Commissaire aux.....\" \/>\n<meta property=\"og:url\" content=\"https:\/\/lequotidien.mr\/?p=23841&amp;lang=fr\" \/>\n<meta property=\"og:site_name\" content=\"Le Quotidien de Nouakchott\" \/>\n<meta property=\"article:publisher\" content=\"https:\/\/web.facebook.com\/lequotidienmr\" \/>\n<meta property=\"article:published_time\" content=\"2024-12-20T11:43:38+00:00\" \/>\n<meta property=\"og:image\" content=\"https:\/\/lequotidien.mr\/wp-content\/uploads\/2024\/12\/19-12-2024-s005-750x430-1.jpg\" \/>\n\t<meta property=\"og:image:width\" content=\"750\" \/>\n\t<meta property=\"og:image:height\" content=\"430\" \/>\n\t<meta property=\"og:image:type\" content=\"image\/jpeg\" \/>\n<meta name=\"author\" content=\"Le Quotidien\" \/>\n<meta name=\"twitter:card\" content=\"summary_large_image\" \/>\n<meta name=\"twitter:creator\" content=\"@lequotidienmr\" \/>\n<meta name=\"twitter:site\" content=\"@lequotidienmr\" \/>\n<meta name=\"twitter:label1\" content=\"\u0643\u064f\u062a\u0628 \u0628\u0648\u0627\u0633\u0637\u0629\" \/>\n\t<meta name=\"twitter:data1\" content=\"Le Quotidien\" \/>\n\t<meta name=\"twitter:label2\" content=\"\u0648\u0642\u062a \u0627\u0644\u0642\u0631\u0627\u0621\u0629 \u0627\u0644\u0645\u064f\u0642\u062f\u0651\u0631\" \/>\n\t<meta name=\"twitter:data2\" content=\"3 \u062f\u0642\u0627\u0626\u0642\" \/>\n<script type=\"application\/ld+json\" class=\"yoast-schema-graph\">{\"@context\":\"https:\\\/\\\/schema.org\",\"@graph\":[{\"@type\":\"Article\",\"@id\":\"https:\\\/\\\/lequotidien.mr\\\/?p=23841&lang=fr#article\",\"isPartOf\":{\"@id\":\"https:\\\/\\\/lequotidien.mr\\\/?p=23841&lang=fr\"},\"author\":{\"name\":\"Le Quotidien\",\"@id\":\"https:\\\/\\\/lequotidien.mr\\\/#\\\/schema\\\/person\\\/f90fcdaa970c60288de4ed2e64a56472\"},\"headline\":\"Perspectives prometteuses pour l\u2019hydrog\u00e8ne vert en Mauritanie : un partenariat strat\u00e9gique avec l\u2019Union europ\u00e9enne\",\"datePublished\":\"2024-12-20T11:43:38+00:00\",\"mainEntityOfPage\":{\"@id\":\"https:\\\/\\\/lequotidien.mr\\\/?p=23841&lang=fr\"},\"wordCount\":620,\"commentCount\":0,\"publisher\":{\"@id\":\"https:\\\/\\\/lequotidien.mr\\\/#organization\"},\"image\":{\"@id\":\"https:\\\/\\\/lequotidien.mr\\\/?p=23841&lang=fr#primaryimage\"},\"thumbnailUrl\":\"https:\\\/\\\/lequotidien.mr\\\/wp-content\\\/uploads\\\/2024\\\/12\\\/19-12-2024-s005-750x430-1.jpg\",\"articleSection\":[\"ACTUALIT\u00c9\",\"Economie\"],\"inLanguage\":\"ar\",\"potentialAction\":[{\"@type\":\"CommentAction\",\"name\":\"Comment\",\"target\":[\"https:\\\/\\\/lequotidien.mr\\\/?p=23841&lang=fr#respond\"]}]},{\"@type\":\"WebPage\",\"@id\":\"https:\\\/\\\/lequotidien.mr\\\/?p=23841&lang=fr\",\"url\":\"https:\\\/\\\/lequotidien.mr\\\/?p=23841&lang=fr\",\"name\":\"Perspectives prometteuses pour l\u2019hydrog\u00e8ne vert en Mauritanie : un partenariat strat\u00e9gique avec l\u2019Union europ\u00e9enne - Le Quotidien de Nouakchott\",\"isPartOf\":{\"@id\":\"https:\\\/\\\/lequotidien.mr\\\/#website\"},\"primaryImageOfPage\":{\"@id\":\"https:\\\/\\\/lequotidien.mr\\\/?p=23841&lang=fr#primaryimage\"},\"image\":{\"@id\":\"https:\\\/\\\/lequotidien.mr\\\/?p=23841&lang=fr#primaryimage\"},\"thumbnailUrl\":\"https:\\\/\\\/lequotidien.mr\\\/wp-content\\\/uploads\\\/2024\\\/12\\\/19-12-2024-s005-750x430-1.jpg\",\"datePublished\":\"2024-12-20T11:43:38+00:00\",\"breadcrumb\":{\"@id\":\"https:\\\/\\\/lequotidien.mr\\\/?p=23841&lang=fr#breadcrumb\"},\"inLanguage\":\"ar\",\"potentialAction\":[{\"@type\":\"ReadAction\",\"target\":[\"https:\\\/\\\/lequotidien.mr\\\/?p=23841&lang=fr\"]}]},{\"@type\":\"ImageObject\",\"inLanguage\":\"ar\",\"@id\":\"https:\\\/\\\/lequotidien.mr\\\/?p=23841&lang=fr#primaryimage\",\"url\":\"https:\\\/\\\/lequotidien.mr\\\/wp-content\\\/uploads\\\/2024\\\/12\\\/19-12-2024-s005-750x430-1.jpg\",\"contentUrl\":\"https:\\\/\\\/lequotidien.mr\\\/wp-content\\\/uploads\\\/2024\\\/12\\\/19-12-2024-s005-750x430-1.jpg\",\"width\":750,\"height\":430},{\"@type\":\"BreadcrumbList\",\"@id\":\"https:\\\/\\\/lequotidien.mr\\\/?p=23841&lang=fr#breadcrumb\",\"itemListElement\":[{\"@type\":\"ListItem\",\"position\":1,\"name\":\"Home\",\"item\":\"https:\\\/\\\/lequotidien.mr\\\/\"},{\"@type\":\"ListItem\",\"position\":2,\"name\":\"Perspectives prometteuses pour l\u2019hydrog\u00e8ne vert en Mauritanie : un partenariat strat\u00e9gique avec l\u2019Union europ\u00e9enne\"}]},{\"@type\":\"WebSite\",\"@id\":\"https:\\\/\\\/lequotidien.mr\\\/#website\",\"url\":\"https:\\\/\\\/lequotidien.mr\\\/\",\"name\":\"Le Quotidien de Nouakchott\",\"description\":\"\u0625\u062e\u0628\u0627\u0631\u064a\u0629 \u0645\u0633\u062a\u0642\u0644\u0629 \u0644\u0644\u0623\u0646\u0628\u0627\u0621 \u0627\u0644\u0639\u0627\u0645\u0629\",\"publisher\":{\"@id\":\"https:\\\/\\\/lequotidien.mr\\\/#organization\"},\"potentialAction\":[{\"@type\":\"SearchAction\",\"target\":{\"@type\":\"EntryPoint\",\"urlTemplate\":\"https:\\\/\\\/lequotidien.mr\\\/?s={search_term_string}\"},\"query-input\":{\"@type\":\"PropertyValueSpecification\",\"valueRequired\":true,\"valueName\":\"search_term_string\"}}],\"inLanguage\":\"ar\"},{\"@type\":\"Organization\",\"@id\":\"https:\\\/\\\/lequotidien.mr\\\/#organization\",\"name\":\"Le Quotidien de Nouakchott\",\"url\":\"https:\\\/\\\/lequotidien.mr\\\/\",\"logo\":{\"@type\":\"ImageObject\",\"inLanguage\":\"ar\",\"@id\":\"https:\\\/\\\/lequotidien.mr\\\/#\\\/schema\\\/logo\\\/image\\\/\",\"url\":\"https:\\\/\\\/lequotidien.mr\\\/wp-content\\\/uploads\\\/2022\\\/11\\\/logolequotidien.jpg\",\"contentUrl\":\"https:\\\/\\\/lequotidien.mr\\\/wp-content\\\/uploads\\\/2022\\\/11\\\/logolequotidien.jpg\",\"width\":290,\"height\":65,\"caption\":\"Le Quotidien de Nouakchott\"},\"image\":{\"@id\":\"https:\\\/\\\/lequotidien.mr\\\/#\\\/schema\\\/logo\\\/image\\\/\"},\"sameAs\":[\"https:\\\/\\\/web.facebook.com\\\/lequotidienmr\",\"https:\\\/\\\/x.com\\\/lequotidienmr\"]},{\"@type\":\"Person\",\"@id\":\"https:\\\/\\\/lequotidien.mr\\\/#\\\/schema\\\/person\\\/f90fcdaa970c60288de4ed2e64a56472\",\"name\":\"Le Quotidien\",\"image\":{\"@type\":\"ImageObject\",\"inLanguage\":\"ar\",\"@id\":\"https:\\\/\\\/secure.gravatar.com\\\/avatar\\\/374cb39a1a458a912465a93e5a3ce6546886fc3da809a1f10c63e4e8fcbca30f?s=96&d=mm&r=g\",\"url\":\"https:\\\/\\\/secure.gravatar.com\\\/avatar\\\/374cb39a1a458a912465a93e5a3ce6546886fc3da809a1f10c63e4e8fcbca30f?s=96&d=mm&r=g\",\"contentUrl\":\"https:\\\/\\\/secure.gravatar.com\\\/avatar\\\/374cb39a1a458a912465a93e5a3ce6546886fc3da809a1f10c63e4e8fcbca30f?s=96&d=mm&r=g\",\"caption\":\"Le Quotidien\"},\"sameAs\":[\"https:\\\/\\\/lequotidien.mr\\\/\"],\"url\":\"https:\\\/\\\/lequotidien.mr\\\/?author=4\"}]}<\/script>\n<!-- \/ Yoast SEO plugin. -->","yoast_head_json":{"title":"Perspectives prometteuses pour l\u2019hydrog\u00e8ne vert en Mauritanie : un partenariat strat\u00e9gique avec l\u2019Union europ\u00e9enne - Le Quotidien de Nouakchott","robots":{"index":"index","follow":"follow","max-snippet":"max-snippet:-1","max-image-preview":"max-image-preview:large","max-video-preview":"max-video-preview:-1"},"canonical":"https:\/\/lequotidien.mr\/?p=23841&lang=fr","og_locale":"ar_AR","og_type":"article","og_title":"Perspectives prometteuses pour l\u2019hydrog\u00e8ne vert en Mauritanie : un partenariat strat\u00e9gique avec l\u2019Union europ\u00e9enne - Le Quotidien de Nouakchott","og_description":"La Mauritanie, sous la houlette de son ministre de l\u2019\u00c9nergie et du P\u00e9trole, M. Mohamed Ould Khaled, a franchi une nouvelle \u00e9tape dans sa qu\u00eate de leadership en mati\u00e8re de transition \u00e9nerg\u00e9tique. Lors d\u2019une r\u00e9union tenue ce jeudi \u00e0 Nouakchott avec une d\u00e9l\u00e9gation de haut niveau de l\u2019Union europ\u00e9enne (UE), conduite par le Commissaire aux.....","og_url":"https:\/\/lequotidien.mr\/?p=23841&lang=fr","og_site_name":"Le Quotidien de Nouakchott","article_publisher":"https:\/\/web.facebook.com\/lequotidienmr","article_published_time":"2024-12-20T11:43:38+00:00","og_image":[{"width":750,"height":430,"url":"https:\/\/lequotidien.mr\/wp-content\/uploads\/2024\/12\/19-12-2024-s005-750x430-1.jpg","type":"image\/jpeg"}],"author":"Le Quotidien","twitter_card":"summary_large_image","twitter_creator":"@lequotidienmr","twitter_site":"@lequotidienmr","twitter_misc":{"\u0643\u064f\u062a\u0628 \u0628\u0648\u0627\u0633\u0637\u0629":"Le Quotidien","\u0648\u0642\u062a \u0627\u0644\u0642\u0631\u0627\u0621\u0629 \u0627\u0644\u0645\u064f\u0642\u062f\u0651\u0631":"3 \u062f\u0642\u0627\u0626\u0642"},"schema":{"@context":"https:\/\/schema.org","@graph":[{"@type":"Article","@id":"https:\/\/lequotidien.mr\/?p=23841&lang=fr#article","isPartOf":{"@id":"https:\/\/lequotidien.mr\/?p=23841&lang=fr"},"author":{"name":"Le Quotidien","@id":"https:\/\/lequotidien.mr\/#\/schema\/person\/f90fcdaa970c60288de4ed2e64a56472"},"headline":"Perspectives prometteuses pour l\u2019hydrog\u00e8ne vert en Mauritanie : un partenariat strat\u00e9gique avec l\u2019Union europ\u00e9enne","datePublished":"2024-12-20T11:43:38+00:00","mainEntityOfPage":{"@id":"https:\/\/lequotidien.mr\/?p=23841&lang=fr"},"wordCount":620,"commentCount":0,"publisher":{"@id":"https:\/\/lequotidien.mr\/#organization"},"image":{"@id":"https:\/\/lequotidien.mr\/?p=23841&lang=fr#primaryimage"},"thumbnailUrl":"https:\/\/lequotidien.mr\/wp-content\/uploads\/2024\/12\/19-12-2024-s005-750x430-1.jpg","articleSection":["ACTUALIT\u00c9","Economie"],"inLanguage":"ar","potentialAction":[{"@type":"CommentAction","name":"Comment","target":["https:\/\/lequotidien.mr\/?p=23841&lang=fr#respond"]}]},{"@type":"WebPage","@id":"https:\/\/lequotidien.mr\/?p=23841&lang=fr","url":"https:\/\/lequotidien.mr\/?p=23841&lang=fr","name":"Perspectives prometteuses pour l\u2019hydrog\u00e8ne vert en Mauritanie : un partenariat strat\u00e9gique avec l\u2019Union europ\u00e9enne - Le Quotidien de Nouakchott","isPartOf":{"@id":"https:\/\/lequotidien.mr\/#website"},"primaryImageOfPage":{"@id":"https:\/\/lequotidien.mr\/?p=23841&lang=fr#primaryimage"},"image":{"@id":"https:\/\/lequotidien.mr\/?p=23841&lang=fr#primaryimage"},"thumbnailUrl":"https:\/\/lequotidien.mr\/wp-content\/uploads\/2024\/12\/19-12-2024-s005-750x430-1.jpg","datePublished":"2024-12-20T11:43:38+00:00","breadcrumb":{"@id":"https:\/\/lequotidien.mr\/?p=23841&lang=fr#breadcrumb"},"inLanguage":"ar","potentialAction":[{"@type":"ReadAction","target":["https:\/\/lequotidien.mr\/?p=23841&lang=fr"]}]},{"@type":"ImageObject","inLanguage":"ar","@id":"https:\/\/lequotidien.mr\/?p=23841&lang=fr#primaryimage","url":"https:\/\/lequotidien.mr\/wp-content\/uploads\/2024\/12\/19-12-2024-s005-750x430-1.jpg","contentUrl":"https:\/\/lequotidien.mr\/wp-content\/uploads\/2024\/12\/19-12-2024-s005-750x430-1.jpg","width":750,"height":430},{"@type":"BreadcrumbList","@id":"https:\/\/lequotidien.mr\/?p=23841&lang=fr#breadcrumb","itemListElement":[{"@type":"ListItem","position":1,"name":"Home","item":"https:\/\/lequotidien.mr\/"},{"@type":"ListItem","position":2,"name":"Perspectives prometteuses pour l\u2019hydrog\u00e8ne vert en Mauritanie : un partenariat strat\u00e9gique avec l\u2019Union europ\u00e9enne"}]},{"@type":"WebSite","@id":"https:\/\/lequotidien.mr\/#website","url":"https:\/\/lequotidien.mr\/","name":"Le Quotidien de Nouakchott","description":"\u0625\u062e\u0628\u0627\u0631\u064a\u0629 \u0645\u0633\u062a\u0642\u0644\u0629 \u0644\u0644\u0623\u0646\u0628\u0627\u0621 \u0627\u0644\u0639\u0627\u0645\u0629","publisher":{"@id":"https:\/\/lequotidien.mr\/#organization"},"potentialAction":[{"@type":"SearchAction","target":{"@type":"EntryPoint","urlTemplate":"https:\/\/lequotidien.mr\/?s={search_term_string}"},"query-input":{"@type":"PropertyValueSpecification","valueRequired":true,"valueName":"search_term_string"}}],"inLanguage":"ar"},{"@type":"Organization","@id":"https:\/\/lequotidien.mr\/#organization","name":"Le Quotidien de Nouakchott","url":"https:\/\/lequotidien.mr\/","logo":{"@type":"ImageObject","inLanguage":"ar","@id":"https:\/\/lequotidien.mr\/#\/schema\/logo\/image\/","url":"https:\/\/lequotidien.mr\/wp-content\/uploads\/2022\/11\/logolequotidien.jpg","contentUrl":"https:\/\/lequotidien.mr\/wp-content\/uploads\/2022\/11\/logolequotidien.jpg","width":290,"height":65,"caption":"Le Quotidien de Nouakchott"},"image":{"@id":"https:\/\/lequotidien.mr\/#\/schema\/logo\/image\/"},"sameAs":["https:\/\/web.facebook.com\/lequotidienmr","https:\/\/x.com\/lequotidienmr"]},{"@type":"Person","@id":"https:\/\/lequotidien.mr\/#\/schema\/person\/f90fcdaa970c60288de4ed2e64a56472","name":"Le Quotidien","image":{"@type":"ImageObject","inLanguage":"ar","@id":"https:\/\/secure.gravatar.com\/avatar\/374cb39a1a458a912465a93e5a3ce6546886fc3da809a1f10c63e4e8fcbca30f?s=96&d=mm&r=g","url":"https:\/\/secure.gravatar.com\/avatar\/374cb39a1a458a912465a93e5a3ce6546886fc3da809a1f10c63e4e8fcbca30f?s=96&d=mm&r=g","contentUrl":"https:\/\/secure.gravatar.com\/avatar\/374cb39a1a458a912465a93e5a3ce6546886fc3da809a1f10c63e4e8fcbca30f?s=96&d=mm&r=g","caption":"Le Quotidien"},"sameAs":["https:\/\/lequotidien.mr\/"],"url":"https:\/\/lequotidien.mr\/?author=4"}]}},"_links":{"self":[{"href":"https:\/\/lequotidien.mr\/index.php?rest_route=\/wp\/v2\/posts\/23841","targetHints":{"allow":["GET"]}}],"collection":[{"href":"https:\/\/lequotidien.mr\/index.php?rest_route=\/wp\/v2\/posts"}],"about":[{"href":"https:\/\/lequotidien.mr\/index.php?rest_route=\/wp\/v2\/types\/post"}],"author":[{"embeddable":true,"href":"https:\/\/lequotidien.mr\/index.php?rest_route=\/wp\/v2\/users\/4"}],"replies":[{"embeddable":true,"href":"https:\/\/lequotidien.mr\/index.php?rest_route=%2Fwp%2Fv2%2Fcomments&post=23841"}],"version-history":[{"count":1,"href":"https:\/\/lequotidien.mr\/index.php?rest_route=\/wp\/v2\/posts\/23841\/revisions"}],"predecessor-version":[{"id":23843,"href":"https:\/\/lequotidien.mr\/index.php?rest_route=\/wp\/v2\/posts\/23841\/revisions\/23843"}],"wp:featuredmedia":[{"embeddable":true,"href":"https:\/\/lequotidien.mr\/index.php?rest_route=\/wp\/v2\/media\/23842"}],"wp:attachment":[{"href":"https:\/\/lequotidien.mr\/index.php?rest_route=%2Fwp%2Fv2%2Fmedia&parent=23841"}],"wp:term":[{"taxonomy":"category","embeddable":true,"href":"https:\/\/lequotidien.mr\/index.php?rest_route=%2Fwp%2Fv2%2Fcategories&post=23841"},{"taxonomy":"post_tag","embeddable":true,"href":"https:\/\/lequotidien.mr\/index.php?rest_route=%2Fwp%2Fv2%2Ftags&post=23841"}],"curies":[{"name":"wp","href":"https:\/\/api.w.org\/{rel}","templated":true}]}}