{"id":23801,"date":"2024-12-19T09:29:26","date_gmt":"2024-12-19T09:29:26","guid":{"rendered":"https:\/\/lequotidien.mr\/?p=23801"},"modified":"2024-12-19T09:29:26","modified_gmt":"2024-12-19T09:29:26","slug":"reunion-president-de-la-republique-delegation-de-lunion-europeenne-la-mauritanie-se-positionne-comme-un-acteur-majeur-dans-la-transition-energetique-et-les-energies-propres","status":"publish","type":"post","link":"https:\/\/lequotidien.mr\/?p=23801&lang=fr","title":{"rendered":"R\u00e9union Pr\u00e9sident de la R\u00e9publique\/d\u00e9l\u00e9gation de l\u2019Union europ\u00e9enne : \u00ab la Mauritanie se positionne comme un acteur majeur dans la transition \u00e9nerg\u00e9tique et les \u00e9nergies propres \u00bb"},"content":{"rendered":"<p>Mercredi, au Palais pr\u00e9sidentiel de Nouakchott, le Pr\u00e9sident de la R\u00e9publique et Pr\u00e9sident de l&#8217;Union africaine, <strong>Mohamed Cheikh El Ghazouani<\/strong>, a re\u00e7u une d\u00e9l\u00e9gation de haut niveau de l&#8217;Union europ\u00e9enne (UE), dirig\u00e9e par <strong>M. Joseph Sekela<\/strong>, Commissaire europ\u00e9en aux partenariats internationaux. Cette rencontre, marqu\u00e9e par des discussions riches et strat\u00e9giques, s&#8217;inscrit dans la volont\u00e9 de consolider et de diversifier les relations entre la Mauritanie et l&#8217;Union europ\u00e9enne.<\/p>\n<p>La d\u00e9l\u00e9gation europ\u00e9enne comprenait \u00e9galement <strong>M. Ronald Sword<\/strong>, chef de cabinet adjoint du Commissaire, <strong>M. Matthieu Prince<\/strong>, directeur g\u00e9n\u00e9ral adjoint pour l&#8217;Afrique, et <strong>M. Joaquin Tasso Villa-Longa<\/strong>, ambassadeur de la D\u00e9l\u00e9gation de l&#8217;UE en Mauritanie.<\/p>\n<p>Les \u00e9changes ont port\u00e9 sur les opportunit\u00e9s de partenariat et les perspectives de coop\u00e9ration, avec un accent particulier sur les moyens de renforcer ces relations dans l&#8217;avenir. La r\u00e9union a permis d&#8217;aborder des domaines cl\u00e9s de collaboration, essentiels pour le d\u00e9veloppement \u00e9conomique et social de la Mauritanie.<\/p>\n<p>\u00c0 l&#8217;issue de l&#8217;entretien, M. Joseph Sekela a exprim\u00e9 ses remerciements sinc\u00e8res au Pr\u00e9sident Mohamed Cheikh El Ghazouani pour l&#8217;accueil chaleureux et l&#8217;ouverture des discussions.<\/p>\n<p>Il a pr\u00e9cis\u00e9 que cette mission en Mauritanie, la premi\u00e8re depuis sa nomination, rev\u00eatait une importance particuli\u00e8re. <strong>\u00ab<\/strong> La Mauritanie, par son positionnement strat\u00e9gique en Afrique et plus sp\u00e9cifiquement dans la r\u00e9gion du Sahel, constitue un partenaire incontournable pour l&#8217;Union europ\u00e9enne <strong>\u00bb,<\/strong> a-t-il d\u00e9clar\u00e9.<\/p>\n<p>Le Commissaire europ\u00e9en a mis en lumi\u00e8re plusieurs secteurs strat\u00e9giques qui serviront de piliers \u00e0 la coop\u00e9ration entre l&#8217;UE et la Mauritanie :<\/p>\n<p><strong>-La num\u00e9risation et les infrastructures maritimes<\/strong> : Ces domaines permettront de cr\u00e9er des emplois et de renforcer le d\u00e9veloppement local\u00a0;<\/p>\n<p><strong>-La p\u00eache et la s\u00e9curit\u00e9 alimentaire<\/strong> : En tant que nation c\u00f4ti\u00e8re riche en ressources marines, la Mauritanie est un partenaire cl\u00e9 pour garantir une p\u00eache durable et am\u00e9liorer la s\u00e9curit\u00e9 alimentaire.<\/p>\n<p><strong>-Les \u00e9nergies renouvelables et l&#8217;hydrog\u00e8ne vert<\/strong> : Gr\u00e2ce \u00e0 son potentiel naturel, la Mauritanie se positionne comme un acteur majeur dans la transition \u00e9nerg\u00e9tique et les \u00e9nergies propres.<\/p>\n<p>Le fonctionnaire europ\u00e9en a soulign\u00e9 que la Mauritanie repr\u00e9sente pour l&#8217;Union europ\u00e9enne un partenaire fiable, avec qui une coop\u00e9ration mutuellement b\u00e9n\u00e9fique est non seulement possible, mais essentielle pour relever les d\u00e9fis actuels.<\/p>\n<p>Ceci a vu la participation de <strong>M. Sid&#8217;Ahmed Bouh<\/strong>, ministre de l&#8217;\u00c9conomie et des Finances, et de <strong>M. Mohamed Mahmoud Brahim Khlil<\/strong>, ambassadeur de la Mauritanie \u00e0 Bruxelles, qui ont contribu\u00e9 \u00e0 enrichir les \u00e9changes sur les plans techniques et diplomatique.<\/p>\n<p>Cette rencontre a jet\u00e9 les bases d&#8217;un partenariat renforc\u00e9, o\u00f9 l&#8217;Union europ\u00e9enne et la Mauritanie envisagent de conjuguer leurs efforts pour des b\u00e9n\u00e9fices mutuels. Elle refl\u00e8te \u00e9galement l&#8217;engagement de la Mauritanie \u00e0 jouer un r\u00f4le cl\u00e9 dans la r\u00e9gion du Sahel tout en exploitant ses atouts pour acc\u00e9l\u00e9rer son d\u00e9veloppement.<\/p>\n<p>Le Pr\u00e9sident Mohamed Cheikh El Ghazouani et ses partenaires europ\u00e9ens se sont quitt\u00e9s sur une note d&#8217;optimisme, promettant de poursuivre leur collaboration dans un esprit de solidarit\u00e9 et de progr\u00e8s partag\u00e9.<\/p>\n","protected":false},"excerpt":{"rendered":"<p>Mercredi, au Palais pr\u00e9sidentiel de Nouakchott, le Pr\u00e9sident de la R\u00e9publique et Pr\u00e9sident de l&#8217;Union africaine, Mohamed Cheikh El Ghazouani, a re\u00e7u une d\u00e9l\u00e9gation de haut niveau de l&#8217;Union europ\u00e9enne (UE), dirig\u00e9e par M. Joseph Sekela, Commissaire europ\u00e9en aux partenariats internationaux. Cette rencontre, marqu\u00e9e par des discussions riches et strat\u00e9giques, s&#8217;inscrit dans la volont\u00e9 de&#8230;..<\/p>\n","protected":false},"author":12,"featured_media":23802,"comment_status":"open","ping_status":"open","sticky":false,"template":"","format":"standard","meta":{"footnotes":""},"categories":[23,49],"tags":[],"class_list":["post-23801","post","type-post","status-publish","format-standard","has-post-thumbnail","hentry","category-actualite","category-economie"],"yoast_head":"<!-- This site is optimized with the Yoast SEO plugin v27.5 - https:\/\/yoast.com\/product\/yoast-seo-wordpress\/ -->\n<title>R\u00e9union Pr\u00e9sident de la R\u00e9publique\/d\u00e9l\u00e9gation de l\u2019Union europ\u00e9enne : \u00ab la Mauritanie se positionne comme un acteur majeur dans la transition \u00e9nerg\u00e9tique et les \u00e9nergies propres \u00bb - Le Quotidien de Nouakchott<\/title>\n<meta name=\"robots\" content=\"index, follow, max-snippet:-1, max-image-preview:large, max-video-preview:-1\" \/>\n<link rel=\"canonical\" href=\"https:\/\/lequotidien.mr\/?p=23801&lang=fr\" \/>\n<meta property=\"og:locale\" content=\"ar_AR\" \/>\n<meta property=\"og:type\" content=\"article\" \/>\n<meta property=\"og:title\" content=\"R\u00e9union Pr\u00e9sident de la R\u00e9publique\/d\u00e9l\u00e9gation de l\u2019Union europ\u00e9enne : \u00ab la Mauritanie se positionne comme un acteur majeur dans la transition \u00e9nerg\u00e9tique et les \u00e9nergies propres \u00bb - Le Quotidien de Nouakchott\" \/>\n<meta property=\"og:description\" content=\"Mercredi, au Palais pr\u00e9sidentiel de Nouakchott, le Pr\u00e9sident de la R\u00e9publique et Pr\u00e9sident de l&#8217;Union africaine, Mohamed Cheikh El Ghazouani, a re\u00e7u une d\u00e9l\u00e9gation de haut niveau de l&#8217;Union europ\u00e9enne (UE), dirig\u00e9e par M. Joseph Sekela, Commissaire europ\u00e9en aux partenariats internationaux. Cette rencontre, marqu\u00e9e par des discussions riches et strat\u00e9giques, s&#8217;inscrit dans la volont\u00e9 de.....\" \/>\n<meta property=\"og:url\" content=\"https:\/\/lequotidien.mr\/?p=23801&amp;lang=fr\" \/>\n<meta property=\"og:site_name\" content=\"Le Quotidien de Nouakchott\" \/>\n<meta property=\"article:publisher\" content=\"https:\/\/web.facebook.com\/lequotidienmr\" \/>\n<meta property=\"article:published_time\" content=\"2024-12-19T09:29:26+00:00\" \/>\n<meta property=\"og:image\" content=\"https:\/\/lequotidien.mr\/wp-content\/uploads\/2024\/12\/photo-pdt-delegation-UE.jpg\" \/>\n\t<meta property=\"og:image:width\" content=\"728\" \/>\n\t<meta property=\"og:image:height\" content=\"349\" \/>\n\t<meta property=\"og:image:type\" content=\"image\/jpeg\" \/>\n<meta name=\"author\" content=\"Med Ahmed\" \/>\n<meta name=\"twitter:card\" content=\"summary_large_image\" \/>\n<meta name=\"twitter:creator\" content=\"@lequotidienmr\" \/>\n<meta name=\"twitter:site\" content=\"@lequotidienmr\" \/>\n<meta name=\"twitter:label1\" content=\"\u0643\u064f\u062a\u0628 \u0628\u0648\u0627\u0633\u0637\u0629\" \/>\n\t<meta name=\"twitter:data1\" content=\"Med Ahmed\" \/>\n\t<meta name=\"twitter:label2\" content=\"\u0648\u0642\u062a \u0627\u0644\u0642\u0631\u0627\u0621\u0629 \u0627\u0644\u0645\u064f\u0642\u062f\u0651\u0631\" \/>\n\t<meta name=\"twitter:data2\" content=\"3 \u062f\u0642\u0627\u0626\u0642\" \/>\n<script type=\"application\/ld+json\" class=\"yoast-schema-graph\">{\"@context\":\"https:\\\/\\\/schema.org\",\"@graph\":[{\"@type\":\"Article\",\"@id\":\"https:\\\/\\\/lequotidien.mr\\\/?p=23801&lang=fr#article\",\"isPartOf\":{\"@id\":\"https:\\\/\\\/lequotidien.mr\\\/?p=23801&lang=fr\"},\"author\":{\"name\":\"Med Ahmed\",\"@id\":\"https:\\\/\\\/lequotidien.mr\\\/#\\\/schema\\\/person\\\/d2d350202a4d599685ed8abc25f97596\"},\"headline\":\"R\u00e9union Pr\u00e9sident de la R\u00e9publique\\\/d\u00e9l\u00e9gation de l\u2019Union europ\u00e9enne : \u00ab la Mauritanie se positionne comme un acteur majeur dans la transition \u00e9nerg\u00e9tique et les \u00e9nergies propres \u00bb\",\"datePublished\":\"2024-12-19T09:29:26+00:00\",\"mainEntityOfPage\":{\"@id\":\"https:\\\/\\\/lequotidien.mr\\\/?p=23801&lang=fr\"},\"wordCount\":591,\"commentCount\":0,\"publisher\":{\"@id\":\"https:\\\/\\\/lequotidien.mr\\\/#organization\"},\"image\":{\"@id\":\"https:\\\/\\\/lequotidien.mr\\\/?p=23801&lang=fr#primaryimage\"},\"thumbnailUrl\":\"https:\\\/\\\/lequotidien.mr\\\/wp-content\\\/uploads\\\/2024\\\/12\\\/photo-pdt-delegation-UE.jpg\",\"articleSection\":[\"ACTUALIT\u00c9\",\"Economie\"],\"inLanguage\":\"ar\",\"potentialAction\":[{\"@type\":\"CommentAction\",\"name\":\"Comment\",\"target\":[\"https:\\\/\\\/lequotidien.mr\\\/?p=23801&lang=fr#respond\"]}]},{\"@type\":\"WebPage\",\"@id\":\"https:\\\/\\\/lequotidien.mr\\\/?p=23801&lang=fr\",\"url\":\"https:\\\/\\\/lequotidien.mr\\\/?p=23801&lang=fr\",\"name\":\"R\u00e9union Pr\u00e9sident de la R\u00e9publique\\\/d\u00e9l\u00e9gation de l\u2019Union europ\u00e9enne : \u00ab la Mauritanie se positionne comme un acteur majeur dans la transition \u00e9nerg\u00e9tique et les \u00e9nergies propres \u00bb - Le Quotidien de Nouakchott\",\"isPartOf\":{\"@id\":\"https:\\\/\\\/lequotidien.mr\\\/#website\"},\"primaryImageOfPage\":{\"@id\":\"https:\\\/\\\/lequotidien.mr\\\/?p=23801&lang=fr#primaryimage\"},\"image\":{\"@id\":\"https:\\\/\\\/lequotidien.mr\\\/?p=23801&lang=fr#primaryimage\"},\"thumbnailUrl\":\"https:\\\/\\\/lequotidien.mr\\\/wp-content\\\/uploads\\\/2024\\\/12\\\/photo-pdt-delegation-UE.jpg\",\"datePublished\":\"2024-12-19T09:29:26+00:00\",\"breadcrumb\":{\"@id\":\"https:\\\/\\\/lequotidien.mr\\\/?p=23801&lang=fr#breadcrumb\"},\"inLanguage\":\"ar\",\"potentialAction\":[{\"@type\":\"ReadAction\",\"target\":[\"https:\\\/\\\/lequotidien.mr\\\/?p=23801&lang=fr\"]}]},{\"@type\":\"ImageObject\",\"inLanguage\":\"ar\",\"@id\":\"https:\\\/\\\/lequotidien.mr\\\/?p=23801&lang=fr#primaryimage\",\"url\":\"https:\\\/\\\/lequotidien.mr\\\/wp-content\\\/uploads\\\/2024\\\/12\\\/photo-pdt-delegation-UE.jpg\",\"contentUrl\":\"https:\\\/\\\/lequotidien.mr\\\/wp-content\\\/uploads\\\/2024\\\/12\\\/photo-pdt-delegation-UE.jpg\",\"width\":728,\"height\":349},{\"@type\":\"BreadcrumbList\",\"@id\":\"https:\\\/\\\/lequotidien.mr\\\/?p=23801&lang=fr#breadcrumb\",\"itemListElement\":[{\"@type\":\"ListItem\",\"position\":1,\"name\":\"Home\",\"item\":\"https:\\\/\\\/lequotidien.mr\\\/\"},{\"@type\":\"ListItem\",\"position\":2,\"name\":\"R\u00e9union Pr\u00e9sident de la R\u00e9publique\\\/d\u00e9l\u00e9gation de l\u2019Union europ\u00e9enne : \u00ab la Mauritanie se positionne comme un acteur majeur dans la transition \u00e9nerg\u00e9tique et les \u00e9nergies propres \u00bb\"}]},{\"@type\":\"WebSite\",\"@id\":\"https:\\\/\\\/lequotidien.mr\\\/#website\",\"url\":\"https:\\\/\\\/lequotidien.mr\\\/\",\"name\":\"Le Quotidien de Nouakchott\",\"description\":\"\u0625\u062e\u0628\u0627\u0631\u064a\u0629 \u0645\u0633\u062a\u0642\u0644\u0629 \u0644\u0644\u0623\u0646\u0628\u0627\u0621 \u0627\u0644\u0639\u0627\u0645\u0629\",\"publisher\":{\"@id\":\"https:\\\/\\\/lequotidien.mr\\\/#organization\"},\"potentialAction\":[{\"@type\":\"SearchAction\",\"target\":{\"@type\":\"EntryPoint\",\"urlTemplate\":\"https:\\\/\\\/lequotidien.mr\\\/?s={search_term_string}\"},\"query-input\":{\"@type\":\"PropertyValueSpecification\",\"valueRequired\":true,\"valueName\":\"search_term_string\"}}],\"inLanguage\":\"ar\"},{\"@type\":\"Organization\",\"@id\":\"https:\\\/\\\/lequotidien.mr\\\/#organization\",\"name\":\"Le Quotidien de Nouakchott\",\"url\":\"https:\\\/\\\/lequotidien.mr\\\/\",\"logo\":{\"@type\":\"ImageObject\",\"inLanguage\":\"ar\",\"@id\":\"https:\\\/\\\/lequotidien.mr\\\/#\\\/schema\\\/logo\\\/image\\\/\",\"url\":\"https:\\\/\\\/lequotidien.mr\\\/wp-content\\\/uploads\\\/2022\\\/11\\\/logolequotidien.jpg\",\"contentUrl\":\"https:\\\/\\\/lequotidien.mr\\\/wp-content\\\/uploads\\\/2022\\\/11\\\/logolequotidien.jpg\",\"width\":290,\"height\":65,\"caption\":\"Le Quotidien de Nouakchott\"},\"image\":{\"@id\":\"https:\\\/\\\/lequotidien.mr\\\/#\\\/schema\\\/logo\\\/image\\\/\"},\"sameAs\":[\"https:\\\/\\\/web.facebook.com\\\/lequotidienmr\",\"https:\\\/\\\/x.com\\\/lequotidienmr\"]},{\"@type\":\"Person\",\"@id\":\"https:\\\/\\\/lequotidien.mr\\\/#\\\/schema\\\/person\\\/d2d350202a4d599685ed8abc25f97596\",\"name\":\"Med Ahmed\",\"image\":{\"@type\":\"ImageObject\",\"inLanguage\":\"ar\",\"@id\":\"https:\\\/\\\/secure.gravatar.com\\\/avatar\\\/fd2acc62ed50732923d1d39c17172c9b04149f142be92310ecc69e1358f94b52?s=96&d=mm&r=g\",\"url\":\"https:\\\/\\\/secure.gravatar.com\\\/avatar\\\/fd2acc62ed50732923d1d39c17172c9b04149f142be92310ecc69e1358f94b52?s=96&d=mm&r=g\",\"contentUrl\":\"https:\\\/\\\/secure.gravatar.com\\\/avatar\\\/fd2acc62ed50732923d1d39c17172c9b04149f142be92310ecc69e1358f94b52?s=96&d=mm&r=g\",\"caption\":\"Med Ahmed\"},\"url\":\"https:\\\/\\\/lequotidien.mr\\\/?author=12\"}]}<\/script>\n<!-- \/ Yoast SEO plugin. -->","yoast_head_json":{"title":"R\u00e9union Pr\u00e9sident de la R\u00e9publique\/d\u00e9l\u00e9gation de l\u2019Union europ\u00e9enne : \u00ab la Mauritanie se positionne comme un acteur majeur dans la transition \u00e9nerg\u00e9tique et les \u00e9nergies propres \u00bb - Le Quotidien de Nouakchott","robots":{"index":"index","follow":"follow","max-snippet":"max-snippet:-1","max-image-preview":"max-image-preview:large","max-video-preview":"max-video-preview:-1"},"canonical":"https:\/\/lequotidien.mr\/?p=23801&lang=fr","og_locale":"ar_AR","og_type":"article","og_title":"R\u00e9union Pr\u00e9sident de la R\u00e9publique\/d\u00e9l\u00e9gation de l\u2019Union europ\u00e9enne : \u00ab la Mauritanie se positionne comme un acteur majeur dans la transition \u00e9nerg\u00e9tique et les \u00e9nergies propres \u00bb - Le Quotidien de Nouakchott","og_description":"Mercredi, au Palais pr\u00e9sidentiel de Nouakchott, le Pr\u00e9sident de la R\u00e9publique et Pr\u00e9sident de l&#8217;Union africaine, Mohamed Cheikh El Ghazouani, a re\u00e7u une d\u00e9l\u00e9gation de haut niveau de l&#8217;Union europ\u00e9enne (UE), dirig\u00e9e par M. Joseph Sekela, Commissaire europ\u00e9en aux partenariats internationaux. Cette rencontre, marqu\u00e9e par des discussions riches et strat\u00e9giques, s&#8217;inscrit dans la volont\u00e9 de.....","og_url":"https:\/\/lequotidien.mr\/?p=23801&lang=fr","og_site_name":"Le Quotidien de Nouakchott","article_publisher":"https:\/\/web.facebook.com\/lequotidienmr","article_published_time":"2024-12-19T09:29:26+00:00","og_image":[{"width":728,"height":349,"url":"https:\/\/lequotidien.mr\/wp-content\/uploads\/2024\/12\/photo-pdt-delegation-UE.jpg","type":"image\/jpeg"}],"author":"Med Ahmed","twitter_card":"summary_large_image","twitter_creator":"@lequotidienmr","twitter_site":"@lequotidienmr","twitter_misc":{"\u0643\u064f\u062a\u0628 \u0628\u0648\u0627\u0633\u0637\u0629":"Med Ahmed","\u0648\u0642\u062a \u0627\u0644\u0642\u0631\u0627\u0621\u0629 \u0627\u0644\u0645\u064f\u0642\u062f\u0651\u0631":"3 \u062f\u0642\u0627\u0626\u0642"},"schema":{"@context":"https:\/\/schema.org","@graph":[{"@type":"Article","@id":"https:\/\/lequotidien.mr\/?p=23801&lang=fr#article","isPartOf":{"@id":"https:\/\/lequotidien.mr\/?p=23801&lang=fr"},"author":{"name":"Med Ahmed","@id":"https:\/\/lequotidien.mr\/#\/schema\/person\/d2d350202a4d599685ed8abc25f97596"},"headline":"R\u00e9union Pr\u00e9sident de la R\u00e9publique\/d\u00e9l\u00e9gation de l\u2019Union europ\u00e9enne : \u00ab la Mauritanie se positionne comme un acteur majeur dans la transition \u00e9nerg\u00e9tique et les \u00e9nergies propres \u00bb","datePublished":"2024-12-19T09:29:26+00:00","mainEntityOfPage":{"@id":"https:\/\/lequotidien.mr\/?p=23801&lang=fr"},"wordCount":591,"commentCount":0,"publisher":{"@id":"https:\/\/lequotidien.mr\/#organization"},"image":{"@id":"https:\/\/lequotidien.mr\/?p=23801&lang=fr#primaryimage"},"thumbnailUrl":"https:\/\/lequotidien.mr\/wp-content\/uploads\/2024\/12\/photo-pdt-delegation-UE.jpg","articleSection":["ACTUALIT\u00c9","Economie"],"inLanguage":"ar","potentialAction":[{"@type":"CommentAction","name":"Comment","target":["https:\/\/lequotidien.mr\/?p=23801&lang=fr#respond"]}]},{"@type":"WebPage","@id":"https:\/\/lequotidien.mr\/?p=23801&lang=fr","url":"https:\/\/lequotidien.mr\/?p=23801&lang=fr","name":"R\u00e9union Pr\u00e9sident de la R\u00e9publique\/d\u00e9l\u00e9gation de l\u2019Union europ\u00e9enne : \u00ab la Mauritanie se positionne comme un acteur majeur dans la transition \u00e9nerg\u00e9tique et les \u00e9nergies propres \u00bb - Le Quotidien de Nouakchott","isPartOf":{"@id":"https:\/\/lequotidien.mr\/#website"},"primaryImageOfPage":{"@id":"https:\/\/lequotidien.mr\/?p=23801&lang=fr#primaryimage"},"image":{"@id":"https:\/\/lequotidien.mr\/?p=23801&lang=fr#primaryimage"},"thumbnailUrl":"https:\/\/lequotidien.mr\/wp-content\/uploads\/2024\/12\/photo-pdt-delegation-UE.jpg","datePublished":"2024-12-19T09:29:26+00:00","breadcrumb":{"@id":"https:\/\/lequotidien.mr\/?p=23801&lang=fr#breadcrumb"},"inLanguage":"ar","potentialAction":[{"@type":"ReadAction","target":["https:\/\/lequotidien.mr\/?p=23801&lang=fr"]}]},{"@type":"ImageObject","inLanguage":"ar","@id":"https:\/\/lequotidien.mr\/?p=23801&lang=fr#primaryimage","url":"https:\/\/lequotidien.mr\/wp-content\/uploads\/2024\/12\/photo-pdt-delegation-UE.jpg","contentUrl":"https:\/\/lequotidien.mr\/wp-content\/uploads\/2024\/12\/photo-pdt-delegation-UE.jpg","width":728,"height":349},{"@type":"BreadcrumbList","@id":"https:\/\/lequotidien.mr\/?p=23801&lang=fr#breadcrumb","itemListElement":[{"@type":"ListItem","position":1,"name":"Home","item":"https:\/\/lequotidien.mr\/"},{"@type":"ListItem","position":2,"name":"R\u00e9union Pr\u00e9sident de la R\u00e9publique\/d\u00e9l\u00e9gation de l\u2019Union europ\u00e9enne : \u00ab la Mauritanie se positionne comme un acteur majeur dans la transition \u00e9nerg\u00e9tique et les \u00e9nergies propres \u00bb"}]},{"@type":"WebSite","@id":"https:\/\/lequotidien.mr\/#website","url":"https:\/\/lequotidien.mr\/","name":"Le Quotidien de Nouakchott","description":"\u0625\u062e\u0628\u0627\u0631\u064a\u0629 \u0645\u0633\u062a\u0642\u0644\u0629 \u0644\u0644\u0623\u0646\u0628\u0627\u0621 \u0627\u0644\u0639\u0627\u0645\u0629","publisher":{"@id":"https:\/\/lequotidien.mr\/#organization"},"potentialAction":[{"@type":"SearchAction","target":{"@type":"EntryPoint","urlTemplate":"https:\/\/lequotidien.mr\/?s={search_term_string}"},"query-input":{"@type":"PropertyValueSpecification","valueRequired":true,"valueName":"search_term_string"}}],"inLanguage":"ar"},{"@type":"Organization","@id":"https:\/\/lequotidien.mr\/#organization","name":"Le Quotidien de Nouakchott","url":"https:\/\/lequotidien.mr\/","logo":{"@type":"ImageObject","inLanguage":"ar","@id":"https:\/\/lequotidien.mr\/#\/schema\/logo\/image\/","url":"https:\/\/lequotidien.mr\/wp-content\/uploads\/2022\/11\/logolequotidien.jpg","contentUrl":"https:\/\/lequotidien.mr\/wp-content\/uploads\/2022\/11\/logolequotidien.jpg","width":290,"height":65,"caption":"Le Quotidien de Nouakchott"},"image":{"@id":"https:\/\/lequotidien.mr\/#\/schema\/logo\/image\/"},"sameAs":["https:\/\/web.facebook.com\/lequotidienmr","https:\/\/x.com\/lequotidienmr"]},{"@type":"Person","@id":"https:\/\/lequotidien.mr\/#\/schema\/person\/d2d350202a4d599685ed8abc25f97596","name":"Med Ahmed","image":{"@type":"ImageObject","inLanguage":"ar","@id":"https:\/\/secure.gravatar.com\/avatar\/fd2acc62ed50732923d1d39c17172c9b04149f142be92310ecc69e1358f94b52?s=96&d=mm&r=g","url":"https:\/\/secure.gravatar.com\/avatar\/fd2acc62ed50732923d1d39c17172c9b04149f142be92310ecc69e1358f94b52?s=96&d=mm&r=g","contentUrl":"https:\/\/secure.gravatar.com\/avatar\/fd2acc62ed50732923d1d39c17172c9b04149f142be92310ecc69e1358f94b52?s=96&d=mm&r=g","caption":"Med Ahmed"},"url":"https:\/\/lequotidien.mr\/?author=12"}]}},"_links":{"self":[{"href":"https:\/\/lequotidien.mr\/index.php?rest_route=\/wp\/v2\/posts\/23801","targetHints":{"allow":["GET"]}}],"collection":[{"href":"https:\/\/lequotidien.mr\/index.php?rest_route=\/wp\/v2\/posts"}],"about":[{"href":"https:\/\/lequotidien.mr\/index.php?rest_route=\/wp\/v2\/types\/post"}],"author":[{"embeddable":true,"href":"https:\/\/lequotidien.mr\/index.php?rest_route=\/wp\/v2\/users\/12"}],"replies":[{"embeddable":true,"href":"https:\/\/lequotidien.mr\/index.php?rest_route=%2Fwp%2Fv2%2Fcomments&post=23801"}],"version-history":[{"count":1,"href":"https:\/\/lequotidien.mr\/index.php?rest_route=\/wp\/v2\/posts\/23801\/revisions"}],"predecessor-version":[{"id":23803,"href":"https:\/\/lequotidien.mr\/index.php?rest_route=\/wp\/v2\/posts\/23801\/revisions\/23803"}],"wp:featuredmedia":[{"embeddable":true,"href":"https:\/\/lequotidien.mr\/index.php?rest_route=\/wp\/v2\/media\/23802"}],"wp:attachment":[{"href":"https:\/\/lequotidien.mr\/index.php?rest_route=%2Fwp%2Fv2%2Fmedia&parent=23801"}],"wp:term":[{"taxonomy":"category","embeddable":true,"href":"https:\/\/lequotidien.mr\/index.php?rest_route=%2Fwp%2Fv2%2Fcategories&post=23801"},{"taxonomy":"post_tag","embeddable":true,"href":"https:\/\/lequotidien.mr\/index.php?rest_route=%2Fwp%2Fv2%2Ftags&post=23801"}],"curies":[{"name":"wp","href":"https:\/\/api.w.org\/{rel}","templated":true}]}}