{"id":23776,"date":"2024-12-18T11:16:44","date_gmt":"2024-12-18T11:16:44","guid":{"rendered":"https:\/\/lequotidien.mr\/?p=23776"},"modified":"2024-12-18T11:16:44","modified_gmt":"2024-12-18T11:16:44","slug":"nouadhibou-vers-la-creation-dune-universite-publique-pluridisciplinaire","status":"publish","type":"post","link":"https:\/\/lequotidien.mr\/?p=23776&lang=fr","title":{"rendered":"Nouadhibou : Vers la cr\u00e9ation d&#8217;une universit\u00e9 publique pluridisciplinaire"},"content":{"rendered":"<p>Le ministre de l&#8217;Enseignement sup\u00e9rieur et de la Recherche scientifique, <strong>M. Yacoub Moine<\/strong>, a inaugur\u00e9, ce mardi \u00e0 Nouadhibou, un atelier de concertation consacr\u00e9 \u00e0 la cr\u00e9ation de la premi\u00e8re universit\u00e9 publique pluridisciplinaire dans cette ville strat\u00e9gique, en pr\u00e9sence du wali de Dakhlet Nouadhibou<strong>, <\/strong>M. Mahi Hamed. Cet atelier, qui s&#8217;\u00e9tendra sur deux jours, vise \u00e0 \u00e9laborer des recommandations pour la mise en \u0153uvre de ce projet ambitieux.<\/p>\n<p><strong>Une initiative inscrite dans le programme pr\u00e9sidentiel<\/strong><\/p>\n<p>Dans son discours inaugural, M. Yacoub Moine a soulign\u00e9 que ce projet s&#8217;inscrit dans le cadre de la mise en \u0153uvre du programme pr\u00e9sidentiel <strong>\u00ab Mon ambition pour la nation \u00bb<\/strong> , port\u00e9 par le Pr\u00e9sident de la R\u00e9publique, Mohamed Cheikh El Ghazouani, lors de son deuxi\u00e8me mandat. Ce programme met l&#8217;accent sur le d\u00e9veloppement inclusif et la diversification de l&#8217;offre \u00e9ducative \u00e0 travers tout le pays.<\/p>\n<p>Le ministre a expliqu\u00e9 que cette universit\u00e9 sera con\u00e7ue pour r\u00e9pondre aux besoins sp\u00e9cifiques de la r\u00e9gion et du pays, avec un accent particulier sur des sp\u00e9cialisations strat\u00e9giques. Parmi les domaines envisag\u00e9s figurent : Biologie marine et biologie g\u00e9n\u00e9rale, M\u00e9tallurgie et \u00e9lectronique, \u00c9nergies renouvelables et dessalement, Droit de la mer et gestion des risques environnementaux, et Gestion portuaire et activit\u00e9s maritimes<strong>.<\/strong><\/p>\n<p><strong>Pourquoi Nouadhibou ?<\/strong><\/p>\n<p>Le choix de Nouadhibou pour accueillir ce projet refl\u00e8te la volont\u00e9 de tirer parti de la position g\u00e9ographique et \u00e9conomique strat\u00e9gique de la ville, qui joue un r\u00f4le crucial dans l&#8217;\u00e9conomie nationale. Actuellement, l&#8217;offre d&#8217;enseignement sup\u00e9rieur dans cette r\u00e9gion est limit\u00e9e \u00e0 deux instituts d&#8217;une capacit\u00e9 totale de seulement 200 places.<\/p>\n<p>Le ministre a d\u00e9clar\u00e9 que cette nouvelle universit\u00e9 contribuera non seulement \u00e0 r\u00e9pondre \u00e0 la demande croissante d&#8217;\u00e9ducation, mais aussi \u00e0 stimuler l&#8217;\u00e9conomie locale en attirant des \u00e9v\u00e9nements scientifiques, des conf\u00e9rences internationales et en encourageant la recherche et l&#8217;innovation.<\/p>\n<p><strong>Un projet soutenu par les autorit\u00e9s locales<\/strong><\/p>\n<p>Le maire de la commune de Nouadhibou et le premier vice-pr\u00e9sident du conseil r\u00e9gional de Dakhlet-Nouadhibou ont tous deux appr\u00e9ci\u00e9 cette initiative, qu&#8217;ils consid\u00e8rent comme un tournant majeur pour la r\u00e9gion. Ils ont mis en avant l&#8217;importance de ce projet pour lever certains obstacles rencontr\u00e9s par les \u00e9tudiants locaux, notamment l&#8217;absence d&#8217;infrastructures permettant de poursuivre leurs \u00e9tudes sup\u00e9rieures dans la r\u00e9gion.<\/p>\n<p>En marge de l&#8217;atelier, M. Yacoub Moine a visit\u00e9 l&#8217;Institut sup\u00e9rieur professionnel des langues, de la traduction et de l&#8217;interpr\u00e9tation. Il a pu constater les \u00e9quipements actuels, notamment les salles de cours, le guichet d&#8217;inscription et les laboratoires, ainsi que le point de sant\u00e9 destin\u00e9 aux \u00e9tudiants. Le ministre a re\u00e7u des explications d\u00e9taill\u00e9es sur les capacit\u00e9s d&#8217;accueil, les sp\u00e9cialit\u00e9s enseign\u00e9es et les partenariats en cours avec d&#8217;autres institutions.<\/p>\n<p><strong>Accompagnement et perspectives<\/strong><\/p>\n<p>Le ministre a \u00e9t\u00e9 accompagn\u00e9 dans cette visite par le hakem de la moughataa de Nouadhibou, ainsi que par des responsables militaires et s\u00e9curitaires de la wilaya. Cette mobilisation montre l&#8217;importance accord\u00e9e par les autorit\u00e9s locales et nationales \u00e0 ce projet, qui promet de transformer la ville de Nouadhibou en un p\u00f4le acad\u00e9mique<strong>, <\/strong>scientifique et \u00e9conomique majeur.<\/p>\n<p>La cr\u00e9ation de cette universit\u00e9 marque une \u00e9tape cl\u00e9 dans le d\u00e9veloppement de l&#8217;enseignement sup\u00e9rieur en Mauritanie, avec des retomb\u00e9es significatives attendues sur l&#8217;\u00e9conomie, l&#8217;\u00e9ducation et la recherche. Ce projet est une r\u00e9ponse concr\u00e8te aux aspirations de la population de Nouadhibou et un levier de croissance pour tout le pays.<\/p>\n","protected":false},"excerpt":{"rendered":"<p>Le ministre de l&#8217;Enseignement sup\u00e9rieur et de la Recherche scientifique, M. Yacoub Moine, a inaugur\u00e9, ce mardi \u00e0 Nouadhibou, un atelier de concertation consacr\u00e9 \u00e0 la cr\u00e9ation de la premi\u00e8re universit\u00e9 publique pluridisciplinaire dans cette ville strat\u00e9gique, en pr\u00e9sence du wali de Dakhlet Nouadhibou, M. Mahi Hamed. Cet atelier, qui s&#8217;\u00e9tendra sur deux jours, vise&#8230;..<\/p>\n","protected":false},"author":12,"featured_media":23777,"comment_status":"open","ping_status":"open","sticky":false,"template":"","format":"standard","meta":{"footnotes":""},"categories":[55],"tags":[],"class_list":["post-23776","post","type-post","status-publish","format-standard","has-post-thumbnail","hentry","category-culture"],"yoast_head":"<!-- This site is optimized with the Yoast SEO plugin v27.5 - https:\/\/yoast.com\/product\/yoast-seo-wordpress\/ -->\n<title>Nouadhibou : Vers la cr\u00e9ation d&#039;une universit\u00e9 publique pluridisciplinaire - Le Quotidien de Nouakchott<\/title>\n<meta name=\"robots\" content=\"index, follow, max-snippet:-1, max-image-preview:large, max-video-preview:-1\" \/>\n<link rel=\"canonical\" href=\"https:\/\/lequotidien.mr\/?p=23776&lang=fr\" \/>\n<meta property=\"og:locale\" content=\"ar_AR\" \/>\n<meta property=\"og:type\" content=\"article\" \/>\n<meta property=\"og:title\" content=\"Nouadhibou : Vers la cr\u00e9ation d&#039;une universit\u00e9 publique pluridisciplinaire - Le Quotidien de Nouakchott\" \/>\n<meta property=\"og:description\" content=\"Le ministre de l&#8217;Enseignement sup\u00e9rieur et de la Recherche scientifique, M. Yacoub Moine, a inaugur\u00e9, ce mardi \u00e0 Nouadhibou, un atelier de concertation consacr\u00e9 \u00e0 la cr\u00e9ation de la premi\u00e8re universit\u00e9 publique pluridisciplinaire dans cette ville strat\u00e9gique, en pr\u00e9sence du wali de Dakhlet Nouadhibou, M. Mahi Hamed. Cet atelier, qui s&#8217;\u00e9tendra sur deux jours, vise.....\" \/>\n<meta property=\"og:url\" content=\"https:\/\/lequotidien.mr\/?p=23776&amp;lang=fr\" \/>\n<meta property=\"og:site_name\" content=\"Le Quotidien de Nouakchott\" \/>\n<meta property=\"article:publisher\" content=\"https:\/\/web.facebook.com\/lequotidienmr\" \/>\n<meta property=\"article:published_time\" content=\"2024-12-18T11:16:44+00:00\" \/>\n<meta property=\"og:image\" content=\"https:\/\/lequotidien.mr\/wp-content\/uploads\/2024\/12\/photo-universite-NDB.jpg\" \/>\n\t<meta property=\"og:image:width\" content=\"571\" \/>\n\t<meta property=\"og:image:height\" content=\"430\" \/>\n\t<meta property=\"og:image:type\" content=\"image\/jpeg\" \/>\n<meta name=\"author\" content=\"Med Ahmed\" \/>\n<meta name=\"twitter:card\" content=\"summary_large_image\" \/>\n<meta name=\"twitter:creator\" content=\"@lequotidienmr\" \/>\n<meta name=\"twitter:site\" content=\"@lequotidienmr\" \/>\n<meta name=\"twitter:label1\" content=\"\u0643\u064f\u062a\u0628 \u0628\u0648\u0627\u0633\u0637\u0629\" \/>\n\t<meta name=\"twitter:data1\" content=\"Med Ahmed\" \/>\n\t<meta name=\"twitter:label2\" content=\"\u0648\u0642\u062a \u0627\u0644\u0642\u0631\u0627\u0621\u0629 \u0627\u0644\u0645\u064f\u0642\u062f\u0651\u0631\" \/>\n\t<meta name=\"twitter:data2\" content=\"3 \u062f\u0642\u0627\u0626\u0642\" \/>\n<script type=\"application\/ld+json\" class=\"yoast-schema-graph\">{\"@context\":\"https:\\\/\\\/schema.org\",\"@graph\":[{\"@type\":\"Article\",\"@id\":\"https:\\\/\\\/lequotidien.mr\\\/?p=23776&lang=fr#article\",\"isPartOf\":{\"@id\":\"https:\\\/\\\/lequotidien.mr\\\/?p=23776&lang=fr\"},\"author\":{\"name\":\"Med Ahmed\",\"@id\":\"https:\\\/\\\/lequotidien.mr\\\/#\\\/schema\\\/person\\\/d2d350202a4d599685ed8abc25f97596\"},\"headline\":\"Nouadhibou : Vers la cr\u00e9ation d&#8217;une universit\u00e9 publique pluridisciplinaire\",\"datePublished\":\"2024-12-18T11:16:44+00:00\",\"mainEntityOfPage\":{\"@id\":\"https:\\\/\\\/lequotidien.mr\\\/?p=23776&lang=fr\"},\"wordCount\":626,\"commentCount\":0,\"publisher\":{\"@id\":\"https:\\\/\\\/lequotidien.mr\\\/#organization\"},\"image\":{\"@id\":\"https:\\\/\\\/lequotidien.mr\\\/?p=23776&lang=fr#primaryimage\"},\"thumbnailUrl\":\"https:\\\/\\\/lequotidien.mr\\\/wp-content\\\/uploads\\\/2024\\\/12\\\/photo-universite-NDB.jpg\",\"articleSection\":[\"Culture\"],\"inLanguage\":\"ar\",\"potentialAction\":[{\"@type\":\"CommentAction\",\"name\":\"Comment\",\"target\":[\"https:\\\/\\\/lequotidien.mr\\\/?p=23776&lang=fr#respond\"]}]},{\"@type\":\"WebPage\",\"@id\":\"https:\\\/\\\/lequotidien.mr\\\/?p=23776&lang=fr\",\"url\":\"https:\\\/\\\/lequotidien.mr\\\/?p=23776&lang=fr\",\"name\":\"Nouadhibou : Vers la cr\u00e9ation d'une universit\u00e9 publique pluridisciplinaire - Le Quotidien de Nouakchott\",\"isPartOf\":{\"@id\":\"https:\\\/\\\/lequotidien.mr\\\/#website\"},\"primaryImageOfPage\":{\"@id\":\"https:\\\/\\\/lequotidien.mr\\\/?p=23776&lang=fr#primaryimage\"},\"image\":{\"@id\":\"https:\\\/\\\/lequotidien.mr\\\/?p=23776&lang=fr#primaryimage\"},\"thumbnailUrl\":\"https:\\\/\\\/lequotidien.mr\\\/wp-content\\\/uploads\\\/2024\\\/12\\\/photo-universite-NDB.jpg\",\"datePublished\":\"2024-12-18T11:16:44+00:00\",\"breadcrumb\":{\"@id\":\"https:\\\/\\\/lequotidien.mr\\\/?p=23776&lang=fr#breadcrumb\"},\"inLanguage\":\"ar\",\"potentialAction\":[{\"@type\":\"ReadAction\",\"target\":[\"https:\\\/\\\/lequotidien.mr\\\/?p=23776&lang=fr\"]}]},{\"@type\":\"ImageObject\",\"inLanguage\":\"ar\",\"@id\":\"https:\\\/\\\/lequotidien.mr\\\/?p=23776&lang=fr#primaryimage\",\"url\":\"https:\\\/\\\/lequotidien.mr\\\/wp-content\\\/uploads\\\/2024\\\/12\\\/photo-universite-NDB.jpg\",\"contentUrl\":\"https:\\\/\\\/lequotidien.mr\\\/wp-content\\\/uploads\\\/2024\\\/12\\\/photo-universite-NDB.jpg\",\"width\":571,\"height\":430},{\"@type\":\"BreadcrumbList\",\"@id\":\"https:\\\/\\\/lequotidien.mr\\\/?p=23776&lang=fr#breadcrumb\",\"itemListElement\":[{\"@type\":\"ListItem\",\"position\":1,\"name\":\"Home\",\"item\":\"https:\\\/\\\/lequotidien.mr\\\/\"},{\"@type\":\"ListItem\",\"position\":2,\"name\":\"Nouadhibou : Vers la cr\u00e9ation d&#8217;une universit\u00e9 publique pluridisciplinaire\"}]},{\"@type\":\"WebSite\",\"@id\":\"https:\\\/\\\/lequotidien.mr\\\/#website\",\"url\":\"https:\\\/\\\/lequotidien.mr\\\/\",\"name\":\"Le Quotidien de Nouakchott\",\"description\":\"\u0625\u062e\u0628\u0627\u0631\u064a\u0629 \u0645\u0633\u062a\u0642\u0644\u0629 \u0644\u0644\u0623\u0646\u0628\u0627\u0621 \u0627\u0644\u0639\u0627\u0645\u0629\",\"publisher\":{\"@id\":\"https:\\\/\\\/lequotidien.mr\\\/#organization\"},\"potentialAction\":[{\"@type\":\"SearchAction\",\"target\":{\"@type\":\"EntryPoint\",\"urlTemplate\":\"https:\\\/\\\/lequotidien.mr\\\/?s={search_term_string}\"},\"query-input\":{\"@type\":\"PropertyValueSpecification\",\"valueRequired\":true,\"valueName\":\"search_term_string\"}}],\"inLanguage\":\"ar\"},{\"@type\":\"Organization\",\"@id\":\"https:\\\/\\\/lequotidien.mr\\\/#organization\",\"name\":\"Le Quotidien de Nouakchott\",\"url\":\"https:\\\/\\\/lequotidien.mr\\\/\",\"logo\":{\"@type\":\"ImageObject\",\"inLanguage\":\"ar\",\"@id\":\"https:\\\/\\\/lequotidien.mr\\\/#\\\/schema\\\/logo\\\/image\\\/\",\"url\":\"https:\\\/\\\/lequotidien.mr\\\/wp-content\\\/uploads\\\/2022\\\/11\\\/logolequotidien.jpg\",\"contentUrl\":\"https:\\\/\\\/lequotidien.mr\\\/wp-content\\\/uploads\\\/2022\\\/11\\\/logolequotidien.jpg\",\"width\":290,\"height\":65,\"caption\":\"Le Quotidien de Nouakchott\"},\"image\":{\"@id\":\"https:\\\/\\\/lequotidien.mr\\\/#\\\/schema\\\/logo\\\/image\\\/\"},\"sameAs\":[\"https:\\\/\\\/web.facebook.com\\\/lequotidienmr\",\"https:\\\/\\\/x.com\\\/lequotidienmr\"]},{\"@type\":\"Person\",\"@id\":\"https:\\\/\\\/lequotidien.mr\\\/#\\\/schema\\\/person\\\/d2d350202a4d599685ed8abc25f97596\",\"name\":\"Med Ahmed\",\"image\":{\"@type\":\"ImageObject\",\"inLanguage\":\"ar\",\"@id\":\"https:\\\/\\\/secure.gravatar.com\\\/avatar\\\/fd2acc62ed50732923d1d39c17172c9b04149f142be92310ecc69e1358f94b52?s=96&d=mm&r=g\",\"url\":\"https:\\\/\\\/secure.gravatar.com\\\/avatar\\\/fd2acc62ed50732923d1d39c17172c9b04149f142be92310ecc69e1358f94b52?s=96&d=mm&r=g\",\"contentUrl\":\"https:\\\/\\\/secure.gravatar.com\\\/avatar\\\/fd2acc62ed50732923d1d39c17172c9b04149f142be92310ecc69e1358f94b52?s=96&d=mm&r=g\",\"caption\":\"Med Ahmed\"},\"url\":\"https:\\\/\\\/lequotidien.mr\\\/?author=12\"}]}<\/script>\n<!-- \/ Yoast SEO plugin. -->","yoast_head_json":{"title":"Nouadhibou : Vers la cr\u00e9ation d'une universit\u00e9 publique pluridisciplinaire - Le Quotidien de Nouakchott","robots":{"index":"index","follow":"follow","max-snippet":"max-snippet:-1","max-image-preview":"max-image-preview:large","max-video-preview":"max-video-preview:-1"},"canonical":"https:\/\/lequotidien.mr\/?p=23776&lang=fr","og_locale":"ar_AR","og_type":"article","og_title":"Nouadhibou : Vers la cr\u00e9ation d'une universit\u00e9 publique pluridisciplinaire - Le Quotidien de Nouakchott","og_description":"Le ministre de l&#8217;Enseignement sup\u00e9rieur et de la Recherche scientifique, M. Yacoub Moine, a inaugur\u00e9, ce mardi \u00e0 Nouadhibou, un atelier de concertation consacr\u00e9 \u00e0 la cr\u00e9ation de la premi\u00e8re universit\u00e9 publique pluridisciplinaire dans cette ville strat\u00e9gique, en pr\u00e9sence du wali de Dakhlet Nouadhibou, M. Mahi Hamed. Cet atelier, qui s&#8217;\u00e9tendra sur deux jours, vise.....","og_url":"https:\/\/lequotidien.mr\/?p=23776&lang=fr","og_site_name":"Le Quotidien de Nouakchott","article_publisher":"https:\/\/web.facebook.com\/lequotidienmr","article_published_time":"2024-12-18T11:16:44+00:00","og_image":[{"width":571,"height":430,"url":"https:\/\/lequotidien.mr\/wp-content\/uploads\/2024\/12\/photo-universite-NDB.jpg","type":"image\/jpeg"}],"author":"Med Ahmed","twitter_card":"summary_large_image","twitter_creator":"@lequotidienmr","twitter_site":"@lequotidienmr","twitter_misc":{"\u0643\u064f\u062a\u0628 \u0628\u0648\u0627\u0633\u0637\u0629":"Med Ahmed","\u0648\u0642\u062a \u0627\u0644\u0642\u0631\u0627\u0621\u0629 \u0627\u0644\u0645\u064f\u0642\u062f\u0651\u0631":"3 \u062f\u0642\u0627\u0626\u0642"},"schema":{"@context":"https:\/\/schema.org","@graph":[{"@type":"Article","@id":"https:\/\/lequotidien.mr\/?p=23776&lang=fr#article","isPartOf":{"@id":"https:\/\/lequotidien.mr\/?p=23776&lang=fr"},"author":{"name":"Med Ahmed","@id":"https:\/\/lequotidien.mr\/#\/schema\/person\/d2d350202a4d599685ed8abc25f97596"},"headline":"Nouadhibou : Vers la cr\u00e9ation d&#8217;une universit\u00e9 publique pluridisciplinaire","datePublished":"2024-12-18T11:16:44+00:00","mainEntityOfPage":{"@id":"https:\/\/lequotidien.mr\/?p=23776&lang=fr"},"wordCount":626,"commentCount":0,"publisher":{"@id":"https:\/\/lequotidien.mr\/#organization"},"image":{"@id":"https:\/\/lequotidien.mr\/?p=23776&lang=fr#primaryimage"},"thumbnailUrl":"https:\/\/lequotidien.mr\/wp-content\/uploads\/2024\/12\/photo-universite-NDB.jpg","articleSection":["Culture"],"inLanguage":"ar","potentialAction":[{"@type":"CommentAction","name":"Comment","target":["https:\/\/lequotidien.mr\/?p=23776&lang=fr#respond"]}]},{"@type":"WebPage","@id":"https:\/\/lequotidien.mr\/?p=23776&lang=fr","url":"https:\/\/lequotidien.mr\/?p=23776&lang=fr","name":"Nouadhibou : Vers la cr\u00e9ation d'une universit\u00e9 publique pluridisciplinaire - Le Quotidien de Nouakchott","isPartOf":{"@id":"https:\/\/lequotidien.mr\/#website"},"primaryImageOfPage":{"@id":"https:\/\/lequotidien.mr\/?p=23776&lang=fr#primaryimage"},"image":{"@id":"https:\/\/lequotidien.mr\/?p=23776&lang=fr#primaryimage"},"thumbnailUrl":"https:\/\/lequotidien.mr\/wp-content\/uploads\/2024\/12\/photo-universite-NDB.jpg","datePublished":"2024-12-18T11:16:44+00:00","breadcrumb":{"@id":"https:\/\/lequotidien.mr\/?p=23776&lang=fr#breadcrumb"},"inLanguage":"ar","potentialAction":[{"@type":"ReadAction","target":["https:\/\/lequotidien.mr\/?p=23776&lang=fr"]}]},{"@type":"ImageObject","inLanguage":"ar","@id":"https:\/\/lequotidien.mr\/?p=23776&lang=fr#primaryimage","url":"https:\/\/lequotidien.mr\/wp-content\/uploads\/2024\/12\/photo-universite-NDB.jpg","contentUrl":"https:\/\/lequotidien.mr\/wp-content\/uploads\/2024\/12\/photo-universite-NDB.jpg","width":571,"height":430},{"@type":"BreadcrumbList","@id":"https:\/\/lequotidien.mr\/?p=23776&lang=fr#breadcrumb","itemListElement":[{"@type":"ListItem","position":1,"name":"Home","item":"https:\/\/lequotidien.mr\/"},{"@type":"ListItem","position":2,"name":"Nouadhibou : Vers la cr\u00e9ation d&#8217;une universit\u00e9 publique pluridisciplinaire"}]},{"@type":"WebSite","@id":"https:\/\/lequotidien.mr\/#website","url":"https:\/\/lequotidien.mr\/","name":"Le Quotidien de Nouakchott","description":"\u0625\u062e\u0628\u0627\u0631\u064a\u0629 \u0645\u0633\u062a\u0642\u0644\u0629 \u0644\u0644\u0623\u0646\u0628\u0627\u0621 \u0627\u0644\u0639\u0627\u0645\u0629","publisher":{"@id":"https:\/\/lequotidien.mr\/#organization"},"potentialAction":[{"@type":"SearchAction","target":{"@type":"EntryPoint","urlTemplate":"https:\/\/lequotidien.mr\/?s={search_term_string}"},"query-input":{"@type":"PropertyValueSpecification","valueRequired":true,"valueName":"search_term_string"}}],"inLanguage":"ar"},{"@type":"Organization","@id":"https:\/\/lequotidien.mr\/#organization","name":"Le Quotidien de Nouakchott","url":"https:\/\/lequotidien.mr\/","logo":{"@type":"ImageObject","inLanguage":"ar","@id":"https:\/\/lequotidien.mr\/#\/schema\/logo\/image\/","url":"https:\/\/lequotidien.mr\/wp-content\/uploads\/2022\/11\/logolequotidien.jpg","contentUrl":"https:\/\/lequotidien.mr\/wp-content\/uploads\/2022\/11\/logolequotidien.jpg","width":290,"height":65,"caption":"Le Quotidien de Nouakchott"},"image":{"@id":"https:\/\/lequotidien.mr\/#\/schema\/logo\/image\/"},"sameAs":["https:\/\/web.facebook.com\/lequotidienmr","https:\/\/x.com\/lequotidienmr"]},{"@type":"Person","@id":"https:\/\/lequotidien.mr\/#\/schema\/person\/d2d350202a4d599685ed8abc25f97596","name":"Med Ahmed","image":{"@type":"ImageObject","inLanguage":"ar","@id":"https:\/\/secure.gravatar.com\/avatar\/fd2acc62ed50732923d1d39c17172c9b04149f142be92310ecc69e1358f94b52?s=96&d=mm&r=g","url":"https:\/\/secure.gravatar.com\/avatar\/fd2acc62ed50732923d1d39c17172c9b04149f142be92310ecc69e1358f94b52?s=96&d=mm&r=g","contentUrl":"https:\/\/secure.gravatar.com\/avatar\/fd2acc62ed50732923d1d39c17172c9b04149f142be92310ecc69e1358f94b52?s=96&d=mm&r=g","caption":"Med Ahmed"},"url":"https:\/\/lequotidien.mr\/?author=12"}]}},"_links":{"self":[{"href":"https:\/\/lequotidien.mr\/index.php?rest_route=\/wp\/v2\/posts\/23776","targetHints":{"allow":["GET"]}}],"collection":[{"href":"https:\/\/lequotidien.mr\/index.php?rest_route=\/wp\/v2\/posts"}],"about":[{"href":"https:\/\/lequotidien.mr\/index.php?rest_route=\/wp\/v2\/types\/post"}],"author":[{"embeddable":true,"href":"https:\/\/lequotidien.mr\/index.php?rest_route=\/wp\/v2\/users\/12"}],"replies":[{"embeddable":true,"href":"https:\/\/lequotidien.mr\/index.php?rest_route=%2Fwp%2Fv2%2Fcomments&post=23776"}],"version-history":[{"count":1,"href":"https:\/\/lequotidien.mr\/index.php?rest_route=\/wp\/v2\/posts\/23776\/revisions"}],"predecessor-version":[{"id":23778,"href":"https:\/\/lequotidien.mr\/index.php?rest_route=\/wp\/v2\/posts\/23776\/revisions\/23778"}],"wp:featuredmedia":[{"embeddable":true,"href":"https:\/\/lequotidien.mr\/index.php?rest_route=\/wp\/v2\/media\/23777"}],"wp:attachment":[{"href":"https:\/\/lequotidien.mr\/index.php?rest_route=%2Fwp%2Fv2%2Fmedia&parent=23776"}],"wp:term":[{"taxonomy":"category","embeddable":true,"href":"https:\/\/lequotidien.mr\/index.php?rest_route=%2Fwp%2Fv2%2Fcategories&post=23776"},{"taxonomy":"post_tag","embeddable":true,"href":"https:\/\/lequotidien.mr\/index.php?rest_route=%2Fwp%2Fv2%2Ftags&post=23776"}],"curies":[{"name":"wp","href":"https:\/\/api.w.org\/{rel}","templated":true}]}}