{"id":23770,"date":"2024-12-18T10:17:59","date_gmt":"2024-12-18T10:17:59","guid":{"rendered":"https:\/\/lequotidien.mr\/?p=23770"},"modified":"2024-12-18T10:17:59","modified_gmt":"2024-12-18T10:17:59","slug":"le-professeur-bernard-saison-honore-par-le-president-de-la-republique-apres-son-arrivee-a-nouakchott-pour-assister-a-la-13%e1%b5%89-edition-du-festival-de-chinguetti-2024","status":"publish","type":"post","link":"https:\/\/lequotidien.mr\/?p=23770&lang=fr","title":{"rendered":"Le Professeur Bernard Saison honor\u00e9 par le Pr\u00e9sident de la R\u00e9publique apr\u00e8s son arriv\u00e9e \u00e0 Nouakchott pour assister \u00e0 la 13\u1d49 \u00e9dition du Festival de Chinguetti 2024"},"content":{"rendered":"<p>Invit\u00e9 d&#8217;honneur \u00e0 la <strong>13\u1d49 \u00e9dition du Festival de Chinguetti 2024<\/strong>, le Professeur <strong>Bernard Saison<\/strong>, \u00e9minent arch\u00e9ologue fran\u00e7ais, a connu un accueil des plus inattendus \u00e0 son arriv\u00e9e en Mauritanie. Personne n&#8217;\u00e9tait pr\u00e9sent pour l&#8217;accueillir \u00e0 l&#8217;a\u00e9roport international de Nouakchott, le laissant livr\u00e9 \u00e0 lui-m\u00eame malgr\u00e9 son r\u00f4le central dans la pr\u00e9servation du patrimoine mauritanien.<\/p>\n<p>Cependant, cet incident f\u00e2cheux a rapidement \u00e9t\u00e9 rectifi\u00e9 de mani\u00e8re exemplaire. Hier soir, au Palais pr\u00e9sidentiel de Nouakchott, le Pr\u00e9sident de la R\u00e9publique et pr\u00e9sident en exercice de l&#8217;Union africaine, Mohamed Cheikh El Ghazouani, a personnellement re\u00e7u et honor\u00e9 le Professeur Saison pour son immense contribution \u00e0 l&#8217;arch\u00e9ologie et au patrimoine historique mauritaniens.<\/p>\n<p>Lors de cette rencontre, le Professeur Bernard Saison a \u00e9t\u00e9 d\u00e9cor\u00e9 en reconnaissance de ses travaux arch\u00e9ologiques, qui ont jou\u00e9 un r\u00f4le crucial dans la mise en valeur des sites historiques de <strong>Koumbi Saleh<\/strong> et de <strong>Taoudagoust<\/strong>.<\/p>\n<p>Pour l&#8217;occasion, le pr\u00e9sident Ghazouani a salu\u00e9 les efforts du savant, qu&#8217;il a qualifi\u00e9 de v\u00e9ritable ami de la Mauritanie. Il a soulign\u00e9 que les travaux du Professeur Saison ont contribu\u00e9 \u00e0 renforcer l&#8217;identit\u00e9 culturelle et \u00e0 promouvoir le patrimoine mauritanien sur la sc\u00e8ne internationale.<\/p>\n<p>L&#8217;entretien s&#8217;est d\u00e9roul\u00e9 en pr\u00e9sence de hautes personnalit\u00e9s, notamment le Ministre charg\u00e9 du Cabinet du Pr\u00e9sident de la R\u00e9publique, M. Nani Chrougha, et le Conseiller \u00e0 la Pr\u00e9sidence de la R\u00e9publique, M. El Houssein Naji.<\/p>\n<p>Ce geste de la part du Pr\u00e9sident de la R\u00e9publique a non seulement r\u00e9affirm\u00e9 l&#8217;importance qu&#8217;accorde la Mauritanie \u00e0 la pr\u00e9servation de son patrimoine, mais a \u00e9galement montr\u00e9 son profond respect pour les partenaires internationaux qui ont contribu\u00e9 \u00e0 cet effort.<\/p>\n<p>Les sites arch\u00e9ologiques de Koumbi Saleh et de Taoudagoust occupent une place centrale dans l&#8217;histoire de la Mauritanie et de l&#8217;Afrique de l&#8217;Ouest. Koumbi Saleh, ancienne capitale de l&#8217;Empire du Ghana, et Taoudagoust, centre majeur du commerce transsaharien, t\u00e9moignent de la richesse et de la complexit\u00e9 des civilisations sah\u00e9liennes. Les fouilles dirig\u00e9es par le Professeur Saison ont permis de red\u00e9couvrir ces lieux et de mettre en lumi\u00e8re leur r\u00f4le historique.<\/p>\n","protected":false},"excerpt":{"rendered":"<p>Invit\u00e9 d&#8217;honneur \u00e0 la 13\u1d49 \u00e9dition du Festival de Chinguetti 2024, le Professeur Bernard Saison, \u00e9minent arch\u00e9ologue fran\u00e7ais, a connu un accueil des plus inattendus \u00e0 son arriv\u00e9e en Mauritanie. Personne n&#8217;\u00e9tait pr\u00e9sent pour l&#8217;accueillir \u00e0 l&#8217;a\u00e9roport international de Nouakchott, le laissant livr\u00e9 \u00e0 lui-m\u00eame malgr\u00e9 son r\u00f4le central dans la pr\u00e9servation du patrimoine mauritanien&#8230;&#8230;<\/p>\n","protected":false},"author":12,"featured_media":23771,"comment_status":"open","ping_status":"open","sticky":false,"template":"","format":"standard","meta":{"footnotes":""},"categories":[23,55],"tags":[],"class_list":["post-23770","post","type-post","status-publish","format-standard","has-post-thumbnail","hentry","category-actualite","category-culture"],"yoast_head":"<!-- This site is optimized with the Yoast SEO plugin v27.5 - https:\/\/yoast.com\/product\/yoast-seo-wordpress\/ -->\n<title>Le Professeur Bernard Saison honor\u00e9 par le Pr\u00e9sident de la R\u00e9publique apr\u00e8s son arriv\u00e9e \u00e0 Nouakchott pour assister \u00e0 la 13\u1d49 \u00e9dition du Festival de Chinguetti 2024 - Le Quotidien de Nouakchott<\/title>\n<meta name=\"robots\" content=\"index, follow, max-snippet:-1, max-image-preview:large, max-video-preview:-1\" \/>\n<link rel=\"canonical\" href=\"https:\/\/lequotidien.mr\/?p=23770&lang=fr\" \/>\n<meta property=\"og:locale\" content=\"ar_AR\" \/>\n<meta property=\"og:type\" content=\"article\" \/>\n<meta property=\"og:title\" content=\"Le Professeur Bernard Saison honor\u00e9 par le Pr\u00e9sident de la R\u00e9publique apr\u00e8s son arriv\u00e9e \u00e0 Nouakchott pour assister \u00e0 la 13\u1d49 \u00e9dition du Festival de Chinguetti 2024 - Le Quotidien de Nouakchott\" \/>\n<meta property=\"og:description\" content=\"Invit\u00e9 d&#8217;honneur \u00e0 la 13\u1d49 \u00e9dition du Festival de Chinguetti 2024, le Professeur Bernard Saison, \u00e9minent arch\u00e9ologue fran\u00e7ais, a connu un accueil des plus inattendus \u00e0 son arriv\u00e9e en Mauritanie. Personne n&#8217;\u00e9tait pr\u00e9sent pour l&#8217;accueillir \u00e0 l&#8217;a\u00e9roport international de Nouakchott, le laissant livr\u00e9 \u00e0 lui-m\u00eame malgr\u00e9 son r\u00f4le central dans la pr\u00e9servation du patrimoine mauritanien......\" \/>\n<meta property=\"og:url\" content=\"https:\/\/lequotidien.mr\/?p=23770&amp;lang=fr\" \/>\n<meta property=\"og:site_name\" content=\"Le Quotidien de Nouakchott\" \/>\n<meta property=\"article:publisher\" content=\"https:\/\/web.facebook.com\/lequotidienmr\" \/>\n<meta property=\"article:published_time\" content=\"2024-12-18T10:17:59+00:00\" \/>\n<meta property=\"og:image\" content=\"https:\/\/lequotidien.mr\/wp-content\/uploads\/2024\/12\/photo-Bernard-Geologue-2-2.jpg\" \/>\n\t<meta property=\"og:image:width\" content=\"640\" \/>\n\t<meta property=\"og:image:height\" content=\"414\" \/>\n\t<meta property=\"og:image:type\" content=\"image\/jpeg\" \/>\n<meta name=\"author\" content=\"Med Ahmed\" \/>\n<meta name=\"twitter:card\" content=\"summary_large_image\" \/>\n<meta name=\"twitter:creator\" content=\"@lequotidienmr\" \/>\n<meta name=\"twitter:site\" content=\"@lequotidienmr\" \/>\n<meta name=\"twitter:label1\" content=\"\u0643\u064f\u062a\u0628 \u0628\u0648\u0627\u0633\u0637\u0629\" \/>\n\t<meta name=\"twitter:data1\" content=\"Med Ahmed\" \/>\n\t<meta name=\"twitter:label2\" content=\"\u0648\u0642\u062a \u0627\u0644\u0642\u0631\u0627\u0621\u0629 \u0627\u0644\u0645\u064f\u0642\u062f\u0651\u0631\" \/>\n\t<meta name=\"twitter:data2\" content=\"\u062f\u0642\u064a\u0642\u062a\u0627\u0646\" \/>\n<script type=\"application\/ld+json\" class=\"yoast-schema-graph\">{\"@context\":\"https:\\\/\\\/schema.org\",\"@graph\":[{\"@type\":\"Article\",\"@id\":\"https:\\\/\\\/lequotidien.mr\\\/?p=23770&lang=fr#article\",\"isPartOf\":{\"@id\":\"https:\\\/\\\/lequotidien.mr\\\/?p=23770&lang=fr\"},\"author\":{\"name\":\"Med Ahmed\",\"@id\":\"https:\\\/\\\/lequotidien.mr\\\/#\\\/schema\\\/person\\\/d2d350202a4d599685ed8abc25f97596\"},\"headline\":\"Le Professeur Bernard Saison honor\u00e9 par le Pr\u00e9sident de la R\u00e9publique apr\u00e8s son arriv\u00e9e \u00e0 Nouakchott pour assister \u00e0 la 13\u1d49 \u00e9dition du Festival de Chinguetti 2024\",\"datePublished\":\"2024-12-18T10:17:59+00:00\",\"mainEntityOfPage\":{\"@id\":\"https:\\\/\\\/lequotidien.mr\\\/?p=23770&lang=fr\"},\"wordCount\":408,\"commentCount\":0,\"publisher\":{\"@id\":\"https:\\\/\\\/lequotidien.mr\\\/#organization\"},\"image\":{\"@id\":\"https:\\\/\\\/lequotidien.mr\\\/?p=23770&lang=fr#primaryimage\"},\"thumbnailUrl\":\"https:\\\/\\\/lequotidien.mr\\\/wp-content\\\/uploads\\\/2024\\\/12\\\/photo-Bernard-Geologue-2-2.jpg\",\"articleSection\":[\"ACTUALIT\u00c9\",\"Culture\"],\"inLanguage\":\"ar\",\"potentialAction\":[{\"@type\":\"CommentAction\",\"name\":\"Comment\",\"target\":[\"https:\\\/\\\/lequotidien.mr\\\/?p=23770&lang=fr#respond\"]}]},{\"@type\":\"WebPage\",\"@id\":\"https:\\\/\\\/lequotidien.mr\\\/?p=23770&lang=fr\",\"url\":\"https:\\\/\\\/lequotidien.mr\\\/?p=23770&lang=fr\",\"name\":\"Le Professeur Bernard Saison honor\u00e9 par le Pr\u00e9sident de la R\u00e9publique apr\u00e8s son arriv\u00e9e \u00e0 Nouakchott pour assister \u00e0 la 13\u1d49 \u00e9dition du Festival de Chinguetti 2024 - Le Quotidien de Nouakchott\",\"isPartOf\":{\"@id\":\"https:\\\/\\\/lequotidien.mr\\\/#website\"},\"primaryImageOfPage\":{\"@id\":\"https:\\\/\\\/lequotidien.mr\\\/?p=23770&lang=fr#primaryimage\"},\"image\":{\"@id\":\"https:\\\/\\\/lequotidien.mr\\\/?p=23770&lang=fr#primaryimage\"},\"thumbnailUrl\":\"https:\\\/\\\/lequotidien.mr\\\/wp-content\\\/uploads\\\/2024\\\/12\\\/photo-Bernard-Geologue-2-2.jpg\",\"datePublished\":\"2024-12-18T10:17:59+00:00\",\"breadcrumb\":{\"@id\":\"https:\\\/\\\/lequotidien.mr\\\/?p=23770&lang=fr#breadcrumb\"},\"inLanguage\":\"ar\",\"potentialAction\":[{\"@type\":\"ReadAction\",\"target\":[\"https:\\\/\\\/lequotidien.mr\\\/?p=23770&lang=fr\"]}]},{\"@type\":\"ImageObject\",\"inLanguage\":\"ar\",\"@id\":\"https:\\\/\\\/lequotidien.mr\\\/?p=23770&lang=fr#primaryimage\",\"url\":\"https:\\\/\\\/lequotidien.mr\\\/wp-content\\\/uploads\\\/2024\\\/12\\\/photo-Bernard-Geologue-2-2.jpg\",\"contentUrl\":\"https:\\\/\\\/lequotidien.mr\\\/wp-content\\\/uploads\\\/2024\\\/12\\\/photo-Bernard-Geologue-2-2.jpg\",\"width\":640,\"height\":414},{\"@type\":\"BreadcrumbList\",\"@id\":\"https:\\\/\\\/lequotidien.mr\\\/?p=23770&lang=fr#breadcrumb\",\"itemListElement\":[{\"@type\":\"ListItem\",\"position\":1,\"name\":\"Home\",\"item\":\"https:\\\/\\\/lequotidien.mr\\\/\"},{\"@type\":\"ListItem\",\"position\":2,\"name\":\"Le Professeur Bernard Saison honor\u00e9 par le Pr\u00e9sident de la R\u00e9publique apr\u00e8s son arriv\u00e9e \u00e0 Nouakchott pour assister \u00e0 la 13\u1d49 \u00e9dition du Festival de Chinguetti 2024\"}]},{\"@type\":\"WebSite\",\"@id\":\"https:\\\/\\\/lequotidien.mr\\\/#website\",\"url\":\"https:\\\/\\\/lequotidien.mr\\\/\",\"name\":\"Le Quotidien de Nouakchott\",\"description\":\"\u0625\u062e\u0628\u0627\u0631\u064a\u0629 \u0645\u0633\u062a\u0642\u0644\u0629 \u0644\u0644\u0623\u0646\u0628\u0627\u0621 \u0627\u0644\u0639\u0627\u0645\u0629\",\"publisher\":{\"@id\":\"https:\\\/\\\/lequotidien.mr\\\/#organization\"},\"potentialAction\":[{\"@type\":\"SearchAction\",\"target\":{\"@type\":\"EntryPoint\",\"urlTemplate\":\"https:\\\/\\\/lequotidien.mr\\\/?s={search_term_string}\"},\"query-input\":{\"@type\":\"PropertyValueSpecification\",\"valueRequired\":true,\"valueName\":\"search_term_string\"}}],\"inLanguage\":\"ar\"},{\"@type\":\"Organization\",\"@id\":\"https:\\\/\\\/lequotidien.mr\\\/#organization\",\"name\":\"Le Quotidien de Nouakchott\",\"url\":\"https:\\\/\\\/lequotidien.mr\\\/\",\"logo\":{\"@type\":\"ImageObject\",\"inLanguage\":\"ar\",\"@id\":\"https:\\\/\\\/lequotidien.mr\\\/#\\\/schema\\\/logo\\\/image\\\/\",\"url\":\"https:\\\/\\\/lequotidien.mr\\\/wp-content\\\/uploads\\\/2022\\\/11\\\/logolequotidien.jpg\",\"contentUrl\":\"https:\\\/\\\/lequotidien.mr\\\/wp-content\\\/uploads\\\/2022\\\/11\\\/logolequotidien.jpg\",\"width\":290,\"height\":65,\"caption\":\"Le Quotidien de Nouakchott\"},\"image\":{\"@id\":\"https:\\\/\\\/lequotidien.mr\\\/#\\\/schema\\\/logo\\\/image\\\/\"},\"sameAs\":[\"https:\\\/\\\/web.facebook.com\\\/lequotidienmr\",\"https:\\\/\\\/x.com\\\/lequotidienmr\"]},{\"@type\":\"Person\",\"@id\":\"https:\\\/\\\/lequotidien.mr\\\/#\\\/schema\\\/person\\\/d2d350202a4d599685ed8abc25f97596\",\"name\":\"Med Ahmed\",\"image\":{\"@type\":\"ImageObject\",\"inLanguage\":\"ar\",\"@id\":\"https:\\\/\\\/secure.gravatar.com\\\/avatar\\\/fd2acc62ed50732923d1d39c17172c9b04149f142be92310ecc69e1358f94b52?s=96&d=mm&r=g\",\"url\":\"https:\\\/\\\/secure.gravatar.com\\\/avatar\\\/fd2acc62ed50732923d1d39c17172c9b04149f142be92310ecc69e1358f94b52?s=96&d=mm&r=g\",\"contentUrl\":\"https:\\\/\\\/secure.gravatar.com\\\/avatar\\\/fd2acc62ed50732923d1d39c17172c9b04149f142be92310ecc69e1358f94b52?s=96&d=mm&r=g\",\"caption\":\"Med Ahmed\"},\"url\":\"https:\\\/\\\/lequotidien.mr\\\/?author=12\"}]}<\/script>\n<!-- \/ Yoast SEO plugin. -->","yoast_head_json":{"title":"Le Professeur Bernard Saison honor\u00e9 par le Pr\u00e9sident de la R\u00e9publique apr\u00e8s son arriv\u00e9e \u00e0 Nouakchott pour assister \u00e0 la 13\u1d49 \u00e9dition du Festival de Chinguetti 2024 - Le Quotidien de Nouakchott","robots":{"index":"index","follow":"follow","max-snippet":"max-snippet:-1","max-image-preview":"max-image-preview:large","max-video-preview":"max-video-preview:-1"},"canonical":"https:\/\/lequotidien.mr\/?p=23770&lang=fr","og_locale":"ar_AR","og_type":"article","og_title":"Le Professeur Bernard Saison honor\u00e9 par le Pr\u00e9sident de la R\u00e9publique apr\u00e8s son arriv\u00e9e \u00e0 Nouakchott pour assister \u00e0 la 13\u1d49 \u00e9dition du Festival de Chinguetti 2024 - Le Quotidien de Nouakchott","og_description":"Invit\u00e9 d&#8217;honneur \u00e0 la 13\u1d49 \u00e9dition du Festival de Chinguetti 2024, le Professeur Bernard Saison, \u00e9minent arch\u00e9ologue fran\u00e7ais, a connu un accueil des plus inattendus \u00e0 son arriv\u00e9e en Mauritanie. Personne n&#8217;\u00e9tait pr\u00e9sent pour l&#8217;accueillir \u00e0 l&#8217;a\u00e9roport international de Nouakchott, le laissant livr\u00e9 \u00e0 lui-m\u00eame malgr\u00e9 son r\u00f4le central dans la pr\u00e9servation du patrimoine mauritanien......","og_url":"https:\/\/lequotidien.mr\/?p=23770&lang=fr","og_site_name":"Le Quotidien de Nouakchott","article_publisher":"https:\/\/web.facebook.com\/lequotidienmr","article_published_time":"2024-12-18T10:17:59+00:00","og_image":[{"width":640,"height":414,"url":"https:\/\/lequotidien.mr\/wp-content\/uploads\/2024\/12\/photo-Bernard-Geologue-2-2.jpg","type":"image\/jpeg"}],"author":"Med Ahmed","twitter_card":"summary_large_image","twitter_creator":"@lequotidienmr","twitter_site":"@lequotidienmr","twitter_misc":{"\u0643\u064f\u062a\u0628 \u0628\u0648\u0627\u0633\u0637\u0629":"Med Ahmed","\u0648\u0642\u062a \u0627\u0644\u0642\u0631\u0627\u0621\u0629 \u0627\u0644\u0645\u064f\u0642\u062f\u0651\u0631":"\u062f\u0642\u064a\u0642\u062a\u0627\u0646"},"schema":{"@context":"https:\/\/schema.org","@graph":[{"@type":"Article","@id":"https:\/\/lequotidien.mr\/?p=23770&lang=fr#article","isPartOf":{"@id":"https:\/\/lequotidien.mr\/?p=23770&lang=fr"},"author":{"name":"Med Ahmed","@id":"https:\/\/lequotidien.mr\/#\/schema\/person\/d2d350202a4d599685ed8abc25f97596"},"headline":"Le Professeur Bernard Saison honor\u00e9 par le Pr\u00e9sident de la R\u00e9publique apr\u00e8s son arriv\u00e9e \u00e0 Nouakchott pour assister \u00e0 la 13\u1d49 \u00e9dition du Festival de Chinguetti 2024","datePublished":"2024-12-18T10:17:59+00:00","mainEntityOfPage":{"@id":"https:\/\/lequotidien.mr\/?p=23770&lang=fr"},"wordCount":408,"commentCount":0,"publisher":{"@id":"https:\/\/lequotidien.mr\/#organization"},"image":{"@id":"https:\/\/lequotidien.mr\/?p=23770&lang=fr#primaryimage"},"thumbnailUrl":"https:\/\/lequotidien.mr\/wp-content\/uploads\/2024\/12\/photo-Bernard-Geologue-2-2.jpg","articleSection":["ACTUALIT\u00c9","Culture"],"inLanguage":"ar","potentialAction":[{"@type":"CommentAction","name":"Comment","target":["https:\/\/lequotidien.mr\/?p=23770&lang=fr#respond"]}]},{"@type":"WebPage","@id":"https:\/\/lequotidien.mr\/?p=23770&lang=fr","url":"https:\/\/lequotidien.mr\/?p=23770&lang=fr","name":"Le Professeur Bernard Saison honor\u00e9 par le Pr\u00e9sident de la R\u00e9publique apr\u00e8s son arriv\u00e9e \u00e0 Nouakchott pour assister \u00e0 la 13\u1d49 \u00e9dition du Festival de Chinguetti 2024 - Le Quotidien de Nouakchott","isPartOf":{"@id":"https:\/\/lequotidien.mr\/#website"},"primaryImageOfPage":{"@id":"https:\/\/lequotidien.mr\/?p=23770&lang=fr#primaryimage"},"image":{"@id":"https:\/\/lequotidien.mr\/?p=23770&lang=fr#primaryimage"},"thumbnailUrl":"https:\/\/lequotidien.mr\/wp-content\/uploads\/2024\/12\/photo-Bernard-Geologue-2-2.jpg","datePublished":"2024-12-18T10:17:59+00:00","breadcrumb":{"@id":"https:\/\/lequotidien.mr\/?p=23770&lang=fr#breadcrumb"},"inLanguage":"ar","potentialAction":[{"@type":"ReadAction","target":["https:\/\/lequotidien.mr\/?p=23770&lang=fr"]}]},{"@type":"ImageObject","inLanguage":"ar","@id":"https:\/\/lequotidien.mr\/?p=23770&lang=fr#primaryimage","url":"https:\/\/lequotidien.mr\/wp-content\/uploads\/2024\/12\/photo-Bernard-Geologue-2-2.jpg","contentUrl":"https:\/\/lequotidien.mr\/wp-content\/uploads\/2024\/12\/photo-Bernard-Geologue-2-2.jpg","width":640,"height":414},{"@type":"BreadcrumbList","@id":"https:\/\/lequotidien.mr\/?p=23770&lang=fr#breadcrumb","itemListElement":[{"@type":"ListItem","position":1,"name":"Home","item":"https:\/\/lequotidien.mr\/"},{"@type":"ListItem","position":2,"name":"Le Professeur Bernard Saison honor\u00e9 par le Pr\u00e9sident de la R\u00e9publique apr\u00e8s son arriv\u00e9e \u00e0 Nouakchott pour assister \u00e0 la 13\u1d49 \u00e9dition du Festival de Chinguetti 2024"}]},{"@type":"WebSite","@id":"https:\/\/lequotidien.mr\/#website","url":"https:\/\/lequotidien.mr\/","name":"Le Quotidien de Nouakchott","description":"\u0625\u062e\u0628\u0627\u0631\u064a\u0629 \u0645\u0633\u062a\u0642\u0644\u0629 \u0644\u0644\u0623\u0646\u0628\u0627\u0621 \u0627\u0644\u0639\u0627\u0645\u0629","publisher":{"@id":"https:\/\/lequotidien.mr\/#organization"},"potentialAction":[{"@type":"SearchAction","target":{"@type":"EntryPoint","urlTemplate":"https:\/\/lequotidien.mr\/?s={search_term_string}"},"query-input":{"@type":"PropertyValueSpecification","valueRequired":true,"valueName":"search_term_string"}}],"inLanguage":"ar"},{"@type":"Organization","@id":"https:\/\/lequotidien.mr\/#organization","name":"Le Quotidien de Nouakchott","url":"https:\/\/lequotidien.mr\/","logo":{"@type":"ImageObject","inLanguage":"ar","@id":"https:\/\/lequotidien.mr\/#\/schema\/logo\/image\/","url":"https:\/\/lequotidien.mr\/wp-content\/uploads\/2022\/11\/logolequotidien.jpg","contentUrl":"https:\/\/lequotidien.mr\/wp-content\/uploads\/2022\/11\/logolequotidien.jpg","width":290,"height":65,"caption":"Le Quotidien de Nouakchott"},"image":{"@id":"https:\/\/lequotidien.mr\/#\/schema\/logo\/image\/"},"sameAs":["https:\/\/web.facebook.com\/lequotidienmr","https:\/\/x.com\/lequotidienmr"]},{"@type":"Person","@id":"https:\/\/lequotidien.mr\/#\/schema\/person\/d2d350202a4d599685ed8abc25f97596","name":"Med Ahmed","image":{"@type":"ImageObject","inLanguage":"ar","@id":"https:\/\/secure.gravatar.com\/avatar\/fd2acc62ed50732923d1d39c17172c9b04149f142be92310ecc69e1358f94b52?s=96&d=mm&r=g","url":"https:\/\/secure.gravatar.com\/avatar\/fd2acc62ed50732923d1d39c17172c9b04149f142be92310ecc69e1358f94b52?s=96&d=mm&r=g","contentUrl":"https:\/\/secure.gravatar.com\/avatar\/fd2acc62ed50732923d1d39c17172c9b04149f142be92310ecc69e1358f94b52?s=96&d=mm&r=g","caption":"Med Ahmed"},"url":"https:\/\/lequotidien.mr\/?author=12"}]}},"_links":{"self":[{"href":"https:\/\/lequotidien.mr\/index.php?rest_route=\/wp\/v2\/posts\/23770","targetHints":{"allow":["GET"]}}],"collection":[{"href":"https:\/\/lequotidien.mr\/index.php?rest_route=\/wp\/v2\/posts"}],"about":[{"href":"https:\/\/lequotidien.mr\/index.php?rest_route=\/wp\/v2\/types\/post"}],"author":[{"embeddable":true,"href":"https:\/\/lequotidien.mr\/index.php?rest_route=\/wp\/v2\/users\/12"}],"replies":[{"embeddable":true,"href":"https:\/\/lequotidien.mr\/index.php?rest_route=%2Fwp%2Fv2%2Fcomments&post=23770"}],"version-history":[{"count":1,"href":"https:\/\/lequotidien.mr\/index.php?rest_route=\/wp\/v2\/posts\/23770\/revisions"}],"predecessor-version":[{"id":23772,"href":"https:\/\/lequotidien.mr\/index.php?rest_route=\/wp\/v2\/posts\/23770\/revisions\/23772"}],"wp:featuredmedia":[{"embeddable":true,"href":"https:\/\/lequotidien.mr\/index.php?rest_route=\/wp\/v2\/media\/23771"}],"wp:attachment":[{"href":"https:\/\/lequotidien.mr\/index.php?rest_route=%2Fwp%2Fv2%2Fmedia&parent=23770"}],"wp:term":[{"taxonomy":"category","embeddable":true,"href":"https:\/\/lequotidien.mr\/index.php?rest_route=%2Fwp%2Fv2%2Fcategories&post=23770"},{"taxonomy":"post_tag","embeddable":true,"href":"https:\/\/lequotidien.mr\/index.php?rest_route=%2Fwp%2Fv2%2Ftags&post=23770"}],"curies":[{"name":"wp","href":"https:\/\/api.w.org\/{rel}","templated":true}]}}