{"id":23761,"date":"2024-12-17T21:21:08","date_gmt":"2024-12-17T21:21:08","guid":{"rendered":"https:\/\/lequotidien.mr\/?p=23761"},"modified":"2024-12-17T21:21:08","modified_gmt":"2024-12-17T21:21:08","slug":"lancien-president-mauritanien-mohamed-ould-abdel-aziz-revele-de-nouvelles-informations-lors-de-son-proces","status":"publish","type":"post","link":"https:\/\/lequotidien.mr\/?p=23761&lang=fr","title":{"rendered":"L&#8217;ancien pr\u00e9sident mauritanien Mohamed Ould Abdel Aziz r\u00e9v\u00e8le de nouvelles informations lors de son proc\u00e8s"},"content":{"rendered":"<p>L&#8217;ancien pr\u00e9sident mauritanien Mohamed Ould Abdel Aziz a fait des d\u00e9clarations marquantes aujourd&#8217;hui lors de son proc\u00e8s, r\u00e9v\u00e9lant des d\u00e9cisions cruciales qu&#8217;il avait prises durant sa pr\u00e9sidence pour pr\u00e9server la souverainet\u00e9 et la s\u00e9curit\u00e9 nationale. Parmi ces d\u00e9cisions figurait le retrait du r\u00e9seau de t\u00e9l\u00e9communications gouvernemental ferm\u00e9 de la soci\u00e9t\u00e9 &#8220;Mauritel&#8221;. Il a expliqu\u00e9 que cette mesure avait \u00e9t\u00e9 motiv\u00e9e par la d\u00e9couverte que la soci\u00e9t\u00e9 contr\u00f4lait le r\u00e9seau et vendait des informations sensibles, lui permettant ainsi d&#8217;acc\u00e9der \u00e0 des enregistrements confidentiels du gouvernement.<\/p>\n<p>Ould Abdel Aziz a \u00e9galement indiqu\u00e9 qu\u2019il avait &#8220;lib\u00e9r\u00e9&#8221; plusieurs b\u00e2timents gouvernementaux sous le contr\u00f4le de Mauritel, notamment la Cour supr\u00eame et l\u2019Autorit\u00e9 de r\u00e9gulation, affirmant que ces actions faisaient partie de sa politique visant \u00e0 renforcer l&#8217;ind\u00e9pendance de l&#8217;\u00c9tat dans la gestion de ses ressources strat\u00e9giques.<\/p>\n<p>En outre, il a d\u00e9clar\u00e9 poss\u00e9der une collection de montres d&#8217;une valeur estim\u00e9e \u00e0 1,5 million de dollars, tout en pr\u00e9cisant qu&#8217;il n&#8217;avait pas d\u00e9bours\u00e9 de millions pour les acqu\u00e9rir. Il a ajout\u00e9 qu&#8217;il porte actuellement une montre d&#8217;une valeur de 20 000 ouguiyas. Il a \u00e9galement exhort\u00e9 le parquet \u00e0 enqu\u00eater sur l&#8217;origine des fonds qui lui ont \u00e9t\u00e9 attribu\u00e9s, insistant sur le fait que toute sa fortune \u00e9tait d\u00e9clar\u00e9e et que ses sources de revenus avaient \u00e9t\u00e9 plusieurs fois expliqu\u00e9es.<\/p>\n<p>Concernant les relations internationales, Mohamed Ould Abdel Aziz a rappel\u00e9 qu&#8217;il avait refus\u00e9 de si\u00e9ger aux c\u00f4t\u00e9s d&#8217;une d\u00e9l\u00e9gation isra\u00e9lienne lorsqu&#8217;il pr\u00e9sidait l&#8217;Union africaine, affirmant que sa d\u00e9cision \u00e9tait irr\u00e9vocable, m\u00eame apr\u00e8s les demandes d&#8217;explication de l&#8217;ancien pr\u00e9sident \u00e9gyptien.<\/p>\n<p>Il a par ailleurs mentionn\u00e9 avoir expuls\u00e9 une force fran\u00e7aise compos\u00e9e de 18 soldats stationn\u00e9s \u00e0 Atar, apr\u00e8s que la presse fran\u00e7aise eut affirm\u00e9 \u00e0 plusieurs reprises qu\u2019ils \u00e9taient en mission de maintien de la paix en Mauritanie. Il a soulign\u00e9 qu&#8217;il avait demand\u00e9 \u00e0 plusieurs reprises \u00e0 la France de ne pas induire l\u2019opinion publique en erreur, mais sans succ\u00e8s.<\/p>\n<p>Les d\u00e9clarations de l\u2019ancien pr\u00e9sident ont suscit\u00e9 de nombreuses r\u00e9actions en Mauritanie, certains y voyant un \u00e9clairage nouveau sur les d\u00e9cisions controvers\u00e9es prises durant ses dix ann\u00e9es au pouvoir.<\/p>\n","protected":false},"excerpt":{"rendered":"<p>L&#8217;ancien pr\u00e9sident mauritanien Mohamed Ould Abdel Aziz a fait des d\u00e9clarations marquantes aujourd&#8217;hui lors de son proc\u00e8s, r\u00e9v\u00e9lant des d\u00e9cisions cruciales qu&#8217;il avait prises durant sa pr\u00e9sidence pour pr\u00e9server la souverainet\u00e9 et la s\u00e9curit\u00e9 nationale. Parmi ces d\u00e9cisions figurait le retrait du r\u00e9seau de t\u00e9l\u00e9communications gouvernemental ferm\u00e9 de la soci\u00e9t\u00e9 &#8220;Mauritel&#8221;. Il a expliqu\u00e9 que&#8230;..<\/p>\n","protected":false},"author":13,"featured_media":5218,"comment_status":"open","ping_status":"open","sticky":false,"template":"","format":"standard","meta":{"footnotes":""},"categories":[23,49],"tags":[],"class_list":["post-23761","post","type-post","status-publish","format-standard","has-post-thumbnail","hentry","category-actualite","category-economie"],"yoast_head":"<!-- This site is optimized with the Yoast SEO plugin v27.5 - https:\/\/yoast.com\/product\/yoast-seo-wordpress\/ -->\n<title>L&#039;ancien pr\u00e9sident mauritanien Mohamed Ould Abdel Aziz r\u00e9v\u00e8le de nouvelles informations lors de son proc\u00e8s - Le Quotidien de Nouakchott<\/title>\n<meta name=\"robots\" content=\"index, follow, max-snippet:-1, max-image-preview:large, max-video-preview:-1\" \/>\n<link rel=\"canonical\" href=\"https:\/\/lequotidien.mr\/?p=23761&lang=fr\" \/>\n<meta property=\"og:locale\" content=\"ar_AR\" \/>\n<meta property=\"og:type\" content=\"article\" \/>\n<meta property=\"og:title\" content=\"L&#039;ancien pr\u00e9sident mauritanien Mohamed Ould Abdel Aziz r\u00e9v\u00e8le de nouvelles informations lors de son proc\u00e8s - Le Quotidien de Nouakchott\" \/>\n<meta property=\"og:description\" content=\"L&#8217;ancien pr\u00e9sident mauritanien Mohamed Ould Abdel Aziz a fait des d\u00e9clarations marquantes aujourd&#8217;hui lors de son proc\u00e8s, r\u00e9v\u00e9lant des d\u00e9cisions cruciales qu&#8217;il avait prises durant sa pr\u00e9sidence pour pr\u00e9server la souverainet\u00e9 et la s\u00e9curit\u00e9 nationale. Parmi ces d\u00e9cisions figurait le retrait du r\u00e9seau de t\u00e9l\u00e9communications gouvernemental ferm\u00e9 de la soci\u00e9t\u00e9 &#8220;Mauritel&#8221;. Il a expliqu\u00e9 que.....\" \/>\n<meta property=\"og:url\" content=\"https:\/\/lequotidien.mr\/?p=23761&amp;lang=fr\" \/>\n<meta property=\"og:site_name\" content=\"Le Quotidien de Nouakchott\" \/>\n<meta property=\"article:publisher\" content=\"https:\/\/web.facebook.com\/lequotidienmr\" \/>\n<meta property=\"article:published_time\" content=\"2024-12-17T21:21:08+00:00\" \/>\n<meta property=\"og:image\" content=\"https:\/\/lequotidien.mr\/wp-content\/uploads\/2023\/02\/aziz_9AED2772801B.jpg\" \/>\n\t<meta property=\"og:image:width\" content=\"1597\" \/>\n\t<meta property=\"og:image:height\" content=\"898\" \/>\n\t<meta property=\"og:image:type\" content=\"image\/jpeg\" \/>\n<meta name=\"author\" content=\"Fatimetou Ethemane\" \/>\n<meta name=\"twitter:card\" content=\"summary_large_image\" \/>\n<meta name=\"twitter:creator\" content=\"@lequotidienmr\" \/>\n<meta name=\"twitter:site\" content=\"@lequotidienmr\" \/>\n<meta name=\"twitter:label1\" content=\"\u0643\u064f\u062a\u0628 \u0628\u0648\u0627\u0633\u0637\u0629\" \/>\n\t<meta name=\"twitter:data1\" content=\"Fatimetou Ethemane\" \/>\n\t<meta name=\"twitter:label2\" content=\"\u0648\u0642\u062a \u0627\u0644\u0642\u0631\u0627\u0621\u0629 \u0627\u0644\u0645\u064f\u0642\u062f\u0651\u0631\" \/>\n\t<meta name=\"twitter:data2\" content=\"\u062f\u0642\u064a\u0642\u062a\u0627\u0646\" \/>\n<script type=\"application\/ld+json\" class=\"yoast-schema-graph\">{\"@context\":\"https:\\\/\\\/schema.org\",\"@graph\":[{\"@type\":\"Article\",\"@id\":\"https:\\\/\\\/lequotidien.mr\\\/?p=23761&lang=fr#article\",\"isPartOf\":{\"@id\":\"https:\\\/\\\/lequotidien.mr\\\/?p=23761&lang=fr\"},\"author\":{\"name\":\"Fatimetou Ethemane\",\"@id\":\"https:\\\/\\\/lequotidien.mr\\\/#\\\/schema\\\/person\\\/0926dbaf41ffa88b64cf66855b9b2826\"},\"headline\":\"L&#8217;ancien pr\u00e9sident mauritanien Mohamed Ould Abdel Aziz r\u00e9v\u00e8le de nouvelles informations lors de son proc\u00e8s\",\"datePublished\":\"2024-12-17T21:21:08+00:00\",\"mainEntityOfPage\":{\"@id\":\"https:\\\/\\\/lequotidien.mr\\\/?p=23761&lang=fr\"},\"wordCount\":436,\"commentCount\":0,\"publisher\":{\"@id\":\"https:\\\/\\\/lequotidien.mr\\\/#organization\"},\"image\":{\"@id\":\"https:\\\/\\\/lequotidien.mr\\\/?p=23761&lang=fr#primaryimage\"},\"thumbnailUrl\":\"https:\\\/\\\/lequotidien.mr\\\/wp-content\\\/uploads\\\/2023\\\/02\\\/aziz_9AED2772801B.jpg\",\"articleSection\":[\"ACTUALIT\u00c9\",\"Economie\"],\"inLanguage\":\"ar\",\"potentialAction\":[{\"@type\":\"CommentAction\",\"name\":\"Comment\",\"target\":[\"https:\\\/\\\/lequotidien.mr\\\/?p=23761&lang=fr#respond\"]}]},{\"@type\":\"WebPage\",\"@id\":\"https:\\\/\\\/lequotidien.mr\\\/?p=23761&lang=fr\",\"url\":\"https:\\\/\\\/lequotidien.mr\\\/?p=23761&lang=fr\",\"name\":\"L'ancien pr\u00e9sident mauritanien Mohamed Ould Abdel Aziz r\u00e9v\u00e8le de nouvelles informations lors de son proc\u00e8s - Le Quotidien de Nouakchott\",\"isPartOf\":{\"@id\":\"https:\\\/\\\/lequotidien.mr\\\/#website\"},\"primaryImageOfPage\":{\"@id\":\"https:\\\/\\\/lequotidien.mr\\\/?p=23761&lang=fr#primaryimage\"},\"image\":{\"@id\":\"https:\\\/\\\/lequotidien.mr\\\/?p=23761&lang=fr#primaryimage\"},\"thumbnailUrl\":\"https:\\\/\\\/lequotidien.mr\\\/wp-content\\\/uploads\\\/2023\\\/02\\\/aziz_9AED2772801B.jpg\",\"datePublished\":\"2024-12-17T21:21:08+00:00\",\"breadcrumb\":{\"@id\":\"https:\\\/\\\/lequotidien.mr\\\/?p=23761&lang=fr#breadcrumb\"},\"inLanguage\":\"ar\",\"potentialAction\":[{\"@type\":\"ReadAction\",\"target\":[\"https:\\\/\\\/lequotidien.mr\\\/?p=23761&lang=fr\"]}]},{\"@type\":\"ImageObject\",\"inLanguage\":\"ar\",\"@id\":\"https:\\\/\\\/lequotidien.mr\\\/?p=23761&lang=fr#primaryimage\",\"url\":\"https:\\\/\\\/lequotidien.mr\\\/wp-content\\\/uploads\\\/2023\\\/02\\\/aziz_9AED2772801B.jpg\",\"contentUrl\":\"https:\\\/\\\/lequotidien.mr\\\/wp-content\\\/uploads\\\/2023\\\/02\\\/aziz_9AED2772801B.jpg\",\"width\":1597,\"height\":898},{\"@type\":\"BreadcrumbList\",\"@id\":\"https:\\\/\\\/lequotidien.mr\\\/?p=23761&lang=fr#breadcrumb\",\"itemListElement\":[{\"@type\":\"ListItem\",\"position\":1,\"name\":\"Home\",\"item\":\"https:\\\/\\\/lequotidien.mr\\\/\"},{\"@type\":\"ListItem\",\"position\":2,\"name\":\"L&#8217;ancien pr\u00e9sident mauritanien Mohamed Ould Abdel Aziz r\u00e9v\u00e8le de nouvelles informations lors de son proc\u00e8s\"}]},{\"@type\":\"WebSite\",\"@id\":\"https:\\\/\\\/lequotidien.mr\\\/#website\",\"url\":\"https:\\\/\\\/lequotidien.mr\\\/\",\"name\":\"Le Quotidien de Nouakchott\",\"description\":\"\u0625\u062e\u0628\u0627\u0631\u064a\u0629 \u0645\u0633\u062a\u0642\u0644\u0629 \u0644\u0644\u0623\u0646\u0628\u0627\u0621 \u0627\u0644\u0639\u0627\u0645\u0629\",\"publisher\":{\"@id\":\"https:\\\/\\\/lequotidien.mr\\\/#organization\"},\"potentialAction\":[{\"@type\":\"SearchAction\",\"target\":{\"@type\":\"EntryPoint\",\"urlTemplate\":\"https:\\\/\\\/lequotidien.mr\\\/?s={search_term_string}\"},\"query-input\":{\"@type\":\"PropertyValueSpecification\",\"valueRequired\":true,\"valueName\":\"search_term_string\"}}],\"inLanguage\":\"ar\"},{\"@type\":\"Organization\",\"@id\":\"https:\\\/\\\/lequotidien.mr\\\/#organization\",\"name\":\"Le Quotidien de Nouakchott\",\"url\":\"https:\\\/\\\/lequotidien.mr\\\/\",\"logo\":{\"@type\":\"ImageObject\",\"inLanguage\":\"ar\",\"@id\":\"https:\\\/\\\/lequotidien.mr\\\/#\\\/schema\\\/logo\\\/image\\\/\",\"url\":\"https:\\\/\\\/lequotidien.mr\\\/wp-content\\\/uploads\\\/2022\\\/11\\\/logolequotidien.jpg\",\"contentUrl\":\"https:\\\/\\\/lequotidien.mr\\\/wp-content\\\/uploads\\\/2022\\\/11\\\/logolequotidien.jpg\",\"width\":290,\"height\":65,\"caption\":\"Le Quotidien de Nouakchott\"},\"image\":{\"@id\":\"https:\\\/\\\/lequotidien.mr\\\/#\\\/schema\\\/logo\\\/image\\\/\"},\"sameAs\":[\"https:\\\/\\\/web.facebook.com\\\/lequotidienmr\",\"https:\\\/\\\/x.com\\\/lequotidienmr\"]},{\"@type\":\"Person\",\"@id\":\"https:\\\/\\\/lequotidien.mr\\\/#\\\/schema\\\/person\\\/0926dbaf41ffa88b64cf66855b9b2826\",\"name\":\"Fatimetou Ethemane\",\"image\":{\"@type\":\"ImageObject\",\"inLanguage\":\"ar\",\"@id\":\"https:\\\/\\\/secure.gravatar.com\\\/avatar\\\/38fea9097a5e574debe9801202088f6f4429fdac0912587175811aad50d9706e?s=96&d=mm&r=g\",\"url\":\"https:\\\/\\\/secure.gravatar.com\\\/avatar\\\/38fea9097a5e574debe9801202088f6f4429fdac0912587175811aad50d9706e?s=96&d=mm&r=g\",\"contentUrl\":\"https:\\\/\\\/secure.gravatar.com\\\/avatar\\\/38fea9097a5e574debe9801202088f6f4429fdac0912587175811aad50d9706e?s=96&d=mm&r=g\",\"caption\":\"Fatimetou Ethemane\"},\"sameAs\":[\"http:\\\/\\\/lequotidien.mr\"],\"url\":\"https:\\\/\\\/lequotidien.mr\\\/?author=13\"}]}<\/script>\n<!-- \/ Yoast SEO plugin. -->","yoast_head_json":{"title":"L'ancien pr\u00e9sident mauritanien Mohamed Ould Abdel Aziz r\u00e9v\u00e8le de nouvelles informations lors de son proc\u00e8s - Le Quotidien de Nouakchott","robots":{"index":"index","follow":"follow","max-snippet":"max-snippet:-1","max-image-preview":"max-image-preview:large","max-video-preview":"max-video-preview:-1"},"canonical":"https:\/\/lequotidien.mr\/?p=23761&lang=fr","og_locale":"ar_AR","og_type":"article","og_title":"L'ancien pr\u00e9sident mauritanien Mohamed Ould Abdel Aziz r\u00e9v\u00e8le de nouvelles informations lors de son proc\u00e8s - Le Quotidien de Nouakchott","og_description":"L&#8217;ancien pr\u00e9sident mauritanien Mohamed Ould Abdel Aziz a fait des d\u00e9clarations marquantes aujourd&#8217;hui lors de son proc\u00e8s, r\u00e9v\u00e9lant des d\u00e9cisions cruciales qu&#8217;il avait prises durant sa pr\u00e9sidence pour pr\u00e9server la souverainet\u00e9 et la s\u00e9curit\u00e9 nationale. Parmi ces d\u00e9cisions figurait le retrait du r\u00e9seau de t\u00e9l\u00e9communications gouvernemental ferm\u00e9 de la soci\u00e9t\u00e9 &#8220;Mauritel&#8221;. Il a expliqu\u00e9 que.....","og_url":"https:\/\/lequotidien.mr\/?p=23761&lang=fr","og_site_name":"Le Quotidien de Nouakchott","article_publisher":"https:\/\/web.facebook.com\/lequotidienmr","article_published_time":"2024-12-17T21:21:08+00:00","og_image":[{"width":1597,"height":898,"url":"https:\/\/lequotidien.mr\/wp-content\/uploads\/2023\/02\/aziz_9AED2772801B.jpg","type":"image\/jpeg"}],"author":"Fatimetou Ethemane","twitter_card":"summary_large_image","twitter_creator":"@lequotidienmr","twitter_site":"@lequotidienmr","twitter_misc":{"\u0643\u064f\u062a\u0628 \u0628\u0648\u0627\u0633\u0637\u0629":"Fatimetou Ethemane","\u0648\u0642\u062a \u0627\u0644\u0642\u0631\u0627\u0621\u0629 \u0627\u0644\u0645\u064f\u0642\u062f\u0651\u0631":"\u062f\u0642\u064a\u0642\u062a\u0627\u0646"},"schema":{"@context":"https:\/\/schema.org","@graph":[{"@type":"Article","@id":"https:\/\/lequotidien.mr\/?p=23761&lang=fr#article","isPartOf":{"@id":"https:\/\/lequotidien.mr\/?p=23761&lang=fr"},"author":{"name":"Fatimetou Ethemane","@id":"https:\/\/lequotidien.mr\/#\/schema\/person\/0926dbaf41ffa88b64cf66855b9b2826"},"headline":"L&#8217;ancien pr\u00e9sident mauritanien Mohamed Ould Abdel Aziz r\u00e9v\u00e8le de nouvelles informations lors de son proc\u00e8s","datePublished":"2024-12-17T21:21:08+00:00","mainEntityOfPage":{"@id":"https:\/\/lequotidien.mr\/?p=23761&lang=fr"},"wordCount":436,"commentCount":0,"publisher":{"@id":"https:\/\/lequotidien.mr\/#organization"},"image":{"@id":"https:\/\/lequotidien.mr\/?p=23761&lang=fr#primaryimage"},"thumbnailUrl":"https:\/\/lequotidien.mr\/wp-content\/uploads\/2023\/02\/aziz_9AED2772801B.jpg","articleSection":["ACTUALIT\u00c9","Economie"],"inLanguage":"ar","potentialAction":[{"@type":"CommentAction","name":"Comment","target":["https:\/\/lequotidien.mr\/?p=23761&lang=fr#respond"]}]},{"@type":"WebPage","@id":"https:\/\/lequotidien.mr\/?p=23761&lang=fr","url":"https:\/\/lequotidien.mr\/?p=23761&lang=fr","name":"L'ancien pr\u00e9sident mauritanien Mohamed Ould Abdel Aziz r\u00e9v\u00e8le de nouvelles informations lors de son proc\u00e8s - Le Quotidien de Nouakchott","isPartOf":{"@id":"https:\/\/lequotidien.mr\/#website"},"primaryImageOfPage":{"@id":"https:\/\/lequotidien.mr\/?p=23761&lang=fr#primaryimage"},"image":{"@id":"https:\/\/lequotidien.mr\/?p=23761&lang=fr#primaryimage"},"thumbnailUrl":"https:\/\/lequotidien.mr\/wp-content\/uploads\/2023\/02\/aziz_9AED2772801B.jpg","datePublished":"2024-12-17T21:21:08+00:00","breadcrumb":{"@id":"https:\/\/lequotidien.mr\/?p=23761&lang=fr#breadcrumb"},"inLanguage":"ar","potentialAction":[{"@type":"ReadAction","target":["https:\/\/lequotidien.mr\/?p=23761&lang=fr"]}]},{"@type":"ImageObject","inLanguage":"ar","@id":"https:\/\/lequotidien.mr\/?p=23761&lang=fr#primaryimage","url":"https:\/\/lequotidien.mr\/wp-content\/uploads\/2023\/02\/aziz_9AED2772801B.jpg","contentUrl":"https:\/\/lequotidien.mr\/wp-content\/uploads\/2023\/02\/aziz_9AED2772801B.jpg","width":1597,"height":898},{"@type":"BreadcrumbList","@id":"https:\/\/lequotidien.mr\/?p=23761&lang=fr#breadcrumb","itemListElement":[{"@type":"ListItem","position":1,"name":"Home","item":"https:\/\/lequotidien.mr\/"},{"@type":"ListItem","position":2,"name":"L&#8217;ancien pr\u00e9sident mauritanien Mohamed Ould Abdel Aziz r\u00e9v\u00e8le de nouvelles informations lors de son proc\u00e8s"}]},{"@type":"WebSite","@id":"https:\/\/lequotidien.mr\/#website","url":"https:\/\/lequotidien.mr\/","name":"Le Quotidien de Nouakchott","description":"\u0625\u062e\u0628\u0627\u0631\u064a\u0629 \u0645\u0633\u062a\u0642\u0644\u0629 \u0644\u0644\u0623\u0646\u0628\u0627\u0621 \u0627\u0644\u0639\u0627\u0645\u0629","publisher":{"@id":"https:\/\/lequotidien.mr\/#organization"},"potentialAction":[{"@type":"SearchAction","target":{"@type":"EntryPoint","urlTemplate":"https:\/\/lequotidien.mr\/?s={search_term_string}"},"query-input":{"@type":"PropertyValueSpecification","valueRequired":true,"valueName":"search_term_string"}}],"inLanguage":"ar"},{"@type":"Organization","@id":"https:\/\/lequotidien.mr\/#organization","name":"Le Quotidien de Nouakchott","url":"https:\/\/lequotidien.mr\/","logo":{"@type":"ImageObject","inLanguage":"ar","@id":"https:\/\/lequotidien.mr\/#\/schema\/logo\/image\/","url":"https:\/\/lequotidien.mr\/wp-content\/uploads\/2022\/11\/logolequotidien.jpg","contentUrl":"https:\/\/lequotidien.mr\/wp-content\/uploads\/2022\/11\/logolequotidien.jpg","width":290,"height":65,"caption":"Le Quotidien de Nouakchott"},"image":{"@id":"https:\/\/lequotidien.mr\/#\/schema\/logo\/image\/"},"sameAs":["https:\/\/web.facebook.com\/lequotidienmr","https:\/\/x.com\/lequotidienmr"]},{"@type":"Person","@id":"https:\/\/lequotidien.mr\/#\/schema\/person\/0926dbaf41ffa88b64cf66855b9b2826","name":"Fatimetou Ethemane","image":{"@type":"ImageObject","inLanguage":"ar","@id":"https:\/\/secure.gravatar.com\/avatar\/38fea9097a5e574debe9801202088f6f4429fdac0912587175811aad50d9706e?s=96&d=mm&r=g","url":"https:\/\/secure.gravatar.com\/avatar\/38fea9097a5e574debe9801202088f6f4429fdac0912587175811aad50d9706e?s=96&d=mm&r=g","contentUrl":"https:\/\/secure.gravatar.com\/avatar\/38fea9097a5e574debe9801202088f6f4429fdac0912587175811aad50d9706e?s=96&d=mm&r=g","caption":"Fatimetou Ethemane"},"sameAs":["http:\/\/lequotidien.mr"],"url":"https:\/\/lequotidien.mr\/?author=13"}]}},"_links":{"self":[{"href":"https:\/\/lequotidien.mr\/index.php?rest_route=\/wp\/v2\/posts\/23761","targetHints":{"allow":["GET"]}}],"collection":[{"href":"https:\/\/lequotidien.mr\/index.php?rest_route=\/wp\/v2\/posts"}],"about":[{"href":"https:\/\/lequotidien.mr\/index.php?rest_route=\/wp\/v2\/types\/post"}],"author":[{"embeddable":true,"href":"https:\/\/lequotidien.mr\/index.php?rest_route=\/wp\/v2\/users\/13"}],"replies":[{"embeddable":true,"href":"https:\/\/lequotidien.mr\/index.php?rest_route=%2Fwp%2Fv2%2Fcomments&post=23761"}],"version-history":[{"count":1,"href":"https:\/\/lequotidien.mr\/index.php?rest_route=\/wp\/v2\/posts\/23761\/revisions"}],"predecessor-version":[{"id":23762,"href":"https:\/\/lequotidien.mr\/index.php?rest_route=\/wp\/v2\/posts\/23761\/revisions\/23762"}],"wp:featuredmedia":[{"embeddable":true,"href":"https:\/\/lequotidien.mr\/index.php?rest_route=\/wp\/v2\/media\/5218"}],"wp:attachment":[{"href":"https:\/\/lequotidien.mr\/index.php?rest_route=%2Fwp%2Fv2%2Fmedia&parent=23761"}],"wp:term":[{"taxonomy":"category","embeddable":true,"href":"https:\/\/lequotidien.mr\/index.php?rest_route=%2Fwp%2Fv2%2Fcategories&post=23761"},{"taxonomy":"post_tag","embeddable":true,"href":"https:\/\/lequotidien.mr\/index.php?rest_route=%2Fwp%2Fv2%2Ftags&post=23761"}],"curies":[{"name":"wp","href":"https:\/\/api.w.org\/{rel}","templated":true}]}}