{"id":23728,"date":"2024-12-17T11:48:37","date_gmt":"2024-12-17T11:48:37","guid":{"rendered":"https:\/\/lequotidien.mr\/?p=23728"},"modified":"2024-12-17T11:51:59","modified_gmt":"2024-12-17T11:51:59","slug":"gazoduc-afrique-atlantique-la-cedeao-fait-un-pas-decisif-pour-lintegration-energetique","status":"publish","type":"post","link":"https:\/\/lequotidien.mr\/?p=23728&lang=fr","title":{"rendered":"Gazoduc Afrique Atlantique : La CEDEAO fait un pas d\u00e9cisif vers l&#8217;int\u00e9gration \u00e9nerg\u00e9tique"},"content":{"rendered":"<p>Lors de la 93\u1d49 session ordinaire du Conseil des ministres de la Communaut\u00e9 \u00e9conomique des \u00c9tats de l&#8217;Afrique de l&#8217;Ouest (CEDEAO), tenue en d\u00e9cembre 2024 \u00e0 <strong>Abuja<\/strong>, le pr\u00e9sident de la Commission, <strong>Omar Alieu Touray<\/strong>, a soulign\u00e9 les progr\u00e8s majeurs accomplis dans l&#8217;extension du <strong>Gazoduc de l&#8217;Afrique de l&#8217;Ouest (WAGP)<\/strong>. Ce projet strat\u00e9gique repr\u00e9sente une avanc\u00e9e d\u00e9cisive pour renforcer l&#8217;int\u00e9gration r\u00e9gionale et promouvoir la coop\u00e9ration \u00e9conomique entre l&#8217;Afrique de l&#8217;Ouest, le Maghreb et l&#8217;Europe.<\/p>\n<p><strong>Une infrastructure \u00e9nerg\u00e9tique d&#8217;envergure<\/strong><\/p>\n<p>Le <strong>Gazoduc Afrique Atlantique<\/strong>, long de <strong>6 800 kilom\u00e8tres<\/strong>, vise \u00e0 relier directement le <strong>Nigeria<\/strong> au <strong>Maroc<\/strong> en traversant plusieurs pays d&#8217;Afrique de l&#8217;Ouest, notamment la <strong>Mauritanie<\/strong>, le <strong>S\u00e9n\u00e9gal<\/strong> et d&#8217;autres membres de la CEDEAO. Avec une capacit\u00e9 annuelle de <strong>30 milliards de m\u00e8tres cubes de gaz naturel<\/strong>, ce projet ambitionne de r\u00e9pondre aux besoins \u00e9nerg\u00e9tiques croissants de la r\u00e9gion tout en soutenant l\u2019industrialisation et l&#8217;acc\u00e8s \u00e0 l&#8217;\u00e9nergie des pays h\u00f4tes.<\/p>\n<p>L&#8217;accord intergouvernemental, ratifi\u00e9 lors de cette session, pr\u00e9voit une signature officielle d&#8217;ici juin 2025. La premi\u00e8re phase du projet devrait voir le jour d&#8217;ici 2029, marquant ainsi un jalon crucial dans la concr\u00e9tisation de cette infrastructure.<\/p>\n<p><strong>Un levier pour l&#8217;int\u00e9gration r\u00e9gionale et \u00e9conomique<\/strong><\/p>\n<p>Au-del\u00e0 de sa vocation \u00e9nerg\u00e9tique, le gazoduc incarne un v\u00e9ritable levier d&#8217;int\u00e9gration \u00e9conomique et g\u00e9opolitique. Il contribuera non seulement \u00e0 <strong>l&#8217;approvisionnement \u00e9nerg\u00e9tique<\/strong> en gaz naturel des pays africains et europ\u00e9ens, mais il soutiendra \u00e9galement des secteurs strat\u00e9giques comme l&#8217;<strong>industrie<\/strong>, les mines et la cr\u00e9ation d&#8217;emplois.<\/p>\n<p>Pour le pr\u00e9sident de la Commission de la CEDEAO, Omar Alieu Touray, ce projet est un pilier essentiel pour promouvoir une croissance durable et garantir la stabilit\u00e9 r\u00e9gionale. Toutefois, il a soulign\u00e9 que la r\u00e9ussite de cette initiative d\u00e9pendra largement de la mobilisation des financements, avec un appel lanc\u00e9 aux partenaires au d\u00e9veloppement et au secteur priv\u00e9 pour acc\u00e9l\u00e9rer sa r\u00e9alisation.<\/p>\n<p><strong>Les prochaines \u00e9tapes : appels d&#8217;offres et coop\u00e9ration renforc\u00e9e<\/strong><\/p>\n<p>Selon des sources fiables, le lancement des appels d&#8217;offres pour les premi\u00e8res \u00e9tapes de la mise en \u0153uvre du projet est pr\u00e9vu pour <strong>2025<\/strong>. Une partie importante du gazoduc sera install\u00e9e au Maroc, dans le cadre du plan d&#8217;action 2025 de l&#8217;Office national des hydrocarbures et des mines.<\/p>\n<p>Les premiers appels d&#8217;offres se concentreront sur les sections strat\u00e9giques traversant le <strong>Maroc<\/strong>, la <strong>Mauritanie<\/strong> et le <strong>S\u00e9n\u00e9gal<\/strong>. Plusieurs accords portant sur le transport de gaz devraient \u00eatre finalis\u00e9s d\u00e8s l&#8217;ann\u00e9e prochaine, consolidant ainsi l&#8217;engagement des pays concern\u00e9s, notamment la Gambie, la Guin\u00e9e-Bissau, la Sierra Leone, le Ghana, la Guin\u00e9e, le Liberia, le B\u00e9nin et la C\u00f4te d&#8217;Ivoire.<\/p>\n<p><strong>Le Nig\u00e9ria au c\u0153ur du projet<\/strong><\/p>\n<p>Ce projet repose sur l&#8217;exploitation des importantes r\u00e9serves gazi\u00e8res du Nigeria, qui poss\u00e8dent les premi\u00e8res r\u00e9serves prouv\u00e9es de gaz naturel en Afrique. En tant que pilier central de cette initiative, le Nigeria joue un r\u00f4le strat\u00e9gique pour garantir l&#8217;approvisionnement \u00e9nerg\u00e9tique de l&#8217;Europe tout en renfor\u00e7ant l&#8217;int\u00e9gration \u00e9conomique des pays africains participants.<\/p>\n<p>Le Gazoduc Afrique Atlantique s&#8217;inscrit dans une vision ambitieuse : celle de transformer l&#8217;\u00e9nergie en moteur de d\u00e9veloppement \u00e9conomique et d&#8217;\u00e9tablir un trait d&#8217;union strat\u00e9gique entre trait d&#8217;union strat\u00e9gique entre l&#8217;Afrique et l&#8217;Europe. Il ne s&#8217;agit pas seulement d&#8217;une infrastructure, mais d&#8217;un projet \u00e0 impact humain<strong>, <\/strong>politique et s\u00e9curitaire majeur pour la r\u00e9gion.<\/p>\n","protected":false},"excerpt":{"rendered":"<p>Lors de la 93\u1d49 session ordinaire du Conseil des ministres de la Communaut\u00e9 \u00e9conomique des \u00c9tats de l&#8217;Afrique de l&#8217;Ouest (CEDEAO), tenue en d\u00e9cembre 2024 \u00e0 Abuja, le pr\u00e9sident de la Commission, Omar Alieu Touray, a soulign\u00e9 les progr\u00e8s majeurs accomplis dans l&#8217;extension du Gazoduc de l&#8217;Afrique de l&#8217;Ouest (WAGP). Ce projet strat\u00e9gique repr\u00e9sente une&#8230;..<\/p>\n","protected":false},"author":12,"featured_media":23729,"comment_status":"open","ping_status":"open","sticky":false,"template":"","format":"standard","meta":{"footnotes":""},"categories":[23,49],"tags":[],"class_list":["post-23728","post","type-post","status-publish","format-standard","has-post-thumbnail","hentry","category-actualite","category-economie"],"yoast_head":"<!-- This site is optimized with the Yoast SEO plugin v27.5 - https:\/\/yoast.com\/product\/yoast-seo-wordpress\/ -->\n<title>Gazoduc Afrique Atlantique : La CEDEAO fait un pas d\u00e9cisif vers l&#039;int\u00e9gration \u00e9nerg\u00e9tique - Le Quotidien de Nouakchott<\/title>\n<meta name=\"robots\" content=\"index, follow, max-snippet:-1, max-image-preview:large, max-video-preview:-1\" \/>\n<link rel=\"canonical\" href=\"https:\/\/lequotidien.mr\/?p=23728&lang=fr\" \/>\n<meta property=\"og:locale\" content=\"ar_AR\" \/>\n<meta property=\"og:type\" content=\"article\" \/>\n<meta property=\"og:title\" content=\"Gazoduc Afrique Atlantique : La CEDEAO fait un pas d\u00e9cisif vers l&#039;int\u00e9gration \u00e9nerg\u00e9tique - Le Quotidien de Nouakchott\" \/>\n<meta property=\"og:description\" content=\"Lors de la 93\u1d49 session ordinaire du Conseil des ministres de la Communaut\u00e9 \u00e9conomique des \u00c9tats de l&#8217;Afrique de l&#8217;Ouest (CEDEAO), tenue en d\u00e9cembre 2024 \u00e0 Abuja, le pr\u00e9sident de la Commission, Omar Alieu Touray, a soulign\u00e9 les progr\u00e8s majeurs accomplis dans l&#8217;extension du Gazoduc de l&#8217;Afrique de l&#8217;Ouest (WAGP). Ce projet strat\u00e9gique repr\u00e9sente une.....\" \/>\n<meta property=\"og:url\" content=\"https:\/\/lequotidien.mr\/?p=23728&amp;lang=fr\" \/>\n<meta property=\"og:site_name\" content=\"Le Quotidien de Nouakchott\" \/>\n<meta property=\"article:publisher\" content=\"https:\/\/web.facebook.com\/lequotidienmr\" \/>\n<meta property=\"article:published_time\" content=\"2024-12-17T11:48:37+00:00\" \/>\n<meta property=\"article:modified_time\" content=\"2024-12-17T11:51:59+00:00\" \/>\n<meta property=\"og:image\" content=\"https:\/\/lequotidien.mr\/wp-content\/uploads\/2024\/12\/photo-gazoduc-ngeria-1.jpeg\" \/>\n\t<meta property=\"og:image:width\" content=\"497\" \/>\n\t<meta property=\"og:image:height\" content=\"480\" \/>\n\t<meta property=\"og:image:type\" content=\"image\/jpeg\" \/>\n<meta name=\"author\" content=\"Med Ahmed\" \/>\n<meta name=\"twitter:card\" content=\"summary_large_image\" \/>\n<meta name=\"twitter:creator\" content=\"@lequotidienmr\" \/>\n<meta name=\"twitter:site\" content=\"@lequotidienmr\" \/>\n<meta name=\"twitter:label1\" content=\"\u0643\u064f\u062a\u0628 \u0628\u0648\u0627\u0633\u0637\u0629\" \/>\n\t<meta name=\"twitter:data1\" content=\"Med Ahmed\" \/>\n\t<meta name=\"twitter:label2\" content=\"\u0648\u0642\u062a \u0627\u0644\u0642\u0631\u0627\u0621\u0629 \u0627\u0644\u0645\u064f\u0642\u062f\u0651\u0631\" \/>\n\t<meta name=\"twitter:data2\" content=\"3 \u062f\u0642\u0627\u0626\u0642\" \/>\n<script type=\"application\/ld+json\" class=\"yoast-schema-graph\">{\"@context\":\"https:\\\/\\\/schema.org\",\"@graph\":[{\"@type\":\"Article\",\"@id\":\"https:\\\/\\\/lequotidien.mr\\\/?p=23728&lang=fr#article\",\"isPartOf\":{\"@id\":\"https:\\\/\\\/lequotidien.mr\\\/?p=23728&lang=fr\"},\"author\":{\"name\":\"Med Ahmed\",\"@id\":\"https:\\\/\\\/lequotidien.mr\\\/#\\\/schema\\\/person\\\/d2d350202a4d599685ed8abc25f97596\"},\"headline\":\"Gazoduc Afrique Atlantique : La CEDEAO fait un pas d\u00e9cisif vers l&#8217;int\u00e9gration \u00e9nerg\u00e9tique\",\"datePublished\":\"2024-12-17T11:48:37+00:00\",\"dateModified\":\"2024-12-17T11:51:59+00:00\",\"mainEntityOfPage\":{\"@id\":\"https:\\\/\\\/lequotidien.mr\\\/?p=23728&lang=fr\"},\"wordCount\":644,\"commentCount\":0,\"publisher\":{\"@id\":\"https:\\\/\\\/lequotidien.mr\\\/#organization\"},\"image\":{\"@id\":\"https:\\\/\\\/lequotidien.mr\\\/?p=23728&lang=fr#primaryimage\"},\"thumbnailUrl\":\"https:\\\/\\\/lequotidien.mr\\\/wp-content\\\/uploads\\\/2024\\\/12\\\/photo-gazoduc-ngeria-1.jpeg\",\"articleSection\":[\"ACTUALIT\u00c9\",\"Economie\"],\"inLanguage\":\"ar\",\"potentialAction\":[{\"@type\":\"CommentAction\",\"name\":\"Comment\",\"target\":[\"https:\\\/\\\/lequotidien.mr\\\/?p=23728&lang=fr#respond\"]}]},{\"@type\":\"WebPage\",\"@id\":\"https:\\\/\\\/lequotidien.mr\\\/?p=23728&lang=fr\",\"url\":\"https:\\\/\\\/lequotidien.mr\\\/?p=23728&lang=fr\",\"name\":\"Gazoduc Afrique Atlantique : La CEDEAO fait un pas d\u00e9cisif vers l'int\u00e9gration \u00e9nerg\u00e9tique - Le Quotidien de Nouakchott\",\"isPartOf\":{\"@id\":\"https:\\\/\\\/lequotidien.mr\\\/#website\"},\"primaryImageOfPage\":{\"@id\":\"https:\\\/\\\/lequotidien.mr\\\/?p=23728&lang=fr#primaryimage\"},\"image\":{\"@id\":\"https:\\\/\\\/lequotidien.mr\\\/?p=23728&lang=fr#primaryimage\"},\"thumbnailUrl\":\"https:\\\/\\\/lequotidien.mr\\\/wp-content\\\/uploads\\\/2024\\\/12\\\/photo-gazoduc-ngeria-1.jpeg\",\"datePublished\":\"2024-12-17T11:48:37+00:00\",\"dateModified\":\"2024-12-17T11:51:59+00:00\",\"breadcrumb\":{\"@id\":\"https:\\\/\\\/lequotidien.mr\\\/?p=23728&lang=fr#breadcrumb\"},\"inLanguage\":\"ar\",\"potentialAction\":[{\"@type\":\"ReadAction\",\"target\":[\"https:\\\/\\\/lequotidien.mr\\\/?p=23728&lang=fr\"]}]},{\"@type\":\"ImageObject\",\"inLanguage\":\"ar\",\"@id\":\"https:\\\/\\\/lequotidien.mr\\\/?p=23728&lang=fr#primaryimage\",\"url\":\"https:\\\/\\\/lequotidien.mr\\\/wp-content\\\/uploads\\\/2024\\\/12\\\/photo-gazoduc-ngeria-1.jpeg\",\"contentUrl\":\"https:\\\/\\\/lequotidien.mr\\\/wp-content\\\/uploads\\\/2024\\\/12\\\/photo-gazoduc-ngeria-1.jpeg\",\"width\":497,\"height\":480,\"caption\":\"32%79548_eco_06-12-2016_p04-p05.qxp\"},{\"@type\":\"BreadcrumbList\",\"@id\":\"https:\\\/\\\/lequotidien.mr\\\/?p=23728&lang=fr#breadcrumb\",\"itemListElement\":[{\"@type\":\"ListItem\",\"position\":1,\"name\":\"Home\",\"item\":\"https:\\\/\\\/lequotidien.mr\\\/\"},{\"@type\":\"ListItem\",\"position\":2,\"name\":\"Gazoduc Afrique Atlantique : La CEDEAO fait un pas d\u00e9cisif vers l&#8217;int\u00e9gration \u00e9nerg\u00e9tique\"}]},{\"@type\":\"WebSite\",\"@id\":\"https:\\\/\\\/lequotidien.mr\\\/#website\",\"url\":\"https:\\\/\\\/lequotidien.mr\\\/\",\"name\":\"Le Quotidien de Nouakchott\",\"description\":\"\u0625\u062e\u0628\u0627\u0631\u064a\u0629 \u0645\u0633\u062a\u0642\u0644\u0629 \u0644\u0644\u0623\u0646\u0628\u0627\u0621 \u0627\u0644\u0639\u0627\u0645\u0629\",\"publisher\":{\"@id\":\"https:\\\/\\\/lequotidien.mr\\\/#organization\"},\"potentialAction\":[{\"@type\":\"SearchAction\",\"target\":{\"@type\":\"EntryPoint\",\"urlTemplate\":\"https:\\\/\\\/lequotidien.mr\\\/?s={search_term_string}\"},\"query-input\":{\"@type\":\"PropertyValueSpecification\",\"valueRequired\":true,\"valueName\":\"search_term_string\"}}],\"inLanguage\":\"ar\"},{\"@type\":\"Organization\",\"@id\":\"https:\\\/\\\/lequotidien.mr\\\/#organization\",\"name\":\"Le Quotidien de Nouakchott\",\"url\":\"https:\\\/\\\/lequotidien.mr\\\/\",\"logo\":{\"@type\":\"ImageObject\",\"inLanguage\":\"ar\",\"@id\":\"https:\\\/\\\/lequotidien.mr\\\/#\\\/schema\\\/logo\\\/image\\\/\",\"url\":\"https:\\\/\\\/lequotidien.mr\\\/wp-content\\\/uploads\\\/2022\\\/11\\\/logolequotidien.jpg\",\"contentUrl\":\"https:\\\/\\\/lequotidien.mr\\\/wp-content\\\/uploads\\\/2022\\\/11\\\/logolequotidien.jpg\",\"width\":290,\"height\":65,\"caption\":\"Le Quotidien de Nouakchott\"},\"image\":{\"@id\":\"https:\\\/\\\/lequotidien.mr\\\/#\\\/schema\\\/logo\\\/image\\\/\"},\"sameAs\":[\"https:\\\/\\\/web.facebook.com\\\/lequotidienmr\",\"https:\\\/\\\/x.com\\\/lequotidienmr\"]},{\"@type\":\"Person\",\"@id\":\"https:\\\/\\\/lequotidien.mr\\\/#\\\/schema\\\/person\\\/d2d350202a4d599685ed8abc25f97596\",\"name\":\"Med Ahmed\",\"image\":{\"@type\":\"ImageObject\",\"inLanguage\":\"ar\",\"@id\":\"https:\\\/\\\/secure.gravatar.com\\\/avatar\\\/fd2acc62ed50732923d1d39c17172c9b04149f142be92310ecc69e1358f94b52?s=96&d=mm&r=g\",\"url\":\"https:\\\/\\\/secure.gravatar.com\\\/avatar\\\/fd2acc62ed50732923d1d39c17172c9b04149f142be92310ecc69e1358f94b52?s=96&d=mm&r=g\",\"contentUrl\":\"https:\\\/\\\/secure.gravatar.com\\\/avatar\\\/fd2acc62ed50732923d1d39c17172c9b04149f142be92310ecc69e1358f94b52?s=96&d=mm&r=g\",\"caption\":\"Med Ahmed\"},\"url\":\"https:\\\/\\\/lequotidien.mr\\\/?author=12\"}]}<\/script>\n<!-- \/ Yoast SEO plugin. -->","yoast_head_json":{"title":"Gazoduc Afrique Atlantique : La CEDEAO fait un pas d\u00e9cisif vers l'int\u00e9gration \u00e9nerg\u00e9tique - Le Quotidien de Nouakchott","robots":{"index":"index","follow":"follow","max-snippet":"max-snippet:-1","max-image-preview":"max-image-preview:large","max-video-preview":"max-video-preview:-1"},"canonical":"https:\/\/lequotidien.mr\/?p=23728&lang=fr","og_locale":"ar_AR","og_type":"article","og_title":"Gazoduc Afrique Atlantique : La CEDEAO fait un pas d\u00e9cisif vers l'int\u00e9gration \u00e9nerg\u00e9tique - Le Quotidien de Nouakchott","og_description":"Lors de la 93\u1d49 session ordinaire du Conseil des ministres de la Communaut\u00e9 \u00e9conomique des \u00c9tats de l&#8217;Afrique de l&#8217;Ouest (CEDEAO), tenue en d\u00e9cembre 2024 \u00e0 Abuja, le pr\u00e9sident de la Commission, Omar Alieu Touray, a soulign\u00e9 les progr\u00e8s majeurs accomplis dans l&#8217;extension du Gazoduc de l&#8217;Afrique de l&#8217;Ouest (WAGP). Ce projet strat\u00e9gique repr\u00e9sente une.....","og_url":"https:\/\/lequotidien.mr\/?p=23728&lang=fr","og_site_name":"Le Quotidien de Nouakchott","article_publisher":"https:\/\/web.facebook.com\/lequotidienmr","article_published_time":"2024-12-17T11:48:37+00:00","article_modified_time":"2024-12-17T11:51:59+00:00","og_image":[{"width":497,"height":480,"url":"https:\/\/lequotidien.mr\/wp-content\/uploads\/2024\/12\/photo-gazoduc-ngeria-1.jpeg","type":"image\/jpeg"}],"author":"Med Ahmed","twitter_card":"summary_large_image","twitter_creator":"@lequotidienmr","twitter_site":"@lequotidienmr","twitter_misc":{"\u0643\u064f\u062a\u0628 \u0628\u0648\u0627\u0633\u0637\u0629":"Med Ahmed","\u0648\u0642\u062a \u0627\u0644\u0642\u0631\u0627\u0621\u0629 \u0627\u0644\u0645\u064f\u0642\u062f\u0651\u0631":"3 \u062f\u0642\u0627\u0626\u0642"},"schema":{"@context":"https:\/\/schema.org","@graph":[{"@type":"Article","@id":"https:\/\/lequotidien.mr\/?p=23728&lang=fr#article","isPartOf":{"@id":"https:\/\/lequotidien.mr\/?p=23728&lang=fr"},"author":{"name":"Med Ahmed","@id":"https:\/\/lequotidien.mr\/#\/schema\/person\/d2d350202a4d599685ed8abc25f97596"},"headline":"Gazoduc Afrique Atlantique : La CEDEAO fait un pas d\u00e9cisif vers l&#8217;int\u00e9gration \u00e9nerg\u00e9tique","datePublished":"2024-12-17T11:48:37+00:00","dateModified":"2024-12-17T11:51:59+00:00","mainEntityOfPage":{"@id":"https:\/\/lequotidien.mr\/?p=23728&lang=fr"},"wordCount":644,"commentCount":0,"publisher":{"@id":"https:\/\/lequotidien.mr\/#organization"},"image":{"@id":"https:\/\/lequotidien.mr\/?p=23728&lang=fr#primaryimage"},"thumbnailUrl":"https:\/\/lequotidien.mr\/wp-content\/uploads\/2024\/12\/photo-gazoduc-ngeria-1.jpeg","articleSection":["ACTUALIT\u00c9","Economie"],"inLanguage":"ar","potentialAction":[{"@type":"CommentAction","name":"Comment","target":["https:\/\/lequotidien.mr\/?p=23728&lang=fr#respond"]}]},{"@type":"WebPage","@id":"https:\/\/lequotidien.mr\/?p=23728&lang=fr","url":"https:\/\/lequotidien.mr\/?p=23728&lang=fr","name":"Gazoduc Afrique Atlantique : La CEDEAO fait un pas d\u00e9cisif vers l'int\u00e9gration \u00e9nerg\u00e9tique - Le Quotidien de Nouakchott","isPartOf":{"@id":"https:\/\/lequotidien.mr\/#website"},"primaryImageOfPage":{"@id":"https:\/\/lequotidien.mr\/?p=23728&lang=fr#primaryimage"},"image":{"@id":"https:\/\/lequotidien.mr\/?p=23728&lang=fr#primaryimage"},"thumbnailUrl":"https:\/\/lequotidien.mr\/wp-content\/uploads\/2024\/12\/photo-gazoduc-ngeria-1.jpeg","datePublished":"2024-12-17T11:48:37+00:00","dateModified":"2024-12-17T11:51:59+00:00","breadcrumb":{"@id":"https:\/\/lequotidien.mr\/?p=23728&lang=fr#breadcrumb"},"inLanguage":"ar","potentialAction":[{"@type":"ReadAction","target":["https:\/\/lequotidien.mr\/?p=23728&lang=fr"]}]},{"@type":"ImageObject","inLanguage":"ar","@id":"https:\/\/lequotidien.mr\/?p=23728&lang=fr#primaryimage","url":"https:\/\/lequotidien.mr\/wp-content\/uploads\/2024\/12\/photo-gazoduc-ngeria-1.jpeg","contentUrl":"https:\/\/lequotidien.mr\/wp-content\/uploads\/2024\/12\/photo-gazoduc-ngeria-1.jpeg","width":497,"height":480,"caption":"32%79548_eco_06-12-2016_p04-p05.qxp"},{"@type":"BreadcrumbList","@id":"https:\/\/lequotidien.mr\/?p=23728&lang=fr#breadcrumb","itemListElement":[{"@type":"ListItem","position":1,"name":"Home","item":"https:\/\/lequotidien.mr\/"},{"@type":"ListItem","position":2,"name":"Gazoduc Afrique Atlantique : La CEDEAO fait un pas d\u00e9cisif vers l&#8217;int\u00e9gration \u00e9nerg\u00e9tique"}]},{"@type":"WebSite","@id":"https:\/\/lequotidien.mr\/#website","url":"https:\/\/lequotidien.mr\/","name":"Le Quotidien de Nouakchott","description":"\u0625\u062e\u0628\u0627\u0631\u064a\u0629 \u0645\u0633\u062a\u0642\u0644\u0629 \u0644\u0644\u0623\u0646\u0628\u0627\u0621 \u0627\u0644\u0639\u0627\u0645\u0629","publisher":{"@id":"https:\/\/lequotidien.mr\/#organization"},"potentialAction":[{"@type":"SearchAction","target":{"@type":"EntryPoint","urlTemplate":"https:\/\/lequotidien.mr\/?s={search_term_string}"},"query-input":{"@type":"PropertyValueSpecification","valueRequired":true,"valueName":"search_term_string"}}],"inLanguage":"ar"},{"@type":"Organization","@id":"https:\/\/lequotidien.mr\/#organization","name":"Le Quotidien de Nouakchott","url":"https:\/\/lequotidien.mr\/","logo":{"@type":"ImageObject","inLanguage":"ar","@id":"https:\/\/lequotidien.mr\/#\/schema\/logo\/image\/","url":"https:\/\/lequotidien.mr\/wp-content\/uploads\/2022\/11\/logolequotidien.jpg","contentUrl":"https:\/\/lequotidien.mr\/wp-content\/uploads\/2022\/11\/logolequotidien.jpg","width":290,"height":65,"caption":"Le Quotidien de Nouakchott"},"image":{"@id":"https:\/\/lequotidien.mr\/#\/schema\/logo\/image\/"},"sameAs":["https:\/\/web.facebook.com\/lequotidienmr","https:\/\/x.com\/lequotidienmr"]},{"@type":"Person","@id":"https:\/\/lequotidien.mr\/#\/schema\/person\/d2d350202a4d599685ed8abc25f97596","name":"Med Ahmed","image":{"@type":"ImageObject","inLanguage":"ar","@id":"https:\/\/secure.gravatar.com\/avatar\/fd2acc62ed50732923d1d39c17172c9b04149f142be92310ecc69e1358f94b52?s=96&d=mm&r=g","url":"https:\/\/secure.gravatar.com\/avatar\/fd2acc62ed50732923d1d39c17172c9b04149f142be92310ecc69e1358f94b52?s=96&d=mm&r=g","contentUrl":"https:\/\/secure.gravatar.com\/avatar\/fd2acc62ed50732923d1d39c17172c9b04149f142be92310ecc69e1358f94b52?s=96&d=mm&r=g","caption":"Med Ahmed"},"url":"https:\/\/lequotidien.mr\/?author=12"}]}},"_links":{"self":[{"href":"https:\/\/lequotidien.mr\/index.php?rest_route=\/wp\/v2\/posts\/23728","targetHints":{"allow":["GET"]}}],"collection":[{"href":"https:\/\/lequotidien.mr\/index.php?rest_route=\/wp\/v2\/posts"}],"about":[{"href":"https:\/\/lequotidien.mr\/index.php?rest_route=\/wp\/v2\/types\/post"}],"author":[{"embeddable":true,"href":"https:\/\/lequotidien.mr\/index.php?rest_route=\/wp\/v2\/users\/12"}],"replies":[{"embeddable":true,"href":"https:\/\/lequotidien.mr\/index.php?rest_route=%2Fwp%2Fv2%2Fcomments&post=23728"}],"version-history":[{"count":2,"href":"https:\/\/lequotidien.mr\/index.php?rest_route=\/wp\/v2\/posts\/23728\/revisions"}],"predecessor-version":[{"id":23731,"href":"https:\/\/lequotidien.mr\/index.php?rest_route=\/wp\/v2\/posts\/23728\/revisions\/23731"}],"wp:featuredmedia":[{"embeddable":true,"href":"https:\/\/lequotidien.mr\/index.php?rest_route=\/wp\/v2\/media\/23729"}],"wp:attachment":[{"href":"https:\/\/lequotidien.mr\/index.php?rest_route=%2Fwp%2Fv2%2Fmedia&parent=23728"}],"wp:term":[{"taxonomy":"category","embeddable":true,"href":"https:\/\/lequotidien.mr\/index.php?rest_route=%2Fwp%2Fv2%2Fcategories&post=23728"},{"taxonomy":"post_tag","embeddable":true,"href":"https:\/\/lequotidien.mr\/index.php?rest_route=%2Fwp%2Fv2%2Ftags&post=23728"}],"curies":[{"name":"wp","href":"https:\/\/api.w.org\/{rel}","templated":true}]}}