{"id":23722,"date":"2024-12-17T10:48:49","date_gmt":"2024-12-17T10:48:49","guid":{"rendered":"https:\/\/lequotidien.mr\/?p=23722"},"modified":"2024-12-17T10:48:49","modified_gmt":"2024-12-17T10:48:49","slug":"inauguration-dun-centre-pilote-pour-le-developpement-des-techniques-delevage-des-petits-ruminants-a-cham-au-brakna","status":"publish","type":"post","link":"https:\/\/lequotidien.mr\/?p=23722&lang=fr","title":{"rendered":"Inauguration d&#8217;un centre pilote pour le d\u00e9veloppement des techniques d&#8217;\u00e9levage des petits ruminants \u00e0 Cham au Brakna"},"content":{"rendered":"<p>Le ministre de l&#8217;\u00c9levage, M. Mokhtar Gaguih, accompagn\u00e9 du wali adjoint du Brakna, M. Mohamed Abdel Vettah Ahmed, a inaugur\u00e9 aujourd&#8217;hui le <strong>centre pilote pour le d\u00e9veloppement des techniques d&#8217;\u00e9levage des petits ruminants<\/strong> dans la localit\u00e9 de <strong>Cham<\/strong>, situ\u00e9 dans l&#8217;arrondissement de <strong>Dar El Barak<\/strong>. Ce projet ambitieux s&#8217;inscrit dans le cadre des efforts d\u00e9ploy\u00e9s par le gouvernement pour moderniser et valoriser le secteur de l&#8217;\u00e9levage en Mauritanie.<\/p>\n<p>Une infrastructure moderne pour un d\u00e9veloppement durable\u00a0:<\/p>\n<p>-Implant\u00e9 sur une superficie de <strong>36 hectares<\/strong>, le centre pilote comprend :<\/p>\n<p>-Une <strong>ferme fourrag\u00e8re<\/strong> de <strong>11 hectares<\/strong> pour assurer une alimentation optimale du b\u00e9tail ;<\/p>\n<p>-Un <strong>b\u00e2timent administratif<\/strong> et quatre <strong>bergeries<\/strong> modernes ;<\/p>\n<p>-Une <strong>unit\u00e9 de pr\u00e9paration des aliments<\/strong> et un <strong>entrep\u00f4t<\/strong> de stockage ;<\/p>\n<p>-Un <strong>laboratoire<\/strong> et une <strong>clinique v\u00e9t\u00e9rinaire<\/strong> pour assurer le suivi sanitaire du cheptel ;<\/p>\n<p>-Une <strong>r\u00e9sidence pour les employ\u00e9s<\/strong> et une autre pour le <strong>gardiennage<\/strong>.<\/p>\n<p>Ces installations r\u00e9pondent aux normes techniques les plus avanc\u00e9es pour le d\u00e9veloppement de l&#8217;\u00e9levage des petits ruminants, un secteur essentiel pour l&#8217;\u00e9conomie nationale.<\/p>\n<p><strong>Un projet strat\u00e9gique pour le secteur de l&#8217;\u00e9levage<\/strong><\/p>\n<p>Lors de son discours, le ministre de l&#8217;\u00c9levage a soulign\u00e9 l&#8217;importance capitale de ce projet pour le d\u00e9veloppement int\u00e9gr\u00e9 du secteur. Il a rappel\u00e9 que ce centre s&#8217;inscrit dans la vision du Pr\u00e9sident de la R\u00e9publique, M. Mohamed Cheikh El Ghazouani, tel que d\u00e9fini dans son programme \u00e9lectoral <strong>\u00ab Mon ambition pour la Nation \u00bb<\/strong> . Le ministre a pr\u00e9cis\u00e9 que le centre de Cham est sp\u00e9cialis\u00e9 dans le d\u00e9veloppement des ovins, ajoutant qu&#8217;il constitue l&#8217;un des <strong>trois centres pilotes nationaux<\/strong> visant \u00e0 valoriser les ressources animales du pays.<\/p>\n<p>Il a ainsi mentionn\u00e9 les autres projets majeurs d\u00e9j\u00e0 inaugur\u00e9s :<\/p>\n<p>-Le <strong>centre mod\u00e8le d&#8217;Idini<\/strong>, sp\u00e9cialis\u00e9 dans l&#8217;\u00e9levage des <strong>bovins<\/strong> ;<\/p>\n<p>-Le <strong>centre pilote de Riadh<\/strong>, consacr\u00e9 au d\u00e9veloppement des <strong>dromadaires<\/strong> .<\/p>\n<p>Ces infrastructures t\u00e9moignent de la volont\u00e9 des autorit\u00e9s d&#8217;instaurer une strat\u00e9gie durable pour rehausser le niveau du cheptel national et moderniser les techniques d&#8217;\u00e9levage.<\/p>\n<p><strong>Un projet au service des populations locales<\/strong><\/p>\n<p>Le maire de la municipalit\u00e9 de Dar El Baraka, M. Abeid Bewba Mohamed El Abd, a salu\u00e9 l\u2019inauguration de ce centre, qu\u2019il a qualifi\u00e9 de <strong>r\u00e9ponse concr\u00e8te aux besoins des habitants<\/strong> de la r\u00e9gion. Ce projet repr\u00e9sente une opportunit\u00e9 pour dynamiser l\u2019\u00e9conomie locale, am\u00e9liorer la productivit\u00e9 du secteur de l\u2019\u00e9levage et cr\u00e9er des emplois.<\/p>\n<p>De son c\u00f4t\u00e9, le Pr\u00e9sident de l\u2019Union Nationale des \u00c9leveurs de B\u00e9tail, M. Ahmed Abeid, a exprim\u00e9 sa satisfaction face \u00e0 l\u2019attention particuli\u00e8re accord\u00e9e au secteur de l\u2019\u00e9levage par le Pr\u00e9sident de la R\u00e9publique. Il a soulign\u00e9 que ce centre constitue un pas important pour am\u00e9liorer la qualit\u00e9 et la rentabilit\u00e9 du cheptel, un pilier essentiel de l\u2019\u00e9conomie nationale.<\/p>\n<p><strong>Une visite des installations<\/strong><\/p>\n<p>Apr\u00e8s avoir proc\u00e9d\u00e9 au d\u00e9voilement de la plaque comm\u00e9morative, le ministre de l\u2019\u00c9levage a visit\u00e9 les diff\u00e9rentes infrastructures du centre. Il a re\u00e7u des explications d\u00e9taill\u00e9es sur les r\u00f4les que jouera le centre dans le d\u00e9veloppement futur du secteur, pr\u00e9sent\u00e9es par le directeur des fili\u00e8res animales, M. Ahmed Salem El Arby.<\/p>\n<p>La c\u00e9r\u00e9monie d\u2019inauguration s\u2019est d\u00e9roul\u00e9e en pr\u00e9sence de plusieurs responsables et dignitaires, notamment, le hakem de la moughataa de Bogh\u00e9 ; le chef de l\u2019arrondissement de Dar El Baraka ; et le directeur des fili\u00e8res animales.<\/p>\n<p>L\u2019inauguration du centre pilote de Cham marque une nouvelle \u00e9tape dans la modernisation du secteur de l\u2019\u00e9levage en Mauritanie. Gr\u00e2ce \u00e0 cette infrastructure moderne, la r\u00e9gion de Brakna b\u00e9n\u00e9ficiera d\u2019une valorisation accrue des petits ruminants, am\u00e9liorant ainsi les conditions \u00e9conomiques et sociales des populations locales. Cette initiative t\u00e9moigne de l\u2019engagement des autorit\u00e9s \u00e0 concr\u00e9tiser des projets structurants pour le d\u00e9veloppement durable du pays.<\/p>\n","protected":false},"excerpt":{"rendered":"<p>Le ministre de l&#8217;\u00c9levage, M. Mokhtar Gaguih, accompagn\u00e9 du wali adjoint du Brakna, M. Mohamed Abdel Vettah Ahmed, a inaugur\u00e9 aujourd&#8217;hui le centre pilote pour le d\u00e9veloppement des techniques d&#8217;\u00e9levage des petits ruminants dans la localit\u00e9 de Cham, situ\u00e9 dans l&#8217;arrondissement de Dar El Barak. Ce projet ambitieux s&#8217;inscrit dans le cadre des efforts d\u00e9ploy\u00e9s&#8230;..<\/p>\n","protected":false},"author":12,"featured_media":23724,"comment_status":"open","ping_status":"open","sticky":false,"template":"","format":"standard","meta":{"footnotes":""},"categories":[23,49],"tags":[],"class_list":["post-23722","post","type-post","status-publish","format-standard","has-post-thumbnail","hentry","category-actualite","category-economie"],"yoast_head":"<!-- This site is optimized with the Yoast SEO plugin v27.5 - https:\/\/yoast.com\/product\/yoast-seo-wordpress\/ -->\n<title>Inauguration d&#039;un centre pilote pour le d\u00e9veloppement des techniques d&#039;\u00e9levage des petits ruminants \u00e0 Cham au Brakna - Le Quotidien de Nouakchott<\/title>\n<meta name=\"robots\" content=\"index, follow, max-snippet:-1, max-image-preview:large, max-video-preview:-1\" \/>\n<link rel=\"canonical\" href=\"https:\/\/lequotidien.mr\/?p=23722&lang=fr\" \/>\n<meta property=\"og:locale\" content=\"ar_AR\" \/>\n<meta property=\"og:type\" content=\"article\" \/>\n<meta property=\"og:title\" content=\"Inauguration d&#039;un centre pilote pour le d\u00e9veloppement des techniques d&#039;\u00e9levage des petits ruminants \u00e0 Cham au Brakna - Le Quotidien de Nouakchott\" \/>\n<meta property=\"og:description\" content=\"Le ministre de l&#8217;\u00c9levage, M. Mokhtar Gaguih, accompagn\u00e9 du wali adjoint du Brakna, M. Mohamed Abdel Vettah Ahmed, a inaugur\u00e9 aujourd&#8217;hui le centre pilote pour le d\u00e9veloppement des techniques d&#8217;\u00e9levage des petits ruminants dans la localit\u00e9 de Cham, situ\u00e9 dans l&#8217;arrondissement de Dar El Barak. Ce projet ambitieux s&#8217;inscrit dans le cadre des efforts d\u00e9ploy\u00e9s.....\" \/>\n<meta property=\"og:url\" content=\"https:\/\/lequotidien.mr\/?p=23722&amp;lang=fr\" \/>\n<meta property=\"og:site_name\" content=\"Le Quotidien de Nouakchott\" \/>\n<meta property=\"article:publisher\" content=\"https:\/\/web.facebook.com\/lequotidienmr\" \/>\n<meta property=\"article:published_time\" content=\"2024-12-17T10:48:49+00:00\" \/>\n<meta property=\"og:image\" content=\"https:\/\/lequotidien.mr\/wp-content\/uploads\/2024\/12\/photo-centre-Cham.jpg\" \/>\n\t<meta property=\"og:image:width\" content=\"672\" \/>\n\t<meta property=\"og:image:height\" content=\"430\" \/>\n\t<meta property=\"og:image:type\" content=\"image\/jpeg\" \/>\n<meta name=\"author\" content=\"Med Ahmed\" \/>\n<meta name=\"twitter:card\" content=\"summary_large_image\" \/>\n<meta name=\"twitter:creator\" content=\"@lequotidienmr\" \/>\n<meta name=\"twitter:site\" content=\"@lequotidienmr\" \/>\n<meta name=\"twitter:label1\" content=\"\u0643\u064f\u062a\u0628 \u0628\u0648\u0627\u0633\u0637\u0629\" \/>\n\t<meta name=\"twitter:data1\" content=\"Med Ahmed\" \/>\n\t<meta name=\"twitter:label2\" content=\"\u0648\u0642\u062a \u0627\u0644\u0642\u0631\u0627\u0621\u0629 \u0627\u0644\u0645\u064f\u0642\u062f\u0651\u0631\" \/>\n\t<meta name=\"twitter:data2\" content=\"3 \u062f\u0642\u0627\u0626\u0642\" \/>\n<script type=\"application\/ld+json\" class=\"yoast-schema-graph\">{\"@context\":\"https:\\\/\\\/schema.org\",\"@graph\":[{\"@type\":\"Article\",\"@id\":\"https:\\\/\\\/lequotidien.mr\\\/?p=23722&lang=fr#article\",\"isPartOf\":{\"@id\":\"https:\\\/\\\/lequotidien.mr\\\/?p=23722&lang=fr\"},\"author\":{\"name\":\"Med Ahmed\",\"@id\":\"https:\\\/\\\/lequotidien.mr\\\/#\\\/schema\\\/person\\\/d2d350202a4d599685ed8abc25f97596\"},\"headline\":\"Inauguration d&#8217;un centre pilote pour le d\u00e9veloppement des techniques d&#8217;\u00e9levage des petits ruminants \u00e0 Cham au Brakna\",\"datePublished\":\"2024-12-17T10:48:49+00:00\",\"mainEntityOfPage\":{\"@id\":\"https:\\\/\\\/lequotidien.mr\\\/?p=23722&lang=fr\"},\"wordCount\":705,\"commentCount\":0,\"publisher\":{\"@id\":\"https:\\\/\\\/lequotidien.mr\\\/#organization\"},\"image\":{\"@id\":\"https:\\\/\\\/lequotidien.mr\\\/?p=23722&lang=fr#primaryimage\"},\"thumbnailUrl\":\"https:\\\/\\\/lequotidien.mr\\\/wp-content\\\/uploads\\\/2024\\\/12\\\/photo-centre-Cham.jpg\",\"articleSection\":[\"ACTUALIT\u00c9\",\"Economie\"],\"inLanguage\":\"ar\",\"potentialAction\":[{\"@type\":\"CommentAction\",\"name\":\"Comment\",\"target\":[\"https:\\\/\\\/lequotidien.mr\\\/?p=23722&lang=fr#respond\"]}]},{\"@type\":\"WebPage\",\"@id\":\"https:\\\/\\\/lequotidien.mr\\\/?p=23722&lang=fr\",\"url\":\"https:\\\/\\\/lequotidien.mr\\\/?p=23722&lang=fr\",\"name\":\"Inauguration d'un centre pilote pour le d\u00e9veloppement des techniques d'\u00e9levage des petits ruminants \u00e0 Cham au Brakna - Le Quotidien de Nouakchott\",\"isPartOf\":{\"@id\":\"https:\\\/\\\/lequotidien.mr\\\/#website\"},\"primaryImageOfPage\":{\"@id\":\"https:\\\/\\\/lequotidien.mr\\\/?p=23722&lang=fr#primaryimage\"},\"image\":{\"@id\":\"https:\\\/\\\/lequotidien.mr\\\/?p=23722&lang=fr#primaryimage\"},\"thumbnailUrl\":\"https:\\\/\\\/lequotidien.mr\\\/wp-content\\\/uploads\\\/2024\\\/12\\\/photo-centre-Cham.jpg\",\"datePublished\":\"2024-12-17T10:48:49+00:00\",\"breadcrumb\":{\"@id\":\"https:\\\/\\\/lequotidien.mr\\\/?p=23722&lang=fr#breadcrumb\"},\"inLanguage\":\"ar\",\"potentialAction\":[{\"@type\":\"ReadAction\",\"target\":[\"https:\\\/\\\/lequotidien.mr\\\/?p=23722&lang=fr\"]}]},{\"@type\":\"ImageObject\",\"inLanguage\":\"ar\",\"@id\":\"https:\\\/\\\/lequotidien.mr\\\/?p=23722&lang=fr#primaryimage\",\"url\":\"https:\\\/\\\/lequotidien.mr\\\/wp-content\\\/uploads\\\/2024\\\/12\\\/photo-centre-Cham.jpg\",\"contentUrl\":\"https:\\\/\\\/lequotidien.mr\\\/wp-content\\\/uploads\\\/2024\\\/12\\\/photo-centre-Cham.jpg\",\"width\":672,\"height\":430},{\"@type\":\"BreadcrumbList\",\"@id\":\"https:\\\/\\\/lequotidien.mr\\\/?p=23722&lang=fr#breadcrumb\",\"itemListElement\":[{\"@type\":\"ListItem\",\"position\":1,\"name\":\"Home\",\"item\":\"https:\\\/\\\/lequotidien.mr\\\/\"},{\"@type\":\"ListItem\",\"position\":2,\"name\":\"Inauguration d&#8217;un centre pilote pour le d\u00e9veloppement des techniques d&#8217;\u00e9levage des petits ruminants \u00e0 Cham au Brakna\"}]},{\"@type\":\"WebSite\",\"@id\":\"https:\\\/\\\/lequotidien.mr\\\/#website\",\"url\":\"https:\\\/\\\/lequotidien.mr\\\/\",\"name\":\"Le Quotidien de Nouakchott\",\"description\":\"\u0625\u062e\u0628\u0627\u0631\u064a\u0629 \u0645\u0633\u062a\u0642\u0644\u0629 \u0644\u0644\u0623\u0646\u0628\u0627\u0621 \u0627\u0644\u0639\u0627\u0645\u0629\",\"publisher\":{\"@id\":\"https:\\\/\\\/lequotidien.mr\\\/#organization\"},\"potentialAction\":[{\"@type\":\"SearchAction\",\"target\":{\"@type\":\"EntryPoint\",\"urlTemplate\":\"https:\\\/\\\/lequotidien.mr\\\/?s={search_term_string}\"},\"query-input\":{\"@type\":\"PropertyValueSpecification\",\"valueRequired\":true,\"valueName\":\"search_term_string\"}}],\"inLanguage\":\"ar\"},{\"@type\":\"Organization\",\"@id\":\"https:\\\/\\\/lequotidien.mr\\\/#organization\",\"name\":\"Le Quotidien de Nouakchott\",\"url\":\"https:\\\/\\\/lequotidien.mr\\\/\",\"logo\":{\"@type\":\"ImageObject\",\"inLanguage\":\"ar\",\"@id\":\"https:\\\/\\\/lequotidien.mr\\\/#\\\/schema\\\/logo\\\/image\\\/\",\"url\":\"https:\\\/\\\/lequotidien.mr\\\/wp-content\\\/uploads\\\/2022\\\/11\\\/logolequotidien.jpg\",\"contentUrl\":\"https:\\\/\\\/lequotidien.mr\\\/wp-content\\\/uploads\\\/2022\\\/11\\\/logolequotidien.jpg\",\"width\":290,\"height\":65,\"caption\":\"Le Quotidien de Nouakchott\"},\"image\":{\"@id\":\"https:\\\/\\\/lequotidien.mr\\\/#\\\/schema\\\/logo\\\/image\\\/\"},\"sameAs\":[\"https:\\\/\\\/web.facebook.com\\\/lequotidienmr\",\"https:\\\/\\\/x.com\\\/lequotidienmr\"]},{\"@type\":\"Person\",\"@id\":\"https:\\\/\\\/lequotidien.mr\\\/#\\\/schema\\\/person\\\/d2d350202a4d599685ed8abc25f97596\",\"name\":\"Med Ahmed\",\"image\":{\"@type\":\"ImageObject\",\"inLanguage\":\"ar\",\"@id\":\"https:\\\/\\\/secure.gravatar.com\\\/avatar\\\/fd2acc62ed50732923d1d39c17172c9b04149f142be92310ecc69e1358f94b52?s=96&d=mm&r=g\",\"url\":\"https:\\\/\\\/secure.gravatar.com\\\/avatar\\\/fd2acc62ed50732923d1d39c17172c9b04149f142be92310ecc69e1358f94b52?s=96&d=mm&r=g\",\"contentUrl\":\"https:\\\/\\\/secure.gravatar.com\\\/avatar\\\/fd2acc62ed50732923d1d39c17172c9b04149f142be92310ecc69e1358f94b52?s=96&d=mm&r=g\",\"caption\":\"Med Ahmed\"},\"url\":\"https:\\\/\\\/lequotidien.mr\\\/?author=12\"}]}<\/script>\n<!-- \/ Yoast SEO plugin. -->","yoast_head_json":{"title":"Inauguration d'un centre pilote pour le d\u00e9veloppement des techniques d'\u00e9levage des petits ruminants \u00e0 Cham au Brakna - Le Quotidien de Nouakchott","robots":{"index":"index","follow":"follow","max-snippet":"max-snippet:-1","max-image-preview":"max-image-preview:large","max-video-preview":"max-video-preview:-1"},"canonical":"https:\/\/lequotidien.mr\/?p=23722&lang=fr","og_locale":"ar_AR","og_type":"article","og_title":"Inauguration d'un centre pilote pour le d\u00e9veloppement des techniques d'\u00e9levage des petits ruminants \u00e0 Cham au Brakna - Le Quotidien de Nouakchott","og_description":"Le ministre de l&#8217;\u00c9levage, M. Mokhtar Gaguih, accompagn\u00e9 du wali adjoint du Brakna, M. Mohamed Abdel Vettah Ahmed, a inaugur\u00e9 aujourd&#8217;hui le centre pilote pour le d\u00e9veloppement des techniques d&#8217;\u00e9levage des petits ruminants dans la localit\u00e9 de Cham, situ\u00e9 dans l&#8217;arrondissement de Dar El Barak. Ce projet ambitieux s&#8217;inscrit dans le cadre des efforts d\u00e9ploy\u00e9s.....","og_url":"https:\/\/lequotidien.mr\/?p=23722&lang=fr","og_site_name":"Le Quotidien de Nouakchott","article_publisher":"https:\/\/web.facebook.com\/lequotidienmr","article_published_time":"2024-12-17T10:48:49+00:00","og_image":[{"width":672,"height":430,"url":"https:\/\/lequotidien.mr\/wp-content\/uploads\/2024\/12\/photo-centre-Cham.jpg","type":"image\/jpeg"}],"author":"Med Ahmed","twitter_card":"summary_large_image","twitter_creator":"@lequotidienmr","twitter_site":"@lequotidienmr","twitter_misc":{"\u0643\u064f\u062a\u0628 \u0628\u0648\u0627\u0633\u0637\u0629":"Med Ahmed","\u0648\u0642\u062a \u0627\u0644\u0642\u0631\u0627\u0621\u0629 \u0627\u0644\u0645\u064f\u0642\u062f\u0651\u0631":"3 \u062f\u0642\u0627\u0626\u0642"},"schema":{"@context":"https:\/\/schema.org","@graph":[{"@type":"Article","@id":"https:\/\/lequotidien.mr\/?p=23722&lang=fr#article","isPartOf":{"@id":"https:\/\/lequotidien.mr\/?p=23722&lang=fr"},"author":{"name":"Med Ahmed","@id":"https:\/\/lequotidien.mr\/#\/schema\/person\/d2d350202a4d599685ed8abc25f97596"},"headline":"Inauguration d&#8217;un centre pilote pour le d\u00e9veloppement des techniques d&#8217;\u00e9levage des petits ruminants \u00e0 Cham au Brakna","datePublished":"2024-12-17T10:48:49+00:00","mainEntityOfPage":{"@id":"https:\/\/lequotidien.mr\/?p=23722&lang=fr"},"wordCount":705,"commentCount":0,"publisher":{"@id":"https:\/\/lequotidien.mr\/#organization"},"image":{"@id":"https:\/\/lequotidien.mr\/?p=23722&lang=fr#primaryimage"},"thumbnailUrl":"https:\/\/lequotidien.mr\/wp-content\/uploads\/2024\/12\/photo-centre-Cham.jpg","articleSection":["ACTUALIT\u00c9","Economie"],"inLanguage":"ar","potentialAction":[{"@type":"CommentAction","name":"Comment","target":["https:\/\/lequotidien.mr\/?p=23722&lang=fr#respond"]}]},{"@type":"WebPage","@id":"https:\/\/lequotidien.mr\/?p=23722&lang=fr","url":"https:\/\/lequotidien.mr\/?p=23722&lang=fr","name":"Inauguration d'un centre pilote pour le d\u00e9veloppement des techniques d'\u00e9levage des petits ruminants \u00e0 Cham au Brakna - Le Quotidien de Nouakchott","isPartOf":{"@id":"https:\/\/lequotidien.mr\/#website"},"primaryImageOfPage":{"@id":"https:\/\/lequotidien.mr\/?p=23722&lang=fr#primaryimage"},"image":{"@id":"https:\/\/lequotidien.mr\/?p=23722&lang=fr#primaryimage"},"thumbnailUrl":"https:\/\/lequotidien.mr\/wp-content\/uploads\/2024\/12\/photo-centre-Cham.jpg","datePublished":"2024-12-17T10:48:49+00:00","breadcrumb":{"@id":"https:\/\/lequotidien.mr\/?p=23722&lang=fr#breadcrumb"},"inLanguage":"ar","potentialAction":[{"@type":"ReadAction","target":["https:\/\/lequotidien.mr\/?p=23722&lang=fr"]}]},{"@type":"ImageObject","inLanguage":"ar","@id":"https:\/\/lequotidien.mr\/?p=23722&lang=fr#primaryimage","url":"https:\/\/lequotidien.mr\/wp-content\/uploads\/2024\/12\/photo-centre-Cham.jpg","contentUrl":"https:\/\/lequotidien.mr\/wp-content\/uploads\/2024\/12\/photo-centre-Cham.jpg","width":672,"height":430},{"@type":"BreadcrumbList","@id":"https:\/\/lequotidien.mr\/?p=23722&lang=fr#breadcrumb","itemListElement":[{"@type":"ListItem","position":1,"name":"Home","item":"https:\/\/lequotidien.mr\/"},{"@type":"ListItem","position":2,"name":"Inauguration d&#8217;un centre pilote pour le d\u00e9veloppement des techniques d&#8217;\u00e9levage des petits ruminants \u00e0 Cham au Brakna"}]},{"@type":"WebSite","@id":"https:\/\/lequotidien.mr\/#website","url":"https:\/\/lequotidien.mr\/","name":"Le Quotidien de Nouakchott","description":"\u0625\u062e\u0628\u0627\u0631\u064a\u0629 \u0645\u0633\u062a\u0642\u0644\u0629 \u0644\u0644\u0623\u0646\u0628\u0627\u0621 \u0627\u0644\u0639\u0627\u0645\u0629","publisher":{"@id":"https:\/\/lequotidien.mr\/#organization"},"potentialAction":[{"@type":"SearchAction","target":{"@type":"EntryPoint","urlTemplate":"https:\/\/lequotidien.mr\/?s={search_term_string}"},"query-input":{"@type":"PropertyValueSpecification","valueRequired":true,"valueName":"search_term_string"}}],"inLanguage":"ar"},{"@type":"Organization","@id":"https:\/\/lequotidien.mr\/#organization","name":"Le Quotidien de Nouakchott","url":"https:\/\/lequotidien.mr\/","logo":{"@type":"ImageObject","inLanguage":"ar","@id":"https:\/\/lequotidien.mr\/#\/schema\/logo\/image\/","url":"https:\/\/lequotidien.mr\/wp-content\/uploads\/2022\/11\/logolequotidien.jpg","contentUrl":"https:\/\/lequotidien.mr\/wp-content\/uploads\/2022\/11\/logolequotidien.jpg","width":290,"height":65,"caption":"Le Quotidien de Nouakchott"},"image":{"@id":"https:\/\/lequotidien.mr\/#\/schema\/logo\/image\/"},"sameAs":["https:\/\/web.facebook.com\/lequotidienmr","https:\/\/x.com\/lequotidienmr"]},{"@type":"Person","@id":"https:\/\/lequotidien.mr\/#\/schema\/person\/d2d350202a4d599685ed8abc25f97596","name":"Med Ahmed","image":{"@type":"ImageObject","inLanguage":"ar","@id":"https:\/\/secure.gravatar.com\/avatar\/fd2acc62ed50732923d1d39c17172c9b04149f142be92310ecc69e1358f94b52?s=96&d=mm&r=g","url":"https:\/\/secure.gravatar.com\/avatar\/fd2acc62ed50732923d1d39c17172c9b04149f142be92310ecc69e1358f94b52?s=96&d=mm&r=g","contentUrl":"https:\/\/secure.gravatar.com\/avatar\/fd2acc62ed50732923d1d39c17172c9b04149f142be92310ecc69e1358f94b52?s=96&d=mm&r=g","caption":"Med Ahmed"},"url":"https:\/\/lequotidien.mr\/?author=12"}]}},"_links":{"self":[{"href":"https:\/\/lequotidien.mr\/index.php?rest_route=\/wp\/v2\/posts\/23722","targetHints":{"allow":["GET"]}}],"collection":[{"href":"https:\/\/lequotidien.mr\/index.php?rest_route=\/wp\/v2\/posts"}],"about":[{"href":"https:\/\/lequotidien.mr\/index.php?rest_route=\/wp\/v2\/types\/post"}],"author":[{"embeddable":true,"href":"https:\/\/lequotidien.mr\/index.php?rest_route=\/wp\/v2\/users\/12"}],"replies":[{"embeddable":true,"href":"https:\/\/lequotidien.mr\/index.php?rest_route=%2Fwp%2Fv2%2Fcomments&post=23722"}],"version-history":[{"count":1,"href":"https:\/\/lequotidien.mr\/index.php?rest_route=\/wp\/v2\/posts\/23722\/revisions"}],"predecessor-version":[{"id":23725,"href":"https:\/\/lequotidien.mr\/index.php?rest_route=\/wp\/v2\/posts\/23722\/revisions\/23725"}],"wp:featuredmedia":[{"embeddable":true,"href":"https:\/\/lequotidien.mr\/index.php?rest_route=\/wp\/v2\/media\/23724"}],"wp:attachment":[{"href":"https:\/\/lequotidien.mr\/index.php?rest_route=%2Fwp%2Fv2%2Fmedia&parent=23722"}],"wp:term":[{"taxonomy":"category","embeddable":true,"href":"https:\/\/lequotidien.mr\/index.php?rest_route=%2Fwp%2Fv2%2Fcategories&post=23722"},{"taxonomy":"post_tag","embeddable":true,"href":"https:\/\/lequotidien.mr\/index.php?rest_route=%2Fwp%2Fv2%2Ftags&post=23722"}],"curies":[{"name":"wp","href":"https:\/\/api.w.org\/{rel}","templated":true}]}}