{"id":23681,"date":"2024-12-16T09:04:43","date_gmt":"2024-12-16T09:04:43","guid":{"rendered":"https:\/\/lequotidien.mr\/?p=23681"},"modified":"2024-12-16T09:04:43","modified_gmt":"2024-12-16T09:04:43","slug":"annonce-de-la-formation-de-la-coalition-des-forces-du-peuple-de-lopposition","status":"publish","type":"post","link":"https:\/\/lequotidien.mr\/?p=23681&lang=fr","title":{"rendered":"Annonce de la formation de la \u201cCoalition des Forces du Peuple de l\u2019Opposition\u201d"},"content":{"rendered":"<p>Un nouveau chapitre de la sc\u00e8ne politique mauritanienne s\u2019ouvrira ce lundi \u00e0 Nouakchott avec l\u2019annonce officielle de la cr\u00e9ation du \u201cCoalition des Forces du Peuple de l\u2019Opposition\u201d. Ce rassemblement regroupe plusieurs partis et personnalit\u00e9s politiques oppos\u00e9es au r\u00e9gime en place, dans le but de renforcer la pr\u00e9sence et l\u2019influence de l\u2019opposition.<\/p>\n<h3><strong>Composition de la coalition<\/strong><\/h3>\n<p>Le nouveau front politique comprend un ensemble de figures majeures de l\u2019opposition, notamment :<\/p>\n<ul>\n<li><strong>El Id Ould Mohameden<\/strong>, d\u00e9put\u00e9 et ancien candidat \u00e0 la pr\u00e9sidentielle, ayant obtenu 3,57 % des voix lors du dernier scrutin pr\u00e9sidentiel.<\/li>\n<li><strong>Le parti Union des Forces du Progr\u00e8s (UFP)<\/strong>, dirig\u00e9 par Mohamed Ould Maouloud.<\/li>\n<li><strong>Le parti Alternance D\u00e9mocratique (INAD)<\/strong>, repr\u00e9sent\u00e9 par son secr\u00e9taire g\u00e9n\u00e9ral Sidi Ould El Kory.<\/li>\n<li><strong>Un groupe du parti Rassemblement des Forces D\u00e9mocratiques (RFD)<\/strong>, dirig\u00e9 par Nana Mint Cheikhna.<\/li>\n<li><strong>Une branche du parti Front R\u00e9publicain pour l\u2019Unit\u00e9 et la D\u00e9mocratie (FRUD)<\/strong>, sous la direction de Diop Amadou Tijane.<\/li>\n<\/ul>\n<p>Selon des sources proches du groupement, la coalition signera une d\u00e9claration politique dans laquelle elle analysera la situation actuelle du pays et officialisera la d\u00e9signation d\u2019El Id Ould Mohameden comme pr\u00e9sident de la coalition.<\/p>\n<h3><strong>Objectifs et orientations<\/strong><\/h3>\n<p>La \u201cCoalition des Forces du Peuple de l\u2019Opposition\u201d se fixe plusieurs objectifs cl\u00e9s :<\/p>\n<ul>\n<li><strong>Unification de l\u2019opposition<\/strong> : Consolider les rangs des forces politiques adverses pour former un bloc solide et influent.<\/li>\n<li><strong>D\u00e9fense de la transparence \u00e9lectorale<\/strong> : Revendiquer des r\u00e9formes visant \u00e0 garantir l\u2019\u00e9quit\u00e9 et la transparence des processus \u00e9lectoraux.<\/li>\n<li><strong>Propositions de r\u00e9formes \u00e9conomiques et sociales<\/strong> : \u00c9laborer des solutions concr\u00e8tes aux crises \u00e9conomiques et sociales qui secouent le pays.<\/li>\n<\/ul>\n<p>Les dirigeants de la coalition pr\u00e9voient de d\u00e9tailler leur programme politique lors d\u2019une conf\u00e9rence de presse pr\u00e9vue ce lundi \u00e0 Nouakchott. Ils inviteront \u00e9galement d&#8217;autres partis et personnalit\u00e9s \u00e0 rejoindre cette plateforme commune dans l&#8217;espoir de cr\u00e9er un front uni capable de relever les d\u00e9fis politiques et sociaux actuels.<\/p>\n<p>Avec cette initiative, l\u2019opposition mauritanienne semble d\u00e9cid\u00e9e \u00e0 franchir un cap d\u00e9cisif, ouvrant la voie \u00e0 une reconfiguration potentielle du paysage politique national.<\/p>\n<p>&nbsp;<\/p>\n<p>&nbsp;<\/p>\n","protected":false},"excerpt":{"rendered":"<p>Un nouveau chapitre de la sc\u00e8ne politique mauritanienne s\u2019ouvrira ce lundi \u00e0 Nouakchott avec l\u2019annonce officielle de la cr\u00e9ation du \u201cCoalition des Forces du Peuple de l\u2019Opposition\u201d. Ce rassemblement regroupe plusieurs partis et personnalit\u00e9s politiques oppos\u00e9es au r\u00e9gime en place, dans le but de renforcer la pr\u00e9sence et l\u2019influence de l\u2019opposition. Composition de la coalition&#8230;..<\/p>\n","protected":false},"author":4,"featured_media":23682,"comment_status":"open","ping_status":"open","sticky":false,"template":"","format":"standard","meta":{"footnotes":""},"categories":[23,57],"tags":[],"class_list":["post-23681","post","type-post","status-publish","format-standard","has-post-thumbnail","hentry","category-actualite","category-couverture-specilale"],"yoast_head":"<!-- This site is optimized with the Yoast SEO plugin v27.5 - https:\/\/yoast.com\/product\/yoast-seo-wordpress\/ -->\n<title>Annonce de la formation de la \u201cCoalition des Forces du Peuple de l\u2019Opposition\u201d - Le Quotidien de Nouakchott<\/title>\n<meta name=\"robots\" content=\"index, follow, max-snippet:-1, max-image-preview:large, max-video-preview:-1\" \/>\n<link rel=\"canonical\" href=\"https:\/\/lequotidien.mr\/?p=23681&lang=fr\" \/>\n<meta property=\"og:locale\" content=\"ar_AR\" \/>\n<meta property=\"og:type\" content=\"article\" \/>\n<meta property=\"og:title\" content=\"Annonce de la formation de la \u201cCoalition des Forces du Peuple de l\u2019Opposition\u201d - Le Quotidien de Nouakchott\" \/>\n<meta property=\"og:description\" content=\"Un nouveau chapitre de la sc\u00e8ne politique mauritanienne s\u2019ouvrira ce lundi \u00e0 Nouakchott avec l\u2019annonce officielle de la cr\u00e9ation du \u201cCoalition des Forces du Peuple de l\u2019Opposition\u201d. Ce rassemblement regroupe plusieurs partis et personnalit\u00e9s politiques oppos\u00e9es au r\u00e9gime en place, dans le but de renforcer la pr\u00e9sence et l\u2019influence de l\u2019opposition. Composition de la coalition.....\" \/>\n<meta property=\"og:url\" content=\"https:\/\/lequotidien.mr\/?p=23681&amp;lang=fr\" \/>\n<meta property=\"og:site_name\" content=\"Le Quotidien de Nouakchott\" \/>\n<meta property=\"article:publisher\" content=\"https:\/\/web.facebook.com\/lequotidienmr\" \/>\n<meta property=\"article:published_time\" content=\"2024-12-16T09:04:43+00:00\" \/>\n<meta property=\"og:image\" content=\"https:\/\/lequotidien.mr\/wp-content\/uploads\/2024\/12\/xIMG-20241215-WA0403.jpgqitokwWkHGo4l.pagespeed.ic_.GzjZmdARXw.webp\" \/>\n\t<meta property=\"og:image:width\" content=\"480\" \/>\n\t<meta property=\"og:image:height\" content=\"320\" \/>\n\t<meta property=\"og:image:type\" content=\"image\/webp\" \/>\n<meta name=\"author\" content=\"Le Quotidien\" \/>\n<meta name=\"twitter:card\" content=\"summary_large_image\" \/>\n<meta name=\"twitter:creator\" content=\"@lequotidienmr\" \/>\n<meta name=\"twitter:site\" content=\"@lequotidienmr\" \/>\n<meta name=\"twitter:label1\" content=\"\u0643\u064f\u062a\u0628 \u0628\u0648\u0627\u0633\u0637\u0629\" \/>\n\t<meta name=\"twitter:data1\" content=\"Le Quotidien\" \/>\n\t<meta name=\"twitter:label2\" content=\"\u0648\u0642\u062a \u0627\u0644\u0642\u0631\u0627\u0621\u0629 \u0627\u0644\u0645\u064f\u0642\u062f\u0651\u0631\" \/>\n\t<meta name=\"twitter:data2\" content=\"\u062f\u0642\u064a\u0642\u062a\u0627\u0646\" \/>\n<script type=\"application\/ld+json\" class=\"yoast-schema-graph\">{\"@context\":\"https:\\\/\\\/schema.org\",\"@graph\":[{\"@type\":\"Article\",\"@id\":\"https:\\\/\\\/lequotidien.mr\\\/?p=23681&lang=fr#article\",\"isPartOf\":{\"@id\":\"https:\\\/\\\/lequotidien.mr\\\/?p=23681&lang=fr\"},\"author\":{\"name\":\"Le Quotidien\",\"@id\":\"https:\\\/\\\/lequotidien.mr\\\/#\\\/schema\\\/person\\\/f90fcdaa970c60288de4ed2e64a56472\"},\"headline\":\"Annonce de la formation de la \u201cCoalition des Forces du Peuple de l\u2019Opposition\u201d\",\"datePublished\":\"2024-12-16T09:04:43+00:00\",\"mainEntityOfPage\":{\"@id\":\"https:\\\/\\\/lequotidien.mr\\\/?p=23681&lang=fr\"},\"wordCount\":384,\"commentCount\":0,\"publisher\":{\"@id\":\"https:\\\/\\\/lequotidien.mr\\\/#organization\"},\"image\":{\"@id\":\"https:\\\/\\\/lequotidien.mr\\\/?p=23681&lang=fr#primaryimage\"},\"thumbnailUrl\":\"https:\\\/\\\/lequotidien.mr\\\/wp-content\\\/uploads\\\/2024\\\/12\\\/xIMG-20241215-WA0403.jpgqitokwWkHGo4l.pagespeed.ic_.GzjZmdARXw.webp\",\"articleSection\":[\"ACTUALIT\u00c9\",\"Couverture sp\u00e9cilale\"],\"inLanguage\":\"ar\",\"potentialAction\":[{\"@type\":\"CommentAction\",\"name\":\"Comment\",\"target\":[\"https:\\\/\\\/lequotidien.mr\\\/?p=23681&lang=fr#respond\"]}]},{\"@type\":\"WebPage\",\"@id\":\"https:\\\/\\\/lequotidien.mr\\\/?p=23681&lang=fr\",\"url\":\"https:\\\/\\\/lequotidien.mr\\\/?p=23681&lang=fr\",\"name\":\"Annonce de la formation de la \u201cCoalition des Forces du Peuple de l\u2019Opposition\u201d - Le Quotidien de Nouakchott\",\"isPartOf\":{\"@id\":\"https:\\\/\\\/lequotidien.mr\\\/#website\"},\"primaryImageOfPage\":{\"@id\":\"https:\\\/\\\/lequotidien.mr\\\/?p=23681&lang=fr#primaryimage\"},\"image\":{\"@id\":\"https:\\\/\\\/lequotidien.mr\\\/?p=23681&lang=fr#primaryimage\"},\"thumbnailUrl\":\"https:\\\/\\\/lequotidien.mr\\\/wp-content\\\/uploads\\\/2024\\\/12\\\/xIMG-20241215-WA0403.jpgqitokwWkHGo4l.pagespeed.ic_.GzjZmdARXw.webp\",\"datePublished\":\"2024-12-16T09:04:43+00:00\",\"breadcrumb\":{\"@id\":\"https:\\\/\\\/lequotidien.mr\\\/?p=23681&lang=fr#breadcrumb\"},\"inLanguage\":\"ar\",\"potentialAction\":[{\"@type\":\"ReadAction\",\"target\":[\"https:\\\/\\\/lequotidien.mr\\\/?p=23681&lang=fr\"]}]},{\"@type\":\"ImageObject\",\"inLanguage\":\"ar\",\"@id\":\"https:\\\/\\\/lequotidien.mr\\\/?p=23681&lang=fr#primaryimage\",\"url\":\"https:\\\/\\\/lequotidien.mr\\\/wp-content\\\/uploads\\\/2024\\\/12\\\/xIMG-20241215-WA0403.jpgqitokwWkHGo4l.pagespeed.ic_.GzjZmdARXw.webp\",\"contentUrl\":\"https:\\\/\\\/lequotidien.mr\\\/wp-content\\\/uploads\\\/2024\\\/12\\\/xIMG-20241215-WA0403.jpgqitokwWkHGo4l.pagespeed.ic_.GzjZmdARXw.webp\",\"width\":480,\"height\":320},{\"@type\":\"BreadcrumbList\",\"@id\":\"https:\\\/\\\/lequotidien.mr\\\/?p=23681&lang=fr#breadcrumb\",\"itemListElement\":[{\"@type\":\"ListItem\",\"position\":1,\"name\":\"Home\",\"item\":\"https:\\\/\\\/lequotidien.mr\\\/\"},{\"@type\":\"ListItem\",\"position\":2,\"name\":\"Annonce de la formation de la \u201cCoalition des Forces du Peuple de l\u2019Opposition\u201d\"}]},{\"@type\":\"WebSite\",\"@id\":\"https:\\\/\\\/lequotidien.mr\\\/#website\",\"url\":\"https:\\\/\\\/lequotidien.mr\\\/\",\"name\":\"Le Quotidien de Nouakchott\",\"description\":\"\u0625\u062e\u0628\u0627\u0631\u064a\u0629 \u0645\u0633\u062a\u0642\u0644\u0629 \u0644\u0644\u0623\u0646\u0628\u0627\u0621 \u0627\u0644\u0639\u0627\u0645\u0629\",\"publisher\":{\"@id\":\"https:\\\/\\\/lequotidien.mr\\\/#organization\"},\"potentialAction\":[{\"@type\":\"SearchAction\",\"target\":{\"@type\":\"EntryPoint\",\"urlTemplate\":\"https:\\\/\\\/lequotidien.mr\\\/?s={search_term_string}\"},\"query-input\":{\"@type\":\"PropertyValueSpecification\",\"valueRequired\":true,\"valueName\":\"search_term_string\"}}],\"inLanguage\":\"ar\"},{\"@type\":\"Organization\",\"@id\":\"https:\\\/\\\/lequotidien.mr\\\/#organization\",\"name\":\"Le Quotidien de Nouakchott\",\"url\":\"https:\\\/\\\/lequotidien.mr\\\/\",\"logo\":{\"@type\":\"ImageObject\",\"inLanguage\":\"ar\",\"@id\":\"https:\\\/\\\/lequotidien.mr\\\/#\\\/schema\\\/logo\\\/image\\\/\",\"url\":\"https:\\\/\\\/lequotidien.mr\\\/wp-content\\\/uploads\\\/2022\\\/11\\\/logolequotidien.jpg\",\"contentUrl\":\"https:\\\/\\\/lequotidien.mr\\\/wp-content\\\/uploads\\\/2022\\\/11\\\/logolequotidien.jpg\",\"width\":290,\"height\":65,\"caption\":\"Le Quotidien de Nouakchott\"},\"image\":{\"@id\":\"https:\\\/\\\/lequotidien.mr\\\/#\\\/schema\\\/logo\\\/image\\\/\"},\"sameAs\":[\"https:\\\/\\\/web.facebook.com\\\/lequotidienmr\",\"https:\\\/\\\/x.com\\\/lequotidienmr\"]},{\"@type\":\"Person\",\"@id\":\"https:\\\/\\\/lequotidien.mr\\\/#\\\/schema\\\/person\\\/f90fcdaa970c60288de4ed2e64a56472\",\"name\":\"Le Quotidien\",\"image\":{\"@type\":\"ImageObject\",\"inLanguage\":\"ar\",\"@id\":\"https:\\\/\\\/secure.gravatar.com\\\/avatar\\\/374cb39a1a458a912465a93e5a3ce6546886fc3da809a1f10c63e4e8fcbca30f?s=96&d=mm&r=g\",\"url\":\"https:\\\/\\\/secure.gravatar.com\\\/avatar\\\/374cb39a1a458a912465a93e5a3ce6546886fc3da809a1f10c63e4e8fcbca30f?s=96&d=mm&r=g\",\"contentUrl\":\"https:\\\/\\\/secure.gravatar.com\\\/avatar\\\/374cb39a1a458a912465a93e5a3ce6546886fc3da809a1f10c63e4e8fcbca30f?s=96&d=mm&r=g\",\"caption\":\"Le Quotidien\"},\"sameAs\":[\"https:\\\/\\\/lequotidien.mr\\\/\"],\"url\":\"https:\\\/\\\/lequotidien.mr\\\/?author=4\"}]}<\/script>\n<!-- \/ Yoast SEO plugin. -->","yoast_head_json":{"title":"Annonce de la formation de la \u201cCoalition des Forces du Peuple de l\u2019Opposition\u201d - Le Quotidien de Nouakchott","robots":{"index":"index","follow":"follow","max-snippet":"max-snippet:-1","max-image-preview":"max-image-preview:large","max-video-preview":"max-video-preview:-1"},"canonical":"https:\/\/lequotidien.mr\/?p=23681&lang=fr","og_locale":"ar_AR","og_type":"article","og_title":"Annonce de la formation de la \u201cCoalition des Forces du Peuple de l\u2019Opposition\u201d - Le Quotidien de Nouakchott","og_description":"Un nouveau chapitre de la sc\u00e8ne politique mauritanienne s\u2019ouvrira ce lundi \u00e0 Nouakchott avec l\u2019annonce officielle de la cr\u00e9ation du \u201cCoalition des Forces du Peuple de l\u2019Opposition\u201d. Ce rassemblement regroupe plusieurs partis et personnalit\u00e9s politiques oppos\u00e9es au r\u00e9gime en place, dans le but de renforcer la pr\u00e9sence et l\u2019influence de l\u2019opposition. Composition de la coalition.....","og_url":"https:\/\/lequotidien.mr\/?p=23681&lang=fr","og_site_name":"Le Quotidien de Nouakchott","article_publisher":"https:\/\/web.facebook.com\/lequotidienmr","article_published_time":"2024-12-16T09:04:43+00:00","og_image":[{"width":480,"height":320,"url":"https:\/\/lequotidien.mr\/wp-content\/uploads\/2024\/12\/xIMG-20241215-WA0403.jpgqitokwWkHGo4l.pagespeed.ic_.GzjZmdARXw.webp","type":"image\/webp"}],"author":"Le Quotidien","twitter_card":"summary_large_image","twitter_creator":"@lequotidienmr","twitter_site":"@lequotidienmr","twitter_misc":{"\u0643\u064f\u062a\u0628 \u0628\u0648\u0627\u0633\u0637\u0629":"Le Quotidien","\u0648\u0642\u062a \u0627\u0644\u0642\u0631\u0627\u0621\u0629 \u0627\u0644\u0645\u064f\u0642\u062f\u0651\u0631":"\u062f\u0642\u064a\u0642\u062a\u0627\u0646"},"schema":{"@context":"https:\/\/schema.org","@graph":[{"@type":"Article","@id":"https:\/\/lequotidien.mr\/?p=23681&lang=fr#article","isPartOf":{"@id":"https:\/\/lequotidien.mr\/?p=23681&lang=fr"},"author":{"name":"Le Quotidien","@id":"https:\/\/lequotidien.mr\/#\/schema\/person\/f90fcdaa970c60288de4ed2e64a56472"},"headline":"Annonce de la formation de la \u201cCoalition des Forces du Peuple de l\u2019Opposition\u201d","datePublished":"2024-12-16T09:04:43+00:00","mainEntityOfPage":{"@id":"https:\/\/lequotidien.mr\/?p=23681&lang=fr"},"wordCount":384,"commentCount":0,"publisher":{"@id":"https:\/\/lequotidien.mr\/#organization"},"image":{"@id":"https:\/\/lequotidien.mr\/?p=23681&lang=fr#primaryimage"},"thumbnailUrl":"https:\/\/lequotidien.mr\/wp-content\/uploads\/2024\/12\/xIMG-20241215-WA0403.jpgqitokwWkHGo4l.pagespeed.ic_.GzjZmdARXw.webp","articleSection":["ACTUALIT\u00c9","Couverture sp\u00e9cilale"],"inLanguage":"ar","potentialAction":[{"@type":"CommentAction","name":"Comment","target":["https:\/\/lequotidien.mr\/?p=23681&lang=fr#respond"]}]},{"@type":"WebPage","@id":"https:\/\/lequotidien.mr\/?p=23681&lang=fr","url":"https:\/\/lequotidien.mr\/?p=23681&lang=fr","name":"Annonce de la formation de la \u201cCoalition des Forces du Peuple de l\u2019Opposition\u201d - Le Quotidien de Nouakchott","isPartOf":{"@id":"https:\/\/lequotidien.mr\/#website"},"primaryImageOfPage":{"@id":"https:\/\/lequotidien.mr\/?p=23681&lang=fr#primaryimage"},"image":{"@id":"https:\/\/lequotidien.mr\/?p=23681&lang=fr#primaryimage"},"thumbnailUrl":"https:\/\/lequotidien.mr\/wp-content\/uploads\/2024\/12\/xIMG-20241215-WA0403.jpgqitokwWkHGo4l.pagespeed.ic_.GzjZmdARXw.webp","datePublished":"2024-12-16T09:04:43+00:00","breadcrumb":{"@id":"https:\/\/lequotidien.mr\/?p=23681&lang=fr#breadcrumb"},"inLanguage":"ar","potentialAction":[{"@type":"ReadAction","target":["https:\/\/lequotidien.mr\/?p=23681&lang=fr"]}]},{"@type":"ImageObject","inLanguage":"ar","@id":"https:\/\/lequotidien.mr\/?p=23681&lang=fr#primaryimage","url":"https:\/\/lequotidien.mr\/wp-content\/uploads\/2024\/12\/xIMG-20241215-WA0403.jpgqitokwWkHGo4l.pagespeed.ic_.GzjZmdARXw.webp","contentUrl":"https:\/\/lequotidien.mr\/wp-content\/uploads\/2024\/12\/xIMG-20241215-WA0403.jpgqitokwWkHGo4l.pagespeed.ic_.GzjZmdARXw.webp","width":480,"height":320},{"@type":"BreadcrumbList","@id":"https:\/\/lequotidien.mr\/?p=23681&lang=fr#breadcrumb","itemListElement":[{"@type":"ListItem","position":1,"name":"Home","item":"https:\/\/lequotidien.mr\/"},{"@type":"ListItem","position":2,"name":"Annonce de la formation de la \u201cCoalition des Forces du Peuple de l\u2019Opposition\u201d"}]},{"@type":"WebSite","@id":"https:\/\/lequotidien.mr\/#website","url":"https:\/\/lequotidien.mr\/","name":"Le Quotidien de Nouakchott","description":"\u0625\u062e\u0628\u0627\u0631\u064a\u0629 \u0645\u0633\u062a\u0642\u0644\u0629 \u0644\u0644\u0623\u0646\u0628\u0627\u0621 \u0627\u0644\u0639\u0627\u0645\u0629","publisher":{"@id":"https:\/\/lequotidien.mr\/#organization"},"potentialAction":[{"@type":"SearchAction","target":{"@type":"EntryPoint","urlTemplate":"https:\/\/lequotidien.mr\/?s={search_term_string}"},"query-input":{"@type":"PropertyValueSpecification","valueRequired":true,"valueName":"search_term_string"}}],"inLanguage":"ar"},{"@type":"Organization","@id":"https:\/\/lequotidien.mr\/#organization","name":"Le Quotidien de Nouakchott","url":"https:\/\/lequotidien.mr\/","logo":{"@type":"ImageObject","inLanguage":"ar","@id":"https:\/\/lequotidien.mr\/#\/schema\/logo\/image\/","url":"https:\/\/lequotidien.mr\/wp-content\/uploads\/2022\/11\/logolequotidien.jpg","contentUrl":"https:\/\/lequotidien.mr\/wp-content\/uploads\/2022\/11\/logolequotidien.jpg","width":290,"height":65,"caption":"Le Quotidien de Nouakchott"},"image":{"@id":"https:\/\/lequotidien.mr\/#\/schema\/logo\/image\/"},"sameAs":["https:\/\/web.facebook.com\/lequotidienmr","https:\/\/x.com\/lequotidienmr"]},{"@type":"Person","@id":"https:\/\/lequotidien.mr\/#\/schema\/person\/f90fcdaa970c60288de4ed2e64a56472","name":"Le Quotidien","image":{"@type":"ImageObject","inLanguage":"ar","@id":"https:\/\/secure.gravatar.com\/avatar\/374cb39a1a458a912465a93e5a3ce6546886fc3da809a1f10c63e4e8fcbca30f?s=96&d=mm&r=g","url":"https:\/\/secure.gravatar.com\/avatar\/374cb39a1a458a912465a93e5a3ce6546886fc3da809a1f10c63e4e8fcbca30f?s=96&d=mm&r=g","contentUrl":"https:\/\/secure.gravatar.com\/avatar\/374cb39a1a458a912465a93e5a3ce6546886fc3da809a1f10c63e4e8fcbca30f?s=96&d=mm&r=g","caption":"Le Quotidien"},"sameAs":["https:\/\/lequotidien.mr\/"],"url":"https:\/\/lequotidien.mr\/?author=4"}]}},"_links":{"self":[{"href":"https:\/\/lequotidien.mr\/index.php?rest_route=\/wp\/v2\/posts\/23681","targetHints":{"allow":["GET"]}}],"collection":[{"href":"https:\/\/lequotidien.mr\/index.php?rest_route=\/wp\/v2\/posts"}],"about":[{"href":"https:\/\/lequotidien.mr\/index.php?rest_route=\/wp\/v2\/types\/post"}],"author":[{"embeddable":true,"href":"https:\/\/lequotidien.mr\/index.php?rest_route=\/wp\/v2\/users\/4"}],"replies":[{"embeddable":true,"href":"https:\/\/lequotidien.mr\/index.php?rest_route=%2Fwp%2Fv2%2Fcomments&post=23681"}],"version-history":[{"count":1,"href":"https:\/\/lequotidien.mr\/index.php?rest_route=\/wp\/v2\/posts\/23681\/revisions"}],"predecessor-version":[{"id":23683,"href":"https:\/\/lequotidien.mr\/index.php?rest_route=\/wp\/v2\/posts\/23681\/revisions\/23683"}],"wp:featuredmedia":[{"embeddable":true,"href":"https:\/\/lequotidien.mr\/index.php?rest_route=\/wp\/v2\/media\/23682"}],"wp:attachment":[{"href":"https:\/\/lequotidien.mr\/index.php?rest_route=%2Fwp%2Fv2%2Fmedia&parent=23681"}],"wp:term":[{"taxonomy":"category","embeddable":true,"href":"https:\/\/lequotidien.mr\/index.php?rest_route=%2Fwp%2Fv2%2Fcategories&post=23681"},{"taxonomy":"post_tag","embeddable":true,"href":"https:\/\/lequotidien.mr\/index.php?rest_route=%2Fwp%2Fv2%2Ftags&post=23681"}],"curies":[{"name":"wp","href":"https:\/\/api.w.org\/{rel}","templated":true}]}}