{"id":23623,"date":"2024-12-13T18:21:24","date_gmt":"2024-12-13T18:21:24","guid":{"rendered":"https:\/\/lequotidien.mr\/?p=23623"},"modified":"2024-12-13T18:21:24","modified_gmt":"2024-12-13T18:21:24","slug":"13%e1%b5%89-edition-du-festival-des-cites-du-patrimoine-chinguitty-une-celebration-de-lhistoire-de-la-culture-et-du-developpement","status":"publish","type":"post","link":"https:\/\/lequotidien.mr\/?p=23623&lang=fr","title":{"rendered":"13\u1d49 \u00e9dition du Festival des Cit\u00e9s du Patrimoine\/Chinguitty : Une c\u00e9l\u00e9bration de l&#8217;histoire, de la culture et du d\u00e9veloppement"},"content":{"rendered":"<p>La ville historique de Chinguitty a accueilli cette ann\u00e9e la 13\u1d49 \u00e9dition du Festival des Cit\u00e9s du Patrimoine sous le slogan : <em>\u00ab Une caravane pour le d\u00e9veloppement de nos anciennes villes \u00bb<\/em> . Cet \u00e9v\u00e9nement annuel met \u00e0 l&#8217;honneur le riche patrimoine des anciennes cit\u00e9s mauritaniennes, en combinant tradition et modernit\u00e9.<\/p>\n<p><strong>Un festival aux activit\u00e9s diversifi\u00e9es<\/strong><\/p>\n<p>Cette \u00e9dition s&#8217;est distingu\u00e9e par la richesse et la vari\u00e9t\u00e9 des activit\u00e9s propos\u00e9es, r\u00e9pondant aux aspirations des habitants de la r\u00e9gion. Le programme comprenait des initiatives en faveur du d\u00e9veloppement local, des conf\u00e9rences scientifiques, des expositions artistiques, ainsi qu&#8217;une s\u00e9rie d&#8217;activit\u00e9s culturelles, sportives et r\u00e9cr\u00e9atives. L&#8217;objectif est de faire rayonner ces villes embl\u00e9matiques tout en r\u00e9pondant aux besoins des populations locales.<\/p>\n<p><strong>L&#8217;engagement du Pr\u00e9sident de la R\u00e9publique<\/strong><\/p>\n<p>Le Pr\u00e9sident de la R\u00e9publique, Mohamed Cheikh El Ghazouani, pr\u00e9sent \u00e0 Chinguitty pour l&#8217;occasion, a r\u00e9affirm\u00e9 l&#8217;importance du festival. Dans son discours inaugural, il a soulign\u00e9 que l&#8217;objectif principal de cet \u00e9v\u00e9nement est de promouvoir les villes historiques, de pr\u00e9server leurs tr\u00e9sors uniques, et de leur fournir les moyens n\u00e9cessaires pour survivre, se d\u00e9velopper et prosp\u00e9rer.<\/p>\n<p>Il a \u00e9galement mis en lumi\u00e8re l&#8217;h\u00e9ritage de r\u00e9silience qui caract\u00e9rise ces cit\u00e9s. Cette r\u00e9silience, selon lui, repose sur des valeurs fondamentales telles que la solidarit\u00e9, la coh\u00e9sion sociale, et une foi profonde dans les principes religieux et moraux qui ont fa\u00e7onn\u00e9 l&#8217;identit\u00e9 culturelle et l&#8217;unit\u00e9 nationale du pays.<\/p>\n<p><strong>Les efforts pour l&#8217;unit\u00e9 et le d\u00e9veloppement<\/strong><\/p>\n<p>Le Chef de l&#8217;\u00c9tat a rappel\u00e9 les efforts consid\u00e9rables d\u00e9ploy\u00e9s au cours des derni\u00e8res ann\u00e9es pour renforcer l&#8217;unit\u00e9 nationale et la justice sociale. Ces initiatives incluent :<\/p>\n<p><strong>-Le renforcement de la coh\u00e9sion sociale<\/strong> \u00e0 travers une \u00e9cole r\u00e9publicaine inclusive\u00a0;<\/p>\n<p><strong>-La consolidation de l&#8217;\u00c9tat de droit<\/strong> par des r\u00e9formes administratives et politiques\u00a0;<\/p>\n<p><strong>-L&#8217;am\u00e9lioration de l&#8217;\u00e9quit\u00e9 sociale<\/strong>, notamment gr\u00e2ce \u00e0 des politiques favorisant l&#8217;ouverture et le dialogue.<\/p>\n<p><strong>Un appel \u00e0 la r\u00e9conciliation et \u00e0 l&#8217;unit\u00e9<\/strong><\/p>\n<p>Dans un plaidoyer vibrant, Mohamed Cheikh El Ghazouani a exhort\u00e9 les Mauritaniens \u00e0 travailler ensemble pour surmonter les divisions et construire une soci\u00e9t\u00e9 r\u00e9concili\u00e9e avec elle-m\u00eame. Il a insist\u00e9 sur la n\u00e9cessit\u00e9 de rejeter les discours de haine, les pr\u00e9jug\u00e9s et les mentalit\u00e9s n\u00e9gatives, afin de renforcer l&#8217;unit\u00e9 autour d&#8217;une histoire commune et d&#8217;un avenir partag\u00e9.<\/p>\n<p><strong>Un \u00e9v\u00e9nement pour la m\u00e9moire et l&#8217;avenir<\/strong><\/p>\n<p>Le Festival des Cit\u00e9s du Patrimoine ne se limite pas \u00e0 la c\u00e9l\u00e9bration du pass\u00e9 : il s&#8217;inscrit dans une dynamique de d\u00e9veloppement durable. \u00c0 travers ce festival, la Mauritanie c\u00e9l\u00e8bre son patrimoine tout en s&#8217;engageant \u00e0 pr\u00e9server ces villes historiques, symboles d&#8217;un h\u00e9ritage collectif, pour les g\u00e9n\u00e9rations futures.<\/p>\n<p>Cette 13\u1d49 \u00e9dition a une fois de plus d\u00e9montr\u00e9 que ces anciennes cit\u00e9s ne sont pas seulement des t\u00e9moins du pass\u00e9, mais aussi des acteurs essentiels du d\u00e9veloppement culturel, \u00e9conomique et social du pays.<\/p>\n<p>Voici le texte du discours du Pr\u00e9sident de la R\u00e9publique :<\/p>\n<p>\u00ab Monsieur le chef de file de l\u2019opposition d\u00e9mocratique,<\/p>\n<p>Messieurs les pr\u00e9sidents des institutions constitutionnelles,<\/p>\n<p>Mesdames, messieurs les ministres,<\/p>\n<p>Madame la directrice g\u00e9n\u00e9rale de l\u2019Organisation des Nations Unies pour l\u2019\u00c9ducation, les Sciences et la Culture,<\/p>\n<p>Monsieur le wali,<\/p>\n<p>Monsieur le Pr\u00e9sident du Conseil r\u00e9gional,<\/p>\n<p>Mesdames et Messieurs les D\u00e9put\u00e9s,<\/p>\n<p>Monsieur le maire,<\/p>\n<p>Excellences Mesdames et Messieurs les membres du corps diplomatique,<\/p>\n<p>Mesdames et Messieurs les chefs de partis politiques,<\/p>\n<p>Mesdames et Messieurs les invit\u00e9s du Festival des cit\u00e9s du patrimoine,<\/p>\n<p>Messieurs les invit\u00e9s,<\/p>\n<p>Honorable assistance,<\/p>\n<p>Habitants de la ville de Chinguitty, je tiens \u00e0 vous exprimer ma joie de participer \u00e0 la treizi\u00e8me \u00e9dition du festival des cit\u00e9s du patrimoine, et \u00e0 vous remercier de votre accueil chaleureux et de votre hospitalit\u00e9.<\/p>\n<p>Je tiens \u00e9galement \u00e0 souhaiter la bienvenue \u00e0 tous ceux qui sont venus de l\u2019int\u00e9rieur ou de l\u2019ext\u00e9rieur du pays, appr\u00e9ciant \u00e0 leur juste valeur les efforts qu\u2019ils ont consentis pour participer \u00e0 ce festival, ici \u00e0 Chinguetti, joyaux de l\u2019histoire et du patrimoine mondial en g\u00e9n\u00e9ral et haut lieu du savoir. Chinguitty qui a \u00e9t\u00e9 caract\u00e9ris\u00e9, pendant de longues p\u00e9riodes, par sa centralit\u00e9 dans les \u00e9changes commerciaux entre le sud et le nord du Sahara, son rayonnement culturel et la renomm\u00e9e de ses savants qui ont influenc\u00e9 de fa\u00e7on ind\u00e9l\u00e9bile tous le spectre des sciences islamiques \u00e0 telle enseigne qu\u2019elle est devenue une r\u00e9f\u00e9rence dans le monde du savoir et des connaissances et son nom un \u00e9tendard pour notre pays durant des si\u00e8cles avant l\u2019\u00e9tablissement de notre \u00c9tat moderne.<\/p>\n<p>Mesdames et Messieurs En novembre 2019, ici m\u00eame dans votre cit\u00e9, je m\u2019\u00e9tais engag\u00e9 \u00e0 ce que cet \u00e9v\u00e8nement devienne un festival de d\u00e9veloppement autant qu\u2019un festival culturel. Pour tenir cet engagement, nous avons mobilis\u00e9 plus de seize milliards d\u2019ouguiya anciennes aux diff\u00e9rents aspects du d\u00e9veloppement de nos cit\u00e9s du patrimoine, allou\u00e9s notamment aux secteurs de la sant\u00e9, de l\u2019\u00e9ducation, des communications, ainsi qu\u2019au soutien aux mosqu\u00e9es, aux mahadras, aux biblioth\u00e8ques des manuscrits, aux artisans, aux jeunes, aux femmes, \u00e0 l\u2019artisanat et au tourisme. En plus de ce montant s\u2019ajoute un financement de douze milliards d\u2019ouguiya d\u00e9di\u00e9 \u00e0 la construction de la route Atar-Chinguetti pour d\u00e9senclaver Chinguetti comme nous nous \u00e9tions engag\u00e9s.<\/p>\n<p>Ce volet \u00e9conomique compl\u00e8te le volet culturel qui vise \u00e0 pr\u00e9server les tr\u00e9sors et les richesses patrimoniales incommensurables de la ville, qu\u2019il s\u2019agisse de manuscrits ou d\u2019architecture, car le festival des cit\u00e9s du patrimoine vise avant tout \u00e0 promouvoir nos villes historiques et leurs tr\u00e9sors uniques, et \u00e0 leur fournir les moyens de survivre, de se d\u00e9velopper et de s\u2019\u00e9panouir. En m\u00eame temps, il vise \u00e0 renforcer chez nos citoyens le sens d\u2019appropriation des vertus et de la capacit\u00e9 extraordinaire r\u00e9silience des b\u00e2tisseurs de ces villes, fond\u00e9e sur la solidarit\u00e9 et la coh\u00e9sion, ainsi que sur une forte croyance dans les insignes valeurs religieuses et morales qui sont le ciment de notre diversit\u00e9 culturelle et de notre identit\u00e9 civilisationnelle exceptionnelle fondatrices de notre unit\u00e9 nationale f\u00e9d\u00e9ratrice.<\/p>\n<p>Nous avons d\u00e9ploy\u00e9 de grands efforts au cours des derni\u00e8res ann\u00e9es pour renforcer cette unit\u00e9, raffermir notre coh\u00e9sion sociale et \u00e0 asseoir progressivement l\u2019\u00e9quilibre de la justice sociale \u00e0 travers l\u2019ouverture politique, le renforcement de l\u2019\u00e9cole r\u00e9publicaine et des piliers de l\u2019\u00c9tat de droit, et la r\u00e9forme du syst\u00e8me administratif. Toutefois, nous \u00e9tions et sommes toujours bien conscients que l\u2019impact de tous ces efforts demeurera tributaire d\u2019une profonde transformation soci\u00e9tale qui conduit \u00e0 un changement radical des mentalit\u00e9s, c\u2019est pourquoi nous avons men\u00e9 une lutte ardue contre les mentalit\u00e9s nuisibles \u00e0 notre coh\u00e9sion sociale et contraires \u00e0 nos valeurs religieuses et aux exigences du concept de l\u2019\u00c9tat moderne. Certes, les r\u00e9sultats de cette approche sur le terrain sont encore loin du niveau esp\u00e9r\u00e9 et attendu, mais elle restera pour nous une approche strat\u00e9gique et intransigeante, car nous devons construire une soci\u00e9t\u00e9 r\u00e9concili\u00e9e avec elle-m\u00eame, confiante dans ses institutions, forte de sa coh\u00e9sion et soud\u00e9 par son unit\u00e9 \u00bb.<\/p>\n<p>Je vous appelle, une fois de plus, \u00e0 un \u00e9lan national f\u00e9d\u00e9rateur pour changer les mentalit\u00e9s r\u00e9trogrades et se d\u00e9barrasser de tous les st\u00e9r\u00e9otypes, des discours de haine et des inclinations au sentiment de sup\u00e9riorit\u00e9 afin de fortifier notre peuple qui a en partage l\u2019histoire et l\u2019avenir.<\/p>\n<p>Il s\u2019agit l\u00e0 d\u2019un imp\u00e9ratif d\u2019autant plus urgent que p\u00e8sent sur nous les menaces inh\u00e9rentes \u00e0 l\u2019impact de certains aspects de la mondialisation et de la r\u00e9volution num\u00e9rique, y compris des comportements contraires \u00e0 nos valeurs, notamment l\u2019utilisation des m\u00e9dias sociaux par certains pour semer la discorde et la zizanie entre les diff\u00e9rentes composantes de notre soci\u00e9t\u00e9. J\u2019en appelle \u00e0 vous tous, m\u00e9dias, intellectuels, leaders d\u2019opinion, soci\u00e9t\u00e9 civile, enseignants, associations parentales et la famille communautaire en g\u00e9n\u00e9ral pour contribuer, chacun de par sa position, \u00e0 renforcer notre unit\u00e9 nationale et notre coh\u00e9sion sociale en s\u2019engageant activement en faveur de la transformation responsable de la soci\u00e9t\u00e9.<\/p>\n<p>En annon\u00e7ant l\u2019ouverture de la treizi\u00e8me \u00e9dition du festival des cit\u00e9s du patrimoine, j\u2019esp\u00e8re que notre souvenir des nobles significations et des valeurs fondatrices de l\u2019histoire de cette ancienne ville contribuera \u00e0 renforcer notre unit\u00e9 nationale et notre coh\u00e9sion sociale.<\/p>\n<p>Je vous remercie \u00bb.<\/p>\n","protected":false},"excerpt":{"rendered":"<p>La ville historique de Chinguitty a accueilli cette ann\u00e9e la 13\u1d49 \u00e9dition du Festival des Cit\u00e9s du Patrimoine sous le slogan : \u00ab Une caravane pour le d\u00e9veloppement de nos anciennes villes \u00bb . Cet \u00e9v\u00e9nement annuel met \u00e0 l&#8217;honneur le riche patrimoine des anciennes cit\u00e9s mauritaniennes, en combinant tradition et modernit\u00e9. Un festival aux&#8230;..<\/p>\n","protected":false},"author":12,"featured_media":23624,"comment_status":"open","ping_status":"open","sticky":false,"template":"","format":"standard","meta":{"footnotes":""},"categories":[23,49],"tags":[],"class_list":["post-23623","post","type-post","status-publish","format-standard","has-post-thumbnail","hentry","category-actualite","category-economie"],"yoast_head":"<!-- This site is optimized with the Yoast SEO plugin v27.5 - https:\/\/yoast.com\/product\/yoast-seo-wordpress\/ -->\n<title>13\u1d49 \u00e9dition du Festival des Cit\u00e9s du Patrimoine\/Chinguitty : Une c\u00e9l\u00e9bration de l&#039;histoire, de la culture et du d\u00e9veloppement - Le Quotidien de Nouakchott<\/title>\n<meta name=\"robots\" content=\"index, follow, max-snippet:-1, max-image-preview:large, max-video-preview:-1\" \/>\n<link rel=\"canonical\" href=\"https:\/\/lequotidien.mr\/?p=23623&lang=fr\" \/>\n<meta property=\"og:locale\" content=\"ar_AR\" \/>\n<meta property=\"og:type\" content=\"article\" \/>\n<meta property=\"og:title\" content=\"13\u1d49 \u00e9dition du Festival des Cit\u00e9s du Patrimoine\/Chinguitty : Une c\u00e9l\u00e9bration de l&#039;histoire, de la culture et du d\u00e9veloppement - Le Quotidien de Nouakchott\" \/>\n<meta property=\"og:description\" content=\"La ville historique de Chinguitty a accueilli cette ann\u00e9e la 13\u1d49 \u00e9dition du Festival des Cit\u00e9s du Patrimoine sous le slogan : \u00ab Une caravane pour le d\u00e9veloppement de nos anciennes villes \u00bb . Cet \u00e9v\u00e9nement annuel met \u00e0 l&#8217;honneur le riche patrimoine des anciennes cit\u00e9s mauritaniennes, en combinant tradition et modernit\u00e9. Un festival aux.....\" \/>\n<meta property=\"og:url\" content=\"https:\/\/lequotidien.mr\/?p=23623&amp;lang=fr\" \/>\n<meta property=\"og:site_name\" content=\"Le Quotidien de Nouakchott\" \/>\n<meta property=\"article:publisher\" content=\"https:\/\/web.facebook.com\/lequotidienmr\" \/>\n<meta property=\"article:published_time\" content=\"2024-12-13T18:21:24+00:00\" \/>\n<meta property=\"og:image\" content=\"https:\/\/lequotidien.mr\/wp-content\/uploads\/2024\/12\/photo-festival-Chinguitty-1.jpg\" \/>\n\t<meta property=\"og:image:width\" content=\"640\" \/>\n\t<meta property=\"og:image:height\" content=\"433\" \/>\n\t<meta property=\"og:image:type\" content=\"image\/jpeg\" \/>\n<meta name=\"author\" content=\"Med Ahmed\" \/>\n<meta name=\"twitter:card\" content=\"summary_large_image\" \/>\n<meta name=\"twitter:creator\" content=\"@lequotidienmr\" \/>\n<meta name=\"twitter:site\" content=\"@lequotidienmr\" \/>\n<meta name=\"twitter:label1\" content=\"\u0643\u064f\u062a\u0628 \u0628\u0648\u0627\u0633\u0637\u0629\" \/>\n\t<meta name=\"twitter:data1\" content=\"Med Ahmed\" \/>\n\t<meta name=\"twitter:label2\" content=\"\u0648\u0642\u062a \u0627\u0644\u0642\u0631\u0627\u0621\u0629 \u0627\u0644\u0645\u064f\u0642\u062f\u0651\u0631\" \/>\n\t<meta name=\"twitter:data2\" content=\"7 \u062f\u0642\u0627\u0626\u0642\" \/>\n<script type=\"application\/ld+json\" class=\"yoast-schema-graph\">{\"@context\":\"https:\\\/\\\/schema.org\",\"@graph\":[{\"@type\":\"Article\",\"@id\":\"https:\\\/\\\/lequotidien.mr\\\/?p=23623&lang=fr#article\",\"isPartOf\":{\"@id\":\"https:\\\/\\\/lequotidien.mr\\\/?p=23623&lang=fr\"},\"author\":{\"name\":\"Med Ahmed\",\"@id\":\"https:\\\/\\\/lequotidien.mr\\\/#\\\/schema\\\/person\\\/d2d350202a4d599685ed8abc25f97596\"},\"headline\":\"13\u1d49 \u00e9dition du Festival des Cit\u00e9s du Patrimoine\\\/Chinguitty : Une c\u00e9l\u00e9bration de l&#8217;histoire, de la culture et du d\u00e9veloppement\",\"datePublished\":\"2024-12-13T18:21:24+00:00\",\"mainEntityOfPage\":{\"@id\":\"https:\\\/\\\/lequotidien.mr\\\/?p=23623&lang=fr\"},\"wordCount\":1531,\"commentCount\":0,\"publisher\":{\"@id\":\"https:\\\/\\\/lequotidien.mr\\\/#organization\"},\"image\":{\"@id\":\"https:\\\/\\\/lequotidien.mr\\\/?p=23623&lang=fr#primaryimage\"},\"thumbnailUrl\":\"https:\\\/\\\/lequotidien.mr\\\/wp-content\\\/uploads\\\/2024\\\/12\\\/photo-festival-Chinguitty-1.jpg\",\"articleSection\":[\"ACTUALIT\u00c9\",\"Economie\"],\"inLanguage\":\"ar\",\"potentialAction\":[{\"@type\":\"CommentAction\",\"name\":\"Comment\",\"target\":[\"https:\\\/\\\/lequotidien.mr\\\/?p=23623&lang=fr#respond\"]}]},{\"@type\":\"WebPage\",\"@id\":\"https:\\\/\\\/lequotidien.mr\\\/?p=23623&lang=fr\",\"url\":\"https:\\\/\\\/lequotidien.mr\\\/?p=23623&lang=fr\",\"name\":\"13\u1d49 \u00e9dition du Festival des Cit\u00e9s du Patrimoine\\\/Chinguitty : Une c\u00e9l\u00e9bration de l'histoire, de la culture et du d\u00e9veloppement - Le Quotidien de Nouakchott\",\"isPartOf\":{\"@id\":\"https:\\\/\\\/lequotidien.mr\\\/#website\"},\"primaryImageOfPage\":{\"@id\":\"https:\\\/\\\/lequotidien.mr\\\/?p=23623&lang=fr#primaryimage\"},\"image\":{\"@id\":\"https:\\\/\\\/lequotidien.mr\\\/?p=23623&lang=fr#primaryimage\"},\"thumbnailUrl\":\"https:\\\/\\\/lequotidien.mr\\\/wp-content\\\/uploads\\\/2024\\\/12\\\/photo-festival-Chinguitty-1.jpg\",\"datePublished\":\"2024-12-13T18:21:24+00:00\",\"breadcrumb\":{\"@id\":\"https:\\\/\\\/lequotidien.mr\\\/?p=23623&lang=fr#breadcrumb\"},\"inLanguage\":\"ar\",\"potentialAction\":[{\"@type\":\"ReadAction\",\"target\":[\"https:\\\/\\\/lequotidien.mr\\\/?p=23623&lang=fr\"]}]},{\"@type\":\"ImageObject\",\"inLanguage\":\"ar\",\"@id\":\"https:\\\/\\\/lequotidien.mr\\\/?p=23623&lang=fr#primaryimage\",\"url\":\"https:\\\/\\\/lequotidien.mr\\\/wp-content\\\/uploads\\\/2024\\\/12\\\/photo-festival-Chinguitty-1.jpg\",\"contentUrl\":\"https:\\\/\\\/lequotidien.mr\\\/wp-content\\\/uploads\\\/2024\\\/12\\\/photo-festival-Chinguitty-1.jpg\",\"width\":640,\"height\":433},{\"@type\":\"BreadcrumbList\",\"@id\":\"https:\\\/\\\/lequotidien.mr\\\/?p=23623&lang=fr#breadcrumb\",\"itemListElement\":[{\"@type\":\"ListItem\",\"position\":1,\"name\":\"Home\",\"item\":\"https:\\\/\\\/lequotidien.mr\\\/\"},{\"@type\":\"ListItem\",\"position\":2,\"name\":\"13\u1d49 \u00e9dition du Festival des Cit\u00e9s du Patrimoine\\\/Chinguitty : Une c\u00e9l\u00e9bration de l&#8217;histoire, de la culture et du d\u00e9veloppement\"}]},{\"@type\":\"WebSite\",\"@id\":\"https:\\\/\\\/lequotidien.mr\\\/#website\",\"url\":\"https:\\\/\\\/lequotidien.mr\\\/\",\"name\":\"Le Quotidien de Nouakchott\",\"description\":\"\u0625\u062e\u0628\u0627\u0631\u064a\u0629 \u0645\u0633\u062a\u0642\u0644\u0629 \u0644\u0644\u0623\u0646\u0628\u0627\u0621 \u0627\u0644\u0639\u0627\u0645\u0629\",\"publisher\":{\"@id\":\"https:\\\/\\\/lequotidien.mr\\\/#organization\"},\"potentialAction\":[{\"@type\":\"SearchAction\",\"target\":{\"@type\":\"EntryPoint\",\"urlTemplate\":\"https:\\\/\\\/lequotidien.mr\\\/?s={search_term_string}\"},\"query-input\":{\"@type\":\"PropertyValueSpecification\",\"valueRequired\":true,\"valueName\":\"search_term_string\"}}],\"inLanguage\":\"ar\"},{\"@type\":\"Organization\",\"@id\":\"https:\\\/\\\/lequotidien.mr\\\/#organization\",\"name\":\"Le Quotidien de Nouakchott\",\"url\":\"https:\\\/\\\/lequotidien.mr\\\/\",\"logo\":{\"@type\":\"ImageObject\",\"inLanguage\":\"ar\",\"@id\":\"https:\\\/\\\/lequotidien.mr\\\/#\\\/schema\\\/logo\\\/image\\\/\",\"url\":\"https:\\\/\\\/lequotidien.mr\\\/wp-content\\\/uploads\\\/2022\\\/11\\\/logolequotidien.jpg\",\"contentUrl\":\"https:\\\/\\\/lequotidien.mr\\\/wp-content\\\/uploads\\\/2022\\\/11\\\/logolequotidien.jpg\",\"width\":290,\"height\":65,\"caption\":\"Le Quotidien de Nouakchott\"},\"image\":{\"@id\":\"https:\\\/\\\/lequotidien.mr\\\/#\\\/schema\\\/logo\\\/image\\\/\"},\"sameAs\":[\"https:\\\/\\\/web.facebook.com\\\/lequotidienmr\",\"https:\\\/\\\/x.com\\\/lequotidienmr\"]},{\"@type\":\"Person\",\"@id\":\"https:\\\/\\\/lequotidien.mr\\\/#\\\/schema\\\/person\\\/d2d350202a4d599685ed8abc25f97596\",\"name\":\"Med Ahmed\",\"image\":{\"@type\":\"ImageObject\",\"inLanguage\":\"ar\",\"@id\":\"https:\\\/\\\/secure.gravatar.com\\\/avatar\\\/fd2acc62ed50732923d1d39c17172c9b04149f142be92310ecc69e1358f94b52?s=96&d=mm&r=g\",\"url\":\"https:\\\/\\\/secure.gravatar.com\\\/avatar\\\/fd2acc62ed50732923d1d39c17172c9b04149f142be92310ecc69e1358f94b52?s=96&d=mm&r=g\",\"contentUrl\":\"https:\\\/\\\/secure.gravatar.com\\\/avatar\\\/fd2acc62ed50732923d1d39c17172c9b04149f142be92310ecc69e1358f94b52?s=96&d=mm&r=g\",\"caption\":\"Med Ahmed\"},\"url\":\"https:\\\/\\\/lequotidien.mr\\\/?author=12\"}]}<\/script>\n<!-- \/ Yoast SEO plugin. -->","yoast_head_json":{"title":"13\u1d49 \u00e9dition du Festival des Cit\u00e9s du Patrimoine\/Chinguitty : Une c\u00e9l\u00e9bration de l'histoire, de la culture et du d\u00e9veloppement - Le Quotidien de Nouakchott","robots":{"index":"index","follow":"follow","max-snippet":"max-snippet:-1","max-image-preview":"max-image-preview:large","max-video-preview":"max-video-preview:-1"},"canonical":"https:\/\/lequotidien.mr\/?p=23623&lang=fr","og_locale":"ar_AR","og_type":"article","og_title":"13\u1d49 \u00e9dition du Festival des Cit\u00e9s du Patrimoine\/Chinguitty : Une c\u00e9l\u00e9bration de l'histoire, de la culture et du d\u00e9veloppement - Le Quotidien de Nouakchott","og_description":"La ville historique de Chinguitty a accueilli cette ann\u00e9e la 13\u1d49 \u00e9dition du Festival des Cit\u00e9s du Patrimoine sous le slogan : \u00ab Une caravane pour le d\u00e9veloppement de nos anciennes villes \u00bb . Cet \u00e9v\u00e9nement annuel met \u00e0 l&#8217;honneur le riche patrimoine des anciennes cit\u00e9s mauritaniennes, en combinant tradition et modernit\u00e9. Un festival aux.....","og_url":"https:\/\/lequotidien.mr\/?p=23623&lang=fr","og_site_name":"Le Quotidien de Nouakchott","article_publisher":"https:\/\/web.facebook.com\/lequotidienmr","article_published_time":"2024-12-13T18:21:24+00:00","og_image":[{"width":640,"height":433,"url":"https:\/\/lequotidien.mr\/wp-content\/uploads\/2024\/12\/photo-festival-Chinguitty-1.jpg","type":"image\/jpeg"}],"author":"Med Ahmed","twitter_card":"summary_large_image","twitter_creator":"@lequotidienmr","twitter_site":"@lequotidienmr","twitter_misc":{"\u0643\u064f\u062a\u0628 \u0628\u0648\u0627\u0633\u0637\u0629":"Med Ahmed","\u0648\u0642\u062a \u0627\u0644\u0642\u0631\u0627\u0621\u0629 \u0627\u0644\u0645\u064f\u0642\u062f\u0651\u0631":"7 \u062f\u0642\u0627\u0626\u0642"},"schema":{"@context":"https:\/\/schema.org","@graph":[{"@type":"Article","@id":"https:\/\/lequotidien.mr\/?p=23623&lang=fr#article","isPartOf":{"@id":"https:\/\/lequotidien.mr\/?p=23623&lang=fr"},"author":{"name":"Med Ahmed","@id":"https:\/\/lequotidien.mr\/#\/schema\/person\/d2d350202a4d599685ed8abc25f97596"},"headline":"13\u1d49 \u00e9dition du Festival des Cit\u00e9s du Patrimoine\/Chinguitty : Une c\u00e9l\u00e9bration de l&#8217;histoire, de la culture et du d\u00e9veloppement","datePublished":"2024-12-13T18:21:24+00:00","mainEntityOfPage":{"@id":"https:\/\/lequotidien.mr\/?p=23623&lang=fr"},"wordCount":1531,"commentCount":0,"publisher":{"@id":"https:\/\/lequotidien.mr\/#organization"},"image":{"@id":"https:\/\/lequotidien.mr\/?p=23623&lang=fr#primaryimage"},"thumbnailUrl":"https:\/\/lequotidien.mr\/wp-content\/uploads\/2024\/12\/photo-festival-Chinguitty-1.jpg","articleSection":["ACTUALIT\u00c9","Economie"],"inLanguage":"ar","potentialAction":[{"@type":"CommentAction","name":"Comment","target":["https:\/\/lequotidien.mr\/?p=23623&lang=fr#respond"]}]},{"@type":"WebPage","@id":"https:\/\/lequotidien.mr\/?p=23623&lang=fr","url":"https:\/\/lequotidien.mr\/?p=23623&lang=fr","name":"13\u1d49 \u00e9dition du Festival des Cit\u00e9s du Patrimoine\/Chinguitty : Une c\u00e9l\u00e9bration de l'histoire, de la culture et du d\u00e9veloppement - Le Quotidien de Nouakchott","isPartOf":{"@id":"https:\/\/lequotidien.mr\/#website"},"primaryImageOfPage":{"@id":"https:\/\/lequotidien.mr\/?p=23623&lang=fr#primaryimage"},"image":{"@id":"https:\/\/lequotidien.mr\/?p=23623&lang=fr#primaryimage"},"thumbnailUrl":"https:\/\/lequotidien.mr\/wp-content\/uploads\/2024\/12\/photo-festival-Chinguitty-1.jpg","datePublished":"2024-12-13T18:21:24+00:00","breadcrumb":{"@id":"https:\/\/lequotidien.mr\/?p=23623&lang=fr#breadcrumb"},"inLanguage":"ar","potentialAction":[{"@type":"ReadAction","target":["https:\/\/lequotidien.mr\/?p=23623&lang=fr"]}]},{"@type":"ImageObject","inLanguage":"ar","@id":"https:\/\/lequotidien.mr\/?p=23623&lang=fr#primaryimage","url":"https:\/\/lequotidien.mr\/wp-content\/uploads\/2024\/12\/photo-festival-Chinguitty-1.jpg","contentUrl":"https:\/\/lequotidien.mr\/wp-content\/uploads\/2024\/12\/photo-festival-Chinguitty-1.jpg","width":640,"height":433},{"@type":"BreadcrumbList","@id":"https:\/\/lequotidien.mr\/?p=23623&lang=fr#breadcrumb","itemListElement":[{"@type":"ListItem","position":1,"name":"Home","item":"https:\/\/lequotidien.mr\/"},{"@type":"ListItem","position":2,"name":"13\u1d49 \u00e9dition du Festival des Cit\u00e9s du Patrimoine\/Chinguitty : Une c\u00e9l\u00e9bration de l&#8217;histoire, de la culture et du d\u00e9veloppement"}]},{"@type":"WebSite","@id":"https:\/\/lequotidien.mr\/#website","url":"https:\/\/lequotidien.mr\/","name":"Le Quotidien de Nouakchott","description":"\u0625\u062e\u0628\u0627\u0631\u064a\u0629 \u0645\u0633\u062a\u0642\u0644\u0629 \u0644\u0644\u0623\u0646\u0628\u0627\u0621 \u0627\u0644\u0639\u0627\u0645\u0629","publisher":{"@id":"https:\/\/lequotidien.mr\/#organization"},"potentialAction":[{"@type":"SearchAction","target":{"@type":"EntryPoint","urlTemplate":"https:\/\/lequotidien.mr\/?s={search_term_string}"},"query-input":{"@type":"PropertyValueSpecification","valueRequired":true,"valueName":"search_term_string"}}],"inLanguage":"ar"},{"@type":"Organization","@id":"https:\/\/lequotidien.mr\/#organization","name":"Le Quotidien de Nouakchott","url":"https:\/\/lequotidien.mr\/","logo":{"@type":"ImageObject","inLanguage":"ar","@id":"https:\/\/lequotidien.mr\/#\/schema\/logo\/image\/","url":"https:\/\/lequotidien.mr\/wp-content\/uploads\/2022\/11\/logolequotidien.jpg","contentUrl":"https:\/\/lequotidien.mr\/wp-content\/uploads\/2022\/11\/logolequotidien.jpg","width":290,"height":65,"caption":"Le Quotidien de Nouakchott"},"image":{"@id":"https:\/\/lequotidien.mr\/#\/schema\/logo\/image\/"},"sameAs":["https:\/\/web.facebook.com\/lequotidienmr","https:\/\/x.com\/lequotidienmr"]},{"@type":"Person","@id":"https:\/\/lequotidien.mr\/#\/schema\/person\/d2d350202a4d599685ed8abc25f97596","name":"Med Ahmed","image":{"@type":"ImageObject","inLanguage":"ar","@id":"https:\/\/secure.gravatar.com\/avatar\/fd2acc62ed50732923d1d39c17172c9b04149f142be92310ecc69e1358f94b52?s=96&d=mm&r=g","url":"https:\/\/secure.gravatar.com\/avatar\/fd2acc62ed50732923d1d39c17172c9b04149f142be92310ecc69e1358f94b52?s=96&d=mm&r=g","contentUrl":"https:\/\/secure.gravatar.com\/avatar\/fd2acc62ed50732923d1d39c17172c9b04149f142be92310ecc69e1358f94b52?s=96&d=mm&r=g","caption":"Med Ahmed"},"url":"https:\/\/lequotidien.mr\/?author=12"}]}},"_links":{"self":[{"href":"https:\/\/lequotidien.mr\/index.php?rest_route=\/wp\/v2\/posts\/23623","targetHints":{"allow":["GET"]}}],"collection":[{"href":"https:\/\/lequotidien.mr\/index.php?rest_route=\/wp\/v2\/posts"}],"about":[{"href":"https:\/\/lequotidien.mr\/index.php?rest_route=\/wp\/v2\/types\/post"}],"author":[{"embeddable":true,"href":"https:\/\/lequotidien.mr\/index.php?rest_route=\/wp\/v2\/users\/12"}],"replies":[{"embeddable":true,"href":"https:\/\/lequotidien.mr\/index.php?rest_route=%2Fwp%2Fv2%2Fcomments&post=23623"}],"version-history":[{"count":1,"href":"https:\/\/lequotidien.mr\/index.php?rest_route=\/wp\/v2\/posts\/23623\/revisions"}],"predecessor-version":[{"id":23625,"href":"https:\/\/lequotidien.mr\/index.php?rest_route=\/wp\/v2\/posts\/23623\/revisions\/23625"}],"wp:featuredmedia":[{"embeddable":true,"href":"https:\/\/lequotidien.mr\/index.php?rest_route=\/wp\/v2\/media\/23624"}],"wp:attachment":[{"href":"https:\/\/lequotidien.mr\/index.php?rest_route=%2Fwp%2Fv2%2Fmedia&parent=23623"}],"wp:term":[{"taxonomy":"category","embeddable":true,"href":"https:\/\/lequotidien.mr\/index.php?rest_route=%2Fwp%2Fv2%2Fcategories&post=23623"},{"taxonomy":"post_tag","embeddable":true,"href":"https:\/\/lequotidien.mr\/index.php?rest_route=%2Fwp%2Fv2%2Ftags&post=23623"}],"curies":[{"name":"wp","href":"https:\/\/api.w.org\/{rel}","templated":true}]}}