{"id":23611,"date":"2024-12-12T23:21:40","date_gmt":"2024-12-12T23:21:40","guid":{"rendered":"https:\/\/lequotidien.mr\/?p=23611"},"modified":"2024-12-12T23:21:40","modified_gmt":"2024-12-12T23:21:40","slug":"le-conseiller-du-president-de-la-republique-president-de-lunion-africaine-dirige-la-delegation-de-lua-aux-reunions-du-g20-a-johannesburg","status":"publish","type":"post","link":"https:\/\/lequotidien.mr\/?p=23611&lang=fr","title":{"rendered":"Le Conseiller du Pr\u00e9sident de la R\u00e9publique, Pr\u00e9sident de l\u2019Union Africaine dirige la d\u00e9l\u00e9gation de l\u2019UA aux r\u00e9unions du G20 \u00e0 Johannesburg"},"content":{"rendered":"<p>Au nom de Son Excellence Monsieur Mohamed Ould Cheikh El Ghazouani, Pr\u00e9sident de la R\u00e9publique, Pr\u00e9sident en exercice de l\u2019Union africaine, le Conseiller \u00e0 la Pr\u00e9sidence de la R\u00e9publique, Dr. Tah Ahmed Meouloud, a pr\u00e9sid\u00e9 la d\u00e9l\u00e9gation repr\u00e9sentant l\u2019Union Africaine aux r\u00e9unions du G20 qui se tiennent actuellement \u00e0 Johannesburg, en Afrique du Sud.<\/p>\n<p>Il s\u2019agit, en l\u2019occurrence, de la r\u00e9union des Sherpas du G20 et de la premi\u00e8re r\u00e9union conjointe entre les Sherpas des membres du G20 et les vice-ministres des Finances et des Gouverneurs des Banques centrales du Groupe.<\/p>\n<p>Apr\u00e8s l\u2019adh\u00e9sion de l\u2019Afrique comme membre permanent du G20, les r\u00e9unions de Johannesburg ont constitu\u00e9 une \u00e9tape importante dans le renforcement de l\u2019engagement du Continent avec le Groupe, et les discussions y ont port\u00e9 sur les priorit\u00e9s de la pr\u00e9sidence sud[1]africaine du G20, notamment la s\u00e9curit\u00e9 alimentaire, la r\u00e9silience climatique, l\u2019industrialisation, les m\u00e9canismes de financement \u00e9quitable et la croissance \u00e9conomique durable.<\/p>\n<p>Dans ses allocutions, le Conseiller du Pr\u00e9sident de la R\u00e9publique et \u00e9missaire de l\u2019Union Africaine a soulign\u00e9 l\u2019importance de traiter les d\u00e9fis \u00e9conomiques auxquels l\u2019Afrique est confront\u00e9e \u00e0 travers des solutions innovantes et int\u00e9gr\u00e9es.<\/p>\n<p>Il a mis l\u2019accent sur des domaines vitaux tels que la mobilisation de financements pour les pays touch\u00e9s par les catastrophes li\u00e9es au changement climatique, le renforcement de la r\u00e9silience face aux catastrophes, la garantie de notations de cr\u00e9dit souveraines \u00e9quitables, le traitement des primes de risque \u00e9lev\u00e9es, ainsi que l\u2019augmentation des financements pour la transition vers les \u00e9nergies renouvelables.<\/p>\n<p>Dans le m\u00eame cadre, Dr. Tah Ahmed Meouloud a \u00e9voqu\u00e9 la n\u00e9cessit\u00e9 de garantir \u00e0 l\u2019Afrique de profiter de ses ressources mini\u00e8res critiques pour promouvoir les technologies de l\u2019\u00e9nergie propre et la transition \u00e9nerg\u00e9tique, tout en trouvant des solutions durables et innovantes pour la question de la dette.<\/p>\n<p>Le Conseiller du Pr\u00e9sident de la R\u00e9publique, Pr\u00e9sident en exercice de l\u2019UA a \u00e9galement abord\u00e9 les opportunit\u00e9s de financement pour les pays africains, \u00e0 travers la r\u00e9duction des co\u00fbts d\u2019emprunt et la mise en place de nouveaux m\u00e9canismes de financement innovants permettant de baisser ces co\u00fbts et d\u2019aider les pays africains \u00e0 financer leurs infrastructures et \u00e0 honorer leurs engagements dans ce domaine.<\/p>\n<p>Apr\u00e8s avoir renouvel\u00e9 le soutien fort du Pr\u00e9sident de la R\u00e9publique aux priorit\u00e9s de la pr\u00e9sidence sud-africaine du G20, notamment dans les domaines de la s\u00e9curit\u00e9 alimentaire, de l\u2019intelligence artificielle, de la croissance \u00e9conomique inclusive, de l\u2019industrialisation et des opportunit\u00e9s d\u2019emploi, le Conseiller du Pr\u00e9sident de la R\u00e9publique a apport\u00e9 son soutien \u00e0 la proposition de renforcer \u201cla solidarit\u00e9 avec l\u2019Afrique\u201d, qui vise \u00e0 attirer les investissements n\u00e9cessaires pour r\u00e9aliser la transformation structurelle du Continent.<\/p>\n<p>Au nom de l\u2019Union Africaine, le Conseiller du Pr\u00e9sident de la R\u00e9publique, Pr\u00e9sident en exercice de l\u2019UA a exprim\u00e9 son optimisme quant aux r\u00e9sultats des r\u00e9unions de Johannesburg.<\/p>\n<p>A cette occasion, il a affirm\u00e9 que le soutien aux priorit\u00e9s de l\u2019Afrique exprim\u00e9 par les membres du G20 lors des rencontres bilat\u00e9rales qu\u2019il a eues avec eux est tr\u00e8s encourageant, et que l\u2019Union africaine est optimiste quant \u00e0 la transformation de ces discussions en engagements concrets et en mesures transformatrices pour relever les d\u00e9fis les plus pressants du Continent.<\/p>\n<p>Le conseiller du Pr\u00e9sident de la R\u00e9publique, Pr\u00e9sident de l\u2019Union africaine a insist\u00e9 sur le besoin de financement abordable pour soutenir la r\u00e9alisation des Objectifs de D\u00e9veloppement Durable, traiter les vuln\u00e9rabilit\u00e9s climatiques et r\u00e9pondre aux besoins urgents des pays \u00e0 revenu faible et interm\u00e9diaire.<\/p>\n<p>Il a \u00e9galement salu\u00e9 l\u2019initiative sud-africaine portant sur la r\u00e9vision du fonctionnement du G20 et intitul\u00e9e \u201cLe G20 apr\u00e8s 20 ans : R\u00e9flexions sur les principales r\u00e9alisations et l\u2019avenir\u201d, soulignant l\u2019importance de cette r\u00e9vision en vue de permettre au G20 d\u2019adopter une approche proactive face aux chocs \u00e9conomiques et climatiques, qui repr\u00e9sentent une menace constante pour les \u00e9conomies africaines.<\/p>\n<p>En conclusion, le conseiller du Pr\u00e9sident de la R\u00e9publique a r\u00e9affirm\u00e9 l\u2019engagement de l\u2019Union Africaine \u00e0 travailler avec les membres du G20 pour faire entendre davantage la voix de l\u2019Afrique et r\u00e9aliser ses aspirations de d\u00e9veloppement en ligne avec les principes de l\u2019Agenda 2063.<\/p>\n","protected":false},"excerpt":{"rendered":"<p>Au nom de Son Excellence Monsieur Mohamed Ould Cheikh El Ghazouani, Pr\u00e9sident de la R\u00e9publique, Pr\u00e9sident en exercice de l\u2019Union africaine, le Conseiller \u00e0 la Pr\u00e9sidence de la R\u00e9publique, Dr. Tah Ahmed Meouloud, a pr\u00e9sid\u00e9 la d\u00e9l\u00e9gation repr\u00e9sentant l\u2019Union Africaine aux r\u00e9unions du G20 qui se tiennent actuellement \u00e0 Johannesburg, en Afrique du Sud. Il&#8230;..<\/p>\n","protected":false},"author":12,"featured_media":23612,"comment_status":"open","ping_status":"open","sticky":false,"template":"","format":"standard","meta":{"footnotes":""},"categories":[23,49],"tags":[],"class_list":["post-23611","post","type-post","status-publish","format-standard","has-post-thumbnail","hentry","category-actualite","category-economie"],"yoast_head":"<!-- This site is optimized with the Yoast SEO plugin v27.5 - https:\/\/yoast.com\/product\/yoast-seo-wordpress\/ -->\n<title>Le Conseiller du Pr\u00e9sident de la R\u00e9publique, Pr\u00e9sident de l\u2019Union Africaine dirige la d\u00e9l\u00e9gation de l\u2019UA aux r\u00e9unions du G20 \u00e0 Johannesburg - Le Quotidien de Nouakchott<\/title>\n<meta name=\"robots\" content=\"index, follow, max-snippet:-1, max-image-preview:large, max-video-preview:-1\" \/>\n<link rel=\"canonical\" href=\"https:\/\/lequotidien.mr\/?p=23611&lang=fr\" \/>\n<meta property=\"og:locale\" content=\"ar_AR\" \/>\n<meta property=\"og:type\" content=\"article\" \/>\n<meta property=\"og:title\" content=\"Le Conseiller du Pr\u00e9sident de la R\u00e9publique, Pr\u00e9sident de l\u2019Union Africaine dirige la d\u00e9l\u00e9gation de l\u2019UA aux r\u00e9unions du G20 \u00e0 Johannesburg - Le Quotidien de Nouakchott\" \/>\n<meta property=\"og:description\" content=\"Au nom de Son Excellence Monsieur Mohamed Ould Cheikh El Ghazouani, Pr\u00e9sident de la R\u00e9publique, Pr\u00e9sident en exercice de l\u2019Union africaine, le Conseiller \u00e0 la Pr\u00e9sidence de la R\u00e9publique, Dr. Tah Ahmed Meouloud, a pr\u00e9sid\u00e9 la d\u00e9l\u00e9gation repr\u00e9sentant l\u2019Union Africaine aux r\u00e9unions du G20 qui se tiennent actuellement \u00e0 Johannesburg, en Afrique du Sud. Il.....\" \/>\n<meta property=\"og:url\" content=\"https:\/\/lequotidien.mr\/?p=23611&amp;lang=fr\" \/>\n<meta property=\"og:site_name\" content=\"Le Quotidien de Nouakchott\" \/>\n<meta property=\"article:publisher\" content=\"https:\/\/web.facebook.com\/lequotidienmr\" \/>\n<meta property=\"article:published_time\" content=\"2024-12-12T23:21:40+00:00\" \/>\n<meta property=\"og:image\" content=\"https:\/\/lequotidien.mr\/wp-content\/uploads\/2024\/12\/photo-G20-1.jpeg\" \/>\n\t<meta property=\"og:image:width\" content=\"640\" \/>\n\t<meta property=\"og:image:height\" content=\"356\" \/>\n\t<meta property=\"og:image:type\" content=\"image\/jpeg\" \/>\n<meta name=\"author\" content=\"Med Ahmed\" \/>\n<meta name=\"twitter:card\" content=\"summary_large_image\" \/>\n<meta name=\"twitter:creator\" content=\"@lequotidienmr\" \/>\n<meta name=\"twitter:site\" content=\"@lequotidienmr\" \/>\n<meta name=\"twitter:label1\" content=\"\u0643\u064f\u062a\u0628 \u0628\u0648\u0627\u0633\u0637\u0629\" \/>\n\t<meta name=\"twitter:data1\" content=\"Med Ahmed\" \/>\n\t<meta name=\"twitter:label2\" content=\"\u0648\u0642\u062a \u0627\u0644\u0642\u0631\u0627\u0621\u0629 \u0627\u0644\u0645\u064f\u0642\u062f\u0651\u0631\" \/>\n\t<meta name=\"twitter:data2\" content=\"4 \u062f\u0642\u0627\u0626\u0642\" \/>\n<script type=\"application\/ld+json\" class=\"yoast-schema-graph\">{\"@context\":\"https:\\\/\\\/schema.org\",\"@graph\":[{\"@type\":\"Article\",\"@id\":\"https:\\\/\\\/lequotidien.mr\\\/?p=23611&lang=fr#article\",\"isPartOf\":{\"@id\":\"https:\\\/\\\/lequotidien.mr\\\/?p=23611&lang=fr\"},\"author\":{\"name\":\"Med Ahmed\",\"@id\":\"https:\\\/\\\/lequotidien.mr\\\/#\\\/schema\\\/person\\\/d2d350202a4d599685ed8abc25f97596\"},\"headline\":\"Le Conseiller du Pr\u00e9sident de la R\u00e9publique, Pr\u00e9sident de l\u2019Union Africaine dirige la d\u00e9l\u00e9gation de l\u2019UA aux r\u00e9unions du G20 \u00e0 Johannesburg\",\"datePublished\":\"2024-12-12T23:21:40+00:00\",\"mainEntityOfPage\":{\"@id\":\"https:\\\/\\\/lequotidien.mr\\\/?p=23611&lang=fr\"},\"wordCount\":803,\"commentCount\":0,\"publisher\":{\"@id\":\"https:\\\/\\\/lequotidien.mr\\\/#organization\"},\"image\":{\"@id\":\"https:\\\/\\\/lequotidien.mr\\\/?p=23611&lang=fr#primaryimage\"},\"thumbnailUrl\":\"https:\\\/\\\/lequotidien.mr\\\/wp-content\\\/uploads\\\/2024\\\/12\\\/photo-G20-1.jpeg\",\"articleSection\":[\"ACTUALIT\u00c9\",\"Economie\"],\"inLanguage\":\"ar\",\"potentialAction\":[{\"@type\":\"CommentAction\",\"name\":\"Comment\",\"target\":[\"https:\\\/\\\/lequotidien.mr\\\/?p=23611&lang=fr#respond\"]}]},{\"@type\":\"WebPage\",\"@id\":\"https:\\\/\\\/lequotidien.mr\\\/?p=23611&lang=fr\",\"url\":\"https:\\\/\\\/lequotidien.mr\\\/?p=23611&lang=fr\",\"name\":\"Le Conseiller du Pr\u00e9sident de la R\u00e9publique, Pr\u00e9sident de l\u2019Union Africaine dirige la d\u00e9l\u00e9gation de l\u2019UA aux r\u00e9unions du G20 \u00e0 Johannesburg - Le Quotidien de Nouakchott\",\"isPartOf\":{\"@id\":\"https:\\\/\\\/lequotidien.mr\\\/#website\"},\"primaryImageOfPage\":{\"@id\":\"https:\\\/\\\/lequotidien.mr\\\/?p=23611&lang=fr#primaryimage\"},\"image\":{\"@id\":\"https:\\\/\\\/lequotidien.mr\\\/?p=23611&lang=fr#primaryimage\"},\"thumbnailUrl\":\"https:\\\/\\\/lequotidien.mr\\\/wp-content\\\/uploads\\\/2024\\\/12\\\/photo-G20-1.jpeg\",\"datePublished\":\"2024-12-12T23:21:40+00:00\",\"breadcrumb\":{\"@id\":\"https:\\\/\\\/lequotidien.mr\\\/?p=23611&lang=fr#breadcrumb\"},\"inLanguage\":\"ar\",\"potentialAction\":[{\"@type\":\"ReadAction\",\"target\":[\"https:\\\/\\\/lequotidien.mr\\\/?p=23611&lang=fr\"]}]},{\"@type\":\"ImageObject\",\"inLanguage\":\"ar\",\"@id\":\"https:\\\/\\\/lequotidien.mr\\\/?p=23611&lang=fr#primaryimage\",\"url\":\"https:\\\/\\\/lequotidien.mr\\\/wp-content\\\/uploads\\\/2024\\\/12\\\/photo-G20-1.jpeg\",\"contentUrl\":\"https:\\\/\\\/lequotidien.mr\\\/wp-content\\\/uploads\\\/2024\\\/12\\\/photo-G20-1.jpeg\",\"width\":640,\"height\":356},{\"@type\":\"BreadcrumbList\",\"@id\":\"https:\\\/\\\/lequotidien.mr\\\/?p=23611&lang=fr#breadcrumb\",\"itemListElement\":[{\"@type\":\"ListItem\",\"position\":1,\"name\":\"Home\",\"item\":\"https:\\\/\\\/lequotidien.mr\\\/\"},{\"@type\":\"ListItem\",\"position\":2,\"name\":\"Le Conseiller du Pr\u00e9sident de la R\u00e9publique, Pr\u00e9sident de l\u2019Union Africaine dirige la d\u00e9l\u00e9gation de l\u2019UA aux r\u00e9unions du G20 \u00e0 Johannesburg\"}]},{\"@type\":\"WebSite\",\"@id\":\"https:\\\/\\\/lequotidien.mr\\\/#website\",\"url\":\"https:\\\/\\\/lequotidien.mr\\\/\",\"name\":\"Le Quotidien de Nouakchott\",\"description\":\"\u0625\u062e\u0628\u0627\u0631\u064a\u0629 \u0645\u0633\u062a\u0642\u0644\u0629 \u0644\u0644\u0623\u0646\u0628\u0627\u0621 \u0627\u0644\u0639\u0627\u0645\u0629\",\"publisher\":{\"@id\":\"https:\\\/\\\/lequotidien.mr\\\/#organization\"},\"potentialAction\":[{\"@type\":\"SearchAction\",\"target\":{\"@type\":\"EntryPoint\",\"urlTemplate\":\"https:\\\/\\\/lequotidien.mr\\\/?s={search_term_string}\"},\"query-input\":{\"@type\":\"PropertyValueSpecification\",\"valueRequired\":true,\"valueName\":\"search_term_string\"}}],\"inLanguage\":\"ar\"},{\"@type\":\"Organization\",\"@id\":\"https:\\\/\\\/lequotidien.mr\\\/#organization\",\"name\":\"Le Quotidien de Nouakchott\",\"url\":\"https:\\\/\\\/lequotidien.mr\\\/\",\"logo\":{\"@type\":\"ImageObject\",\"inLanguage\":\"ar\",\"@id\":\"https:\\\/\\\/lequotidien.mr\\\/#\\\/schema\\\/logo\\\/image\\\/\",\"url\":\"https:\\\/\\\/lequotidien.mr\\\/wp-content\\\/uploads\\\/2022\\\/11\\\/logolequotidien.jpg\",\"contentUrl\":\"https:\\\/\\\/lequotidien.mr\\\/wp-content\\\/uploads\\\/2022\\\/11\\\/logolequotidien.jpg\",\"width\":290,\"height\":65,\"caption\":\"Le Quotidien de Nouakchott\"},\"image\":{\"@id\":\"https:\\\/\\\/lequotidien.mr\\\/#\\\/schema\\\/logo\\\/image\\\/\"},\"sameAs\":[\"https:\\\/\\\/web.facebook.com\\\/lequotidienmr\",\"https:\\\/\\\/x.com\\\/lequotidienmr\"]},{\"@type\":\"Person\",\"@id\":\"https:\\\/\\\/lequotidien.mr\\\/#\\\/schema\\\/person\\\/d2d350202a4d599685ed8abc25f97596\",\"name\":\"Med Ahmed\",\"image\":{\"@type\":\"ImageObject\",\"inLanguage\":\"ar\",\"@id\":\"https:\\\/\\\/secure.gravatar.com\\\/avatar\\\/fd2acc62ed50732923d1d39c17172c9b04149f142be92310ecc69e1358f94b52?s=96&d=mm&r=g\",\"url\":\"https:\\\/\\\/secure.gravatar.com\\\/avatar\\\/fd2acc62ed50732923d1d39c17172c9b04149f142be92310ecc69e1358f94b52?s=96&d=mm&r=g\",\"contentUrl\":\"https:\\\/\\\/secure.gravatar.com\\\/avatar\\\/fd2acc62ed50732923d1d39c17172c9b04149f142be92310ecc69e1358f94b52?s=96&d=mm&r=g\",\"caption\":\"Med Ahmed\"},\"url\":\"https:\\\/\\\/lequotidien.mr\\\/?author=12\"}]}<\/script>\n<!-- \/ Yoast SEO plugin. -->","yoast_head_json":{"title":"Le Conseiller du Pr\u00e9sident de la R\u00e9publique, Pr\u00e9sident de l\u2019Union Africaine dirige la d\u00e9l\u00e9gation de l\u2019UA aux r\u00e9unions du G20 \u00e0 Johannesburg - Le Quotidien de Nouakchott","robots":{"index":"index","follow":"follow","max-snippet":"max-snippet:-1","max-image-preview":"max-image-preview:large","max-video-preview":"max-video-preview:-1"},"canonical":"https:\/\/lequotidien.mr\/?p=23611&lang=fr","og_locale":"ar_AR","og_type":"article","og_title":"Le Conseiller du Pr\u00e9sident de la R\u00e9publique, Pr\u00e9sident de l\u2019Union Africaine dirige la d\u00e9l\u00e9gation de l\u2019UA aux r\u00e9unions du G20 \u00e0 Johannesburg - Le Quotidien de Nouakchott","og_description":"Au nom de Son Excellence Monsieur Mohamed Ould Cheikh El Ghazouani, Pr\u00e9sident de la R\u00e9publique, Pr\u00e9sident en exercice de l\u2019Union africaine, le Conseiller \u00e0 la Pr\u00e9sidence de la R\u00e9publique, Dr. Tah Ahmed Meouloud, a pr\u00e9sid\u00e9 la d\u00e9l\u00e9gation repr\u00e9sentant l\u2019Union Africaine aux r\u00e9unions du G20 qui se tiennent actuellement \u00e0 Johannesburg, en Afrique du Sud. Il.....","og_url":"https:\/\/lequotidien.mr\/?p=23611&lang=fr","og_site_name":"Le Quotidien de Nouakchott","article_publisher":"https:\/\/web.facebook.com\/lequotidienmr","article_published_time":"2024-12-12T23:21:40+00:00","og_image":[{"width":640,"height":356,"url":"https:\/\/lequotidien.mr\/wp-content\/uploads\/2024\/12\/photo-G20-1.jpeg","type":"image\/jpeg"}],"author":"Med Ahmed","twitter_card":"summary_large_image","twitter_creator":"@lequotidienmr","twitter_site":"@lequotidienmr","twitter_misc":{"\u0643\u064f\u062a\u0628 \u0628\u0648\u0627\u0633\u0637\u0629":"Med Ahmed","\u0648\u0642\u062a \u0627\u0644\u0642\u0631\u0627\u0621\u0629 \u0627\u0644\u0645\u064f\u0642\u062f\u0651\u0631":"4 \u062f\u0642\u0627\u0626\u0642"},"schema":{"@context":"https:\/\/schema.org","@graph":[{"@type":"Article","@id":"https:\/\/lequotidien.mr\/?p=23611&lang=fr#article","isPartOf":{"@id":"https:\/\/lequotidien.mr\/?p=23611&lang=fr"},"author":{"name":"Med Ahmed","@id":"https:\/\/lequotidien.mr\/#\/schema\/person\/d2d350202a4d599685ed8abc25f97596"},"headline":"Le Conseiller du Pr\u00e9sident de la R\u00e9publique, Pr\u00e9sident de l\u2019Union Africaine dirige la d\u00e9l\u00e9gation de l\u2019UA aux r\u00e9unions du G20 \u00e0 Johannesburg","datePublished":"2024-12-12T23:21:40+00:00","mainEntityOfPage":{"@id":"https:\/\/lequotidien.mr\/?p=23611&lang=fr"},"wordCount":803,"commentCount":0,"publisher":{"@id":"https:\/\/lequotidien.mr\/#organization"},"image":{"@id":"https:\/\/lequotidien.mr\/?p=23611&lang=fr#primaryimage"},"thumbnailUrl":"https:\/\/lequotidien.mr\/wp-content\/uploads\/2024\/12\/photo-G20-1.jpeg","articleSection":["ACTUALIT\u00c9","Economie"],"inLanguage":"ar","potentialAction":[{"@type":"CommentAction","name":"Comment","target":["https:\/\/lequotidien.mr\/?p=23611&lang=fr#respond"]}]},{"@type":"WebPage","@id":"https:\/\/lequotidien.mr\/?p=23611&lang=fr","url":"https:\/\/lequotidien.mr\/?p=23611&lang=fr","name":"Le Conseiller du Pr\u00e9sident de la R\u00e9publique, Pr\u00e9sident de l\u2019Union Africaine dirige la d\u00e9l\u00e9gation de l\u2019UA aux r\u00e9unions du G20 \u00e0 Johannesburg - Le Quotidien de Nouakchott","isPartOf":{"@id":"https:\/\/lequotidien.mr\/#website"},"primaryImageOfPage":{"@id":"https:\/\/lequotidien.mr\/?p=23611&lang=fr#primaryimage"},"image":{"@id":"https:\/\/lequotidien.mr\/?p=23611&lang=fr#primaryimage"},"thumbnailUrl":"https:\/\/lequotidien.mr\/wp-content\/uploads\/2024\/12\/photo-G20-1.jpeg","datePublished":"2024-12-12T23:21:40+00:00","breadcrumb":{"@id":"https:\/\/lequotidien.mr\/?p=23611&lang=fr#breadcrumb"},"inLanguage":"ar","potentialAction":[{"@type":"ReadAction","target":["https:\/\/lequotidien.mr\/?p=23611&lang=fr"]}]},{"@type":"ImageObject","inLanguage":"ar","@id":"https:\/\/lequotidien.mr\/?p=23611&lang=fr#primaryimage","url":"https:\/\/lequotidien.mr\/wp-content\/uploads\/2024\/12\/photo-G20-1.jpeg","contentUrl":"https:\/\/lequotidien.mr\/wp-content\/uploads\/2024\/12\/photo-G20-1.jpeg","width":640,"height":356},{"@type":"BreadcrumbList","@id":"https:\/\/lequotidien.mr\/?p=23611&lang=fr#breadcrumb","itemListElement":[{"@type":"ListItem","position":1,"name":"Home","item":"https:\/\/lequotidien.mr\/"},{"@type":"ListItem","position":2,"name":"Le Conseiller du Pr\u00e9sident de la R\u00e9publique, Pr\u00e9sident de l\u2019Union Africaine dirige la d\u00e9l\u00e9gation de l\u2019UA aux r\u00e9unions du G20 \u00e0 Johannesburg"}]},{"@type":"WebSite","@id":"https:\/\/lequotidien.mr\/#website","url":"https:\/\/lequotidien.mr\/","name":"Le Quotidien de Nouakchott","description":"\u0625\u062e\u0628\u0627\u0631\u064a\u0629 \u0645\u0633\u062a\u0642\u0644\u0629 \u0644\u0644\u0623\u0646\u0628\u0627\u0621 \u0627\u0644\u0639\u0627\u0645\u0629","publisher":{"@id":"https:\/\/lequotidien.mr\/#organization"},"potentialAction":[{"@type":"SearchAction","target":{"@type":"EntryPoint","urlTemplate":"https:\/\/lequotidien.mr\/?s={search_term_string}"},"query-input":{"@type":"PropertyValueSpecification","valueRequired":true,"valueName":"search_term_string"}}],"inLanguage":"ar"},{"@type":"Organization","@id":"https:\/\/lequotidien.mr\/#organization","name":"Le Quotidien de Nouakchott","url":"https:\/\/lequotidien.mr\/","logo":{"@type":"ImageObject","inLanguage":"ar","@id":"https:\/\/lequotidien.mr\/#\/schema\/logo\/image\/","url":"https:\/\/lequotidien.mr\/wp-content\/uploads\/2022\/11\/logolequotidien.jpg","contentUrl":"https:\/\/lequotidien.mr\/wp-content\/uploads\/2022\/11\/logolequotidien.jpg","width":290,"height":65,"caption":"Le Quotidien de Nouakchott"},"image":{"@id":"https:\/\/lequotidien.mr\/#\/schema\/logo\/image\/"},"sameAs":["https:\/\/web.facebook.com\/lequotidienmr","https:\/\/x.com\/lequotidienmr"]},{"@type":"Person","@id":"https:\/\/lequotidien.mr\/#\/schema\/person\/d2d350202a4d599685ed8abc25f97596","name":"Med Ahmed","image":{"@type":"ImageObject","inLanguage":"ar","@id":"https:\/\/secure.gravatar.com\/avatar\/fd2acc62ed50732923d1d39c17172c9b04149f142be92310ecc69e1358f94b52?s=96&d=mm&r=g","url":"https:\/\/secure.gravatar.com\/avatar\/fd2acc62ed50732923d1d39c17172c9b04149f142be92310ecc69e1358f94b52?s=96&d=mm&r=g","contentUrl":"https:\/\/secure.gravatar.com\/avatar\/fd2acc62ed50732923d1d39c17172c9b04149f142be92310ecc69e1358f94b52?s=96&d=mm&r=g","caption":"Med Ahmed"},"url":"https:\/\/lequotidien.mr\/?author=12"}]}},"_links":{"self":[{"href":"https:\/\/lequotidien.mr\/index.php?rest_route=\/wp\/v2\/posts\/23611","targetHints":{"allow":["GET"]}}],"collection":[{"href":"https:\/\/lequotidien.mr\/index.php?rest_route=\/wp\/v2\/posts"}],"about":[{"href":"https:\/\/lequotidien.mr\/index.php?rest_route=\/wp\/v2\/types\/post"}],"author":[{"embeddable":true,"href":"https:\/\/lequotidien.mr\/index.php?rest_route=\/wp\/v2\/users\/12"}],"replies":[{"embeddable":true,"href":"https:\/\/lequotidien.mr\/index.php?rest_route=%2Fwp%2Fv2%2Fcomments&post=23611"}],"version-history":[{"count":1,"href":"https:\/\/lequotidien.mr\/index.php?rest_route=\/wp\/v2\/posts\/23611\/revisions"}],"predecessor-version":[{"id":23613,"href":"https:\/\/lequotidien.mr\/index.php?rest_route=\/wp\/v2\/posts\/23611\/revisions\/23613"}],"wp:featuredmedia":[{"embeddable":true,"href":"https:\/\/lequotidien.mr\/index.php?rest_route=\/wp\/v2\/media\/23612"}],"wp:attachment":[{"href":"https:\/\/lequotidien.mr\/index.php?rest_route=%2Fwp%2Fv2%2Fmedia&parent=23611"}],"wp:term":[{"taxonomy":"category","embeddable":true,"href":"https:\/\/lequotidien.mr\/index.php?rest_route=%2Fwp%2Fv2%2Fcategories&post=23611"},{"taxonomy":"post_tag","embeddable":true,"href":"https:\/\/lequotidien.mr\/index.php?rest_route=%2Fwp%2Fv2%2Ftags&post=23611"}],"curies":[{"name":"wp","href":"https:\/\/api.w.org\/{rel}","templated":true}]}}