{"id":2357,"date":"2022-12-26T14:10:17","date_gmt":"2022-12-26T14:10:17","guid":{"rendered":"https:\/\/lequotidien.mr\/?p=2357"},"modified":"2022-12-26T14:10:17","modified_gmt":"2022-12-26T14:10:17","slug":"signature-dun-contrat-pour-renforcer-la-capacite-dexecution-du-projet-hopital-du-roi-selmane-a-nouakchott","status":"publish","type":"post","link":"https:\/\/lequotidien.mr\/?p=2357&lang=fr","title":{"rendered":"Signature d\u2019un contrat pour renforcer la capacit\u00e9 d\u2019ex\u00e9cution du projet \u201d H\u00f4pital du Roi Selmane\u201d \u00e0 Nouakchott"},"content":{"rendered":"<p>AMI &#8211; Le ministre de la Sant\u00e9, M. Moctar Ould Dahi, a sign\u00e9, dimanche \u00e0 Riyad, avec le pr\u00e9sident ex\u00e9cutif de la Soci\u00e9t\u00e9 du Dr Selmane El Habib pour les services m\u00e9dicaux, M. Fay\u00e7al Nassar un contrat de prestation de services de consultation en faveur de l\u2019unit\u00e9 de gestion du projet \u201cH\u00f4pital le Roi Selmane Ibn Abdel Aziz universitaire \u00e0 Nouakchott\u201d.<\/p>\n<p>La signature du contrat s\u2019inscrit dans le cadre des efforts visant \u00e0 acc\u00e9l\u00e9rer et renforcer la capacit\u00e9 d\u2019ex\u00e9cution du projet \u201cH\u00f4pital le Roi Selmane Ibn Abdel Aziz Al Saoud\u201d, financ\u00e9 gr\u00e2ce \u00e0 une subvention du Royaume d\u2019Arabie Saoudite fr\u00e8re pour un co\u00fbt de 55 000 000 de dollars am\u00e9ricains par le biais du Fonds Saoudien de D\u00e9veloppement pour la construction et l\u2019\u00e9quipement d\u2019un h\u00f4pital \u00e0 sp\u00e9cialit\u00e9s multiples d\u2019une capacit\u00e9 d\u2019accueil de 300 lits et englobant les services m\u00e9dicaux et techniques n\u00e9cessaires pour la cr\u00e9ation d\u2019un p\u00f4le sanitaire de r\u00e9f\u00e9rence compl\u00e9mentaire, en plus d\u2019annexes , d\u2019allers ext\u00e9rieurs, de places pour le stationnement des voitures, de jardins ext\u00e9rieurs et d\u2019habitats pour les travailleurs de l\u2019h\u00f4pital , le tout sur une superficie de 45 000 m2 extensible.<\/p>\n<p>Le contrat avec le Groupe du Dr Souleymane El Habib pour les services m\u00e9dicaux sp\u00e9cialis\u00e9s vise aussi l\u2019appui en ce qui concerne la conclusion de march\u00e9s relatifs au choix du bureau des \u00e9tudes qui sera charg\u00e9 de la supervision et du suivi et au choix des entrepreneurs , des fournisseurs et des importateurs des \u00e9quipements m\u00e9dicaux, dans le but d\u2019ex\u00e9cuter le projet conform\u00e9ment aux normes et aux d\u00e9lais exig\u00e9s.<\/p>\n<p>La c\u00e9r\u00e9monie de signature s\u2019est d\u00e9roul\u00e9e en pr\u00e9sence du secr\u00e9taire g\u00e9n\u00e9ral du minist\u00e8re des affaires \u00e9conomiques et de la promotion des secteurs productifs et d\u2019un certain nombre de cadres du secteur de la Sant\u00e9.<\/p>\n<p>&nbsp;<\/p>\n","protected":false},"excerpt":{"rendered":"<p>AMI &#8211; Le ministre de la Sant\u00e9, M. Moctar Ould Dahi, a sign\u00e9, dimanche \u00e0 Riyad, avec le pr\u00e9sident ex\u00e9cutif de la Soci\u00e9t\u00e9 du Dr Selmane El Habib pour les services m\u00e9dicaux, M. Fay\u00e7al Nassar un contrat de prestation de services de consultation en faveur de l\u2019unit\u00e9 de gestion du projet \u201cH\u00f4pital le Roi Selmane&#8230;..<\/p>\n","protected":false},"author":5,"featured_media":2358,"comment_status":"open","ping_status":"open","sticky":false,"template":"","format":"standard","meta":{"footnotes":""},"categories":[23,49],"tags":[],"class_list":["post-2357","post","type-post","status-publish","format-standard","has-post-thumbnail","hentry","category-actualite","category-economie"],"yoast_head":"<!-- This site is optimized with the Yoast SEO plugin v27.5 - https:\/\/yoast.com\/product\/yoast-seo-wordpress\/ -->\n<title>Signature d\u2019un contrat pour renforcer la capacit\u00e9 d\u2019ex\u00e9cution du projet \u201d H\u00f4pital du Roi Selmane\u201d \u00e0 Nouakchott - Le Quotidien de Nouakchott<\/title>\n<meta name=\"robots\" content=\"index, follow, max-snippet:-1, max-image-preview:large, max-video-preview:-1\" \/>\n<link rel=\"canonical\" href=\"https:\/\/lequotidien.mr\/?p=2357&lang=fr\" \/>\n<meta property=\"og:locale\" content=\"ar_AR\" \/>\n<meta property=\"og:type\" content=\"article\" \/>\n<meta property=\"og:title\" content=\"Signature d\u2019un contrat pour renforcer la capacit\u00e9 d\u2019ex\u00e9cution du projet \u201d H\u00f4pital du Roi Selmane\u201d \u00e0 Nouakchott - Le Quotidien de Nouakchott\" \/>\n<meta property=\"og:description\" content=\"AMI &#8211; Le ministre de la Sant\u00e9, M. Moctar Ould Dahi, a sign\u00e9, dimanche \u00e0 Riyad, avec le pr\u00e9sident ex\u00e9cutif de la Soci\u00e9t\u00e9 du Dr Selmane El Habib pour les services m\u00e9dicaux, M. Fay\u00e7al Nassar un contrat de prestation de services de consultation en faveur de l\u2019unit\u00e9 de gestion du projet \u201cH\u00f4pital le Roi Selmane.....\" \/>\n<meta property=\"og:url\" content=\"https:\/\/lequotidien.mr\/?p=2357&amp;lang=fr\" \/>\n<meta property=\"og:site_name\" content=\"Le Quotidien de Nouakchott\" \/>\n<meta property=\"article:publisher\" content=\"https:\/\/web.facebook.com\/lequotidienmr\" \/>\n<meta property=\"article:published_time\" content=\"2022-12-26T14:10:17+00:00\" \/>\n<meta property=\"og:image\" content=\"https:\/\/lequotidien.mr\/wp-content\/uploads\/2022\/12\/25-12-2022-\u064d005.jpg\" \/>\n\t<meta property=\"og:image:width\" content=\"640\" \/>\n\t<meta property=\"og:image:height\" content=\"427\" \/>\n\t<meta property=\"og:image:type\" content=\"image\/jpeg\" \/>\n<meta name=\"author\" content=\"Gayi Diawara\" \/>\n<meta name=\"twitter:card\" content=\"summary_large_image\" \/>\n<meta name=\"twitter:creator\" content=\"@lequotidienmr\" \/>\n<meta name=\"twitter:site\" content=\"@lequotidienmr\" \/>\n<meta name=\"twitter:label1\" content=\"\u0643\u064f\u062a\u0628 \u0628\u0648\u0627\u0633\u0637\u0629\" \/>\n\t<meta name=\"twitter:data1\" content=\"Gayi Diawara\" \/>\n\t<meta name=\"twitter:label2\" content=\"\u0648\u0642\u062a \u0627\u0644\u0642\u0631\u0627\u0621\u0629 \u0627\u0644\u0645\u064f\u0642\u062f\u0651\u0631\" \/>\n\t<meta name=\"twitter:data2\" content=\"\u062f\u0642\u064a\u0642\u062a\u0627\u0646\" \/>\n<script type=\"application\/ld+json\" class=\"yoast-schema-graph\">{\"@context\":\"https:\\\/\\\/schema.org\",\"@graph\":[{\"@type\":\"Article\",\"@id\":\"https:\\\/\\\/lequotidien.mr\\\/?p=2357&lang=fr#article\",\"isPartOf\":{\"@id\":\"https:\\\/\\\/lequotidien.mr\\\/?p=2357&lang=fr\"},\"author\":{\"name\":\"Gayi Diawara\",\"@id\":\"https:\\\/\\\/lequotidien.mr\\\/#\\\/schema\\\/person\\\/1077c8abd5640a6514b909318d271dee\"},\"headline\":\"Signature d\u2019un contrat pour renforcer la capacit\u00e9 d\u2019ex\u00e9cution du projet \u201d H\u00f4pital du Roi Selmane\u201d \u00e0 Nouakchott\",\"datePublished\":\"2022-12-26T14:10:17+00:00\",\"mainEntityOfPage\":{\"@id\":\"https:\\\/\\\/lequotidien.mr\\\/?p=2357&lang=fr\"},\"wordCount\":357,\"commentCount\":0,\"publisher\":{\"@id\":\"https:\\\/\\\/lequotidien.mr\\\/#organization\"},\"image\":{\"@id\":\"https:\\\/\\\/lequotidien.mr\\\/?p=2357&lang=fr#primaryimage\"},\"thumbnailUrl\":\"https:\\\/\\\/lequotidien.mr\\\/wp-content\\\/uploads\\\/2022\\\/12\\\/25-12-2022-\u064d005.jpg\",\"articleSection\":[\"ACTUALIT\u00c9\",\"Economie\"],\"inLanguage\":\"ar\",\"potentialAction\":[{\"@type\":\"CommentAction\",\"name\":\"Comment\",\"target\":[\"https:\\\/\\\/lequotidien.mr\\\/?p=2357&lang=fr#respond\"]}]},{\"@type\":\"WebPage\",\"@id\":\"https:\\\/\\\/lequotidien.mr\\\/?p=2357&lang=fr\",\"url\":\"https:\\\/\\\/lequotidien.mr\\\/?p=2357&lang=fr\",\"name\":\"Signature d\u2019un contrat pour renforcer la capacit\u00e9 d\u2019ex\u00e9cution du projet \u201d H\u00f4pital du Roi Selmane\u201d \u00e0 Nouakchott - Le Quotidien de Nouakchott\",\"isPartOf\":{\"@id\":\"https:\\\/\\\/lequotidien.mr\\\/#website\"},\"primaryImageOfPage\":{\"@id\":\"https:\\\/\\\/lequotidien.mr\\\/?p=2357&lang=fr#primaryimage\"},\"image\":{\"@id\":\"https:\\\/\\\/lequotidien.mr\\\/?p=2357&lang=fr#primaryimage\"},\"thumbnailUrl\":\"https:\\\/\\\/lequotidien.mr\\\/wp-content\\\/uploads\\\/2022\\\/12\\\/25-12-2022-\u064d005.jpg\",\"datePublished\":\"2022-12-26T14:10:17+00:00\",\"breadcrumb\":{\"@id\":\"https:\\\/\\\/lequotidien.mr\\\/?p=2357&lang=fr#breadcrumb\"},\"inLanguage\":\"ar\",\"potentialAction\":[{\"@type\":\"ReadAction\",\"target\":[\"https:\\\/\\\/lequotidien.mr\\\/?p=2357&lang=fr\"]}]},{\"@type\":\"ImageObject\",\"inLanguage\":\"ar\",\"@id\":\"https:\\\/\\\/lequotidien.mr\\\/?p=2357&lang=fr#primaryimage\",\"url\":\"https:\\\/\\\/lequotidien.mr\\\/wp-content\\\/uploads\\\/2022\\\/12\\\/25-12-2022-\u064d005.jpg\",\"contentUrl\":\"https:\\\/\\\/lequotidien.mr\\\/wp-content\\\/uploads\\\/2022\\\/12\\\/25-12-2022-\u064d005.jpg\",\"width\":640,\"height\":427},{\"@type\":\"BreadcrumbList\",\"@id\":\"https:\\\/\\\/lequotidien.mr\\\/?p=2357&lang=fr#breadcrumb\",\"itemListElement\":[{\"@type\":\"ListItem\",\"position\":1,\"name\":\"Home\",\"item\":\"https:\\\/\\\/lequotidien.mr\\\/\"},{\"@type\":\"ListItem\",\"position\":2,\"name\":\"Signature d\u2019un contrat pour renforcer la capacit\u00e9 d\u2019ex\u00e9cution du projet \u201d H\u00f4pital du Roi Selmane\u201d \u00e0 Nouakchott\"}]},{\"@type\":\"WebSite\",\"@id\":\"https:\\\/\\\/lequotidien.mr\\\/#website\",\"url\":\"https:\\\/\\\/lequotidien.mr\\\/\",\"name\":\"Le Quotidien de Nouakchott\",\"description\":\"\u0625\u062e\u0628\u0627\u0631\u064a\u0629 \u0645\u0633\u062a\u0642\u0644\u0629 \u0644\u0644\u0623\u0646\u0628\u0627\u0621 \u0627\u0644\u0639\u0627\u0645\u0629\",\"publisher\":{\"@id\":\"https:\\\/\\\/lequotidien.mr\\\/#organization\"},\"potentialAction\":[{\"@type\":\"SearchAction\",\"target\":{\"@type\":\"EntryPoint\",\"urlTemplate\":\"https:\\\/\\\/lequotidien.mr\\\/?s={search_term_string}\"},\"query-input\":{\"@type\":\"PropertyValueSpecification\",\"valueRequired\":true,\"valueName\":\"search_term_string\"}}],\"inLanguage\":\"ar\"},{\"@type\":\"Organization\",\"@id\":\"https:\\\/\\\/lequotidien.mr\\\/#organization\",\"name\":\"Le Quotidien de Nouakchott\",\"url\":\"https:\\\/\\\/lequotidien.mr\\\/\",\"logo\":{\"@type\":\"ImageObject\",\"inLanguage\":\"ar\",\"@id\":\"https:\\\/\\\/lequotidien.mr\\\/#\\\/schema\\\/logo\\\/image\\\/\",\"url\":\"https:\\\/\\\/lequotidien.mr\\\/wp-content\\\/uploads\\\/2022\\\/11\\\/logolequotidien.jpg\",\"contentUrl\":\"https:\\\/\\\/lequotidien.mr\\\/wp-content\\\/uploads\\\/2022\\\/11\\\/logolequotidien.jpg\",\"width\":290,\"height\":65,\"caption\":\"Le Quotidien de Nouakchott\"},\"image\":{\"@id\":\"https:\\\/\\\/lequotidien.mr\\\/#\\\/schema\\\/logo\\\/image\\\/\"},\"sameAs\":[\"https:\\\/\\\/web.facebook.com\\\/lequotidienmr\",\"https:\\\/\\\/x.com\\\/lequotidienmr\"]},{\"@type\":\"Person\",\"@id\":\"https:\\\/\\\/lequotidien.mr\\\/#\\\/schema\\\/person\\\/1077c8abd5640a6514b909318d271dee\",\"name\":\"Gayi Diawara\",\"image\":{\"@type\":\"ImageObject\",\"inLanguage\":\"ar\",\"@id\":\"https:\\\/\\\/secure.gravatar.com\\\/avatar\\\/63ea8db1e19a6d2d608b24c0f78b5f3a7d6e0bc11959fec273410af333e4d0ac?s=96&d=mm&r=g\",\"url\":\"https:\\\/\\\/secure.gravatar.com\\\/avatar\\\/63ea8db1e19a6d2d608b24c0f78b5f3a7d6e0bc11959fec273410af333e4d0ac?s=96&d=mm&r=g\",\"contentUrl\":\"https:\\\/\\\/secure.gravatar.com\\\/avatar\\\/63ea8db1e19a6d2d608b24c0f78b5f3a7d6e0bc11959fec273410af333e4d0ac?s=96&d=mm&r=g\",\"caption\":\"Gayi Diawara\"},\"sameAs\":[\"http:\\\/\\\/lequotidien.mr\"],\"url\":\"https:\\\/\\\/lequotidien.mr\\\/?author=5\"}]}<\/script>\n<!-- \/ Yoast SEO plugin. -->","yoast_head_json":{"title":"Signature d\u2019un contrat pour renforcer la capacit\u00e9 d\u2019ex\u00e9cution du projet \u201d H\u00f4pital du Roi Selmane\u201d \u00e0 Nouakchott - Le Quotidien de Nouakchott","robots":{"index":"index","follow":"follow","max-snippet":"max-snippet:-1","max-image-preview":"max-image-preview:large","max-video-preview":"max-video-preview:-1"},"canonical":"https:\/\/lequotidien.mr\/?p=2357&lang=fr","og_locale":"ar_AR","og_type":"article","og_title":"Signature d\u2019un contrat pour renforcer la capacit\u00e9 d\u2019ex\u00e9cution du projet \u201d H\u00f4pital du Roi Selmane\u201d \u00e0 Nouakchott - Le Quotidien de Nouakchott","og_description":"AMI &#8211; Le ministre de la Sant\u00e9, M. Moctar Ould Dahi, a sign\u00e9, dimanche \u00e0 Riyad, avec le pr\u00e9sident ex\u00e9cutif de la Soci\u00e9t\u00e9 du Dr Selmane El Habib pour les services m\u00e9dicaux, M. Fay\u00e7al Nassar un contrat de prestation de services de consultation en faveur de l\u2019unit\u00e9 de gestion du projet \u201cH\u00f4pital le Roi Selmane.....","og_url":"https:\/\/lequotidien.mr\/?p=2357&lang=fr","og_site_name":"Le Quotidien de Nouakchott","article_publisher":"https:\/\/web.facebook.com\/lequotidienmr","article_published_time":"2022-12-26T14:10:17+00:00","og_image":[{"width":640,"height":427,"url":"https:\/\/lequotidien.mr\/wp-content\/uploads\/2022\/12\/25-12-2022-\u064d005.jpg","type":"image\/jpeg"}],"author":"Gayi Diawara","twitter_card":"summary_large_image","twitter_creator":"@lequotidienmr","twitter_site":"@lequotidienmr","twitter_misc":{"\u0643\u064f\u062a\u0628 \u0628\u0648\u0627\u0633\u0637\u0629":"Gayi Diawara","\u0648\u0642\u062a \u0627\u0644\u0642\u0631\u0627\u0621\u0629 \u0627\u0644\u0645\u064f\u0642\u062f\u0651\u0631":"\u062f\u0642\u064a\u0642\u062a\u0627\u0646"},"schema":{"@context":"https:\/\/schema.org","@graph":[{"@type":"Article","@id":"https:\/\/lequotidien.mr\/?p=2357&lang=fr#article","isPartOf":{"@id":"https:\/\/lequotidien.mr\/?p=2357&lang=fr"},"author":{"name":"Gayi Diawara","@id":"https:\/\/lequotidien.mr\/#\/schema\/person\/1077c8abd5640a6514b909318d271dee"},"headline":"Signature d\u2019un contrat pour renforcer la capacit\u00e9 d\u2019ex\u00e9cution du projet \u201d H\u00f4pital du Roi Selmane\u201d \u00e0 Nouakchott","datePublished":"2022-12-26T14:10:17+00:00","mainEntityOfPage":{"@id":"https:\/\/lequotidien.mr\/?p=2357&lang=fr"},"wordCount":357,"commentCount":0,"publisher":{"@id":"https:\/\/lequotidien.mr\/#organization"},"image":{"@id":"https:\/\/lequotidien.mr\/?p=2357&lang=fr#primaryimage"},"thumbnailUrl":"https:\/\/lequotidien.mr\/wp-content\/uploads\/2022\/12\/25-12-2022-\u064d005.jpg","articleSection":["ACTUALIT\u00c9","Economie"],"inLanguage":"ar","potentialAction":[{"@type":"CommentAction","name":"Comment","target":["https:\/\/lequotidien.mr\/?p=2357&lang=fr#respond"]}]},{"@type":"WebPage","@id":"https:\/\/lequotidien.mr\/?p=2357&lang=fr","url":"https:\/\/lequotidien.mr\/?p=2357&lang=fr","name":"Signature d\u2019un contrat pour renforcer la capacit\u00e9 d\u2019ex\u00e9cution du projet \u201d H\u00f4pital du Roi Selmane\u201d \u00e0 Nouakchott - Le Quotidien de Nouakchott","isPartOf":{"@id":"https:\/\/lequotidien.mr\/#website"},"primaryImageOfPage":{"@id":"https:\/\/lequotidien.mr\/?p=2357&lang=fr#primaryimage"},"image":{"@id":"https:\/\/lequotidien.mr\/?p=2357&lang=fr#primaryimage"},"thumbnailUrl":"https:\/\/lequotidien.mr\/wp-content\/uploads\/2022\/12\/25-12-2022-\u064d005.jpg","datePublished":"2022-12-26T14:10:17+00:00","breadcrumb":{"@id":"https:\/\/lequotidien.mr\/?p=2357&lang=fr#breadcrumb"},"inLanguage":"ar","potentialAction":[{"@type":"ReadAction","target":["https:\/\/lequotidien.mr\/?p=2357&lang=fr"]}]},{"@type":"ImageObject","inLanguage":"ar","@id":"https:\/\/lequotidien.mr\/?p=2357&lang=fr#primaryimage","url":"https:\/\/lequotidien.mr\/wp-content\/uploads\/2022\/12\/25-12-2022-\u064d005.jpg","contentUrl":"https:\/\/lequotidien.mr\/wp-content\/uploads\/2022\/12\/25-12-2022-\u064d005.jpg","width":640,"height":427},{"@type":"BreadcrumbList","@id":"https:\/\/lequotidien.mr\/?p=2357&lang=fr#breadcrumb","itemListElement":[{"@type":"ListItem","position":1,"name":"Home","item":"https:\/\/lequotidien.mr\/"},{"@type":"ListItem","position":2,"name":"Signature d\u2019un contrat pour renforcer la capacit\u00e9 d\u2019ex\u00e9cution du projet \u201d H\u00f4pital du Roi Selmane\u201d \u00e0 Nouakchott"}]},{"@type":"WebSite","@id":"https:\/\/lequotidien.mr\/#website","url":"https:\/\/lequotidien.mr\/","name":"Le Quotidien de Nouakchott","description":"\u0625\u062e\u0628\u0627\u0631\u064a\u0629 \u0645\u0633\u062a\u0642\u0644\u0629 \u0644\u0644\u0623\u0646\u0628\u0627\u0621 \u0627\u0644\u0639\u0627\u0645\u0629","publisher":{"@id":"https:\/\/lequotidien.mr\/#organization"},"potentialAction":[{"@type":"SearchAction","target":{"@type":"EntryPoint","urlTemplate":"https:\/\/lequotidien.mr\/?s={search_term_string}"},"query-input":{"@type":"PropertyValueSpecification","valueRequired":true,"valueName":"search_term_string"}}],"inLanguage":"ar"},{"@type":"Organization","@id":"https:\/\/lequotidien.mr\/#organization","name":"Le Quotidien de Nouakchott","url":"https:\/\/lequotidien.mr\/","logo":{"@type":"ImageObject","inLanguage":"ar","@id":"https:\/\/lequotidien.mr\/#\/schema\/logo\/image\/","url":"https:\/\/lequotidien.mr\/wp-content\/uploads\/2022\/11\/logolequotidien.jpg","contentUrl":"https:\/\/lequotidien.mr\/wp-content\/uploads\/2022\/11\/logolequotidien.jpg","width":290,"height":65,"caption":"Le Quotidien de Nouakchott"},"image":{"@id":"https:\/\/lequotidien.mr\/#\/schema\/logo\/image\/"},"sameAs":["https:\/\/web.facebook.com\/lequotidienmr","https:\/\/x.com\/lequotidienmr"]},{"@type":"Person","@id":"https:\/\/lequotidien.mr\/#\/schema\/person\/1077c8abd5640a6514b909318d271dee","name":"Gayi Diawara","image":{"@type":"ImageObject","inLanguage":"ar","@id":"https:\/\/secure.gravatar.com\/avatar\/63ea8db1e19a6d2d608b24c0f78b5f3a7d6e0bc11959fec273410af333e4d0ac?s=96&d=mm&r=g","url":"https:\/\/secure.gravatar.com\/avatar\/63ea8db1e19a6d2d608b24c0f78b5f3a7d6e0bc11959fec273410af333e4d0ac?s=96&d=mm&r=g","contentUrl":"https:\/\/secure.gravatar.com\/avatar\/63ea8db1e19a6d2d608b24c0f78b5f3a7d6e0bc11959fec273410af333e4d0ac?s=96&d=mm&r=g","caption":"Gayi Diawara"},"sameAs":["http:\/\/lequotidien.mr"],"url":"https:\/\/lequotidien.mr\/?author=5"}]}},"_links":{"self":[{"href":"https:\/\/lequotidien.mr\/index.php?rest_route=\/wp\/v2\/posts\/2357","targetHints":{"allow":["GET"]}}],"collection":[{"href":"https:\/\/lequotidien.mr\/index.php?rest_route=\/wp\/v2\/posts"}],"about":[{"href":"https:\/\/lequotidien.mr\/index.php?rest_route=\/wp\/v2\/types\/post"}],"author":[{"embeddable":true,"href":"https:\/\/lequotidien.mr\/index.php?rest_route=\/wp\/v2\/users\/5"}],"replies":[{"embeddable":true,"href":"https:\/\/lequotidien.mr\/index.php?rest_route=%2Fwp%2Fv2%2Fcomments&post=2357"}],"version-history":[{"count":2,"href":"https:\/\/lequotidien.mr\/index.php?rest_route=\/wp\/v2\/posts\/2357\/revisions"}],"predecessor-version":[{"id":2360,"href":"https:\/\/lequotidien.mr\/index.php?rest_route=\/wp\/v2\/posts\/2357\/revisions\/2360"}],"wp:featuredmedia":[{"embeddable":true,"href":"https:\/\/lequotidien.mr\/index.php?rest_route=\/wp\/v2\/media\/2358"}],"wp:attachment":[{"href":"https:\/\/lequotidien.mr\/index.php?rest_route=%2Fwp%2Fv2%2Fmedia&parent=2357"}],"wp:term":[{"taxonomy":"category","embeddable":true,"href":"https:\/\/lequotidien.mr\/index.php?rest_route=%2Fwp%2Fv2%2Fcategories&post=2357"},{"taxonomy":"post_tag","embeddable":true,"href":"https:\/\/lequotidien.mr\/index.php?rest_route=%2Fwp%2Fv2%2Ftags&post=2357"}],"curies":[{"name":"wp","href":"https:\/\/api.w.org\/{rel}","templated":true}]}}