{"id":23565,"date":"2024-12-12T10:31:09","date_gmt":"2024-12-12T10:31:09","guid":{"rendered":"https:\/\/lequotidien.mr\/?p=23565"},"modified":"2024-12-12T10:31:09","modified_gmt":"2024-12-12T10:31:09","slug":"douanes-nouakchott-vers-ladoption-dune-nouvelle-loi-sur-le-statut-du-corps-de-la-douane","status":"publish","type":"post","link":"https:\/\/lequotidien.mr\/?p=23565&lang=fr","title":{"rendered":"Douanes\/Nouakchott : Vers l\u2019adoption d\u2019une nouvelle loi sur le statut du corps de la douane"},"content":{"rendered":"<p>Les autorit\u00e9s mauritaniennes ont lanc\u00e9 une proc\u00e9dure rapide pour faire adopter un projet de loi r\u00e9visant le statut du corps des douanes, approuv\u00e9 par le Conseil des ministres lors de sa r\u00e9union de la semaine derni\u00e8re.<\/p>\n<p><strong>Un cadre l\u00e9gislatif adapt\u00e9 aux sp\u00e9cificit\u00e9s des douanes<\/strong><\/p>\n<p>Ce projet de loi propose de modifier et de remplacer certaines dispositions de la loi n\u00b0 93-09, en vigueur depuis le 18 janvier 1993. Il vise \u00e0 exclure les agents des douanes du champ d\u2019application du statut g\u00e9n\u00e9ral de la fonction publique, arguant des sp\u00e9cificit\u00e9s inh\u00e9rentes \u00e0 leurs missions strat\u00e9giques.<\/p>\n<p>Les douanes jouent un r\u00f4le cl\u00e9 dans la gestion des fronti\u00e8res, la collecte des recettes fiscales et la lutte contre les trafics illicites. Ce changement l\u00e9gislatif a pour objectif d\u2019adapter le statut de leurs agents pour mieux r\u00e9pondre aux exigences de ce secteur vital.<\/p>\n<p>Le texte aurait \u00e9t\u00e9 soumis au Parlement pour un examen et une adoption dans un d\u00e9lai de 72 heures. Cette proc\u00e9dure exp\u00e9ditive t\u00e9moigne de l\u2019urgence per\u00e7ue par les autorit\u00e9s pour renforcer l\u2019efficacit\u00e9 et la gouvernance du secteur douanier.<\/p>\n<p>La Commission de l\u2019orientation islamique, des ressources humaines, des affaires culturelles et sociales de l\u2019Assembl\u00e9e nationale a \u00e9t\u00e9 d\u00e9sign\u00e9e pour examiner le projet de loi avant son passage en s\u00e9ance pl\u00e9ni\u00e8re.<\/p>\n<p><strong>Une prolongation de mandat pour le directeur des douanes<\/strong><\/p>\n<p>Parmi les implications directes de cette r\u00e9forme figure la prolongation d\u2019un an du mandat du directeur g\u00e9n\u00e9ral des douanes. Ce dernier avait re\u00e7u sa notification de d\u00e9part \u00e0 la retraite en octobre dernier.<\/p>\n<p><strong>Une r\u00e9forme strat\u00e9gique pour les douanes<\/strong><\/p>\n<p>En ajustant le statut des agents des douanes, cette r\u00e9forme ambitionne de reconna\u00eetre et de soutenir leurs missions sp\u00e9cifiques. Elle vise \u00e9galement \u00e0 moderniser le cadre l\u00e9gislatif pour am\u00e9liorer l\u2019efficacit\u00e9 et la r\u00e9silience de ce secteur strat\u00e9gique face aux d\u00e9fis nationaux et internationaux.<\/p>\n<p>Cette initiative marque une \u00e9tape significative dans la r\u00e9forme des institutions mauritaniennes, soulignant l\u2019importance accord\u00e9e \u00e0 la gestion des douanes pour le d\u00e9veloppement \u00e9conomique et la s\u00e9curit\u00e9 nationale.<\/p>\n","protected":false},"excerpt":{"rendered":"<p>Les autorit\u00e9s mauritaniennes ont lanc\u00e9 une proc\u00e9dure rapide pour faire adopter un projet de loi r\u00e9visant le statut du corps des douanes, approuv\u00e9 par le Conseil des ministres lors de sa r\u00e9union de la semaine derni\u00e8re. Un cadre l\u00e9gislatif adapt\u00e9 aux sp\u00e9cificit\u00e9s des douanes Ce projet de loi propose de modifier et de remplacer certaines&#8230;..<\/p>\n","protected":false},"author":12,"featured_media":23566,"comment_status":"open","ping_status":"open","sticky":false,"template":"","format":"standard","meta":{"footnotes":""},"categories":[23,49],"tags":[],"class_list":["post-23565","post","type-post","status-publish","format-standard","has-post-thumbnail","hentry","category-actualite","category-economie"],"yoast_head":"<!-- This site is optimized with the Yoast SEO plugin v27.5 - https:\/\/yoast.com\/product\/yoast-seo-wordpress\/ -->\n<title>Douanes\/Nouakchott : Vers l\u2019adoption d\u2019une nouvelle loi sur le statut du corps de la douane - Le Quotidien de Nouakchott<\/title>\n<meta name=\"robots\" content=\"index, follow, max-snippet:-1, max-image-preview:large, max-video-preview:-1\" \/>\n<link rel=\"canonical\" href=\"https:\/\/lequotidien.mr\/?p=23565&lang=fr\" \/>\n<meta property=\"og:locale\" content=\"ar_AR\" \/>\n<meta property=\"og:type\" content=\"article\" \/>\n<meta property=\"og:title\" content=\"Douanes\/Nouakchott : Vers l\u2019adoption d\u2019une nouvelle loi sur le statut du corps de la douane - Le Quotidien de Nouakchott\" \/>\n<meta property=\"og:description\" content=\"Les autorit\u00e9s mauritaniennes ont lanc\u00e9 une proc\u00e9dure rapide pour faire adopter un projet de loi r\u00e9visant le statut du corps des douanes, approuv\u00e9 par le Conseil des ministres lors de sa r\u00e9union de la semaine derni\u00e8re. Un cadre l\u00e9gislatif adapt\u00e9 aux sp\u00e9cificit\u00e9s des douanes Ce projet de loi propose de modifier et de remplacer certaines.....\" \/>\n<meta property=\"og:url\" content=\"https:\/\/lequotidien.mr\/?p=23565&amp;lang=fr\" \/>\n<meta property=\"og:site_name\" content=\"Le Quotidien de Nouakchott\" \/>\n<meta property=\"article:publisher\" content=\"https:\/\/web.facebook.com\/lequotidienmr\" \/>\n<meta property=\"article:published_time\" content=\"2024-12-12T10:31:09+00:00\" \/>\n<meta property=\"og:image\" content=\"https:\/\/lequotidien.mr\/wp-content\/uploads\/2024\/12\/photo-douanes-de-Nkc.jpg\" \/>\n\t<meta property=\"og:image:width\" content=\"546\" \/>\n\t<meta property=\"og:image:height\" content=\"410\" \/>\n\t<meta property=\"og:image:type\" content=\"image\/jpeg\" \/>\n<meta name=\"author\" content=\"Med Ahmed\" \/>\n<meta name=\"twitter:card\" content=\"summary_large_image\" \/>\n<meta name=\"twitter:creator\" content=\"@lequotidienmr\" \/>\n<meta name=\"twitter:site\" content=\"@lequotidienmr\" \/>\n<meta name=\"twitter:label1\" content=\"\u0643\u064f\u062a\u0628 \u0628\u0648\u0627\u0633\u0637\u0629\" \/>\n\t<meta name=\"twitter:data1\" content=\"Med Ahmed\" \/>\n\t<meta name=\"twitter:label2\" content=\"\u0648\u0642\u062a \u0627\u0644\u0642\u0631\u0627\u0621\u0629 \u0627\u0644\u0645\u064f\u0642\u062f\u0651\u0631\" \/>\n\t<meta name=\"twitter:data2\" content=\"\u062f\u0642\u064a\u0642\u062a\u0627\u0646\" \/>\n<script type=\"application\/ld+json\" class=\"yoast-schema-graph\">{\"@context\":\"https:\\\/\\\/schema.org\",\"@graph\":[{\"@type\":\"Article\",\"@id\":\"https:\\\/\\\/lequotidien.mr\\\/?p=23565&lang=fr#article\",\"isPartOf\":{\"@id\":\"https:\\\/\\\/lequotidien.mr\\\/?p=23565&lang=fr\"},\"author\":{\"name\":\"Med Ahmed\",\"@id\":\"https:\\\/\\\/lequotidien.mr\\\/#\\\/schema\\\/person\\\/d2d350202a4d599685ed8abc25f97596\"},\"headline\":\"Douanes\\\/Nouakchott : Vers l\u2019adoption d\u2019une nouvelle loi sur le statut du corps de la douane\",\"datePublished\":\"2024-12-12T10:31:09+00:00\",\"mainEntityOfPage\":{\"@id\":\"https:\\\/\\\/lequotidien.mr\\\/?p=23565&lang=fr\"},\"wordCount\":393,\"commentCount\":0,\"publisher\":{\"@id\":\"https:\\\/\\\/lequotidien.mr\\\/#organization\"},\"image\":{\"@id\":\"https:\\\/\\\/lequotidien.mr\\\/?p=23565&lang=fr#primaryimage\"},\"thumbnailUrl\":\"https:\\\/\\\/lequotidien.mr\\\/wp-content\\\/uploads\\\/2024\\\/12\\\/photo-douanes-de-Nkc.jpg\",\"articleSection\":[\"ACTUALIT\u00c9\",\"Economie\"],\"inLanguage\":\"ar\",\"potentialAction\":[{\"@type\":\"CommentAction\",\"name\":\"Comment\",\"target\":[\"https:\\\/\\\/lequotidien.mr\\\/?p=23565&lang=fr#respond\"]}]},{\"@type\":\"WebPage\",\"@id\":\"https:\\\/\\\/lequotidien.mr\\\/?p=23565&lang=fr\",\"url\":\"https:\\\/\\\/lequotidien.mr\\\/?p=23565&lang=fr\",\"name\":\"Douanes\\\/Nouakchott : Vers l\u2019adoption d\u2019une nouvelle loi sur le statut du corps de la douane - Le Quotidien de Nouakchott\",\"isPartOf\":{\"@id\":\"https:\\\/\\\/lequotidien.mr\\\/#website\"},\"primaryImageOfPage\":{\"@id\":\"https:\\\/\\\/lequotidien.mr\\\/?p=23565&lang=fr#primaryimage\"},\"image\":{\"@id\":\"https:\\\/\\\/lequotidien.mr\\\/?p=23565&lang=fr#primaryimage\"},\"thumbnailUrl\":\"https:\\\/\\\/lequotidien.mr\\\/wp-content\\\/uploads\\\/2024\\\/12\\\/photo-douanes-de-Nkc.jpg\",\"datePublished\":\"2024-12-12T10:31:09+00:00\",\"breadcrumb\":{\"@id\":\"https:\\\/\\\/lequotidien.mr\\\/?p=23565&lang=fr#breadcrumb\"},\"inLanguage\":\"ar\",\"potentialAction\":[{\"@type\":\"ReadAction\",\"target\":[\"https:\\\/\\\/lequotidien.mr\\\/?p=23565&lang=fr\"]}]},{\"@type\":\"ImageObject\",\"inLanguage\":\"ar\",\"@id\":\"https:\\\/\\\/lequotidien.mr\\\/?p=23565&lang=fr#primaryimage\",\"url\":\"https:\\\/\\\/lequotidien.mr\\\/wp-content\\\/uploads\\\/2024\\\/12\\\/photo-douanes-de-Nkc.jpg\",\"contentUrl\":\"https:\\\/\\\/lequotidien.mr\\\/wp-content\\\/uploads\\\/2024\\\/12\\\/photo-douanes-de-Nkc.jpg\",\"width\":546,\"height\":410},{\"@type\":\"BreadcrumbList\",\"@id\":\"https:\\\/\\\/lequotidien.mr\\\/?p=23565&lang=fr#breadcrumb\",\"itemListElement\":[{\"@type\":\"ListItem\",\"position\":1,\"name\":\"Home\",\"item\":\"https:\\\/\\\/lequotidien.mr\\\/\"},{\"@type\":\"ListItem\",\"position\":2,\"name\":\"Douanes\\\/Nouakchott : Vers l\u2019adoption d\u2019une nouvelle loi sur le statut du corps de la douane\"}]},{\"@type\":\"WebSite\",\"@id\":\"https:\\\/\\\/lequotidien.mr\\\/#website\",\"url\":\"https:\\\/\\\/lequotidien.mr\\\/\",\"name\":\"Le Quotidien de Nouakchott\",\"description\":\"\u0625\u062e\u0628\u0627\u0631\u064a\u0629 \u0645\u0633\u062a\u0642\u0644\u0629 \u0644\u0644\u0623\u0646\u0628\u0627\u0621 \u0627\u0644\u0639\u0627\u0645\u0629\",\"publisher\":{\"@id\":\"https:\\\/\\\/lequotidien.mr\\\/#organization\"},\"potentialAction\":[{\"@type\":\"SearchAction\",\"target\":{\"@type\":\"EntryPoint\",\"urlTemplate\":\"https:\\\/\\\/lequotidien.mr\\\/?s={search_term_string}\"},\"query-input\":{\"@type\":\"PropertyValueSpecification\",\"valueRequired\":true,\"valueName\":\"search_term_string\"}}],\"inLanguage\":\"ar\"},{\"@type\":\"Organization\",\"@id\":\"https:\\\/\\\/lequotidien.mr\\\/#organization\",\"name\":\"Le Quotidien de Nouakchott\",\"url\":\"https:\\\/\\\/lequotidien.mr\\\/\",\"logo\":{\"@type\":\"ImageObject\",\"inLanguage\":\"ar\",\"@id\":\"https:\\\/\\\/lequotidien.mr\\\/#\\\/schema\\\/logo\\\/image\\\/\",\"url\":\"https:\\\/\\\/lequotidien.mr\\\/wp-content\\\/uploads\\\/2022\\\/11\\\/logolequotidien.jpg\",\"contentUrl\":\"https:\\\/\\\/lequotidien.mr\\\/wp-content\\\/uploads\\\/2022\\\/11\\\/logolequotidien.jpg\",\"width\":290,\"height\":65,\"caption\":\"Le Quotidien de Nouakchott\"},\"image\":{\"@id\":\"https:\\\/\\\/lequotidien.mr\\\/#\\\/schema\\\/logo\\\/image\\\/\"},\"sameAs\":[\"https:\\\/\\\/web.facebook.com\\\/lequotidienmr\",\"https:\\\/\\\/x.com\\\/lequotidienmr\"]},{\"@type\":\"Person\",\"@id\":\"https:\\\/\\\/lequotidien.mr\\\/#\\\/schema\\\/person\\\/d2d350202a4d599685ed8abc25f97596\",\"name\":\"Med Ahmed\",\"image\":{\"@type\":\"ImageObject\",\"inLanguage\":\"ar\",\"@id\":\"https:\\\/\\\/secure.gravatar.com\\\/avatar\\\/fd2acc62ed50732923d1d39c17172c9b04149f142be92310ecc69e1358f94b52?s=96&d=mm&r=g\",\"url\":\"https:\\\/\\\/secure.gravatar.com\\\/avatar\\\/fd2acc62ed50732923d1d39c17172c9b04149f142be92310ecc69e1358f94b52?s=96&d=mm&r=g\",\"contentUrl\":\"https:\\\/\\\/secure.gravatar.com\\\/avatar\\\/fd2acc62ed50732923d1d39c17172c9b04149f142be92310ecc69e1358f94b52?s=96&d=mm&r=g\",\"caption\":\"Med Ahmed\"},\"url\":\"https:\\\/\\\/lequotidien.mr\\\/?author=12\"}]}<\/script>\n<!-- \/ Yoast SEO plugin. -->","yoast_head_json":{"title":"Douanes\/Nouakchott : Vers l\u2019adoption d\u2019une nouvelle loi sur le statut du corps de la douane - Le Quotidien de Nouakchott","robots":{"index":"index","follow":"follow","max-snippet":"max-snippet:-1","max-image-preview":"max-image-preview:large","max-video-preview":"max-video-preview:-1"},"canonical":"https:\/\/lequotidien.mr\/?p=23565&lang=fr","og_locale":"ar_AR","og_type":"article","og_title":"Douanes\/Nouakchott : Vers l\u2019adoption d\u2019une nouvelle loi sur le statut du corps de la douane - Le Quotidien de Nouakchott","og_description":"Les autorit\u00e9s mauritaniennes ont lanc\u00e9 une proc\u00e9dure rapide pour faire adopter un projet de loi r\u00e9visant le statut du corps des douanes, approuv\u00e9 par le Conseil des ministres lors de sa r\u00e9union de la semaine derni\u00e8re. Un cadre l\u00e9gislatif adapt\u00e9 aux sp\u00e9cificit\u00e9s des douanes Ce projet de loi propose de modifier et de remplacer certaines.....","og_url":"https:\/\/lequotidien.mr\/?p=23565&lang=fr","og_site_name":"Le Quotidien de Nouakchott","article_publisher":"https:\/\/web.facebook.com\/lequotidienmr","article_published_time":"2024-12-12T10:31:09+00:00","og_image":[{"width":546,"height":410,"url":"https:\/\/lequotidien.mr\/wp-content\/uploads\/2024\/12\/photo-douanes-de-Nkc.jpg","type":"image\/jpeg"}],"author":"Med Ahmed","twitter_card":"summary_large_image","twitter_creator":"@lequotidienmr","twitter_site":"@lequotidienmr","twitter_misc":{"\u0643\u064f\u062a\u0628 \u0628\u0648\u0627\u0633\u0637\u0629":"Med Ahmed","\u0648\u0642\u062a \u0627\u0644\u0642\u0631\u0627\u0621\u0629 \u0627\u0644\u0645\u064f\u0642\u062f\u0651\u0631":"\u062f\u0642\u064a\u0642\u062a\u0627\u0646"},"schema":{"@context":"https:\/\/schema.org","@graph":[{"@type":"Article","@id":"https:\/\/lequotidien.mr\/?p=23565&lang=fr#article","isPartOf":{"@id":"https:\/\/lequotidien.mr\/?p=23565&lang=fr"},"author":{"name":"Med Ahmed","@id":"https:\/\/lequotidien.mr\/#\/schema\/person\/d2d350202a4d599685ed8abc25f97596"},"headline":"Douanes\/Nouakchott : Vers l\u2019adoption d\u2019une nouvelle loi sur le statut du corps de la douane","datePublished":"2024-12-12T10:31:09+00:00","mainEntityOfPage":{"@id":"https:\/\/lequotidien.mr\/?p=23565&lang=fr"},"wordCount":393,"commentCount":0,"publisher":{"@id":"https:\/\/lequotidien.mr\/#organization"},"image":{"@id":"https:\/\/lequotidien.mr\/?p=23565&lang=fr#primaryimage"},"thumbnailUrl":"https:\/\/lequotidien.mr\/wp-content\/uploads\/2024\/12\/photo-douanes-de-Nkc.jpg","articleSection":["ACTUALIT\u00c9","Economie"],"inLanguage":"ar","potentialAction":[{"@type":"CommentAction","name":"Comment","target":["https:\/\/lequotidien.mr\/?p=23565&lang=fr#respond"]}]},{"@type":"WebPage","@id":"https:\/\/lequotidien.mr\/?p=23565&lang=fr","url":"https:\/\/lequotidien.mr\/?p=23565&lang=fr","name":"Douanes\/Nouakchott : Vers l\u2019adoption d\u2019une nouvelle loi sur le statut du corps de la douane - Le Quotidien de Nouakchott","isPartOf":{"@id":"https:\/\/lequotidien.mr\/#website"},"primaryImageOfPage":{"@id":"https:\/\/lequotidien.mr\/?p=23565&lang=fr#primaryimage"},"image":{"@id":"https:\/\/lequotidien.mr\/?p=23565&lang=fr#primaryimage"},"thumbnailUrl":"https:\/\/lequotidien.mr\/wp-content\/uploads\/2024\/12\/photo-douanes-de-Nkc.jpg","datePublished":"2024-12-12T10:31:09+00:00","breadcrumb":{"@id":"https:\/\/lequotidien.mr\/?p=23565&lang=fr#breadcrumb"},"inLanguage":"ar","potentialAction":[{"@type":"ReadAction","target":["https:\/\/lequotidien.mr\/?p=23565&lang=fr"]}]},{"@type":"ImageObject","inLanguage":"ar","@id":"https:\/\/lequotidien.mr\/?p=23565&lang=fr#primaryimage","url":"https:\/\/lequotidien.mr\/wp-content\/uploads\/2024\/12\/photo-douanes-de-Nkc.jpg","contentUrl":"https:\/\/lequotidien.mr\/wp-content\/uploads\/2024\/12\/photo-douanes-de-Nkc.jpg","width":546,"height":410},{"@type":"BreadcrumbList","@id":"https:\/\/lequotidien.mr\/?p=23565&lang=fr#breadcrumb","itemListElement":[{"@type":"ListItem","position":1,"name":"Home","item":"https:\/\/lequotidien.mr\/"},{"@type":"ListItem","position":2,"name":"Douanes\/Nouakchott : Vers l\u2019adoption d\u2019une nouvelle loi sur le statut du corps de la douane"}]},{"@type":"WebSite","@id":"https:\/\/lequotidien.mr\/#website","url":"https:\/\/lequotidien.mr\/","name":"Le Quotidien de Nouakchott","description":"\u0625\u062e\u0628\u0627\u0631\u064a\u0629 \u0645\u0633\u062a\u0642\u0644\u0629 \u0644\u0644\u0623\u0646\u0628\u0627\u0621 \u0627\u0644\u0639\u0627\u0645\u0629","publisher":{"@id":"https:\/\/lequotidien.mr\/#organization"},"potentialAction":[{"@type":"SearchAction","target":{"@type":"EntryPoint","urlTemplate":"https:\/\/lequotidien.mr\/?s={search_term_string}"},"query-input":{"@type":"PropertyValueSpecification","valueRequired":true,"valueName":"search_term_string"}}],"inLanguage":"ar"},{"@type":"Organization","@id":"https:\/\/lequotidien.mr\/#organization","name":"Le Quotidien de Nouakchott","url":"https:\/\/lequotidien.mr\/","logo":{"@type":"ImageObject","inLanguage":"ar","@id":"https:\/\/lequotidien.mr\/#\/schema\/logo\/image\/","url":"https:\/\/lequotidien.mr\/wp-content\/uploads\/2022\/11\/logolequotidien.jpg","contentUrl":"https:\/\/lequotidien.mr\/wp-content\/uploads\/2022\/11\/logolequotidien.jpg","width":290,"height":65,"caption":"Le Quotidien de Nouakchott"},"image":{"@id":"https:\/\/lequotidien.mr\/#\/schema\/logo\/image\/"},"sameAs":["https:\/\/web.facebook.com\/lequotidienmr","https:\/\/x.com\/lequotidienmr"]},{"@type":"Person","@id":"https:\/\/lequotidien.mr\/#\/schema\/person\/d2d350202a4d599685ed8abc25f97596","name":"Med Ahmed","image":{"@type":"ImageObject","inLanguage":"ar","@id":"https:\/\/secure.gravatar.com\/avatar\/fd2acc62ed50732923d1d39c17172c9b04149f142be92310ecc69e1358f94b52?s=96&d=mm&r=g","url":"https:\/\/secure.gravatar.com\/avatar\/fd2acc62ed50732923d1d39c17172c9b04149f142be92310ecc69e1358f94b52?s=96&d=mm&r=g","contentUrl":"https:\/\/secure.gravatar.com\/avatar\/fd2acc62ed50732923d1d39c17172c9b04149f142be92310ecc69e1358f94b52?s=96&d=mm&r=g","caption":"Med Ahmed"},"url":"https:\/\/lequotidien.mr\/?author=12"}]}},"_links":{"self":[{"href":"https:\/\/lequotidien.mr\/index.php?rest_route=\/wp\/v2\/posts\/23565","targetHints":{"allow":["GET"]}}],"collection":[{"href":"https:\/\/lequotidien.mr\/index.php?rest_route=\/wp\/v2\/posts"}],"about":[{"href":"https:\/\/lequotidien.mr\/index.php?rest_route=\/wp\/v2\/types\/post"}],"author":[{"embeddable":true,"href":"https:\/\/lequotidien.mr\/index.php?rest_route=\/wp\/v2\/users\/12"}],"replies":[{"embeddable":true,"href":"https:\/\/lequotidien.mr\/index.php?rest_route=%2Fwp%2Fv2%2Fcomments&post=23565"}],"version-history":[{"count":1,"href":"https:\/\/lequotidien.mr\/index.php?rest_route=\/wp\/v2\/posts\/23565\/revisions"}],"predecessor-version":[{"id":23567,"href":"https:\/\/lequotidien.mr\/index.php?rest_route=\/wp\/v2\/posts\/23565\/revisions\/23567"}],"wp:featuredmedia":[{"embeddable":true,"href":"https:\/\/lequotidien.mr\/index.php?rest_route=\/wp\/v2\/media\/23566"}],"wp:attachment":[{"href":"https:\/\/lequotidien.mr\/index.php?rest_route=%2Fwp%2Fv2%2Fmedia&parent=23565"}],"wp:term":[{"taxonomy":"category","embeddable":true,"href":"https:\/\/lequotidien.mr\/index.php?rest_route=%2Fwp%2Fv2%2Fcategories&post=23565"},{"taxonomy":"post_tag","embeddable":true,"href":"https:\/\/lequotidien.mr\/index.php?rest_route=%2Fwp%2Fv2%2Ftags&post=23565"}],"curies":[{"name":"wp","href":"https:\/\/api.w.org\/{rel}","templated":true}]}}