{"id":23562,"date":"2024-12-12T09:51:57","date_gmt":"2024-12-12T09:51:57","guid":{"rendered":"https:\/\/lequotidien.mr\/?p=23562"},"modified":"2024-12-12T09:51:57","modified_gmt":"2024-12-12T09:51:57","slug":"le-gouvernement-cede-sous-la-pression-citoyenne-un-signal-inquietant-pour-lavenir-de-lurbanisme-a-nouakchott","status":"publish","type":"post","link":"https:\/\/lequotidien.mr\/?p=23562&lang=fr","title":{"rendered":"Le gouvernement c\u00e8de sous la pression citoyenne : un signal inqui\u00e9tant pour l\u2019avenir de l\u2019urbanisme \u00e0 Nouakchott"},"content":{"rendered":"<p>Face \u00e0 la col\u00e8re des citoyens menac\u00e9s de voir leurs demeures d\u00e9truites, le gouvernement mauritanien a d\u00e9cid\u00e9 de revoir sa politique en mati\u00e8re de gestion fonci\u00e8re dans la capitale. Cette d\u00e9cision, bien que salu\u00e9e par certains comme une preuve d&#8217;\u00e9coute envers la population, soul\u00e8ve de s\u00e9rieuses interrogations sur la capacit\u00e9 de l&#8217;\u00c9tat \u00e0 appliquer le Sch\u00e9ma Directeur d&#8217;Am\u00e9nagement et d&#8217;Urbanisme (SDAU) destin\u00e9 \u00e0 moderniser Nouakchott.<\/p>\n<p>Lors d&#8217;une r\u00e9cente d\u00e9claration, le ministre des Affaires fonci\u00e8res et du Patrimoine de l\u2019\u00c9tat, Mokhtar Ould Bousseif, a annonc\u00e9 qu&#8217;un plan de r\u00e9gularisation des quartiers concern\u00e9s par les d\u00e9molitions avait \u00e9t\u00e9 adopt\u00e9. Initialement, trois zones de la capitale \u00e9taient cibl\u00e9es par des op\u00e9rations d\u2019assainissement et d\u2019\u00e9vacuation pour occupation ill\u00e9gale de terres publiques. Toutefois, face aux protestations des habitants affirmant d\u00e9tenir des documents de propri\u00e9t\u00e9 et avoir pay\u00e9 des sommes consid\u00e9rables pour ces parcelles, le gouvernement a choisi de suspendre les d\u00e9molitions.<\/p>\n<p>Le ministre a pr\u00e9cis\u00e9 que les preuves pr\u00e9sent\u00e9es par les occupants n\u2019avaient pas pu justifier l\u00e9galement leur possession des terrains concern\u00e9s. Cependant, dans un souci de compromis, il a \u00e9t\u00e9 d\u00e9cid\u00e9 de r\u00e9gulariser leur situation moyennant le paiement de sommes sup\u00e9rieures aux tarifs habituels du tr\u00e9sor public, en guise de sanction. Cette d\u00e9cision vise \u00e0 d\u00e9courager les occupations futures tout en r\u00e9pondant aux pressions exerc\u00e9es par les habitants.<\/p>\n<p>Si l\u2019on peut reconna\u00eetre dans cette initiative une d\u00e9marche humaine et pragmatique, elle envoie n\u00e9anmoins un signal ambigu. La fermet\u00e9 annonc\u00e9e par le ministre risque d&#8217;\u00eatre per\u00e7ue comme un aveu de faiblesse face \u00e0 la pression populaire. En outre, la r\u00e9gularisation ex post de situations ill\u00e9gales peut encourager d&#8217;autres citoyens \u00e0 occuper des terrains en esp\u00e9rant b\u00e9n\u00e9ficier d\u2019un traitement similaire.<\/p>\n<p>La capitale mauritanienne souffre depuis des d\u00e9cennies d\u2019un urbanisme anarchique, marqu\u00e9 par des constructions informelles et une gestion fonci\u00e8re souvent contest\u00e9e. L&#8217;application stricte du SDAU est essentielle pour transformer Nouakchott en une ville moderne, dot\u00e9e d&#8217;infrastructures ad\u00e9quates et organis\u00e9e selon des normes urbanistiques durables.<\/p>\n<p>En c\u00e9dant aux revendications, le gouvernement compromet-il cet objectif ambitieux ? Une politique fonci\u00e8re bas\u00e9e sur des principes clairs, appliqu\u00e9s avec fermet\u00e9 et transparence, semble indispensable pour \u00e9viter que Nouakchott ne soit pris en otage par des int\u00e9r\u00eats particuliers ou des pressions populaires.<\/p>\n<p>Pour restaurer l\u2019autorit\u00e9 de l\u2019\u00c9tat et garantir un d\u00e9veloppement harmonieux de la capitale, le gouvernement devra s\u2019en tenir aux objectifs d\u00e9finis par le SDAU. Cela n\u00e9cessite un engagement sans faille, combinant justice sociale, respect des lois et dialogue constructif avec les citoyens.<\/p>\n<p>L\u2019avenir de Nouakchott d\u00e9pendra de la capacit\u00e9 des autorit\u00e9s \u00e0 conjuguer \u00e9coute et fermet\u00e9, pour b\u00e2tir une ville moderne, prosp\u00e8re et \u00e9quitable.<\/p>\n<p>&nbsp;<\/p>\n","protected":false},"excerpt":{"rendered":"<p>Face \u00e0 la col\u00e8re des citoyens menac\u00e9s de voir leurs demeures d\u00e9truites, le gouvernement mauritanien a d\u00e9cid\u00e9 de revoir sa politique en mati\u00e8re de gestion fonci\u00e8re dans la capitale. Cette d\u00e9cision, bien que salu\u00e9e par certains comme une preuve d&#8217;\u00e9coute envers la population, soul\u00e8ve de s\u00e9rieuses interrogations sur la capacit\u00e9 de l&#8217;\u00c9tat \u00e0 appliquer le&#8230;..<\/p>\n","protected":false},"author":4,"featured_media":23563,"comment_status":"open","ping_status":"open","sticky":false,"template":"","format":"standard","meta":{"footnotes":""},"categories":[23,57],"tags":[],"class_list":["post-23562","post","type-post","status-publish","format-standard","has-post-thumbnail","hentry","category-actualite","category-couverture-specilale"],"yoast_head":"<!-- This site is optimized with the Yoast SEO plugin v27.5 - https:\/\/yoast.com\/product\/yoast-seo-wordpress\/ -->\n<title>Le gouvernement c\u00e8de sous la pression citoyenne : un signal inqui\u00e9tant pour l\u2019avenir de l\u2019urbanisme \u00e0 Nouakchott - Le Quotidien de Nouakchott<\/title>\n<meta name=\"robots\" content=\"index, follow, max-snippet:-1, max-image-preview:large, max-video-preview:-1\" \/>\n<link rel=\"canonical\" href=\"https:\/\/lequotidien.mr\/?p=23562&lang=fr\" \/>\n<meta property=\"og:locale\" content=\"ar_AR\" \/>\n<meta property=\"og:type\" content=\"article\" \/>\n<meta property=\"og:title\" content=\"Le gouvernement c\u00e8de sous la pression citoyenne : un signal inqui\u00e9tant pour l\u2019avenir de l\u2019urbanisme \u00e0 Nouakchott - Le Quotidien de Nouakchott\" \/>\n<meta property=\"og:description\" content=\"Face \u00e0 la col\u00e8re des citoyens menac\u00e9s de voir leurs demeures d\u00e9truites, le gouvernement mauritanien a d\u00e9cid\u00e9 de revoir sa politique en mati\u00e8re de gestion fonci\u00e8re dans la capitale. Cette d\u00e9cision, bien que salu\u00e9e par certains comme une preuve d&#8217;\u00e9coute envers la population, soul\u00e8ve de s\u00e9rieuses interrogations sur la capacit\u00e9 de l&#8217;\u00c9tat \u00e0 appliquer le.....\" \/>\n<meta property=\"og:url\" content=\"https:\/\/lequotidien.mr\/?p=23562&amp;lang=fr\" \/>\n<meta property=\"og:site_name\" content=\"Le Quotidien de Nouakchott\" \/>\n<meta property=\"article:publisher\" content=\"https:\/\/web.facebook.com\/lequotidienmr\" \/>\n<meta property=\"article:published_time\" content=\"2024-12-12T09:51:57+00:00\" \/>\n<meta property=\"og:image\" content=\"https:\/\/lequotidien.mr\/wp-content\/uploads\/2024\/12\/bouceif.jpg\" \/>\n\t<meta property=\"og:image:width\" content=\"338\" \/>\n\t<meta property=\"og:image:height\" content=\"270\" \/>\n\t<meta property=\"og:image:type\" content=\"image\/jpeg\" \/>\n<meta name=\"author\" content=\"Le Quotidien\" \/>\n<meta name=\"twitter:card\" content=\"summary_large_image\" \/>\n<meta name=\"twitter:creator\" content=\"@lequotidienmr\" \/>\n<meta name=\"twitter:site\" content=\"@lequotidienmr\" \/>\n<meta name=\"twitter:label1\" content=\"\u0643\u064f\u062a\u0628 \u0628\u0648\u0627\u0633\u0637\u0629\" \/>\n\t<meta name=\"twitter:data1\" content=\"Le Quotidien\" \/>\n\t<meta name=\"twitter:label2\" content=\"\u0648\u0642\u062a \u0627\u0644\u0642\u0631\u0627\u0621\u0629 \u0627\u0644\u0645\u064f\u0642\u062f\u0651\u0631\" \/>\n\t<meta name=\"twitter:data2\" content=\"\u062f\u0642\u064a\u0642\u062a\u0627\u0646\" \/>\n<script type=\"application\/ld+json\" class=\"yoast-schema-graph\">{\"@context\":\"https:\\\/\\\/schema.org\",\"@graph\":[{\"@type\":\"Article\",\"@id\":\"https:\\\/\\\/lequotidien.mr\\\/?p=23562&lang=fr#article\",\"isPartOf\":{\"@id\":\"https:\\\/\\\/lequotidien.mr\\\/?p=23562&lang=fr\"},\"author\":{\"name\":\"Le Quotidien\",\"@id\":\"https:\\\/\\\/lequotidien.mr\\\/#\\\/schema\\\/person\\\/f90fcdaa970c60288de4ed2e64a56472\"},\"headline\":\"Le gouvernement c\u00e8de sous la pression citoyenne : un signal inqui\u00e9tant pour l\u2019avenir de l\u2019urbanisme \u00e0 Nouakchott\",\"datePublished\":\"2024-12-12T09:51:57+00:00\",\"mainEntityOfPage\":{\"@id\":\"https:\\\/\\\/lequotidien.mr\\\/?p=23562&lang=fr\"},\"wordCount\":525,\"commentCount\":0,\"publisher\":{\"@id\":\"https:\\\/\\\/lequotidien.mr\\\/#organization\"},\"image\":{\"@id\":\"https:\\\/\\\/lequotidien.mr\\\/?p=23562&lang=fr#primaryimage\"},\"thumbnailUrl\":\"https:\\\/\\\/lequotidien.mr\\\/wp-content\\\/uploads\\\/2024\\\/12\\\/bouceif.jpg\",\"articleSection\":[\"ACTUALIT\u00c9\",\"Couverture sp\u00e9cilale\"],\"inLanguage\":\"ar\",\"potentialAction\":[{\"@type\":\"CommentAction\",\"name\":\"Comment\",\"target\":[\"https:\\\/\\\/lequotidien.mr\\\/?p=23562&lang=fr#respond\"]}]},{\"@type\":\"WebPage\",\"@id\":\"https:\\\/\\\/lequotidien.mr\\\/?p=23562&lang=fr\",\"url\":\"https:\\\/\\\/lequotidien.mr\\\/?p=23562&lang=fr\",\"name\":\"Le gouvernement c\u00e8de sous la pression citoyenne : un signal inqui\u00e9tant pour l\u2019avenir de l\u2019urbanisme \u00e0 Nouakchott - Le Quotidien de Nouakchott\",\"isPartOf\":{\"@id\":\"https:\\\/\\\/lequotidien.mr\\\/#website\"},\"primaryImageOfPage\":{\"@id\":\"https:\\\/\\\/lequotidien.mr\\\/?p=23562&lang=fr#primaryimage\"},\"image\":{\"@id\":\"https:\\\/\\\/lequotidien.mr\\\/?p=23562&lang=fr#primaryimage\"},\"thumbnailUrl\":\"https:\\\/\\\/lequotidien.mr\\\/wp-content\\\/uploads\\\/2024\\\/12\\\/bouceif.jpg\",\"datePublished\":\"2024-12-12T09:51:57+00:00\",\"breadcrumb\":{\"@id\":\"https:\\\/\\\/lequotidien.mr\\\/?p=23562&lang=fr#breadcrumb\"},\"inLanguage\":\"ar\",\"potentialAction\":[{\"@type\":\"ReadAction\",\"target\":[\"https:\\\/\\\/lequotidien.mr\\\/?p=23562&lang=fr\"]}]},{\"@type\":\"ImageObject\",\"inLanguage\":\"ar\",\"@id\":\"https:\\\/\\\/lequotidien.mr\\\/?p=23562&lang=fr#primaryimage\",\"url\":\"https:\\\/\\\/lequotidien.mr\\\/wp-content\\\/uploads\\\/2024\\\/12\\\/bouceif.jpg\",\"contentUrl\":\"https:\\\/\\\/lequotidien.mr\\\/wp-content\\\/uploads\\\/2024\\\/12\\\/bouceif.jpg\",\"width\":338,\"height\":270},{\"@type\":\"BreadcrumbList\",\"@id\":\"https:\\\/\\\/lequotidien.mr\\\/?p=23562&lang=fr#breadcrumb\",\"itemListElement\":[{\"@type\":\"ListItem\",\"position\":1,\"name\":\"Home\",\"item\":\"https:\\\/\\\/lequotidien.mr\\\/\"},{\"@type\":\"ListItem\",\"position\":2,\"name\":\"Le gouvernement c\u00e8de sous la pression citoyenne : un signal inqui\u00e9tant pour l\u2019avenir de l\u2019urbanisme \u00e0 Nouakchott\"}]},{\"@type\":\"WebSite\",\"@id\":\"https:\\\/\\\/lequotidien.mr\\\/#website\",\"url\":\"https:\\\/\\\/lequotidien.mr\\\/\",\"name\":\"Le Quotidien de Nouakchott\",\"description\":\"\u0625\u062e\u0628\u0627\u0631\u064a\u0629 \u0645\u0633\u062a\u0642\u0644\u0629 \u0644\u0644\u0623\u0646\u0628\u0627\u0621 \u0627\u0644\u0639\u0627\u0645\u0629\",\"publisher\":{\"@id\":\"https:\\\/\\\/lequotidien.mr\\\/#organization\"},\"potentialAction\":[{\"@type\":\"SearchAction\",\"target\":{\"@type\":\"EntryPoint\",\"urlTemplate\":\"https:\\\/\\\/lequotidien.mr\\\/?s={search_term_string}\"},\"query-input\":{\"@type\":\"PropertyValueSpecification\",\"valueRequired\":true,\"valueName\":\"search_term_string\"}}],\"inLanguage\":\"ar\"},{\"@type\":\"Organization\",\"@id\":\"https:\\\/\\\/lequotidien.mr\\\/#organization\",\"name\":\"Le Quotidien de Nouakchott\",\"url\":\"https:\\\/\\\/lequotidien.mr\\\/\",\"logo\":{\"@type\":\"ImageObject\",\"inLanguage\":\"ar\",\"@id\":\"https:\\\/\\\/lequotidien.mr\\\/#\\\/schema\\\/logo\\\/image\\\/\",\"url\":\"https:\\\/\\\/lequotidien.mr\\\/wp-content\\\/uploads\\\/2022\\\/11\\\/logolequotidien.jpg\",\"contentUrl\":\"https:\\\/\\\/lequotidien.mr\\\/wp-content\\\/uploads\\\/2022\\\/11\\\/logolequotidien.jpg\",\"width\":290,\"height\":65,\"caption\":\"Le Quotidien de Nouakchott\"},\"image\":{\"@id\":\"https:\\\/\\\/lequotidien.mr\\\/#\\\/schema\\\/logo\\\/image\\\/\"},\"sameAs\":[\"https:\\\/\\\/web.facebook.com\\\/lequotidienmr\",\"https:\\\/\\\/x.com\\\/lequotidienmr\"]},{\"@type\":\"Person\",\"@id\":\"https:\\\/\\\/lequotidien.mr\\\/#\\\/schema\\\/person\\\/f90fcdaa970c60288de4ed2e64a56472\",\"name\":\"Le Quotidien\",\"image\":{\"@type\":\"ImageObject\",\"inLanguage\":\"ar\",\"@id\":\"https:\\\/\\\/secure.gravatar.com\\\/avatar\\\/374cb39a1a458a912465a93e5a3ce6546886fc3da809a1f10c63e4e8fcbca30f?s=96&d=mm&r=g\",\"url\":\"https:\\\/\\\/secure.gravatar.com\\\/avatar\\\/374cb39a1a458a912465a93e5a3ce6546886fc3da809a1f10c63e4e8fcbca30f?s=96&d=mm&r=g\",\"contentUrl\":\"https:\\\/\\\/secure.gravatar.com\\\/avatar\\\/374cb39a1a458a912465a93e5a3ce6546886fc3da809a1f10c63e4e8fcbca30f?s=96&d=mm&r=g\",\"caption\":\"Le Quotidien\"},\"sameAs\":[\"https:\\\/\\\/lequotidien.mr\\\/\"],\"url\":\"https:\\\/\\\/lequotidien.mr\\\/?author=4\"}]}<\/script>\n<!-- \/ Yoast SEO plugin. -->","yoast_head_json":{"title":"Le gouvernement c\u00e8de sous la pression citoyenne : un signal inqui\u00e9tant pour l\u2019avenir de l\u2019urbanisme \u00e0 Nouakchott - Le Quotidien de Nouakchott","robots":{"index":"index","follow":"follow","max-snippet":"max-snippet:-1","max-image-preview":"max-image-preview:large","max-video-preview":"max-video-preview:-1"},"canonical":"https:\/\/lequotidien.mr\/?p=23562&lang=fr","og_locale":"ar_AR","og_type":"article","og_title":"Le gouvernement c\u00e8de sous la pression citoyenne : un signal inqui\u00e9tant pour l\u2019avenir de l\u2019urbanisme \u00e0 Nouakchott - Le Quotidien de Nouakchott","og_description":"Face \u00e0 la col\u00e8re des citoyens menac\u00e9s de voir leurs demeures d\u00e9truites, le gouvernement mauritanien a d\u00e9cid\u00e9 de revoir sa politique en mati\u00e8re de gestion fonci\u00e8re dans la capitale. Cette d\u00e9cision, bien que salu\u00e9e par certains comme une preuve d&#8217;\u00e9coute envers la population, soul\u00e8ve de s\u00e9rieuses interrogations sur la capacit\u00e9 de l&#8217;\u00c9tat \u00e0 appliquer le.....","og_url":"https:\/\/lequotidien.mr\/?p=23562&lang=fr","og_site_name":"Le Quotidien de Nouakchott","article_publisher":"https:\/\/web.facebook.com\/lequotidienmr","article_published_time":"2024-12-12T09:51:57+00:00","og_image":[{"width":338,"height":270,"url":"https:\/\/lequotidien.mr\/wp-content\/uploads\/2024\/12\/bouceif.jpg","type":"image\/jpeg"}],"author":"Le Quotidien","twitter_card":"summary_large_image","twitter_creator":"@lequotidienmr","twitter_site":"@lequotidienmr","twitter_misc":{"\u0643\u064f\u062a\u0628 \u0628\u0648\u0627\u0633\u0637\u0629":"Le Quotidien","\u0648\u0642\u062a \u0627\u0644\u0642\u0631\u0627\u0621\u0629 \u0627\u0644\u0645\u064f\u0642\u062f\u0651\u0631":"\u062f\u0642\u064a\u0642\u062a\u0627\u0646"},"schema":{"@context":"https:\/\/schema.org","@graph":[{"@type":"Article","@id":"https:\/\/lequotidien.mr\/?p=23562&lang=fr#article","isPartOf":{"@id":"https:\/\/lequotidien.mr\/?p=23562&lang=fr"},"author":{"name":"Le Quotidien","@id":"https:\/\/lequotidien.mr\/#\/schema\/person\/f90fcdaa970c60288de4ed2e64a56472"},"headline":"Le gouvernement c\u00e8de sous la pression citoyenne : un signal inqui\u00e9tant pour l\u2019avenir de l\u2019urbanisme \u00e0 Nouakchott","datePublished":"2024-12-12T09:51:57+00:00","mainEntityOfPage":{"@id":"https:\/\/lequotidien.mr\/?p=23562&lang=fr"},"wordCount":525,"commentCount":0,"publisher":{"@id":"https:\/\/lequotidien.mr\/#organization"},"image":{"@id":"https:\/\/lequotidien.mr\/?p=23562&lang=fr#primaryimage"},"thumbnailUrl":"https:\/\/lequotidien.mr\/wp-content\/uploads\/2024\/12\/bouceif.jpg","articleSection":["ACTUALIT\u00c9","Couverture sp\u00e9cilale"],"inLanguage":"ar","potentialAction":[{"@type":"CommentAction","name":"Comment","target":["https:\/\/lequotidien.mr\/?p=23562&lang=fr#respond"]}]},{"@type":"WebPage","@id":"https:\/\/lequotidien.mr\/?p=23562&lang=fr","url":"https:\/\/lequotidien.mr\/?p=23562&lang=fr","name":"Le gouvernement c\u00e8de sous la pression citoyenne : un signal inqui\u00e9tant pour l\u2019avenir de l\u2019urbanisme \u00e0 Nouakchott - Le Quotidien de Nouakchott","isPartOf":{"@id":"https:\/\/lequotidien.mr\/#website"},"primaryImageOfPage":{"@id":"https:\/\/lequotidien.mr\/?p=23562&lang=fr#primaryimage"},"image":{"@id":"https:\/\/lequotidien.mr\/?p=23562&lang=fr#primaryimage"},"thumbnailUrl":"https:\/\/lequotidien.mr\/wp-content\/uploads\/2024\/12\/bouceif.jpg","datePublished":"2024-12-12T09:51:57+00:00","breadcrumb":{"@id":"https:\/\/lequotidien.mr\/?p=23562&lang=fr#breadcrumb"},"inLanguage":"ar","potentialAction":[{"@type":"ReadAction","target":["https:\/\/lequotidien.mr\/?p=23562&lang=fr"]}]},{"@type":"ImageObject","inLanguage":"ar","@id":"https:\/\/lequotidien.mr\/?p=23562&lang=fr#primaryimage","url":"https:\/\/lequotidien.mr\/wp-content\/uploads\/2024\/12\/bouceif.jpg","contentUrl":"https:\/\/lequotidien.mr\/wp-content\/uploads\/2024\/12\/bouceif.jpg","width":338,"height":270},{"@type":"BreadcrumbList","@id":"https:\/\/lequotidien.mr\/?p=23562&lang=fr#breadcrumb","itemListElement":[{"@type":"ListItem","position":1,"name":"Home","item":"https:\/\/lequotidien.mr\/"},{"@type":"ListItem","position":2,"name":"Le gouvernement c\u00e8de sous la pression citoyenne : un signal inqui\u00e9tant pour l\u2019avenir de l\u2019urbanisme \u00e0 Nouakchott"}]},{"@type":"WebSite","@id":"https:\/\/lequotidien.mr\/#website","url":"https:\/\/lequotidien.mr\/","name":"Le Quotidien de Nouakchott","description":"\u0625\u062e\u0628\u0627\u0631\u064a\u0629 \u0645\u0633\u062a\u0642\u0644\u0629 \u0644\u0644\u0623\u0646\u0628\u0627\u0621 \u0627\u0644\u0639\u0627\u0645\u0629","publisher":{"@id":"https:\/\/lequotidien.mr\/#organization"},"potentialAction":[{"@type":"SearchAction","target":{"@type":"EntryPoint","urlTemplate":"https:\/\/lequotidien.mr\/?s={search_term_string}"},"query-input":{"@type":"PropertyValueSpecification","valueRequired":true,"valueName":"search_term_string"}}],"inLanguage":"ar"},{"@type":"Organization","@id":"https:\/\/lequotidien.mr\/#organization","name":"Le Quotidien de Nouakchott","url":"https:\/\/lequotidien.mr\/","logo":{"@type":"ImageObject","inLanguage":"ar","@id":"https:\/\/lequotidien.mr\/#\/schema\/logo\/image\/","url":"https:\/\/lequotidien.mr\/wp-content\/uploads\/2022\/11\/logolequotidien.jpg","contentUrl":"https:\/\/lequotidien.mr\/wp-content\/uploads\/2022\/11\/logolequotidien.jpg","width":290,"height":65,"caption":"Le Quotidien de Nouakchott"},"image":{"@id":"https:\/\/lequotidien.mr\/#\/schema\/logo\/image\/"},"sameAs":["https:\/\/web.facebook.com\/lequotidienmr","https:\/\/x.com\/lequotidienmr"]},{"@type":"Person","@id":"https:\/\/lequotidien.mr\/#\/schema\/person\/f90fcdaa970c60288de4ed2e64a56472","name":"Le Quotidien","image":{"@type":"ImageObject","inLanguage":"ar","@id":"https:\/\/secure.gravatar.com\/avatar\/374cb39a1a458a912465a93e5a3ce6546886fc3da809a1f10c63e4e8fcbca30f?s=96&d=mm&r=g","url":"https:\/\/secure.gravatar.com\/avatar\/374cb39a1a458a912465a93e5a3ce6546886fc3da809a1f10c63e4e8fcbca30f?s=96&d=mm&r=g","contentUrl":"https:\/\/secure.gravatar.com\/avatar\/374cb39a1a458a912465a93e5a3ce6546886fc3da809a1f10c63e4e8fcbca30f?s=96&d=mm&r=g","caption":"Le Quotidien"},"sameAs":["https:\/\/lequotidien.mr\/"],"url":"https:\/\/lequotidien.mr\/?author=4"}]}},"_links":{"self":[{"href":"https:\/\/lequotidien.mr\/index.php?rest_route=\/wp\/v2\/posts\/23562","targetHints":{"allow":["GET"]}}],"collection":[{"href":"https:\/\/lequotidien.mr\/index.php?rest_route=\/wp\/v2\/posts"}],"about":[{"href":"https:\/\/lequotidien.mr\/index.php?rest_route=\/wp\/v2\/types\/post"}],"author":[{"embeddable":true,"href":"https:\/\/lequotidien.mr\/index.php?rest_route=\/wp\/v2\/users\/4"}],"replies":[{"embeddable":true,"href":"https:\/\/lequotidien.mr\/index.php?rest_route=%2Fwp%2Fv2%2Fcomments&post=23562"}],"version-history":[{"count":1,"href":"https:\/\/lequotidien.mr\/index.php?rest_route=\/wp\/v2\/posts\/23562\/revisions"}],"predecessor-version":[{"id":23564,"href":"https:\/\/lequotidien.mr\/index.php?rest_route=\/wp\/v2\/posts\/23562\/revisions\/23564"}],"wp:featuredmedia":[{"embeddable":true,"href":"https:\/\/lequotidien.mr\/index.php?rest_route=\/wp\/v2\/media\/23563"}],"wp:attachment":[{"href":"https:\/\/lequotidien.mr\/index.php?rest_route=%2Fwp%2Fv2%2Fmedia&parent=23562"}],"wp:term":[{"taxonomy":"category","embeddable":true,"href":"https:\/\/lequotidien.mr\/index.php?rest_route=%2Fwp%2Fv2%2Fcategories&post=23562"},{"taxonomy":"post_tag","embeddable":true,"href":"https:\/\/lequotidien.mr\/index.php?rest_route=%2Fwp%2Fv2%2Ftags&post=23562"}],"curies":[{"name":"wp","href":"https:\/\/api.w.org\/{rel}","templated":true}]}}