{"id":23557,"date":"2024-12-12T09:49:43","date_gmt":"2024-12-12T09:49:43","guid":{"rendered":"https:\/\/lequotidien.mr\/?p=23557"},"modified":"2024-12-12T09:49:43","modified_gmt":"2024-12-12T09:49:43","slug":"tragedie-en-mer-la-mauritanie-au-coeur-du-drame-migratoire-vers-lespagne","status":"publish","type":"post","link":"https:\/\/lequotidien.mr\/?p=23557&lang=fr","title":{"rendered":"Trag\u00e9die en mer : la Mauritanie au c\u0153ur du drame migratoire vers l&#8217;Espagne"},"content":{"rendered":"<p>La mer a encore frapp\u00e9. Six vies humaines perdues sur la route p\u00e9rilleuse des \u00eeles Canaries, un \u00e9ni\u00e8me drame qui secoue les familles et la conscience collective en Mauritanie. Ces hommes, femmes et enfants avaient quitt\u00e9 Nouakchott, la capitale, dans l\u2019espoir d\u2019un avenir meilleur en Europe. Ils ne sont jamais arriv\u00e9s \u00e0 destination.<\/p>\n<p>Les informations rapport\u00e9es par les autorit\u00e9s espagnoles sont gla\u00e7antes. Quatre pirogues parties de Nouakchott ont atteint l\u2019\u00eele d\u2019El Hierro apr\u00e8s des jours d\u2019errance en mer. \u00c0 bord, 284 migrants clandestins originaires de plusieurs pays d&#8217;Afrique de l&#8217;Ouest, mais aussi de Mauritanie.<\/p>\n<p>La premi\u00e8re pirogue a \u00e9t\u00e9 secourue avec 67 personnes, dont des femmes et des mineurs. La deuxi\u00e8me, intercept\u00e9e \u00e0 15 kilom\u00e8tres de l\u2019\u00eele, transportait 74 passagers. La troisi\u00e8me embarcation a connu l\u2019issue la plus tragique : cinq personnes y ont perdu la vie, \u00e9puis\u00e9es et terrass\u00e9es par les \u00e9l\u00e9ments. Enfin, un sixi\u00e8me d\u00e9c\u00e8s a \u00e9t\u00e9 enregistr\u00e9 sur la quatri\u00e8me pirogue.<\/p>\n<p>Ce drame met en lumi\u00e8re une r\u00e9alit\u00e9 que beaucoup pr\u00e9f\u00e8rent ignorer : la Mauritanie est aujourd\u2019hui une plaque tournante des migrations vers l\u2019Europe. Des centaines de jeunes, confront\u00e9s au ch\u00f4mage et au manque de perspectives, se lancent dans cette aventure mortelle. Pour certains, le r\u00eave europ\u00e9en vaut plus que leur propre vie.<\/p>\n<p>Mais ces embarcations ne transportent pas uniquement des Mauritaniens. La route maritime de Nouakchott attire des migrants venus de tout le continent : Maliens, S\u00e9n\u00e9galais, Guin\u00e9ens, Ivoiriens, et m\u00eame des Bangladeshis.<\/p>\n<p>Face \u00e0 cette trag\u00e9die, les autorit\u00e9s mauritaniennes doivent sortir de leur silence et prendre des mesures concr\u00e8tes. Des campagnes de sensibilisation ne suffisent plus. Il est urgent de renforcer la surveillance des c\u00f4tes et de lutter efficacement contre les r\u00e9seaux de passeurs. Mais surtout, il faut offrir de r\u00e9elles opportunit\u00e9s \u00e9conomiques aux jeunes pour qu\u2019ils cessent de voir l\u2019Europe comme leur seule issue.<\/p>\n<p>Les familles endeuill\u00e9es de Nouakchott pleurent aujourd\u2019hui leurs proches disparus en mer. Que leur douleur soit un appel \u00e0 l\u2019action pour \u00e9viter que d\u2019autres vies ne soient englouties dans les eaux impitoyables de l\u2019Atlantique.<\/p>\n","protected":false},"excerpt":{"rendered":"<p>La mer a encore frapp\u00e9. Six vies humaines perdues sur la route p\u00e9rilleuse des \u00eeles Canaries, un \u00e9ni\u00e8me drame qui secoue les familles et la conscience collective en Mauritanie. Ces hommes, femmes et enfants avaient quitt\u00e9 Nouakchott, la capitale, dans l\u2019espoir d\u2019un avenir meilleur en Europe. Ils ne sont jamais arriv\u00e9s \u00e0 destination. Les informations&#8230;..<\/p>\n","protected":false},"author":4,"featured_media":23560,"comment_status":"open","ping_status":"open","sticky":false,"template":"","format":"standard","meta":{"footnotes":""},"categories":[23,53],"tags":[],"class_list":["post-23557","post","type-post","status-publish","format-standard","has-post-thumbnail","hentry","category-actualite","category-faits-divers"],"yoast_head":"<!-- This site is optimized with the Yoast SEO plugin v27.5 - https:\/\/yoast.com\/product\/yoast-seo-wordpress\/ -->\n<title>Trag\u00e9die en mer : la Mauritanie au c\u0153ur du drame migratoire vers l&#039;Espagne - Le Quotidien de Nouakchott<\/title>\n<meta name=\"robots\" content=\"index, follow, max-snippet:-1, max-image-preview:large, max-video-preview:-1\" \/>\n<link rel=\"canonical\" href=\"https:\/\/lequotidien.mr\/?p=23557&lang=fr\" \/>\n<meta property=\"og:locale\" content=\"ar_AR\" \/>\n<meta property=\"og:type\" content=\"article\" \/>\n<meta property=\"og:title\" content=\"Trag\u00e9die en mer : la Mauritanie au c\u0153ur du drame migratoire vers l&#039;Espagne - Le Quotidien de Nouakchott\" \/>\n<meta property=\"og:description\" content=\"La mer a encore frapp\u00e9. Six vies humaines perdues sur la route p\u00e9rilleuse des \u00eeles Canaries, un \u00e9ni\u00e8me drame qui secoue les familles et la conscience collective en Mauritanie. Ces hommes, femmes et enfants avaient quitt\u00e9 Nouakchott, la capitale, dans l\u2019espoir d\u2019un avenir meilleur en Europe. Ils ne sont jamais arriv\u00e9s \u00e0 destination. Les informations.....\" \/>\n<meta property=\"og:url\" content=\"https:\/\/lequotidien.mr\/?p=23557&amp;lang=fr\" \/>\n<meta property=\"og:site_name\" content=\"Le Quotidien de Nouakchott\" \/>\n<meta property=\"article:publisher\" content=\"https:\/\/web.facebook.com\/lequotidienmr\" \/>\n<meta property=\"article:published_time\" content=\"2024-12-12T09:49:43+00:00\" \/>\n<meta property=\"og:image\" content=\"https:\/\/lequotidien.mr\/wp-content\/uploads\/2024\/12\/59975854-43967087.jpg\" \/>\n\t<meta property=\"og:image:width\" content=\"698\" \/>\n\t<meta property=\"og:image:height\" content=\"393\" \/>\n\t<meta property=\"og:image:type\" content=\"image\/jpeg\" \/>\n<meta name=\"author\" content=\"Le Quotidien\" \/>\n<meta name=\"twitter:card\" content=\"summary_large_image\" \/>\n<meta name=\"twitter:creator\" content=\"@lequotidienmr\" \/>\n<meta name=\"twitter:site\" content=\"@lequotidienmr\" \/>\n<meta name=\"twitter:label1\" content=\"\u0643\u064f\u062a\u0628 \u0628\u0648\u0627\u0633\u0637\u0629\" \/>\n\t<meta name=\"twitter:data1\" content=\"Le Quotidien\" \/>\n\t<meta name=\"twitter:label2\" content=\"\u0648\u0642\u062a \u0627\u0644\u0642\u0631\u0627\u0621\u0629 \u0627\u0644\u0645\u064f\u0642\u062f\u0651\u0631\" \/>\n\t<meta name=\"twitter:data2\" content=\"\u062f\u0642\u064a\u0642\u062a\u0627\u0646\" \/>\n<script type=\"application\/ld+json\" class=\"yoast-schema-graph\">{\"@context\":\"https:\\\/\\\/schema.org\",\"@graph\":[{\"@type\":\"Article\",\"@id\":\"https:\\\/\\\/lequotidien.mr\\\/?p=23557&lang=fr#article\",\"isPartOf\":{\"@id\":\"https:\\\/\\\/lequotidien.mr\\\/?p=23557&lang=fr\"},\"author\":{\"name\":\"Le Quotidien\",\"@id\":\"https:\\\/\\\/lequotidien.mr\\\/#\\\/schema\\\/person\\\/f90fcdaa970c60288de4ed2e64a56472\"},\"headline\":\"Trag\u00e9die en mer : la Mauritanie au c\u0153ur du drame migratoire vers l&#8217;Espagne\",\"datePublished\":\"2024-12-12T09:49:43+00:00\",\"mainEntityOfPage\":{\"@id\":\"https:\\\/\\\/lequotidien.mr\\\/?p=23557&lang=fr\"},\"wordCount\":393,\"commentCount\":0,\"publisher\":{\"@id\":\"https:\\\/\\\/lequotidien.mr\\\/#organization\"},\"image\":{\"@id\":\"https:\\\/\\\/lequotidien.mr\\\/?p=23557&lang=fr#primaryimage\"},\"thumbnailUrl\":\"https:\\\/\\\/lequotidien.mr\\\/wp-content\\\/uploads\\\/2024\\\/12\\\/59975854-43967087.jpg\",\"articleSection\":[\"ACTUALIT\u00c9\",\"FAITS DIVERS\"],\"inLanguage\":\"ar\",\"potentialAction\":[{\"@type\":\"CommentAction\",\"name\":\"Comment\",\"target\":[\"https:\\\/\\\/lequotidien.mr\\\/?p=23557&lang=fr#respond\"]}]},{\"@type\":\"WebPage\",\"@id\":\"https:\\\/\\\/lequotidien.mr\\\/?p=23557&lang=fr\",\"url\":\"https:\\\/\\\/lequotidien.mr\\\/?p=23557&lang=fr\",\"name\":\"Trag\u00e9die en mer : la Mauritanie au c\u0153ur du drame migratoire vers l'Espagne - Le Quotidien de Nouakchott\",\"isPartOf\":{\"@id\":\"https:\\\/\\\/lequotidien.mr\\\/#website\"},\"primaryImageOfPage\":{\"@id\":\"https:\\\/\\\/lequotidien.mr\\\/?p=23557&lang=fr#primaryimage\"},\"image\":{\"@id\":\"https:\\\/\\\/lequotidien.mr\\\/?p=23557&lang=fr#primaryimage\"},\"thumbnailUrl\":\"https:\\\/\\\/lequotidien.mr\\\/wp-content\\\/uploads\\\/2024\\\/12\\\/59975854-43967087.jpg\",\"datePublished\":\"2024-12-12T09:49:43+00:00\",\"breadcrumb\":{\"@id\":\"https:\\\/\\\/lequotidien.mr\\\/?p=23557&lang=fr#breadcrumb\"},\"inLanguage\":\"ar\",\"potentialAction\":[{\"@type\":\"ReadAction\",\"target\":[\"https:\\\/\\\/lequotidien.mr\\\/?p=23557&lang=fr\"]}]},{\"@type\":\"ImageObject\",\"inLanguage\":\"ar\",\"@id\":\"https:\\\/\\\/lequotidien.mr\\\/?p=23557&lang=fr#primaryimage\",\"url\":\"https:\\\/\\\/lequotidien.mr\\\/wp-content\\\/uploads\\\/2024\\\/12\\\/59975854-43967087.jpg\",\"contentUrl\":\"https:\\\/\\\/lequotidien.mr\\\/wp-content\\\/uploads\\\/2024\\\/12\\\/59975854-43967087.jpg\",\"width\":698,\"height\":393},{\"@type\":\"BreadcrumbList\",\"@id\":\"https:\\\/\\\/lequotidien.mr\\\/?p=23557&lang=fr#breadcrumb\",\"itemListElement\":[{\"@type\":\"ListItem\",\"position\":1,\"name\":\"Home\",\"item\":\"https:\\\/\\\/lequotidien.mr\\\/\"},{\"@type\":\"ListItem\",\"position\":2,\"name\":\"Trag\u00e9die en mer : la Mauritanie au c\u0153ur du drame migratoire vers l&#8217;Espagne\"}]},{\"@type\":\"WebSite\",\"@id\":\"https:\\\/\\\/lequotidien.mr\\\/#website\",\"url\":\"https:\\\/\\\/lequotidien.mr\\\/\",\"name\":\"Le Quotidien de Nouakchott\",\"description\":\"\u0625\u062e\u0628\u0627\u0631\u064a\u0629 \u0645\u0633\u062a\u0642\u0644\u0629 \u0644\u0644\u0623\u0646\u0628\u0627\u0621 \u0627\u0644\u0639\u0627\u0645\u0629\",\"publisher\":{\"@id\":\"https:\\\/\\\/lequotidien.mr\\\/#organization\"},\"potentialAction\":[{\"@type\":\"SearchAction\",\"target\":{\"@type\":\"EntryPoint\",\"urlTemplate\":\"https:\\\/\\\/lequotidien.mr\\\/?s={search_term_string}\"},\"query-input\":{\"@type\":\"PropertyValueSpecification\",\"valueRequired\":true,\"valueName\":\"search_term_string\"}}],\"inLanguage\":\"ar\"},{\"@type\":\"Organization\",\"@id\":\"https:\\\/\\\/lequotidien.mr\\\/#organization\",\"name\":\"Le Quotidien de Nouakchott\",\"url\":\"https:\\\/\\\/lequotidien.mr\\\/\",\"logo\":{\"@type\":\"ImageObject\",\"inLanguage\":\"ar\",\"@id\":\"https:\\\/\\\/lequotidien.mr\\\/#\\\/schema\\\/logo\\\/image\\\/\",\"url\":\"https:\\\/\\\/lequotidien.mr\\\/wp-content\\\/uploads\\\/2022\\\/11\\\/logolequotidien.jpg\",\"contentUrl\":\"https:\\\/\\\/lequotidien.mr\\\/wp-content\\\/uploads\\\/2022\\\/11\\\/logolequotidien.jpg\",\"width\":290,\"height\":65,\"caption\":\"Le Quotidien de Nouakchott\"},\"image\":{\"@id\":\"https:\\\/\\\/lequotidien.mr\\\/#\\\/schema\\\/logo\\\/image\\\/\"},\"sameAs\":[\"https:\\\/\\\/web.facebook.com\\\/lequotidienmr\",\"https:\\\/\\\/x.com\\\/lequotidienmr\"]},{\"@type\":\"Person\",\"@id\":\"https:\\\/\\\/lequotidien.mr\\\/#\\\/schema\\\/person\\\/f90fcdaa970c60288de4ed2e64a56472\",\"name\":\"Le Quotidien\",\"image\":{\"@type\":\"ImageObject\",\"inLanguage\":\"ar\",\"@id\":\"https:\\\/\\\/secure.gravatar.com\\\/avatar\\\/374cb39a1a458a912465a93e5a3ce6546886fc3da809a1f10c63e4e8fcbca30f?s=96&d=mm&r=g\",\"url\":\"https:\\\/\\\/secure.gravatar.com\\\/avatar\\\/374cb39a1a458a912465a93e5a3ce6546886fc3da809a1f10c63e4e8fcbca30f?s=96&d=mm&r=g\",\"contentUrl\":\"https:\\\/\\\/secure.gravatar.com\\\/avatar\\\/374cb39a1a458a912465a93e5a3ce6546886fc3da809a1f10c63e4e8fcbca30f?s=96&d=mm&r=g\",\"caption\":\"Le Quotidien\"},\"sameAs\":[\"https:\\\/\\\/lequotidien.mr\\\/\"],\"url\":\"https:\\\/\\\/lequotidien.mr\\\/?author=4\"}]}<\/script>\n<!-- \/ Yoast SEO plugin. -->","yoast_head_json":{"title":"Trag\u00e9die en mer : la Mauritanie au c\u0153ur du drame migratoire vers l'Espagne - Le Quotidien de Nouakchott","robots":{"index":"index","follow":"follow","max-snippet":"max-snippet:-1","max-image-preview":"max-image-preview:large","max-video-preview":"max-video-preview:-1"},"canonical":"https:\/\/lequotidien.mr\/?p=23557&lang=fr","og_locale":"ar_AR","og_type":"article","og_title":"Trag\u00e9die en mer : la Mauritanie au c\u0153ur du drame migratoire vers l'Espagne - Le Quotidien de Nouakchott","og_description":"La mer a encore frapp\u00e9. Six vies humaines perdues sur la route p\u00e9rilleuse des \u00eeles Canaries, un \u00e9ni\u00e8me drame qui secoue les familles et la conscience collective en Mauritanie. Ces hommes, femmes et enfants avaient quitt\u00e9 Nouakchott, la capitale, dans l\u2019espoir d\u2019un avenir meilleur en Europe. Ils ne sont jamais arriv\u00e9s \u00e0 destination. Les informations.....","og_url":"https:\/\/lequotidien.mr\/?p=23557&lang=fr","og_site_name":"Le Quotidien de Nouakchott","article_publisher":"https:\/\/web.facebook.com\/lequotidienmr","article_published_time":"2024-12-12T09:49:43+00:00","og_image":[{"width":698,"height":393,"url":"https:\/\/lequotidien.mr\/wp-content\/uploads\/2024\/12\/59975854-43967087.jpg","type":"image\/jpeg"}],"author":"Le Quotidien","twitter_card":"summary_large_image","twitter_creator":"@lequotidienmr","twitter_site":"@lequotidienmr","twitter_misc":{"\u0643\u064f\u062a\u0628 \u0628\u0648\u0627\u0633\u0637\u0629":"Le Quotidien","\u0648\u0642\u062a \u0627\u0644\u0642\u0631\u0627\u0621\u0629 \u0627\u0644\u0645\u064f\u0642\u062f\u0651\u0631":"\u062f\u0642\u064a\u0642\u062a\u0627\u0646"},"schema":{"@context":"https:\/\/schema.org","@graph":[{"@type":"Article","@id":"https:\/\/lequotidien.mr\/?p=23557&lang=fr#article","isPartOf":{"@id":"https:\/\/lequotidien.mr\/?p=23557&lang=fr"},"author":{"name":"Le Quotidien","@id":"https:\/\/lequotidien.mr\/#\/schema\/person\/f90fcdaa970c60288de4ed2e64a56472"},"headline":"Trag\u00e9die en mer : la Mauritanie au c\u0153ur du drame migratoire vers l&#8217;Espagne","datePublished":"2024-12-12T09:49:43+00:00","mainEntityOfPage":{"@id":"https:\/\/lequotidien.mr\/?p=23557&lang=fr"},"wordCount":393,"commentCount":0,"publisher":{"@id":"https:\/\/lequotidien.mr\/#organization"},"image":{"@id":"https:\/\/lequotidien.mr\/?p=23557&lang=fr#primaryimage"},"thumbnailUrl":"https:\/\/lequotidien.mr\/wp-content\/uploads\/2024\/12\/59975854-43967087.jpg","articleSection":["ACTUALIT\u00c9","FAITS DIVERS"],"inLanguage":"ar","potentialAction":[{"@type":"CommentAction","name":"Comment","target":["https:\/\/lequotidien.mr\/?p=23557&lang=fr#respond"]}]},{"@type":"WebPage","@id":"https:\/\/lequotidien.mr\/?p=23557&lang=fr","url":"https:\/\/lequotidien.mr\/?p=23557&lang=fr","name":"Trag\u00e9die en mer : la Mauritanie au c\u0153ur du drame migratoire vers l'Espagne - Le Quotidien de Nouakchott","isPartOf":{"@id":"https:\/\/lequotidien.mr\/#website"},"primaryImageOfPage":{"@id":"https:\/\/lequotidien.mr\/?p=23557&lang=fr#primaryimage"},"image":{"@id":"https:\/\/lequotidien.mr\/?p=23557&lang=fr#primaryimage"},"thumbnailUrl":"https:\/\/lequotidien.mr\/wp-content\/uploads\/2024\/12\/59975854-43967087.jpg","datePublished":"2024-12-12T09:49:43+00:00","breadcrumb":{"@id":"https:\/\/lequotidien.mr\/?p=23557&lang=fr#breadcrumb"},"inLanguage":"ar","potentialAction":[{"@type":"ReadAction","target":["https:\/\/lequotidien.mr\/?p=23557&lang=fr"]}]},{"@type":"ImageObject","inLanguage":"ar","@id":"https:\/\/lequotidien.mr\/?p=23557&lang=fr#primaryimage","url":"https:\/\/lequotidien.mr\/wp-content\/uploads\/2024\/12\/59975854-43967087.jpg","contentUrl":"https:\/\/lequotidien.mr\/wp-content\/uploads\/2024\/12\/59975854-43967087.jpg","width":698,"height":393},{"@type":"BreadcrumbList","@id":"https:\/\/lequotidien.mr\/?p=23557&lang=fr#breadcrumb","itemListElement":[{"@type":"ListItem","position":1,"name":"Home","item":"https:\/\/lequotidien.mr\/"},{"@type":"ListItem","position":2,"name":"Trag\u00e9die en mer : la Mauritanie au c\u0153ur du drame migratoire vers l&#8217;Espagne"}]},{"@type":"WebSite","@id":"https:\/\/lequotidien.mr\/#website","url":"https:\/\/lequotidien.mr\/","name":"Le Quotidien de Nouakchott","description":"\u0625\u062e\u0628\u0627\u0631\u064a\u0629 \u0645\u0633\u062a\u0642\u0644\u0629 \u0644\u0644\u0623\u0646\u0628\u0627\u0621 \u0627\u0644\u0639\u0627\u0645\u0629","publisher":{"@id":"https:\/\/lequotidien.mr\/#organization"},"potentialAction":[{"@type":"SearchAction","target":{"@type":"EntryPoint","urlTemplate":"https:\/\/lequotidien.mr\/?s={search_term_string}"},"query-input":{"@type":"PropertyValueSpecification","valueRequired":true,"valueName":"search_term_string"}}],"inLanguage":"ar"},{"@type":"Organization","@id":"https:\/\/lequotidien.mr\/#organization","name":"Le Quotidien de Nouakchott","url":"https:\/\/lequotidien.mr\/","logo":{"@type":"ImageObject","inLanguage":"ar","@id":"https:\/\/lequotidien.mr\/#\/schema\/logo\/image\/","url":"https:\/\/lequotidien.mr\/wp-content\/uploads\/2022\/11\/logolequotidien.jpg","contentUrl":"https:\/\/lequotidien.mr\/wp-content\/uploads\/2022\/11\/logolequotidien.jpg","width":290,"height":65,"caption":"Le Quotidien de Nouakchott"},"image":{"@id":"https:\/\/lequotidien.mr\/#\/schema\/logo\/image\/"},"sameAs":["https:\/\/web.facebook.com\/lequotidienmr","https:\/\/x.com\/lequotidienmr"]},{"@type":"Person","@id":"https:\/\/lequotidien.mr\/#\/schema\/person\/f90fcdaa970c60288de4ed2e64a56472","name":"Le Quotidien","image":{"@type":"ImageObject","inLanguage":"ar","@id":"https:\/\/secure.gravatar.com\/avatar\/374cb39a1a458a912465a93e5a3ce6546886fc3da809a1f10c63e4e8fcbca30f?s=96&d=mm&r=g","url":"https:\/\/secure.gravatar.com\/avatar\/374cb39a1a458a912465a93e5a3ce6546886fc3da809a1f10c63e4e8fcbca30f?s=96&d=mm&r=g","contentUrl":"https:\/\/secure.gravatar.com\/avatar\/374cb39a1a458a912465a93e5a3ce6546886fc3da809a1f10c63e4e8fcbca30f?s=96&d=mm&r=g","caption":"Le Quotidien"},"sameAs":["https:\/\/lequotidien.mr\/"],"url":"https:\/\/lequotidien.mr\/?author=4"}]}},"_links":{"self":[{"href":"https:\/\/lequotidien.mr\/index.php?rest_route=\/wp\/v2\/posts\/23557","targetHints":{"allow":["GET"]}}],"collection":[{"href":"https:\/\/lequotidien.mr\/index.php?rest_route=\/wp\/v2\/posts"}],"about":[{"href":"https:\/\/lequotidien.mr\/index.php?rest_route=\/wp\/v2\/types\/post"}],"author":[{"embeddable":true,"href":"https:\/\/lequotidien.mr\/index.php?rest_route=\/wp\/v2\/users\/4"}],"replies":[{"embeddable":true,"href":"https:\/\/lequotidien.mr\/index.php?rest_route=%2Fwp%2Fv2%2Fcomments&post=23557"}],"version-history":[{"count":1,"href":"https:\/\/lequotidien.mr\/index.php?rest_route=\/wp\/v2\/posts\/23557\/revisions"}],"predecessor-version":[{"id":23561,"href":"https:\/\/lequotidien.mr\/index.php?rest_route=\/wp\/v2\/posts\/23557\/revisions\/23561"}],"wp:featuredmedia":[{"embeddable":true,"href":"https:\/\/lequotidien.mr\/index.php?rest_route=\/wp\/v2\/media\/23560"}],"wp:attachment":[{"href":"https:\/\/lequotidien.mr\/index.php?rest_route=%2Fwp%2Fv2%2Fmedia&parent=23557"}],"wp:term":[{"taxonomy":"category","embeddable":true,"href":"https:\/\/lequotidien.mr\/index.php?rest_route=%2Fwp%2Fv2%2Fcategories&post=23557"},{"taxonomy":"post_tag","embeddable":true,"href":"https:\/\/lequotidien.mr\/index.php?rest_route=%2Fwp%2Fv2%2Ftags&post=23557"}],"curies":[{"name":"wp","href":"https:\/\/api.w.org\/{rel}","templated":true}]}}