{"id":23555,"date":"2024-12-12T09:45:51","date_gmt":"2024-12-12T09:45:51","guid":{"rendered":"https:\/\/lequotidien.mr\/?p=23555"},"modified":"2024-12-12T09:45:51","modified_gmt":"2024-12-12T09:45:51","slug":"cloture-de-la-conference-continentale-sur-leducation-en-afrique-declaration-de-nouakchott-pour-une-transformation-vertueuse-des-systemes-educatifs-en-afrique","status":"publish","type":"post","link":"https:\/\/lequotidien.mr\/?p=23555&lang=fr","title":{"rendered":"Cl\u00f4ture de la Conf\u00e9rence continentale sur l\u2019\u00e9ducation en Afrique : D\u00e9claration de Nouakchott pour une transformation vertueuse des syst\u00e8mes  \u00e9ducatifs en Afrique"},"content":{"rendered":"<p>Au terme de la conf\u00e9rence, les participants ont adopt\u00e9 la <strong>D\u00e9claration de Nouakchott sur l\u2019\u00e9ducation<\/strong>, qui propose des actions ambitieuses pour transformer les syst\u00e8mes \u00e9ducatifs du continent. Les principaux engagements incluent :<\/p>\n<p>-L\u2019instauration d\u2019une \u00e9ducation obligatoire et gratuite, avec une attention particuli\u00e8re aux filles dans les domaines techniques et professionnels\u00a0;<\/p>\n<p>-La d\u00e9signation de la p\u00e9riode 2025-2034 comme la d\u00e9cennie de la transformation de l\u2019\u00e9ducation en Afrique\u00a0;<\/p>\n<p>-La modernisation des infrastructures \u00e9ducatives pour am\u00e9liorer la qualit\u00e9 de l\u2019enseignement\u00a0;<\/p>\n<p>-L\u2019int\u00e9gration des mati\u00e8res scientifiques et des nouvelles technologies dans les programmes scolaires\u00a0;<\/p>\n<p>-L\u2019alignement de l\u2019\u00e9ducation sur les besoins du march\u00e9 de l\u2019emploi et l\u2019\u00e9largissement de l\u2019acc\u00e8s \u00e0 l\u2019\u00e9ducation pour les jeunes des zones rurales.<\/p>\n<p>Dans son discours de cl\u00f4ture, <strong>M. Mohamed Abdallahi Louly<\/strong>, ministre mauritanien de l\u2019Autonomisation des jeunes, de l\u2019Emploi, des Sports et du Service civique, a soulign\u00e9 l\u2019importance de la conf\u00e9rence comme espace d\u2019\u00e9change d\u2019exp\u00e9riences et de r\u00e9flexion sur les moyens d\u2019offrir une \u00e9ducation inclusive et moderne.<\/p>\n<p>Il a f\u00e9licit\u00e9 les participants pour leurs contributions novatrices, qui refl\u00e8tent l\u2019ambition commune des pays africains de garantir une \u00e9ducation \u00e9quitable et de qualit\u00e9 \u00e0 tous les enfants.<\/p>\n<p>La ministre de l\u2019\u00c9ducation du <strong>Malawi<\/strong> a, pour sa part, insist\u00e9 sur la n\u00e9cessit\u00e9 de concevoir des politiques \u00e9ducatives adapt\u00e9es aux besoins de l\u2019industrie, tout en investissant davantage dans les infrastructures \u00e9ducatives.<\/p>\n<p>Le commissaire \u00e0 la Science, \u00e0 la Technologie et \u00e0 l\u2019Innovation de l\u2019Union africaine, <strong>M. Mohamed Ben El-Housseini<\/strong>, a affirm\u00e9 que la D\u00e9claration de Nouakchott repr\u00e9sente un grand espoir pour l\u2019am\u00e9lioration du statut de l\u2019\u00e9ducation en Afrique.<\/p>\n<p>De son c\u00f4t\u00e9, <strong>Edouard Ted Chiba<\/strong>, directeur ex\u00e9cutif adjoint de l\u2019UNICEF, a salu\u00e9 l\u2019engagement des chefs d\u2019\u00c9tat africains pr\u00e9sents et a appel\u00e9 \u00e0 une mise en \u0153uvre rigoureuse de la D\u00e9claration pour transformer l\u2019\u00e9ducation au cours de la prochaine d\u00e9cennie.<\/p>\n<p>Organis\u00e9e par le minist\u00e8re mauritanien de l\u2019\u00c9ducation et de la R\u00e9forme de l\u2019Enseignement, en partenariat avec la Commission de l\u2019Union africaine et l\u2019UNICEF, cette conf\u00e9rence a r\u00e9uni des pr\u00e9sidents, plus de 30 ministres et des repr\u00e9sentants permanents de 26 pays.<\/p>\n<p>Elle a \u00e9galement permis de partager des exp\u00e9riences nationales et de d\u00e9finir des priorit\u00e9s communes pour utiliser efficacement l\u2019\u00e9nergie des jeunes dans le d\u00e9veloppement industriel et social du continent.<\/p>\n<p>Avec la D\u00e9claration de Nouakchott, l\u2019Afrique se dote d\u2019une feuille de route ambitieuse pour une transformation profonde de ses syst\u00e8mes \u00e9ducatifs. L\u2019objectif est de garantir \u00e0 chaque enfant l\u2019acc\u00e8s \u00e0 une \u00e9ducation moderne, inclusive et en phase avec les aspirations des g\u00e9n\u00e9rations futures.<\/p>\n<p>Cet engagement marque un pas d\u00e9cisif pour faire de l\u2019\u00e9ducation le pilier du d\u00e9veloppement durable en Afrique et un levier pour autonomiser ses jeunes et renforcer ses \u00e9conomies.<\/p>\n","protected":false},"excerpt":{"rendered":"<p>Au terme de la conf\u00e9rence, les participants ont adopt\u00e9 la D\u00e9claration de Nouakchott sur l\u2019\u00e9ducation, qui propose des actions ambitieuses pour transformer les syst\u00e8mes \u00e9ducatifs du continent. Les principaux engagements incluent : -L\u2019instauration d\u2019une \u00e9ducation obligatoire et gratuite, avec une attention particuli\u00e8re aux filles dans les domaines techniques et professionnels\u00a0; -La d\u00e9signation de la p\u00e9riode&#8230;..<\/p>\n","protected":false},"author":12,"featured_media":23558,"comment_status":"open","ping_status":"open","sticky":false,"template":"","format":"standard","meta":{"footnotes":""},"categories":[23,55],"tags":[],"class_list":["post-23555","post","type-post","status-publish","format-standard","has-post-thumbnail","hentry","category-actualite","category-culture"],"yoast_head":"<!-- This site is optimized with the Yoast SEO plugin v27.5 - https:\/\/yoast.com\/product\/yoast-seo-wordpress\/ -->\n<title>Cl\u00f4ture de la Conf\u00e9rence continentale sur l\u2019\u00e9ducation en Afrique : D\u00e9claration de Nouakchott pour une transformation vertueuse des syst\u00e8mes \u00e9ducatifs en Afrique - Le Quotidien de Nouakchott<\/title>\n<meta name=\"robots\" content=\"index, follow, max-snippet:-1, max-image-preview:large, max-video-preview:-1\" \/>\n<link rel=\"canonical\" href=\"https:\/\/lequotidien.mr\/?p=23555&lang=fr\" \/>\n<meta property=\"og:locale\" content=\"ar_AR\" \/>\n<meta property=\"og:type\" content=\"article\" \/>\n<meta property=\"og:title\" content=\"Cl\u00f4ture de la Conf\u00e9rence continentale sur l\u2019\u00e9ducation en Afrique : D\u00e9claration de Nouakchott pour une transformation vertueuse des syst\u00e8mes \u00e9ducatifs en Afrique - Le Quotidien de Nouakchott\" \/>\n<meta property=\"og:description\" content=\"Au terme de la conf\u00e9rence, les participants ont adopt\u00e9 la D\u00e9claration de Nouakchott sur l\u2019\u00e9ducation, qui propose des actions ambitieuses pour transformer les syst\u00e8mes \u00e9ducatifs du continent. Les principaux engagements incluent : -L\u2019instauration d\u2019une \u00e9ducation obligatoire et gratuite, avec une attention particuli\u00e8re aux filles dans les domaines techniques et professionnels\u00a0; -La d\u00e9signation de la p\u00e9riode.....\" \/>\n<meta property=\"og:url\" content=\"https:\/\/lequotidien.mr\/?p=23555&amp;lang=fr\" \/>\n<meta property=\"og:site_name\" content=\"Le Quotidien de Nouakchott\" \/>\n<meta property=\"article:publisher\" content=\"https:\/\/web.facebook.com\/lequotidienmr\" \/>\n<meta property=\"article:published_time\" content=\"2024-12-12T09:45:51+00:00\" \/>\n<meta property=\"og:image\" content=\"https:\/\/lequotidien.mr\/wp-content\/uploads\/2024\/12\/photo-cloture-cfrce-education.jpg\" \/>\n\t<meta property=\"og:image:width\" content=\"637\" \/>\n\t<meta property=\"og:image:height\" content=\"430\" \/>\n\t<meta property=\"og:image:type\" content=\"image\/jpeg\" \/>\n<meta name=\"author\" content=\"Med Ahmed\" \/>\n<meta name=\"twitter:card\" content=\"summary_large_image\" \/>\n<meta name=\"twitter:creator\" content=\"@lequotidienmr\" \/>\n<meta name=\"twitter:site\" content=\"@lequotidienmr\" \/>\n<meta name=\"twitter:label1\" content=\"\u0643\u064f\u062a\u0628 \u0628\u0648\u0627\u0633\u0637\u0629\" \/>\n\t<meta name=\"twitter:data1\" content=\"Med Ahmed\" \/>\n\t<meta name=\"twitter:label2\" content=\"\u0648\u0642\u062a \u0627\u0644\u0642\u0631\u0627\u0621\u0629 \u0627\u0644\u0645\u064f\u0642\u062f\u0651\u0631\" \/>\n\t<meta name=\"twitter:data2\" content=\"3 \u062f\u0642\u0627\u0626\u0642\" \/>\n<script type=\"application\/ld+json\" class=\"yoast-schema-graph\">{\"@context\":\"https:\\\/\\\/schema.org\",\"@graph\":[{\"@type\":\"Article\",\"@id\":\"https:\\\/\\\/lequotidien.mr\\\/?p=23555&lang=fr#article\",\"isPartOf\":{\"@id\":\"https:\\\/\\\/lequotidien.mr\\\/?p=23555&lang=fr\"},\"author\":{\"name\":\"Med Ahmed\",\"@id\":\"https:\\\/\\\/lequotidien.mr\\\/#\\\/schema\\\/person\\\/d2d350202a4d599685ed8abc25f97596\"},\"headline\":\"Cl\u00f4ture de la Conf\u00e9rence continentale sur l\u2019\u00e9ducation en Afrique : D\u00e9claration de Nouakchott pour une transformation vertueuse des syst\u00e8mes \u00e9ducatifs en Afrique\",\"datePublished\":\"2024-12-12T09:45:51+00:00\",\"mainEntityOfPage\":{\"@id\":\"https:\\\/\\\/lequotidien.mr\\\/?p=23555&lang=fr\"},\"wordCount\":532,\"commentCount\":0,\"publisher\":{\"@id\":\"https:\\\/\\\/lequotidien.mr\\\/#organization\"},\"image\":{\"@id\":\"https:\\\/\\\/lequotidien.mr\\\/?p=23555&lang=fr#primaryimage\"},\"thumbnailUrl\":\"https:\\\/\\\/lequotidien.mr\\\/wp-content\\\/uploads\\\/2024\\\/12\\\/photo-cloture-cfrce-education.jpg\",\"articleSection\":[\"ACTUALIT\u00c9\",\"Culture\"],\"inLanguage\":\"ar\",\"potentialAction\":[{\"@type\":\"CommentAction\",\"name\":\"Comment\",\"target\":[\"https:\\\/\\\/lequotidien.mr\\\/?p=23555&lang=fr#respond\"]}]},{\"@type\":\"WebPage\",\"@id\":\"https:\\\/\\\/lequotidien.mr\\\/?p=23555&lang=fr\",\"url\":\"https:\\\/\\\/lequotidien.mr\\\/?p=23555&lang=fr\",\"name\":\"Cl\u00f4ture de la Conf\u00e9rence continentale sur l\u2019\u00e9ducation en Afrique : D\u00e9claration de Nouakchott pour une transformation vertueuse des syst\u00e8mes \u00e9ducatifs en Afrique - Le Quotidien de Nouakchott\",\"isPartOf\":{\"@id\":\"https:\\\/\\\/lequotidien.mr\\\/#website\"},\"primaryImageOfPage\":{\"@id\":\"https:\\\/\\\/lequotidien.mr\\\/?p=23555&lang=fr#primaryimage\"},\"image\":{\"@id\":\"https:\\\/\\\/lequotidien.mr\\\/?p=23555&lang=fr#primaryimage\"},\"thumbnailUrl\":\"https:\\\/\\\/lequotidien.mr\\\/wp-content\\\/uploads\\\/2024\\\/12\\\/photo-cloture-cfrce-education.jpg\",\"datePublished\":\"2024-12-12T09:45:51+00:00\",\"breadcrumb\":{\"@id\":\"https:\\\/\\\/lequotidien.mr\\\/?p=23555&lang=fr#breadcrumb\"},\"inLanguage\":\"ar\",\"potentialAction\":[{\"@type\":\"ReadAction\",\"target\":[\"https:\\\/\\\/lequotidien.mr\\\/?p=23555&lang=fr\"]}]},{\"@type\":\"ImageObject\",\"inLanguage\":\"ar\",\"@id\":\"https:\\\/\\\/lequotidien.mr\\\/?p=23555&lang=fr#primaryimage\",\"url\":\"https:\\\/\\\/lequotidien.mr\\\/wp-content\\\/uploads\\\/2024\\\/12\\\/photo-cloture-cfrce-education.jpg\",\"contentUrl\":\"https:\\\/\\\/lequotidien.mr\\\/wp-content\\\/uploads\\\/2024\\\/12\\\/photo-cloture-cfrce-education.jpg\",\"width\":637,\"height\":430},{\"@type\":\"BreadcrumbList\",\"@id\":\"https:\\\/\\\/lequotidien.mr\\\/?p=23555&lang=fr#breadcrumb\",\"itemListElement\":[{\"@type\":\"ListItem\",\"position\":1,\"name\":\"Home\",\"item\":\"https:\\\/\\\/lequotidien.mr\\\/\"},{\"@type\":\"ListItem\",\"position\":2,\"name\":\"Cl\u00f4ture de la Conf\u00e9rence continentale sur l\u2019\u00e9ducation en Afrique : D\u00e9claration de Nouakchott pour une transformation vertueuse des syst\u00e8mes \u00e9ducatifs en Afrique\"}]},{\"@type\":\"WebSite\",\"@id\":\"https:\\\/\\\/lequotidien.mr\\\/#website\",\"url\":\"https:\\\/\\\/lequotidien.mr\\\/\",\"name\":\"Le Quotidien de Nouakchott\",\"description\":\"\u0625\u062e\u0628\u0627\u0631\u064a\u0629 \u0645\u0633\u062a\u0642\u0644\u0629 \u0644\u0644\u0623\u0646\u0628\u0627\u0621 \u0627\u0644\u0639\u0627\u0645\u0629\",\"publisher\":{\"@id\":\"https:\\\/\\\/lequotidien.mr\\\/#organization\"},\"potentialAction\":[{\"@type\":\"SearchAction\",\"target\":{\"@type\":\"EntryPoint\",\"urlTemplate\":\"https:\\\/\\\/lequotidien.mr\\\/?s={search_term_string}\"},\"query-input\":{\"@type\":\"PropertyValueSpecification\",\"valueRequired\":true,\"valueName\":\"search_term_string\"}}],\"inLanguage\":\"ar\"},{\"@type\":\"Organization\",\"@id\":\"https:\\\/\\\/lequotidien.mr\\\/#organization\",\"name\":\"Le Quotidien de Nouakchott\",\"url\":\"https:\\\/\\\/lequotidien.mr\\\/\",\"logo\":{\"@type\":\"ImageObject\",\"inLanguage\":\"ar\",\"@id\":\"https:\\\/\\\/lequotidien.mr\\\/#\\\/schema\\\/logo\\\/image\\\/\",\"url\":\"https:\\\/\\\/lequotidien.mr\\\/wp-content\\\/uploads\\\/2022\\\/11\\\/logolequotidien.jpg\",\"contentUrl\":\"https:\\\/\\\/lequotidien.mr\\\/wp-content\\\/uploads\\\/2022\\\/11\\\/logolequotidien.jpg\",\"width\":290,\"height\":65,\"caption\":\"Le Quotidien de Nouakchott\"},\"image\":{\"@id\":\"https:\\\/\\\/lequotidien.mr\\\/#\\\/schema\\\/logo\\\/image\\\/\"},\"sameAs\":[\"https:\\\/\\\/web.facebook.com\\\/lequotidienmr\",\"https:\\\/\\\/x.com\\\/lequotidienmr\"]},{\"@type\":\"Person\",\"@id\":\"https:\\\/\\\/lequotidien.mr\\\/#\\\/schema\\\/person\\\/d2d350202a4d599685ed8abc25f97596\",\"name\":\"Med Ahmed\",\"image\":{\"@type\":\"ImageObject\",\"inLanguage\":\"ar\",\"@id\":\"https:\\\/\\\/secure.gravatar.com\\\/avatar\\\/fd2acc62ed50732923d1d39c17172c9b04149f142be92310ecc69e1358f94b52?s=96&d=mm&r=g\",\"url\":\"https:\\\/\\\/secure.gravatar.com\\\/avatar\\\/fd2acc62ed50732923d1d39c17172c9b04149f142be92310ecc69e1358f94b52?s=96&d=mm&r=g\",\"contentUrl\":\"https:\\\/\\\/secure.gravatar.com\\\/avatar\\\/fd2acc62ed50732923d1d39c17172c9b04149f142be92310ecc69e1358f94b52?s=96&d=mm&r=g\",\"caption\":\"Med Ahmed\"},\"url\":\"https:\\\/\\\/lequotidien.mr\\\/?author=12\"}]}<\/script>\n<!-- \/ Yoast SEO plugin. -->","yoast_head_json":{"title":"Cl\u00f4ture de la Conf\u00e9rence continentale sur l\u2019\u00e9ducation en Afrique : D\u00e9claration de Nouakchott pour une transformation vertueuse des syst\u00e8mes \u00e9ducatifs en Afrique - Le Quotidien de Nouakchott","robots":{"index":"index","follow":"follow","max-snippet":"max-snippet:-1","max-image-preview":"max-image-preview:large","max-video-preview":"max-video-preview:-1"},"canonical":"https:\/\/lequotidien.mr\/?p=23555&lang=fr","og_locale":"ar_AR","og_type":"article","og_title":"Cl\u00f4ture de la Conf\u00e9rence continentale sur l\u2019\u00e9ducation en Afrique : D\u00e9claration de Nouakchott pour une transformation vertueuse des syst\u00e8mes \u00e9ducatifs en Afrique - Le Quotidien de Nouakchott","og_description":"Au terme de la conf\u00e9rence, les participants ont adopt\u00e9 la D\u00e9claration de Nouakchott sur l\u2019\u00e9ducation, qui propose des actions ambitieuses pour transformer les syst\u00e8mes \u00e9ducatifs du continent. Les principaux engagements incluent : -L\u2019instauration d\u2019une \u00e9ducation obligatoire et gratuite, avec une attention particuli\u00e8re aux filles dans les domaines techniques et professionnels\u00a0; -La d\u00e9signation de la p\u00e9riode.....","og_url":"https:\/\/lequotidien.mr\/?p=23555&lang=fr","og_site_name":"Le Quotidien de Nouakchott","article_publisher":"https:\/\/web.facebook.com\/lequotidienmr","article_published_time":"2024-12-12T09:45:51+00:00","og_image":[{"width":637,"height":430,"url":"https:\/\/lequotidien.mr\/wp-content\/uploads\/2024\/12\/photo-cloture-cfrce-education.jpg","type":"image\/jpeg"}],"author":"Med Ahmed","twitter_card":"summary_large_image","twitter_creator":"@lequotidienmr","twitter_site":"@lequotidienmr","twitter_misc":{"\u0643\u064f\u062a\u0628 \u0628\u0648\u0627\u0633\u0637\u0629":"Med Ahmed","\u0648\u0642\u062a \u0627\u0644\u0642\u0631\u0627\u0621\u0629 \u0627\u0644\u0645\u064f\u0642\u062f\u0651\u0631":"3 \u062f\u0642\u0627\u0626\u0642"},"schema":{"@context":"https:\/\/schema.org","@graph":[{"@type":"Article","@id":"https:\/\/lequotidien.mr\/?p=23555&lang=fr#article","isPartOf":{"@id":"https:\/\/lequotidien.mr\/?p=23555&lang=fr"},"author":{"name":"Med Ahmed","@id":"https:\/\/lequotidien.mr\/#\/schema\/person\/d2d350202a4d599685ed8abc25f97596"},"headline":"Cl\u00f4ture de la Conf\u00e9rence continentale sur l\u2019\u00e9ducation en Afrique : D\u00e9claration de Nouakchott pour une transformation vertueuse des syst\u00e8mes \u00e9ducatifs en Afrique","datePublished":"2024-12-12T09:45:51+00:00","mainEntityOfPage":{"@id":"https:\/\/lequotidien.mr\/?p=23555&lang=fr"},"wordCount":532,"commentCount":0,"publisher":{"@id":"https:\/\/lequotidien.mr\/#organization"},"image":{"@id":"https:\/\/lequotidien.mr\/?p=23555&lang=fr#primaryimage"},"thumbnailUrl":"https:\/\/lequotidien.mr\/wp-content\/uploads\/2024\/12\/photo-cloture-cfrce-education.jpg","articleSection":["ACTUALIT\u00c9","Culture"],"inLanguage":"ar","potentialAction":[{"@type":"CommentAction","name":"Comment","target":["https:\/\/lequotidien.mr\/?p=23555&lang=fr#respond"]}]},{"@type":"WebPage","@id":"https:\/\/lequotidien.mr\/?p=23555&lang=fr","url":"https:\/\/lequotidien.mr\/?p=23555&lang=fr","name":"Cl\u00f4ture de la Conf\u00e9rence continentale sur l\u2019\u00e9ducation en Afrique : D\u00e9claration de Nouakchott pour une transformation vertueuse des syst\u00e8mes \u00e9ducatifs en Afrique - Le Quotidien de Nouakchott","isPartOf":{"@id":"https:\/\/lequotidien.mr\/#website"},"primaryImageOfPage":{"@id":"https:\/\/lequotidien.mr\/?p=23555&lang=fr#primaryimage"},"image":{"@id":"https:\/\/lequotidien.mr\/?p=23555&lang=fr#primaryimage"},"thumbnailUrl":"https:\/\/lequotidien.mr\/wp-content\/uploads\/2024\/12\/photo-cloture-cfrce-education.jpg","datePublished":"2024-12-12T09:45:51+00:00","breadcrumb":{"@id":"https:\/\/lequotidien.mr\/?p=23555&lang=fr#breadcrumb"},"inLanguage":"ar","potentialAction":[{"@type":"ReadAction","target":["https:\/\/lequotidien.mr\/?p=23555&lang=fr"]}]},{"@type":"ImageObject","inLanguage":"ar","@id":"https:\/\/lequotidien.mr\/?p=23555&lang=fr#primaryimage","url":"https:\/\/lequotidien.mr\/wp-content\/uploads\/2024\/12\/photo-cloture-cfrce-education.jpg","contentUrl":"https:\/\/lequotidien.mr\/wp-content\/uploads\/2024\/12\/photo-cloture-cfrce-education.jpg","width":637,"height":430},{"@type":"BreadcrumbList","@id":"https:\/\/lequotidien.mr\/?p=23555&lang=fr#breadcrumb","itemListElement":[{"@type":"ListItem","position":1,"name":"Home","item":"https:\/\/lequotidien.mr\/"},{"@type":"ListItem","position":2,"name":"Cl\u00f4ture de la Conf\u00e9rence continentale sur l\u2019\u00e9ducation en Afrique : D\u00e9claration de Nouakchott pour une transformation vertueuse des syst\u00e8mes \u00e9ducatifs en Afrique"}]},{"@type":"WebSite","@id":"https:\/\/lequotidien.mr\/#website","url":"https:\/\/lequotidien.mr\/","name":"Le Quotidien de Nouakchott","description":"\u0625\u062e\u0628\u0627\u0631\u064a\u0629 \u0645\u0633\u062a\u0642\u0644\u0629 \u0644\u0644\u0623\u0646\u0628\u0627\u0621 \u0627\u0644\u0639\u0627\u0645\u0629","publisher":{"@id":"https:\/\/lequotidien.mr\/#organization"},"potentialAction":[{"@type":"SearchAction","target":{"@type":"EntryPoint","urlTemplate":"https:\/\/lequotidien.mr\/?s={search_term_string}"},"query-input":{"@type":"PropertyValueSpecification","valueRequired":true,"valueName":"search_term_string"}}],"inLanguage":"ar"},{"@type":"Organization","@id":"https:\/\/lequotidien.mr\/#organization","name":"Le Quotidien de Nouakchott","url":"https:\/\/lequotidien.mr\/","logo":{"@type":"ImageObject","inLanguage":"ar","@id":"https:\/\/lequotidien.mr\/#\/schema\/logo\/image\/","url":"https:\/\/lequotidien.mr\/wp-content\/uploads\/2022\/11\/logolequotidien.jpg","contentUrl":"https:\/\/lequotidien.mr\/wp-content\/uploads\/2022\/11\/logolequotidien.jpg","width":290,"height":65,"caption":"Le Quotidien de Nouakchott"},"image":{"@id":"https:\/\/lequotidien.mr\/#\/schema\/logo\/image\/"},"sameAs":["https:\/\/web.facebook.com\/lequotidienmr","https:\/\/x.com\/lequotidienmr"]},{"@type":"Person","@id":"https:\/\/lequotidien.mr\/#\/schema\/person\/d2d350202a4d599685ed8abc25f97596","name":"Med Ahmed","image":{"@type":"ImageObject","inLanguage":"ar","@id":"https:\/\/secure.gravatar.com\/avatar\/fd2acc62ed50732923d1d39c17172c9b04149f142be92310ecc69e1358f94b52?s=96&d=mm&r=g","url":"https:\/\/secure.gravatar.com\/avatar\/fd2acc62ed50732923d1d39c17172c9b04149f142be92310ecc69e1358f94b52?s=96&d=mm&r=g","contentUrl":"https:\/\/secure.gravatar.com\/avatar\/fd2acc62ed50732923d1d39c17172c9b04149f142be92310ecc69e1358f94b52?s=96&d=mm&r=g","caption":"Med Ahmed"},"url":"https:\/\/lequotidien.mr\/?author=12"}]}},"_links":{"self":[{"href":"https:\/\/lequotidien.mr\/index.php?rest_route=\/wp\/v2\/posts\/23555","targetHints":{"allow":["GET"]}}],"collection":[{"href":"https:\/\/lequotidien.mr\/index.php?rest_route=\/wp\/v2\/posts"}],"about":[{"href":"https:\/\/lequotidien.mr\/index.php?rest_route=\/wp\/v2\/types\/post"}],"author":[{"embeddable":true,"href":"https:\/\/lequotidien.mr\/index.php?rest_route=\/wp\/v2\/users\/12"}],"replies":[{"embeddable":true,"href":"https:\/\/lequotidien.mr\/index.php?rest_route=%2Fwp%2Fv2%2Fcomments&post=23555"}],"version-history":[{"count":1,"href":"https:\/\/lequotidien.mr\/index.php?rest_route=\/wp\/v2\/posts\/23555\/revisions"}],"predecessor-version":[{"id":23559,"href":"https:\/\/lequotidien.mr\/index.php?rest_route=\/wp\/v2\/posts\/23555\/revisions\/23559"}],"wp:featuredmedia":[{"embeddable":true,"href":"https:\/\/lequotidien.mr\/index.php?rest_route=\/wp\/v2\/media\/23558"}],"wp:attachment":[{"href":"https:\/\/lequotidien.mr\/index.php?rest_route=%2Fwp%2Fv2%2Fmedia&parent=23555"}],"wp:term":[{"taxonomy":"category","embeddable":true,"href":"https:\/\/lequotidien.mr\/index.php?rest_route=%2Fwp%2Fv2%2Fcategories&post=23555"},{"taxonomy":"post_tag","embeddable":true,"href":"https:\/\/lequotidien.mr\/index.php?rest_route=%2Fwp%2Fv2%2Ftags&post=23555"}],"curies":[{"name":"wp","href":"https:\/\/api.w.org\/{rel}","templated":true}]}}