{"id":23539,"date":"2024-12-11T13:44:54","date_gmt":"2024-12-11T13:44:54","guid":{"rendered":"https:\/\/lequotidien.mr\/?p=23539"},"modified":"2024-12-11T13:44:54","modified_gmt":"2024-12-11T13:44:54","slug":"le-ministre-de-leconomie-et-des-finances-sidahmed-bouh-participe-au-sommet-africa-financial-summit-afis-2024-a-casablanca","status":"publish","type":"post","link":"https:\/\/lequotidien.mr\/?p=23539&lang=fr","title":{"rendered":"Le ministre de l\u2019Economie et des Finances, Sid\u2019Ahmed Bouh participe au sommet Africa Financial Summit (AFIS 2024) \u00e0 Casablanca"},"content":{"rendered":"<p>Le ministre mauritanien de l\u2019\u00c9conomie et des Finances, <strong>M. Sid\u2019Ahmed Bouh<\/strong>, a repr\u00e9sent\u00e9 la Mauritanie \u00e0 l\u2019ouverture de l\u2019<strong>Africa Financial Summit (AFIS 2024)<\/strong>, qui s\u2019est tenu, \u00a0les 9 et 10 d\u00e9cembre 2024, \u00e0 Casablanca au Maroc. Ce sommet, organis\u00e9 par le <strong>Jeune Afrique Media Group<\/strong> et soutenu par la <strong>Soci\u00e9t\u00e9 financi\u00e8re internationale (SFI)<\/strong> de la Banque mondiale, a rassembl\u00e9 plus de 1 000 leaders et d\u00e9cideurs du secteur financier africain et mondial\u00a0: banquiers, assureurs, repr\u00e9sentants de fintech et de march\u00e9s de capitaux, op\u00e9rateurs ainsi que des d\u00e9cideurs politiques et des r\u00e9gulateurs.<\/p>\n<p><strong>Une plateforme pour repenser les syst\u00e8mes financiers africains<\/strong><\/p>\n<p>L\u2019AFIS 2024 a propos\u00e9 des d\u00e9bats et des rencontres de haut niveau pour identifier des solutions concr\u00e8tes aux d\u00e9fis financiers auxquels fait face le continent africain. Cette \u00e9dition s\u2019est articul\u00e9e autour de plusieurs priorit\u00e9s strat\u00e9giques\u00a0: cr\u00e9er des produits financiers et des solutions pour les march\u00e9s des capitaux afin de mobiliser les ressources locales vers des investissements productifs, faciliter l\u2019interop\u00e9rabilit\u00e9 des syst\u00e8mes financiers pour am\u00e9liorer la performance et l\u2019acc\u00e8s, et r\u00e9duire les co\u00fbts des services financiers pour une plus grande inclusion.<\/p>\n<p>Le forum a \u00e9galement abord\u00e9 le d\u00e9veloppement du commerce intra-africain, le renforcement des exigences en mati\u00e8re de fonds propres pour les institutions financi\u00e8res et la promotion de l\u2019industrie africaine gr\u00e2ce \u00e0 des partenariats avec des centres financiers internationaux.<\/p>\n<p><strong>Des discussions pour des r\u00e9formes structurelles<\/strong><\/p>\n<p>Les participants ont explor\u00e9, \u00e0 travers <strong>plus de 30 panels et tables rondes<\/strong>, les r\u00e9formes n\u00e9cessaires pour renforcer la r\u00e9silience du secteur financier africain. Les discussions ont port\u00e9 sur : la r\u00e9duction des obstacles au financement des \u00e9conomies africaines, les strat\u00e9gies pour stimuler le commerce intra-africain et soutenir les petites et moyennes entreprises (PME), et les moyens d\u2019att\u00e9nuer les impacts des turbulences r\u00e9gionales et internationales sur les \u00e9conomies du continent.<\/p>\n<p>La participation de M. Sid\u2019Ahmed Bouh t\u00e9moigne de l\u2019engagement de la Mauritanie \u00e0 s\u2019int\u00e9grer dans les grandes dynamiques continentales et internationales visant \u00e0 renforcer la coop\u00e9ration financi\u00e8re et \u00e0 mobiliser les ressources pour son d\u00e9veloppement \u00e9conomique. Le ministre a soulign\u00e9 l\u2019importance de telles plateformes pour consolider les r\u00e9formes \u00e9conomiques en Mauritanie, attirer les investissements \u00e9trangers et s\u2019inspirer des meilleures pratiques en mati\u00e8re de finance et d\u2019innovation.<\/p>\n<p><strong>Une vision panafricaine pour l\u2019avenir<\/strong><\/p>\n<p>Le sommet a mis en lumi\u00e8re l\u2019ambition de construire une industrie des services financiers panafricaine plus inclusive, capable de r\u00e9pondre aux d\u00e9fis du d\u00e9veloppement durable et de l\u2019autonomisation des populations africaines.<\/p>\n<p>En cl\u00f4turant les d\u00e9bats, les organisateurs ont insist\u00e9 sur l\u2019urgence d\u2019une coop\u00e9ration renforc\u00e9e entre les gouvernements, le secteur priv\u00e9 et les institutions financi\u00e8res internationales pour transformer les \u00e9conomies africaines et renforcer leur r\u00e9silience face aux chocs mondiaux.<\/p>\n<p>L\u2019AFIS 2024 restera une \u00e9tape cl\u00e9 dans l\u2019\u00e9laboration d\u2019une vision commune pour le secteur financier africain.<\/p>\n","protected":false},"excerpt":{"rendered":"<p>Le ministre mauritanien de l\u2019\u00c9conomie et des Finances, M. Sid\u2019Ahmed Bouh, a repr\u00e9sent\u00e9 la Mauritanie \u00e0 l\u2019ouverture de l\u2019Africa Financial Summit (AFIS 2024), qui s\u2019est tenu, \u00a0les 9 et 10 d\u00e9cembre 2024, \u00e0 Casablanca au Maroc. Ce sommet, organis\u00e9 par le Jeune Afrique Media Group et soutenu par la Soci\u00e9t\u00e9 financi\u00e8re internationale (SFI) de la&#8230;..<\/p>\n","protected":false},"author":12,"featured_media":23540,"comment_status":"open","ping_status":"open","sticky":false,"template":"","format":"standard","meta":{"footnotes":""},"categories":[23,49],"tags":[],"class_list":["post-23539","post","type-post","status-publish","format-standard","has-post-thumbnail","hentry","category-actualite","category-economie"],"yoast_head":"<!-- This site is optimized with the Yoast SEO plugin v27.5 - https:\/\/yoast.com\/product\/yoast-seo-wordpress\/ -->\n<title>Le ministre de l\u2019Economie et des Finances, Sid\u2019Ahmed Bouh participe au sommet Africa Financial Summit (AFIS 2024) \u00e0 Casablanca - Le Quotidien de Nouakchott<\/title>\n<meta name=\"robots\" content=\"index, follow, max-snippet:-1, max-image-preview:large, max-video-preview:-1\" \/>\n<link rel=\"canonical\" href=\"https:\/\/lequotidien.mr\/?p=23539&lang=fr\" \/>\n<meta property=\"og:locale\" content=\"ar_AR\" \/>\n<meta property=\"og:type\" content=\"article\" \/>\n<meta property=\"og:title\" content=\"Le ministre de l\u2019Economie et des Finances, Sid\u2019Ahmed Bouh participe au sommet Africa Financial Summit (AFIS 2024) \u00e0 Casablanca - Le Quotidien de Nouakchott\" \/>\n<meta property=\"og:description\" content=\"Le ministre mauritanien de l\u2019\u00c9conomie et des Finances, M. Sid\u2019Ahmed Bouh, a repr\u00e9sent\u00e9 la Mauritanie \u00e0 l\u2019ouverture de l\u2019Africa Financial Summit (AFIS 2024), qui s\u2019est tenu, \u00a0les 9 et 10 d\u00e9cembre 2024, \u00e0 Casablanca au Maroc. Ce sommet, organis\u00e9 par le Jeune Afrique Media Group et soutenu par la Soci\u00e9t\u00e9 financi\u00e8re internationale (SFI) de la.....\" \/>\n<meta property=\"og:url\" content=\"https:\/\/lequotidien.mr\/?p=23539&amp;lang=fr\" \/>\n<meta property=\"og:site_name\" content=\"Le Quotidien de Nouakchott\" \/>\n<meta property=\"article:publisher\" content=\"https:\/\/web.facebook.com\/lequotidienmr\" \/>\n<meta property=\"article:published_time\" content=\"2024-12-11T13:44:54+00:00\" \/>\n<meta property=\"og:image\" content=\"https:\/\/lequotidien.mr\/wp-content\/uploads\/2024\/12\/photo-Casa-finances-jpeg.jpeg\" \/>\n\t<meta property=\"og:image:width\" content=\"640\" \/>\n\t<meta property=\"og:image:height\" content=\"378\" \/>\n\t<meta property=\"og:image:type\" content=\"image\/jpeg\" \/>\n<meta name=\"author\" content=\"Med Ahmed\" \/>\n<meta name=\"twitter:card\" content=\"summary_large_image\" \/>\n<meta name=\"twitter:creator\" content=\"@lequotidienmr\" \/>\n<meta name=\"twitter:site\" content=\"@lequotidienmr\" \/>\n<meta name=\"twitter:label1\" content=\"\u0643\u064f\u062a\u0628 \u0628\u0648\u0627\u0633\u0637\u0629\" \/>\n\t<meta name=\"twitter:data1\" content=\"Med Ahmed\" \/>\n\t<meta name=\"twitter:label2\" content=\"\u0648\u0642\u062a \u0627\u0644\u0642\u0631\u0627\u0621\u0629 \u0627\u0644\u0645\u064f\u0642\u062f\u0651\u0631\" \/>\n\t<meta name=\"twitter:data2\" content=\"3 \u062f\u0642\u0627\u0626\u0642\" \/>\n<script type=\"application\/ld+json\" class=\"yoast-schema-graph\">{\"@context\":\"https:\\\/\\\/schema.org\",\"@graph\":[{\"@type\":\"Article\",\"@id\":\"https:\\\/\\\/lequotidien.mr\\\/?p=23539&lang=fr#article\",\"isPartOf\":{\"@id\":\"https:\\\/\\\/lequotidien.mr\\\/?p=23539&lang=fr\"},\"author\":{\"name\":\"Med Ahmed\",\"@id\":\"https:\\\/\\\/lequotidien.mr\\\/#\\\/schema\\\/person\\\/d2d350202a4d599685ed8abc25f97596\"},\"headline\":\"Le ministre de l\u2019Economie et des Finances, Sid\u2019Ahmed Bouh participe au sommet Africa Financial Summit (AFIS 2024) \u00e0 Casablanca\",\"datePublished\":\"2024-12-11T13:44:54+00:00\",\"mainEntityOfPage\":{\"@id\":\"https:\\\/\\\/lequotidien.mr\\\/?p=23539&lang=fr\"},\"wordCount\":529,\"commentCount\":0,\"publisher\":{\"@id\":\"https:\\\/\\\/lequotidien.mr\\\/#organization\"},\"image\":{\"@id\":\"https:\\\/\\\/lequotidien.mr\\\/?p=23539&lang=fr#primaryimage\"},\"thumbnailUrl\":\"https:\\\/\\\/lequotidien.mr\\\/wp-content\\\/uploads\\\/2024\\\/12\\\/photo-Casa-finances-jpeg.jpeg\",\"articleSection\":[\"ACTUALIT\u00c9\",\"Economie\"],\"inLanguage\":\"ar\",\"potentialAction\":[{\"@type\":\"CommentAction\",\"name\":\"Comment\",\"target\":[\"https:\\\/\\\/lequotidien.mr\\\/?p=23539&lang=fr#respond\"]}]},{\"@type\":\"WebPage\",\"@id\":\"https:\\\/\\\/lequotidien.mr\\\/?p=23539&lang=fr\",\"url\":\"https:\\\/\\\/lequotidien.mr\\\/?p=23539&lang=fr\",\"name\":\"Le ministre de l\u2019Economie et des Finances, Sid\u2019Ahmed Bouh participe au sommet Africa Financial Summit (AFIS 2024) \u00e0 Casablanca - Le Quotidien de Nouakchott\",\"isPartOf\":{\"@id\":\"https:\\\/\\\/lequotidien.mr\\\/#website\"},\"primaryImageOfPage\":{\"@id\":\"https:\\\/\\\/lequotidien.mr\\\/?p=23539&lang=fr#primaryimage\"},\"image\":{\"@id\":\"https:\\\/\\\/lequotidien.mr\\\/?p=23539&lang=fr#primaryimage\"},\"thumbnailUrl\":\"https:\\\/\\\/lequotidien.mr\\\/wp-content\\\/uploads\\\/2024\\\/12\\\/photo-Casa-finances-jpeg.jpeg\",\"datePublished\":\"2024-12-11T13:44:54+00:00\",\"breadcrumb\":{\"@id\":\"https:\\\/\\\/lequotidien.mr\\\/?p=23539&lang=fr#breadcrumb\"},\"inLanguage\":\"ar\",\"potentialAction\":[{\"@type\":\"ReadAction\",\"target\":[\"https:\\\/\\\/lequotidien.mr\\\/?p=23539&lang=fr\"]}]},{\"@type\":\"ImageObject\",\"inLanguage\":\"ar\",\"@id\":\"https:\\\/\\\/lequotidien.mr\\\/?p=23539&lang=fr#primaryimage\",\"url\":\"https:\\\/\\\/lequotidien.mr\\\/wp-content\\\/uploads\\\/2024\\\/12\\\/photo-Casa-finances-jpeg.jpeg\",\"contentUrl\":\"https:\\\/\\\/lequotidien.mr\\\/wp-content\\\/uploads\\\/2024\\\/12\\\/photo-Casa-finances-jpeg.jpeg\",\"width\":640,\"height\":378},{\"@type\":\"BreadcrumbList\",\"@id\":\"https:\\\/\\\/lequotidien.mr\\\/?p=23539&lang=fr#breadcrumb\",\"itemListElement\":[{\"@type\":\"ListItem\",\"position\":1,\"name\":\"Home\",\"item\":\"https:\\\/\\\/lequotidien.mr\\\/\"},{\"@type\":\"ListItem\",\"position\":2,\"name\":\"Le ministre de l\u2019Economie et des Finances, Sid\u2019Ahmed Bouh participe au sommet Africa Financial Summit (AFIS 2024) \u00e0 Casablanca\"}]},{\"@type\":\"WebSite\",\"@id\":\"https:\\\/\\\/lequotidien.mr\\\/#website\",\"url\":\"https:\\\/\\\/lequotidien.mr\\\/\",\"name\":\"Le Quotidien de Nouakchott\",\"description\":\"\u0625\u062e\u0628\u0627\u0631\u064a\u0629 \u0645\u0633\u062a\u0642\u0644\u0629 \u0644\u0644\u0623\u0646\u0628\u0627\u0621 \u0627\u0644\u0639\u0627\u0645\u0629\",\"publisher\":{\"@id\":\"https:\\\/\\\/lequotidien.mr\\\/#organization\"},\"potentialAction\":[{\"@type\":\"SearchAction\",\"target\":{\"@type\":\"EntryPoint\",\"urlTemplate\":\"https:\\\/\\\/lequotidien.mr\\\/?s={search_term_string}\"},\"query-input\":{\"@type\":\"PropertyValueSpecification\",\"valueRequired\":true,\"valueName\":\"search_term_string\"}}],\"inLanguage\":\"ar\"},{\"@type\":\"Organization\",\"@id\":\"https:\\\/\\\/lequotidien.mr\\\/#organization\",\"name\":\"Le Quotidien de Nouakchott\",\"url\":\"https:\\\/\\\/lequotidien.mr\\\/\",\"logo\":{\"@type\":\"ImageObject\",\"inLanguage\":\"ar\",\"@id\":\"https:\\\/\\\/lequotidien.mr\\\/#\\\/schema\\\/logo\\\/image\\\/\",\"url\":\"https:\\\/\\\/lequotidien.mr\\\/wp-content\\\/uploads\\\/2022\\\/11\\\/logolequotidien.jpg\",\"contentUrl\":\"https:\\\/\\\/lequotidien.mr\\\/wp-content\\\/uploads\\\/2022\\\/11\\\/logolequotidien.jpg\",\"width\":290,\"height\":65,\"caption\":\"Le Quotidien de Nouakchott\"},\"image\":{\"@id\":\"https:\\\/\\\/lequotidien.mr\\\/#\\\/schema\\\/logo\\\/image\\\/\"},\"sameAs\":[\"https:\\\/\\\/web.facebook.com\\\/lequotidienmr\",\"https:\\\/\\\/x.com\\\/lequotidienmr\"]},{\"@type\":\"Person\",\"@id\":\"https:\\\/\\\/lequotidien.mr\\\/#\\\/schema\\\/person\\\/d2d350202a4d599685ed8abc25f97596\",\"name\":\"Med Ahmed\",\"image\":{\"@type\":\"ImageObject\",\"inLanguage\":\"ar\",\"@id\":\"https:\\\/\\\/secure.gravatar.com\\\/avatar\\\/fd2acc62ed50732923d1d39c17172c9b04149f142be92310ecc69e1358f94b52?s=96&d=mm&r=g\",\"url\":\"https:\\\/\\\/secure.gravatar.com\\\/avatar\\\/fd2acc62ed50732923d1d39c17172c9b04149f142be92310ecc69e1358f94b52?s=96&d=mm&r=g\",\"contentUrl\":\"https:\\\/\\\/secure.gravatar.com\\\/avatar\\\/fd2acc62ed50732923d1d39c17172c9b04149f142be92310ecc69e1358f94b52?s=96&d=mm&r=g\",\"caption\":\"Med Ahmed\"},\"url\":\"https:\\\/\\\/lequotidien.mr\\\/?author=12\"}]}<\/script>\n<!-- \/ Yoast SEO plugin. -->","yoast_head_json":{"title":"Le ministre de l\u2019Economie et des Finances, Sid\u2019Ahmed Bouh participe au sommet Africa Financial Summit (AFIS 2024) \u00e0 Casablanca - Le Quotidien de Nouakchott","robots":{"index":"index","follow":"follow","max-snippet":"max-snippet:-1","max-image-preview":"max-image-preview:large","max-video-preview":"max-video-preview:-1"},"canonical":"https:\/\/lequotidien.mr\/?p=23539&lang=fr","og_locale":"ar_AR","og_type":"article","og_title":"Le ministre de l\u2019Economie et des Finances, Sid\u2019Ahmed Bouh participe au sommet Africa Financial Summit (AFIS 2024) \u00e0 Casablanca - Le Quotidien de Nouakchott","og_description":"Le ministre mauritanien de l\u2019\u00c9conomie et des Finances, M. Sid\u2019Ahmed Bouh, a repr\u00e9sent\u00e9 la Mauritanie \u00e0 l\u2019ouverture de l\u2019Africa Financial Summit (AFIS 2024), qui s\u2019est tenu, \u00a0les 9 et 10 d\u00e9cembre 2024, \u00e0 Casablanca au Maroc. Ce sommet, organis\u00e9 par le Jeune Afrique Media Group et soutenu par la Soci\u00e9t\u00e9 financi\u00e8re internationale (SFI) de la.....","og_url":"https:\/\/lequotidien.mr\/?p=23539&lang=fr","og_site_name":"Le Quotidien de Nouakchott","article_publisher":"https:\/\/web.facebook.com\/lequotidienmr","article_published_time":"2024-12-11T13:44:54+00:00","og_image":[{"width":640,"height":378,"url":"https:\/\/lequotidien.mr\/wp-content\/uploads\/2024\/12\/photo-Casa-finances-jpeg.jpeg","type":"image\/jpeg"}],"author":"Med Ahmed","twitter_card":"summary_large_image","twitter_creator":"@lequotidienmr","twitter_site":"@lequotidienmr","twitter_misc":{"\u0643\u064f\u062a\u0628 \u0628\u0648\u0627\u0633\u0637\u0629":"Med Ahmed","\u0648\u0642\u062a \u0627\u0644\u0642\u0631\u0627\u0621\u0629 \u0627\u0644\u0645\u064f\u0642\u062f\u0651\u0631":"3 \u062f\u0642\u0627\u0626\u0642"},"schema":{"@context":"https:\/\/schema.org","@graph":[{"@type":"Article","@id":"https:\/\/lequotidien.mr\/?p=23539&lang=fr#article","isPartOf":{"@id":"https:\/\/lequotidien.mr\/?p=23539&lang=fr"},"author":{"name":"Med Ahmed","@id":"https:\/\/lequotidien.mr\/#\/schema\/person\/d2d350202a4d599685ed8abc25f97596"},"headline":"Le ministre de l\u2019Economie et des Finances, Sid\u2019Ahmed Bouh participe au sommet Africa Financial Summit (AFIS 2024) \u00e0 Casablanca","datePublished":"2024-12-11T13:44:54+00:00","mainEntityOfPage":{"@id":"https:\/\/lequotidien.mr\/?p=23539&lang=fr"},"wordCount":529,"commentCount":0,"publisher":{"@id":"https:\/\/lequotidien.mr\/#organization"},"image":{"@id":"https:\/\/lequotidien.mr\/?p=23539&lang=fr#primaryimage"},"thumbnailUrl":"https:\/\/lequotidien.mr\/wp-content\/uploads\/2024\/12\/photo-Casa-finances-jpeg.jpeg","articleSection":["ACTUALIT\u00c9","Economie"],"inLanguage":"ar","potentialAction":[{"@type":"CommentAction","name":"Comment","target":["https:\/\/lequotidien.mr\/?p=23539&lang=fr#respond"]}]},{"@type":"WebPage","@id":"https:\/\/lequotidien.mr\/?p=23539&lang=fr","url":"https:\/\/lequotidien.mr\/?p=23539&lang=fr","name":"Le ministre de l\u2019Economie et des Finances, Sid\u2019Ahmed Bouh participe au sommet Africa Financial Summit (AFIS 2024) \u00e0 Casablanca - Le Quotidien de Nouakchott","isPartOf":{"@id":"https:\/\/lequotidien.mr\/#website"},"primaryImageOfPage":{"@id":"https:\/\/lequotidien.mr\/?p=23539&lang=fr#primaryimage"},"image":{"@id":"https:\/\/lequotidien.mr\/?p=23539&lang=fr#primaryimage"},"thumbnailUrl":"https:\/\/lequotidien.mr\/wp-content\/uploads\/2024\/12\/photo-Casa-finances-jpeg.jpeg","datePublished":"2024-12-11T13:44:54+00:00","breadcrumb":{"@id":"https:\/\/lequotidien.mr\/?p=23539&lang=fr#breadcrumb"},"inLanguage":"ar","potentialAction":[{"@type":"ReadAction","target":["https:\/\/lequotidien.mr\/?p=23539&lang=fr"]}]},{"@type":"ImageObject","inLanguage":"ar","@id":"https:\/\/lequotidien.mr\/?p=23539&lang=fr#primaryimage","url":"https:\/\/lequotidien.mr\/wp-content\/uploads\/2024\/12\/photo-Casa-finances-jpeg.jpeg","contentUrl":"https:\/\/lequotidien.mr\/wp-content\/uploads\/2024\/12\/photo-Casa-finances-jpeg.jpeg","width":640,"height":378},{"@type":"BreadcrumbList","@id":"https:\/\/lequotidien.mr\/?p=23539&lang=fr#breadcrumb","itemListElement":[{"@type":"ListItem","position":1,"name":"Home","item":"https:\/\/lequotidien.mr\/"},{"@type":"ListItem","position":2,"name":"Le ministre de l\u2019Economie et des Finances, Sid\u2019Ahmed Bouh participe au sommet Africa Financial Summit (AFIS 2024) \u00e0 Casablanca"}]},{"@type":"WebSite","@id":"https:\/\/lequotidien.mr\/#website","url":"https:\/\/lequotidien.mr\/","name":"Le Quotidien de Nouakchott","description":"\u0625\u062e\u0628\u0627\u0631\u064a\u0629 \u0645\u0633\u062a\u0642\u0644\u0629 \u0644\u0644\u0623\u0646\u0628\u0627\u0621 \u0627\u0644\u0639\u0627\u0645\u0629","publisher":{"@id":"https:\/\/lequotidien.mr\/#organization"},"potentialAction":[{"@type":"SearchAction","target":{"@type":"EntryPoint","urlTemplate":"https:\/\/lequotidien.mr\/?s={search_term_string}"},"query-input":{"@type":"PropertyValueSpecification","valueRequired":true,"valueName":"search_term_string"}}],"inLanguage":"ar"},{"@type":"Organization","@id":"https:\/\/lequotidien.mr\/#organization","name":"Le Quotidien de Nouakchott","url":"https:\/\/lequotidien.mr\/","logo":{"@type":"ImageObject","inLanguage":"ar","@id":"https:\/\/lequotidien.mr\/#\/schema\/logo\/image\/","url":"https:\/\/lequotidien.mr\/wp-content\/uploads\/2022\/11\/logolequotidien.jpg","contentUrl":"https:\/\/lequotidien.mr\/wp-content\/uploads\/2022\/11\/logolequotidien.jpg","width":290,"height":65,"caption":"Le Quotidien de Nouakchott"},"image":{"@id":"https:\/\/lequotidien.mr\/#\/schema\/logo\/image\/"},"sameAs":["https:\/\/web.facebook.com\/lequotidienmr","https:\/\/x.com\/lequotidienmr"]},{"@type":"Person","@id":"https:\/\/lequotidien.mr\/#\/schema\/person\/d2d350202a4d599685ed8abc25f97596","name":"Med Ahmed","image":{"@type":"ImageObject","inLanguage":"ar","@id":"https:\/\/secure.gravatar.com\/avatar\/fd2acc62ed50732923d1d39c17172c9b04149f142be92310ecc69e1358f94b52?s=96&d=mm&r=g","url":"https:\/\/secure.gravatar.com\/avatar\/fd2acc62ed50732923d1d39c17172c9b04149f142be92310ecc69e1358f94b52?s=96&d=mm&r=g","contentUrl":"https:\/\/secure.gravatar.com\/avatar\/fd2acc62ed50732923d1d39c17172c9b04149f142be92310ecc69e1358f94b52?s=96&d=mm&r=g","caption":"Med Ahmed"},"url":"https:\/\/lequotidien.mr\/?author=12"}]}},"_links":{"self":[{"href":"https:\/\/lequotidien.mr\/index.php?rest_route=\/wp\/v2\/posts\/23539","targetHints":{"allow":["GET"]}}],"collection":[{"href":"https:\/\/lequotidien.mr\/index.php?rest_route=\/wp\/v2\/posts"}],"about":[{"href":"https:\/\/lequotidien.mr\/index.php?rest_route=\/wp\/v2\/types\/post"}],"author":[{"embeddable":true,"href":"https:\/\/lequotidien.mr\/index.php?rest_route=\/wp\/v2\/users\/12"}],"replies":[{"embeddable":true,"href":"https:\/\/lequotidien.mr\/index.php?rest_route=%2Fwp%2Fv2%2Fcomments&post=23539"}],"version-history":[{"count":1,"href":"https:\/\/lequotidien.mr\/index.php?rest_route=\/wp\/v2\/posts\/23539\/revisions"}],"predecessor-version":[{"id":23541,"href":"https:\/\/lequotidien.mr\/index.php?rest_route=\/wp\/v2\/posts\/23539\/revisions\/23541"}],"wp:featuredmedia":[{"embeddable":true,"href":"https:\/\/lequotidien.mr\/index.php?rest_route=\/wp\/v2\/media\/23540"}],"wp:attachment":[{"href":"https:\/\/lequotidien.mr\/index.php?rest_route=%2Fwp%2Fv2%2Fmedia&parent=23539"}],"wp:term":[{"taxonomy":"category","embeddable":true,"href":"https:\/\/lequotidien.mr\/index.php?rest_route=%2Fwp%2Fv2%2Fcategories&post=23539"},{"taxonomy":"post_tag","embeddable":true,"href":"https:\/\/lequotidien.mr\/index.php?rest_route=%2Fwp%2Fv2%2Ftags&post=23539"}],"curies":[{"name":"wp","href":"https:\/\/api.w.org\/{rel}","templated":true}]}}