{"id":23535,"date":"2024-12-11T12:27:43","date_gmt":"2024-12-11T12:27:43","guid":{"rendered":"https:\/\/lequotidien.mr\/?p=23535"},"modified":"2024-12-11T12:27:43","modified_gmt":"2024-12-11T12:27:43","slug":"les-milices-wagner-enlevent-des-civils-a-la-frontiere-mauritano-malienne","status":"publish","type":"post","link":"https:\/\/lequotidien.mr\/?p=23535&lang=fr","title":{"rendered":"Les milices Wagner enl\u00e8vent des civils \u00e0 la fronti\u00e8re mauritano-malienne"},"content":{"rendered":"<p>Dans un d\u00e9veloppement grave \u00e0 la fronti\u00e8re mauritanienne-malienne, des sources locales ont affirm\u00e9 \u00e0 \u00a0\u00a0qu&#8217;un groupe de forces paramilitaires russes de Wagner accompagn\u00e9 de soldat maliens ont fait une incursion mardi dans le village de Lagheidhaf 23 km au sud de Fassala o\u00f9 se tenait le march\u00e9 hebdomadaire. Apr\u00e8s avoir tu\u00e9 du b\u00e9tail les assaillant ont emmen\u00e9 avec eux une vingtaine de personnes dont au moins six mauritaniens ainsi que sept v\u00e9hicules. Il faut que dans cette zone la fronti\u00e8re est tr\u00e8s incertaine car non d\u00e9limit\u00e9e et ce village est consid\u00e9r\u00e9 par les autochtones comme mauritanien car une \u00e9cole mauritanienne s\u2019y trouve. \u00a0\u00a0Les troupes wagner et maliennes s\u2019en sont ensuite retourn\u00e9 vers le Mali.<\/p>\n<p>Selon une source parmi les familles des personnes enlev\u00e9es, les victimes du rapt sont\u00a0:<\/p>\n<ul>\n<li>Lebatt Ould Lekbir<\/li>\n<li>Amhel Ould Zein<\/li>\n<li>Yahya Ould Hamadi<\/li>\n<li>Meftah Eddine Ould Touil<\/li>\n<li>Ghali Ould Ghacha<\/li>\n<li>Yekber Ould Cheikh Sidi Mohamed<\/li>\n<li>Dassi Ould Righjeyna<\/li>\n<\/ul>\n<p>Jusqu&#8217;\u00e0 mardi soir, les autorit\u00e9s mauritaniennes n&#8217;avaient pas encore publi\u00e9 de d\u00e9claration officielle concernant l&#8217;incident, ce qui soul\u00e8ve des questions sur les mesures qui seront prises pour assurer le retour en s\u00e9curit\u00e9 des personnes enlev\u00e9es. Cependant ce matin des sources locales parlent de l\u2019intervention de l\u2019un des d\u00e9put\u00e9s de Bassikounou qui aurait r\u00e9ussi \u00e0 obtenir leur lib\u00e9ration.<\/p>\n<p>Cet incident est le dernier en date d&#8217;une s\u00e9rie d&#8217;attaques et de poursuites men\u00e9es par les forces de Wagner le long de la fronti\u00e8re mauritano-malienne, dans un contexte de tensions s\u00e9curitaires persistantes dans la r\u00e9gion. Ces d\u00e9veloppements refl\u00e8tent l&#8217;escalade des menaces s\u00e9curitaires auxquelles font face les zones frontali\u00e8res, n\u00e9cessitant un renforcement de la coordination s\u00e9curitaire r\u00e9gionale et la mise en \u0153uvre de mesures urgentes pour prot\u00e9ger les civils et leurs biens.<\/p>\n<p>&nbsp;<\/p>\n","protected":false},"excerpt":{"rendered":"<p>Dans un d\u00e9veloppement grave \u00e0 la fronti\u00e8re mauritanienne-malienne, des sources locales ont affirm\u00e9 \u00e0 \u00a0\u00a0qu&#8217;un groupe de forces paramilitaires russes de Wagner accompagn\u00e9 de soldat maliens ont fait une incursion mardi dans le village de Lagheidhaf 23 km au sud de Fassala o\u00f9 se tenait le march\u00e9 hebdomadaire. Apr\u00e8s avoir tu\u00e9 du b\u00e9tail les assaillant&#8230;..<\/p>\n","protected":false},"author":4,"featured_media":23536,"comment_status":"open","ping_status":"open","sticky":false,"template":"","format":"standard","meta":{"footnotes":""},"categories":[23,57],"tags":[],"class_list":["post-23535","post","type-post","status-publish","format-standard","has-post-thumbnail","hentry","category-actualite","category-couverture-specilale"],"yoast_head":"<!-- This site is optimized with the Yoast SEO plugin v27.5 - https:\/\/yoast.com\/product\/yoast-seo-wordpress\/ -->\n<title>Les milices Wagner enl\u00e8vent des civils \u00e0 la fronti\u00e8re mauritano-malienne - Le Quotidien de Nouakchott<\/title>\n<meta name=\"robots\" content=\"index, follow, max-snippet:-1, max-image-preview:large, max-video-preview:-1\" \/>\n<link rel=\"canonical\" href=\"https:\/\/lequotidien.mr\/?p=23535&lang=fr\" \/>\n<meta property=\"og:locale\" content=\"ar_AR\" \/>\n<meta property=\"og:type\" content=\"article\" \/>\n<meta property=\"og:title\" content=\"Les milices Wagner enl\u00e8vent des civils \u00e0 la fronti\u00e8re mauritano-malienne - Le Quotidien de Nouakchott\" \/>\n<meta property=\"og:description\" content=\"Dans un d\u00e9veloppement grave \u00e0 la fronti\u00e8re mauritanienne-malienne, des sources locales ont affirm\u00e9 \u00e0 \u00a0\u00a0qu&#8217;un groupe de forces paramilitaires russes de Wagner accompagn\u00e9 de soldat maliens ont fait une incursion mardi dans le village de Lagheidhaf 23 km au sud de Fassala o\u00f9 se tenait le march\u00e9 hebdomadaire. Apr\u00e8s avoir tu\u00e9 du b\u00e9tail les assaillant.....\" \/>\n<meta property=\"og:url\" content=\"https:\/\/lequotidien.mr\/?p=23535&amp;lang=fr\" \/>\n<meta property=\"og:site_name\" content=\"Le Quotidien de Nouakchott\" \/>\n<meta property=\"article:publisher\" content=\"https:\/\/web.facebook.com\/lequotidienmr\" \/>\n<meta property=\"article:published_time\" content=\"2024-12-11T12:27:43+00:00\" \/>\n<meta property=\"og:image\" content=\"https:\/\/lequotidien.mr\/wp-content\/uploads\/2024\/12\/mercenaires.jpg\" \/>\n\t<meta property=\"og:image:width\" content=\"780\" \/>\n\t<meta property=\"og:image:height\" content=\"470\" \/>\n\t<meta property=\"og:image:type\" content=\"image\/jpeg\" \/>\n<meta name=\"author\" content=\"Le Quotidien\" \/>\n<meta name=\"twitter:card\" content=\"summary_large_image\" \/>\n<meta name=\"twitter:creator\" content=\"@lequotidienmr\" \/>\n<meta name=\"twitter:site\" content=\"@lequotidienmr\" \/>\n<meta name=\"twitter:label1\" content=\"\u0643\u064f\u062a\u0628 \u0628\u0648\u0627\u0633\u0637\u0629\" \/>\n\t<meta name=\"twitter:data1\" content=\"Le Quotidien\" \/>\n\t<meta name=\"twitter:label2\" content=\"\u0648\u0642\u062a \u0627\u0644\u0642\u0631\u0627\u0621\u0629 \u0627\u0644\u0645\u064f\u0642\u062f\u0651\u0631\" \/>\n\t<meta name=\"twitter:data2\" content=\"\u062f\u0642\u064a\u0642\u062a\u0627\u0646\" \/>\n<script type=\"application\/ld+json\" class=\"yoast-schema-graph\">{\"@context\":\"https:\\\/\\\/schema.org\",\"@graph\":[{\"@type\":\"Article\",\"@id\":\"https:\\\/\\\/lequotidien.mr\\\/?p=23535&lang=fr#article\",\"isPartOf\":{\"@id\":\"https:\\\/\\\/lequotidien.mr\\\/?p=23535&lang=fr\"},\"author\":{\"name\":\"Le Quotidien\",\"@id\":\"https:\\\/\\\/lequotidien.mr\\\/#\\\/schema\\\/person\\\/f90fcdaa970c60288de4ed2e64a56472\"},\"headline\":\"Les milices Wagner enl\u00e8vent des civils \u00e0 la fronti\u00e8re mauritano-malienne\",\"datePublished\":\"2024-12-11T12:27:43+00:00\",\"mainEntityOfPage\":{\"@id\":\"https:\\\/\\\/lequotidien.mr\\\/?p=23535&lang=fr\"},\"wordCount\":331,\"commentCount\":0,\"publisher\":{\"@id\":\"https:\\\/\\\/lequotidien.mr\\\/#organization\"},\"image\":{\"@id\":\"https:\\\/\\\/lequotidien.mr\\\/?p=23535&lang=fr#primaryimage\"},\"thumbnailUrl\":\"https:\\\/\\\/lequotidien.mr\\\/wp-content\\\/uploads\\\/2024\\\/12\\\/mercenaires.jpg\",\"articleSection\":[\"ACTUALIT\u00c9\",\"Couverture sp\u00e9cilale\"],\"inLanguage\":\"ar\",\"potentialAction\":[{\"@type\":\"CommentAction\",\"name\":\"Comment\",\"target\":[\"https:\\\/\\\/lequotidien.mr\\\/?p=23535&lang=fr#respond\"]}]},{\"@type\":\"WebPage\",\"@id\":\"https:\\\/\\\/lequotidien.mr\\\/?p=23535&lang=fr\",\"url\":\"https:\\\/\\\/lequotidien.mr\\\/?p=23535&lang=fr\",\"name\":\"Les milices Wagner enl\u00e8vent des civils \u00e0 la fronti\u00e8re mauritano-malienne - Le Quotidien de Nouakchott\",\"isPartOf\":{\"@id\":\"https:\\\/\\\/lequotidien.mr\\\/#website\"},\"primaryImageOfPage\":{\"@id\":\"https:\\\/\\\/lequotidien.mr\\\/?p=23535&lang=fr#primaryimage\"},\"image\":{\"@id\":\"https:\\\/\\\/lequotidien.mr\\\/?p=23535&lang=fr#primaryimage\"},\"thumbnailUrl\":\"https:\\\/\\\/lequotidien.mr\\\/wp-content\\\/uploads\\\/2024\\\/12\\\/mercenaires.jpg\",\"datePublished\":\"2024-12-11T12:27:43+00:00\",\"breadcrumb\":{\"@id\":\"https:\\\/\\\/lequotidien.mr\\\/?p=23535&lang=fr#breadcrumb\"},\"inLanguage\":\"ar\",\"potentialAction\":[{\"@type\":\"ReadAction\",\"target\":[\"https:\\\/\\\/lequotidien.mr\\\/?p=23535&lang=fr\"]}]},{\"@type\":\"ImageObject\",\"inLanguage\":\"ar\",\"@id\":\"https:\\\/\\\/lequotidien.mr\\\/?p=23535&lang=fr#primaryimage\",\"url\":\"https:\\\/\\\/lequotidien.mr\\\/wp-content\\\/uploads\\\/2024\\\/12\\\/mercenaires.jpg\",\"contentUrl\":\"https:\\\/\\\/lequotidien.mr\\\/wp-content\\\/uploads\\\/2024\\\/12\\\/mercenaires.jpg\",\"width\":780,\"height\":470},{\"@type\":\"BreadcrumbList\",\"@id\":\"https:\\\/\\\/lequotidien.mr\\\/?p=23535&lang=fr#breadcrumb\",\"itemListElement\":[{\"@type\":\"ListItem\",\"position\":1,\"name\":\"Home\",\"item\":\"https:\\\/\\\/lequotidien.mr\\\/\"},{\"@type\":\"ListItem\",\"position\":2,\"name\":\"Les milices Wagner enl\u00e8vent des civils \u00e0 la fronti\u00e8re mauritano-malienne\"}]},{\"@type\":\"WebSite\",\"@id\":\"https:\\\/\\\/lequotidien.mr\\\/#website\",\"url\":\"https:\\\/\\\/lequotidien.mr\\\/\",\"name\":\"Le Quotidien de Nouakchott\",\"description\":\"\u0625\u062e\u0628\u0627\u0631\u064a\u0629 \u0645\u0633\u062a\u0642\u0644\u0629 \u0644\u0644\u0623\u0646\u0628\u0627\u0621 \u0627\u0644\u0639\u0627\u0645\u0629\",\"publisher\":{\"@id\":\"https:\\\/\\\/lequotidien.mr\\\/#organization\"},\"potentialAction\":[{\"@type\":\"SearchAction\",\"target\":{\"@type\":\"EntryPoint\",\"urlTemplate\":\"https:\\\/\\\/lequotidien.mr\\\/?s={search_term_string}\"},\"query-input\":{\"@type\":\"PropertyValueSpecification\",\"valueRequired\":true,\"valueName\":\"search_term_string\"}}],\"inLanguage\":\"ar\"},{\"@type\":\"Organization\",\"@id\":\"https:\\\/\\\/lequotidien.mr\\\/#organization\",\"name\":\"Le Quotidien de Nouakchott\",\"url\":\"https:\\\/\\\/lequotidien.mr\\\/\",\"logo\":{\"@type\":\"ImageObject\",\"inLanguage\":\"ar\",\"@id\":\"https:\\\/\\\/lequotidien.mr\\\/#\\\/schema\\\/logo\\\/image\\\/\",\"url\":\"https:\\\/\\\/lequotidien.mr\\\/wp-content\\\/uploads\\\/2022\\\/11\\\/logolequotidien.jpg\",\"contentUrl\":\"https:\\\/\\\/lequotidien.mr\\\/wp-content\\\/uploads\\\/2022\\\/11\\\/logolequotidien.jpg\",\"width\":290,\"height\":65,\"caption\":\"Le Quotidien de Nouakchott\"},\"image\":{\"@id\":\"https:\\\/\\\/lequotidien.mr\\\/#\\\/schema\\\/logo\\\/image\\\/\"},\"sameAs\":[\"https:\\\/\\\/web.facebook.com\\\/lequotidienmr\",\"https:\\\/\\\/x.com\\\/lequotidienmr\"]},{\"@type\":\"Person\",\"@id\":\"https:\\\/\\\/lequotidien.mr\\\/#\\\/schema\\\/person\\\/f90fcdaa970c60288de4ed2e64a56472\",\"name\":\"Le Quotidien\",\"image\":{\"@type\":\"ImageObject\",\"inLanguage\":\"ar\",\"@id\":\"https:\\\/\\\/secure.gravatar.com\\\/avatar\\\/374cb39a1a458a912465a93e5a3ce6546886fc3da809a1f10c63e4e8fcbca30f?s=96&d=mm&r=g\",\"url\":\"https:\\\/\\\/secure.gravatar.com\\\/avatar\\\/374cb39a1a458a912465a93e5a3ce6546886fc3da809a1f10c63e4e8fcbca30f?s=96&d=mm&r=g\",\"contentUrl\":\"https:\\\/\\\/secure.gravatar.com\\\/avatar\\\/374cb39a1a458a912465a93e5a3ce6546886fc3da809a1f10c63e4e8fcbca30f?s=96&d=mm&r=g\",\"caption\":\"Le Quotidien\"},\"sameAs\":[\"https:\\\/\\\/lequotidien.mr\\\/\"],\"url\":\"https:\\\/\\\/lequotidien.mr\\\/?author=4\"}]}<\/script>\n<!-- \/ Yoast SEO plugin. -->","yoast_head_json":{"title":"Les milices Wagner enl\u00e8vent des civils \u00e0 la fronti\u00e8re mauritano-malienne - Le Quotidien de Nouakchott","robots":{"index":"index","follow":"follow","max-snippet":"max-snippet:-1","max-image-preview":"max-image-preview:large","max-video-preview":"max-video-preview:-1"},"canonical":"https:\/\/lequotidien.mr\/?p=23535&lang=fr","og_locale":"ar_AR","og_type":"article","og_title":"Les milices Wagner enl\u00e8vent des civils \u00e0 la fronti\u00e8re mauritano-malienne - Le Quotidien de Nouakchott","og_description":"Dans un d\u00e9veloppement grave \u00e0 la fronti\u00e8re mauritanienne-malienne, des sources locales ont affirm\u00e9 \u00e0 \u00a0\u00a0qu&#8217;un groupe de forces paramilitaires russes de Wagner accompagn\u00e9 de soldat maliens ont fait une incursion mardi dans le village de Lagheidhaf 23 km au sud de Fassala o\u00f9 se tenait le march\u00e9 hebdomadaire. Apr\u00e8s avoir tu\u00e9 du b\u00e9tail les assaillant.....","og_url":"https:\/\/lequotidien.mr\/?p=23535&lang=fr","og_site_name":"Le Quotidien de Nouakchott","article_publisher":"https:\/\/web.facebook.com\/lequotidienmr","article_published_time":"2024-12-11T12:27:43+00:00","og_image":[{"width":780,"height":470,"url":"https:\/\/lequotidien.mr\/wp-content\/uploads\/2024\/12\/mercenaires.jpg","type":"image\/jpeg"}],"author":"Le Quotidien","twitter_card":"summary_large_image","twitter_creator":"@lequotidienmr","twitter_site":"@lequotidienmr","twitter_misc":{"\u0643\u064f\u062a\u0628 \u0628\u0648\u0627\u0633\u0637\u0629":"Le Quotidien","\u0648\u0642\u062a \u0627\u0644\u0642\u0631\u0627\u0621\u0629 \u0627\u0644\u0645\u064f\u0642\u062f\u0651\u0631":"\u062f\u0642\u064a\u0642\u062a\u0627\u0646"},"schema":{"@context":"https:\/\/schema.org","@graph":[{"@type":"Article","@id":"https:\/\/lequotidien.mr\/?p=23535&lang=fr#article","isPartOf":{"@id":"https:\/\/lequotidien.mr\/?p=23535&lang=fr"},"author":{"name":"Le Quotidien","@id":"https:\/\/lequotidien.mr\/#\/schema\/person\/f90fcdaa970c60288de4ed2e64a56472"},"headline":"Les milices Wagner enl\u00e8vent des civils \u00e0 la fronti\u00e8re mauritano-malienne","datePublished":"2024-12-11T12:27:43+00:00","mainEntityOfPage":{"@id":"https:\/\/lequotidien.mr\/?p=23535&lang=fr"},"wordCount":331,"commentCount":0,"publisher":{"@id":"https:\/\/lequotidien.mr\/#organization"},"image":{"@id":"https:\/\/lequotidien.mr\/?p=23535&lang=fr#primaryimage"},"thumbnailUrl":"https:\/\/lequotidien.mr\/wp-content\/uploads\/2024\/12\/mercenaires.jpg","articleSection":["ACTUALIT\u00c9","Couverture sp\u00e9cilale"],"inLanguage":"ar","potentialAction":[{"@type":"CommentAction","name":"Comment","target":["https:\/\/lequotidien.mr\/?p=23535&lang=fr#respond"]}]},{"@type":"WebPage","@id":"https:\/\/lequotidien.mr\/?p=23535&lang=fr","url":"https:\/\/lequotidien.mr\/?p=23535&lang=fr","name":"Les milices Wagner enl\u00e8vent des civils \u00e0 la fronti\u00e8re mauritano-malienne - Le Quotidien de Nouakchott","isPartOf":{"@id":"https:\/\/lequotidien.mr\/#website"},"primaryImageOfPage":{"@id":"https:\/\/lequotidien.mr\/?p=23535&lang=fr#primaryimage"},"image":{"@id":"https:\/\/lequotidien.mr\/?p=23535&lang=fr#primaryimage"},"thumbnailUrl":"https:\/\/lequotidien.mr\/wp-content\/uploads\/2024\/12\/mercenaires.jpg","datePublished":"2024-12-11T12:27:43+00:00","breadcrumb":{"@id":"https:\/\/lequotidien.mr\/?p=23535&lang=fr#breadcrumb"},"inLanguage":"ar","potentialAction":[{"@type":"ReadAction","target":["https:\/\/lequotidien.mr\/?p=23535&lang=fr"]}]},{"@type":"ImageObject","inLanguage":"ar","@id":"https:\/\/lequotidien.mr\/?p=23535&lang=fr#primaryimage","url":"https:\/\/lequotidien.mr\/wp-content\/uploads\/2024\/12\/mercenaires.jpg","contentUrl":"https:\/\/lequotidien.mr\/wp-content\/uploads\/2024\/12\/mercenaires.jpg","width":780,"height":470},{"@type":"BreadcrumbList","@id":"https:\/\/lequotidien.mr\/?p=23535&lang=fr#breadcrumb","itemListElement":[{"@type":"ListItem","position":1,"name":"Home","item":"https:\/\/lequotidien.mr\/"},{"@type":"ListItem","position":2,"name":"Les milices Wagner enl\u00e8vent des civils \u00e0 la fronti\u00e8re mauritano-malienne"}]},{"@type":"WebSite","@id":"https:\/\/lequotidien.mr\/#website","url":"https:\/\/lequotidien.mr\/","name":"Le Quotidien de Nouakchott","description":"\u0625\u062e\u0628\u0627\u0631\u064a\u0629 \u0645\u0633\u062a\u0642\u0644\u0629 \u0644\u0644\u0623\u0646\u0628\u0627\u0621 \u0627\u0644\u0639\u0627\u0645\u0629","publisher":{"@id":"https:\/\/lequotidien.mr\/#organization"},"potentialAction":[{"@type":"SearchAction","target":{"@type":"EntryPoint","urlTemplate":"https:\/\/lequotidien.mr\/?s={search_term_string}"},"query-input":{"@type":"PropertyValueSpecification","valueRequired":true,"valueName":"search_term_string"}}],"inLanguage":"ar"},{"@type":"Organization","@id":"https:\/\/lequotidien.mr\/#organization","name":"Le Quotidien de Nouakchott","url":"https:\/\/lequotidien.mr\/","logo":{"@type":"ImageObject","inLanguage":"ar","@id":"https:\/\/lequotidien.mr\/#\/schema\/logo\/image\/","url":"https:\/\/lequotidien.mr\/wp-content\/uploads\/2022\/11\/logolequotidien.jpg","contentUrl":"https:\/\/lequotidien.mr\/wp-content\/uploads\/2022\/11\/logolequotidien.jpg","width":290,"height":65,"caption":"Le Quotidien de Nouakchott"},"image":{"@id":"https:\/\/lequotidien.mr\/#\/schema\/logo\/image\/"},"sameAs":["https:\/\/web.facebook.com\/lequotidienmr","https:\/\/x.com\/lequotidienmr"]},{"@type":"Person","@id":"https:\/\/lequotidien.mr\/#\/schema\/person\/f90fcdaa970c60288de4ed2e64a56472","name":"Le Quotidien","image":{"@type":"ImageObject","inLanguage":"ar","@id":"https:\/\/secure.gravatar.com\/avatar\/374cb39a1a458a912465a93e5a3ce6546886fc3da809a1f10c63e4e8fcbca30f?s=96&d=mm&r=g","url":"https:\/\/secure.gravatar.com\/avatar\/374cb39a1a458a912465a93e5a3ce6546886fc3da809a1f10c63e4e8fcbca30f?s=96&d=mm&r=g","contentUrl":"https:\/\/secure.gravatar.com\/avatar\/374cb39a1a458a912465a93e5a3ce6546886fc3da809a1f10c63e4e8fcbca30f?s=96&d=mm&r=g","caption":"Le Quotidien"},"sameAs":["https:\/\/lequotidien.mr\/"],"url":"https:\/\/lequotidien.mr\/?author=4"}]}},"_links":{"self":[{"href":"https:\/\/lequotidien.mr\/index.php?rest_route=\/wp\/v2\/posts\/23535","targetHints":{"allow":["GET"]}}],"collection":[{"href":"https:\/\/lequotidien.mr\/index.php?rest_route=\/wp\/v2\/posts"}],"about":[{"href":"https:\/\/lequotidien.mr\/index.php?rest_route=\/wp\/v2\/types\/post"}],"author":[{"embeddable":true,"href":"https:\/\/lequotidien.mr\/index.php?rest_route=\/wp\/v2\/users\/4"}],"replies":[{"embeddable":true,"href":"https:\/\/lequotidien.mr\/index.php?rest_route=%2Fwp%2Fv2%2Fcomments&post=23535"}],"version-history":[{"count":1,"href":"https:\/\/lequotidien.mr\/index.php?rest_route=\/wp\/v2\/posts\/23535\/revisions"}],"predecessor-version":[{"id":23537,"href":"https:\/\/lequotidien.mr\/index.php?rest_route=\/wp\/v2\/posts\/23535\/revisions\/23537"}],"wp:featuredmedia":[{"embeddable":true,"href":"https:\/\/lequotidien.mr\/index.php?rest_route=\/wp\/v2\/media\/23536"}],"wp:attachment":[{"href":"https:\/\/lequotidien.mr\/index.php?rest_route=%2Fwp%2Fv2%2Fmedia&parent=23535"}],"wp:term":[{"taxonomy":"category","embeddable":true,"href":"https:\/\/lequotidien.mr\/index.php?rest_route=%2Fwp%2Fv2%2Fcategories&post=23535"},{"taxonomy":"post_tag","embeddable":true,"href":"https:\/\/lequotidien.mr\/index.php?rest_route=%2Fwp%2Fv2%2Ftags&post=23535"}],"curies":[{"name":"wp","href":"https:\/\/api.w.org\/{rel}","templated":true}]}}