{"id":23459,"date":"2024-12-09T11:34:32","date_gmt":"2024-12-09T11:34:32","guid":{"rendered":"https:\/\/lequotidien.mr\/?p=23459"},"modified":"2024-12-09T11:34:32","modified_gmt":"2024-12-09T11:34:32","slug":"cloture-de-la-visite-du-ministre-houssein-medou-a-chinguitti-vers-une-edition-prometteuse-du-festival-des-cites-du-patrimoine","status":"publish","type":"post","link":"https:\/\/lequotidien.mr\/?p=23459&lang=fr","title":{"rendered":"Cl\u00f4ture de la visite du ministre Houssein Medou \u00e0 Chinguitti : vers une \u00e9dition prometteuse du Festival des Cit\u00e9s du Patrimoine"},"content":{"rendered":"<p>Le ministre de la Culture, de la Communication, des Arts et des Relations avec le Parlement, porte-parole du gouvernement, M. Houssein Medou, a conclu ce dimanche une visite dans la ville de Chinguitti, marquant une \u00e9tape cl\u00e9 dans les pr\u00e9paratifs de la prochaine \u00e9dition du Festival des Cit\u00e9s du Patrimoine.<\/p>\n<p><strong>Inspection des pr\u00e9paratifs et infrastructures d&#8217;accueil<\/strong><\/p>\n<p>Au cours de sa visite, le ministre a supervis\u00e9 plusieurs ateliers de d\u00e9veloppement en lien avec l\u2019organisation du festival. Parmi les sites visit\u00e9s figurent les maisons destin\u00e9es \u00e0 accueillir les personnalit\u00e9s invit\u00e9es. Il a pu constater l\u2019\u00e9tat d\u2019avancement des travaux et \u00e9valuer leur pr\u00e9paration pour offrir un accueil digne des prestigieux h\u00f4tes attendus.<\/p>\n<p>En outre, le ministre et sa d\u00e9l\u00e9gation ont inspect\u00e9 vingt mille m\u00e8tres lin\u00e9aires de cl\u00f4tures fournies par le minist\u00e8re de l\u2019Agriculture. Ces installations visent \u00e0 prot\u00e9ger les oasis situ\u00e9es dans les communes de Chinguitti et d\u2019A\u00efn Safra, renfor\u00e7ant ainsi le soutien au secteur agricole local.<\/p>\n<p><strong>L\u2019innovation au c\u0153ur du festival : une course hippique in\u00e9dite<\/strong><\/p>\n<p>Parmi les nouveaut\u00e9s de cette \u00e9dition, le ministre a assist\u00e9 \u00e0 l\u2019arriv\u00e9e des chevaux qui participeront \u00e0 une course hippique organis\u00e9e pour la premi\u00e8re fois dans le cadre des festivit\u00e9s. Cette initiative illustre l\u2019ambition du festival d\u2019int\u00e9grer des \u00e9l\u00e9ments nouveaux et captivants, tout en valorisant les traditions \u00e9questres ancr\u00e9es dans le patrimoine mauritanien.<\/p>\n<p>Dans une d\u00e9claration \u00e0 l\u2019Agence Mauritanienne d\u2019Information, M. Houssein Medou a salu\u00e9 les progr\u00e8s r\u00e9alis\u00e9s dans les diff\u00e9rents volets de d\u00e9veloppement et d\u2019organisation du festival. Il a rappel\u00e9 que, gr\u00e2ce \u00e0 l\u2019intervention du secteur du d\u00e9veloppement animal, un budget de <strong>quatre milliards et cinq millions d\u2019ouguiyas MRO<\/strong> a \u00e9t\u00e9 allou\u00e9 \u00e0 des projets visant \u00e0 dynamiser la Moughataa de Chinguitti, affirmant que ces efforts t\u00e9moignent de la priorit\u00e9 donn\u00e9e au d\u00e9veloppement de la r\u00e9gion.<\/p>\n<p><strong>Une c\u00e9l\u00e9bration du patrimoine sous les hautes directives pr\u00e9sidentielles<\/strong><\/p>\n<p>Le ministre a soulign\u00e9 que cette \u00e9dition du festival s\u2019inscrit dans un contexte marqu\u00e9 par l\u2019int\u00e9r\u00eat croissant du gouvernement pour la valorisation du patrimoine national. Sous les hautes directives du Pr\u00e9sident de la R\u00e9publique, M. Mohamed Cheikh El Ghazouani, le festival vise \u00e0 c\u00e9l\u00e9brer l\u2019unit\u00e9, la diversit\u00e9 et la richesse du patrimoine mauritanien.<\/p>\n<p>Il a \u00e9galement exprim\u00e9 sa confiance quant au succ\u00e8s de cette \u00e9dition, attribu\u00e9 \u00e0 la collaboration \u00e9troite entre les autorit\u00e9s administratives, s\u00e9curitaires et les habitants de Chinguitti.<\/p>\n<p>Le Festival des Cit\u00e9s du Patrimoine demeure une plateforme cruciale pour promouvoir la richesse culturelle, historique et touristique de la Mauritanie. \u00c0 travers ses activit\u00e9s vari\u00e9es, cette manifestation ambitionne de renforcer le r\u00f4le de Chinguitti et des autres cit\u00e9s du patrimoine en tant que p\u00f4les de rayonnement culturel et de d\u00e9veloppement local.<\/p>\n","protected":false},"excerpt":{"rendered":"<p>Le ministre de la Culture, de la Communication, des Arts et des Relations avec le Parlement, porte-parole du gouvernement, M. Houssein Medou, a conclu ce dimanche une visite dans la ville de Chinguitti, marquant une \u00e9tape cl\u00e9 dans les pr\u00e9paratifs de la prochaine \u00e9dition du Festival des Cit\u00e9s du Patrimoine. Inspection des pr\u00e9paratifs et infrastructures&#8230;..<\/p>\n","protected":false},"author":12,"featured_media":23463,"comment_status":"open","ping_status":"open","sticky":false,"template":"","format":"standard","meta":{"footnotes":""},"categories":[23,55],"tags":[],"class_list":["post-23459","post","type-post","status-publish","format-standard","has-post-thumbnail","hentry","category-actualite","category-culture"],"yoast_head":"<!-- This site is optimized with the Yoast SEO plugin v27.5 - https:\/\/yoast.com\/product\/yoast-seo-wordpress\/ -->\n<title>Cl\u00f4ture de la visite du ministre Houssein Medou \u00e0 Chinguitti : vers une \u00e9dition prometteuse du Festival des Cit\u00e9s du Patrimoine - Le Quotidien de Nouakchott<\/title>\n<meta name=\"robots\" content=\"index, follow, max-snippet:-1, max-image-preview:large, max-video-preview:-1\" \/>\n<link rel=\"canonical\" href=\"https:\/\/lequotidien.mr\/?p=23459&lang=fr\" \/>\n<meta property=\"og:locale\" content=\"ar_AR\" \/>\n<meta property=\"og:type\" content=\"article\" \/>\n<meta property=\"og:title\" content=\"Cl\u00f4ture de la visite du ministre Houssein Medou \u00e0 Chinguitti : vers une \u00e9dition prometteuse du Festival des Cit\u00e9s du Patrimoine - Le Quotidien de Nouakchott\" \/>\n<meta property=\"og:description\" content=\"Le ministre de la Culture, de la Communication, des Arts et des Relations avec le Parlement, porte-parole du gouvernement, M. Houssein Medou, a conclu ce dimanche une visite dans la ville de Chinguitti, marquant une \u00e9tape cl\u00e9 dans les pr\u00e9paratifs de la prochaine \u00e9dition du Festival des Cit\u00e9s du Patrimoine. Inspection des pr\u00e9paratifs et infrastructures.....\" \/>\n<meta property=\"og:url\" content=\"https:\/\/lequotidien.mr\/?p=23459&amp;lang=fr\" \/>\n<meta property=\"og:site_name\" content=\"Le Quotidien de Nouakchott\" \/>\n<meta property=\"article:publisher\" content=\"https:\/\/web.facebook.com\/lequotidienmr\" \/>\n<meta property=\"article:published_time\" content=\"2024-12-09T11:34:32+00:00\" \/>\n<meta property=\"og:image\" content=\"https:\/\/lequotidien.mr\/wp-content\/uploads\/2024\/12\/photo-Medou-Chinguitti.jpg\" \/>\n\t<meta property=\"og:image:width\" content=\"640\" \/>\n\t<meta property=\"og:image:height\" content=\"367\" \/>\n\t<meta property=\"og:image:type\" content=\"image\/jpeg\" \/>\n<meta name=\"author\" content=\"Med Ahmed\" \/>\n<meta name=\"twitter:card\" content=\"summary_large_image\" \/>\n<meta name=\"twitter:creator\" content=\"@lequotidienmr\" \/>\n<meta name=\"twitter:site\" content=\"@lequotidienmr\" \/>\n<meta name=\"twitter:label1\" content=\"\u0643\u064f\u062a\u0628 \u0628\u0648\u0627\u0633\u0637\u0629\" \/>\n\t<meta name=\"twitter:data1\" content=\"Med Ahmed\" \/>\n\t<meta name=\"twitter:label2\" content=\"\u0648\u0642\u062a \u0627\u0644\u0642\u0631\u0627\u0621\u0629 \u0627\u0644\u0645\u064f\u0642\u062f\u0651\u0631\" \/>\n\t<meta name=\"twitter:data2\" content=\"\u062f\u0642\u064a\u0642\u062a\u0627\u0646\" \/>\n<script type=\"application\/ld+json\" class=\"yoast-schema-graph\">{\"@context\":\"https:\\\/\\\/schema.org\",\"@graph\":[{\"@type\":\"Article\",\"@id\":\"https:\\\/\\\/lequotidien.mr\\\/?p=23459&lang=fr#article\",\"isPartOf\":{\"@id\":\"https:\\\/\\\/lequotidien.mr\\\/?p=23459&lang=fr\"},\"author\":{\"name\":\"Med Ahmed\",\"@id\":\"https:\\\/\\\/lequotidien.mr\\\/#\\\/schema\\\/person\\\/d2d350202a4d599685ed8abc25f97596\"},\"headline\":\"Cl\u00f4ture de la visite du ministre Houssein Medou \u00e0 Chinguitti : vers une \u00e9dition prometteuse du Festival des Cit\u00e9s du Patrimoine\",\"datePublished\":\"2024-12-09T11:34:32+00:00\",\"mainEntityOfPage\":{\"@id\":\"https:\\\/\\\/lequotidien.mr\\\/?p=23459&lang=fr\"},\"wordCount\":520,\"commentCount\":0,\"publisher\":{\"@id\":\"https:\\\/\\\/lequotidien.mr\\\/#organization\"},\"image\":{\"@id\":\"https:\\\/\\\/lequotidien.mr\\\/?p=23459&lang=fr#primaryimage\"},\"thumbnailUrl\":\"https:\\\/\\\/lequotidien.mr\\\/wp-content\\\/uploads\\\/2024\\\/12\\\/photo-Medou-Chinguitti.jpg\",\"articleSection\":[\"ACTUALIT\u00c9\",\"Culture\"],\"inLanguage\":\"ar\",\"potentialAction\":[{\"@type\":\"CommentAction\",\"name\":\"Comment\",\"target\":[\"https:\\\/\\\/lequotidien.mr\\\/?p=23459&lang=fr#respond\"]}]},{\"@type\":\"WebPage\",\"@id\":\"https:\\\/\\\/lequotidien.mr\\\/?p=23459&lang=fr\",\"url\":\"https:\\\/\\\/lequotidien.mr\\\/?p=23459&lang=fr\",\"name\":\"Cl\u00f4ture de la visite du ministre Houssein Medou \u00e0 Chinguitti : vers une \u00e9dition prometteuse du Festival des Cit\u00e9s du Patrimoine - Le Quotidien de Nouakchott\",\"isPartOf\":{\"@id\":\"https:\\\/\\\/lequotidien.mr\\\/#website\"},\"primaryImageOfPage\":{\"@id\":\"https:\\\/\\\/lequotidien.mr\\\/?p=23459&lang=fr#primaryimage\"},\"image\":{\"@id\":\"https:\\\/\\\/lequotidien.mr\\\/?p=23459&lang=fr#primaryimage\"},\"thumbnailUrl\":\"https:\\\/\\\/lequotidien.mr\\\/wp-content\\\/uploads\\\/2024\\\/12\\\/photo-Medou-Chinguitti.jpg\",\"datePublished\":\"2024-12-09T11:34:32+00:00\",\"breadcrumb\":{\"@id\":\"https:\\\/\\\/lequotidien.mr\\\/?p=23459&lang=fr#breadcrumb\"},\"inLanguage\":\"ar\",\"potentialAction\":[{\"@type\":\"ReadAction\",\"target\":[\"https:\\\/\\\/lequotidien.mr\\\/?p=23459&lang=fr\"]}]},{\"@type\":\"ImageObject\",\"inLanguage\":\"ar\",\"@id\":\"https:\\\/\\\/lequotidien.mr\\\/?p=23459&lang=fr#primaryimage\",\"url\":\"https:\\\/\\\/lequotidien.mr\\\/wp-content\\\/uploads\\\/2024\\\/12\\\/photo-Medou-Chinguitti.jpg\",\"contentUrl\":\"https:\\\/\\\/lequotidien.mr\\\/wp-content\\\/uploads\\\/2024\\\/12\\\/photo-Medou-Chinguitti.jpg\",\"width\":640,\"height\":367},{\"@type\":\"BreadcrumbList\",\"@id\":\"https:\\\/\\\/lequotidien.mr\\\/?p=23459&lang=fr#breadcrumb\",\"itemListElement\":[{\"@type\":\"ListItem\",\"position\":1,\"name\":\"Home\",\"item\":\"https:\\\/\\\/lequotidien.mr\\\/\"},{\"@type\":\"ListItem\",\"position\":2,\"name\":\"Cl\u00f4ture de la visite du ministre Houssein Medou \u00e0 Chinguitti : vers une \u00e9dition prometteuse du Festival des Cit\u00e9s du Patrimoine\"}]},{\"@type\":\"WebSite\",\"@id\":\"https:\\\/\\\/lequotidien.mr\\\/#website\",\"url\":\"https:\\\/\\\/lequotidien.mr\\\/\",\"name\":\"Le Quotidien de Nouakchott\",\"description\":\"\u0625\u062e\u0628\u0627\u0631\u064a\u0629 \u0645\u0633\u062a\u0642\u0644\u0629 \u0644\u0644\u0623\u0646\u0628\u0627\u0621 \u0627\u0644\u0639\u0627\u0645\u0629\",\"publisher\":{\"@id\":\"https:\\\/\\\/lequotidien.mr\\\/#organization\"},\"potentialAction\":[{\"@type\":\"SearchAction\",\"target\":{\"@type\":\"EntryPoint\",\"urlTemplate\":\"https:\\\/\\\/lequotidien.mr\\\/?s={search_term_string}\"},\"query-input\":{\"@type\":\"PropertyValueSpecification\",\"valueRequired\":true,\"valueName\":\"search_term_string\"}}],\"inLanguage\":\"ar\"},{\"@type\":\"Organization\",\"@id\":\"https:\\\/\\\/lequotidien.mr\\\/#organization\",\"name\":\"Le Quotidien de Nouakchott\",\"url\":\"https:\\\/\\\/lequotidien.mr\\\/\",\"logo\":{\"@type\":\"ImageObject\",\"inLanguage\":\"ar\",\"@id\":\"https:\\\/\\\/lequotidien.mr\\\/#\\\/schema\\\/logo\\\/image\\\/\",\"url\":\"https:\\\/\\\/lequotidien.mr\\\/wp-content\\\/uploads\\\/2022\\\/11\\\/logolequotidien.jpg\",\"contentUrl\":\"https:\\\/\\\/lequotidien.mr\\\/wp-content\\\/uploads\\\/2022\\\/11\\\/logolequotidien.jpg\",\"width\":290,\"height\":65,\"caption\":\"Le Quotidien de Nouakchott\"},\"image\":{\"@id\":\"https:\\\/\\\/lequotidien.mr\\\/#\\\/schema\\\/logo\\\/image\\\/\"},\"sameAs\":[\"https:\\\/\\\/web.facebook.com\\\/lequotidienmr\",\"https:\\\/\\\/x.com\\\/lequotidienmr\"]},{\"@type\":\"Person\",\"@id\":\"https:\\\/\\\/lequotidien.mr\\\/#\\\/schema\\\/person\\\/d2d350202a4d599685ed8abc25f97596\",\"name\":\"Med Ahmed\",\"image\":{\"@type\":\"ImageObject\",\"inLanguage\":\"ar\",\"@id\":\"https:\\\/\\\/secure.gravatar.com\\\/avatar\\\/fd2acc62ed50732923d1d39c17172c9b04149f142be92310ecc69e1358f94b52?s=96&d=mm&r=g\",\"url\":\"https:\\\/\\\/secure.gravatar.com\\\/avatar\\\/fd2acc62ed50732923d1d39c17172c9b04149f142be92310ecc69e1358f94b52?s=96&d=mm&r=g\",\"contentUrl\":\"https:\\\/\\\/secure.gravatar.com\\\/avatar\\\/fd2acc62ed50732923d1d39c17172c9b04149f142be92310ecc69e1358f94b52?s=96&d=mm&r=g\",\"caption\":\"Med Ahmed\"},\"url\":\"https:\\\/\\\/lequotidien.mr\\\/?author=12\"}]}<\/script>\n<!-- \/ Yoast SEO plugin. -->","yoast_head_json":{"title":"Cl\u00f4ture de la visite du ministre Houssein Medou \u00e0 Chinguitti : vers une \u00e9dition prometteuse du Festival des Cit\u00e9s du Patrimoine - Le Quotidien de Nouakchott","robots":{"index":"index","follow":"follow","max-snippet":"max-snippet:-1","max-image-preview":"max-image-preview:large","max-video-preview":"max-video-preview:-1"},"canonical":"https:\/\/lequotidien.mr\/?p=23459&lang=fr","og_locale":"ar_AR","og_type":"article","og_title":"Cl\u00f4ture de la visite du ministre Houssein Medou \u00e0 Chinguitti : vers une \u00e9dition prometteuse du Festival des Cit\u00e9s du Patrimoine - Le Quotidien de Nouakchott","og_description":"Le ministre de la Culture, de la Communication, des Arts et des Relations avec le Parlement, porte-parole du gouvernement, M. Houssein Medou, a conclu ce dimanche une visite dans la ville de Chinguitti, marquant une \u00e9tape cl\u00e9 dans les pr\u00e9paratifs de la prochaine \u00e9dition du Festival des Cit\u00e9s du Patrimoine. Inspection des pr\u00e9paratifs et infrastructures.....","og_url":"https:\/\/lequotidien.mr\/?p=23459&lang=fr","og_site_name":"Le Quotidien de Nouakchott","article_publisher":"https:\/\/web.facebook.com\/lequotidienmr","article_published_time":"2024-12-09T11:34:32+00:00","og_image":[{"width":640,"height":367,"url":"https:\/\/lequotidien.mr\/wp-content\/uploads\/2024\/12\/photo-Medou-Chinguitti.jpg","type":"image\/jpeg"}],"author":"Med Ahmed","twitter_card":"summary_large_image","twitter_creator":"@lequotidienmr","twitter_site":"@lequotidienmr","twitter_misc":{"\u0643\u064f\u062a\u0628 \u0628\u0648\u0627\u0633\u0637\u0629":"Med Ahmed","\u0648\u0642\u062a \u0627\u0644\u0642\u0631\u0627\u0621\u0629 \u0627\u0644\u0645\u064f\u0642\u062f\u0651\u0631":"\u062f\u0642\u064a\u0642\u062a\u0627\u0646"},"schema":{"@context":"https:\/\/schema.org","@graph":[{"@type":"Article","@id":"https:\/\/lequotidien.mr\/?p=23459&lang=fr#article","isPartOf":{"@id":"https:\/\/lequotidien.mr\/?p=23459&lang=fr"},"author":{"name":"Med Ahmed","@id":"https:\/\/lequotidien.mr\/#\/schema\/person\/d2d350202a4d599685ed8abc25f97596"},"headline":"Cl\u00f4ture de la visite du ministre Houssein Medou \u00e0 Chinguitti : vers une \u00e9dition prometteuse du Festival des Cit\u00e9s du Patrimoine","datePublished":"2024-12-09T11:34:32+00:00","mainEntityOfPage":{"@id":"https:\/\/lequotidien.mr\/?p=23459&lang=fr"},"wordCount":520,"commentCount":0,"publisher":{"@id":"https:\/\/lequotidien.mr\/#organization"},"image":{"@id":"https:\/\/lequotidien.mr\/?p=23459&lang=fr#primaryimage"},"thumbnailUrl":"https:\/\/lequotidien.mr\/wp-content\/uploads\/2024\/12\/photo-Medou-Chinguitti.jpg","articleSection":["ACTUALIT\u00c9","Culture"],"inLanguage":"ar","potentialAction":[{"@type":"CommentAction","name":"Comment","target":["https:\/\/lequotidien.mr\/?p=23459&lang=fr#respond"]}]},{"@type":"WebPage","@id":"https:\/\/lequotidien.mr\/?p=23459&lang=fr","url":"https:\/\/lequotidien.mr\/?p=23459&lang=fr","name":"Cl\u00f4ture de la visite du ministre Houssein Medou \u00e0 Chinguitti : vers une \u00e9dition prometteuse du Festival des Cit\u00e9s du Patrimoine - Le Quotidien de Nouakchott","isPartOf":{"@id":"https:\/\/lequotidien.mr\/#website"},"primaryImageOfPage":{"@id":"https:\/\/lequotidien.mr\/?p=23459&lang=fr#primaryimage"},"image":{"@id":"https:\/\/lequotidien.mr\/?p=23459&lang=fr#primaryimage"},"thumbnailUrl":"https:\/\/lequotidien.mr\/wp-content\/uploads\/2024\/12\/photo-Medou-Chinguitti.jpg","datePublished":"2024-12-09T11:34:32+00:00","breadcrumb":{"@id":"https:\/\/lequotidien.mr\/?p=23459&lang=fr#breadcrumb"},"inLanguage":"ar","potentialAction":[{"@type":"ReadAction","target":["https:\/\/lequotidien.mr\/?p=23459&lang=fr"]}]},{"@type":"ImageObject","inLanguage":"ar","@id":"https:\/\/lequotidien.mr\/?p=23459&lang=fr#primaryimage","url":"https:\/\/lequotidien.mr\/wp-content\/uploads\/2024\/12\/photo-Medou-Chinguitti.jpg","contentUrl":"https:\/\/lequotidien.mr\/wp-content\/uploads\/2024\/12\/photo-Medou-Chinguitti.jpg","width":640,"height":367},{"@type":"BreadcrumbList","@id":"https:\/\/lequotidien.mr\/?p=23459&lang=fr#breadcrumb","itemListElement":[{"@type":"ListItem","position":1,"name":"Home","item":"https:\/\/lequotidien.mr\/"},{"@type":"ListItem","position":2,"name":"Cl\u00f4ture de la visite du ministre Houssein Medou \u00e0 Chinguitti : vers une \u00e9dition prometteuse du Festival des Cit\u00e9s du Patrimoine"}]},{"@type":"WebSite","@id":"https:\/\/lequotidien.mr\/#website","url":"https:\/\/lequotidien.mr\/","name":"Le Quotidien de Nouakchott","description":"\u0625\u062e\u0628\u0627\u0631\u064a\u0629 \u0645\u0633\u062a\u0642\u0644\u0629 \u0644\u0644\u0623\u0646\u0628\u0627\u0621 \u0627\u0644\u0639\u0627\u0645\u0629","publisher":{"@id":"https:\/\/lequotidien.mr\/#organization"},"potentialAction":[{"@type":"SearchAction","target":{"@type":"EntryPoint","urlTemplate":"https:\/\/lequotidien.mr\/?s={search_term_string}"},"query-input":{"@type":"PropertyValueSpecification","valueRequired":true,"valueName":"search_term_string"}}],"inLanguage":"ar"},{"@type":"Organization","@id":"https:\/\/lequotidien.mr\/#organization","name":"Le Quotidien de Nouakchott","url":"https:\/\/lequotidien.mr\/","logo":{"@type":"ImageObject","inLanguage":"ar","@id":"https:\/\/lequotidien.mr\/#\/schema\/logo\/image\/","url":"https:\/\/lequotidien.mr\/wp-content\/uploads\/2022\/11\/logolequotidien.jpg","contentUrl":"https:\/\/lequotidien.mr\/wp-content\/uploads\/2022\/11\/logolequotidien.jpg","width":290,"height":65,"caption":"Le Quotidien de Nouakchott"},"image":{"@id":"https:\/\/lequotidien.mr\/#\/schema\/logo\/image\/"},"sameAs":["https:\/\/web.facebook.com\/lequotidienmr","https:\/\/x.com\/lequotidienmr"]},{"@type":"Person","@id":"https:\/\/lequotidien.mr\/#\/schema\/person\/d2d350202a4d599685ed8abc25f97596","name":"Med Ahmed","image":{"@type":"ImageObject","inLanguage":"ar","@id":"https:\/\/secure.gravatar.com\/avatar\/fd2acc62ed50732923d1d39c17172c9b04149f142be92310ecc69e1358f94b52?s=96&d=mm&r=g","url":"https:\/\/secure.gravatar.com\/avatar\/fd2acc62ed50732923d1d39c17172c9b04149f142be92310ecc69e1358f94b52?s=96&d=mm&r=g","contentUrl":"https:\/\/secure.gravatar.com\/avatar\/fd2acc62ed50732923d1d39c17172c9b04149f142be92310ecc69e1358f94b52?s=96&d=mm&r=g","caption":"Med Ahmed"},"url":"https:\/\/lequotidien.mr\/?author=12"}]}},"_links":{"self":[{"href":"https:\/\/lequotidien.mr\/index.php?rest_route=\/wp\/v2\/posts\/23459","targetHints":{"allow":["GET"]}}],"collection":[{"href":"https:\/\/lequotidien.mr\/index.php?rest_route=\/wp\/v2\/posts"}],"about":[{"href":"https:\/\/lequotidien.mr\/index.php?rest_route=\/wp\/v2\/types\/post"}],"author":[{"embeddable":true,"href":"https:\/\/lequotidien.mr\/index.php?rest_route=\/wp\/v2\/users\/12"}],"replies":[{"embeddable":true,"href":"https:\/\/lequotidien.mr\/index.php?rest_route=%2Fwp%2Fv2%2Fcomments&post=23459"}],"version-history":[{"count":1,"href":"https:\/\/lequotidien.mr\/index.php?rest_route=\/wp\/v2\/posts\/23459\/revisions"}],"predecessor-version":[{"id":23464,"href":"https:\/\/lequotidien.mr\/index.php?rest_route=\/wp\/v2\/posts\/23459\/revisions\/23464"}],"wp:featuredmedia":[{"embeddable":true,"href":"https:\/\/lequotidien.mr\/index.php?rest_route=\/wp\/v2\/media\/23463"}],"wp:attachment":[{"href":"https:\/\/lequotidien.mr\/index.php?rest_route=%2Fwp%2Fv2%2Fmedia&parent=23459"}],"wp:term":[{"taxonomy":"category","embeddable":true,"href":"https:\/\/lequotidien.mr\/index.php?rest_route=%2Fwp%2Fv2%2Fcategories&post=23459"},{"taxonomy":"post_tag","embeddable":true,"href":"https:\/\/lequotidien.mr\/index.php?rest_route=%2Fwp%2Fv2%2Ftags&post=23459"}],"curies":[{"name":"wp","href":"https:\/\/api.w.org\/{rel}","templated":true}]}}