{"id":23456,"date":"2024-12-09T11:14:57","date_gmt":"2024-12-09T11:14:57","guid":{"rendered":"https:\/\/lequotidien.mr\/?p=23456"},"modified":"2024-12-09T11:14:57","modified_gmt":"2024-12-09T11:14:57","slug":"festival-cheikh-zayed-a-abu-dhabi-la-mauritanie-eblouit-au-avec-esprit-de-fraternite","status":"publish","type":"post","link":"https:\/\/lequotidien.mr\/?p=23456&lang=fr","title":{"rendered":"Festival Cheikh Zayed \u00e0 Abu Dhabi : La Mauritanie \u00e9blouit au avec \u00ab Esprit de Fraternit\u00e9 \u00bb"},"content":{"rendered":"<p>La Mauritanie a marqu\u00e9 de son empreinte le Festival Cheikh Zayed, organis\u00e9 samedi \u00e0 Abu Dhabi, avec une prestation sc\u00e9nographique exceptionnelle intitul\u00e9e <strong>\u00ab Esprit de Fraternit\u00e9 \u00bb<\/strong>, qui met en valeur la richesse et l&#8217;authenticit\u00e9 de la culture mauritanienne.<\/p>\n<p>La c\u00e9r\u00e9monie s\u2019est d\u00e9roul\u00e9e en pr\u00e9sence du Pr\u00e9sident de la R\u00e9publique, Monsieur Mohamed Cheikh El Ghazouani, et de son homologue et fr\u00e8re, Cheikh Mohamed Ben Zayed Al Nahyan, Pr\u00e9sident des \u00c9mirats arabes unis (EAU).<\/p>\n<p><strong>Une c\u00e9l\u00e9bration de la diversit\u00e9 culturelle mauritanienne<\/strong><\/p>\n<p>Pas moins de <strong>soixante artistes mauritaniens<\/strong> ont pris part \u00e0 cette repr\u00e9sentation, regroupant chevaliers, chameliers et artistes issus de diff\u00e9rents courants d\u2019art populaire. Le spectacle, alliant tradition et modernit\u00e9, a captiv\u00e9 le public par son \u00e9vocation de l\u2019originalit\u00e9 de la culture chinguittienne savante, mais aussi par sa c\u00e9l\u00e9bration de la diversit\u00e9 et de l\u2019unit\u00e9 culturelle de la soci\u00e9t\u00e9 mauritanienne.<\/p>\n<p>Cette riche performance a incarn\u00e9 une harmonie culturelle qui refl\u00e8te l\u2019\u00e2me collective de la Mauritanie et a offert un v\u00e9ritable voyage dans le patrimoine et les traditions de ce pays sah\u00e9lien.<\/p>\n<p><strong>Un symbole des relations solides entre les deux nations<\/strong><\/p>\n<p>La participation mauritanienne au Festival Cheikh Zayed souligne l\u2019excellence des relations bilat\u00e9rales entre la Mauritanie et les \u00c9mirats arabes unis, qui reposent sur une histoire partag\u00e9e d\u2019amiti\u00e9 et de respect mutuel.<\/p>\n<p>Cet \u00e9v\u00e9nement t\u00e9moigne \u00e9galement de l\u2019essor de la pr\u00e9sence culturelle mauritanienne sur la sc\u00e8ne internationale, renfor\u00e7ant son r\u00f4le dans la promotion de la diversit\u00e9 et du dialogue interculturel.<\/p>\n<p>Le Festival Cheikh Zayed, rendez-vous incontournable de la culture et des traditions \u00e0 Abu Dhabi, a ainsi offert une plateforme pr\u00e9cieuse pour magnifier le patrimoine mauritanien et consolider les liens entre les peuples des deux pays.<\/p>\n","protected":false},"excerpt":{"rendered":"<p>La Mauritanie a marqu\u00e9 de son empreinte le Festival Cheikh Zayed, organis\u00e9 samedi \u00e0 Abu Dhabi, avec une prestation sc\u00e9nographique exceptionnelle intitul\u00e9e \u00ab Esprit de Fraternit\u00e9 \u00bb, qui met en valeur la richesse et l&#8217;authenticit\u00e9 de la culture mauritanienne. La c\u00e9r\u00e9monie s\u2019est d\u00e9roul\u00e9e en pr\u00e9sence du Pr\u00e9sident de la R\u00e9publique, Monsieur Mohamed Cheikh El Ghazouani,&#8230;..<\/p>\n","protected":false},"author":12,"featured_media":23457,"comment_status":"open","ping_status":"open","sticky":false,"template":"","format":"standard","meta":{"footnotes":""},"categories":[23,55],"tags":[],"class_list":["post-23456","post","type-post","status-publish","format-standard","has-post-thumbnail","hentry","category-actualite","category-culture"],"yoast_head":"<!-- This site is optimized with the Yoast SEO plugin v27.5 - https:\/\/yoast.com\/product\/yoast-seo-wordpress\/ -->\n<title>Festival Cheikh Zayed \u00e0 Abu Dhabi : La Mauritanie \u00e9blouit au avec \u00ab Esprit de Fraternit\u00e9 \u00bb - Le Quotidien de Nouakchott<\/title>\n<meta name=\"robots\" content=\"index, follow, max-snippet:-1, max-image-preview:large, max-video-preview:-1\" \/>\n<link rel=\"canonical\" href=\"https:\/\/lequotidien.mr\/?p=23456&lang=fr\" \/>\n<meta property=\"og:locale\" content=\"ar_AR\" \/>\n<meta property=\"og:type\" content=\"article\" \/>\n<meta property=\"og:title\" content=\"Festival Cheikh Zayed \u00e0 Abu Dhabi : La Mauritanie \u00e9blouit au avec \u00ab Esprit de Fraternit\u00e9 \u00bb - Le Quotidien de Nouakchott\" \/>\n<meta property=\"og:description\" content=\"La Mauritanie a marqu\u00e9 de son empreinte le Festival Cheikh Zayed, organis\u00e9 samedi \u00e0 Abu Dhabi, avec une prestation sc\u00e9nographique exceptionnelle intitul\u00e9e \u00ab Esprit de Fraternit\u00e9 \u00bb, qui met en valeur la richesse et l&#8217;authenticit\u00e9 de la culture mauritanienne. La c\u00e9r\u00e9monie s\u2019est d\u00e9roul\u00e9e en pr\u00e9sence du Pr\u00e9sident de la R\u00e9publique, Monsieur Mohamed Cheikh El Ghazouani,.....\" \/>\n<meta property=\"og:url\" content=\"https:\/\/lequotidien.mr\/?p=23456&amp;lang=fr\" \/>\n<meta property=\"og:site_name\" content=\"Le Quotidien de Nouakchott\" \/>\n<meta property=\"article:publisher\" content=\"https:\/\/web.facebook.com\/lequotidienmr\" \/>\n<meta property=\"article:published_time\" content=\"2024-12-09T11:14:57+00:00\" \/>\n<meta property=\"og:image\" content=\"https:\/\/lequotidien.mr\/wp-content\/uploads\/2024\/12\/photo-festival-Cheikh-Zayed.jpg\" \/>\n\t<meta property=\"og:image:width\" content=\"640\" \/>\n\t<meta property=\"og:image:height\" content=\"351\" \/>\n\t<meta property=\"og:image:type\" content=\"image\/jpeg\" \/>\n<meta name=\"author\" content=\"Med Ahmed\" \/>\n<meta name=\"twitter:card\" content=\"summary_large_image\" \/>\n<meta name=\"twitter:creator\" content=\"@lequotidienmr\" \/>\n<meta name=\"twitter:site\" content=\"@lequotidienmr\" \/>\n<meta name=\"twitter:label1\" content=\"\u0643\u064f\u062a\u0628 \u0628\u0648\u0627\u0633\u0637\u0629\" \/>\n\t<meta name=\"twitter:data1\" content=\"Med Ahmed\" \/>\n\t<meta name=\"twitter:label2\" content=\"\u0648\u0642\u062a \u0627\u0644\u0642\u0631\u0627\u0621\u0629 \u0627\u0644\u0645\u064f\u0642\u062f\u0651\u0631\" \/>\n\t<meta name=\"twitter:data2\" content=\"\u062f\u0642\u064a\u0642\u062a\u0627\u0646\" \/>\n<script type=\"application\/ld+json\" class=\"yoast-schema-graph\">{\"@context\":\"https:\\\/\\\/schema.org\",\"@graph\":[{\"@type\":\"Article\",\"@id\":\"https:\\\/\\\/lequotidien.mr\\\/?p=23456&lang=fr#article\",\"isPartOf\":{\"@id\":\"https:\\\/\\\/lequotidien.mr\\\/?p=23456&lang=fr\"},\"author\":{\"name\":\"Med Ahmed\",\"@id\":\"https:\\\/\\\/lequotidien.mr\\\/#\\\/schema\\\/person\\\/d2d350202a4d599685ed8abc25f97596\"},\"headline\":\"Festival Cheikh Zayed \u00e0 Abu Dhabi : La Mauritanie \u00e9blouit au avec \u00ab Esprit de Fraternit\u00e9 \u00bb\",\"datePublished\":\"2024-12-09T11:14:57+00:00\",\"mainEntityOfPage\":{\"@id\":\"https:\\\/\\\/lequotidien.mr\\\/?p=23456&lang=fr\"},\"wordCount\":321,\"commentCount\":0,\"publisher\":{\"@id\":\"https:\\\/\\\/lequotidien.mr\\\/#organization\"},\"image\":{\"@id\":\"https:\\\/\\\/lequotidien.mr\\\/?p=23456&lang=fr#primaryimage\"},\"thumbnailUrl\":\"https:\\\/\\\/lequotidien.mr\\\/wp-content\\\/uploads\\\/2024\\\/12\\\/photo-festival-Cheikh-Zayed.jpg\",\"articleSection\":[\"ACTUALIT\u00c9\",\"Culture\"],\"inLanguage\":\"ar\",\"potentialAction\":[{\"@type\":\"CommentAction\",\"name\":\"Comment\",\"target\":[\"https:\\\/\\\/lequotidien.mr\\\/?p=23456&lang=fr#respond\"]}]},{\"@type\":\"WebPage\",\"@id\":\"https:\\\/\\\/lequotidien.mr\\\/?p=23456&lang=fr\",\"url\":\"https:\\\/\\\/lequotidien.mr\\\/?p=23456&lang=fr\",\"name\":\"Festival Cheikh Zayed \u00e0 Abu Dhabi : La Mauritanie \u00e9blouit au avec \u00ab Esprit de Fraternit\u00e9 \u00bb - Le Quotidien de Nouakchott\",\"isPartOf\":{\"@id\":\"https:\\\/\\\/lequotidien.mr\\\/#website\"},\"primaryImageOfPage\":{\"@id\":\"https:\\\/\\\/lequotidien.mr\\\/?p=23456&lang=fr#primaryimage\"},\"image\":{\"@id\":\"https:\\\/\\\/lequotidien.mr\\\/?p=23456&lang=fr#primaryimage\"},\"thumbnailUrl\":\"https:\\\/\\\/lequotidien.mr\\\/wp-content\\\/uploads\\\/2024\\\/12\\\/photo-festival-Cheikh-Zayed.jpg\",\"datePublished\":\"2024-12-09T11:14:57+00:00\",\"breadcrumb\":{\"@id\":\"https:\\\/\\\/lequotidien.mr\\\/?p=23456&lang=fr#breadcrumb\"},\"inLanguage\":\"ar\",\"potentialAction\":[{\"@type\":\"ReadAction\",\"target\":[\"https:\\\/\\\/lequotidien.mr\\\/?p=23456&lang=fr\"]}]},{\"@type\":\"ImageObject\",\"inLanguage\":\"ar\",\"@id\":\"https:\\\/\\\/lequotidien.mr\\\/?p=23456&lang=fr#primaryimage\",\"url\":\"https:\\\/\\\/lequotidien.mr\\\/wp-content\\\/uploads\\\/2024\\\/12\\\/photo-festival-Cheikh-Zayed.jpg\",\"contentUrl\":\"https:\\\/\\\/lequotidien.mr\\\/wp-content\\\/uploads\\\/2024\\\/12\\\/photo-festival-Cheikh-Zayed.jpg\",\"width\":640,\"height\":351},{\"@type\":\"BreadcrumbList\",\"@id\":\"https:\\\/\\\/lequotidien.mr\\\/?p=23456&lang=fr#breadcrumb\",\"itemListElement\":[{\"@type\":\"ListItem\",\"position\":1,\"name\":\"Home\",\"item\":\"https:\\\/\\\/lequotidien.mr\\\/\"},{\"@type\":\"ListItem\",\"position\":2,\"name\":\"Festival Cheikh Zayed \u00e0 Abu Dhabi : La Mauritanie \u00e9blouit au avec \u00ab Esprit de Fraternit\u00e9 \u00bb\"}]},{\"@type\":\"WebSite\",\"@id\":\"https:\\\/\\\/lequotidien.mr\\\/#website\",\"url\":\"https:\\\/\\\/lequotidien.mr\\\/\",\"name\":\"Le Quotidien de Nouakchott\",\"description\":\"\u0625\u062e\u0628\u0627\u0631\u064a\u0629 \u0645\u0633\u062a\u0642\u0644\u0629 \u0644\u0644\u0623\u0646\u0628\u0627\u0621 \u0627\u0644\u0639\u0627\u0645\u0629\",\"publisher\":{\"@id\":\"https:\\\/\\\/lequotidien.mr\\\/#organization\"},\"potentialAction\":[{\"@type\":\"SearchAction\",\"target\":{\"@type\":\"EntryPoint\",\"urlTemplate\":\"https:\\\/\\\/lequotidien.mr\\\/?s={search_term_string}\"},\"query-input\":{\"@type\":\"PropertyValueSpecification\",\"valueRequired\":true,\"valueName\":\"search_term_string\"}}],\"inLanguage\":\"ar\"},{\"@type\":\"Organization\",\"@id\":\"https:\\\/\\\/lequotidien.mr\\\/#organization\",\"name\":\"Le Quotidien de Nouakchott\",\"url\":\"https:\\\/\\\/lequotidien.mr\\\/\",\"logo\":{\"@type\":\"ImageObject\",\"inLanguage\":\"ar\",\"@id\":\"https:\\\/\\\/lequotidien.mr\\\/#\\\/schema\\\/logo\\\/image\\\/\",\"url\":\"https:\\\/\\\/lequotidien.mr\\\/wp-content\\\/uploads\\\/2022\\\/11\\\/logolequotidien.jpg\",\"contentUrl\":\"https:\\\/\\\/lequotidien.mr\\\/wp-content\\\/uploads\\\/2022\\\/11\\\/logolequotidien.jpg\",\"width\":290,\"height\":65,\"caption\":\"Le Quotidien de Nouakchott\"},\"image\":{\"@id\":\"https:\\\/\\\/lequotidien.mr\\\/#\\\/schema\\\/logo\\\/image\\\/\"},\"sameAs\":[\"https:\\\/\\\/web.facebook.com\\\/lequotidienmr\",\"https:\\\/\\\/x.com\\\/lequotidienmr\"]},{\"@type\":\"Person\",\"@id\":\"https:\\\/\\\/lequotidien.mr\\\/#\\\/schema\\\/person\\\/d2d350202a4d599685ed8abc25f97596\",\"name\":\"Med Ahmed\",\"image\":{\"@type\":\"ImageObject\",\"inLanguage\":\"ar\",\"@id\":\"https:\\\/\\\/secure.gravatar.com\\\/avatar\\\/fd2acc62ed50732923d1d39c17172c9b04149f142be92310ecc69e1358f94b52?s=96&d=mm&r=g\",\"url\":\"https:\\\/\\\/secure.gravatar.com\\\/avatar\\\/fd2acc62ed50732923d1d39c17172c9b04149f142be92310ecc69e1358f94b52?s=96&d=mm&r=g\",\"contentUrl\":\"https:\\\/\\\/secure.gravatar.com\\\/avatar\\\/fd2acc62ed50732923d1d39c17172c9b04149f142be92310ecc69e1358f94b52?s=96&d=mm&r=g\",\"caption\":\"Med Ahmed\"},\"url\":\"https:\\\/\\\/lequotidien.mr\\\/?author=12\"}]}<\/script>\n<!-- \/ Yoast SEO plugin. -->","yoast_head_json":{"title":"Festival Cheikh Zayed \u00e0 Abu Dhabi : La Mauritanie \u00e9blouit au avec \u00ab Esprit de Fraternit\u00e9 \u00bb - Le Quotidien de Nouakchott","robots":{"index":"index","follow":"follow","max-snippet":"max-snippet:-1","max-image-preview":"max-image-preview:large","max-video-preview":"max-video-preview:-1"},"canonical":"https:\/\/lequotidien.mr\/?p=23456&lang=fr","og_locale":"ar_AR","og_type":"article","og_title":"Festival Cheikh Zayed \u00e0 Abu Dhabi : La Mauritanie \u00e9blouit au avec \u00ab Esprit de Fraternit\u00e9 \u00bb - Le Quotidien de Nouakchott","og_description":"La Mauritanie a marqu\u00e9 de son empreinte le Festival Cheikh Zayed, organis\u00e9 samedi \u00e0 Abu Dhabi, avec une prestation sc\u00e9nographique exceptionnelle intitul\u00e9e \u00ab Esprit de Fraternit\u00e9 \u00bb, qui met en valeur la richesse et l&#8217;authenticit\u00e9 de la culture mauritanienne. La c\u00e9r\u00e9monie s\u2019est d\u00e9roul\u00e9e en pr\u00e9sence du Pr\u00e9sident de la R\u00e9publique, Monsieur Mohamed Cheikh El Ghazouani,.....","og_url":"https:\/\/lequotidien.mr\/?p=23456&lang=fr","og_site_name":"Le Quotidien de Nouakchott","article_publisher":"https:\/\/web.facebook.com\/lequotidienmr","article_published_time":"2024-12-09T11:14:57+00:00","og_image":[{"width":640,"height":351,"url":"https:\/\/lequotidien.mr\/wp-content\/uploads\/2024\/12\/photo-festival-Cheikh-Zayed.jpg","type":"image\/jpeg"}],"author":"Med Ahmed","twitter_card":"summary_large_image","twitter_creator":"@lequotidienmr","twitter_site":"@lequotidienmr","twitter_misc":{"\u0643\u064f\u062a\u0628 \u0628\u0648\u0627\u0633\u0637\u0629":"Med Ahmed","\u0648\u0642\u062a \u0627\u0644\u0642\u0631\u0627\u0621\u0629 \u0627\u0644\u0645\u064f\u0642\u062f\u0651\u0631":"\u062f\u0642\u064a\u0642\u062a\u0627\u0646"},"schema":{"@context":"https:\/\/schema.org","@graph":[{"@type":"Article","@id":"https:\/\/lequotidien.mr\/?p=23456&lang=fr#article","isPartOf":{"@id":"https:\/\/lequotidien.mr\/?p=23456&lang=fr"},"author":{"name":"Med Ahmed","@id":"https:\/\/lequotidien.mr\/#\/schema\/person\/d2d350202a4d599685ed8abc25f97596"},"headline":"Festival Cheikh Zayed \u00e0 Abu Dhabi : La Mauritanie \u00e9blouit au avec \u00ab Esprit de Fraternit\u00e9 \u00bb","datePublished":"2024-12-09T11:14:57+00:00","mainEntityOfPage":{"@id":"https:\/\/lequotidien.mr\/?p=23456&lang=fr"},"wordCount":321,"commentCount":0,"publisher":{"@id":"https:\/\/lequotidien.mr\/#organization"},"image":{"@id":"https:\/\/lequotidien.mr\/?p=23456&lang=fr#primaryimage"},"thumbnailUrl":"https:\/\/lequotidien.mr\/wp-content\/uploads\/2024\/12\/photo-festival-Cheikh-Zayed.jpg","articleSection":["ACTUALIT\u00c9","Culture"],"inLanguage":"ar","potentialAction":[{"@type":"CommentAction","name":"Comment","target":["https:\/\/lequotidien.mr\/?p=23456&lang=fr#respond"]}]},{"@type":"WebPage","@id":"https:\/\/lequotidien.mr\/?p=23456&lang=fr","url":"https:\/\/lequotidien.mr\/?p=23456&lang=fr","name":"Festival Cheikh Zayed \u00e0 Abu Dhabi : La Mauritanie \u00e9blouit au avec \u00ab Esprit de Fraternit\u00e9 \u00bb - Le Quotidien de Nouakchott","isPartOf":{"@id":"https:\/\/lequotidien.mr\/#website"},"primaryImageOfPage":{"@id":"https:\/\/lequotidien.mr\/?p=23456&lang=fr#primaryimage"},"image":{"@id":"https:\/\/lequotidien.mr\/?p=23456&lang=fr#primaryimage"},"thumbnailUrl":"https:\/\/lequotidien.mr\/wp-content\/uploads\/2024\/12\/photo-festival-Cheikh-Zayed.jpg","datePublished":"2024-12-09T11:14:57+00:00","breadcrumb":{"@id":"https:\/\/lequotidien.mr\/?p=23456&lang=fr#breadcrumb"},"inLanguage":"ar","potentialAction":[{"@type":"ReadAction","target":["https:\/\/lequotidien.mr\/?p=23456&lang=fr"]}]},{"@type":"ImageObject","inLanguage":"ar","@id":"https:\/\/lequotidien.mr\/?p=23456&lang=fr#primaryimage","url":"https:\/\/lequotidien.mr\/wp-content\/uploads\/2024\/12\/photo-festival-Cheikh-Zayed.jpg","contentUrl":"https:\/\/lequotidien.mr\/wp-content\/uploads\/2024\/12\/photo-festival-Cheikh-Zayed.jpg","width":640,"height":351},{"@type":"BreadcrumbList","@id":"https:\/\/lequotidien.mr\/?p=23456&lang=fr#breadcrumb","itemListElement":[{"@type":"ListItem","position":1,"name":"Home","item":"https:\/\/lequotidien.mr\/"},{"@type":"ListItem","position":2,"name":"Festival Cheikh Zayed \u00e0 Abu Dhabi : La Mauritanie \u00e9blouit au avec \u00ab Esprit de Fraternit\u00e9 \u00bb"}]},{"@type":"WebSite","@id":"https:\/\/lequotidien.mr\/#website","url":"https:\/\/lequotidien.mr\/","name":"Le Quotidien de Nouakchott","description":"\u0625\u062e\u0628\u0627\u0631\u064a\u0629 \u0645\u0633\u062a\u0642\u0644\u0629 \u0644\u0644\u0623\u0646\u0628\u0627\u0621 \u0627\u0644\u0639\u0627\u0645\u0629","publisher":{"@id":"https:\/\/lequotidien.mr\/#organization"},"potentialAction":[{"@type":"SearchAction","target":{"@type":"EntryPoint","urlTemplate":"https:\/\/lequotidien.mr\/?s={search_term_string}"},"query-input":{"@type":"PropertyValueSpecification","valueRequired":true,"valueName":"search_term_string"}}],"inLanguage":"ar"},{"@type":"Organization","@id":"https:\/\/lequotidien.mr\/#organization","name":"Le Quotidien de Nouakchott","url":"https:\/\/lequotidien.mr\/","logo":{"@type":"ImageObject","inLanguage":"ar","@id":"https:\/\/lequotidien.mr\/#\/schema\/logo\/image\/","url":"https:\/\/lequotidien.mr\/wp-content\/uploads\/2022\/11\/logolequotidien.jpg","contentUrl":"https:\/\/lequotidien.mr\/wp-content\/uploads\/2022\/11\/logolequotidien.jpg","width":290,"height":65,"caption":"Le Quotidien de Nouakchott"},"image":{"@id":"https:\/\/lequotidien.mr\/#\/schema\/logo\/image\/"},"sameAs":["https:\/\/web.facebook.com\/lequotidienmr","https:\/\/x.com\/lequotidienmr"]},{"@type":"Person","@id":"https:\/\/lequotidien.mr\/#\/schema\/person\/d2d350202a4d599685ed8abc25f97596","name":"Med Ahmed","image":{"@type":"ImageObject","inLanguage":"ar","@id":"https:\/\/secure.gravatar.com\/avatar\/fd2acc62ed50732923d1d39c17172c9b04149f142be92310ecc69e1358f94b52?s=96&d=mm&r=g","url":"https:\/\/secure.gravatar.com\/avatar\/fd2acc62ed50732923d1d39c17172c9b04149f142be92310ecc69e1358f94b52?s=96&d=mm&r=g","contentUrl":"https:\/\/secure.gravatar.com\/avatar\/fd2acc62ed50732923d1d39c17172c9b04149f142be92310ecc69e1358f94b52?s=96&d=mm&r=g","caption":"Med Ahmed"},"url":"https:\/\/lequotidien.mr\/?author=12"}]}},"_links":{"self":[{"href":"https:\/\/lequotidien.mr\/index.php?rest_route=\/wp\/v2\/posts\/23456","targetHints":{"allow":["GET"]}}],"collection":[{"href":"https:\/\/lequotidien.mr\/index.php?rest_route=\/wp\/v2\/posts"}],"about":[{"href":"https:\/\/lequotidien.mr\/index.php?rest_route=\/wp\/v2\/types\/post"}],"author":[{"embeddable":true,"href":"https:\/\/lequotidien.mr\/index.php?rest_route=\/wp\/v2\/users\/12"}],"replies":[{"embeddable":true,"href":"https:\/\/lequotidien.mr\/index.php?rest_route=%2Fwp%2Fv2%2Fcomments&post=23456"}],"version-history":[{"count":1,"href":"https:\/\/lequotidien.mr\/index.php?rest_route=\/wp\/v2\/posts\/23456\/revisions"}],"predecessor-version":[{"id":23458,"href":"https:\/\/lequotidien.mr\/index.php?rest_route=\/wp\/v2\/posts\/23456\/revisions\/23458"}],"wp:featuredmedia":[{"embeddable":true,"href":"https:\/\/lequotidien.mr\/index.php?rest_route=\/wp\/v2\/media\/23457"}],"wp:attachment":[{"href":"https:\/\/lequotidien.mr\/index.php?rest_route=%2Fwp%2Fv2%2Fmedia&parent=23456"}],"wp:term":[{"taxonomy":"category","embeddable":true,"href":"https:\/\/lequotidien.mr\/index.php?rest_route=%2Fwp%2Fv2%2Fcategories&post=23456"},{"taxonomy":"post_tag","embeddable":true,"href":"https:\/\/lequotidien.mr\/index.php?rest_route=%2Fwp%2Fv2%2Ftags&post=23456"}],"curies":[{"name":"wp","href":"https:\/\/api.w.org\/{rel}","templated":true}]}}