{"id":23429,"date":"2024-12-07T13:43:24","date_gmt":"2024-12-07T13:43:24","guid":{"rendered":"https:\/\/lequotidien.mr\/?p=23429"},"modified":"2024-12-09T09:35:28","modified_gmt":"2024-12-09T09:35:28","slug":"23429","status":"publish","type":"post","link":"https:\/\/lequotidien.mr\/?p=23429&lang=fr","title":{"rendered":"Deux morts et un bless\u00e9 dans l&#8217;explosion d&#8217;une mine \u00e0 Chami"},"content":{"rendered":"<p>&nbsp;<\/p>\n<p>Deux personnes ont trouv\u00e9 la mort et une autre a \u00e9t\u00e9 bless\u00e9e ce matin suite \u00e0 l&#8217;explosion d&#8217;une mine dans la ville de Chami, en Mauritanie.<\/p>\n<p>Selon des sources locales, l&#8217;incident s&#8217;est produit alors que des ouvriers effectuaient des travaux de r\u00e9paration automobile et frappaient un objet m\u00e9tallique pour s&#8217;en servir comme support.<\/p>\n<p>Cet incident rappelle une explosion similaire survenue le 13 ao\u00fbt dernier \u00e0 Nouadhibou, o\u00f9 plusieurs travailleurs \u00e9trangers avaient perdu la vie dans des circonstances comparables.<\/p>\n<p>Les autorit\u00e9s locales n&#8217;ont pas encore publi\u00e9 de communiqu\u00e9 officiel, mais des enqu\u00eates seraient en cours pour d\u00e9terminer les causes exactes de l&#8217;explosion.<\/p>\n<p><strong>Des pr\u00e9c\u00e9dents inqui\u00e9tants<\/strong><\/p>\n<p>L&#8217;explosion survenue \u00e0 Chami relance le d\u00e9bat sur la s\u00e9curit\u00e9 dans les zones o\u00f9 des activit\u00e9s mini\u00e8res et artisanales sont fr\u00e9quentes. Ces r\u00e9gions sont connues pour abriter des engins explosifs non identifi\u00e9s, laiss\u00e9s sur place apr\u00e8s des op\u00e9rations mini\u00e8res ou des conflits pass\u00e9s.<\/p>\n<p>En ao\u00fbt dernier, l&#8217;explosion de Nouadhibou avait d\u00e9j\u00e0 suscit\u00e9 de vives inqui\u00e9tudes quant aux risques li\u00e9s \u00e0 la manipulation d&#8217;objets m\u00e9talliques suspects dans les zones industrielles et mini\u00e8res du pays. Les autorit\u00e9s avaient alors promis de renforcer les mesures de s\u00e9curit\u00e9 et d&#8217;intensifier les campagnes de sensibilisation.<\/p>\n<p><strong>Appel \u00e0 la vigilance<\/strong><\/p>\n<p>Les incidents r\u00e9p\u00e9t\u00e9s mettent en lumi\u00e8re la n\u00e9cessit\u00e9 d&#8217;une meilleure gestion des risques dans les zones mini\u00e8res de Mauritanie. Les experts en s\u00e9curit\u00e9 recommandent des actions urgentes, notamment :<\/p>\n<ul>\n<li><strong>Des campagnes de d\u00e9minage cibl\u00e9es<\/strong>, en particulier dans les r\u00e9gions de Chami et Nouadhibou.<\/li>\n<li><strong>Des formations sur les dangers des explosifs<\/strong> pour les travailleurs du secteur artisanal et industriel.<\/li>\n<li><strong>Une l\u00e9gislation plus stricte<\/strong> concernant le stockage et la manipulation de mat\u00e9riaux potentiellement dangereux.<\/li>\n<\/ul>\n<p><strong>Enqu\u00eate en cours<\/strong><\/p>\n<p>Les autorit\u00e9s locales, appuy\u00e9es par les forces de s\u00e9curit\u00e9 et les services de d\u00e9minage, sont sur place pour s\u00e9curiser la zone de l\u2019explosion et enqu\u00eater sur les circonstances exactes du drame. Les bless\u00e9s ont \u00e9t\u00e9 transf\u00e9r\u00e9s \u00e0 l\u2019h\u00f4pital de proximit\u00e9 pour recevoir des soins.<\/p>\n<p>Cet incident tragique rappelle l&#8217;importance d&#8217;intensifier les efforts de pr\u00e9vention et de surveillance dans les zones \u00e0 risque pour \u00e9viter de nouvelles pertes humaines.<\/p>\n<p>&nbsp;<\/p>\n","protected":false},"excerpt":{"rendered":"<p>&nbsp; Deux personnes ont trouv\u00e9 la mort et une autre a \u00e9t\u00e9 bless\u00e9e ce matin suite \u00e0 l&#8217;explosion d&#8217;une mine dans la ville de Chami, en Mauritanie. Selon des sources locales, l&#8217;incident s&#8217;est produit alors que des ouvriers effectuaient des travaux de r\u00e9paration automobile et frappaient un objet m\u00e9tallique pour s&#8217;en servir comme support. Cet&#8230;..<\/p>\n","protected":false},"author":4,"featured_media":23430,"comment_status":"open","ping_status":"open","sticky":false,"template":"","format":"standard","meta":{"footnotes":""},"categories":[23,53],"tags":[],"class_list":["post-23429","post","type-post","status-publish","format-standard","has-post-thumbnail","hentry","category-actualite","category-faits-divers"],"yoast_head":"<!-- This site is optimized with the Yoast SEO plugin v27.5 - https:\/\/yoast.com\/product\/yoast-seo-wordpress\/ -->\n<title>Deux morts et un bless\u00e9 dans l&#039;explosion d&#039;une mine \u00e0 Chami - Le Quotidien de Nouakchott<\/title>\n<meta name=\"robots\" content=\"index, follow, max-snippet:-1, max-image-preview:large, max-video-preview:-1\" \/>\n<link rel=\"canonical\" href=\"https:\/\/lequotidien.mr\/?p=23429&lang=fr\" \/>\n<meta property=\"og:locale\" content=\"ar_AR\" \/>\n<meta property=\"og:type\" content=\"article\" \/>\n<meta property=\"og:title\" content=\"Deux morts et un bless\u00e9 dans l&#039;explosion d&#039;une mine \u00e0 Chami - Le Quotidien de Nouakchott\" \/>\n<meta property=\"og:description\" content=\"&nbsp; Deux personnes ont trouv\u00e9 la mort et une autre a \u00e9t\u00e9 bless\u00e9e ce matin suite \u00e0 l&#8217;explosion d&#8217;une mine dans la ville de Chami, en Mauritanie. Selon des sources locales, l&#8217;incident s&#8217;est produit alors que des ouvriers effectuaient des travaux de r\u00e9paration automobile et frappaient un objet m\u00e9tallique pour s&#8217;en servir comme support. Cet.....\" \/>\n<meta property=\"og:url\" content=\"https:\/\/lequotidien.mr\/?p=23429&amp;lang=fr\" \/>\n<meta property=\"og:site_name\" content=\"Le Quotidien de Nouakchott\" \/>\n<meta property=\"article:publisher\" content=\"https:\/\/web.facebook.com\/lequotidienmr\" \/>\n<meta property=\"article:published_time\" content=\"2024-12-07T13:43:24+00:00\" \/>\n<meta property=\"article:modified_time\" content=\"2024-12-09T09:35:28+00:00\" \/>\n<meta property=\"og:image\" content=\"https:\/\/lequotidien.mr\/wp-content\/uploads\/2024\/12\/images.jpeg\" \/>\n\t<meta property=\"og:image:width\" content=\"259\" \/>\n\t<meta property=\"og:image:height\" content=\"194\" \/>\n\t<meta property=\"og:image:type\" content=\"image\/jpeg\" \/>\n<meta name=\"author\" content=\"Le Quotidien\" \/>\n<meta name=\"twitter:card\" content=\"summary_large_image\" \/>\n<meta name=\"twitter:creator\" content=\"@lequotidienmr\" \/>\n<meta name=\"twitter:site\" content=\"@lequotidienmr\" \/>\n<meta name=\"twitter:label1\" content=\"\u0643\u064f\u062a\u0628 \u0628\u0648\u0627\u0633\u0637\u0629\" \/>\n\t<meta name=\"twitter:data1\" content=\"Le Quotidien\" \/>\n\t<meta name=\"twitter:label2\" content=\"\u0648\u0642\u062a \u0627\u0644\u0642\u0631\u0627\u0621\u0629 \u0627\u0644\u0645\u064f\u0642\u062f\u0651\u0631\" \/>\n\t<meta name=\"twitter:data2\" content=\"\u062f\u0642\u064a\u0642\u062a\u0627\u0646\" \/>\n<script type=\"application\/ld+json\" class=\"yoast-schema-graph\">{\"@context\":\"https:\\\/\\\/schema.org\",\"@graph\":[{\"@type\":\"Article\",\"@id\":\"https:\\\/\\\/lequotidien.mr\\\/?p=23429&lang=fr#article\",\"isPartOf\":{\"@id\":\"https:\\\/\\\/lequotidien.mr\\\/?p=23429&lang=fr\"},\"author\":{\"name\":\"Le Quotidien\",\"@id\":\"https:\\\/\\\/lequotidien.mr\\\/#\\\/schema\\\/person\\\/f90fcdaa970c60288de4ed2e64a56472\"},\"headline\":\"Deux morts et un bless\u00e9 dans l&#8217;explosion d&#8217;une mine \u00e0 Chami\",\"datePublished\":\"2024-12-07T13:43:24+00:00\",\"dateModified\":\"2024-12-09T09:35:28+00:00\",\"mainEntityOfPage\":{\"@id\":\"https:\\\/\\\/lequotidien.mr\\\/?p=23429&lang=fr\"},\"wordCount\":416,\"commentCount\":0,\"publisher\":{\"@id\":\"https:\\\/\\\/lequotidien.mr\\\/#organization\"},\"image\":{\"@id\":\"https:\\\/\\\/lequotidien.mr\\\/?p=23429&lang=fr#primaryimage\"},\"thumbnailUrl\":\"https:\\\/\\\/lequotidien.mr\\\/wp-content\\\/uploads\\\/2024\\\/12\\\/images.jpeg\",\"articleSection\":[\"ACTUALIT\u00c9\",\"FAITS DIVERS\"],\"inLanguage\":\"ar\",\"potentialAction\":[{\"@type\":\"CommentAction\",\"name\":\"Comment\",\"target\":[\"https:\\\/\\\/lequotidien.mr\\\/?p=23429&lang=fr#respond\"]}]},{\"@type\":\"WebPage\",\"@id\":\"https:\\\/\\\/lequotidien.mr\\\/?p=23429&lang=fr\",\"url\":\"https:\\\/\\\/lequotidien.mr\\\/?p=23429&lang=fr\",\"name\":\"Deux morts et un bless\u00e9 dans l'explosion d'une mine \u00e0 Chami - Le Quotidien de Nouakchott\",\"isPartOf\":{\"@id\":\"https:\\\/\\\/lequotidien.mr\\\/#website\"},\"primaryImageOfPage\":{\"@id\":\"https:\\\/\\\/lequotidien.mr\\\/?p=23429&lang=fr#primaryimage\"},\"image\":{\"@id\":\"https:\\\/\\\/lequotidien.mr\\\/?p=23429&lang=fr#primaryimage\"},\"thumbnailUrl\":\"https:\\\/\\\/lequotidien.mr\\\/wp-content\\\/uploads\\\/2024\\\/12\\\/images.jpeg\",\"datePublished\":\"2024-12-07T13:43:24+00:00\",\"dateModified\":\"2024-12-09T09:35:28+00:00\",\"breadcrumb\":{\"@id\":\"https:\\\/\\\/lequotidien.mr\\\/?p=23429&lang=fr#breadcrumb\"},\"inLanguage\":\"ar\",\"potentialAction\":[{\"@type\":\"ReadAction\",\"target\":[\"https:\\\/\\\/lequotidien.mr\\\/?p=23429&lang=fr\"]}]},{\"@type\":\"ImageObject\",\"inLanguage\":\"ar\",\"@id\":\"https:\\\/\\\/lequotidien.mr\\\/?p=23429&lang=fr#primaryimage\",\"url\":\"https:\\\/\\\/lequotidien.mr\\\/wp-content\\\/uploads\\\/2024\\\/12\\\/images.jpeg\",\"contentUrl\":\"https:\\\/\\\/lequotidien.mr\\\/wp-content\\\/uploads\\\/2024\\\/12\\\/images.jpeg\",\"width\":259,\"height\":194},{\"@type\":\"BreadcrumbList\",\"@id\":\"https:\\\/\\\/lequotidien.mr\\\/?p=23429&lang=fr#breadcrumb\",\"itemListElement\":[{\"@type\":\"ListItem\",\"position\":1,\"name\":\"Home\",\"item\":\"https:\\\/\\\/lequotidien.mr\\\/\"},{\"@type\":\"ListItem\",\"position\":2,\"name\":\"Deux morts et un bless\u00e9 dans l&#8217;explosion d&#8217;une mine \u00e0 Chami\"}]},{\"@type\":\"WebSite\",\"@id\":\"https:\\\/\\\/lequotidien.mr\\\/#website\",\"url\":\"https:\\\/\\\/lequotidien.mr\\\/\",\"name\":\"Le Quotidien de Nouakchott\",\"description\":\"\u0625\u062e\u0628\u0627\u0631\u064a\u0629 \u0645\u0633\u062a\u0642\u0644\u0629 \u0644\u0644\u0623\u0646\u0628\u0627\u0621 \u0627\u0644\u0639\u0627\u0645\u0629\",\"publisher\":{\"@id\":\"https:\\\/\\\/lequotidien.mr\\\/#organization\"},\"potentialAction\":[{\"@type\":\"SearchAction\",\"target\":{\"@type\":\"EntryPoint\",\"urlTemplate\":\"https:\\\/\\\/lequotidien.mr\\\/?s={search_term_string}\"},\"query-input\":{\"@type\":\"PropertyValueSpecification\",\"valueRequired\":true,\"valueName\":\"search_term_string\"}}],\"inLanguage\":\"ar\"},{\"@type\":\"Organization\",\"@id\":\"https:\\\/\\\/lequotidien.mr\\\/#organization\",\"name\":\"Le Quotidien de Nouakchott\",\"url\":\"https:\\\/\\\/lequotidien.mr\\\/\",\"logo\":{\"@type\":\"ImageObject\",\"inLanguage\":\"ar\",\"@id\":\"https:\\\/\\\/lequotidien.mr\\\/#\\\/schema\\\/logo\\\/image\\\/\",\"url\":\"https:\\\/\\\/lequotidien.mr\\\/wp-content\\\/uploads\\\/2022\\\/11\\\/logolequotidien.jpg\",\"contentUrl\":\"https:\\\/\\\/lequotidien.mr\\\/wp-content\\\/uploads\\\/2022\\\/11\\\/logolequotidien.jpg\",\"width\":290,\"height\":65,\"caption\":\"Le Quotidien de Nouakchott\"},\"image\":{\"@id\":\"https:\\\/\\\/lequotidien.mr\\\/#\\\/schema\\\/logo\\\/image\\\/\"},\"sameAs\":[\"https:\\\/\\\/web.facebook.com\\\/lequotidienmr\",\"https:\\\/\\\/x.com\\\/lequotidienmr\"]},{\"@type\":\"Person\",\"@id\":\"https:\\\/\\\/lequotidien.mr\\\/#\\\/schema\\\/person\\\/f90fcdaa970c60288de4ed2e64a56472\",\"name\":\"Le Quotidien\",\"image\":{\"@type\":\"ImageObject\",\"inLanguage\":\"ar\",\"@id\":\"https:\\\/\\\/secure.gravatar.com\\\/avatar\\\/374cb39a1a458a912465a93e5a3ce6546886fc3da809a1f10c63e4e8fcbca30f?s=96&d=mm&r=g\",\"url\":\"https:\\\/\\\/secure.gravatar.com\\\/avatar\\\/374cb39a1a458a912465a93e5a3ce6546886fc3da809a1f10c63e4e8fcbca30f?s=96&d=mm&r=g\",\"contentUrl\":\"https:\\\/\\\/secure.gravatar.com\\\/avatar\\\/374cb39a1a458a912465a93e5a3ce6546886fc3da809a1f10c63e4e8fcbca30f?s=96&d=mm&r=g\",\"caption\":\"Le Quotidien\"},\"sameAs\":[\"https:\\\/\\\/lequotidien.mr\\\/\"],\"url\":\"https:\\\/\\\/lequotidien.mr\\\/?author=4\"}]}<\/script>\n<!-- \/ Yoast SEO plugin. -->","yoast_head_json":{"title":"Deux morts et un bless\u00e9 dans l'explosion d'une mine \u00e0 Chami - Le Quotidien de Nouakchott","robots":{"index":"index","follow":"follow","max-snippet":"max-snippet:-1","max-image-preview":"max-image-preview:large","max-video-preview":"max-video-preview:-1"},"canonical":"https:\/\/lequotidien.mr\/?p=23429&lang=fr","og_locale":"ar_AR","og_type":"article","og_title":"Deux morts et un bless\u00e9 dans l'explosion d'une mine \u00e0 Chami - Le Quotidien de Nouakchott","og_description":"&nbsp; Deux personnes ont trouv\u00e9 la mort et une autre a \u00e9t\u00e9 bless\u00e9e ce matin suite \u00e0 l&#8217;explosion d&#8217;une mine dans la ville de Chami, en Mauritanie. Selon des sources locales, l&#8217;incident s&#8217;est produit alors que des ouvriers effectuaient des travaux de r\u00e9paration automobile et frappaient un objet m\u00e9tallique pour s&#8217;en servir comme support. Cet.....","og_url":"https:\/\/lequotidien.mr\/?p=23429&lang=fr","og_site_name":"Le Quotidien de Nouakchott","article_publisher":"https:\/\/web.facebook.com\/lequotidienmr","article_published_time":"2024-12-07T13:43:24+00:00","article_modified_time":"2024-12-09T09:35:28+00:00","og_image":[{"width":259,"height":194,"url":"https:\/\/lequotidien.mr\/wp-content\/uploads\/2024\/12\/images.jpeg","type":"image\/jpeg"}],"author":"Le Quotidien","twitter_card":"summary_large_image","twitter_creator":"@lequotidienmr","twitter_site":"@lequotidienmr","twitter_misc":{"\u0643\u064f\u062a\u0628 \u0628\u0648\u0627\u0633\u0637\u0629":"Le Quotidien","\u0648\u0642\u062a \u0627\u0644\u0642\u0631\u0627\u0621\u0629 \u0627\u0644\u0645\u064f\u0642\u062f\u0651\u0631":"\u062f\u0642\u064a\u0642\u062a\u0627\u0646"},"schema":{"@context":"https:\/\/schema.org","@graph":[{"@type":"Article","@id":"https:\/\/lequotidien.mr\/?p=23429&lang=fr#article","isPartOf":{"@id":"https:\/\/lequotidien.mr\/?p=23429&lang=fr"},"author":{"name":"Le Quotidien","@id":"https:\/\/lequotidien.mr\/#\/schema\/person\/f90fcdaa970c60288de4ed2e64a56472"},"headline":"Deux morts et un bless\u00e9 dans l&#8217;explosion d&#8217;une mine \u00e0 Chami","datePublished":"2024-12-07T13:43:24+00:00","dateModified":"2024-12-09T09:35:28+00:00","mainEntityOfPage":{"@id":"https:\/\/lequotidien.mr\/?p=23429&lang=fr"},"wordCount":416,"commentCount":0,"publisher":{"@id":"https:\/\/lequotidien.mr\/#organization"},"image":{"@id":"https:\/\/lequotidien.mr\/?p=23429&lang=fr#primaryimage"},"thumbnailUrl":"https:\/\/lequotidien.mr\/wp-content\/uploads\/2024\/12\/images.jpeg","articleSection":["ACTUALIT\u00c9","FAITS DIVERS"],"inLanguage":"ar","potentialAction":[{"@type":"CommentAction","name":"Comment","target":["https:\/\/lequotidien.mr\/?p=23429&lang=fr#respond"]}]},{"@type":"WebPage","@id":"https:\/\/lequotidien.mr\/?p=23429&lang=fr","url":"https:\/\/lequotidien.mr\/?p=23429&lang=fr","name":"Deux morts et un bless\u00e9 dans l'explosion d'une mine \u00e0 Chami - Le Quotidien de Nouakchott","isPartOf":{"@id":"https:\/\/lequotidien.mr\/#website"},"primaryImageOfPage":{"@id":"https:\/\/lequotidien.mr\/?p=23429&lang=fr#primaryimage"},"image":{"@id":"https:\/\/lequotidien.mr\/?p=23429&lang=fr#primaryimage"},"thumbnailUrl":"https:\/\/lequotidien.mr\/wp-content\/uploads\/2024\/12\/images.jpeg","datePublished":"2024-12-07T13:43:24+00:00","dateModified":"2024-12-09T09:35:28+00:00","breadcrumb":{"@id":"https:\/\/lequotidien.mr\/?p=23429&lang=fr#breadcrumb"},"inLanguage":"ar","potentialAction":[{"@type":"ReadAction","target":["https:\/\/lequotidien.mr\/?p=23429&lang=fr"]}]},{"@type":"ImageObject","inLanguage":"ar","@id":"https:\/\/lequotidien.mr\/?p=23429&lang=fr#primaryimage","url":"https:\/\/lequotidien.mr\/wp-content\/uploads\/2024\/12\/images.jpeg","contentUrl":"https:\/\/lequotidien.mr\/wp-content\/uploads\/2024\/12\/images.jpeg","width":259,"height":194},{"@type":"BreadcrumbList","@id":"https:\/\/lequotidien.mr\/?p=23429&lang=fr#breadcrumb","itemListElement":[{"@type":"ListItem","position":1,"name":"Home","item":"https:\/\/lequotidien.mr\/"},{"@type":"ListItem","position":2,"name":"Deux morts et un bless\u00e9 dans l&#8217;explosion d&#8217;une mine \u00e0 Chami"}]},{"@type":"WebSite","@id":"https:\/\/lequotidien.mr\/#website","url":"https:\/\/lequotidien.mr\/","name":"Le Quotidien de Nouakchott","description":"\u0625\u062e\u0628\u0627\u0631\u064a\u0629 \u0645\u0633\u062a\u0642\u0644\u0629 \u0644\u0644\u0623\u0646\u0628\u0627\u0621 \u0627\u0644\u0639\u0627\u0645\u0629","publisher":{"@id":"https:\/\/lequotidien.mr\/#organization"},"potentialAction":[{"@type":"SearchAction","target":{"@type":"EntryPoint","urlTemplate":"https:\/\/lequotidien.mr\/?s={search_term_string}"},"query-input":{"@type":"PropertyValueSpecification","valueRequired":true,"valueName":"search_term_string"}}],"inLanguage":"ar"},{"@type":"Organization","@id":"https:\/\/lequotidien.mr\/#organization","name":"Le Quotidien de Nouakchott","url":"https:\/\/lequotidien.mr\/","logo":{"@type":"ImageObject","inLanguage":"ar","@id":"https:\/\/lequotidien.mr\/#\/schema\/logo\/image\/","url":"https:\/\/lequotidien.mr\/wp-content\/uploads\/2022\/11\/logolequotidien.jpg","contentUrl":"https:\/\/lequotidien.mr\/wp-content\/uploads\/2022\/11\/logolequotidien.jpg","width":290,"height":65,"caption":"Le Quotidien de Nouakchott"},"image":{"@id":"https:\/\/lequotidien.mr\/#\/schema\/logo\/image\/"},"sameAs":["https:\/\/web.facebook.com\/lequotidienmr","https:\/\/x.com\/lequotidienmr"]},{"@type":"Person","@id":"https:\/\/lequotidien.mr\/#\/schema\/person\/f90fcdaa970c60288de4ed2e64a56472","name":"Le Quotidien","image":{"@type":"ImageObject","inLanguage":"ar","@id":"https:\/\/secure.gravatar.com\/avatar\/374cb39a1a458a912465a93e5a3ce6546886fc3da809a1f10c63e4e8fcbca30f?s=96&d=mm&r=g","url":"https:\/\/secure.gravatar.com\/avatar\/374cb39a1a458a912465a93e5a3ce6546886fc3da809a1f10c63e4e8fcbca30f?s=96&d=mm&r=g","contentUrl":"https:\/\/secure.gravatar.com\/avatar\/374cb39a1a458a912465a93e5a3ce6546886fc3da809a1f10c63e4e8fcbca30f?s=96&d=mm&r=g","caption":"Le Quotidien"},"sameAs":["https:\/\/lequotidien.mr\/"],"url":"https:\/\/lequotidien.mr\/?author=4"}]}},"_links":{"self":[{"href":"https:\/\/lequotidien.mr\/index.php?rest_route=\/wp\/v2\/posts\/23429","targetHints":{"allow":["GET"]}}],"collection":[{"href":"https:\/\/lequotidien.mr\/index.php?rest_route=\/wp\/v2\/posts"}],"about":[{"href":"https:\/\/lequotidien.mr\/index.php?rest_route=\/wp\/v2\/types\/post"}],"author":[{"embeddable":true,"href":"https:\/\/lequotidien.mr\/index.php?rest_route=\/wp\/v2\/users\/4"}],"replies":[{"embeddable":true,"href":"https:\/\/lequotidien.mr\/index.php?rest_route=%2Fwp%2Fv2%2Fcomments&post=23429"}],"version-history":[{"count":2,"href":"https:\/\/lequotidien.mr\/index.php?rest_route=\/wp\/v2\/posts\/23429\/revisions"}],"predecessor-version":[{"id":23455,"href":"https:\/\/lequotidien.mr\/index.php?rest_route=\/wp\/v2\/posts\/23429\/revisions\/23455"}],"wp:featuredmedia":[{"embeddable":true,"href":"https:\/\/lequotidien.mr\/index.php?rest_route=\/wp\/v2\/media\/23430"}],"wp:attachment":[{"href":"https:\/\/lequotidien.mr\/index.php?rest_route=%2Fwp%2Fv2%2Fmedia&parent=23429"}],"wp:term":[{"taxonomy":"category","embeddable":true,"href":"https:\/\/lequotidien.mr\/index.php?rest_route=%2Fwp%2Fv2%2Fcategories&post=23429"},{"taxonomy":"post_tag","embeddable":true,"href":"https:\/\/lequotidien.mr\/index.php?rest_route=%2Fwp%2Fv2%2Ftags&post=23429"}],"curies":[{"name":"wp","href":"https:\/\/api.w.org\/{rel}","templated":true}]}}