{"id":23421,"date":"2024-12-07T13:15:53","date_gmt":"2024-12-07T13:15:53","guid":{"rendered":"https:\/\/lequotidien.mr\/?p=23421"},"modified":"2024-12-07T13:15:53","modified_gmt":"2024-12-07T13:15:53","slug":"proces-de-la-decennie-divergence-sur-linterpretation-de-la-decision-du-conseil-constitutionnel","status":"publish","type":"post","link":"https:\/\/lequotidien.mr\/?p=23421&lang=fr","title":{"rendered":"Proc\u00e8s de la d\u00e9cennie divergence sur l&#8217;interpr\u00e9tation de la d\u00e9cision du Conseil Constitutionnel."},"content":{"rendered":"<p style=\"text-align: justify;\">Dans un communiqu\u00e9 publi\u00e9 suite \u00e0 la d\u00e9cision N\u00b0 2024\/09 du Conseil constitutionnel, la d\u00e9fense de l\u2019ancien pr\u00e9sident Mohamed Ould Abdel Aziz a exprim\u00e9 une position divergente face \u00e0 celle de la partie civile. Les avocats de l\u2019accus\u00e9 r\u00e9futent les conclusions tir\u00e9es par le Coll\u00e8ge des Avocats de l\u2019\u00c9tat, estimant que la d\u00e9cision du Conseil conforte leurs arguments sur l\u2019immunit\u00e9 constitutionnelle de leur client.<\/p>\n<h3 style=\"text-align: justify;\">Position de la d\u00e9fense<\/h3>\n<p style=\"text-align: justify;\">Selon le collectif des avocats, le Conseil constitutionnel n\u2019a examin\u00e9 qu\u2019un seul point de l\u2019article 2 de la loi N\u00b0 2016-014 relative \u00e0 la lutte contre la corruption, \u00e0 savoir le paragraphe 2b\/1. Ils soulignent que dans son article 2, le Conseil a affirm\u00e9 que :<\/p>\n<p style=\"text-align: justify;\">\u00ab La protection accord\u00e9e au pr\u00e9sident de la R\u00e9publique pendant l\u2019exercice de ses fonctions en vertu de l\u2019article 93 de la Constitution n\u2019est pas affect\u00e9e par les dispositions contest\u00e9es. \u00bb<\/p>\n<p style=\"text-align: justify;\">La d\u00e9fense estime que cette affirmation confirme la sup\u00e9riorit\u00e9 de l\u2019article 93 sur les lois ordinaires, consolidant ainsi leur position initiale selon laquelle l\u2019ancien pr\u00e9sident b\u00e9n\u00e9ficie d\u2019une immunit\u00e9 constitutionnelle pour les faits reproch\u00e9s. Selon eux, cette d\u00e9cision montre que les droits et pr\u00e9rogatives du pr\u00e9sident garantis par la Constitution restent pleinement prot\u00e9g\u00e9s.<\/p>\n<p style=\"text-align: justify;\">Le collectif critique \u00e9galement les accusations de d\u00e9sinformation port\u00e9es contre lui, affirmant que leur lecture repose sur les termes exacts de la d\u00e9cision, et accuse la partie civile de chercher \u00e0 d\u00e9tourner l\u2019attention des faits juridiques en manipulant l\u2019opinion publique.<\/p>\n<h3 style=\"text-align: justify;\">R\u00e9ponse de la partie civile<\/h3>\n<p style=\"text-align: justify;\">Le Coll\u00e8ge des Avocats de l\u2019\u00c9tat a, de son c\u00f4t\u00e9, publi\u00e9 un communiqu\u00e9 o\u00f9 il interpr\u00e8te diff\u00e9remment la d\u00e9cision du Conseil constitutionnel. Selon eux, la conformit\u00e9 de l\u2019article 2b \u00e0 la Constitution, telle qu\u2019affirm\u00e9e par le Conseil, \u00e9tablit clairement que Mohamed Ould Abdel Aziz peut \u00eatre poursuivi pour des faits de corruption devant les juridictions de droit commun, m\u00eame en sa qualit\u00e9 d\u2019ancien pr\u00e9sident.<\/p>\n<p style=\"text-align: justify;\">La partie civile rejette les arguments d\u2019immunit\u00e9 avanc\u00e9s par la d\u00e9fense, les qualifiant de &#8220;totalement infond\u00e9s&#8221;. Elle accuse \u00e9galement la d\u00e9fense de d\u00e9sinformation et de chercher \u00e0 d\u00e9tourner l\u2019attention de l\u2019opinion publique en faisant une lecture biais\u00e9e de la d\u00e9cision.<\/p>\n<h3 style=\"text-align: justify;\">Une confrontation juridique persistante<\/h3>\n<p style=\"text-align: justify;\">Ces positions oppos\u00e9es refl\u00e8tent les tensions croissantes dans ce proc\u00e8s \u00e0 haute charge symbolique. D\u2019un c\u00f4t\u00e9, la d\u00e9fense insiste sur la primaut\u00e9 de l\u2019article 93 de la Constitution pour prot\u00e9ger l\u2019ancien pr\u00e9sident. De l\u2019autre, la partie civile affirme que la d\u00e9cision du Conseil constitutionnel renforce l\u2019id\u00e9e que l\u2019immunit\u00e9 pr\u00e9sidentielle ne peut couvrir des actes de corruption. La bataille d\u2019interpr\u00e9tations promet de se poursuivre devant les juridictions comp\u00e9tentes.<\/p>\n<p style=\"text-align: justify;\">\n<h3 style=\"text-align: justify;\">Les implications juridiques et politiques de la d\u00e9cision<\/h3>\n<p style=\"text-align: justify;\">La d\u00e9cision du Conseil constitutionnel, bien qu&#8217;elle ait une autorit\u00e9 d\u00e9finitive et s&#8217;impose \u00e0 toutes les parties, est au c\u0153ur d&#8217;une lutte d&#8217;interpr\u00e9tation qui illustre les enjeux juridiques et politiques de cette affaire. Si la d\u00e9fense voit dans cette d\u00e9cision un soutien \u00e0 leur position sur l\u2019immunit\u00e9 pr\u00e9sidentielle, la partie civile insiste sur le fait qu\u2019elle ouvre la voie \u00e0 des poursuites judiciaires contre l\u2019ancien pr\u00e9sident pour des faits de corruption commis durant son mandat.<\/p>\n<p style=\"text-align: justify;\">Pour la d\u00e9fense, l\u2019article 93 de la Constitution reste une garantie essentielle pour prot\u00e9ger Mohamed Ould Abdel Aziz contre les poursuites. En revanche, la partie civile argue que cet article ne couvre pas les actes de corruption, consid\u00e9r\u00e9s comme des infractions graves contre l\u2019int\u00e9r\u00eat public.<\/p>\n<h3 style=\"text-align: justify;\">Une bataille d\u2019opinion<\/h3>\n<p style=\"text-align: justify;\">Les divergences entre les deux camps ne se limitent pas aux arguments juridiques, mais s\u2019\u00e9tendent \u00e9galement au domaine de l\u2019opinion publique. La d\u00e9fense accuse la partie civile d\u2019exploiter la m\u00e9diatisation de l\u2019affaire pour ternir l\u2019image de Mohamed Ould Abdel Aziz et d\u00e9tourner l\u2019attention des &#8220;failles&#8221; du syst\u00e8me judiciaire. \u00c0 l\u2019inverse, la partie civile reproche \u00e0 la d\u00e9fense de vouloir semer le doute sur la l\u00e9gitimit\u00e9 des institutions, notamment en minimisant la port\u00e9e de la d\u00e9cision du Conseil constitutionnel.<\/p>\n<h3 style=\"text-align: justify;\">Un d\u00e9bat au-del\u00e0 des tribunaux<\/h3>\n<p style=\"text-align: justify;\">Cette affaire ne se limite pas \u00e0 une confrontation juridique. Elle a des implications importantes pour le paysage politique mauritanien. L\u2019ancien pr\u00e9sident, accus\u00e9 de d\u00e9tournement de fonds publics et d\u2019abus de pouvoir, reste une figure controvers\u00e9e. Pour ses partisans, les poursuites engag\u00e9es contre lui rel\u00e8vent d\u2019une vendetta politique. Pour ses d\u00e9tracteurs, elles repr\u00e9sentent une \u00e9tape n\u00e9cessaire pour renforcer l\u2019\u00c9tat de droit et lutter contre l\u2019impunit\u00e9.<\/p>\n<h3 style=\"text-align: justify;\">La suite de la proc\u00e9dure<\/h3>\n<p style=\"text-align: justify;\">Alors que la d\u00e9cision du Conseil constitutionnel renforce les fondements l\u00e9gaux du proc\u00e8s, les prochaines \u00e9tapes devant les juridictions de droit commun s\u2019annoncent cruciales. Elles devront clarifier non seulement les responsabilit\u00e9s de Mohamed Ould Abdel Aziz, mais \u00e9galement l\u2019application des lois anti-corruption dans un contexte o\u00f9 les institutions judiciaires et politiques sont sous forte pression.<\/p>\n<p style=\"text-align: justify;\">Le d\u00e9bat sur l\u2019immunit\u00e9 pr\u00e9sidentielle, relanc\u00e9 par cette affaire, pourrait \u00e9galement avoir des r\u00e9percussions durables sur la r\u00e9forme institutionnelle en Mauritanie, en posant la question de l\u2019\u00e9quilibre entre les pouvoirs et les limites de la responsabilit\u00e9 des hauts dirigeants.<\/p>\n<p style=\"text-align: justify;\">Ce proc\u00e8s, au-del\u00e0 de son enjeu imm\u00e9diat, est donc aussi un test pour la cr\u00e9dibilit\u00e9 du syst\u00e8me judiciaire et l\u2019avenir de la gouvernance dans le pays.<\/p>\n<p style=\"text-align: justify;\"><span style=\"font-family: 'Arial',sans-serif;\">\u00a0<\/span><\/p>\n","protected":false},"excerpt":{"rendered":"<p>Dans un communiqu\u00e9 publi\u00e9 suite \u00e0 la d\u00e9cision N\u00b0 2024\/09 du Conseil constitutionnel, la d\u00e9fense de l\u2019ancien pr\u00e9sident Mohamed Ould Abdel Aziz a exprim\u00e9 une position divergente face \u00e0 celle de la partie civile. Les avocats de l\u2019accus\u00e9 r\u00e9futent les conclusions tir\u00e9es par le Coll\u00e8ge des Avocats de l\u2019\u00c9tat, estimant que la d\u00e9cision du Conseil&#8230;..<\/p>\n","protected":false},"author":4,"featured_media":23425,"comment_status":"open","ping_status":"open","sticky":false,"template":"","format":"standard","meta":{"footnotes":""},"categories":[23,53],"tags":[],"class_list":["post-23421","post","type-post","status-publish","format-standard","has-post-thumbnail","hentry","category-actualite","category-faits-divers"],"yoast_head":"<!-- This site is optimized with the Yoast SEO plugin v27.5 - https:\/\/yoast.com\/product\/yoast-seo-wordpress\/ -->\n<title>Proc\u00e8s de la d\u00e9cennie divergence sur l&#039;interpr\u00e9tation de la d\u00e9cision du Conseil Constitutionnel. - Le Quotidien de Nouakchott<\/title>\n<meta name=\"robots\" content=\"index, follow, max-snippet:-1, max-image-preview:large, max-video-preview:-1\" \/>\n<link rel=\"canonical\" href=\"https:\/\/lequotidien.mr\/?p=23421&lang=fr\" \/>\n<meta property=\"og:locale\" content=\"ar_AR\" \/>\n<meta property=\"og:type\" content=\"article\" \/>\n<meta property=\"og:title\" content=\"Proc\u00e8s de la d\u00e9cennie divergence sur l&#039;interpr\u00e9tation de la d\u00e9cision du Conseil Constitutionnel. - Le Quotidien de Nouakchott\" \/>\n<meta property=\"og:description\" content=\"Dans un communiqu\u00e9 publi\u00e9 suite \u00e0 la d\u00e9cision N\u00b0 2024\/09 du Conseil constitutionnel, la d\u00e9fense de l\u2019ancien pr\u00e9sident Mohamed Ould Abdel Aziz a exprim\u00e9 une position divergente face \u00e0 celle de la partie civile. Les avocats de l\u2019accus\u00e9 r\u00e9futent les conclusions tir\u00e9es par le Coll\u00e8ge des Avocats de l\u2019\u00c9tat, estimant que la d\u00e9cision du Conseil.....\" \/>\n<meta property=\"og:url\" content=\"https:\/\/lequotidien.mr\/?p=23421&amp;lang=fr\" \/>\n<meta property=\"og:site_name\" content=\"Le Quotidien de Nouakchott\" \/>\n<meta property=\"article:publisher\" content=\"https:\/\/web.facebook.com\/lequotidienmr\" \/>\n<meta property=\"article:published_time\" content=\"2024-12-07T13:15:53+00:00\" \/>\n<meta property=\"og:image\" content=\"https:\/\/lequotidien.mr\/wp-content\/uploads\/2024\/12\/aziz.jpg\" \/>\n\t<meta property=\"og:image:width\" content=\"280\" \/>\n\t<meta property=\"og:image:height\" content=\"186\" \/>\n\t<meta property=\"og:image:type\" content=\"image\/jpeg\" \/>\n<meta name=\"author\" content=\"Le Quotidien\" \/>\n<meta name=\"twitter:card\" content=\"summary_large_image\" \/>\n<meta name=\"twitter:creator\" content=\"@lequotidienmr\" \/>\n<meta name=\"twitter:site\" content=\"@lequotidienmr\" \/>\n<meta name=\"twitter:label1\" content=\"\u0643\u064f\u062a\u0628 \u0628\u0648\u0627\u0633\u0637\u0629\" \/>\n\t<meta name=\"twitter:data1\" content=\"Le Quotidien\" \/>\n\t<meta name=\"twitter:label2\" content=\"\u0648\u0642\u062a \u0627\u0644\u0642\u0631\u0627\u0621\u0629 \u0627\u0644\u0645\u064f\u0642\u062f\u0651\u0631\" \/>\n\t<meta name=\"twitter:data2\" content=\"5 \u062f\u0642\u0627\u0626\u0642\" \/>\n<script type=\"application\/ld+json\" class=\"yoast-schema-graph\">{\"@context\":\"https:\\\/\\\/schema.org\",\"@graph\":[{\"@type\":\"Article\",\"@id\":\"https:\\\/\\\/lequotidien.mr\\\/?p=23421&lang=fr#article\",\"isPartOf\":{\"@id\":\"https:\\\/\\\/lequotidien.mr\\\/?p=23421&lang=fr\"},\"author\":{\"name\":\"Le Quotidien\",\"@id\":\"https:\\\/\\\/lequotidien.mr\\\/#\\\/schema\\\/person\\\/f90fcdaa970c60288de4ed2e64a56472\"},\"headline\":\"Proc\u00e8s de la d\u00e9cennie divergence sur l&#8217;interpr\u00e9tation de la d\u00e9cision du Conseil Constitutionnel.\",\"datePublished\":\"2024-12-07T13:15:53+00:00\",\"mainEntityOfPage\":{\"@id\":\"https:\\\/\\\/lequotidien.mr\\\/?p=23421&lang=fr\"},\"wordCount\":972,\"commentCount\":0,\"publisher\":{\"@id\":\"https:\\\/\\\/lequotidien.mr\\\/#organization\"},\"image\":{\"@id\":\"https:\\\/\\\/lequotidien.mr\\\/?p=23421&lang=fr#primaryimage\"},\"thumbnailUrl\":\"https:\\\/\\\/lequotidien.mr\\\/wp-content\\\/uploads\\\/2024\\\/12\\\/aziz.jpg\",\"articleSection\":[\"ACTUALIT\u00c9\",\"FAITS DIVERS\"],\"inLanguage\":\"ar\",\"potentialAction\":[{\"@type\":\"CommentAction\",\"name\":\"Comment\",\"target\":[\"https:\\\/\\\/lequotidien.mr\\\/?p=23421&lang=fr#respond\"]}]},{\"@type\":\"WebPage\",\"@id\":\"https:\\\/\\\/lequotidien.mr\\\/?p=23421&lang=fr\",\"url\":\"https:\\\/\\\/lequotidien.mr\\\/?p=23421&lang=fr\",\"name\":\"Proc\u00e8s de la d\u00e9cennie divergence sur l'interpr\u00e9tation de la d\u00e9cision du Conseil Constitutionnel. - Le Quotidien de Nouakchott\",\"isPartOf\":{\"@id\":\"https:\\\/\\\/lequotidien.mr\\\/#website\"},\"primaryImageOfPage\":{\"@id\":\"https:\\\/\\\/lequotidien.mr\\\/?p=23421&lang=fr#primaryimage\"},\"image\":{\"@id\":\"https:\\\/\\\/lequotidien.mr\\\/?p=23421&lang=fr#primaryimage\"},\"thumbnailUrl\":\"https:\\\/\\\/lequotidien.mr\\\/wp-content\\\/uploads\\\/2024\\\/12\\\/aziz.jpg\",\"datePublished\":\"2024-12-07T13:15:53+00:00\",\"breadcrumb\":{\"@id\":\"https:\\\/\\\/lequotidien.mr\\\/?p=23421&lang=fr#breadcrumb\"},\"inLanguage\":\"ar\",\"potentialAction\":[{\"@type\":\"ReadAction\",\"target\":[\"https:\\\/\\\/lequotidien.mr\\\/?p=23421&lang=fr\"]}]},{\"@type\":\"ImageObject\",\"inLanguage\":\"ar\",\"@id\":\"https:\\\/\\\/lequotidien.mr\\\/?p=23421&lang=fr#primaryimage\",\"url\":\"https:\\\/\\\/lequotidien.mr\\\/wp-content\\\/uploads\\\/2024\\\/12\\\/aziz.jpg\",\"contentUrl\":\"https:\\\/\\\/lequotidien.mr\\\/wp-content\\\/uploads\\\/2024\\\/12\\\/aziz.jpg\",\"width\":280,\"height\":186},{\"@type\":\"BreadcrumbList\",\"@id\":\"https:\\\/\\\/lequotidien.mr\\\/?p=23421&lang=fr#breadcrumb\",\"itemListElement\":[{\"@type\":\"ListItem\",\"position\":1,\"name\":\"Home\",\"item\":\"https:\\\/\\\/lequotidien.mr\\\/\"},{\"@type\":\"ListItem\",\"position\":2,\"name\":\"Proc\u00e8s de la d\u00e9cennie divergence sur l&#8217;interpr\u00e9tation de la d\u00e9cision du Conseil Constitutionnel.\"}]},{\"@type\":\"WebSite\",\"@id\":\"https:\\\/\\\/lequotidien.mr\\\/#website\",\"url\":\"https:\\\/\\\/lequotidien.mr\\\/\",\"name\":\"Le Quotidien de Nouakchott\",\"description\":\"\u0625\u062e\u0628\u0627\u0631\u064a\u0629 \u0645\u0633\u062a\u0642\u0644\u0629 \u0644\u0644\u0623\u0646\u0628\u0627\u0621 \u0627\u0644\u0639\u0627\u0645\u0629\",\"publisher\":{\"@id\":\"https:\\\/\\\/lequotidien.mr\\\/#organization\"},\"potentialAction\":[{\"@type\":\"SearchAction\",\"target\":{\"@type\":\"EntryPoint\",\"urlTemplate\":\"https:\\\/\\\/lequotidien.mr\\\/?s={search_term_string}\"},\"query-input\":{\"@type\":\"PropertyValueSpecification\",\"valueRequired\":true,\"valueName\":\"search_term_string\"}}],\"inLanguage\":\"ar\"},{\"@type\":\"Organization\",\"@id\":\"https:\\\/\\\/lequotidien.mr\\\/#organization\",\"name\":\"Le Quotidien de Nouakchott\",\"url\":\"https:\\\/\\\/lequotidien.mr\\\/\",\"logo\":{\"@type\":\"ImageObject\",\"inLanguage\":\"ar\",\"@id\":\"https:\\\/\\\/lequotidien.mr\\\/#\\\/schema\\\/logo\\\/image\\\/\",\"url\":\"https:\\\/\\\/lequotidien.mr\\\/wp-content\\\/uploads\\\/2022\\\/11\\\/logolequotidien.jpg\",\"contentUrl\":\"https:\\\/\\\/lequotidien.mr\\\/wp-content\\\/uploads\\\/2022\\\/11\\\/logolequotidien.jpg\",\"width\":290,\"height\":65,\"caption\":\"Le Quotidien de Nouakchott\"},\"image\":{\"@id\":\"https:\\\/\\\/lequotidien.mr\\\/#\\\/schema\\\/logo\\\/image\\\/\"},\"sameAs\":[\"https:\\\/\\\/web.facebook.com\\\/lequotidienmr\",\"https:\\\/\\\/x.com\\\/lequotidienmr\"]},{\"@type\":\"Person\",\"@id\":\"https:\\\/\\\/lequotidien.mr\\\/#\\\/schema\\\/person\\\/f90fcdaa970c60288de4ed2e64a56472\",\"name\":\"Le Quotidien\",\"image\":{\"@type\":\"ImageObject\",\"inLanguage\":\"ar\",\"@id\":\"https:\\\/\\\/secure.gravatar.com\\\/avatar\\\/374cb39a1a458a912465a93e5a3ce6546886fc3da809a1f10c63e4e8fcbca30f?s=96&d=mm&r=g\",\"url\":\"https:\\\/\\\/secure.gravatar.com\\\/avatar\\\/374cb39a1a458a912465a93e5a3ce6546886fc3da809a1f10c63e4e8fcbca30f?s=96&d=mm&r=g\",\"contentUrl\":\"https:\\\/\\\/secure.gravatar.com\\\/avatar\\\/374cb39a1a458a912465a93e5a3ce6546886fc3da809a1f10c63e4e8fcbca30f?s=96&d=mm&r=g\",\"caption\":\"Le Quotidien\"},\"sameAs\":[\"https:\\\/\\\/lequotidien.mr\\\/\"],\"url\":\"https:\\\/\\\/lequotidien.mr\\\/?author=4\"}]}<\/script>\n<!-- \/ Yoast SEO plugin. -->","yoast_head_json":{"title":"Proc\u00e8s de la d\u00e9cennie divergence sur l'interpr\u00e9tation de la d\u00e9cision du Conseil Constitutionnel. - Le Quotidien de Nouakchott","robots":{"index":"index","follow":"follow","max-snippet":"max-snippet:-1","max-image-preview":"max-image-preview:large","max-video-preview":"max-video-preview:-1"},"canonical":"https:\/\/lequotidien.mr\/?p=23421&lang=fr","og_locale":"ar_AR","og_type":"article","og_title":"Proc\u00e8s de la d\u00e9cennie divergence sur l'interpr\u00e9tation de la d\u00e9cision du Conseil Constitutionnel. - Le Quotidien de Nouakchott","og_description":"Dans un communiqu\u00e9 publi\u00e9 suite \u00e0 la d\u00e9cision N\u00b0 2024\/09 du Conseil constitutionnel, la d\u00e9fense de l\u2019ancien pr\u00e9sident Mohamed Ould Abdel Aziz a exprim\u00e9 une position divergente face \u00e0 celle de la partie civile. Les avocats de l\u2019accus\u00e9 r\u00e9futent les conclusions tir\u00e9es par le Coll\u00e8ge des Avocats de l\u2019\u00c9tat, estimant que la d\u00e9cision du Conseil.....","og_url":"https:\/\/lequotidien.mr\/?p=23421&lang=fr","og_site_name":"Le Quotidien de Nouakchott","article_publisher":"https:\/\/web.facebook.com\/lequotidienmr","article_published_time":"2024-12-07T13:15:53+00:00","og_image":[{"width":280,"height":186,"url":"https:\/\/lequotidien.mr\/wp-content\/uploads\/2024\/12\/aziz.jpg","type":"image\/jpeg"}],"author":"Le Quotidien","twitter_card":"summary_large_image","twitter_creator":"@lequotidienmr","twitter_site":"@lequotidienmr","twitter_misc":{"\u0643\u064f\u062a\u0628 \u0628\u0648\u0627\u0633\u0637\u0629":"Le Quotidien","\u0648\u0642\u062a \u0627\u0644\u0642\u0631\u0627\u0621\u0629 \u0627\u0644\u0645\u064f\u0642\u062f\u0651\u0631":"5 \u062f\u0642\u0627\u0626\u0642"},"schema":{"@context":"https:\/\/schema.org","@graph":[{"@type":"Article","@id":"https:\/\/lequotidien.mr\/?p=23421&lang=fr#article","isPartOf":{"@id":"https:\/\/lequotidien.mr\/?p=23421&lang=fr"},"author":{"name":"Le Quotidien","@id":"https:\/\/lequotidien.mr\/#\/schema\/person\/f90fcdaa970c60288de4ed2e64a56472"},"headline":"Proc\u00e8s de la d\u00e9cennie divergence sur l&#8217;interpr\u00e9tation de la d\u00e9cision du Conseil Constitutionnel.","datePublished":"2024-12-07T13:15:53+00:00","mainEntityOfPage":{"@id":"https:\/\/lequotidien.mr\/?p=23421&lang=fr"},"wordCount":972,"commentCount":0,"publisher":{"@id":"https:\/\/lequotidien.mr\/#organization"},"image":{"@id":"https:\/\/lequotidien.mr\/?p=23421&lang=fr#primaryimage"},"thumbnailUrl":"https:\/\/lequotidien.mr\/wp-content\/uploads\/2024\/12\/aziz.jpg","articleSection":["ACTUALIT\u00c9","FAITS DIVERS"],"inLanguage":"ar","potentialAction":[{"@type":"CommentAction","name":"Comment","target":["https:\/\/lequotidien.mr\/?p=23421&lang=fr#respond"]}]},{"@type":"WebPage","@id":"https:\/\/lequotidien.mr\/?p=23421&lang=fr","url":"https:\/\/lequotidien.mr\/?p=23421&lang=fr","name":"Proc\u00e8s de la d\u00e9cennie divergence sur l'interpr\u00e9tation de la d\u00e9cision du Conseil Constitutionnel. - Le Quotidien de Nouakchott","isPartOf":{"@id":"https:\/\/lequotidien.mr\/#website"},"primaryImageOfPage":{"@id":"https:\/\/lequotidien.mr\/?p=23421&lang=fr#primaryimage"},"image":{"@id":"https:\/\/lequotidien.mr\/?p=23421&lang=fr#primaryimage"},"thumbnailUrl":"https:\/\/lequotidien.mr\/wp-content\/uploads\/2024\/12\/aziz.jpg","datePublished":"2024-12-07T13:15:53+00:00","breadcrumb":{"@id":"https:\/\/lequotidien.mr\/?p=23421&lang=fr#breadcrumb"},"inLanguage":"ar","potentialAction":[{"@type":"ReadAction","target":["https:\/\/lequotidien.mr\/?p=23421&lang=fr"]}]},{"@type":"ImageObject","inLanguage":"ar","@id":"https:\/\/lequotidien.mr\/?p=23421&lang=fr#primaryimage","url":"https:\/\/lequotidien.mr\/wp-content\/uploads\/2024\/12\/aziz.jpg","contentUrl":"https:\/\/lequotidien.mr\/wp-content\/uploads\/2024\/12\/aziz.jpg","width":280,"height":186},{"@type":"BreadcrumbList","@id":"https:\/\/lequotidien.mr\/?p=23421&lang=fr#breadcrumb","itemListElement":[{"@type":"ListItem","position":1,"name":"Home","item":"https:\/\/lequotidien.mr\/"},{"@type":"ListItem","position":2,"name":"Proc\u00e8s de la d\u00e9cennie divergence sur l&#8217;interpr\u00e9tation de la d\u00e9cision du Conseil Constitutionnel."}]},{"@type":"WebSite","@id":"https:\/\/lequotidien.mr\/#website","url":"https:\/\/lequotidien.mr\/","name":"Le Quotidien de Nouakchott","description":"\u0625\u062e\u0628\u0627\u0631\u064a\u0629 \u0645\u0633\u062a\u0642\u0644\u0629 \u0644\u0644\u0623\u0646\u0628\u0627\u0621 \u0627\u0644\u0639\u0627\u0645\u0629","publisher":{"@id":"https:\/\/lequotidien.mr\/#organization"},"potentialAction":[{"@type":"SearchAction","target":{"@type":"EntryPoint","urlTemplate":"https:\/\/lequotidien.mr\/?s={search_term_string}"},"query-input":{"@type":"PropertyValueSpecification","valueRequired":true,"valueName":"search_term_string"}}],"inLanguage":"ar"},{"@type":"Organization","@id":"https:\/\/lequotidien.mr\/#organization","name":"Le Quotidien de Nouakchott","url":"https:\/\/lequotidien.mr\/","logo":{"@type":"ImageObject","inLanguage":"ar","@id":"https:\/\/lequotidien.mr\/#\/schema\/logo\/image\/","url":"https:\/\/lequotidien.mr\/wp-content\/uploads\/2022\/11\/logolequotidien.jpg","contentUrl":"https:\/\/lequotidien.mr\/wp-content\/uploads\/2022\/11\/logolequotidien.jpg","width":290,"height":65,"caption":"Le Quotidien de Nouakchott"},"image":{"@id":"https:\/\/lequotidien.mr\/#\/schema\/logo\/image\/"},"sameAs":["https:\/\/web.facebook.com\/lequotidienmr","https:\/\/x.com\/lequotidienmr"]},{"@type":"Person","@id":"https:\/\/lequotidien.mr\/#\/schema\/person\/f90fcdaa970c60288de4ed2e64a56472","name":"Le Quotidien","image":{"@type":"ImageObject","inLanguage":"ar","@id":"https:\/\/secure.gravatar.com\/avatar\/374cb39a1a458a912465a93e5a3ce6546886fc3da809a1f10c63e4e8fcbca30f?s=96&d=mm&r=g","url":"https:\/\/secure.gravatar.com\/avatar\/374cb39a1a458a912465a93e5a3ce6546886fc3da809a1f10c63e4e8fcbca30f?s=96&d=mm&r=g","contentUrl":"https:\/\/secure.gravatar.com\/avatar\/374cb39a1a458a912465a93e5a3ce6546886fc3da809a1f10c63e4e8fcbca30f?s=96&d=mm&r=g","caption":"Le Quotidien"},"sameAs":["https:\/\/lequotidien.mr\/"],"url":"https:\/\/lequotidien.mr\/?author=4"}]}},"_links":{"self":[{"href":"https:\/\/lequotidien.mr\/index.php?rest_route=\/wp\/v2\/posts\/23421","targetHints":{"allow":["GET"]}}],"collection":[{"href":"https:\/\/lequotidien.mr\/index.php?rest_route=\/wp\/v2\/posts"}],"about":[{"href":"https:\/\/lequotidien.mr\/index.php?rest_route=\/wp\/v2\/types\/post"}],"author":[{"embeddable":true,"href":"https:\/\/lequotidien.mr\/index.php?rest_route=\/wp\/v2\/users\/4"}],"replies":[{"embeddable":true,"href":"https:\/\/lequotidien.mr\/index.php?rest_route=%2Fwp%2Fv2%2Fcomments&post=23421"}],"version-history":[{"count":1,"href":"https:\/\/lequotidien.mr\/index.php?rest_route=\/wp\/v2\/posts\/23421\/revisions"}],"predecessor-version":[{"id":23426,"href":"https:\/\/lequotidien.mr\/index.php?rest_route=\/wp\/v2\/posts\/23421\/revisions\/23426"}],"wp:featuredmedia":[{"embeddable":true,"href":"https:\/\/lequotidien.mr\/index.php?rest_route=\/wp\/v2\/media\/23425"}],"wp:attachment":[{"href":"https:\/\/lequotidien.mr\/index.php?rest_route=%2Fwp%2Fv2%2Fmedia&parent=23421"}],"wp:term":[{"taxonomy":"category","embeddable":true,"href":"https:\/\/lequotidien.mr\/index.php?rest_route=%2Fwp%2Fv2%2Fcategories&post=23421"},{"taxonomy":"post_tag","embeddable":true,"href":"https:\/\/lequotidien.mr\/index.php?rest_route=%2Fwp%2Fv2%2Ftags&post=23421"}],"curies":[{"name":"wp","href":"https:\/\/api.w.org\/{rel}","templated":true}]}}