{"id":23410,"date":"2024-12-06T23:46:26","date_gmt":"2024-12-06T23:46:26","guid":{"rendered":"https:\/\/lequotidien.mr\/?p=23410"},"modified":"2024-12-06T23:46:26","modified_gmt":"2024-12-06T23:46:26","slug":"cloture-des-travaux-de-la-commission-mixte-mauritano-europeenne-sur-laccord-de-partenariat-de-peche","status":"publish","type":"post","link":"https:\/\/lequotidien.mr\/?p=23410&lang=fr","title":{"rendered":"Cl\u00f4ture des travaux de la commission mixte mauritano-europ\u00e9enne sur l&#8217;accord de partenariat de p\u00eache"},"content":{"rendered":"<p>Les travaux de la <strong>commission mixte mauritano-europ\u00e9enne<\/strong> pour le suivi de l&#8217;accord de partenariat dans le domaine de la p\u00eache entre la Mauritanie et l&#8217;Union europ\u00e9enne se sont achev\u00e9s vendredi, au si\u00e8ge du <strong>minist\u00e8re de la p\u00eache, des infrastructures maritimes et portuaires<\/strong> \u00e0 Nouakchott.<\/p>\n<p>La r\u00e9union a \u00e9t\u00e9 marqu\u00e9e par la signature du <strong>proc\u00e8s-verbal<\/strong> par les repr\u00e9sentants des deux parties : <strong>M. Sidi Aly Sidi Boubakar<\/strong>, secr\u00e9taire g\u00e9n\u00e9ral du minist\u00e8re, charg\u00e9 des accords de partenariat dans le domaine de la p\u00eache, pour la Mauritanie, et <strong>Mme Charlotte Gobin<\/strong>, chef adjointe de l&#8217;unit\u00e9 des relations commerciales et des accords de partenariat dans le domaine de la p\u00eache \u00e0 la direction g\u00e9n\u00e9rale de la p\u00eache (DG P\u00eache), pour l&#8217;Union europ\u00e9enne.<\/p>\n<p>Le compte-rendu des discussions r\u00e9v\u00e8le que les deux parties ont atteint un <strong>consensus sur toutes les questions abord\u00e9es<\/strong>. Elles ont exprim\u00e9 leur satisfaction quant \u00e0 la qualit\u00e9 des \u00e9changes, men\u00e9s dans un climat empreint de <strong>franchise, de confiance mutuelle et de respect<\/strong>.<\/p>\n<p>\u00ab Nous saluons la transparence et la coop\u00e9ration qui ont caract\u00e9ris\u00e9 ces discussions. Cet esprit d&#8217;entente est essentiel pour renforcer les bases de notre partenariat strat\u00e9gique dans le secteur de la p\u00eache \u00bb, a d\u00e9clar\u00e9 Mme Gobin.<\/p>\n<p>Les parties ont mis en avant leur <strong>engagement mutuel<\/strong> \u00e0 mettre en \u0153uvre les points convenus lors des discussions. Parmi les priorit\u00e9s figurent : la consolidation des projets en cours, l&#8217;intensification des efforts pour une <strong>gestion durable des ressources halieutiques<\/strong>, et la conception de nouvelles initiatives visant \u00e0 renforcer le partenariat dans le domaine de la p\u00eache.<\/p>\n<p>Sidi Aly Sidi Boubakar a soulign\u00e9 l&#8217;importance de ce partenariat : \u00ab La p\u00eache est un secteur vital pour la Mauritanie, tant sur le plan \u00e9conomique qu&#8217;\u00e9cologique. Ce partenariat avec l&#8217;Union europ\u00e9enne contribue \u00e0 la pr\u00e9servation de nos ressources marines tout en garantissant des retomb\u00e9es socio-\u00e9conomiques pour notre pays.\u00bb<\/p>\n<p>L&#8217;accord de partenariat dans le domaine de la p\u00eache entre la Mauritanie et l&#8217;Union europ\u00e9enne est l&#8217;un des <strong>plus importants accords de p\u00eache bilat\u00e9raux dans la r\u00e9gion<\/strong>. Il repose sur des principes de durabilit\u00e9, avec un objectif commun : garantir une exploitation responsable des ressources maritimes tout en soutenant les communaut\u00e9s locales.<\/p>\n<p>Cet accord offre \u00e0 l&#8217;Union europ\u00e9enne l&#8217;acc\u00e8s \u00e0 une partie des richesses ressources halieutiques mauritaniennes, en contrepartie de compensations financi\u00e8res et d&#8217;appuis techniques, notamment pour le d\u00e9veloppement des infrastructures et le renforcement des capacit\u00e9s dans le secteur de la p\u00eache en Mauritanie.<\/p>\n<p>La r\u00e9union s&#8217;est conclue sur une note optimiste, les deux parties exprimant leur enthousiasme quant \u00e0 la mise en \u0153uvre des accords. Elles ont r\u00e9it\u00e9r\u00e9 leur <strong>d\u00e9termination \u00e0 travailler ensemble pour relever les d\u00e9fis li\u00e9s \u00e0 la p\u00eache durable<\/strong> et renforcer leur coop\u00e9ration pour les ann\u00e9es \u00e0 venir.<\/p>\n<p>Ce dialogue constructif t\u00e9moigne de l&#8217;importance croissante de la coop\u00e9ration internationale dans la gestion des ressources naturelles, en vue d&#8217;un d\u00e9veloppement durable et \u00e9quitable.<\/p>\n","protected":false},"excerpt":{"rendered":"<p>Les travaux de la commission mixte mauritano-europ\u00e9enne pour le suivi de l&#8217;accord de partenariat dans le domaine de la p\u00eache entre la Mauritanie et l&#8217;Union europ\u00e9enne se sont achev\u00e9s vendredi, au si\u00e8ge du minist\u00e8re de la p\u00eache, des infrastructures maritimes et portuaires \u00e0 Nouakchott. La r\u00e9union a \u00e9t\u00e9 marqu\u00e9e par la signature du proc\u00e8s-verbal par&#8230;..<\/p>\n","protected":false},"author":12,"featured_media":23411,"comment_status":"open","ping_status":"open","sticky":false,"template":"","format":"standard","meta":{"footnotes":""},"categories":[23,49],"tags":[],"class_list":["post-23410","post","type-post","status-publish","format-standard","has-post-thumbnail","hentry","category-actualite","category-economie"],"yoast_head":"<!-- This site is optimized with the Yoast SEO plugin v27.5 - https:\/\/yoast.com\/product\/yoast-seo-wordpress\/ -->\n<title>Cl\u00f4ture des travaux de la commission mixte mauritano-europ\u00e9enne sur l&#039;accord de partenariat de p\u00eache - Le Quotidien de Nouakchott<\/title>\n<meta name=\"robots\" content=\"index, follow, max-snippet:-1, max-image-preview:large, max-video-preview:-1\" \/>\n<link rel=\"canonical\" href=\"https:\/\/lequotidien.mr\/?p=23410&lang=fr\" \/>\n<meta property=\"og:locale\" content=\"ar_AR\" \/>\n<meta property=\"og:type\" content=\"article\" \/>\n<meta property=\"og:title\" content=\"Cl\u00f4ture des travaux de la commission mixte mauritano-europ\u00e9enne sur l&#039;accord de partenariat de p\u00eache - Le Quotidien de Nouakchott\" \/>\n<meta property=\"og:description\" content=\"Les travaux de la commission mixte mauritano-europ\u00e9enne pour le suivi de l&#8217;accord de partenariat dans le domaine de la p\u00eache entre la Mauritanie et l&#8217;Union europ\u00e9enne se sont achev\u00e9s vendredi, au si\u00e8ge du minist\u00e8re de la p\u00eache, des infrastructures maritimes et portuaires \u00e0 Nouakchott. La r\u00e9union a \u00e9t\u00e9 marqu\u00e9e par la signature du proc\u00e8s-verbal par.....\" \/>\n<meta property=\"og:url\" content=\"https:\/\/lequotidien.mr\/?p=23410&amp;lang=fr\" \/>\n<meta property=\"og:site_name\" content=\"Le Quotidien de Nouakchott\" \/>\n<meta property=\"article:publisher\" content=\"https:\/\/web.facebook.com\/lequotidienmr\" \/>\n<meta property=\"article:published_time\" content=\"2024-12-06T23:46:26+00:00\" \/>\n<meta property=\"og:image\" content=\"https:\/\/lequotidien.mr\/wp-content\/uploads\/2024\/12\/photo-peche-commission-Mtno-europeenne.jpg\" \/>\n\t<meta property=\"og:image:width\" content=\"733\" \/>\n\t<meta property=\"og:image:height\" content=\"371\" \/>\n\t<meta property=\"og:image:type\" content=\"image\/jpeg\" \/>\n<meta name=\"author\" content=\"Med Ahmed\" \/>\n<meta name=\"twitter:card\" content=\"summary_large_image\" \/>\n<meta name=\"twitter:creator\" content=\"@lequotidienmr\" \/>\n<meta name=\"twitter:site\" content=\"@lequotidienmr\" \/>\n<meta name=\"twitter:label1\" content=\"\u0643\u064f\u062a\u0628 \u0628\u0648\u0627\u0633\u0637\u0629\" \/>\n\t<meta name=\"twitter:data1\" content=\"Med Ahmed\" \/>\n\t<meta name=\"twitter:label2\" content=\"\u0648\u0642\u062a \u0627\u0644\u0642\u0631\u0627\u0621\u0629 \u0627\u0644\u0645\u064f\u0642\u062f\u0651\u0631\" \/>\n\t<meta name=\"twitter:data2\" content=\"3 \u062f\u0642\u0627\u0626\u0642\" \/>\n<script type=\"application\/ld+json\" class=\"yoast-schema-graph\">{\"@context\":\"https:\\\/\\\/schema.org\",\"@graph\":[{\"@type\":\"Article\",\"@id\":\"https:\\\/\\\/lequotidien.mr\\\/?p=23410&lang=fr#article\",\"isPartOf\":{\"@id\":\"https:\\\/\\\/lequotidien.mr\\\/?p=23410&lang=fr\"},\"author\":{\"name\":\"Med Ahmed\",\"@id\":\"https:\\\/\\\/lequotidien.mr\\\/#\\\/schema\\\/person\\\/d2d350202a4d599685ed8abc25f97596\"},\"headline\":\"Cl\u00f4ture des travaux de la commission mixte mauritano-europ\u00e9enne sur l&#8217;accord de partenariat de p\u00eache\",\"datePublished\":\"2024-12-06T23:46:26+00:00\",\"mainEntityOfPage\":{\"@id\":\"https:\\\/\\\/lequotidien.mr\\\/?p=23410&lang=fr\"},\"wordCount\":548,\"commentCount\":0,\"publisher\":{\"@id\":\"https:\\\/\\\/lequotidien.mr\\\/#organization\"},\"image\":{\"@id\":\"https:\\\/\\\/lequotidien.mr\\\/?p=23410&lang=fr#primaryimage\"},\"thumbnailUrl\":\"https:\\\/\\\/lequotidien.mr\\\/wp-content\\\/uploads\\\/2024\\\/12\\\/photo-peche-commission-Mtno-europeenne.jpg\",\"articleSection\":[\"ACTUALIT\u00c9\",\"Economie\"],\"inLanguage\":\"ar\",\"potentialAction\":[{\"@type\":\"CommentAction\",\"name\":\"Comment\",\"target\":[\"https:\\\/\\\/lequotidien.mr\\\/?p=23410&lang=fr#respond\"]}]},{\"@type\":\"WebPage\",\"@id\":\"https:\\\/\\\/lequotidien.mr\\\/?p=23410&lang=fr\",\"url\":\"https:\\\/\\\/lequotidien.mr\\\/?p=23410&lang=fr\",\"name\":\"Cl\u00f4ture des travaux de la commission mixte mauritano-europ\u00e9enne sur l'accord de partenariat de p\u00eache - Le Quotidien de Nouakchott\",\"isPartOf\":{\"@id\":\"https:\\\/\\\/lequotidien.mr\\\/#website\"},\"primaryImageOfPage\":{\"@id\":\"https:\\\/\\\/lequotidien.mr\\\/?p=23410&lang=fr#primaryimage\"},\"image\":{\"@id\":\"https:\\\/\\\/lequotidien.mr\\\/?p=23410&lang=fr#primaryimage\"},\"thumbnailUrl\":\"https:\\\/\\\/lequotidien.mr\\\/wp-content\\\/uploads\\\/2024\\\/12\\\/photo-peche-commission-Mtno-europeenne.jpg\",\"datePublished\":\"2024-12-06T23:46:26+00:00\",\"breadcrumb\":{\"@id\":\"https:\\\/\\\/lequotidien.mr\\\/?p=23410&lang=fr#breadcrumb\"},\"inLanguage\":\"ar\",\"potentialAction\":[{\"@type\":\"ReadAction\",\"target\":[\"https:\\\/\\\/lequotidien.mr\\\/?p=23410&lang=fr\"]}]},{\"@type\":\"ImageObject\",\"inLanguage\":\"ar\",\"@id\":\"https:\\\/\\\/lequotidien.mr\\\/?p=23410&lang=fr#primaryimage\",\"url\":\"https:\\\/\\\/lequotidien.mr\\\/wp-content\\\/uploads\\\/2024\\\/12\\\/photo-peche-commission-Mtno-europeenne.jpg\",\"contentUrl\":\"https:\\\/\\\/lequotidien.mr\\\/wp-content\\\/uploads\\\/2024\\\/12\\\/photo-peche-commission-Mtno-europeenne.jpg\",\"width\":733,\"height\":371},{\"@type\":\"BreadcrumbList\",\"@id\":\"https:\\\/\\\/lequotidien.mr\\\/?p=23410&lang=fr#breadcrumb\",\"itemListElement\":[{\"@type\":\"ListItem\",\"position\":1,\"name\":\"Home\",\"item\":\"https:\\\/\\\/lequotidien.mr\\\/\"},{\"@type\":\"ListItem\",\"position\":2,\"name\":\"Cl\u00f4ture des travaux de la commission mixte mauritano-europ\u00e9enne sur l&#8217;accord de partenariat de p\u00eache\"}]},{\"@type\":\"WebSite\",\"@id\":\"https:\\\/\\\/lequotidien.mr\\\/#website\",\"url\":\"https:\\\/\\\/lequotidien.mr\\\/\",\"name\":\"Le Quotidien de Nouakchott\",\"description\":\"\u0625\u062e\u0628\u0627\u0631\u064a\u0629 \u0645\u0633\u062a\u0642\u0644\u0629 \u0644\u0644\u0623\u0646\u0628\u0627\u0621 \u0627\u0644\u0639\u0627\u0645\u0629\",\"publisher\":{\"@id\":\"https:\\\/\\\/lequotidien.mr\\\/#organization\"},\"potentialAction\":[{\"@type\":\"SearchAction\",\"target\":{\"@type\":\"EntryPoint\",\"urlTemplate\":\"https:\\\/\\\/lequotidien.mr\\\/?s={search_term_string}\"},\"query-input\":{\"@type\":\"PropertyValueSpecification\",\"valueRequired\":true,\"valueName\":\"search_term_string\"}}],\"inLanguage\":\"ar\"},{\"@type\":\"Organization\",\"@id\":\"https:\\\/\\\/lequotidien.mr\\\/#organization\",\"name\":\"Le Quotidien de Nouakchott\",\"url\":\"https:\\\/\\\/lequotidien.mr\\\/\",\"logo\":{\"@type\":\"ImageObject\",\"inLanguage\":\"ar\",\"@id\":\"https:\\\/\\\/lequotidien.mr\\\/#\\\/schema\\\/logo\\\/image\\\/\",\"url\":\"https:\\\/\\\/lequotidien.mr\\\/wp-content\\\/uploads\\\/2022\\\/11\\\/logolequotidien.jpg\",\"contentUrl\":\"https:\\\/\\\/lequotidien.mr\\\/wp-content\\\/uploads\\\/2022\\\/11\\\/logolequotidien.jpg\",\"width\":290,\"height\":65,\"caption\":\"Le Quotidien de Nouakchott\"},\"image\":{\"@id\":\"https:\\\/\\\/lequotidien.mr\\\/#\\\/schema\\\/logo\\\/image\\\/\"},\"sameAs\":[\"https:\\\/\\\/web.facebook.com\\\/lequotidienmr\",\"https:\\\/\\\/x.com\\\/lequotidienmr\"]},{\"@type\":\"Person\",\"@id\":\"https:\\\/\\\/lequotidien.mr\\\/#\\\/schema\\\/person\\\/d2d350202a4d599685ed8abc25f97596\",\"name\":\"Med Ahmed\",\"image\":{\"@type\":\"ImageObject\",\"inLanguage\":\"ar\",\"@id\":\"https:\\\/\\\/secure.gravatar.com\\\/avatar\\\/fd2acc62ed50732923d1d39c17172c9b04149f142be92310ecc69e1358f94b52?s=96&d=mm&r=g\",\"url\":\"https:\\\/\\\/secure.gravatar.com\\\/avatar\\\/fd2acc62ed50732923d1d39c17172c9b04149f142be92310ecc69e1358f94b52?s=96&d=mm&r=g\",\"contentUrl\":\"https:\\\/\\\/secure.gravatar.com\\\/avatar\\\/fd2acc62ed50732923d1d39c17172c9b04149f142be92310ecc69e1358f94b52?s=96&d=mm&r=g\",\"caption\":\"Med Ahmed\"},\"url\":\"https:\\\/\\\/lequotidien.mr\\\/?author=12\"}]}<\/script>\n<!-- \/ Yoast SEO plugin. -->","yoast_head_json":{"title":"Cl\u00f4ture des travaux de la commission mixte mauritano-europ\u00e9enne sur l'accord de partenariat de p\u00eache - Le Quotidien de Nouakchott","robots":{"index":"index","follow":"follow","max-snippet":"max-snippet:-1","max-image-preview":"max-image-preview:large","max-video-preview":"max-video-preview:-1"},"canonical":"https:\/\/lequotidien.mr\/?p=23410&lang=fr","og_locale":"ar_AR","og_type":"article","og_title":"Cl\u00f4ture des travaux de la commission mixte mauritano-europ\u00e9enne sur l'accord de partenariat de p\u00eache - Le Quotidien de Nouakchott","og_description":"Les travaux de la commission mixte mauritano-europ\u00e9enne pour le suivi de l&#8217;accord de partenariat dans le domaine de la p\u00eache entre la Mauritanie et l&#8217;Union europ\u00e9enne se sont achev\u00e9s vendredi, au si\u00e8ge du minist\u00e8re de la p\u00eache, des infrastructures maritimes et portuaires \u00e0 Nouakchott. La r\u00e9union a \u00e9t\u00e9 marqu\u00e9e par la signature du proc\u00e8s-verbal par.....","og_url":"https:\/\/lequotidien.mr\/?p=23410&lang=fr","og_site_name":"Le Quotidien de Nouakchott","article_publisher":"https:\/\/web.facebook.com\/lequotidienmr","article_published_time":"2024-12-06T23:46:26+00:00","og_image":[{"width":733,"height":371,"url":"https:\/\/lequotidien.mr\/wp-content\/uploads\/2024\/12\/photo-peche-commission-Mtno-europeenne.jpg","type":"image\/jpeg"}],"author":"Med Ahmed","twitter_card":"summary_large_image","twitter_creator":"@lequotidienmr","twitter_site":"@lequotidienmr","twitter_misc":{"\u0643\u064f\u062a\u0628 \u0628\u0648\u0627\u0633\u0637\u0629":"Med Ahmed","\u0648\u0642\u062a \u0627\u0644\u0642\u0631\u0627\u0621\u0629 \u0627\u0644\u0645\u064f\u0642\u062f\u0651\u0631":"3 \u062f\u0642\u0627\u0626\u0642"},"schema":{"@context":"https:\/\/schema.org","@graph":[{"@type":"Article","@id":"https:\/\/lequotidien.mr\/?p=23410&lang=fr#article","isPartOf":{"@id":"https:\/\/lequotidien.mr\/?p=23410&lang=fr"},"author":{"name":"Med Ahmed","@id":"https:\/\/lequotidien.mr\/#\/schema\/person\/d2d350202a4d599685ed8abc25f97596"},"headline":"Cl\u00f4ture des travaux de la commission mixte mauritano-europ\u00e9enne sur l&#8217;accord de partenariat de p\u00eache","datePublished":"2024-12-06T23:46:26+00:00","mainEntityOfPage":{"@id":"https:\/\/lequotidien.mr\/?p=23410&lang=fr"},"wordCount":548,"commentCount":0,"publisher":{"@id":"https:\/\/lequotidien.mr\/#organization"},"image":{"@id":"https:\/\/lequotidien.mr\/?p=23410&lang=fr#primaryimage"},"thumbnailUrl":"https:\/\/lequotidien.mr\/wp-content\/uploads\/2024\/12\/photo-peche-commission-Mtno-europeenne.jpg","articleSection":["ACTUALIT\u00c9","Economie"],"inLanguage":"ar","potentialAction":[{"@type":"CommentAction","name":"Comment","target":["https:\/\/lequotidien.mr\/?p=23410&lang=fr#respond"]}]},{"@type":"WebPage","@id":"https:\/\/lequotidien.mr\/?p=23410&lang=fr","url":"https:\/\/lequotidien.mr\/?p=23410&lang=fr","name":"Cl\u00f4ture des travaux de la commission mixte mauritano-europ\u00e9enne sur l'accord de partenariat de p\u00eache - Le Quotidien de Nouakchott","isPartOf":{"@id":"https:\/\/lequotidien.mr\/#website"},"primaryImageOfPage":{"@id":"https:\/\/lequotidien.mr\/?p=23410&lang=fr#primaryimage"},"image":{"@id":"https:\/\/lequotidien.mr\/?p=23410&lang=fr#primaryimage"},"thumbnailUrl":"https:\/\/lequotidien.mr\/wp-content\/uploads\/2024\/12\/photo-peche-commission-Mtno-europeenne.jpg","datePublished":"2024-12-06T23:46:26+00:00","breadcrumb":{"@id":"https:\/\/lequotidien.mr\/?p=23410&lang=fr#breadcrumb"},"inLanguage":"ar","potentialAction":[{"@type":"ReadAction","target":["https:\/\/lequotidien.mr\/?p=23410&lang=fr"]}]},{"@type":"ImageObject","inLanguage":"ar","@id":"https:\/\/lequotidien.mr\/?p=23410&lang=fr#primaryimage","url":"https:\/\/lequotidien.mr\/wp-content\/uploads\/2024\/12\/photo-peche-commission-Mtno-europeenne.jpg","contentUrl":"https:\/\/lequotidien.mr\/wp-content\/uploads\/2024\/12\/photo-peche-commission-Mtno-europeenne.jpg","width":733,"height":371},{"@type":"BreadcrumbList","@id":"https:\/\/lequotidien.mr\/?p=23410&lang=fr#breadcrumb","itemListElement":[{"@type":"ListItem","position":1,"name":"Home","item":"https:\/\/lequotidien.mr\/"},{"@type":"ListItem","position":2,"name":"Cl\u00f4ture des travaux de la commission mixte mauritano-europ\u00e9enne sur l&#8217;accord de partenariat de p\u00eache"}]},{"@type":"WebSite","@id":"https:\/\/lequotidien.mr\/#website","url":"https:\/\/lequotidien.mr\/","name":"Le Quotidien de Nouakchott","description":"\u0625\u062e\u0628\u0627\u0631\u064a\u0629 \u0645\u0633\u062a\u0642\u0644\u0629 \u0644\u0644\u0623\u0646\u0628\u0627\u0621 \u0627\u0644\u0639\u0627\u0645\u0629","publisher":{"@id":"https:\/\/lequotidien.mr\/#organization"},"potentialAction":[{"@type":"SearchAction","target":{"@type":"EntryPoint","urlTemplate":"https:\/\/lequotidien.mr\/?s={search_term_string}"},"query-input":{"@type":"PropertyValueSpecification","valueRequired":true,"valueName":"search_term_string"}}],"inLanguage":"ar"},{"@type":"Organization","@id":"https:\/\/lequotidien.mr\/#organization","name":"Le Quotidien de Nouakchott","url":"https:\/\/lequotidien.mr\/","logo":{"@type":"ImageObject","inLanguage":"ar","@id":"https:\/\/lequotidien.mr\/#\/schema\/logo\/image\/","url":"https:\/\/lequotidien.mr\/wp-content\/uploads\/2022\/11\/logolequotidien.jpg","contentUrl":"https:\/\/lequotidien.mr\/wp-content\/uploads\/2022\/11\/logolequotidien.jpg","width":290,"height":65,"caption":"Le Quotidien de Nouakchott"},"image":{"@id":"https:\/\/lequotidien.mr\/#\/schema\/logo\/image\/"},"sameAs":["https:\/\/web.facebook.com\/lequotidienmr","https:\/\/x.com\/lequotidienmr"]},{"@type":"Person","@id":"https:\/\/lequotidien.mr\/#\/schema\/person\/d2d350202a4d599685ed8abc25f97596","name":"Med Ahmed","image":{"@type":"ImageObject","inLanguage":"ar","@id":"https:\/\/secure.gravatar.com\/avatar\/fd2acc62ed50732923d1d39c17172c9b04149f142be92310ecc69e1358f94b52?s=96&d=mm&r=g","url":"https:\/\/secure.gravatar.com\/avatar\/fd2acc62ed50732923d1d39c17172c9b04149f142be92310ecc69e1358f94b52?s=96&d=mm&r=g","contentUrl":"https:\/\/secure.gravatar.com\/avatar\/fd2acc62ed50732923d1d39c17172c9b04149f142be92310ecc69e1358f94b52?s=96&d=mm&r=g","caption":"Med Ahmed"},"url":"https:\/\/lequotidien.mr\/?author=12"}]}},"_links":{"self":[{"href":"https:\/\/lequotidien.mr\/index.php?rest_route=\/wp\/v2\/posts\/23410","targetHints":{"allow":["GET"]}}],"collection":[{"href":"https:\/\/lequotidien.mr\/index.php?rest_route=\/wp\/v2\/posts"}],"about":[{"href":"https:\/\/lequotidien.mr\/index.php?rest_route=\/wp\/v2\/types\/post"}],"author":[{"embeddable":true,"href":"https:\/\/lequotidien.mr\/index.php?rest_route=\/wp\/v2\/users\/12"}],"replies":[{"embeddable":true,"href":"https:\/\/lequotidien.mr\/index.php?rest_route=%2Fwp%2Fv2%2Fcomments&post=23410"}],"version-history":[{"count":1,"href":"https:\/\/lequotidien.mr\/index.php?rest_route=\/wp\/v2\/posts\/23410\/revisions"}],"predecessor-version":[{"id":23412,"href":"https:\/\/lequotidien.mr\/index.php?rest_route=\/wp\/v2\/posts\/23410\/revisions\/23412"}],"wp:featuredmedia":[{"embeddable":true,"href":"https:\/\/lequotidien.mr\/index.php?rest_route=\/wp\/v2\/media\/23411"}],"wp:attachment":[{"href":"https:\/\/lequotidien.mr\/index.php?rest_route=%2Fwp%2Fv2%2Fmedia&parent=23410"}],"wp:term":[{"taxonomy":"category","embeddable":true,"href":"https:\/\/lequotidien.mr\/index.php?rest_route=%2Fwp%2Fv2%2Fcategories&post=23410"},{"taxonomy":"post_tag","embeddable":true,"href":"https:\/\/lequotidien.mr\/index.php?rest_route=%2Fwp%2Fv2%2Ftags&post=23410"}],"curies":[{"name":"wp","href":"https:\/\/api.w.org\/{rel}","templated":true}]}}