{"id":23391,"date":"2024-12-06T00:01:32","date_gmt":"2024-12-06T00:01:32","guid":{"rendered":"https:\/\/lequotidien.mr\/?p=23391"},"modified":"2024-12-06T00:01:32","modified_gmt":"2024-12-06T00:01:32","slug":"lancement-strategie-espagne-afrique-2024-2028-le-president-mohamed-cheikh-el-ghazouani-salue-le-partenariat-espagne-afrique","status":"publish","type":"post","link":"https:\/\/lequotidien.mr\/?p=23391&lang=fr","title":{"rendered":"Lancement strat\u00e9gie Espagne-Afrique 2024-2028 : Le Pr\u00e9sident Mohamed Cheikh El Ghazouani salue le partenariat Espagne-Afrique"},"content":{"rendered":"<p>Le Pr\u00e9sident de la R\u00e9publique islamique de Mauritanie et Pr\u00e9sident en exercice de l\u2019Union africaine, <strong>Mohamed Cheikh El Ghazouani<\/strong>, a pris la parole ce jeudi lors de la c\u00e9r\u00e9monie de lancement de la strat\u00e9gie <strong>Espagne-Afrique 2024-2028<\/strong> \u00e0 Madrid. L\u2019\u00e9v\u00e9nement, pr\u00e9sid\u00e9 par le Chef du gouvernement espagnol, <strong>Pedro Sanchez<\/strong>, marque une \u00e9tape cruciale dans le renforcement des relations entre l\u2019Espagne et le continent africain.<\/p>\n<p>Dans son intervention, le Pr\u00e9sident El Ghazouani a soulign\u00e9 la profondeur des liens entre l\u2019Espagne et l\u2019Afrique, affirmant que ces relations s\u2019appuient sur une base solide de proximit\u00e9 g\u00e9ographique, humaine et culturelle.<\/p>\n<p>\u00ab Les liens de proximit\u00e9 g\u00e9ographique, humaine et culturelle qui unissent l\u2019Espagne et l\u2019Afrique ont constitu\u00e9 le socle premier sur lequel nous avons, ensemble, b\u00e2ti des relations de coop\u00e9ration riches, diversifi\u00e9es, dans l\u2019amiti\u00e9 et le respect mutuel, et le souci constant de l\u2019int\u00e9r\u00eat commun et des valeurs partag\u00e9es \u00bb, a d\u00e9clar\u00e9 le Pr\u00e9sident.<\/p>\n<p>Ce message refl\u00e8te la vision d\u2019une coop\u00e9ration dynamique et mutuellement b\u00e9n\u00e9fique, ancr\u00e9e dans une histoire commune et tourn\u00e9e vers les d\u00e9fis partag\u00e9s de l\u2019avenir.<\/p>\n<p>La strat\u00e9gie Espagne-Afrique 2024-2028 vise \u00e0 approfondir les relations politiques, \u00e9conomiques, sociales et culturelles entre les deux parties.<\/p>\n<p>Voici l\u2019int\u00e9gralit\u00e9 du discours du pr\u00e9sident de la R\u00e9publique :<\/p>\n<p>\u201cExcellence Monsieur Pedro Sanchez, pr\u00e9sident du gouvernement du Royaume d\u2019Espagne,<\/p>\n<p>Monsieur, le ministre des affaires \u00e9trang\u00e8res de l\u2019Union europ\u00e9enne et de la coop\u00e9ration ;<\/p>\n<p>Monsieur le pr\u00e9sident de la commission de l\u2019union africaine,<\/p>\n<p>Monsieur le pr\u00e9sident de la commission de la Cedeao,<\/p>\n<p>Monsieur le ministre de l\u2019\u00e9conomie de la R\u00e9publique du S\u00e9n\u00e9gal ;<\/p>\n<p>Messieurs les ministres ;<\/p>\n<p>Distingu\u00e9s invit\u00e9s ;<\/p>\n<p>Mesdames et Messieurs ;<\/p>\n<p>Je pr\u00e9f\u00e8re tout d\u2019abord que vous me permettiez de renouveler toute notre solidarit\u00e9 et exprimer de nouveau notre compassion avec le peuple et le gouvernement du royaume d\u2019Espagne \u00e0 la suite des \u00e9v\u00e8nements douloureux, \u00e0 l\u2019occasion des inondations qui ont caus\u00e9 des pertes en vies humaines mais aussi des d\u00e9g\u00e2ts mat\u00e9riels tr\u00e8s importants. Encore une fois, monsieur le pr\u00e9sident, nous vous exprimons toute notre compassion et notre solidarit\u00e9.<\/p>\n<p>Tout d\u2019abord, je tiens \u00e0 exprimer mes sinc\u00e8res remerciements \u00e0 mon ami S.E Pedro Sanchez, pr\u00e9sident du gouvernement du Royaume d\u2019Espagne, pour avoir bien voulu m\u2019inviter \u00e0 prendre part \u00e0 cette importante c\u00e9r\u00e9monie de pr\u00e9sentation de la Strat\u00e9gie Espagne-Afrique 2025-2028.<\/p>\n<p>Tout comme je tiens \u00e0 lui signifier, ainsi qu\u2019au gouvernement espagnol, toute ma gratitude pour l\u2019accueil chaleureux et attentionn\u00e9, comme d\u2019habitude, qui nous a \u00e9t\u00e9 r\u00e9serv\u00e9 ma d\u00e9l\u00e9gation et \u00e0 moi-m\u00eame, depuis que nous sommes arriv\u00e9s dans cette splendide capitale qu\u2019est Madrid.<\/p>\n<p>Excellences, Mesdames et messieurs<\/p>\n<p>Les liens de proximit\u00e9 g\u00e9ographique, humaine et culturelle qui unissent l\u2019Espagne et l\u2019Afrique ont constitu\u00e9 le socle premier sur lequel nous avons, ensemble, b\u00e2ti des relations de coop\u00e9ration riches, diversifi\u00e9es, dans l\u2019amiti\u00e9 et le respect mutuel, et le souci constant de l\u2019int\u00e9r\u00eat commun et des valeurs partag\u00e9es.<\/p>\n<p>L\u2019urgence et l\u2019immensit\u00e9 des d\u00e9fis que nous avons \u00e0 relever aujourd\u2019hui ensemble, qu\u2019ils soient li\u00e9s \u00e0 des questions climatiques, s\u00e9curitaires, migratoires ou \u00e0 d\u2019autres aspects du d\u00e9veloppement durable, nous imposent d\u2019approfondir nos relations de coop\u00e9ration et de les renforcer davantage dans le cadre d\u2019un partenariat strat\u00e9gique. Dans ce cadre, je voudrais exprimer ma haute appr\u00e9ciation de l\u2019ambitieuse initiative que repr\u00e9sente la strat\u00e9gie espagnole pour l\u2019Afrique 2024-2028 qui a \u00e9t\u00e9 \u00e9labor\u00e9e dans un cadre partenarial et participatif permettant aux deux parties de travailler de concert pour mieux identifier leurs priorit\u00e9s communes et valoriser, ainsi, leur potentiel respectif dans un esprit de solidarit\u00e9 et de compl\u00e9mentarit\u00e9.<\/p>\n<p>Aujourd\u2019hui, au c\u0153ur des transformations globales du 21\u00e8 si\u00e8cle, par ses ressources naturelles, sa diversit\u00e9 culturelle, son dynamisme d\u00e9mographique, son immense march\u00e9, l\u2019Afrique a plus que jamais besoin de partenariats dynamiques solides fond\u00e9s sur le respect et le souci de l\u2019int\u00e9r\u00eat partag\u00e9, \u00e0 l\u2019image de cette strat\u00e9gie Espagne-Afrique 2025-2028.<\/p>\n<p>Cette initiative ambitieuse s\u2019inscrivant dans la continuit\u00e9 des efforts conjoints pour relever nos d\u00e9fis communs s\u2019articule autour de priorit\u00e9s capitales pour le continent africain et parfaitement en phase avec son agenda 2063.<\/p>\n<p>Au c\u0153ur de ces priorit\u00e9s, il y a le d\u00e9veloppement humain, car aucun objectif de d\u00e9veloppement durable ne peut \u00eatre atteint sans des investissements massifs, dans l\u2019\u00e9ducation, la sant\u00e9 et la formation des jeunes g\u00e9n\u00e9rations et la forte implication des femmes dans le processus de d\u00e9veloppement, surtout en Afrique o\u00f9 la jeunesse repr\u00e9sente plus de 62% de la population.<\/p>\n<p>Cela exige d\u2019accorder une attention particuli\u00e8re \u00e0 la transition \u00e9cologique et \u00e9nerg\u00e9tique. En effet, l\u2019Afrique, qui ne contribue que marginalement aux \u00e9missions de gaz \u00e0 effet de serre est l\u2019une des r\u00e9gions qui p\u00e2tissent, paradoxalement, des effets d\u00e9vastateurs du changement climatique. Aussi, nous devons sans cesse \u0153uvrer \u00e0 d\u00e9velopper des solutions innovantes, durables et adapt\u00e9es, notamment dans le domaine des \u00e9nergies renouvelables.<\/p>\n<p>Les atouts de l\u2019Afrique, dans ce domaine, sont une chance pour l\u2019Afrique, pour l\u2019Espagne et pour l\u2019Europe. Mais l\u2019exploitation optimale de ces opportunit\u00e9s requiert paix et stabilit\u00e9, et donc, une lutte sans merci contre l\u2019ins\u00e9curit\u00e9, contre le terrorisme et les flux migratoires ill\u00e9gaux. Dans ce cadre, nous sommes reconnaissants \u00e0 l\u2019Espagne pour son appui \u00e0 la lutte contre le terrorisme, le crime organis\u00e9 et la migration irr\u00e9guli\u00e8re ainsi que pour son engagement en faveur d\u2019une gouvernance inclusive et transparente. Nous sommes aussi heureux de constater que la strat\u00e9gie espagnole pour l\u2019Afrique offre une large place \u00e0 l\u2019int\u00e9gration \u00e9conomique et commerciale.<\/p>\n<p>En effet, l\u2019Afrique progresse rapidement dans son int\u00e9gration r\u00e9gionale comme en t\u00e9moigne la mise en \u0153uvre de la zone de libre-\u00e9change continentale africaine. Je profite de l\u2019occasion pour inviter l\u2019Espagne et les entreprises espagnoles \u00e0 participer activement \u00e0 cette dynamique en renfor\u00e7ant les investissements mutuellement b\u00e9n\u00e9fiques. Nous nous r\u00e9jouissons particuli\u00e8rement de l\u2019engagement de l\u2019Espagne \u00e0 tripler son aide pour la r\u00e9gion du Sahel. C\u2019est l\u00e0 un geste significatif qui contribuera \u00e0 am\u00e9liorer les conditions de vie de millions de personnes dans une r\u00e9gion qui fait face \u00e0 des d\u00e9fis multiformes allant de la s\u00e9curit\u00e9 au d\u00e9veloppement \u00e9conomique.<\/p>\n<p>Nous devons cependant veiller \u00e0 la mise en place de m\u00e9canismes de suivi pour garantir que les engagements pris, ici, deviennent, le plus rapidement possible, une r\u00e9alit\u00e9 tangible pour nos populations. Je suis convaincu que cette rencontre marquera un tournant d\u00e9cisif dans les relations de coop\u00e9ration entre l\u2019Espagne et l\u2019Afrique.<\/p>\n<p>Ensemble, Espagne et Afrique, nous pouvons, et nous devons, construire un partenariat exemplaire et r\u00e9ciproquement avantageux.<\/p>\n<p>Aussi, je voudrais, pour terminer, r\u00e9affirmer la volont\u00e9 de l\u2019Union africaine de coop\u00e9rer pleinement avec l\u2019Espagne, dans la mise en de cette strat\u00e9gie Espagne-Afrique 2025-2028.<\/p>\n<p>Je vous remercie.\u201d<\/p>\n","protected":false},"excerpt":{"rendered":"<p>Le Pr\u00e9sident de la R\u00e9publique islamique de Mauritanie et Pr\u00e9sident en exercice de l\u2019Union africaine, Mohamed Cheikh El Ghazouani, a pris la parole ce jeudi lors de la c\u00e9r\u00e9monie de lancement de la strat\u00e9gie Espagne-Afrique 2024-2028 \u00e0 Madrid. L\u2019\u00e9v\u00e9nement, pr\u00e9sid\u00e9 par le Chef du gouvernement espagnol, Pedro Sanchez, marque une \u00e9tape cruciale dans le renforcement&#8230;..<\/p>\n","protected":false},"author":12,"featured_media":23392,"comment_status":"open","ping_status":"open","sticky":false,"template":"","format":"standard","meta":{"footnotes":""},"categories":[23,49],"tags":[],"class_list":["post-23391","post","type-post","status-publish","format-standard","has-post-thumbnail","hentry","category-actualite","category-economie"],"yoast_head":"<!-- This site is optimized with the Yoast SEO plugin v27.5 - https:\/\/yoast.com\/product\/yoast-seo-wordpress\/ -->\n<title>Lancement strat\u00e9gie Espagne-Afrique 2024-2028 : Le Pr\u00e9sident Mohamed Cheikh El Ghazouani salue le partenariat Espagne-Afrique - Le Quotidien de Nouakchott<\/title>\n<meta name=\"robots\" content=\"index, follow, max-snippet:-1, max-image-preview:large, max-video-preview:-1\" \/>\n<link rel=\"canonical\" href=\"https:\/\/lequotidien.mr\/?p=23391&lang=fr\" \/>\n<meta property=\"og:locale\" content=\"ar_AR\" \/>\n<meta property=\"og:type\" content=\"article\" \/>\n<meta property=\"og:title\" content=\"Lancement strat\u00e9gie Espagne-Afrique 2024-2028 : Le Pr\u00e9sident Mohamed Cheikh El Ghazouani salue le partenariat Espagne-Afrique - Le Quotidien de Nouakchott\" \/>\n<meta property=\"og:description\" content=\"Le Pr\u00e9sident de la R\u00e9publique islamique de Mauritanie et Pr\u00e9sident en exercice de l\u2019Union africaine, Mohamed Cheikh El Ghazouani, a pris la parole ce jeudi lors de la c\u00e9r\u00e9monie de lancement de la strat\u00e9gie Espagne-Afrique 2024-2028 \u00e0 Madrid. L\u2019\u00e9v\u00e9nement, pr\u00e9sid\u00e9 par le Chef du gouvernement espagnol, Pedro Sanchez, marque une \u00e9tape cruciale dans le renforcement.....\" \/>\n<meta property=\"og:url\" content=\"https:\/\/lequotidien.mr\/?p=23391&amp;lang=fr\" \/>\n<meta property=\"og:site_name\" content=\"Le Quotidien de Nouakchott\" \/>\n<meta property=\"article:publisher\" content=\"https:\/\/web.facebook.com\/lequotidienmr\" \/>\n<meta property=\"article:published_time\" content=\"2024-12-06T00:01:32+00:00\" \/>\n<meta property=\"og:image\" content=\"https:\/\/lequotidien.mr\/wp-content\/uploads\/2024\/12\/photo-discours-Pdt.jpg\" \/>\n\t<meta property=\"og:image:width\" content=\"750\" \/>\n\t<meta property=\"og:image:height\" content=\"430\" \/>\n\t<meta property=\"og:image:type\" content=\"image\/jpeg\" \/>\n<meta name=\"author\" content=\"Med Ahmed\" \/>\n<meta name=\"twitter:card\" content=\"summary_large_image\" \/>\n<meta name=\"twitter:creator\" content=\"@lequotidienmr\" \/>\n<meta name=\"twitter:site\" content=\"@lequotidienmr\" \/>\n<meta name=\"twitter:label1\" content=\"\u0643\u064f\u062a\u0628 \u0628\u0648\u0627\u0633\u0637\u0629\" \/>\n\t<meta name=\"twitter:data1\" content=\"Med Ahmed\" \/>\n\t<meta name=\"twitter:label2\" content=\"\u0648\u0642\u062a \u0627\u0644\u0642\u0631\u0627\u0621\u0629 \u0627\u0644\u0645\u064f\u0642\u062f\u0651\u0631\" \/>\n\t<meta name=\"twitter:data2\" content=\"6 \u062f\u0642\u0627\u0626\u0642\" \/>\n<script type=\"application\/ld+json\" class=\"yoast-schema-graph\">{\"@context\":\"https:\\\/\\\/schema.org\",\"@graph\":[{\"@type\":\"Article\",\"@id\":\"https:\\\/\\\/lequotidien.mr\\\/?p=23391&lang=fr#article\",\"isPartOf\":{\"@id\":\"https:\\\/\\\/lequotidien.mr\\\/?p=23391&lang=fr\"},\"author\":{\"name\":\"Med Ahmed\",\"@id\":\"https:\\\/\\\/lequotidien.mr\\\/#\\\/schema\\\/person\\\/d2d350202a4d599685ed8abc25f97596\"},\"headline\":\"Lancement strat\u00e9gie Espagne-Afrique 2024-2028 : Le Pr\u00e9sident Mohamed Cheikh El Ghazouani salue le partenariat Espagne-Afrique\",\"datePublished\":\"2024-12-06T00:01:32+00:00\",\"mainEntityOfPage\":{\"@id\":\"https:\\\/\\\/lequotidien.mr\\\/?p=23391&lang=fr\"},\"wordCount\":1246,\"commentCount\":0,\"publisher\":{\"@id\":\"https:\\\/\\\/lequotidien.mr\\\/#organization\"},\"image\":{\"@id\":\"https:\\\/\\\/lequotidien.mr\\\/?p=23391&lang=fr#primaryimage\"},\"thumbnailUrl\":\"https:\\\/\\\/lequotidien.mr\\\/wp-content\\\/uploads\\\/2024\\\/12\\\/photo-discours-Pdt.jpg\",\"articleSection\":[\"ACTUALIT\u00c9\",\"Economie\"],\"inLanguage\":\"ar\",\"potentialAction\":[{\"@type\":\"CommentAction\",\"name\":\"Comment\",\"target\":[\"https:\\\/\\\/lequotidien.mr\\\/?p=23391&lang=fr#respond\"]}]},{\"@type\":\"WebPage\",\"@id\":\"https:\\\/\\\/lequotidien.mr\\\/?p=23391&lang=fr\",\"url\":\"https:\\\/\\\/lequotidien.mr\\\/?p=23391&lang=fr\",\"name\":\"Lancement strat\u00e9gie Espagne-Afrique 2024-2028 : Le Pr\u00e9sident Mohamed Cheikh El Ghazouani salue le partenariat Espagne-Afrique - Le Quotidien de Nouakchott\",\"isPartOf\":{\"@id\":\"https:\\\/\\\/lequotidien.mr\\\/#website\"},\"primaryImageOfPage\":{\"@id\":\"https:\\\/\\\/lequotidien.mr\\\/?p=23391&lang=fr#primaryimage\"},\"image\":{\"@id\":\"https:\\\/\\\/lequotidien.mr\\\/?p=23391&lang=fr#primaryimage\"},\"thumbnailUrl\":\"https:\\\/\\\/lequotidien.mr\\\/wp-content\\\/uploads\\\/2024\\\/12\\\/photo-discours-Pdt.jpg\",\"datePublished\":\"2024-12-06T00:01:32+00:00\",\"breadcrumb\":{\"@id\":\"https:\\\/\\\/lequotidien.mr\\\/?p=23391&lang=fr#breadcrumb\"},\"inLanguage\":\"ar\",\"potentialAction\":[{\"@type\":\"ReadAction\",\"target\":[\"https:\\\/\\\/lequotidien.mr\\\/?p=23391&lang=fr\"]}]},{\"@type\":\"ImageObject\",\"inLanguage\":\"ar\",\"@id\":\"https:\\\/\\\/lequotidien.mr\\\/?p=23391&lang=fr#primaryimage\",\"url\":\"https:\\\/\\\/lequotidien.mr\\\/wp-content\\\/uploads\\\/2024\\\/12\\\/photo-discours-Pdt.jpg\",\"contentUrl\":\"https:\\\/\\\/lequotidien.mr\\\/wp-content\\\/uploads\\\/2024\\\/12\\\/photo-discours-Pdt.jpg\",\"width\":750,\"height\":430},{\"@type\":\"BreadcrumbList\",\"@id\":\"https:\\\/\\\/lequotidien.mr\\\/?p=23391&lang=fr#breadcrumb\",\"itemListElement\":[{\"@type\":\"ListItem\",\"position\":1,\"name\":\"Home\",\"item\":\"https:\\\/\\\/lequotidien.mr\\\/\"},{\"@type\":\"ListItem\",\"position\":2,\"name\":\"Lancement strat\u00e9gie Espagne-Afrique 2024-2028 : Le Pr\u00e9sident Mohamed Cheikh El Ghazouani salue le partenariat Espagne-Afrique\"}]},{\"@type\":\"WebSite\",\"@id\":\"https:\\\/\\\/lequotidien.mr\\\/#website\",\"url\":\"https:\\\/\\\/lequotidien.mr\\\/\",\"name\":\"Le Quotidien de Nouakchott\",\"description\":\"\u0625\u062e\u0628\u0627\u0631\u064a\u0629 \u0645\u0633\u062a\u0642\u0644\u0629 \u0644\u0644\u0623\u0646\u0628\u0627\u0621 \u0627\u0644\u0639\u0627\u0645\u0629\",\"publisher\":{\"@id\":\"https:\\\/\\\/lequotidien.mr\\\/#organization\"},\"potentialAction\":[{\"@type\":\"SearchAction\",\"target\":{\"@type\":\"EntryPoint\",\"urlTemplate\":\"https:\\\/\\\/lequotidien.mr\\\/?s={search_term_string}\"},\"query-input\":{\"@type\":\"PropertyValueSpecification\",\"valueRequired\":true,\"valueName\":\"search_term_string\"}}],\"inLanguage\":\"ar\"},{\"@type\":\"Organization\",\"@id\":\"https:\\\/\\\/lequotidien.mr\\\/#organization\",\"name\":\"Le Quotidien de Nouakchott\",\"url\":\"https:\\\/\\\/lequotidien.mr\\\/\",\"logo\":{\"@type\":\"ImageObject\",\"inLanguage\":\"ar\",\"@id\":\"https:\\\/\\\/lequotidien.mr\\\/#\\\/schema\\\/logo\\\/image\\\/\",\"url\":\"https:\\\/\\\/lequotidien.mr\\\/wp-content\\\/uploads\\\/2022\\\/11\\\/logolequotidien.jpg\",\"contentUrl\":\"https:\\\/\\\/lequotidien.mr\\\/wp-content\\\/uploads\\\/2022\\\/11\\\/logolequotidien.jpg\",\"width\":290,\"height\":65,\"caption\":\"Le Quotidien de Nouakchott\"},\"image\":{\"@id\":\"https:\\\/\\\/lequotidien.mr\\\/#\\\/schema\\\/logo\\\/image\\\/\"},\"sameAs\":[\"https:\\\/\\\/web.facebook.com\\\/lequotidienmr\",\"https:\\\/\\\/x.com\\\/lequotidienmr\"]},{\"@type\":\"Person\",\"@id\":\"https:\\\/\\\/lequotidien.mr\\\/#\\\/schema\\\/person\\\/d2d350202a4d599685ed8abc25f97596\",\"name\":\"Med Ahmed\",\"image\":{\"@type\":\"ImageObject\",\"inLanguage\":\"ar\",\"@id\":\"https:\\\/\\\/secure.gravatar.com\\\/avatar\\\/fd2acc62ed50732923d1d39c17172c9b04149f142be92310ecc69e1358f94b52?s=96&d=mm&r=g\",\"url\":\"https:\\\/\\\/secure.gravatar.com\\\/avatar\\\/fd2acc62ed50732923d1d39c17172c9b04149f142be92310ecc69e1358f94b52?s=96&d=mm&r=g\",\"contentUrl\":\"https:\\\/\\\/secure.gravatar.com\\\/avatar\\\/fd2acc62ed50732923d1d39c17172c9b04149f142be92310ecc69e1358f94b52?s=96&d=mm&r=g\",\"caption\":\"Med Ahmed\"},\"url\":\"https:\\\/\\\/lequotidien.mr\\\/?author=12\"}]}<\/script>\n<!-- \/ Yoast SEO plugin. -->","yoast_head_json":{"title":"Lancement strat\u00e9gie Espagne-Afrique 2024-2028 : Le Pr\u00e9sident Mohamed Cheikh El Ghazouani salue le partenariat Espagne-Afrique - Le Quotidien de Nouakchott","robots":{"index":"index","follow":"follow","max-snippet":"max-snippet:-1","max-image-preview":"max-image-preview:large","max-video-preview":"max-video-preview:-1"},"canonical":"https:\/\/lequotidien.mr\/?p=23391&lang=fr","og_locale":"ar_AR","og_type":"article","og_title":"Lancement strat\u00e9gie Espagne-Afrique 2024-2028 : Le Pr\u00e9sident Mohamed Cheikh El Ghazouani salue le partenariat Espagne-Afrique - Le Quotidien de Nouakchott","og_description":"Le Pr\u00e9sident de la R\u00e9publique islamique de Mauritanie et Pr\u00e9sident en exercice de l\u2019Union africaine, Mohamed Cheikh El Ghazouani, a pris la parole ce jeudi lors de la c\u00e9r\u00e9monie de lancement de la strat\u00e9gie Espagne-Afrique 2024-2028 \u00e0 Madrid. L\u2019\u00e9v\u00e9nement, pr\u00e9sid\u00e9 par le Chef du gouvernement espagnol, Pedro Sanchez, marque une \u00e9tape cruciale dans le renforcement.....","og_url":"https:\/\/lequotidien.mr\/?p=23391&lang=fr","og_site_name":"Le Quotidien de Nouakchott","article_publisher":"https:\/\/web.facebook.com\/lequotidienmr","article_published_time":"2024-12-06T00:01:32+00:00","og_image":[{"width":750,"height":430,"url":"https:\/\/lequotidien.mr\/wp-content\/uploads\/2024\/12\/photo-discours-Pdt.jpg","type":"image\/jpeg"}],"author":"Med Ahmed","twitter_card":"summary_large_image","twitter_creator":"@lequotidienmr","twitter_site":"@lequotidienmr","twitter_misc":{"\u0643\u064f\u062a\u0628 \u0628\u0648\u0627\u0633\u0637\u0629":"Med Ahmed","\u0648\u0642\u062a \u0627\u0644\u0642\u0631\u0627\u0621\u0629 \u0627\u0644\u0645\u064f\u0642\u062f\u0651\u0631":"6 \u062f\u0642\u0627\u0626\u0642"},"schema":{"@context":"https:\/\/schema.org","@graph":[{"@type":"Article","@id":"https:\/\/lequotidien.mr\/?p=23391&lang=fr#article","isPartOf":{"@id":"https:\/\/lequotidien.mr\/?p=23391&lang=fr"},"author":{"name":"Med Ahmed","@id":"https:\/\/lequotidien.mr\/#\/schema\/person\/d2d350202a4d599685ed8abc25f97596"},"headline":"Lancement strat\u00e9gie Espagne-Afrique 2024-2028 : Le Pr\u00e9sident Mohamed Cheikh El Ghazouani salue le partenariat Espagne-Afrique","datePublished":"2024-12-06T00:01:32+00:00","mainEntityOfPage":{"@id":"https:\/\/lequotidien.mr\/?p=23391&lang=fr"},"wordCount":1246,"commentCount":0,"publisher":{"@id":"https:\/\/lequotidien.mr\/#organization"},"image":{"@id":"https:\/\/lequotidien.mr\/?p=23391&lang=fr#primaryimage"},"thumbnailUrl":"https:\/\/lequotidien.mr\/wp-content\/uploads\/2024\/12\/photo-discours-Pdt.jpg","articleSection":["ACTUALIT\u00c9","Economie"],"inLanguage":"ar","potentialAction":[{"@type":"CommentAction","name":"Comment","target":["https:\/\/lequotidien.mr\/?p=23391&lang=fr#respond"]}]},{"@type":"WebPage","@id":"https:\/\/lequotidien.mr\/?p=23391&lang=fr","url":"https:\/\/lequotidien.mr\/?p=23391&lang=fr","name":"Lancement strat\u00e9gie Espagne-Afrique 2024-2028 : Le Pr\u00e9sident Mohamed Cheikh El Ghazouani salue le partenariat Espagne-Afrique - Le Quotidien de Nouakchott","isPartOf":{"@id":"https:\/\/lequotidien.mr\/#website"},"primaryImageOfPage":{"@id":"https:\/\/lequotidien.mr\/?p=23391&lang=fr#primaryimage"},"image":{"@id":"https:\/\/lequotidien.mr\/?p=23391&lang=fr#primaryimage"},"thumbnailUrl":"https:\/\/lequotidien.mr\/wp-content\/uploads\/2024\/12\/photo-discours-Pdt.jpg","datePublished":"2024-12-06T00:01:32+00:00","breadcrumb":{"@id":"https:\/\/lequotidien.mr\/?p=23391&lang=fr#breadcrumb"},"inLanguage":"ar","potentialAction":[{"@type":"ReadAction","target":["https:\/\/lequotidien.mr\/?p=23391&lang=fr"]}]},{"@type":"ImageObject","inLanguage":"ar","@id":"https:\/\/lequotidien.mr\/?p=23391&lang=fr#primaryimage","url":"https:\/\/lequotidien.mr\/wp-content\/uploads\/2024\/12\/photo-discours-Pdt.jpg","contentUrl":"https:\/\/lequotidien.mr\/wp-content\/uploads\/2024\/12\/photo-discours-Pdt.jpg","width":750,"height":430},{"@type":"BreadcrumbList","@id":"https:\/\/lequotidien.mr\/?p=23391&lang=fr#breadcrumb","itemListElement":[{"@type":"ListItem","position":1,"name":"Home","item":"https:\/\/lequotidien.mr\/"},{"@type":"ListItem","position":2,"name":"Lancement strat\u00e9gie Espagne-Afrique 2024-2028 : Le Pr\u00e9sident Mohamed Cheikh El Ghazouani salue le partenariat Espagne-Afrique"}]},{"@type":"WebSite","@id":"https:\/\/lequotidien.mr\/#website","url":"https:\/\/lequotidien.mr\/","name":"Le Quotidien de Nouakchott","description":"\u0625\u062e\u0628\u0627\u0631\u064a\u0629 \u0645\u0633\u062a\u0642\u0644\u0629 \u0644\u0644\u0623\u0646\u0628\u0627\u0621 \u0627\u0644\u0639\u0627\u0645\u0629","publisher":{"@id":"https:\/\/lequotidien.mr\/#organization"},"potentialAction":[{"@type":"SearchAction","target":{"@type":"EntryPoint","urlTemplate":"https:\/\/lequotidien.mr\/?s={search_term_string}"},"query-input":{"@type":"PropertyValueSpecification","valueRequired":true,"valueName":"search_term_string"}}],"inLanguage":"ar"},{"@type":"Organization","@id":"https:\/\/lequotidien.mr\/#organization","name":"Le Quotidien de Nouakchott","url":"https:\/\/lequotidien.mr\/","logo":{"@type":"ImageObject","inLanguage":"ar","@id":"https:\/\/lequotidien.mr\/#\/schema\/logo\/image\/","url":"https:\/\/lequotidien.mr\/wp-content\/uploads\/2022\/11\/logolequotidien.jpg","contentUrl":"https:\/\/lequotidien.mr\/wp-content\/uploads\/2022\/11\/logolequotidien.jpg","width":290,"height":65,"caption":"Le Quotidien de Nouakchott"},"image":{"@id":"https:\/\/lequotidien.mr\/#\/schema\/logo\/image\/"},"sameAs":["https:\/\/web.facebook.com\/lequotidienmr","https:\/\/x.com\/lequotidienmr"]},{"@type":"Person","@id":"https:\/\/lequotidien.mr\/#\/schema\/person\/d2d350202a4d599685ed8abc25f97596","name":"Med Ahmed","image":{"@type":"ImageObject","inLanguage":"ar","@id":"https:\/\/secure.gravatar.com\/avatar\/fd2acc62ed50732923d1d39c17172c9b04149f142be92310ecc69e1358f94b52?s=96&d=mm&r=g","url":"https:\/\/secure.gravatar.com\/avatar\/fd2acc62ed50732923d1d39c17172c9b04149f142be92310ecc69e1358f94b52?s=96&d=mm&r=g","contentUrl":"https:\/\/secure.gravatar.com\/avatar\/fd2acc62ed50732923d1d39c17172c9b04149f142be92310ecc69e1358f94b52?s=96&d=mm&r=g","caption":"Med Ahmed"},"url":"https:\/\/lequotidien.mr\/?author=12"}]}},"_links":{"self":[{"href":"https:\/\/lequotidien.mr\/index.php?rest_route=\/wp\/v2\/posts\/23391","targetHints":{"allow":["GET"]}}],"collection":[{"href":"https:\/\/lequotidien.mr\/index.php?rest_route=\/wp\/v2\/posts"}],"about":[{"href":"https:\/\/lequotidien.mr\/index.php?rest_route=\/wp\/v2\/types\/post"}],"author":[{"embeddable":true,"href":"https:\/\/lequotidien.mr\/index.php?rest_route=\/wp\/v2\/users\/12"}],"replies":[{"embeddable":true,"href":"https:\/\/lequotidien.mr\/index.php?rest_route=%2Fwp%2Fv2%2Fcomments&post=23391"}],"version-history":[{"count":1,"href":"https:\/\/lequotidien.mr\/index.php?rest_route=\/wp\/v2\/posts\/23391\/revisions"}],"predecessor-version":[{"id":23393,"href":"https:\/\/lequotidien.mr\/index.php?rest_route=\/wp\/v2\/posts\/23391\/revisions\/23393"}],"wp:featuredmedia":[{"embeddable":true,"href":"https:\/\/lequotidien.mr\/index.php?rest_route=\/wp\/v2\/media\/23392"}],"wp:attachment":[{"href":"https:\/\/lequotidien.mr\/index.php?rest_route=%2Fwp%2Fv2%2Fmedia&parent=23391"}],"wp:term":[{"taxonomy":"category","embeddable":true,"href":"https:\/\/lequotidien.mr\/index.php?rest_route=%2Fwp%2Fv2%2Fcategories&post=23391"},{"taxonomy":"post_tag","embeddable":true,"href":"https:\/\/lequotidien.mr\/index.php?rest_route=%2Fwp%2Fv2%2Ftags&post=23391"}],"curies":[{"name":"wp","href":"https:\/\/api.w.org\/{rel}","templated":true}]}}