{"id":23078,"date":"2024-11-24T20:16:55","date_gmt":"2024-11-24T20:16:55","guid":{"rendered":"https:\/\/lequotidien.mr\/?p=23078"},"modified":"2024-12-19T22:16:32","modified_gmt":"2024-12-19T22:16:32","slug":"lettre-de-remerciement-a-loccasion-de-la-denomination-du-quatrieme-groupement-de-gendarmerie-mobile-en-hommage-a-feu-general-ndiaga-dieng","status":"publish","type":"post","link":"https:\/\/lequotidien.mr\/?p=23078&lang=fr","title":{"rendered":"Lettre de remerciement \u00e0 l\u2019occasion de la d\u00e9nomination du quatri\u00e8me Groupement de Gendarmerie Mobile en hommage \u00e0 feu G\u00e9n\u00e9ral Ndiaga Dieng"},"content":{"rendered":"<p>\u00c0 l\u2019attention de Son Excellence Mohamed Cheikh Ould Ghazouani, Pr\u00e9sident de la R\u00e9publique Islamique de Mauritanie<br \/>\nExcellence, Monsieur le Pr\u00e9sident de la R\u00e9publique,<br \/>\nC\u2019est avec une immense gratitude, une profonde \u00e9motion et une grande fiert\u00e9 que nous vous adressons cette lettre, au nom de la famille de feu le G\u00e9n\u00e9ral Ndiaga Dieng, pour vous remercier sinc\u00e8rement de la d\u00e9cision de donner son nom au quatri\u00e8me Groupement de Gendarmerie Mobile.<br \/>\nCet acte, plein de sens et de reconnaissance, honore la m\u00e9moire d\u2019un homme d\u2019exception qui a servi la Mauritanie avec un d\u00e9vouement exemplaire, un courage in\u00e9branlable et un profond sens du devoir tout au long de sa carri\u00e8re. En sa qualit\u00e9 d\u2019officier, de chef d\u2019\u00e9tat-major adjoint de la gendarmerie, de directeur des Douanes et de chef d\u2019\u00e9tat-major de la gendarmerie nationale, il a su marquer de son empreinte l\u2019histoire de nos forces arm\u00e9es.<br \/>\nLe G\u00e9n\u00e9ral Ndiaga Dieng \u00e9tait bien plus qu\u2019un officier sup\u00e9rieur : il incarnait les valeurs de discipline, de loyaut\u00e9 et de patriotisme. Il a \u00e9t\u00e9 un mod\u00e8le de leadership et d\u2019humanit\u00e9, admir\u00e9 par ses camarades et ses subordonn\u00e9s, et respect\u00e9 par tous ceux qui ont eu l\u2019honneur de le c\u00f4toyer.<br \/>\nLa d\u00e9cision de d\u00e9nommer cette caserne en son honneur, en face du cimeti\u00e8re de Bogh\u00e9 o\u00f9 il repose d\u00e9sormais, est une source de r\u00e9confort inestimable pour sa famille, ses proches et ses camarades. Elle t\u00e9moigne \u00e9galement de votre engagement \u00e0 perp\u00e9tuer la m\u00e9moire de ceux qui ont \u0153uvr\u00e9 avec courage et abn\u00e9gation pour la grandeur de notre Nation.<br \/>\nPar ce geste, vous transmettez un message puissant aux g\u00e9n\u00e9rations futures et aux hommes et femmes qui servent sous nos drapeaux : celui de la reconnaissance de l\u2019\u00c9tat envers ceux qui incarnent les id\u00e9aux de service, de sacrifice et de fid\u00e9lit\u00e9 \u00e0 la R\u00e9publique.<br \/>\nNous tenons \u00e9galement \u00e0 saluer les efforts de votre gouvernement pour honorer nos h\u00e9ros nationaux, et pour c\u00e9l\u00e9brer leurs contributions inestimables \u00e0 la d\u00e9fense et au d\u00e9veloppement de notre pays.<br \/>\nLa famille de feu le G\u00e9n\u00e9ral Ndiaga Dieng, la r\u00e9gion du Brakna, Bogh\u00e9 et l\u2019ensemble de la Mauritanie vous expriment leur reconnaissance profonde pour cet hommage qui d\u00e9passe les mots.<br \/>\nVeuillez agr\u00e9er, Monsieur le Pr\u00e9sident de la R\u00e9publique, l\u2019assurance de notre tr\u00e8s haute consid\u00e9ration et de nos salutations respectueuses.<br \/>\nAvec nos remerciements les plus sinc\u00e8res,<br \/>\nLa famille du G\u00e9n\u00e9ral Ndiaga Dieng<\/p>\n","protected":false},"excerpt":{"rendered":"<p>\u00c0 l\u2019attention de Son Excellence Mohamed Cheikh Ould Ghazouani, Pr\u00e9sident de la R\u00e9publique Islamique de Mauritanie Excellence, Monsieur le Pr\u00e9sident de la R\u00e9publique, C\u2019est avec une immense gratitude, une profonde \u00e9motion et une grande fiert\u00e9 que nous vous adressons cette lettre, au nom de la famille de feu le G\u00e9n\u00e9ral Ndiaga Dieng, pour vous remercier&#8230;..<\/p>\n","protected":false},"author":4,"featured_media":23079,"comment_status":"open","ping_status":"open","sticky":false,"template":"","format":"standard","meta":{"footnotes":""},"categories":[23,57],"tags":[],"class_list":["post-23078","post","type-post","status-publish","format-standard","has-post-thumbnail","hentry","category-actualite","category-couverture-specilale"],"yoast_head":"<!-- This site is optimized with the Yoast SEO plugin v27.5 - https:\/\/yoast.com\/product\/yoast-seo-wordpress\/ -->\n<title>Lettre de remerciement \u00e0 l\u2019occasion de la d\u00e9nomination du quatri\u00e8me Groupement de Gendarmerie Mobile en hommage \u00e0 feu G\u00e9n\u00e9ral Ndiaga Dieng - Le Quotidien de Nouakchott<\/title>\n<meta name=\"robots\" content=\"index, follow, max-snippet:-1, max-image-preview:large, max-video-preview:-1\" \/>\n<link rel=\"canonical\" href=\"https:\/\/lequotidien.mr\/?p=23078&lang=fr\" \/>\n<meta property=\"og:locale\" content=\"ar_AR\" \/>\n<meta property=\"og:type\" content=\"article\" \/>\n<meta property=\"og:title\" content=\"Lettre de remerciement \u00e0 l\u2019occasion de la d\u00e9nomination du quatri\u00e8me Groupement de Gendarmerie Mobile en hommage \u00e0 feu G\u00e9n\u00e9ral Ndiaga Dieng - Le Quotidien de Nouakchott\" \/>\n<meta property=\"og:description\" content=\"\u00c0 l\u2019attention de Son Excellence Mohamed Cheikh Ould Ghazouani, Pr\u00e9sident de la R\u00e9publique Islamique de Mauritanie Excellence, Monsieur le Pr\u00e9sident de la R\u00e9publique, C\u2019est avec une immense gratitude, une profonde \u00e9motion et une grande fiert\u00e9 que nous vous adressons cette lettre, au nom de la famille de feu le G\u00e9n\u00e9ral Ndiaga Dieng, pour vous remercier.....\" \/>\n<meta property=\"og:url\" content=\"https:\/\/lequotidien.mr\/?p=23078&amp;lang=fr\" \/>\n<meta property=\"og:site_name\" content=\"Le Quotidien de Nouakchott\" \/>\n<meta property=\"article:publisher\" content=\"https:\/\/web.facebook.com\/lequotidienmr\" \/>\n<meta property=\"article:published_time\" content=\"2024-11-24T20:16:55+00:00\" \/>\n<meta property=\"article:modified_time\" content=\"2024-12-19T22:16:32+00:00\" \/>\n<meta property=\"og:image\" content=\"https:\/\/lequotidien.mr\/wp-content\/uploads\/2024\/11\/04b5c3a2-5292-4c60-8ab6-c1b59283471b.jpeg\" \/>\n\t<meta property=\"og:image:width\" content=\"1080\" \/>\n\t<meta property=\"og:image:height\" content=\"498\" \/>\n\t<meta property=\"og:image:type\" content=\"image\/jpeg\" \/>\n<meta name=\"author\" content=\"Le Quotidien\" \/>\n<meta name=\"twitter:card\" content=\"summary_large_image\" \/>\n<meta name=\"twitter:creator\" content=\"@lequotidienmr\" \/>\n<meta name=\"twitter:site\" content=\"@lequotidienmr\" \/>\n<meta name=\"twitter:label1\" content=\"\u0643\u064f\u062a\u0628 \u0628\u0648\u0627\u0633\u0637\u0629\" \/>\n\t<meta name=\"twitter:data1\" content=\"Le Quotidien\" \/>\n\t<meta name=\"twitter:label2\" content=\"\u0648\u0642\u062a \u0627\u0644\u0642\u0631\u0627\u0621\u0629 \u0627\u0644\u0645\u064f\u0642\u062f\u0651\u0631\" \/>\n\t<meta name=\"twitter:data2\" content=\"\u062f\u0642\u064a\u0642\u062a\u0627\u0646\" \/>\n<script type=\"application\/ld+json\" class=\"yoast-schema-graph\">{\"@context\":\"https:\\\/\\\/schema.org\",\"@graph\":[{\"@type\":\"Article\",\"@id\":\"https:\\\/\\\/lequotidien.mr\\\/?p=23078&lang=fr#article\",\"isPartOf\":{\"@id\":\"https:\\\/\\\/lequotidien.mr\\\/?p=23078&lang=fr\"},\"author\":{\"name\":\"Le Quotidien\",\"@id\":\"https:\\\/\\\/lequotidien.mr\\\/#\\\/schema\\\/person\\\/f90fcdaa970c60288de4ed2e64a56472\"},\"headline\":\"Lettre de remerciement \u00e0 l\u2019occasion de la d\u00e9nomination du quatri\u00e8me Groupement de Gendarmerie Mobile en hommage \u00e0 feu G\u00e9n\u00e9ral Ndiaga Dieng\",\"datePublished\":\"2024-11-24T20:16:55+00:00\",\"dateModified\":\"2024-12-19T22:16:32+00:00\",\"mainEntityOfPage\":{\"@id\":\"https:\\\/\\\/lequotidien.mr\\\/?p=23078&lang=fr\"},\"wordCount\":467,\"commentCount\":0,\"publisher\":{\"@id\":\"https:\\\/\\\/lequotidien.mr\\\/#organization\"},\"image\":{\"@id\":\"https:\\\/\\\/lequotidien.mr\\\/?p=23078&lang=fr#primaryimage\"},\"thumbnailUrl\":\"https:\\\/\\\/lequotidien.mr\\\/wp-content\\\/uploads\\\/2024\\\/11\\\/04b5c3a2-5292-4c60-8ab6-c1b59283471b.jpeg\",\"articleSection\":[\"ACTUALIT\u00c9\",\"Couverture sp\u00e9cilale\"],\"inLanguage\":\"ar\",\"potentialAction\":[{\"@type\":\"CommentAction\",\"name\":\"Comment\",\"target\":[\"https:\\\/\\\/lequotidien.mr\\\/?p=23078&lang=fr#respond\"]}]},{\"@type\":\"WebPage\",\"@id\":\"https:\\\/\\\/lequotidien.mr\\\/?p=23078&lang=fr\",\"url\":\"https:\\\/\\\/lequotidien.mr\\\/?p=23078&lang=fr\",\"name\":\"Lettre de remerciement \u00e0 l\u2019occasion de la d\u00e9nomination du quatri\u00e8me Groupement de Gendarmerie Mobile en hommage \u00e0 feu G\u00e9n\u00e9ral Ndiaga Dieng - Le Quotidien de Nouakchott\",\"isPartOf\":{\"@id\":\"https:\\\/\\\/lequotidien.mr\\\/#website\"},\"primaryImageOfPage\":{\"@id\":\"https:\\\/\\\/lequotidien.mr\\\/?p=23078&lang=fr#primaryimage\"},\"image\":{\"@id\":\"https:\\\/\\\/lequotidien.mr\\\/?p=23078&lang=fr#primaryimage\"},\"thumbnailUrl\":\"https:\\\/\\\/lequotidien.mr\\\/wp-content\\\/uploads\\\/2024\\\/11\\\/04b5c3a2-5292-4c60-8ab6-c1b59283471b.jpeg\",\"datePublished\":\"2024-11-24T20:16:55+00:00\",\"dateModified\":\"2024-12-19T22:16:32+00:00\",\"breadcrumb\":{\"@id\":\"https:\\\/\\\/lequotidien.mr\\\/?p=23078&lang=fr#breadcrumb\"},\"inLanguage\":\"ar\",\"potentialAction\":[{\"@type\":\"ReadAction\",\"target\":[\"https:\\\/\\\/lequotidien.mr\\\/?p=23078&lang=fr\"]}]},{\"@type\":\"ImageObject\",\"inLanguage\":\"ar\",\"@id\":\"https:\\\/\\\/lequotidien.mr\\\/?p=23078&lang=fr#primaryimage\",\"url\":\"https:\\\/\\\/lequotidien.mr\\\/wp-content\\\/uploads\\\/2024\\\/11\\\/04b5c3a2-5292-4c60-8ab6-c1b59283471b.jpeg\",\"contentUrl\":\"https:\\\/\\\/lequotidien.mr\\\/wp-content\\\/uploads\\\/2024\\\/11\\\/04b5c3a2-5292-4c60-8ab6-c1b59283471b.jpeg\",\"width\":1080,\"height\":498},{\"@type\":\"BreadcrumbList\",\"@id\":\"https:\\\/\\\/lequotidien.mr\\\/?p=23078&lang=fr#breadcrumb\",\"itemListElement\":[{\"@type\":\"ListItem\",\"position\":1,\"name\":\"Home\",\"item\":\"https:\\\/\\\/lequotidien.mr\\\/\"},{\"@type\":\"ListItem\",\"position\":2,\"name\":\"Lettre de remerciement \u00e0 l\u2019occasion de la d\u00e9nomination du quatri\u00e8me Groupement de Gendarmerie Mobile en hommage \u00e0 feu G\u00e9n\u00e9ral Ndiaga Dieng\"}]},{\"@type\":\"WebSite\",\"@id\":\"https:\\\/\\\/lequotidien.mr\\\/#website\",\"url\":\"https:\\\/\\\/lequotidien.mr\\\/\",\"name\":\"Le Quotidien de Nouakchott\",\"description\":\"\u0625\u062e\u0628\u0627\u0631\u064a\u0629 \u0645\u0633\u062a\u0642\u0644\u0629 \u0644\u0644\u0623\u0646\u0628\u0627\u0621 \u0627\u0644\u0639\u0627\u0645\u0629\",\"publisher\":{\"@id\":\"https:\\\/\\\/lequotidien.mr\\\/#organization\"},\"potentialAction\":[{\"@type\":\"SearchAction\",\"target\":{\"@type\":\"EntryPoint\",\"urlTemplate\":\"https:\\\/\\\/lequotidien.mr\\\/?s={search_term_string}\"},\"query-input\":{\"@type\":\"PropertyValueSpecification\",\"valueRequired\":true,\"valueName\":\"search_term_string\"}}],\"inLanguage\":\"ar\"},{\"@type\":\"Organization\",\"@id\":\"https:\\\/\\\/lequotidien.mr\\\/#organization\",\"name\":\"Le Quotidien de Nouakchott\",\"url\":\"https:\\\/\\\/lequotidien.mr\\\/\",\"logo\":{\"@type\":\"ImageObject\",\"inLanguage\":\"ar\",\"@id\":\"https:\\\/\\\/lequotidien.mr\\\/#\\\/schema\\\/logo\\\/image\\\/\",\"url\":\"https:\\\/\\\/lequotidien.mr\\\/wp-content\\\/uploads\\\/2022\\\/11\\\/logolequotidien.jpg\",\"contentUrl\":\"https:\\\/\\\/lequotidien.mr\\\/wp-content\\\/uploads\\\/2022\\\/11\\\/logolequotidien.jpg\",\"width\":290,\"height\":65,\"caption\":\"Le Quotidien de Nouakchott\"},\"image\":{\"@id\":\"https:\\\/\\\/lequotidien.mr\\\/#\\\/schema\\\/logo\\\/image\\\/\"},\"sameAs\":[\"https:\\\/\\\/web.facebook.com\\\/lequotidienmr\",\"https:\\\/\\\/x.com\\\/lequotidienmr\"]},{\"@type\":\"Person\",\"@id\":\"https:\\\/\\\/lequotidien.mr\\\/#\\\/schema\\\/person\\\/f90fcdaa970c60288de4ed2e64a56472\",\"name\":\"Le Quotidien\",\"image\":{\"@type\":\"ImageObject\",\"inLanguage\":\"ar\",\"@id\":\"https:\\\/\\\/secure.gravatar.com\\\/avatar\\\/374cb39a1a458a912465a93e5a3ce6546886fc3da809a1f10c63e4e8fcbca30f?s=96&d=mm&r=g\",\"url\":\"https:\\\/\\\/secure.gravatar.com\\\/avatar\\\/374cb39a1a458a912465a93e5a3ce6546886fc3da809a1f10c63e4e8fcbca30f?s=96&d=mm&r=g\",\"contentUrl\":\"https:\\\/\\\/secure.gravatar.com\\\/avatar\\\/374cb39a1a458a912465a93e5a3ce6546886fc3da809a1f10c63e4e8fcbca30f?s=96&d=mm&r=g\",\"caption\":\"Le Quotidien\"},\"sameAs\":[\"https:\\\/\\\/lequotidien.mr\\\/\"],\"url\":\"https:\\\/\\\/lequotidien.mr\\\/?author=4\"}]}<\/script>\n<!-- \/ Yoast SEO plugin. -->","yoast_head_json":{"title":"Lettre de remerciement \u00e0 l\u2019occasion de la d\u00e9nomination du quatri\u00e8me Groupement de Gendarmerie Mobile en hommage \u00e0 feu G\u00e9n\u00e9ral Ndiaga Dieng - Le Quotidien de Nouakchott","robots":{"index":"index","follow":"follow","max-snippet":"max-snippet:-1","max-image-preview":"max-image-preview:large","max-video-preview":"max-video-preview:-1"},"canonical":"https:\/\/lequotidien.mr\/?p=23078&lang=fr","og_locale":"ar_AR","og_type":"article","og_title":"Lettre de remerciement \u00e0 l\u2019occasion de la d\u00e9nomination du quatri\u00e8me Groupement de Gendarmerie Mobile en hommage \u00e0 feu G\u00e9n\u00e9ral Ndiaga Dieng - Le Quotidien de Nouakchott","og_description":"\u00c0 l\u2019attention de Son Excellence Mohamed Cheikh Ould Ghazouani, Pr\u00e9sident de la R\u00e9publique Islamique de Mauritanie Excellence, Monsieur le Pr\u00e9sident de la R\u00e9publique, C\u2019est avec une immense gratitude, une profonde \u00e9motion et une grande fiert\u00e9 que nous vous adressons cette lettre, au nom de la famille de feu le G\u00e9n\u00e9ral Ndiaga Dieng, pour vous remercier.....","og_url":"https:\/\/lequotidien.mr\/?p=23078&lang=fr","og_site_name":"Le Quotidien de Nouakchott","article_publisher":"https:\/\/web.facebook.com\/lequotidienmr","article_published_time":"2024-11-24T20:16:55+00:00","article_modified_time":"2024-12-19T22:16:32+00:00","og_image":[{"width":1080,"height":498,"url":"https:\/\/lequotidien.mr\/wp-content\/uploads\/2024\/11\/04b5c3a2-5292-4c60-8ab6-c1b59283471b.jpeg","type":"image\/jpeg"}],"author":"Le Quotidien","twitter_card":"summary_large_image","twitter_creator":"@lequotidienmr","twitter_site":"@lequotidienmr","twitter_misc":{"\u0643\u064f\u062a\u0628 \u0628\u0648\u0627\u0633\u0637\u0629":"Le Quotidien","\u0648\u0642\u062a \u0627\u0644\u0642\u0631\u0627\u0621\u0629 \u0627\u0644\u0645\u064f\u0642\u062f\u0651\u0631":"\u062f\u0642\u064a\u0642\u062a\u0627\u0646"},"schema":{"@context":"https:\/\/schema.org","@graph":[{"@type":"Article","@id":"https:\/\/lequotidien.mr\/?p=23078&lang=fr#article","isPartOf":{"@id":"https:\/\/lequotidien.mr\/?p=23078&lang=fr"},"author":{"name":"Le Quotidien","@id":"https:\/\/lequotidien.mr\/#\/schema\/person\/f90fcdaa970c60288de4ed2e64a56472"},"headline":"Lettre de remerciement \u00e0 l\u2019occasion de la d\u00e9nomination du quatri\u00e8me Groupement de Gendarmerie Mobile en hommage \u00e0 feu G\u00e9n\u00e9ral Ndiaga Dieng","datePublished":"2024-11-24T20:16:55+00:00","dateModified":"2024-12-19T22:16:32+00:00","mainEntityOfPage":{"@id":"https:\/\/lequotidien.mr\/?p=23078&lang=fr"},"wordCount":467,"commentCount":0,"publisher":{"@id":"https:\/\/lequotidien.mr\/#organization"},"image":{"@id":"https:\/\/lequotidien.mr\/?p=23078&lang=fr#primaryimage"},"thumbnailUrl":"https:\/\/lequotidien.mr\/wp-content\/uploads\/2024\/11\/04b5c3a2-5292-4c60-8ab6-c1b59283471b.jpeg","articleSection":["ACTUALIT\u00c9","Couverture sp\u00e9cilale"],"inLanguage":"ar","potentialAction":[{"@type":"CommentAction","name":"Comment","target":["https:\/\/lequotidien.mr\/?p=23078&lang=fr#respond"]}]},{"@type":"WebPage","@id":"https:\/\/lequotidien.mr\/?p=23078&lang=fr","url":"https:\/\/lequotidien.mr\/?p=23078&lang=fr","name":"Lettre de remerciement \u00e0 l\u2019occasion de la d\u00e9nomination du quatri\u00e8me Groupement de Gendarmerie Mobile en hommage \u00e0 feu G\u00e9n\u00e9ral Ndiaga Dieng - Le Quotidien de Nouakchott","isPartOf":{"@id":"https:\/\/lequotidien.mr\/#website"},"primaryImageOfPage":{"@id":"https:\/\/lequotidien.mr\/?p=23078&lang=fr#primaryimage"},"image":{"@id":"https:\/\/lequotidien.mr\/?p=23078&lang=fr#primaryimage"},"thumbnailUrl":"https:\/\/lequotidien.mr\/wp-content\/uploads\/2024\/11\/04b5c3a2-5292-4c60-8ab6-c1b59283471b.jpeg","datePublished":"2024-11-24T20:16:55+00:00","dateModified":"2024-12-19T22:16:32+00:00","breadcrumb":{"@id":"https:\/\/lequotidien.mr\/?p=23078&lang=fr#breadcrumb"},"inLanguage":"ar","potentialAction":[{"@type":"ReadAction","target":["https:\/\/lequotidien.mr\/?p=23078&lang=fr"]}]},{"@type":"ImageObject","inLanguage":"ar","@id":"https:\/\/lequotidien.mr\/?p=23078&lang=fr#primaryimage","url":"https:\/\/lequotidien.mr\/wp-content\/uploads\/2024\/11\/04b5c3a2-5292-4c60-8ab6-c1b59283471b.jpeg","contentUrl":"https:\/\/lequotidien.mr\/wp-content\/uploads\/2024\/11\/04b5c3a2-5292-4c60-8ab6-c1b59283471b.jpeg","width":1080,"height":498},{"@type":"BreadcrumbList","@id":"https:\/\/lequotidien.mr\/?p=23078&lang=fr#breadcrumb","itemListElement":[{"@type":"ListItem","position":1,"name":"Home","item":"https:\/\/lequotidien.mr\/"},{"@type":"ListItem","position":2,"name":"Lettre de remerciement \u00e0 l\u2019occasion de la d\u00e9nomination du quatri\u00e8me Groupement de Gendarmerie Mobile en hommage \u00e0 feu G\u00e9n\u00e9ral Ndiaga Dieng"}]},{"@type":"WebSite","@id":"https:\/\/lequotidien.mr\/#website","url":"https:\/\/lequotidien.mr\/","name":"Le Quotidien de Nouakchott","description":"\u0625\u062e\u0628\u0627\u0631\u064a\u0629 \u0645\u0633\u062a\u0642\u0644\u0629 \u0644\u0644\u0623\u0646\u0628\u0627\u0621 \u0627\u0644\u0639\u0627\u0645\u0629","publisher":{"@id":"https:\/\/lequotidien.mr\/#organization"},"potentialAction":[{"@type":"SearchAction","target":{"@type":"EntryPoint","urlTemplate":"https:\/\/lequotidien.mr\/?s={search_term_string}"},"query-input":{"@type":"PropertyValueSpecification","valueRequired":true,"valueName":"search_term_string"}}],"inLanguage":"ar"},{"@type":"Organization","@id":"https:\/\/lequotidien.mr\/#organization","name":"Le Quotidien de Nouakchott","url":"https:\/\/lequotidien.mr\/","logo":{"@type":"ImageObject","inLanguage":"ar","@id":"https:\/\/lequotidien.mr\/#\/schema\/logo\/image\/","url":"https:\/\/lequotidien.mr\/wp-content\/uploads\/2022\/11\/logolequotidien.jpg","contentUrl":"https:\/\/lequotidien.mr\/wp-content\/uploads\/2022\/11\/logolequotidien.jpg","width":290,"height":65,"caption":"Le Quotidien de Nouakchott"},"image":{"@id":"https:\/\/lequotidien.mr\/#\/schema\/logo\/image\/"},"sameAs":["https:\/\/web.facebook.com\/lequotidienmr","https:\/\/x.com\/lequotidienmr"]},{"@type":"Person","@id":"https:\/\/lequotidien.mr\/#\/schema\/person\/f90fcdaa970c60288de4ed2e64a56472","name":"Le Quotidien","image":{"@type":"ImageObject","inLanguage":"ar","@id":"https:\/\/secure.gravatar.com\/avatar\/374cb39a1a458a912465a93e5a3ce6546886fc3da809a1f10c63e4e8fcbca30f?s=96&d=mm&r=g","url":"https:\/\/secure.gravatar.com\/avatar\/374cb39a1a458a912465a93e5a3ce6546886fc3da809a1f10c63e4e8fcbca30f?s=96&d=mm&r=g","contentUrl":"https:\/\/secure.gravatar.com\/avatar\/374cb39a1a458a912465a93e5a3ce6546886fc3da809a1f10c63e4e8fcbca30f?s=96&d=mm&r=g","caption":"Le Quotidien"},"sameAs":["https:\/\/lequotidien.mr\/"],"url":"https:\/\/lequotidien.mr\/?author=4"}]}},"_links":{"self":[{"href":"https:\/\/lequotidien.mr\/index.php?rest_route=\/wp\/v2\/posts\/23078","targetHints":{"allow":["GET"]}}],"collection":[{"href":"https:\/\/lequotidien.mr\/index.php?rest_route=\/wp\/v2\/posts"}],"about":[{"href":"https:\/\/lequotidien.mr\/index.php?rest_route=\/wp\/v2\/types\/post"}],"author":[{"embeddable":true,"href":"https:\/\/lequotidien.mr\/index.php?rest_route=\/wp\/v2\/users\/4"}],"replies":[{"embeddable":true,"href":"https:\/\/lequotidien.mr\/index.php?rest_route=%2Fwp%2Fv2%2Fcomments&post=23078"}],"version-history":[{"count":2,"href":"https:\/\/lequotidien.mr\/index.php?rest_route=\/wp\/v2\/posts\/23078\/revisions"}],"predecessor-version":[{"id":23081,"href":"https:\/\/lequotidien.mr\/index.php?rest_route=\/wp\/v2\/posts\/23078\/revisions\/23081"}],"wp:featuredmedia":[{"embeddable":true,"href":"https:\/\/lequotidien.mr\/index.php?rest_route=\/wp\/v2\/media\/23079"}],"wp:attachment":[{"href":"https:\/\/lequotidien.mr\/index.php?rest_route=%2Fwp%2Fv2%2Fmedia&parent=23078"}],"wp:term":[{"taxonomy":"category","embeddable":true,"href":"https:\/\/lequotidien.mr\/index.php?rest_route=%2Fwp%2Fv2%2Fcategories&post=23078"},{"taxonomy":"post_tag","embeddable":true,"href":"https:\/\/lequotidien.mr\/index.php?rest_route=%2Fwp%2Fv2%2Ftags&post=23078"}],"curies":[{"name":"wp","href":"https:\/\/api.w.org\/{rel}","templated":true}]}}