{"id":23029,"date":"2024-11-23T12:09:58","date_gmt":"2024-11-23T12:09:58","guid":{"rendered":"https:\/\/lequotidien.mr\/?p=23029"},"modified":"2024-11-23T12:09:58","modified_gmt":"2024-11-23T12:09:58","slug":"mauritanie-le-president-supervise-louverture-des-journees-nationales-de-lartisanat","status":"publish","type":"post","link":"https:\/\/lequotidien.mr\/?p=23029&lang=fr","title":{"rendered":"Mauritanie : Le Pr\u00e9sident supervise l\u2019ouverture des Journ\u00e9es Nationales de l\u2019Artisanat"},"content":{"rendered":"<p style=\"text-align: justify;\">Le Pr\u00e9sident de la R\u00e9publique, <strong>Mohamed Ould Cheikh El-Ghazouani<\/strong>, a inaugur\u00e9 vendredi soir au complexe olympique de Nouakchott la deuxi\u00e8me \u00e9dition des Journ\u00e9es Nationales de l\u2019Artisanat, organis\u00e9e sous le th\u00e8me : <strong>\u00ab R\u00e9inventons l\u2019artisanat au profit des g\u00e9n\u00e9rations futures \u00bb<\/strong>. Cet \u00e9v\u00e9nement, destin\u00e9 \u00e0 mettre en valeur le riche patrimoine artisanal mauritanien, constitue \u00e9galement une plateforme pour promouvoir le secteur en tant que levier \u00e9conomique et culturel.<\/p>\n<h4 style=\"text-align: justify;\"><strong>Un voyage \u00e0 travers le patrimoine artisanal<\/strong><\/h4>\n<p style=\"text-align: justify;\">Lors de l\u2019ouverture, le Pr\u00e9sident de la R\u00e9publique a visit\u00e9 les diff\u00e9rents pavillons de l\u2019exposition, o\u00f9 il a pu d\u00e9couvrir une large gamme de produits artisanaux repr\u00e9sentant l\u2019histoire, les traditions et la diversit\u00e9 culturelle du pays. Les pr\u00e9sentations ont mis en avant les costumes traditionnels, le tissage, la teinture, les outils en cuir d\u00e9cor\u00e9s, la c\u00e9ramique et les bijoux en or et argent, tous illustrant l\u2019\u00e9volution et la richesse de l\u2019artisanat dans les diff\u00e9rentes r\u00e9gions de Mauritanie.<\/p>\n<p style=\"text-align: justify;\">Les visiteurs ont \u00e9galement acc\u00e8s \u00e0 des films retra\u00e7ant l\u2019histoire de l\u2019artisanat mauritanien, ainsi qu\u2019\u00e0 des t\u00e9moignages d\u2019artisans sur leurs techniques et m\u00e9thodes de fabrication, offrant ainsi une immersion unique dans ce secteur.<\/p>\n<h4 style=\"text-align: justify;\"><strong>Un secteur cl\u00e9 pour le d\u00e9veloppement \u00e9conomique<\/strong><\/h4>\n<p style=\"text-align: justify;\">Dans son allocution, le ministre de la Formation professionnelle, de l\u2019Artisanat et des M\u00e9tiers, <strong>M. Mohamed Maalainine Ould Eyih<\/strong>, a soulign\u00e9 que l\u2019artisanat est non seulement une m\u00e9moire vivante des traditions et de l\u2019identit\u00e9 mauritanienne, mais aussi un <strong>secteur \u00e9conomique prometteur<\/strong>. Il a rappel\u00e9 que sous le mandat de S.E. le Pr\u00e9sident, de nombreuses initiatives ont \u00e9t\u00e9 mises en \u0153uvre pour redonner \u00e0 l\u2019artisanat sa place dans le d\u00e9veloppement national, notamment \u00e0 travers la cr\u00e9ation d\u2019un <strong>village de l\u2019artisanat<\/strong> \u00e0 Nouakchott et une participation accrue aux forums internationaux.<\/p>\n<p style=\"text-align: justify;\">Le ministre a \u00e9galement \u00e9voqu\u00e9 les discours du Pr\u00e9sident \u00e0 <strong>Ouadane et Tichit<\/strong>, qui ont marqu\u00e9 un tournant dans la valorisation des m\u00e9tiers artisanaux comme levier de coh\u00e9sion sociale et de justice \u00e9conomique.<\/p>\n<h4 style=\"text-align: justify;\"><strong>Un engagement au niveau local et international<\/strong><\/h4>\n<p style=\"text-align: justify;\">La pr\u00e9sidente de la r\u00e9gion de Nouakchott, <strong>Mme Fatimetou Abdelmalek<\/strong>, a soulign\u00e9 que l\u2019organisation de ces journ\u00e9es refl\u00e8te la volont\u00e9 de surmonter les injustices historiques li\u00e9es au patrimoine et de c\u00e9l\u00e9brer la diversit\u00e9 culturelle nationale. Elle a annonc\u00e9 que 40 femmes ont \u00e9t\u00e9 form\u00e9es dans les m\u00e9tiers de la confection et de la broderie en partenariat avec des associations locales.<\/p>\n<p style=\"text-align: justify;\">De son c\u00f4t\u00e9, le maire de Tevragh-Zeina, <strong>M. Taleb Ould Mahjoub<\/strong>, a exprim\u00e9 son espoir de voir la cr\u00e9ation d\u2019un centre d\u00e9di\u00e9 au d\u00e9veloppement des talents des jeunes dans sa commune, afin de renforcer leurs comp\u00e9tences techniques et de stimuler l\u2019emploi.<\/p>\n<h4 style=\"text-align: justify;\"><strong>Un vecteur de rayonnement et d\u2019innovation<\/strong><\/h4>\n<p style=\"text-align: justify;\">Selon la commissaire de l\u2019exposition, <strong>Mme Hawa Abou Moussa Diallo<\/strong>, cette \u00e9dition ne se limite pas \u00e0 l\u2019exposition des produits, mais constitue un pas d\u00e9cisif vers la <strong>modernisation et la comp\u00e9titivit\u00e9<\/strong> du secteur. Elle a soulign\u00e9 l\u2019importance de faire de l\u2019artisanat un moteur \u00e9conomique comp\u00e9titif, contribuant \u00e0 la fois \u00e0 la pr\u00e9servation du patrimoine et \u00e0 la cr\u00e9ation de richesses.<\/p>\n<h4 style=\"text-align: justify;\"><strong>Un \u00e9v\u00e9nement de port\u00e9e nationale<\/strong><\/h4>\n<p style=\"text-align: justify;\">La c\u00e9r\u00e9monie d\u2019ouverture a r\u00e9uni de nombreuses personnalit\u00e9s, notamment le Premier Ministre <strong>M. Mokhtar Ould Diay<\/strong>, des membres du gouvernement, des \u00e9lus, des responsables militaires et s\u00e9curitaires, ainsi que des membres du corps diplomatique.<\/p>\n<p style=\"text-align: justify;\">Cette deuxi\u00e8me \u00e9dition des Journ\u00e9es Nationales de l\u2019Artisanat marque un jalon important dans la valorisation d\u2019un secteur au c\u0153ur de l\u2019identit\u00e9 mauritanienne, tout en jetant les bases pour en faire un pilier du d\u00e9veloppement \u00e9conomique durable.<\/p>\n<p style=\"text-align: justify;\">\n<p style=\"text-align: justify;\">\n","protected":false},"excerpt":{"rendered":"<p>Le Pr\u00e9sident de la R\u00e9publique, Mohamed Ould Cheikh El-Ghazouani, a inaugur\u00e9 vendredi soir au complexe olympique de Nouakchott la deuxi\u00e8me \u00e9dition des Journ\u00e9es Nationales de l\u2019Artisanat, organis\u00e9e sous le th\u00e8me : \u00ab R\u00e9inventons l\u2019artisanat au profit des g\u00e9n\u00e9rations futures \u00bb. Cet \u00e9v\u00e9nement, destin\u00e9 \u00e0 mettre en valeur le riche patrimoine artisanal mauritanien, constitue \u00e9galement une&#8230;..<\/p>\n","protected":false},"author":4,"featured_media":23032,"comment_status":"open","ping_status":"open","sticky":false,"template":"","format":"standard","meta":{"footnotes":""},"categories":[23,57],"tags":[],"class_list":["post-23029","post","type-post","status-publish","format-standard","has-post-thumbnail","hentry","category-actualite","category-couverture-specilale"],"yoast_head":"<!-- This site is optimized with the Yoast SEO plugin v27.5 - https:\/\/yoast.com\/product\/yoast-seo-wordpress\/ -->\n<title>Mauritanie : Le Pr\u00e9sident supervise l\u2019ouverture des Journ\u00e9es Nationales de l\u2019Artisanat - Le Quotidien de Nouakchott<\/title>\n<meta name=\"robots\" content=\"index, follow, max-snippet:-1, max-image-preview:large, max-video-preview:-1\" \/>\n<link rel=\"canonical\" href=\"https:\/\/lequotidien.mr\/?p=23029&lang=fr\" \/>\n<meta property=\"og:locale\" content=\"ar_AR\" \/>\n<meta property=\"og:type\" content=\"article\" \/>\n<meta property=\"og:title\" content=\"Mauritanie : Le Pr\u00e9sident supervise l\u2019ouverture des Journ\u00e9es Nationales de l\u2019Artisanat - Le Quotidien de Nouakchott\" \/>\n<meta property=\"og:description\" content=\"Le Pr\u00e9sident de la R\u00e9publique, Mohamed Ould Cheikh El-Ghazouani, a inaugur\u00e9 vendredi soir au complexe olympique de Nouakchott la deuxi\u00e8me \u00e9dition des Journ\u00e9es Nationales de l\u2019Artisanat, organis\u00e9e sous le th\u00e8me : \u00ab R\u00e9inventons l\u2019artisanat au profit des g\u00e9n\u00e9rations futures \u00bb. Cet \u00e9v\u00e9nement, destin\u00e9 \u00e0 mettre en valeur le riche patrimoine artisanal mauritanien, constitue \u00e9galement une.....\" \/>\n<meta property=\"og:url\" content=\"https:\/\/lequotidien.mr\/?p=23029&amp;lang=fr\" \/>\n<meta property=\"og:site_name\" content=\"Le Quotidien de Nouakchott\" \/>\n<meta property=\"article:publisher\" content=\"https:\/\/web.facebook.com\/lequotidienmr\" \/>\n<meta property=\"article:published_time\" content=\"2024-11-23T12:09:58+00:00\" \/>\n<meta property=\"og:image\" content=\"https:\/\/lequotidien.mr\/wp-content\/uploads\/2024\/11\/22-11-2024-s00200-300x200-1.jpg\" \/>\n\t<meta property=\"og:image:width\" content=\"300\" \/>\n\t<meta property=\"og:image:height\" content=\"200\" \/>\n\t<meta property=\"og:image:type\" content=\"image\/jpeg\" \/>\n<meta name=\"author\" content=\"Le Quotidien\" \/>\n<meta name=\"twitter:card\" content=\"summary_large_image\" \/>\n<meta name=\"twitter:creator\" content=\"@lequotidienmr\" \/>\n<meta name=\"twitter:site\" content=\"@lequotidienmr\" \/>\n<meta name=\"twitter:label1\" content=\"\u0643\u064f\u062a\u0628 \u0628\u0648\u0627\u0633\u0637\u0629\" \/>\n\t<meta name=\"twitter:data1\" content=\"Le Quotidien\" \/>\n\t<meta name=\"twitter:label2\" content=\"\u0648\u0642\u062a \u0627\u0644\u0642\u0631\u0627\u0621\u0629 \u0627\u0644\u0645\u064f\u0642\u062f\u0651\u0631\" \/>\n\t<meta name=\"twitter:data2\" content=\"3 \u062f\u0642\u0627\u0626\u0642\" \/>\n<script type=\"application\/ld+json\" class=\"yoast-schema-graph\">{\"@context\":\"https:\\\/\\\/schema.org\",\"@graph\":[{\"@type\":\"Article\",\"@id\":\"https:\\\/\\\/lequotidien.mr\\\/?p=23029&lang=fr#article\",\"isPartOf\":{\"@id\":\"https:\\\/\\\/lequotidien.mr\\\/?p=23029&lang=fr\"},\"author\":{\"name\":\"Le Quotidien\",\"@id\":\"https:\\\/\\\/lequotidien.mr\\\/#\\\/schema\\\/person\\\/f90fcdaa970c60288de4ed2e64a56472\"},\"headline\":\"Mauritanie : Le Pr\u00e9sident supervise l\u2019ouverture des Journ\u00e9es Nationales de l\u2019Artisanat\",\"datePublished\":\"2024-11-23T12:09:58+00:00\",\"mainEntityOfPage\":{\"@id\":\"https:\\\/\\\/lequotidien.mr\\\/?p=23029&lang=fr\"},\"wordCount\":653,\"commentCount\":0,\"publisher\":{\"@id\":\"https:\\\/\\\/lequotidien.mr\\\/#organization\"},\"image\":{\"@id\":\"https:\\\/\\\/lequotidien.mr\\\/?p=23029&lang=fr#primaryimage\"},\"thumbnailUrl\":\"https:\\\/\\\/lequotidien.mr\\\/wp-content\\\/uploads\\\/2024\\\/11\\\/22-11-2024-s00200-300x200-1.jpg\",\"articleSection\":[\"ACTUALIT\u00c9\",\"Couverture sp\u00e9cilale\"],\"inLanguage\":\"ar\",\"potentialAction\":[{\"@type\":\"CommentAction\",\"name\":\"Comment\",\"target\":[\"https:\\\/\\\/lequotidien.mr\\\/?p=23029&lang=fr#respond\"]}]},{\"@type\":\"WebPage\",\"@id\":\"https:\\\/\\\/lequotidien.mr\\\/?p=23029&lang=fr\",\"url\":\"https:\\\/\\\/lequotidien.mr\\\/?p=23029&lang=fr\",\"name\":\"Mauritanie : Le Pr\u00e9sident supervise l\u2019ouverture des Journ\u00e9es Nationales de l\u2019Artisanat - Le Quotidien de Nouakchott\",\"isPartOf\":{\"@id\":\"https:\\\/\\\/lequotidien.mr\\\/#website\"},\"primaryImageOfPage\":{\"@id\":\"https:\\\/\\\/lequotidien.mr\\\/?p=23029&lang=fr#primaryimage\"},\"image\":{\"@id\":\"https:\\\/\\\/lequotidien.mr\\\/?p=23029&lang=fr#primaryimage\"},\"thumbnailUrl\":\"https:\\\/\\\/lequotidien.mr\\\/wp-content\\\/uploads\\\/2024\\\/11\\\/22-11-2024-s00200-300x200-1.jpg\",\"datePublished\":\"2024-11-23T12:09:58+00:00\",\"breadcrumb\":{\"@id\":\"https:\\\/\\\/lequotidien.mr\\\/?p=23029&lang=fr#breadcrumb\"},\"inLanguage\":\"ar\",\"potentialAction\":[{\"@type\":\"ReadAction\",\"target\":[\"https:\\\/\\\/lequotidien.mr\\\/?p=23029&lang=fr\"]}]},{\"@type\":\"ImageObject\",\"inLanguage\":\"ar\",\"@id\":\"https:\\\/\\\/lequotidien.mr\\\/?p=23029&lang=fr#primaryimage\",\"url\":\"https:\\\/\\\/lequotidien.mr\\\/wp-content\\\/uploads\\\/2024\\\/11\\\/22-11-2024-s00200-300x200-1.jpg\",\"contentUrl\":\"https:\\\/\\\/lequotidien.mr\\\/wp-content\\\/uploads\\\/2024\\\/11\\\/22-11-2024-s00200-300x200-1.jpg\",\"width\":300,\"height\":200},{\"@type\":\"BreadcrumbList\",\"@id\":\"https:\\\/\\\/lequotidien.mr\\\/?p=23029&lang=fr#breadcrumb\",\"itemListElement\":[{\"@type\":\"ListItem\",\"position\":1,\"name\":\"Home\",\"item\":\"https:\\\/\\\/lequotidien.mr\\\/\"},{\"@type\":\"ListItem\",\"position\":2,\"name\":\"Mauritanie : Le Pr\u00e9sident supervise l\u2019ouverture des Journ\u00e9es Nationales de l\u2019Artisanat\"}]},{\"@type\":\"WebSite\",\"@id\":\"https:\\\/\\\/lequotidien.mr\\\/#website\",\"url\":\"https:\\\/\\\/lequotidien.mr\\\/\",\"name\":\"Le Quotidien de Nouakchott\",\"description\":\"\u0625\u062e\u0628\u0627\u0631\u064a\u0629 \u0645\u0633\u062a\u0642\u0644\u0629 \u0644\u0644\u0623\u0646\u0628\u0627\u0621 \u0627\u0644\u0639\u0627\u0645\u0629\",\"publisher\":{\"@id\":\"https:\\\/\\\/lequotidien.mr\\\/#organization\"},\"potentialAction\":[{\"@type\":\"SearchAction\",\"target\":{\"@type\":\"EntryPoint\",\"urlTemplate\":\"https:\\\/\\\/lequotidien.mr\\\/?s={search_term_string}\"},\"query-input\":{\"@type\":\"PropertyValueSpecification\",\"valueRequired\":true,\"valueName\":\"search_term_string\"}}],\"inLanguage\":\"ar\"},{\"@type\":\"Organization\",\"@id\":\"https:\\\/\\\/lequotidien.mr\\\/#organization\",\"name\":\"Le Quotidien de Nouakchott\",\"url\":\"https:\\\/\\\/lequotidien.mr\\\/\",\"logo\":{\"@type\":\"ImageObject\",\"inLanguage\":\"ar\",\"@id\":\"https:\\\/\\\/lequotidien.mr\\\/#\\\/schema\\\/logo\\\/image\\\/\",\"url\":\"https:\\\/\\\/lequotidien.mr\\\/wp-content\\\/uploads\\\/2022\\\/11\\\/logolequotidien.jpg\",\"contentUrl\":\"https:\\\/\\\/lequotidien.mr\\\/wp-content\\\/uploads\\\/2022\\\/11\\\/logolequotidien.jpg\",\"width\":290,\"height\":65,\"caption\":\"Le Quotidien de Nouakchott\"},\"image\":{\"@id\":\"https:\\\/\\\/lequotidien.mr\\\/#\\\/schema\\\/logo\\\/image\\\/\"},\"sameAs\":[\"https:\\\/\\\/web.facebook.com\\\/lequotidienmr\",\"https:\\\/\\\/x.com\\\/lequotidienmr\"]},{\"@type\":\"Person\",\"@id\":\"https:\\\/\\\/lequotidien.mr\\\/#\\\/schema\\\/person\\\/f90fcdaa970c60288de4ed2e64a56472\",\"name\":\"Le Quotidien\",\"image\":{\"@type\":\"ImageObject\",\"inLanguage\":\"ar\",\"@id\":\"https:\\\/\\\/secure.gravatar.com\\\/avatar\\\/374cb39a1a458a912465a93e5a3ce6546886fc3da809a1f10c63e4e8fcbca30f?s=96&d=mm&r=g\",\"url\":\"https:\\\/\\\/secure.gravatar.com\\\/avatar\\\/374cb39a1a458a912465a93e5a3ce6546886fc3da809a1f10c63e4e8fcbca30f?s=96&d=mm&r=g\",\"contentUrl\":\"https:\\\/\\\/secure.gravatar.com\\\/avatar\\\/374cb39a1a458a912465a93e5a3ce6546886fc3da809a1f10c63e4e8fcbca30f?s=96&d=mm&r=g\",\"caption\":\"Le Quotidien\"},\"sameAs\":[\"https:\\\/\\\/lequotidien.mr\\\/\"],\"url\":\"https:\\\/\\\/lequotidien.mr\\\/?author=4\"}]}<\/script>\n<!-- \/ Yoast SEO plugin. -->","yoast_head_json":{"title":"Mauritanie : Le Pr\u00e9sident supervise l\u2019ouverture des Journ\u00e9es Nationales de l\u2019Artisanat - Le Quotidien de Nouakchott","robots":{"index":"index","follow":"follow","max-snippet":"max-snippet:-1","max-image-preview":"max-image-preview:large","max-video-preview":"max-video-preview:-1"},"canonical":"https:\/\/lequotidien.mr\/?p=23029&lang=fr","og_locale":"ar_AR","og_type":"article","og_title":"Mauritanie : Le Pr\u00e9sident supervise l\u2019ouverture des Journ\u00e9es Nationales de l\u2019Artisanat - Le Quotidien de Nouakchott","og_description":"Le Pr\u00e9sident de la R\u00e9publique, Mohamed Ould Cheikh El-Ghazouani, a inaugur\u00e9 vendredi soir au complexe olympique de Nouakchott la deuxi\u00e8me \u00e9dition des Journ\u00e9es Nationales de l\u2019Artisanat, organis\u00e9e sous le th\u00e8me : \u00ab R\u00e9inventons l\u2019artisanat au profit des g\u00e9n\u00e9rations futures \u00bb. Cet \u00e9v\u00e9nement, destin\u00e9 \u00e0 mettre en valeur le riche patrimoine artisanal mauritanien, constitue \u00e9galement une.....","og_url":"https:\/\/lequotidien.mr\/?p=23029&lang=fr","og_site_name":"Le Quotidien de Nouakchott","article_publisher":"https:\/\/web.facebook.com\/lequotidienmr","article_published_time":"2024-11-23T12:09:58+00:00","og_image":[{"width":300,"height":200,"url":"https:\/\/lequotidien.mr\/wp-content\/uploads\/2024\/11\/22-11-2024-s00200-300x200-1.jpg","type":"image\/jpeg"}],"author":"Le Quotidien","twitter_card":"summary_large_image","twitter_creator":"@lequotidienmr","twitter_site":"@lequotidienmr","twitter_misc":{"\u0643\u064f\u062a\u0628 \u0628\u0648\u0627\u0633\u0637\u0629":"Le Quotidien","\u0648\u0642\u062a \u0627\u0644\u0642\u0631\u0627\u0621\u0629 \u0627\u0644\u0645\u064f\u0642\u062f\u0651\u0631":"3 \u062f\u0642\u0627\u0626\u0642"},"schema":{"@context":"https:\/\/schema.org","@graph":[{"@type":"Article","@id":"https:\/\/lequotidien.mr\/?p=23029&lang=fr#article","isPartOf":{"@id":"https:\/\/lequotidien.mr\/?p=23029&lang=fr"},"author":{"name":"Le Quotidien","@id":"https:\/\/lequotidien.mr\/#\/schema\/person\/f90fcdaa970c60288de4ed2e64a56472"},"headline":"Mauritanie : Le Pr\u00e9sident supervise l\u2019ouverture des Journ\u00e9es Nationales de l\u2019Artisanat","datePublished":"2024-11-23T12:09:58+00:00","mainEntityOfPage":{"@id":"https:\/\/lequotidien.mr\/?p=23029&lang=fr"},"wordCount":653,"commentCount":0,"publisher":{"@id":"https:\/\/lequotidien.mr\/#organization"},"image":{"@id":"https:\/\/lequotidien.mr\/?p=23029&lang=fr#primaryimage"},"thumbnailUrl":"https:\/\/lequotidien.mr\/wp-content\/uploads\/2024\/11\/22-11-2024-s00200-300x200-1.jpg","articleSection":["ACTUALIT\u00c9","Couverture sp\u00e9cilale"],"inLanguage":"ar","potentialAction":[{"@type":"CommentAction","name":"Comment","target":["https:\/\/lequotidien.mr\/?p=23029&lang=fr#respond"]}]},{"@type":"WebPage","@id":"https:\/\/lequotidien.mr\/?p=23029&lang=fr","url":"https:\/\/lequotidien.mr\/?p=23029&lang=fr","name":"Mauritanie : Le Pr\u00e9sident supervise l\u2019ouverture des Journ\u00e9es Nationales de l\u2019Artisanat - Le Quotidien de Nouakchott","isPartOf":{"@id":"https:\/\/lequotidien.mr\/#website"},"primaryImageOfPage":{"@id":"https:\/\/lequotidien.mr\/?p=23029&lang=fr#primaryimage"},"image":{"@id":"https:\/\/lequotidien.mr\/?p=23029&lang=fr#primaryimage"},"thumbnailUrl":"https:\/\/lequotidien.mr\/wp-content\/uploads\/2024\/11\/22-11-2024-s00200-300x200-1.jpg","datePublished":"2024-11-23T12:09:58+00:00","breadcrumb":{"@id":"https:\/\/lequotidien.mr\/?p=23029&lang=fr#breadcrumb"},"inLanguage":"ar","potentialAction":[{"@type":"ReadAction","target":["https:\/\/lequotidien.mr\/?p=23029&lang=fr"]}]},{"@type":"ImageObject","inLanguage":"ar","@id":"https:\/\/lequotidien.mr\/?p=23029&lang=fr#primaryimage","url":"https:\/\/lequotidien.mr\/wp-content\/uploads\/2024\/11\/22-11-2024-s00200-300x200-1.jpg","contentUrl":"https:\/\/lequotidien.mr\/wp-content\/uploads\/2024\/11\/22-11-2024-s00200-300x200-1.jpg","width":300,"height":200},{"@type":"BreadcrumbList","@id":"https:\/\/lequotidien.mr\/?p=23029&lang=fr#breadcrumb","itemListElement":[{"@type":"ListItem","position":1,"name":"Home","item":"https:\/\/lequotidien.mr\/"},{"@type":"ListItem","position":2,"name":"Mauritanie : Le Pr\u00e9sident supervise l\u2019ouverture des Journ\u00e9es Nationales de l\u2019Artisanat"}]},{"@type":"WebSite","@id":"https:\/\/lequotidien.mr\/#website","url":"https:\/\/lequotidien.mr\/","name":"Le Quotidien de Nouakchott","description":"\u0625\u062e\u0628\u0627\u0631\u064a\u0629 \u0645\u0633\u062a\u0642\u0644\u0629 \u0644\u0644\u0623\u0646\u0628\u0627\u0621 \u0627\u0644\u0639\u0627\u0645\u0629","publisher":{"@id":"https:\/\/lequotidien.mr\/#organization"},"potentialAction":[{"@type":"SearchAction","target":{"@type":"EntryPoint","urlTemplate":"https:\/\/lequotidien.mr\/?s={search_term_string}"},"query-input":{"@type":"PropertyValueSpecification","valueRequired":true,"valueName":"search_term_string"}}],"inLanguage":"ar"},{"@type":"Organization","@id":"https:\/\/lequotidien.mr\/#organization","name":"Le Quotidien de Nouakchott","url":"https:\/\/lequotidien.mr\/","logo":{"@type":"ImageObject","inLanguage":"ar","@id":"https:\/\/lequotidien.mr\/#\/schema\/logo\/image\/","url":"https:\/\/lequotidien.mr\/wp-content\/uploads\/2022\/11\/logolequotidien.jpg","contentUrl":"https:\/\/lequotidien.mr\/wp-content\/uploads\/2022\/11\/logolequotidien.jpg","width":290,"height":65,"caption":"Le Quotidien de Nouakchott"},"image":{"@id":"https:\/\/lequotidien.mr\/#\/schema\/logo\/image\/"},"sameAs":["https:\/\/web.facebook.com\/lequotidienmr","https:\/\/x.com\/lequotidienmr"]},{"@type":"Person","@id":"https:\/\/lequotidien.mr\/#\/schema\/person\/f90fcdaa970c60288de4ed2e64a56472","name":"Le Quotidien","image":{"@type":"ImageObject","inLanguage":"ar","@id":"https:\/\/secure.gravatar.com\/avatar\/374cb39a1a458a912465a93e5a3ce6546886fc3da809a1f10c63e4e8fcbca30f?s=96&d=mm&r=g","url":"https:\/\/secure.gravatar.com\/avatar\/374cb39a1a458a912465a93e5a3ce6546886fc3da809a1f10c63e4e8fcbca30f?s=96&d=mm&r=g","contentUrl":"https:\/\/secure.gravatar.com\/avatar\/374cb39a1a458a912465a93e5a3ce6546886fc3da809a1f10c63e4e8fcbca30f?s=96&d=mm&r=g","caption":"Le Quotidien"},"sameAs":["https:\/\/lequotidien.mr\/"],"url":"https:\/\/lequotidien.mr\/?author=4"}]}},"_links":{"self":[{"href":"https:\/\/lequotidien.mr\/index.php?rest_route=\/wp\/v2\/posts\/23029","targetHints":{"allow":["GET"]}}],"collection":[{"href":"https:\/\/lequotidien.mr\/index.php?rest_route=\/wp\/v2\/posts"}],"about":[{"href":"https:\/\/lequotidien.mr\/index.php?rest_route=\/wp\/v2\/types\/post"}],"author":[{"embeddable":true,"href":"https:\/\/lequotidien.mr\/index.php?rest_route=\/wp\/v2\/users\/4"}],"replies":[{"embeddable":true,"href":"https:\/\/lequotidien.mr\/index.php?rest_route=%2Fwp%2Fv2%2Fcomments&post=23029"}],"version-history":[{"count":1,"href":"https:\/\/lequotidien.mr\/index.php?rest_route=\/wp\/v2\/posts\/23029\/revisions"}],"predecessor-version":[{"id":23033,"href":"https:\/\/lequotidien.mr\/index.php?rest_route=\/wp\/v2\/posts\/23029\/revisions\/23033"}],"wp:featuredmedia":[{"embeddable":true,"href":"https:\/\/lequotidien.mr\/index.php?rest_route=\/wp\/v2\/media\/23032"}],"wp:attachment":[{"href":"https:\/\/lequotidien.mr\/index.php?rest_route=%2Fwp%2Fv2%2Fmedia&parent=23029"}],"wp:term":[{"taxonomy":"category","embeddable":true,"href":"https:\/\/lequotidien.mr\/index.php?rest_route=%2Fwp%2Fv2%2Fcategories&post=23029"},{"taxonomy":"post_tag","embeddable":true,"href":"https:\/\/lequotidien.mr\/index.php?rest_route=%2Fwp%2Fv2%2Ftags&post=23029"}],"curies":[{"name":"wp","href":"https:\/\/api.w.org\/{rel}","templated":true}]}}