{"id":23024,"date":"2024-11-23T12:04:48","date_gmt":"2024-11-23T12:04:48","guid":{"rendered":"https:\/\/lequotidien.mr\/?p=23024"},"modified":"2024-11-23T12:04:48","modified_gmt":"2024-11-23T12:04:48","slug":"mauritanie-et-etats-unis-deuxieme-session-du-dialogue-sur-lenergie-et-les-mines","status":"publish","type":"post","link":"https:\/\/lequotidien.mr\/?p=23024&lang=fr","title":{"rendered":"Mauritanie et \u00c9tats-Unis : Deuxi\u00e8me session du dialogue sur l&#8217;\u00e9nergie et les mines"},"content":{"rendered":"<p>Jeudi, la Mauritanie et les \u00c9tats-Unis ont tenu la deuxi\u00e8me session de leur dialogue strat\u00e9gique dans le domaine de l\u2019\u00e9nergie et des mines. La rencontre, organis\u00e9e par visioconf\u00e9rence, a r\u00e9uni le ministre mauritanien de l\u2019\u00c9nergie et du P\u00e9trole, M. Mohamed Ould Khaled, et le ministre des Mines et de l\u2019Industrie, M. Tidjani Thiam, avec la secr\u00e9taire adjointe am\u00e9ricaine \u00e0 l\u2019\u00c9nergie, Kimberly Harrington, accompagn\u00e9e d\u2019une d\u00e9l\u00e9gation gouvernementale de haut niveau.<\/p>\n<h4><strong>Des avanc\u00e9es depuis 2022<\/strong><\/h4>\n<p>Cette session a permis de faire le point sur les initiatives lanc\u00e9es depuis la premi\u00e8re rencontre en 2022. Parmi les r\u00e9alisations notables, figurent :<\/p>\n<ul>\n<li>La signature d\u2019un protocole d\u2019accord sur l\u2019\u00e9nergie propre lors de la COP28 \u00e0 Duba\u00ef.<\/li>\n<li>La mise en \u0153uvre en cours d\u2019une analyse technico-\u00e9conomique pour produire du fer et de l\u2019acier d\u00e9carbon\u00e9s, pilot\u00e9e par la Fondation NREL.<\/li>\n<li>Un programme de formation organis\u00e9 en avril 2024 \u00e0 Nouakchott pour renforcer les comp\u00e9tences du secteur \u00e9nerg\u00e9tique mauritanien.<\/li>\n<li>Une mission commerciale mauritanienne \u00e0 la conf\u00e9rence <strong>Ocean Oil Technology Conference 2024<\/strong> \u00e0 Houston.<\/li>\n<li>Un accord technique sur la gouvernance mini\u00e8re sign\u00e9 en marge de la conf\u00e9rence <strong>Indaba<\/strong> sur les mines.<\/li>\n<\/ul>\n<h4><strong>Vision mauritanienne pour la transition \u00e9nerg\u00e9tique<\/strong><\/h4>\n<p>Lors des discussions, le ministre de l\u2019\u00c9nergie et du P\u00e9trole a pr\u00e9sent\u00e9 la strat\u00e9gie \u00e9nerg\u00e9tique int\u00e9gr\u00e9e de la Mauritanie, centr\u00e9e sur une utilisation responsable et optimale des ressources renouvelables et extractives. Il a soulign\u00e9 l&#8217;engagement du pays \u00e0 assurer l&#8217;acc\u00e8s universel \u00e0 une \u00e9nergie plus propre et durable, tout en cr\u00e9ant de la richesse nationale.<\/p>\n<h4><strong>Engagement des \u00c9tats-Unis<\/strong><\/h4>\n<p>De leur c\u00f4t\u00e9, les repr\u00e9sentants am\u00e9ricains ont salu\u00e9 les efforts de la Mauritanie dans le domaine de l&#8217;\u00e9nergie et des mines. Ils ont pr\u00e9sent\u00e9 des mises \u00e0 jour sur des initiatives techniques, notamment dans le domaine de l\u2019\u00e9lectricit\u00e9, et propos\u00e9 des solutions pour renforcer les capacit\u00e9s mauritaniennes en mati\u00e8re d\u2019exploitation min\u00e9rale.<\/p>\n<h4><strong>Perspectives et d\u00e9fis<\/strong><\/h4>\n<p>La session a \u00e9galement explor\u00e9 les opportunit\u00e9s d\u2019investissement en Mauritanie et identifi\u00e9 des d\u00e9fis tels que :<\/p>\n<ul>\n<li>L\u2019acc\u00e8s \u00e0 des financements \u00e0 faible risque.<\/li>\n<li>Le d\u00e9veloppement des infrastructures.<\/li>\n<li>Le renforcement des capacit\u00e9s techniques.<\/li>\n<\/ul>\n<p>Les deux parties ont r\u00e9affirm\u00e9 leur volont\u00e9 de consolider leur partenariat et d\u2019encourager les \u00e9changes commerciaux bilat\u00e9raux entre les secteurs publics et priv\u00e9s des deux pays, tout en poursuivant les efforts pour surmonter les obstacles aux investissements.<\/p>\n<p>Ce dialogue s\u2019inscrit dans une dynamique de coop\u00e9ration renforc\u00e9e, essentielle pour accompagner la transition \u00e9nerg\u00e9tique et valoriser les ressources naturelles de la Mauritanie.<\/p>\n","protected":false},"excerpt":{"rendered":"<p>Jeudi, la Mauritanie et les \u00c9tats-Unis ont tenu la deuxi\u00e8me session de leur dialogue strat\u00e9gique dans le domaine de l\u2019\u00e9nergie et des mines. La rencontre, organis\u00e9e par visioconf\u00e9rence, a r\u00e9uni le ministre mauritanien de l\u2019\u00c9nergie et du P\u00e9trole, M. Mohamed Ould Khaled, et le ministre des Mines et de l\u2019Industrie, M. Tidjani Thiam, avec la&#8230;..<\/p>\n","protected":false},"author":4,"featured_media":23026,"comment_status":"open","ping_status":"open","sticky":false,"template":"","format":"standard","meta":{"footnotes":""},"categories":[23,49],"tags":[],"class_list":["post-23024","post","type-post","status-publish","format-standard","has-post-thumbnail","hentry","category-actualite","category-economie"],"yoast_head":"<!-- This site is optimized with the Yoast SEO plugin v27.5 - https:\/\/yoast.com\/product\/yoast-seo-wordpress\/ -->\n<title>Mauritanie et \u00c9tats-Unis : Deuxi\u00e8me session du dialogue sur l&#039;\u00e9nergie et les mines - Le Quotidien de Nouakchott<\/title>\n<meta name=\"robots\" content=\"index, follow, max-snippet:-1, max-image-preview:large, max-video-preview:-1\" \/>\n<link rel=\"canonical\" href=\"https:\/\/lequotidien.mr\/?p=23024&lang=fr\" \/>\n<meta property=\"og:locale\" content=\"ar_AR\" \/>\n<meta property=\"og:type\" content=\"article\" \/>\n<meta property=\"og:title\" content=\"Mauritanie et \u00c9tats-Unis : Deuxi\u00e8me session du dialogue sur l&#039;\u00e9nergie et les mines - Le Quotidien de Nouakchott\" \/>\n<meta property=\"og:description\" content=\"Jeudi, la Mauritanie et les \u00c9tats-Unis ont tenu la deuxi\u00e8me session de leur dialogue strat\u00e9gique dans le domaine de l\u2019\u00e9nergie et des mines. La rencontre, organis\u00e9e par visioconf\u00e9rence, a r\u00e9uni le ministre mauritanien de l\u2019\u00c9nergie et du P\u00e9trole, M. Mohamed Ould Khaled, et le ministre des Mines et de l\u2019Industrie, M. Tidjani Thiam, avec la.....\" \/>\n<meta property=\"og:url\" content=\"https:\/\/lequotidien.mr\/?p=23024&amp;lang=fr\" \/>\n<meta property=\"og:site_name\" content=\"Le Quotidien de Nouakchott\" \/>\n<meta property=\"article:publisher\" content=\"https:\/\/web.facebook.com\/lequotidienmr\" \/>\n<meta property=\"article:published_time\" content=\"2024-11-23T12:04:48+00:00\" \/>\n<meta property=\"og:image\" content=\"https:\/\/lequotidien.mr\/wp-content\/uploads\/2024\/11\/22-11-2024-002-750x430-1.jpg\" \/>\n\t<meta property=\"og:image:width\" content=\"750\" \/>\n\t<meta property=\"og:image:height\" content=\"430\" \/>\n\t<meta property=\"og:image:type\" content=\"image\/jpeg\" \/>\n<meta name=\"author\" content=\"Le Quotidien\" \/>\n<meta name=\"twitter:card\" content=\"summary_large_image\" \/>\n<meta name=\"twitter:creator\" content=\"@lequotidienmr\" \/>\n<meta name=\"twitter:site\" content=\"@lequotidienmr\" \/>\n<meta name=\"twitter:label1\" content=\"\u0643\u064f\u062a\u0628 \u0628\u0648\u0627\u0633\u0637\u0629\" \/>\n\t<meta name=\"twitter:data1\" content=\"Le Quotidien\" \/>\n\t<meta name=\"twitter:label2\" content=\"\u0648\u0642\u062a \u0627\u0644\u0642\u0631\u0627\u0621\u0629 \u0627\u0644\u0645\u064f\u0642\u062f\u0651\u0631\" \/>\n\t<meta name=\"twitter:data2\" content=\"\u062f\u0642\u064a\u0642\u062a\u0627\u0646\" \/>\n<script type=\"application\/ld+json\" class=\"yoast-schema-graph\">{\"@context\":\"https:\\\/\\\/schema.org\",\"@graph\":[{\"@type\":\"Article\",\"@id\":\"https:\\\/\\\/lequotidien.mr\\\/?p=23024&lang=fr#article\",\"isPartOf\":{\"@id\":\"https:\\\/\\\/lequotidien.mr\\\/?p=23024&lang=fr\"},\"author\":{\"name\":\"Le Quotidien\",\"@id\":\"https:\\\/\\\/lequotidien.mr\\\/#\\\/schema\\\/person\\\/f90fcdaa970c60288de4ed2e64a56472\"},\"headline\":\"Mauritanie et \u00c9tats-Unis : Deuxi\u00e8me session du dialogue sur l&#8217;\u00e9nergie et les mines\",\"datePublished\":\"2024-11-23T12:04:48+00:00\",\"mainEntityOfPage\":{\"@id\":\"https:\\\/\\\/lequotidien.mr\\\/?p=23024&lang=fr\"},\"wordCount\":464,\"commentCount\":0,\"publisher\":{\"@id\":\"https:\\\/\\\/lequotidien.mr\\\/#organization\"},\"image\":{\"@id\":\"https:\\\/\\\/lequotidien.mr\\\/?p=23024&lang=fr#primaryimage\"},\"thumbnailUrl\":\"https:\\\/\\\/lequotidien.mr\\\/wp-content\\\/uploads\\\/2024\\\/11\\\/22-11-2024-002-750x430-1.jpg\",\"articleSection\":[\"ACTUALIT\u00c9\",\"Economie\"],\"inLanguage\":\"ar\",\"potentialAction\":[{\"@type\":\"CommentAction\",\"name\":\"Comment\",\"target\":[\"https:\\\/\\\/lequotidien.mr\\\/?p=23024&lang=fr#respond\"]}]},{\"@type\":\"WebPage\",\"@id\":\"https:\\\/\\\/lequotidien.mr\\\/?p=23024&lang=fr\",\"url\":\"https:\\\/\\\/lequotidien.mr\\\/?p=23024&lang=fr\",\"name\":\"Mauritanie et \u00c9tats-Unis : Deuxi\u00e8me session du dialogue sur l'\u00e9nergie et les mines - Le Quotidien de Nouakchott\",\"isPartOf\":{\"@id\":\"https:\\\/\\\/lequotidien.mr\\\/#website\"},\"primaryImageOfPage\":{\"@id\":\"https:\\\/\\\/lequotidien.mr\\\/?p=23024&lang=fr#primaryimage\"},\"image\":{\"@id\":\"https:\\\/\\\/lequotidien.mr\\\/?p=23024&lang=fr#primaryimage\"},\"thumbnailUrl\":\"https:\\\/\\\/lequotidien.mr\\\/wp-content\\\/uploads\\\/2024\\\/11\\\/22-11-2024-002-750x430-1.jpg\",\"datePublished\":\"2024-11-23T12:04:48+00:00\",\"breadcrumb\":{\"@id\":\"https:\\\/\\\/lequotidien.mr\\\/?p=23024&lang=fr#breadcrumb\"},\"inLanguage\":\"ar\",\"potentialAction\":[{\"@type\":\"ReadAction\",\"target\":[\"https:\\\/\\\/lequotidien.mr\\\/?p=23024&lang=fr\"]}]},{\"@type\":\"ImageObject\",\"inLanguage\":\"ar\",\"@id\":\"https:\\\/\\\/lequotidien.mr\\\/?p=23024&lang=fr#primaryimage\",\"url\":\"https:\\\/\\\/lequotidien.mr\\\/wp-content\\\/uploads\\\/2024\\\/11\\\/22-11-2024-002-750x430-1.jpg\",\"contentUrl\":\"https:\\\/\\\/lequotidien.mr\\\/wp-content\\\/uploads\\\/2024\\\/11\\\/22-11-2024-002-750x430-1.jpg\",\"width\":750,\"height\":430},{\"@type\":\"BreadcrumbList\",\"@id\":\"https:\\\/\\\/lequotidien.mr\\\/?p=23024&lang=fr#breadcrumb\",\"itemListElement\":[{\"@type\":\"ListItem\",\"position\":1,\"name\":\"Home\",\"item\":\"https:\\\/\\\/lequotidien.mr\\\/\"},{\"@type\":\"ListItem\",\"position\":2,\"name\":\"Mauritanie et \u00c9tats-Unis : Deuxi\u00e8me session du dialogue sur l&#8217;\u00e9nergie et les mines\"}]},{\"@type\":\"WebSite\",\"@id\":\"https:\\\/\\\/lequotidien.mr\\\/#website\",\"url\":\"https:\\\/\\\/lequotidien.mr\\\/\",\"name\":\"Le Quotidien de Nouakchott\",\"description\":\"\u0625\u062e\u0628\u0627\u0631\u064a\u0629 \u0645\u0633\u062a\u0642\u0644\u0629 \u0644\u0644\u0623\u0646\u0628\u0627\u0621 \u0627\u0644\u0639\u0627\u0645\u0629\",\"publisher\":{\"@id\":\"https:\\\/\\\/lequotidien.mr\\\/#organization\"},\"potentialAction\":[{\"@type\":\"SearchAction\",\"target\":{\"@type\":\"EntryPoint\",\"urlTemplate\":\"https:\\\/\\\/lequotidien.mr\\\/?s={search_term_string}\"},\"query-input\":{\"@type\":\"PropertyValueSpecification\",\"valueRequired\":true,\"valueName\":\"search_term_string\"}}],\"inLanguage\":\"ar\"},{\"@type\":\"Organization\",\"@id\":\"https:\\\/\\\/lequotidien.mr\\\/#organization\",\"name\":\"Le Quotidien de Nouakchott\",\"url\":\"https:\\\/\\\/lequotidien.mr\\\/\",\"logo\":{\"@type\":\"ImageObject\",\"inLanguage\":\"ar\",\"@id\":\"https:\\\/\\\/lequotidien.mr\\\/#\\\/schema\\\/logo\\\/image\\\/\",\"url\":\"https:\\\/\\\/lequotidien.mr\\\/wp-content\\\/uploads\\\/2022\\\/11\\\/logolequotidien.jpg\",\"contentUrl\":\"https:\\\/\\\/lequotidien.mr\\\/wp-content\\\/uploads\\\/2022\\\/11\\\/logolequotidien.jpg\",\"width\":290,\"height\":65,\"caption\":\"Le Quotidien de Nouakchott\"},\"image\":{\"@id\":\"https:\\\/\\\/lequotidien.mr\\\/#\\\/schema\\\/logo\\\/image\\\/\"},\"sameAs\":[\"https:\\\/\\\/web.facebook.com\\\/lequotidienmr\",\"https:\\\/\\\/x.com\\\/lequotidienmr\"]},{\"@type\":\"Person\",\"@id\":\"https:\\\/\\\/lequotidien.mr\\\/#\\\/schema\\\/person\\\/f90fcdaa970c60288de4ed2e64a56472\",\"name\":\"Le Quotidien\",\"image\":{\"@type\":\"ImageObject\",\"inLanguage\":\"ar\",\"@id\":\"https:\\\/\\\/secure.gravatar.com\\\/avatar\\\/374cb39a1a458a912465a93e5a3ce6546886fc3da809a1f10c63e4e8fcbca30f?s=96&d=mm&r=g\",\"url\":\"https:\\\/\\\/secure.gravatar.com\\\/avatar\\\/374cb39a1a458a912465a93e5a3ce6546886fc3da809a1f10c63e4e8fcbca30f?s=96&d=mm&r=g\",\"contentUrl\":\"https:\\\/\\\/secure.gravatar.com\\\/avatar\\\/374cb39a1a458a912465a93e5a3ce6546886fc3da809a1f10c63e4e8fcbca30f?s=96&d=mm&r=g\",\"caption\":\"Le Quotidien\"},\"sameAs\":[\"https:\\\/\\\/lequotidien.mr\\\/\"],\"url\":\"https:\\\/\\\/lequotidien.mr\\\/?author=4\"}]}<\/script>\n<!-- \/ Yoast SEO plugin. -->","yoast_head_json":{"title":"Mauritanie et \u00c9tats-Unis : Deuxi\u00e8me session du dialogue sur l'\u00e9nergie et les mines - Le Quotidien de Nouakchott","robots":{"index":"index","follow":"follow","max-snippet":"max-snippet:-1","max-image-preview":"max-image-preview:large","max-video-preview":"max-video-preview:-1"},"canonical":"https:\/\/lequotidien.mr\/?p=23024&lang=fr","og_locale":"ar_AR","og_type":"article","og_title":"Mauritanie et \u00c9tats-Unis : Deuxi\u00e8me session du dialogue sur l'\u00e9nergie et les mines - Le Quotidien de Nouakchott","og_description":"Jeudi, la Mauritanie et les \u00c9tats-Unis ont tenu la deuxi\u00e8me session de leur dialogue strat\u00e9gique dans le domaine de l\u2019\u00e9nergie et des mines. La rencontre, organis\u00e9e par visioconf\u00e9rence, a r\u00e9uni le ministre mauritanien de l\u2019\u00c9nergie et du P\u00e9trole, M. Mohamed Ould Khaled, et le ministre des Mines et de l\u2019Industrie, M. Tidjani Thiam, avec la.....","og_url":"https:\/\/lequotidien.mr\/?p=23024&lang=fr","og_site_name":"Le Quotidien de Nouakchott","article_publisher":"https:\/\/web.facebook.com\/lequotidienmr","article_published_time":"2024-11-23T12:04:48+00:00","og_image":[{"width":750,"height":430,"url":"https:\/\/lequotidien.mr\/wp-content\/uploads\/2024\/11\/22-11-2024-002-750x430-1.jpg","type":"image\/jpeg"}],"author":"Le Quotidien","twitter_card":"summary_large_image","twitter_creator":"@lequotidienmr","twitter_site":"@lequotidienmr","twitter_misc":{"\u0643\u064f\u062a\u0628 \u0628\u0648\u0627\u0633\u0637\u0629":"Le Quotidien","\u0648\u0642\u062a \u0627\u0644\u0642\u0631\u0627\u0621\u0629 \u0627\u0644\u0645\u064f\u0642\u062f\u0651\u0631":"\u062f\u0642\u064a\u0642\u062a\u0627\u0646"},"schema":{"@context":"https:\/\/schema.org","@graph":[{"@type":"Article","@id":"https:\/\/lequotidien.mr\/?p=23024&lang=fr#article","isPartOf":{"@id":"https:\/\/lequotidien.mr\/?p=23024&lang=fr"},"author":{"name":"Le Quotidien","@id":"https:\/\/lequotidien.mr\/#\/schema\/person\/f90fcdaa970c60288de4ed2e64a56472"},"headline":"Mauritanie et \u00c9tats-Unis : Deuxi\u00e8me session du dialogue sur l&#8217;\u00e9nergie et les mines","datePublished":"2024-11-23T12:04:48+00:00","mainEntityOfPage":{"@id":"https:\/\/lequotidien.mr\/?p=23024&lang=fr"},"wordCount":464,"commentCount":0,"publisher":{"@id":"https:\/\/lequotidien.mr\/#organization"},"image":{"@id":"https:\/\/lequotidien.mr\/?p=23024&lang=fr#primaryimage"},"thumbnailUrl":"https:\/\/lequotidien.mr\/wp-content\/uploads\/2024\/11\/22-11-2024-002-750x430-1.jpg","articleSection":["ACTUALIT\u00c9","Economie"],"inLanguage":"ar","potentialAction":[{"@type":"CommentAction","name":"Comment","target":["https:\/\/lequotidien.mr\/?p=23024&lang=fr#respond"]}]},{"@type":"WebPage","@id":"https:\/\/lequotidien.mr\/?p=23024&lang=fr","url":"https:\/\/lequotidien.mr\/?p=23024&lang=fr","name":"Mauritanie et \u00c9tats-Unis : Deuxi\u00e8me session du dialogue sur l'\u00e9nergie et les mines - Le Quotidien de Nouakchott","isPartOf":{"@id":"https:\/\/lequotidien.mr\/#website"},"primaryImageOfPage":{"@id":"https:\/\/lequotidien.mr\/?p=23024&lang=fr#primaryimage"},"image":{"@id":"https:\/\/lequotidien.mr\/?p=23024&lang=fr#primaryimage"},"thumbnailUrl":"https:\/\/lequotidien.mr\/wp-content\/uploads\/2024\/11\/22-11-2024-002-750x430-1.jpg","datePublished":"2024-11-23T12:04:48+00:00","breadcrumb":{"@id":"https:\/\/lequotidien.mr\/?p=23024&lang=fr#breadcrumb"},"inLanguage":"ar","potentialAction":[{"@type":"ReadAction","target":["https:\/\/lequotidien.mr\/?p=23024&lang=fr"]}]},{"@type":"ImageObject","inLanguage":"ar","@id":"https:\/\/lequotidien.mr\/?p=23024&lang=fr#primaryimage","url":"https:\/\/lequotidien.mr\/wp-content\/uploads\/2024\/11\/22-11-2024-002-750x430-1.jpg","contentUrl":"https:\/\/lequotidien.mr\/wp-content\/uploads\/2024\/11\/22-11-2024-002-750x430-1.jpg","width":750,"height":430},{"@type":"BreadcrumbList","@id":"https:\/\/lequotidien.mr\/?p=23024&lang=fr#breadcrumb","itemListElement":[{"@type":"ListItem","position":1,"name":"Home","item":"https:\/\/lequotidien.mr\/"},{"@type":"ListItem","position":2,"name":"Mauritanie et \u00c9tats-Unis : Deuxi\u00e8me session du dialogue sur l&#8217;\u00e9nergie et les mines"}]},{"@type":"WebSite","@id":"https:\/\/lequotidien.mr\/#website","url":"https:\/\/lequotidien.mr\/","name":"Le Quotidien de Nouakchott","description":"\u0625\u062e\u0628\u0627\u0631\u064a\u0629 \u0645\u0633\u062a\u0642\u0644\u0629 \u0644\u0644\u0623\u0646\u0628\u0627\u0621 \u0627\u0644\u0639\u0627\u0645\u0629","publisher":{"@id":"https:\/\/lequotidien.mr\/#organization"},"potentialAction":[{"@type":"SearchAction","target":{"@type":"EntryPoint","urlTemplate":"https:\/\/lequotidien.mr\/?s={search_term_string}"},"query-input":{"@type":"PropertyValueSpecification","valueRequired":true,"valueName":"search_term_string"}}],"inLanguage":"ar"},{"@type":"Organization","@id":"https:\/\/lequotidien.mr\/#organization","name":"Le Quotidien de Nouakchott","url":"https:\/\/lequotidien.mr\/","logo":{"@type":"ImageObject","inLanguage":"ar","@id":"https:\/\/lequotidien.mr\/#\/schema\/logo\/image\/","url":"https:\/\/lequotidien.mr\/wp-content\/uploads\/2022\/11\/logolequotidien.jpg","contentUrl":"https:\/\/lequotidien.mr\/wp-content\/uploads\/2022\/11\/logolequotidien.jpg","width":290,"height":65,"caption":"Le Quotidien de Nouakchott"},"image":{"@id":"https:\/\/lequotidien.mr\/#\/schema\/logo\/image\/"},"sameAs":["https:\/\/web.facebook.com\/lequotidienmr","https:\/\/x.com\/lequotidienmr"]},{"@type":"Person","@id":"https:\/\/lequotidien.mr\/#\/schema\/person\/f90fcdaa970c60288de4ed2e64a56472","name":"Le Quotidien","image":{"@type":"ImageObject","inLanguage":"ar","@id":"https:\/\/secure.gravatar.com\/avatar\/374cb39a1a458a912465a93e5a3ce6546886fc3da809a1f10c63e4e8fcbca30f?s=96&d=mm&r=g","url":"https:\/\/secure.gravatar.com\/avatar\/374cb39a1a458a912465a93e5a3ce6546886fc3da809a1f10c63e4e8fcbca30f?s=96&d=mm&r=g","contentUrl":"https:\/\/secure.gravatar.com\/avatar\/374cb39a1a458a912465a93e5a3ce6546886fc3da809a1f10c63e4e8fcbca30f?s=96&d=mm&r=g","caption":"Le Quotidien"},"sameAs":["https:\/\/lequotidien.mr\/"],"url":"https:\/\/lequotidien.mr\/?author=4"}]}},"_links":{"self":[{"href":"https:\/\/lequotidien.mr\/index.php?rest_route=\/wp\/v2\/posts\/23024","targetHints":{"allow":["GET"]}}],"collection":[{"href":"https:\/\/lequotidien.mr\/index.php?rest_route=\/wp\/v2\/posts"}],"about":[{"href":"https:\/\/lequotidien.mr\/index.php?rest_route=\/wp\/v2\/types\/post"}],"author":[{"embeddable":true,"href":"https:\/\/lequotidien.mr\/index.php?rest_route=\/wp\/v2\/users\/4"}],"replies":[{"embeddable":true,"href":"https:\/\/lequotidien.mr\/index.php?rest_route=%2Fwp%2Fv2%2Fcomments&post=23024"}],"version-history":[{"count":1,"href":"https:\/\/lequotidien.mr\/index.php?rest_route=\/wp\/v2\/posts\/23024\/revisions"}],"predecessor-version":[{"id":23027,"href":"https:\/\/lequotidien.mr\/index.php?rest_route=\/wp\/v2\/posts\/23024\/revisions\/23027"}],"wp:featuredmedia":[{"embeddable":true,"href":"https:\/\/lequotidien.mr\/index.php?rest_route=\/wp\/v2\/media\/23026"}],"wp:attachment":[{"href":"https:\/\/lequotidien.mr\/index.php?rest_route=%2Fwp%2Fv2%2Fmedia&parent=23024"}],"wp:term":[{"taxonomy":"category","embeddable":true,"href":"https:\/\/lequotidien.mr\/index.php?rest_route=%2Fwp%2Fv2%2Fcategories&post=23024"},{"taxonomy":"post_tag","embeddable":true,"href":"https:\/\/lequotidien.mr\/index.php?rest_route=%2Fwp%2Fv2%2Ftags&post=23024"}],"curies":[{"name":"wp","href":"https:\/\/api.w.org\/{rel}","templated":true}]}}