{"id":23018,"date":"2024-11-23T11:59:49","date_gmt":"2024-11-23T11:59:49","guid":{"rendered":"https:\/\/lequotidien.mr\/?p=23018"},"modified":"2024-11-23T11:59:49","modified_gmt":"2024-11-23T11:59:49","slug":"plus-de-250-entreprises-locales-beneficient-dexonerations-douanieres-vers-lunion-europeenne","status":"publish","type":"post","link":"https:\/\/lequotidien.mr\/?p=23018&lang=fr","title":{"rendered":"\u00a0Plus de 250 entreprises locales b\u00e9n\u00e9ficient d&#8217;exon\u00e9rations douani\u00e8res vers l&#8217;Union europ\u00e9enne"},"content":{"rendered":"<p>Un total de 257 entreprises mauritaniennes profitent d\u00e9sormais d&#8217;exon\u00e9rations douani\u00e8res pour exporter leurs produits vers les march\u00e9s europ\u00e9ens. Cette annonce a \u00e9t\u00e9 faite par Mohamed Lamine Faida, directeur du d\u00e9partement de la promotion du commerce ext\u00e9rieur au minist\u00e8re mauritanien du Commerce et du Tourisme, lors d&#8217;une journ\u00e9e de sensibilisation organis\u00e9e \u00e0 Nouakchott sur le th\u00e8me des accords commerciaux internationaux sign\u00e9s par la Mauritanie.<\/p>\n<p><strong>Un avantage cl\u00e9 pour les exportateurs mauritaniens<\/strong><\/p>\n<p>Ces exon\u00e9rations s\u2019inscrivent dans le cadre du syst\u00e8me RIX, qui permet aux entreprises d\u2019auto-certifier l\u2019origine de leurs marchandises gr\u00e2ce \u00e0 des d\u00e9clarations d\u2019origine. Cette simplification administrative, coupl\u00e9e \u00e0 des avantages fiscaux, facilite l\u2019acc\u00e8s des produits mauritaniens aux march\u00e9s europ\u00e9ens, renfor\u00e7ant ainsi leur comp\u00e9titivit\u00e9.<\/p>\n<p>L\u2019initiative repose sur un accord pr\u00e9f\u00e9rentiel entre la Mauritanie et l\u2019Union europ\u00e9enne, permettant l\u2019exportation en franchise de droits des produits locaux. Elle est \u00e9galement appuy\u00e9e par des cadres juridiques internationaux tels que la loi am\u00e9ricaine sur la croissance et les possibilit\u00e9s \u00e9conomiques en Afrique (AGOA), qui offre des exemptions similaires pour les exportations vers les \u00c9tats-Unis.<\/p>\n<p><strong>Vers une diversification des march\u00e9s<\/strong><\/p>\n<p>Au-del\u00e0 de l\u2019Europe et des \u00c9tats-Unis, la Mauritanie pr\u00e9pare son entr\u00e9e sur de nouveaux march\u00e9s gr\u00e2ce \u00e0 des accords pr\u00e9f\u00e9rentiels en cours de finalisation. Parmi eux figurent un accord avec la Chine, destin\u00e9 \u00e0 ouvrir des d\u00e9bouch\u00e9s significatifs pour les produits mauritaniens, ainsi que des partenariats r\u00e9gionaux avec la CEDEAO et la Zone de libre-\u00e9change continentale africaine (ZLECA). Ces initiatives visent \u00e0 diversifier les destinations d\u2019exportation et \u00e0 renforcer les \u00e9changes commerciaux intra-africains.<\/p>\n<p><strong>Impacts \u00e9conomiques et d\u00e9fis \u00e0 relever<\/strong><\/p>\n<p>Lors de cette journ\u00e9e, les participants ont analys\u00e9 les implications des accords internationaux sur l\u2019\u00e9conomie nationale. Si ces exon\u00e9rations offrent des opportunit\u00e9s ind\u00e9niables pour dynamiser le commerce ext\u00e9rieur, elles posent \u00e9galement des d\u00e9fis, notamment en mati\u00e8re de conformit\u00e9 aux normes internationales et de comp\u00e9titivit\u00e9.<\/p>\n<p>Les entreprises locales devront donc redoubler d\u2019efforts pour r\u00e9pondre aux exigences des march\u00e9s internationaux, notamment en mati\u00e8re de qualit\u00e9, de tra\u00e7abilit\u00e9 et de durabilit\u00e9. De leur c\u00f4t\u00e9, les autorit\u00e9s mauritaniennes devront poursuivre leurs efforts pour am\u00e9liorer les infrastructures de soutien au commerce ext\u00e9rieur et faciliter l&#8217;acc\u00e8s des exportateurs aux informations sur ces avantages.<\/p>\n<p><strong>Une dynamique prometteuse<\/strong><\/p>\n<p>Avec plus de 250 entreprises inscrites au syst\u00e8me RIX et de nouvelles perspectives de partenariats commerciaux, la Mauritanie s\u2019affirme comme un acteur ambitieux dans les \u00e9changes internationaux. Ces initiatives, si elles sont accompagn\u00e9es d\u2019un soutien ad\u00e9quat aux op\u00e9rateurs \u00e9conomiques locaux, pourraient constituer un levier important pour la diversification de l\u2019\u00e9conomie mauritanienne et son int\u00e9gration dans les cha\u00eenes de valeur mondiales.<\/p>\n","protected":false},"excerpt":{"rendered":"<p>Un total de 257 entreprises mauritaniennes profitent d\u00e9sormais d&#8217;exon\u00e9rations douani\u00e8res pour exporter leurs produits vers les march\u00e9s europ\u00e9ens. Cette annonce a \u00e9t\u00e9 faite par Mohamed Lamine Faida, directeur du d\u00e9partement de la promotion du commerce ext\u00e9rieur au minist\u00e8re mauritanien du Commerce et du Tourisme, lors d&#8217;une journ\u00e9e de sensibilisation organis\u00e9e \u00e0 Nouakchott sur le th\u00e8me&#8230;..<\/p>\n","protected":false},"author":4,"featured_media":0,"comment_status":"open","ping_status":"open","sticky":false,"template":"","format":"standard","meta":{"footnotes":""},"categories":[23,49],"tags":[],"class_list":["post-23018","post","type-post","status-publish","format-standard","hentry","category-actualite","category-economie"],"yoast_head":"<!-- This site is optimized with the Yoast SEO plugin v27.5 - https:\/\/yoast.com\/product\/yoast-seo-wordpress\/ -->\n<title>\u00a0Plus de 250 entreprises locales b\u00e9n\u00e9ficient d&#039;exon\u00e9rations douani\u00e8res vers l&#039;Union europ\u00e9enne - Le Quotidien de Nouakchott<\/title>\n<meta name=\"robots\" content=\"index, follow, max-snippet:-1, max-image-preview:large, max-video-preview:-1\" \/>\n<link rel=\"canonical\" href=\"https:\/\/lequotidien.mr\/?p=23018&lang=fr\" \/>\n<meta property=\"og:locale\" content=\"ar_AR\" \/>\n<meta property=\"og:type\" content=\"article\" \/>\n<meta property=\"og:title\" content=\"\u00a0Plus de 250 entreprises locales b\u00e9n\u00e9ficient d&#039;exon\u00e9rations douani\u00e8res vers l&#039;Union europ\u00e9enne - Le Quotidien de Nouakchott\" \/>\n<meta property=\"og:description\" content=\"Un total de 257 entreprises mauritaniennes profitent d\u00e9sormais d&#8217;exon\u00e9rations douani\u00e8res pour exporter leurs produits vers les march\u00e9s europ\u00e9ens. Cette annonce a \u00e9t\u00e9 faite par Mohamed Lamine Faida, directeur du d\u00e9partement de la promotion du commerce ext\u00e9rieur au minist\u00e8re mauritanien du Commerce et du Tourisme, lors d&#8217;une journ\u00e9e de sensibilisation organis\u00e9e \u00e0 Nouakchott sur le th\u00e8me.....\" \/>\n<meta property=\"og:url\" content=\"https:\/\/lequotidien.mr\/?p=23018&amp;lang=fr\" \/>\n<meta property=\"og:site_name\" content=\"Le Quotidien de Nouakchott\" \/>\n<meta property=\"article:publisher\" content=\"https:\/\/web.facebook.com\/lequotidienmr\" \/>\n<meta property=\"article:published_time\" content=\"2024-11-23T11:59:49+00:00\" \/>\n<meta name=\"author\" content=\"Le Quotidien\" \/>\n<meta name=\"twitter:card\" content=\"summary_large_image\" \/>\n<meta name=\"twitter:creator\" content=\"@lequotidienmr\" \/>\n<meta name=\"twitter:site\" content=\"@lequotidienmr\" \/>\n<meta name=\"twitter:label1\" content=\"\u0643\u064f\u062a\u0628 \u0628\u0648\u0627\u0633\u0637\u0629\" \/>\n\t<meta name=\"twitter:data1\" content=\"Le Quotidien\" \/>\n\t<meta name=\"twitter:label2\" content=\"\u0648\u0642\u062a \u0627\u0644\u0642\u0631\u0627\u0621\u0629 \u0627\u0644\u0645\u064f\u0642\u062f\u0651\u0631\" \/>\n\t<meta name=\"twitter:data2\" content=\"\u062f\u0642\u064a\u0642\u062a\u0627\u0646\" \/>\n<script type=\"application\/ld+json\" class=\"yoast-schema-graph\">{\"@context\":\"https:\\\/\\\/schema.org\",\"@graph\":[{\"@type\":\"Article\",\"@id\":\"https:\\\/\\\/lequotidien.mr\\\/?p=23018&lang=fr#article\",\"isPartOf\":{\"@id\":\"https:\\\/\\\/lequotidien.mr\\\/?p=23018&lang=fr\"},\"author\":{\"name\":\"Le Quotidien\",\"@id\":\"https:\\\/\\\/lequotidien.mr\\\/#\\\/schema\\\/person\\\/f90fcdaa970c60288de4ed2e64a56472\"},\"headline\":\"\u00a0Plus de 250 entreprises locales b\u00e9n\u00e9ficient d&#8217;exon\u00e9rations douani\u00e8res vers l&#8217;Union europ\u00e9enne\",\"datePublished\":\"2024-11-23T11:59:49+00:00\",\"mainEntityOfPage\":{\"@id\":\"https:\\\/\\\/lequotidien.mr\\\/?p=23018&lang=fr\"},\"wordCount\":501,\"commentCount\":0,\"publisher\":{\"@id\":\"https:\\\/\\\/lequotidien.mr\\\/#organization\"},\"articleSection\":[\"ACTUALIT\u00c9\",\"Economie\"],\"inLanguage\":\"ar\",\"potentialAction\":[{\"@type\":\"CommentAction\",\"name\":\"Comment\",\"target\":[\"https:\\\/\\\/lequotidien.mr\\\/?p=23018&lang=fr#respond\"]}]},{\"@type\":\"WebPage\",\"@id\":\"https:\\\/\\\/lequotidien.mr\\\/?p=23018&lang=fr\",\"url\":\"https:\\\/\\\/lequotidien.mr\\\/?p=23018&lang=fr\",\"name\":\"\u00a0Plus de 250 entreprises locales b\u00e9n\u00e9ficient d'exon\u00e9rations douani\u00e8res vers l'Union europ\u00e9enne - Le Quotidien de Nouakchott\",\"isPartOf\":{\"@id\":\"https:\\\/\\\/lequotidien.mr\\\/#website\"},\"datePublished\":\"2024-11-23T11:59:49+00:00\",\"breadcrumb\":{\"@id\":\"https:\\\/\\\/lequotidien.mr\\\/?p=23018&lang=fr#breadcrumb\"},\"inLanguage\":\"ar\",\"potentialAction\":[{\"@type\":\"ReadAction\",\"target\":[\"https:\\\/\\\/lequotidien.mr\\\/?p=23018&lang=fr\"]}]},{\"@type\":\"BreadcrumbList\",\"@id\":\"https:\\\/\\\/lequotidien.mr\\\/?p=23018&lang=fr#breadcrumb\",\"itemListElement\":[{\"@type\":\"ListItem\",\"position\":1,\"name\":\"Home\",\"item\":\"https:\\\/\\\/lequotidien.mr\\\/\"},{\"@type\":\"ListItem\",\"position\":2,\"name\":\"\u00a0Plus de 250 entreprises locales b\u00e9n\u00e9ficient d&#8217;exon\u00e9rations douani\u00e8res vers l&#8217;Union europ\u00e9enne\"}]},{\"@type\":\"WebSite\",\"@id\":\"https:\\\/\\\/lequotidien.mr\\\/#website\",\"url\":\"https:\\\/\\\/lequotidien.mr\\\/\",\"name\":\"Le Quotidien de Nouakchott\",\"description\":\"\u0625\u062e\u0628\u0627\u0631\u064a\u0629 \u0645\u0633\u062a\u0642\u0644\u0629 \u0644\u0644\u0623\u0646\u0628\u0627\u0621 \u0627\u0644\u0639\u0627\u0645\u0629\",\"publisher\":{\"@id\":\"https:\\\/\\\/lequotidien.mr\\\/#organization\"},\"potentialAction\":[{\"@type\":\"SearchAction\",\"target\":{\"@type\":\"EntryPoint\",\"urlTemplate\":\"https:\\\/\\\/lequotidien.mr\\\/?s={search_term_string}\"},\"query-input\":{\"@type\":\"PropertyValueSpecification\",\"valueRequired\":true,\"valueName\":\"search_term_string\"}}],\"inLanguage\":\"ar\"},{\"@type\":\"Organization\",\"@id\":\"https:\\\/\\\/lequotidien.mr\\\/#organization\",\"name\":\"Le Quotidien de Nouakchott\",\"url\":\"https:\\\/\\\/lequotidien.mr\\\/\",\"logo\":{\"@type\":\"ImageObject\",\"inLanguage\":\"ar\",\"@id\":\"https:\\\/\\\/lequotidien.mr\\\/#\\\/schema\\\/logo\\\/image\\\/\",\"url\":\"https:\\\/\\\/lequotidien.mr\\\/wp-content\\\/uploads\\\/2022\\\/11\\\/logolequotidien.jpg\",\"contentUrl\":\"https:\\\/\\\/lequotidien.mr\\\/wp-content\\\/uploads\\\/2022\\\/11\\\/logolequotidien.jpg\",\"width\":290,\"height\":65,\"caption\":\"Le Quotidien de Nouakchott\"},\"image\":{\"@id\":\"https:\\\/\\\/lequotidien.mr\\\/#\\\/schema\\\/logo\\\/image\\\/\"},\"sameAs\":[\"https:\\\/\\\/web.facebook.com\\\/lequotidienmr\",\"https:\\\/\\\/x.com\\\/lequotidienmr\"]},{\"@type\":\"Person\",\"@id\":\"https:\\\/\\\/lequotidien.mr\\\/#\\\/schema\\\/person\\\/f90fcdaa970c60288de4ed2e64a56472\",\"name\":\"Le Quotidien\",\"image\":{\"@type\":\"ImageObject\",\"inLanguage\":\"ar\",\"@id\":\"https:\\\/\\\/secure.gravatar.com\\\/avatar\\\/374cb39a1a458a912465a93e5a3ce6546886fc3da809a1f10c63e4e8fcbca30f?s=96&d=mm&r=g\",\"url\":\"https:\\\/\\\/secure.gravatar.com\\\/avatar\\\/374cb39a1a458a912465a93e5a3ce6546886fc3da809a1f10c63e4e8fcbca30f?s=96&d=mm&r=g\",\"contentUrl\":\"https:\\\/\\\/secure.gravatar.com\\\/avatar\\\/374cb39a1a458a912465a93e5a3ce6546886fc3da809a1f10c63e4e8fcbca30f?s=96&d=mm&r=g\",\"caption\":\"Le Quotidien\"},\"sameAs\":[\"https:\\\/\\\/lequotidien.mr\\\/\"],\"url\":\"https:\\\/\\\/lequotidien.mr\\\/?author=4\"}]}<\/script>\n<!-- \/ Yoast SEO plugin. -->","yoast_head_json":{"title":"\u00a0Plus de 250 entreprises locales b\u00e9n\u00e9ficient d'exon\u00e9rations douani\u00e8res vers l'Union europ\u00e9enne - Le Quotidien de Nouakchott","robots":{"index":"index","follow":"follow","max-snippet":"max-snippet:-1","max-image-preview":"max-image-preview:large","max-video-preview":"max-video-preview:-1"},"canonical":"https:\/\/lequotidien.mr\/?p=23018&lang=fr","og_locale":"ar_AR","og_type":"article","og_title":"\u00a0Plus de 250 entreprises locales b\u00e9n\u00e9ficient d'exon\u00e9rations douani\u00e8res vers l'Union europ\u00e9enne - Le Quotidien de Nouakchott","og_description":"Un total de 257 entreprises mauritaniennes profitent d\u00e9sormais d&#8217;exon\u00e9rations douani\u00e8res pour exporter leurs produits vers les march\u00e9s europ\u00e9ens. Cette annonce a \u00e9t\u00e9 faite par Mohamed Lamine Faida, directeur du d\u00e9partement de la promotion du commerce ext\u00e9rieur au minist\u00e8re mauritanien du Commerce et du Tourisme, lors d&#8217;une journ\u00e9e de sensibilisation organis\u00e9e \u00e0 Nouakchott sur le th\u00e8me.....","og_url":"https:\/\/lequotidien.mr\/?p=23018&lang=fr","og_site_name":"Le Quotidien de Nouakchott","article_publisher":"https:\/\/web.facebook.com\/lequotidienmr","article_published_time":"2024-11-23T11:59:49+00:00","author":"Le Quotidien","twitter_card":"summary_large_image","twitter_creator":"@lequotidienmr","twitter_site":"@lequotidienmr","twitter_misc":{"\u0643\u064f\u062a\u0628 \u0628\u0648\u0627\u0633\u0637\u0629":"Le Quotidien","\u0648\u0642\u062a \u0627\u0644\u0642\u0631\u0627\u0621\u0629 \u0627\u0644\u0645\u064f\u0642\u062f\u0651\u0631":"\u062f\u0642\u064a\u0642\u062a\u0627\u0646"},"schema":{"@context":"https:\/\/schema.org","@graph":[{"@type":"Article","@id":"https:\/\/lequotidien.mr\/?p=23018&lang=fr#article","isPartOf":{"@id":"https:\/\/lequotidien.mr\/?p=23018&lang=fr"},"author":{"name":"Le Quotidien","@id":"https:\/\/lequotidien.mr\/#\/schema\/person\/f90fcdaa970c60288de4ed2e64a56472"},"headline":"\u00a0Plus de 250 entreprises locales b\u00e9n\u00e9ficient d&#8217;exon\u00e9rations douani\u00e8res vers l&#8217;Union europ\u00e9enne","datePublished":"2024-11-23T11:59:49+00:00","mainEntityOfPage":{"@id":"https:\/\/lequotidien.mr\/?p=23018&lang=fr"},"wordCount":501,"commentCount":0,"publisher":{"@id":"https:\/\/lequotidien.mr\/#organization"},"articleSection":["ACTUALIT\u00c9","Economie"],"inLanguage":"ar","potentialAction":[{"@type":"CommentAction","name":"Comment","target":["https:\/\/lequotidien.mr\/?p=23018&lang=fr#respond"]}]},{"@type":"WebPage","@id":"https:\/\/lequotidien.mr\/?p=23018&lang=fr","url":"https:\/\/lequotidien.mr\/?p=23018&lang=fr","name":"\u00a0Plus de 250 entreprises locales b\u00e9n\u00e9ficient d'exon\u00e9rations douani\u00e8res vers l'Union europ\u00e9enne - Le Quotidien de Nouakchott","isPartOf":{"@id":"https:\/\/lequotidien.mr\/#website"},"datePublished":"2024-11-23T11:59:49+00:00","breadcrumb":{"@id":"https:\/\/lequotidien.mr\/?p=23018&lang=fr#breadcrumb"},"inLanguage":"ar","potentialAction":[{"@type":"ReadAction","target":["https:\/\/lequotidien.mr\/?p=23018&lang=fr"]}]},{"@type":"BreadcrumbList","@id":"https:\/\/lequotidien.mr\/?p=23018&lang=fr#breadcrumb","itemListElement":[{"@type":"ListItem","position":1,"name":"Home","item":"https:\/\/lequotidien.mr\/"},{"@type":"ListItem","position":2,"name":"\u00a0Plus de 250 entreprises locales b\u00e9n\u00e9ficient d&#8217;exon\u00e9rations douani\u00e8res vers l&#8217;Union europ\u00e9enne"}]},{"@type":"WebSite","@id":"https:\/\/lequotidien.mr\/#website","url":"https:\/\/lequotidien.mr\/","name":"Le Quotidien de Nouakchott","description":"\u0625\u062e\u0628\u0627\u0631\u064a\u0629 \u0645\u0633\u062a\u0642\u0644\u0629 \u0644\u0644\u0623\u0646\u0628\u0627\u0621 \u0627\u0644\u0639\u0627\u0645\u0629","publisher":{"@id":"https:\/\/lequotidien.mr\/#organization"},"potentialAction":[{"@type":"SearchAction","target":{"@type":"EntryPoint","urlTemplate":"https:\/\/lequotidien.mr\/?s={search_term_string}"},"query-input":{"@type":"PropertyValueSpecification","valueRequired":true,"valueName":"search_term_string"}}],"inLanguage":"ar"},{"@type":"Organization","@id":"https:\/\/lequotidien.mr\/#organization","name":"Le Quotidien de Nouakchott","url":"https:\/\/lequotidien.mr\/","logo":{"@type":"ImageObject","inLanguage":"ar","@id":"https:\/\/lequotidien.mr\/#\/schema\/logo\/image\/","url":"https:\/\/lequotidien.mr\/wp-content\/uploads\/2022\/11\/logolequotidien.jpg","contentUrl":"https:\/\/lequotidien.mr\/wp-content\/uploads\/2022\/11\/logolequotidien.jpg","width":290,"height":65,"caption":"Le Quotidien de Nouakchott"},"image":{"@id":"https:\/\/lequotidien.mr\/#\/schema\/logo\/image\/"},"sameAs":["https:\/\/web.facebook.com\/lequotidienmr","https:\/\/x.com\/lequotidienmr"]},{"@type":"Person","@id":"https:\/\/lequotidien.mr\/#\/schema\/person\/f90fcdaa970c60288de4ed2e64a56472","name":"Le Quotidien","image":{"@type":"ImageObject","inLanguage":"ar","@id":"https:\/\/secure.gravatar.com\/avatar\/374cb39a1a458a912465a93e5a3ce6546886fc3da809a1f10c63e4e8fcbca30f?s=96&d=mm&r=g","url":"https:\/\/secure.gravatar.com\/avatar\/374cb39a1a458a912465a93e5a3ce6546886fc3da809a1f10c63e4e8fcbca30f?s=96&d=mm&r=g","contentUrl":"https:\/\/secure.gravatar.com\/avatar\/374cb39a1a458a912465a93e5a3ce6546886fc3da809a1f10c63e4e8fcbca30f?s=96&d=mm&r=g","caption":"Le Quotidien"},"sameAs":["https:\/\/lequotidien.mr\/"],"url":"https:\/\/lequotidien.mr\/?author=4"}]}},"_links":{"self":[{"href":"https:\/\/lequotidien.mr\/index.php?rest_route=\/wp\/v2\/posts\/23018","targetHints":{"allow":["GET"]}}],"collection":[{"href":"https:\/\/lequotidien.mr\/index.php?rest_route=\/wp\/v2\/posts"}],"about":[{"href":"https:\/\/lequotidien.mr\/index.php?rest_route=\/wp\/v2\/types\/post"}],"author":[{"embeddable":true,"href":"https:\/\/lequotidien.mr\/index.php?rest_route=\/wp\/v2\/users\/4"}],"replies":[{"embeddable":true,"href":"https:\/\/lequotidien.mr\/index.php?rest_route=%2Fwp%2Fv2%2Fcomments&post=23018"}],"version-history":[{"count":1,"href":"https:\/\/lequotidien.mr\/index.php?rest_route=\/wp\/v2\/posts\/23018\/revisions"}],"predecessor-version":[{"id":23020,"href":"https:\/\/lequotidien.mr\/index.php?rest_route=\/wp\/v2\/posts\/23018\/revisions\/23020"}],"wp:attachment":[{"href":"https:\/\/lequotidien.mr\/index.php?rest_route=%2Fwp%2Fv2%2Fmedia&parent=23018"}],"wp:term":[{"taxonomy":"category","embeddable":true,"href":"https:\/\/lequotidien.mr\/index.php?rest_route=%2Fwp%2Fv2%2Fcategories&post=23018"},{"taxonomy":"post_tag","embeddable":true,"href":"https:\/\/lequotidien.mr\/index.php?rest_route=%2Fwp%2Fv2%2Ftags&post=23018"}],"curies":[{"name":"wp","href":"https:\/\/api.w.org\/{rel}","templated":true}]}}