{"id":22998,"date":"2024-11-22T11:46:00","date_gmt":"2024-11-22T11:46:00","guid":{"rendered":"https:\/\/lequotidien.mr\/?p=22998"},"modified":"2024-11-22T11:46:00","modified_gmt":"2024-11-22T11:46:00","slug":"inauguration-dune-station-depuration-une-nouvelle-ere-pour-le-traitement-des-eaux-usees-du-marche-de-poisson-de-nouakchott","status":"publish","type":"post","link":"https:\/\/lequotidien.mr\/?p=22998&lang=fr","title":{"rendered":"Inauguration d&#8217;une station d&#8217;\u00e9puration: Une nouvelle \u00e8re pour le traitement des eaux us\u00e9es du march\u00e9 de poisson de Nouakchott"},"content":{"rendered":"<p>Dans le cadre des c\u00e9l\u00e9brations du 64\u1d49 anniversaire de l\u2019ind\u00e9pendance nationale, le Pr\u00e9sident de la R\u00e9publique, M. Mohamed Cheikh El Ghazouani, a proc\u00e9d\u00e9, jeudi soir, \u00e0 l\u2019inauguration d\u2019une station d\u2019\u00e9puration et de traitement des eaux us\u00e9es au march\u00e9 au poisson de Nouakchott. Cette infrastructure marque une \u00e9tape importante dans la modernisation des infrastructures environnementales et maritimes du pays.<\/p>\n<p><strong>Un projet d\u2019envergure pour le secteur maritime<\/strong><\/p>\n<p>La station d\u2019\u00e9puration, dot\u00e9e d\u2019une capacit\u00e9 de traitement de 400 m\u00e8tres cubes pour les eaux domestiques et de 2 700 m\u00e8tres cubes pour les eaux industrielles, comprend un r\u00e9seau d\u2019assainissement de 9 kilom\u00e8tres. Les eaux trait\u00e9es peuvent \u00eatre rejet\u00e9es dans la mer via une conduite de 1 150 m\u00e8tres de long et \u00e0 12 m\u00e8tres de profondeur, garantissant une gestion respectueuse de l\u2019environnement.<\/p>\n<p>Parmi ses autres composantes figurent : un laboratoire d\u2019analyse pour contr\u00f4ler la qualit\u00e9 des eaux avant leur r\u00e9utilisation \u00a0et un g\u00e9n\u00e9rateur \u00e9lectrique de secours de 275 kVA\u00a0; \u00e9quipements modernes et n\u00e9cessaires pour assuer un traitement optimal.<\/p>\n<p>Ce projet, r\u00e9alis\u00e9 avec un financement de six millions de dollars, a \u00e9t\u00e9 rendu possible gr\u00e2ce \u00e0 la collaboration entre le gouvernement mauritanien et la Banque Mondiale, dans le cadre du Programme R\u00e9gional de P\u00eache en Afrique de l\u2019Ouest.<\/p>\n<p><strong>Un engagement pour une \u00e9conomie bleue durable<\/strong><\/p>\n<p>Dans son discours, le ministre de la P\u00eache, M. El Vadhil Sidaty Ahmed Louly, a salu\u00e9 cette r\u00e9alisation, la qualifiant de r\u00e9ponse \u00e0 un besoin urgent pour le march\u00e9 au poisson de Nouakchott. Il a rappel\u00e9 que cette infrastructure s\u2019inscrit dans la vision strat\u00e9gique du Pr\u00e9sident de la R\u00e9publique visant \u00e0 promouvoir une \u00e9conomie bleue durable.<\/p>\n<p>Le ministre a \u00e9galement mis en avant la restructuration r\u00e9cente du secteur maritime, qui regroupe d\u00e9sormais toutes les activit\u00e9s li\u00e9es \u00e0 l\u2019\u00e9conomie maritime au sein d\u2019un m\u00eame d\u00e9partement minist\u00e9riel.<\/p>\n<p>Cette approche vise \u00e0 assurer une exploitation durable des ressources marines ; renforcer les infrastructures maritimes et portuaires\u00a0 et r\u00e9pondre aux d\u00e9fis environnementaux croissants.<\/p>\n<p><strong>Un projet au service des citoyens et de l\u2019environnement<\/strong><\/p>\n<p>Le maire de Tevragh-Zeina, M. Isselmou Mahjoub, a salu\u00e9 cette r\u00e9alisation, soulignant qu\u2019elle s\u2019inscrit dans le cadre des efforts du gouvernement pour am\u00e9liorer les infrastructures locales tout en honorant l\u2019h\u00e9ritage des p\u00e8res fondateurs de l\u2019ind\u00e9pendance.<\/p>\n<p>Le march\u00e9 au poisson de Nouakchott, qui comprend 45 usines de transformation du poisson, 15 unit\u00e9s de production de glace, et 15 stations-service, est un maillon cl\u00e9 de l\u2019approvisionnement du march\u00e9 national en poisson. Cette station d\u2019\u00e9puration contribuera \u00e0 am\u00e9liorer la gestion des d\u00e9chets industriels, \u00e0 pr\u00e9server l\u2019environnement maritime et \u00e0 renforcer les normes sanitaires.<\/p>\n<p>La c\u00e9r\u00e9monie s\u2019est d\u00e9roul\u00e9e en pr\u00e9sence de nombreuses personnalit\u00e9s, notamment le Premier ministre, M. Mokhtar Diay, des membres du gouvernement, des responsables militaires et s\u00e9curitaires, ainsi que des membres du corps diplomatique. Cette mobilisation illustre l\u2019importance de ce projet dans le cadre des priorit\u00e9s nationales.<\/p>\n<p>Cette station d\u2019\u00e9puration repr\u00e9sente donc une avanc\u00e9e majeure pour le d\u00e9veloppement durable en Mauritanie, en harmonie avec les ambitions nationales d\u2019am\u00e9liorer les conditions de vie des citoyens tout en prot\u00e9geant l\u2019environnement.<\/p>\n","protected":false},"excerpt":{"rendered":"<p>Dans le cadre des c\u00e9l\u00e9brations du 64\u1d49 anniversaire de l\u2019ind\u00e9pendance nationale, le Pr\u00e9sident de la R\u00e9publique, M. Mohamed Cheikh El Ghazouani, a proc\u00e9d\u00e9, jeudi soir, \u00e0 l\u2019inauguration d\u2019une station d\u2019\u00e9puration et de traitement des eaux us\u00e9es au march\u00e9 au poisson de Nouakchott. Cette infrastructure marque une \u00e9tape importante dans la modernisation des infrastructures environnementales et&#8230;..<\/p>\n","protected":false},"author":12,"featured_media":22999,"comment_status":"open","ping_status":"open","sticky":false,"template":"","format":"standard","meta":{"footnotes":""},"categories":[23,49],"tags":[],"class_list":["post-22998","post","type-post","status-publish","format-standard","has-post-thumbnail","hentry","category-actualite","category-economie"],"yoast_head":"<!-- This site is optimized with the Yoast SEO plugin v27.5 - https:\/\/yoast.com\/product\/yoast-seo-wordpress\/ -->\n<title>Inauguration d&#039;une station d&#039;\u00e9puration: Une nouvelle \u00e8re pour le traitement des eaux us\u00e9es du march\u00e9 de poisson de Nouakchott - Le Quotidien de Nouakchott<\/title>\n<meta name=\"robots\" content=\"index, follow, max-snippet:-1, max-image-preview:large, max-video-preview:-1\" \/>\n<link rel=\"canonical\" href=\"https:\/\/lequotidien.mr\/?p=22998&lang=fr\" \/>\n<meta property=\"og:locale\" content=\"ar_AR\" \/>\n<meta property=\"og:type\" content=\"article\" \/>\n<meta property=\"og:title\" content=\"Inauguration d&#039;une station d&#039;\u00e9puration: Une nouvelle \u00e8re pour le traitement des eaux us\u00e9es du march\u00e9 de poisson de Nouakchott - Le Quotidien de Nouakchott\" \/>\n<meta property=\"og:description\" content=\"Dans le cadre des c\u00e9l\u00e9brations du 64\u1d49 anniversaire de l\u2019ind\u00e9pendance nationale, le Pr\u00e9sident de la R\u00e9publique, M. Mohamed Cheikh El Ghazouani, a proc\u00e9d\u00e9, jeudi soir, \u00e0 l\u2019inauguration d\u2019une station d\u2019\u00e9puration et de traitement des eaux us\u00e9es au march\u00e9 au poisson de Nouakchott. Cette infrastructure marque une \u00e9tape importante dans la modernisation des infrastructures environnementales et.....\" \/>\n<meta property=\"og:url\" content=\"https:\/\/lequotidien.mr\/?p=22998&amp;lang=fr\" \/>\n<meta property=\"og:site_name\" content=\"Le Quotidien de Nouakchott\" \/>\n<meta property=\"article:publisher\" content=\"https:\/\/web.facebook.com\/lequotidienmr\" \/>\n<meta property=\"article:published_time\" content=\"2024-11-22T11:46:00+00:00\" \/>\n<meta property=\"og:image\" content=\"https:\/\/lequotidien.mr\/wp-content\/uploads\/2024\/11\/photo-station-epuration-eaux-usees-peche.jpg\" \/>\n\t<meta property=\"og:image:width\" content=\"646\" \/>\n\t<meta property=\"og:image:height\" content=\"430\" \/>\n\t<meta property=\"og:image:type\" content=\"image\/jpeg\" \/>\n<meta name=\"author\" content=\"Med Ahmed\" \/>\n<meta name=\"twitter:card\" content=\"summary_large_image\" \/>\n<meta name=\"twitter:creator\" content=\"@lequotidienmr\" \/>\n<meta name=\"twitter:site\" content=\"@lequotidienmr\" \/>\n<meta name=\"twitter:label1\" content=\"\u0643\u064f\u062a\u0628 \u0628\u0648\u0627\u0633\u0637\u0629\" \/>\n\t<meta name=\"twitter:data1\" content=\"Med Ahmed\" \/>\n\t<meta name=\"twitter:label2\" content=\"\u0648\u0642\u062a \u0627\u0644\u0642\u0631\u0627\u0621\u0629 \u0627\u0644\u0645\u064f\u0642\u062f\u0651\u0631\" \/>\n\t<meta name=\"twitter:data2\" content=\"3 \u062f\u0642\u0627\u0626\u0642\" \/>\n<script type=\"application\/ld+json\" class=\"yoast-schema-graph\">{\"@context\":\"https:\\\/\\\/schema.org\",\"@graph\":[{\"@type\":\"Article\",\"@id\":\"https:\\\/\\\/lequotidien.mr\\\/?p=22998&lang=fr#article\",\"isPartOf\":{\"@id\":\"https:\\\/\\\/lequotidien.mr\\\/?p=22998&lang=fr\"},\"author\":{\"name\":\"Med Ahmed\",\"@id\":\"https:\\\/\\\/lequotidien.mr\\\/#\\\/schema\\\/person\\\/d2d350202a4d599685ed8abc25f97596\"},\"headline\":\"Inauguration d&#8217;une station d&#8217;\u00e9puration: Une nouvelle \u00e8re pour le traitement des eaux us\u00e9es du march\u00e9 de poisson de Nouakchott\",\"datePublished\":\"2024-11-22T11:46:00+00:00\",\"mainEntityOfPage\":{\"@id\":\"https:\\\/\\\/lequotidien.mr\\\/?p=22998&lang=fr\"},\"wordCount\":581,\"commentCount\":0,\"publisher\":{\"@id\":\"https:\\\/\\\/lequotidien.mr\\\/#organization\"},\"image\":{\"@id\":\"https:\\\/\\\/lequotidien.mr\\\/?p=22998&lang=fr#primaryimage\"},\"thumbnailUrl\":\"https:\\\/\\\/lequotidien.mr\\\/wp-content\\\/uploads\\\/2024\\\/11\\\/photo-station-epuration-eaux-usees-peche.jpg\",\"articleSection\":[\"ACTUALIT\u00c9\",\"Economie\"],\"inLanguage\":\"ar\",\"potentialAction\":[{\"@type\":\"CommentAction\",\"name\":\"Comment\",\"target\":[\"https:\\\/\\\/lequotidien.mr\\\/?p=22998&lang=fr#respond\"]}]},{\"@type\":\"WebPage\",\"@id\":\"https:\\\/\\\/lequotidien.mr\\\/?p=22998&lang=fr\",\"url\":\"https:\\\/\\\/lequotidien.mr\\\/?p=22998&lang=fr\",\"name\":\"Inauguration d'une station d'\u00e9puration: Une nouvelle \u00e8re pour le traitement des eaux us\u00e9es du march\u00e9 de poisson de Nouakchott - Le Quotidien de Nouakchott\",\"isPartOf\":{\"@id\":\"https:\\\/\\\/lequotidien.mr\\\/#website\"},\"primaryImageOfPage\":{\"@id\":\"https:\\\/\\\/lequotidien.mr\\\/?p=22998&lang=fr#primaryimage\"},\"image\":{\"@id\":\"https:\\\/\\\/lequotidien.mr\\\/?p=22998&lang=fr#primaryimage\"},\"thumbnailUrl\":\"https:\\\/\\\/lequotidien.mr\\\/wp-content\\\/uploads\\\/2024\\\/11\\\/photo-station-epuration-eaux-usees-peche.jpg\",\"datePublished\":\"2024-11-22T11:46:00+00:00\",\"breadcrumb\":{\"@id\":\"https:\\\/\\\/lequotidien.mr\\\/?p=22998&lang=fr#breadcrumb\"},\"inLanguage\":\"ar\",\"potentialAction\":[{\"@type\":\"ReadAction\",\"target\":[\"https:\\\/\\\/lequotidien.mr\\\/?p=22998&lang=fr\"]}]},{\"@type\":\"ImageObject\",\"inLanguage\":\"ar\",\"@id\":\"https:\\\/\\\/lequotidien.mr\\\/?p=22998&lang=fr#primaryimage\",\"url\":\"https:\\\/\\\/lequotidien.mr\\\/wp-content\\\/uploads\\\/2024\\\/11\\\/photo-station-epuration-eaux-usees-peche.jpg\",\"contentUrl\":\"https:\\\/\\\/lequotidien.mr\\\/wp-content\\\/uploads\\\/2024\\\/11\\\/photo-station-epuration-eaux-usees-peche.jpg\",\"width\":646,\"height\":430},{\"@type\":\"BreadcrumbList\",\"@id\":\"https:\\\/\\\/lequotidien.mr\\\/?p=22998&lang=fr#breadcrumb\",\"itemListElement\":[{\"@type\":\"ListItem\",\"position\":1,\"name\":\"Home\",\"item\":\"https:\\\/\\\/lequotidien.mr\\\/\"},{\"@type\":\"ListItem\",\"position\":2,\"name\":\"Inauguration d&#8217;une station d&#8217;\u00e9puration: Une nouvelle \u00e8re pour le traitement des eaux us\u00e9es du march\u00e9 de poisson de Nouakchott\"}]},{\"@type\":\"WebSite\",\"@id\":\"https:\\\/\\\/lequotidien.mr\\\/#website\",\"url\":\"https:\\\/\\\/lequotidien.mr\\\/\",\"name\":\"Le Quotidien de Nouakchott\",\"description\":\"\u0625\u062e\u0628\u0627\u0631\u064a\u0629 \u0645\u0633\u062a\u0642\u0644\u0629 \u0644\u0644\u0623\u0646\u0628\u0627\u0621 \u0627\u0644\u0639\u0627\u0645\u0629\",\"publisher\":{\"@id\":\"https:\\\/\\\/lequotidien.mr\\\/#organization\"},\"potentialAction\":[{\"@type\":\"SearchAction\",\"target\":{\"@type\":\"EntryPoint\",\"urlTemplate\":\"https:\\\/\\\/lequotidien.mr\\\/?s={search_term_string}\"},\"query-input\":{\"@type\":\"PropertyValueSpecification\",\"valueRequired\":true,\"valueName\":\"search_term_string\"}}],\"inLanguage\":\"ar\"},{\"@type\":\"Organization\",\"@id\":\"https:\\\/\\\/lequotidien.mr\\\/#organization\",\"name\":\"Le Quotidien de Nouakchott\",\"url\":\"https:\\\/\\\/lequotidien.mr\\\/\",\"logo\":{\"@type\":\"ImageObject\",\"inLanguage\":\"ar\",\"@id\":\"https:\\\/\\\/lequotidien.mr\\\/#\\\/schema\\\/logo\\\/image\\\/\",\"url\":\"https:\\\/\\\/lequotidien.mr\\\/wp-content\\\/uploads\\\/2022\\\/11\\\/logolequotidien.jpg\",\"contentUrl\":\"https:\\\/\\\/lequotidien.mr\\\/wp-content\\\/uploads\\\/2022\\\/11\\\/logolequotidien.jpg\",\"width\":290,\"height\":65,\"caption\":\"Le Quotidien de Nouakchott\"},\"image\":{\"@id\":\"https:\\\/\\\/lequotidien.mr\\\/#\\\/schema\\\/logo\\\/image\\\/\"},\"sameAs\":[\"https:\\\/\\\/web.facebook.com\\\/lequotidienmr\",\"https:\\\/\\\/x.com\\\/lequotidienmr\"]},{\"@type\":\"Person\",\"@id\":\"https:\\\/\\\/lequotidien.mr\\\/#\\\/schema\\\/person\\\/d2d350202a4d599685ed8abc25f97596\",\"name\":\"Med Ahmed\",\"image\":{\"@type\":\"ImageObject\",\"inLanguage\":\"ar\",\"@id\":\"https:\\\/\\\/secure.gravatar.com\\\/avatar\\\/fd2acc62ed50732923d1d39c17172c9b04149f142be92310ecc69e1358f94b52?s=96&d=mm&r=g\",\"url\":\"https:\\\/\\\/secure.gravatar.com\\\/avatar\\\/fd2acc62ed50732923d1d39c17172c9b04149f142be92310ecc69e1358f94b52?s=96&d=mm&r=g\",\"contentUrl\":\"https:\\\/\\\/secure.gravatar.com\\\/avatar\\\/fd2acc62ed50732923d1d39c17172c9b04149f142be92310ecc69e1358f94b52?s=96&d=mm&r=g\",\"caption\":\"Med Ahmed\"},\"url\":\"https:\\\/\\\/lequotidien.mr\\\/?author=12\"}]}<\/script>\n<!-- \/ Yoast SEO plugin. -->","yoast_head_json":{"title":"Inauguration d'une station d'\u00e9puration: Une nouvelle \u00e8re pour le traitement des eaux us\u00e9es du march\u00e9 de poisson de Nouakchott - Le Quotidien de Nouakchott","robots":{"index":"index","follow":"follow","max-snippet":"max-snippet:-1","max-image-preview":"max-image-preview:large","max-video-preview":"max-video-preview:-1"},"canonical":"https:\/\/lequotidien.mr\/?p=22998&lang=fr","og_locale":"ar_AR","og_type":"article","og_title":"Inauguration d'une station d'\u00e9puration: Une nouvelle \u00e8re pour le traitement des eaux us\u00e9es du march\u00e9 de poisson de Nouakchott - Le Quotidien de Nouakchott","og_description":"Dans le cadre des c\u00e9l\u00e9brations du 64\u1d49 anniversaire de l\u2019ind\u00e9pendance nationale, le Pr\u00e9sident de la R\u00e9publique, M. Mohamed Cheikh El Ghazouani, a proc\u00e9d\u00e9, jeudi soir, \u00e0 l\u2019inauguration d\u2019une station d\u2019\u00e9puration et de traitement des eaux us\u00e9es au march\u00e9 au poisson de Nouakchott. Cette infrastructure marque une \u00e9tape importante dans la modernisation des infrastructures environnementales et.....","og_url":"https:\/\/lequotidien.mr\/?p=22998&lang=fr","og_site_name":"Le Quotidien de Nouakchott","article_publisher":"https:\/\/web.facebook.com\/lequotidienmr","article_published_time":"2024-11-22T11:46:00+00:00","og_image":[{"width":646,"height":430,"url":"https:\/\/lequotidien.mr\/wp-content\/uploads\/2024\/11\/photo-station-epuration-eaux-usees-peche.jpg","type":"image\/jpeg"}],"author":"Med Ahmed","twitter_card":"summary_large_image","twitter_creator":"@lequotidienmr","twitter_site":"@lequotidienmr","twitter_misc":{"\u0643\u064f\u062a\u0628 \u0628\u0648\u0627\u0633\u0637\u0629":"Med Ahmed","\u0648\u0642\u062a \u0627\u0644\u0642\u0631\u0627\u0621\u0629 \u0627\u0644\u0645\u064f\u0642\u062f\u0651\u0631":"3 \u062f\u0642\u0627\u0626\u0642"},"schema":{"@context":"https:\/\/schema.org","@graph":[{"@type":"Article","@id":"https:\/\/lequotidien.mr\/?p=22998&lang=fr#article","isPartOf":{"@id":"https:\/\/lequotidien.mr\/?p=22998&lang=fr"},"author":{"name":"Med Ahmed","@id":"https:\/\/lequotidien.mr\/#\/schema\/person\/d2d350202a4d599685ed8abc25f97596"},"headline":"Inauguration d&#8217;une station d&#8217;\u00e9puration: Une nouvelle \u00e8re pour le traitement des eaux us\u00e9es du march\u00e9 de poisson de Nouakchott","datePublished":"2024-11-22T11:46:00+00:00","mainEntityOfPage":{"@id":"https:\/\/lequotidien.mr\/?p=22998&lang=fr"},"wordCount":581,"commentCount":0,"publisher":{"@id":"https:\/\/lequotidien.mr\/#organization"},"image":{"@id":"https:\/\/lequotidien.mr\/?p=22998&lang=fr#primaryimage"},"thumbnailUrl":"https:\/\/lequotidien.mr\/wp-content\/uploads\/2024\/11\/photo-station-epuration-eaux-usees-peche.jpg","articleSection":["ACTUALIT\u00c9","Economie"],"inLanguage":"ar","potentialAction":[{"@type":"CommentAction","name":"Comment","target":["https:\/\/lequotidien.mr\/?p=22998&lang=fr#respond"]}]},{"@type":"WebPage","@id":"https:\/\/lequotidien.mr\/?p=22998&lang=fr","url":"https:\/\/lequotidien.mr\/?p=22998&lang=fr","name":"Inauguration d'une station d'\u00e9puration: Une nouvelle \u00e8re pour le traitement des eaux us\u00e9es du march\u00e9 de poisson de Nouakchott - Le Quotidien de Nouakchott","isPartOf":{"@id":"https:\/\/lequotidien.mr\/#website"},"primaryImageOfPage":{"@id":"https:\/\/lequotidien.mr\/?p=22998&lang=fr#primaryimage"},"image":{"@id":"https:\/\/lequotidien.mr\/?p=22998&lang=fr#primaryimage"},"thumbnailUrl":"https:\/\/lequotidien.mr\/wp-content\/uploads\/2024\/11\/photo-station-epuration-eaux-usees-peche.jpg","datePublished":"2024-11-22T11:46:00+00:00","breadcrumb":{"@id":"https:\/\/lequotidien.mr\/?p=22998&lang=fr#breadcrumb"},"inLanguage":"ar","potentialAction":[{"@type":"ReadAction","target":["https:\/\/lequotidien.mr\/?p=22998&lang=fr"]}]},{"@type":"ImageObject","inLanguage":"ar","@id":"https:\/\/lequotidien.mr\/?p=22998&lang=fr#primaryimage","url":"https:\/\/lequotidien.mr\/wp-content\/uploads\/2024\/11\/photo-station-epuration-eaux-usees-peche.jpg","contentUrl":"https:\/\/lequotidien.mr\/wp-content\/uploads\/2024\/11\/photo-station-epuration-eaux-usees-peche.jpg","width":646,"height":430},{"@type":"BreadcrumbList","@id":"https:\/\/lequotidien.mr\/?p=22998&lang=fr#breadcrumb","itemListElement":[{"@type":"ListItem","position":1,"name":"Home","item":"https:\/\/lequotidien.mr\/"},{"@type":"ListItem","position":2,"name":"Inauguration d&#8217;une station d&#8217;\u00e9puration: Une nouvelle \u00e8re pour le traitement des eaux us\u00e9es du march\u00e9 de poisson de Nouakchott"}]},{"@type":"WebSite","@id":"https:\/\/lequotidien.mr\/#website","url":"https:\/\/lequotidien.mr\/","name":"Le Quotidien de Nouakchott","description":"\u0625\u062e\u0628\u0627\u0631\u064a\u0629 \u0645\u0633\u062a\u0642\u0644\u0629 \u0644\u0644\u0623\u0646\u0628\u0627\u0621 \u0627\u0644\u0639\u0627\u0645\u0629","publisher":{"@id":"https:\/\/lequotidien.mr\/#organization"},"potentialAction":[{"@type":"SearchAction","target":{"@type":"EntryPoint","urlTemplate":"https:\/\/lequotidien.mr\/?s={search_term_string}"},"query-input":{"@type":"PropertyValueSpecification","valueRequired":true,"valueName":"search_term_string"}}],"inLanguage":"ar"},{"@type":"Organization","@id":"https:\/\/lequotidien.mr\/#organization","name":"Le Quotidien de Nouakchott","url":"https:\/\/lequotidien.mr\/","logo":{"@type":"ImageObject","inLanguage":"ar","@id":"https:\/\/lequotidien.mr\/#\/schema\/logo\/image\/","url":"https:\/\/lequotidien.mr\/wp-content\/uploads\/2022\/11\/logolequotidien.jpg","contentUrl":"https:\/\/lequotidien.mr\/wp-content\/uploads\/2022\/11\/logolequotidien.jpg","width":290,"height":65,"caption":"Le Quotidien de Nouakchott"},"image":{"@id":"https:\/\/lequotidien.mr\/#\/schema\/logo\/image\/"},"sameAs":["https:\/\/web.facebook.com\/lequotidienmr","https:\/\/x.com\/lequotidienmr"]},{"@type":"Person","@id":"https:\/\/lequotidien.mr\/#\/schema\/person\/d2d350202a4d599685ed8abc25f97596","name":"Med Ahmed","image":{"@type":"ImageObject","inLanguage":"ar","@id":"https:\/\/secure.gravatar.com\/avatar\/fd2acc62ed50732923d1d39c17172c9b04149f142be92310ecc69e1358f94b52?s=96&d=mm&r=g","url":"https:\/\/secure.gravatar.com\/avatar\/fd2acc62ed50732923d1d39c17172c9b04149f142be92310ecc69e1358f94b52?s=96&d=mm&r=g","contentUrl":"https:\/\/secure.gravatar.com\/avatar\/fd2acc62ed50732923d1d39c17172c9b04149f142be92310ecc69e1358f94b52?s=96&d=mm&r=g","caption":"Med Ahmed"},"url":"https:\/\/lequotidien.mr\/?author=12"}]}},"_links":{"self":[{"href":"https:\/\/lequotidien.mr\/index.php?rest_route=\/wp\/v2\/posts\/22998","targetHints":{"allow":["GET"]}}],"collection":[{"href":"https:\/\/lequotidien.mr\/index.php?rest_route=\/wp\/v2\/posts"}],"about":[{"href":"https:\/\/lequotidien.mr\/index.php?rest_route=\/wp\/v2\/types\/post"}],"author":[{"embeddable":true,"href":"https:\/\/lequotidien.mr\/index.php?rest_route=\/wp\/v2\/users\/12"}],"replies":[{"embeddable":true,"href":"https:\/\/lequotidien.mr\/index.php?rest_route=%2Fwp%2Fv2%2Fcomments&post=22998"}],"version-history":[{"count":1,"href":"https:\/\/lequotidien.mr\/index.php?rest_route=\/wp\/v2\/posts\/22998\/revisions"}],"predecessor-version":[{"id":23000,"href":"https:\/\/lequotidien.mr\/index.php?rest_route=\/wp\/v2\/posts\/22998\/revisions\/23000"}],"wp:featuredmedia":[{"embeddable":true,"href":"https:\/\/lequotidien.mr\/index.php?rest_route=\/wp\/v2\/media\/22999"}],"wp:attachment":[{"href":"https:\/\/lequotidien.mr\/index.php?rest_route=%2Fwp%2Fv2%2Fmedia&parent=22998"}],"wp:term":[{"taxonomy":"category","embeddable":true,"href":"https:\/\/lequotidien.mr\/index.php?rest_route=%2Fwp%2Fv2%2Fcategories&post=22998"},{"taxonomy":"post_tag","embeddable":true,"href":"https:\/\/lequotidien.mr\/index.php?rest_route=%2Fwp%2Fv2%2Ftags&post=22998"}],"curies":[{"name":"wp","href":"https:\/\/api.w.org\/{rel}","templated":true}]}}