{"id":22974,"date":"2024-11-21T23:16:44","date_gmt":"2024-11-21T23:16:44","guid":{"rendered":"https:\/\/lequotidien.mr\/?p=22974"},"modified":"2024-11-21T23:16:44","modified_gmt":"2024-11-21T23:16:44","slug":"le-president-ghazouani-pose-la-premiere-pierre-pour-lextension-du-depot-principal-des-produits-petroliers-a-nouakchott","status":"publish","type":"post","link":"https:\/\/lequotidien.mr\/?p=22974&lang=fr","title":{"rendered":"Le Pr\u00e9sident Ghazouani pose la premi\u00e8re pierre pour l&#8217;extension du d\u00e9p\u00f4t principal des produits p\u00e9troliers \u00e0 Nouakchott"},"content":{"rendered":"<p>Le Pr\u00e9sident Mohamed Ould Cheikh El Ghazouani a supervis\u00e9 ce soir la c\u00e9r\u00e9monie de pose de la premi\u00e8re pierre pour l\u2019extension du d\u00e9p\u00f4t principal des produits p\u00e9troliers de Nouakchott. Cette initiative s\u2019inscrit dans le cadre des activit\u00e9s marquant le 64e anniversaire de l\u2019ind\u00e9pendance nationale.<\/p>\n<p>Selon une publication sur la page officielle de la pr\u00e9sidence, ce projet vise \u00e0 &#8220;r\u00e9duire les risques de ruptures d&#8217;approvisionnement en carburant gr\u00e2ce \u00e0 la construction d\u2019une capacit\u00e9 de stockage de 100 000 m\u00e8tres cubes, dont 51 000 pour le gasoil, 34 000 pour le fioul, 10 000 pour l&#8217;essence, et 5 000 pour le k\u00e9ros\u00e8ne.&#8221;<\/p>\n<p>Le financement de ce projet, d&#8217;un co\u00fbt total estim\u00e9 \u00e0 36 millions de dollars am\u00e9ricains, sera assur\u00e9 avec la participation des entreprises mini\u00e8res \u00e0 forte consommation telles que la <em>SNIM<\/em>, <em>Tasiast<\/em>, <em>MCM<\/em>, ainsi que la Soci\u00e9t\u00e9 Mauritanienne d\u2019\u00c9lectricit\u00e9 (<em>SOMELEC<\/em>) et le secteur de la p\u00eache.<\/p>\n<p>Ce projet strat\u00e9gique renforcera consid\u00e9rablement les infrastructures \u00e9nerg\u00e9tiques de la Mauritanie, contribuant ainsi \u00e0 la s\u00e9curit\u00e9 \u00e9nerg\u00e9tique nationale et au soutien de secteurs cl\u00e9s de l\u2019\u00e9conomie.<\/p>\n","protected":false},"excerpt":{"rendered":"<p>Le Pr\u00e9sident Mohamed Ould Cheikh El Ghazouani a supervis\u00e9 ce soir la c\u00e9r\u00e9monie de pose de la premi\u00e8re pierre pour l\u2019extension du d\u00e9p\u00f4t principal des produits p\u00e9troliers de Nouakchott. Cette initiative s\u2019inscrit dans le cadre des activit\u00e9s marquant le 64e anniversaire de l\u2019ind\u00e9pendance nationale. Selon une publication sur la page officielle de la pr\u00e9sidence, ce&#8230;..<\/p>\n","protected":false},"author":3,"featured_media":22975,"comment_status":"open","ping_status":"open","sticky":false,"template":"","format":"standard","meta":{"footnotes":""},"categories":[23,49],"tags":[],"class_list":["post-22974","post","type-post","status-publish","format-standard","has-post-thumbnail","hentry","category-actualite","category-economie"],"yoast_head":"<!-- This site is optimized with the Yoast SEO plugin v27.5 - https:\/\/yoast.com\/product\/yoast-seo-wordpress\/ -->\n<title>Le Pr\u00e9sident Ghazouani pose la premi\u00e8re pierre pour l&#039;extension du d\u00e9p\u00f4t principal des produits p\u00e9troliers \u00e0 Nouakchott - Le Quotidien de Nouakchott<\/title>\n<meta name=\"robots\" content=\"index, follow, max-snippet:-1, max-image-preview:large, max-video-preview:-1\" \/>\n<link rel=\"canonical\" href=\"https:\/\/lequotidien.mr\/?p=22974&lang=fr\" \/>\n<meta property=\"og:locale\" content=\"ar_AR\" \/>\n<meta property=\"og:type\" content=\"article\" \/>\n<meta property=\"og:title\" content=\"Le Pr\u00e9sident Ghazouani pose la premi\u00e8re pierre pour l&#039;extension du d\u00e9p\u00f4t principal des produits p\u00e9troliers \u00e0 Nouakchott - Le Quotidien de Nouakchott\" \/>\n<meta property=\"og:description\" content=\"Le Pr\u00e9sident Mohamed Ould Cheikh El Ghazouani a supervis\u00e9 ce soir la c\u00e9r\u00e9monie de pose de la premi\u00e8re pierre pour l\u2019extension du d\u00e9p\u00f4t principal des produits p\u00e9troliers de Nouakchott. Cette initiative s\u2019inscrit dans le cadre des activit\u00e9s marquant le 64e anniversaire de l\u2019ind\u00e9pendance nationale. Selon une publication sur la page officielle de la pr\u00e9sidence, ce.....\" \/>\n<meta property=\"og:url\" content=\"https:\/\/lequotidien.mr\/?p=22974&amp;lang=fr\" \/>\n<meta property=\"og:site_name\" content=\"Le Quotidien de Nouakchott\" \/>\n<meta property=\"article:publisher\" content=\"https:\/\/web.facebook.com\/lequotidienmr\" \/>\n<meta property=\"article:author\" content=\"https:\/\/web.facebook.com\/a.mleiwih\" \/>\n<meta property=\"article:published_time\" content=\"2024-11-21T23:16:44+00:00\" \/>\n<meta property=\"og:image\" content=\"https:\/\/lequotidien.mr\/wp-content\/uploads\/2024\/11\/FB_IMG_1732228787647.jpg\" \/>\n\t<meta property=\"og:image:width\" content=\"1080\" \/>\n\t<meta property=\"og:image:height\" content=\"722\" \/>\n\t<meta property=\"og:image:type\" content=\"image\/jpeg\" \/>\n<meta name=\"author\" content=\"Alioun M&#039;leiwih\" \/>\n<meta name=\"twitter:card\" content=\"summary_large_image\" \/>\n<meta name=\"twitter:creator\" content=\"@lequotidienmr\" \/>\n<meta name=\"twitter:site\" content=\"@lequotidienmr\" \/>\n<meta name=\"twitter:label1\" content=\"\u0643\u064f\u062a\u0628 \u0628\u0648\u0627\u0633\u0637\u0629\" \/>\n\t<meta name=\"twitter:data1\" content=\"Alioun M&#039;leiwih\" \/>\n\t<meta name=\"twitter:label2\" content=\"\u0648\u0642\u062a \u0627\u0644\u0642\u0631\u0627\u0621\u0629 \u0627\u0644\u0645\u064f\u0642\u062f\u0651\u0631\" \/>\n\t<meta name=\"twitter:data2\" content=\"\u062f\u0642\u064a\u0642\u0629 \u0648\u0627\u062d\u062f\u0629\" \/>\n<script type=\"application\/ld+json\" class=\"yoast-schema-graph\">{\"@context\":\"https:\\\/\\\/schema.org\",\"@graph\":[{\"@type\":\"Article\",\"@id\":\"https:\\\/\\\/lequotidien.mr\\\/?p=22974&lang=fr#article\",\"isPartOf\":{\"@id\":\"https:\\\/\\\/lequotidien.mr\\\/?p=22974&lang=fr\"},\"author\":{\"name\":\"Alioun M'leiwih\",\"@id\":\"https:\\\/\\\/lequotidien.mr\\\/#\\\/schema\\\/person\\\/69d1518c74c9137087929a20b1272cb0\"},\"headline\":\"Le Pr\u00e9sident Ghazouani pose la premi\u00e8re pierre pour l&#8217;extension du d\u00e9p\u00f4t principal des produits p\u00e9troliers \u00e0 Nouakchott\",\"datePublished\":\"2024-11-21T23:16:44+00:00\",\"mainEntityOfPage\":{\"@id\":\"https:\\\/\\\/lequotidien.mr\\\/?p=22974&lang=fr\"},\"wordCount\":212,\"commentCount\":0,\"publisher\":{\"@id\":\"https:\\\/\\\/lequotidien.mr\\\/#organization\"},\"image\":{\"@id\":\"https:\\\/\\\/lequotidien.mr\\\/?p=22974&lang=fr#primaryimage\"},\"thumbnailUrl\":\"https:\\\/\\\/lequotidien.mr\\\/wp-content\\\/uploads\\\/2024\\\/11\\\/FB_IMG_1732228787647.jpg\",\"articleSection\":[\"ACTUALIT\u00c9\",\"Economie\"],\"inLanguage\":\"ar\",\"potentialAction\":[{\"@type\":\"CommentAction\",\"name\":\"Comment\",\"target\":[\"https:\\\/\\\/lequotidien.mr\\\/?p=22974&lang=fr#respond\"]}]},{\"@type\":\"WebPage\",\"@id\":\"https:\\\/\\\/lequotidien.mr\\\/?p=22974&lang=fr\",\"url\":\"https:\\\/\\\/lequotidien.mr\\\/?p=22974&lang=fr\",\"name\":\"Le Pr\u00e9sident Ghazouani pose la premi\u00e8re pierre pour l'extension du d\u00e9p\u00f4t principal des produits p\u00e9troliers \u00e0 Nouakchott - Le Quotidien de Nouakchott\",\"isPartOf\":{\"@id\":\"https:\\\/\\\/lequotidien.mr\\\/#website\"},\"primaryImageOfPage\":{\"@id\":\"https:\\\/\\\/lequotidien.mr\\\/?p=22974&lang=fr#primaryimage\"},\"image\":{\"@id\":\"https:\\\/\\\/lequotidien.mr\\\/?p=22974&lang=fr#primaryimage\"},\"thumbnailUrl\":\"https:\\\/\\\/lequotidien.mr\\\/wp-content\\\/uploads\\\/2024\\\/11\\\/FB_IMG_1732228787647.jpg\",\"datePublished\":\"2024-11-21T23:16:44+00:00\",\"breadcrumb\":{\"@id\":\"https:\\\/\\\/lequotidien.mr\\\/?p=22974&lang=fr#breadcrumb\"},\"inLanguage\":\"ar\",\"potentialAction\":[{\"@type\":\"ReadAction\",\"target\":[\"https:\\\/\\\/lequotidien.mr\\\/?p=22974&lang=fr\"]}]},{\"@type\":\"ImageObject\",\"inLanguage\":\"ar\",\"@id\":\"https:\\\/\\\/lequotidien.mr\\\/?p=22974&lang=fr#primaryimage\",\"url\":\"https:\\\/\\\/lequotidien.mr\\\/wp-content\\\/uploads\\\/2024\\\/11\\\/FB_IMG_1732228787647.jpg\",\"contentUrl\":\"https:\\\/\\\/lequotidien.mr\\\/wp-content\\\/uploads\\\/2024\\\/11\\\/FB_IMG_1732228787647.jpg\",\"width\":1080,\"height\":722,\"caption\":\"\u00a0Le Pr\u00e9sident Mohamed Ould Cheikh El Ghazouani\"},{\"@type\":\"BreadcrumbList\",\"@id\":\"https:\\\/\\\/lequotidien.mr\\\/?p=22974&lang=fr#breadcrumb\",\"itemListElement\":[{\"@type\":\"ListItem\",\"position\":1,\"name\":\"Home\",\"item\":\"https:\\\/\\\/lequotidien.mr\\\/\"},{\"@type\":\"ListItem\",\"position\":2,\"name\":\"Le Pr\u00e9sident Ghazouani pose la premi\u00e8re pierre pour l&#8217;extension du d\u00e9p\u00f4t principal des produits p\u00e9troliers \u00e0 Nouakchott\"}]},{\"@type\":\"WebSite\",\"@id\":\"https:\\\/\\\/lequotidien.mr\\\/#website\",\"url\":\"https:\\\/\\\/lequotidien.mr\\\/\",\"name\":\"Le Quotidien de Nouakchott\",\"description\":\"\u0625\u062e\u0628\u0627\u0631\u064a\u0629 \u0645\u0633\u062a\u0642\u0644\u0629 \u0644\u0644\u0623\u0646\u0628\u0627\u0621 \u0627\u0644\u0639\u0627\u0645\u0629\",\"publisher\":{\"@id\":\"https:\\\/\\\/lequotidien.mr\\\/#organization\"},\"potentialAction\":[{\"@type\":\"SearchAction\",\"target\":{\"@type\":\"EntryPoint\",\"urlTemplate\":\"https:\\\/\\\/lequotidien.mr\\\/?s={search_term_string}\"},\"query-input\":{\"@type\":\"PropertyValueSpecification\",\"valueRequired\":true,\"valueName\":\"search_term_string\"}}],\"inLanguage\":\"ar\"},{\"@type\":\"Organization\",\"@id\":\"https:\\\/\\\/lequotidien.mr\\\/#organization\",\"name\":\"Le Quotidien de Nouakchott\",\"url\":\"https:\\\/\\\/lequotidien.mr\\\/\",\"logo\":{\"@type\":\"ImageObject\",\"inLanguage\":\"ar\",\"@id\":\"https:\\\/\\\/lequotidien.mr\\\/#\\\/schema\\\/logo\\\/image\\\/\",\"url\":\"https:\\\/\\\/lequotidien.mr\\\/wp-content\\\/uploads\\\/2022\\\/11\\\/logolequotidien.jpg\",\"contentUrl\":\"https:\\\/\\\/lequotidien.mr\\\/wp-content\\\/uploads\\\/2022\\\/11\\\/logolequotidien.jpg\",\"width\":290,\"height\":65,\"caption\":\"Le Quotidien de Nouakchott\"},\"image\":{\"@id\":\"https:\\\/\\\/lequotidien.mr\\\/#\\\/schema\\\/logo\\\/image\\\/\"},\"sameAs\":[\"https:\\\/\\\/web.facebook.com\\\/lequotidienmr\",\"https:\\\/\\\/x.com\\\/lequotidienmr\"]},{\"@type\":\"Person\",\"@id\":\"https:\\\/\\\/lequotidien.mr\\\/#\\\/schema\\\/person\\\/69d1518c74c9137087929a20b1272cb0\",\"name\":\"Alioun M'leiwih\",\"image\":{\"@type\":\"ImageObject\",\"inLanguage\":\"ar\",\"@id\":\"https:\\\/\\\/secure.gravatar.com\\\/avatar\\\/01f9d357222d7d4ca8f71662f4b081718f06d25b11fc45662ecca0622d507e51?s=96&d=mm&r=g\",\"url\":\"https:\\\/\\\/secure.gravatar.com\\\/avatar\\\/01f9d357222d7d4ca8f71662f4b081718f06d25b11fc45662ecca0622d507e51?s=96&d=mm&r=g\",\"contentUrl\":\"https:\\\/\\\/secure.gravatar.com\\\/avatar\\\/01f9d357222d7d4ca8f71662f4b081718f06d25b11fc45662ecca0622d507e51?s=96&d=mm&r=g\",\"caption\":\"Alioun M'leiwih\"},\"sameAs\":[\"https:\\\/\\\/lequotidien.mr\\\/\",\"https:\\\/\\\/web.facebook.com\\\/a.mleiwih\",\"https:\\\/\\\/www.linkedin.com\\\/in\\\/alimlewih\\\/\"],\"url\":\"https:\\\/\\\/lequotidien.mr\\\/?author=3\"}]}<\/script>\n<!-- \/ Yoast SEO plugin. -->","yoast_head_json":{"title":"Le Pr\u00e9sident Ghazouani pose la premi\u00e8re pierre pour l'extension du d\u00e9p\u00f4t principal des produits p\u00e9troliers \u00e0 Nouakchott - Le Quotidien de Nouakchott","robots":{"index":"index","follow":"follow","max-snippet":"max-snippet:-1","max-image-preview":"max-image-preview:large","max-video-preview":"max-video-preview:-1"},"canonical":"https:\/\/lequotidien.mr\/?p=22974&lang=fr","og_locale":"ar_AR","og_type":"article","og_title":"Le Pr\u00e9sident Ghazouani pose la premi\u00e8re pierre pour l'extension du d\u00e9p\u00f4t principal des produits p\u00e9troliers \u00e0 Nouakchott - Le Quotidien de Nouakchott","og_description":"Le Pr\u00e9sident Mohamed Ould Cheikh El Ghazouani a supervis\u00e9 ce soir la c\u00e9r\u00e9monie de pose de la premi\u00e8re pierre pour l\u2019extension du d\u00e9p\u00f4t principal des produits p\u00e9troliers de Nouakchott. Cette initiative s\u2019inscrit dans le cadre des activit\u00e9s marquant le 64e anniversaire de l\u2019ind\u00e9pendance nationale. Selon une publication sur la page officielle de la pr\u00e9sidence, ce.....","og_url":"https:\/\/lequotidien.mr\/?p=22974&lang=fr","og_site_name":"Le Quotidien de Nouakchott","article_publisher":"https:\/\/web.facebook.com\/lequotidienmr","article_author":"https:\/\/web.facebook.com\/a.mleiwih","article_published_time":"2024-11-21T23:16:44+00:00","og_image":[{"width":1080,"height":722,"url":"https:\/\/lequotidien.mr\/wp-content\/uploads\/2024\/11\/FB_IMG_1732228787647.jpg","type":"image\/jpeg"}],"author":"Alioun M'leiwih","twitter_card":"summary_large_image","twitter_creator":"@lequotidienmr","twitter_site":"@lequotidienmr","twitter_misc":{"\u0643\u064f\u062a\u0628 \u0628\u0648\u0627\u0633\u0637\u0629":"Alioun M'leiwih","\u0648\u0642\u062a \u0627\u0644\u0642\u0631\u0627\u0621\u0629 \u0627\u0644\u0645\u064f\u0642\u062f\u0651\u0631":"\u062f\u0642\u064a\u0642\u0629 \u0648\u0627\u062d\u062f\u0629"},"schema":{"@context":"https:\/\/schema.org","@graph":[{"@type":"Article","@id":"https:\/\/lequotidien.mr\/?p=22974&lang=fr#article","isPartOf":{"@id":"https:\/\/lequotidien.mr\/?p=22974&lang=fr"},"author":{"name":"Alioun M'leiwih","@id":"https:\/\/lequotidien.mr\/#\/schema\/person\/69d1518c74c9137087929a20b1272cb0"},"headline":"Le Pr\u00e9sident Ghazouani pose la premi\u00e8re pierre pour l&#8217;extension du d\u00e9p\u00f4t principal des produits p\u00e9troliers \u00e0 Nouakchott","datePublished":"2024-11-21T23:16:44+00:00","mainEntityOfPage":{"@id":"https:\/\/lequotidien.mr\/?p=22974&lang=fr"},"wordCount":212,"commentCount":0,"publisher":{"@id":"https:\/\/lequotidien.mr\/#organization"},"image":{"@id":"https:\/\/lequotidien.mr\/?p=22974&lang=fr#primaryimage"},"thumbnailUrl":"https:\/\/lequotidien.mr\/wp-content\/uploads\/2024\/11\/FB_IMG_1732228787647.jpg","articleSection":["ACTUALIT\u00c9","Economie"],"inLanguage":"ar","potentialAction":[{"@type":"CommentAction","name":"Comment","target":["https:\/\/lequotidien.mr\/?p=22974&lang=fr#respond"]}]},{"@type":"WebPage","@id":"https:\/\/lequotidien.mr\/?p=22974&lang=fr","url":"https:\/\/lequotidien.mr\/?p=22974&lang=fr","name":"Le Pr\u00e9sident Ghazouani pose la premi\u00e8re pierre pour l'extension du d\u00e9p\u00f4t principal des produits p\u00e9troliers \u00e0 Nouakchott - Le Quotidien de Nouakchott","isPartOf":{"@id":"https:\/\/lequotidien.mr\/#website"},"primaryImageOfPage":{"@id":"https:\/\/lequotidien.mr\/?p=22974&lang=fr#primaryimage"},"image":{"@id":"https:\/\/lequotidien.mr\/?p=22974&lang=fr#primaryimage"},"thumbnailUrl":"https:\/\/lequotidien.mr\/wp-content\/uploads\/2024\/11\/FB_IMG_1732228787647.jpg","datePublished":"2024-11-21T23:16:44+00:00","breadcrumb":{"@id":"https:\/\/lequotidien.mr\/?p=22974&lang=fr#breadcrumb"},"inLanguage":"ar","potentialAction":[{"@type":"ReadAction","target":["https:\/\/lequotidien.mr\/?p=22974&lang=fr"]}]},{"@type":"ImageObject","inLanguage":"ar","@id":"https:\/\/lequotidien.mr\/?p=22974&lang=fr#primaryimage","url":"https:\/\/lequotidien.mr\/wp-content\/uploads\/2024\/11\/FB_IMG_1732228787647.jpg","contentUrl":"https:\/\/lequotidien.mr\/wp-content\/uploads\/2024\/11\/FB_IMG_1732228787647.jpg","width":1080,"height":722,"caption":"\u00a0Le Pr\u00e9sident Mohamed Ould Cheikh El Ghazouani"},{"@type":"BreadcrumbList","@id":"https:\/\/lequotidien.mr\/?p=22974&lang=fr#breadcrumb","itemListElement":[{"@type":"ListItem","position":1,"name":"Home","item":"https:\/\/lequotidien.mr\/"},{"@type":"ListItem","position":2,"name":"Le Pr\u00e9sident Ghazouani pose la premi\u00e8re pierre pour l&#8217;extension du d\u00e9p\u00f4t principal des produits p\u00e9troliers \u00e0 Nouakchott"}]},{"@type":"WebSite","@id":"https:\/\/lequotidien.mr\/#website","url":"https:\/\/lequotidien.mr\/","name":"Le Quotidien de Nouakchott","description":"\u0625\u062e\u0628\u0627\u0631\u064a\u0629 \u0645\u0633\u062a\u0642\u0644\u0629 \u0644\u0644\u0623\u0646\u0628\u0627\u0621 \u0627\u0644\u0639\u0627\u0645\u0629","publisher":{"@id":"https:\/\/lequotidien.mr\/#organization"},"potentialAction":[{"@type":"SearchAction","target":{"@type":"EntryPoint","urlTemplate":"https:\/\/lequotidien.mr\/?s={search_term_string}"},"query-input":{"@type":"PropertyValueSpecification","valueRequired":true,"valueName":"search_term_string"}}],"inLanguage":"ar"},{"@type":"Organization","@id":"https:\/\/lequotidien.mr\/#organization","name":"Le Quotidien de Nouakchott","url":"https:\/\/lequotidien.mr\/","logo":{"@type":"ImageObject","inLanguage":"ar","@id":"https:\/\/lequotidien.mr\/#\/schema\/logo\/image\/","url":"https:\/\/lequotidien.mr\/wp-content\/uploads\/2022\/11\/logolequotidien.jpg","contentUrl":"https:\/\/lequotidien.mr\/wp-content\/uploads\/2022\/11\/logolequotidien.jpg","width":290,"height":65,"caption":"Le Quotidien de Nouakchott"},"image":{"@id":"https:\/\/lequotidien.mr\/#\/schema\/logo\/image\/"},"sameAs":["https:\/\/web.facebook.com\/lequotidienmr","https:\/\/x.com\/lequotidienmr"]},{"@type":"Person","@id":"https:\/\/lequotidien.mr\/#\/schema\/person\/69d1518c74c9137087929a20b1272cb0","name":"Alioun M'leiwih","image":{"@type":"ImageObject","inLanguage":"ar","@id":"https:\/\/secure.gravatar.com\/avatar\/01f9d357222d7d4ca8f71662f4b081718f06d25b11fc45662ecca0622d507e51?s=96&d=mm&r=g","url":"https:\/\/secure.gravatar.com\/avatar\/01f9d357222d7d4ca8f71662f4b081718f06d25b11fc45662ecca0622d507e51?s=96&d=mm&r=g","contentUrl":"https:\/\/secure.gravatar.com\/avatar\/01f9d357222d7d4ca8f71662f4b081718f06d25b11fc45662ecca0622d507e51?s=96&d=mm&r=g","caption":"Alioun M'leiwih"},"sameAs":["https:\/\/lequotidien.mr\/","https:\/\/web.facebook.com\/a.mleiwih","https:\/\/www.linkedin.com\/in\/alimlewih\/"],"url":"https:\/\/lequotidien.mr\/?author=3"}]}},"_links":{"self":[{"href":"https:\/\/lequotidien.mr\/index.php?rest_route=\/wp\/v2\/posts\/22974","targetHints":{"allow":["GET"]}}],"collection":[{"href":"https:\/\/lequotidien.mr\/index.php?rest_route=\/wp\/v2\/posts"}],"about":[{"href":"https:\/\/lequotidien.mr\/index.php?rest_route=\/wp\/v2\/types\/post"}],"author":[{"embeddable":true,"href":"https:\/\/lequotidien.mr\/index.php?rest_route=\/wp\/v2\/users\/3"}],"replies":[{"embeddable":true,"href":"https:\/\/lequotidien.mr\/index.php?rest_route=%2Fwp%2Fv2%2Fcomments&post=22974"}],"version-history":[{"count":1,"href":"https:\/\/lequotidien.mr\/index.php?rest_route=\/wp\/v2\/posts\/22974\/revisions"}],"predecessor-version":[{"id":22976,"href":"https:\/\/lequotidien.mr\/index.php?rest_route=\/wp\/v2\/posts\/22974\/revisions\/22976"}],"wp:featuredmedia":[{"embeddable":true,"href":"https:\/\/lequotidien.mr\/index.php?rest_route=\/wp\/v2\/media\/22975"}],"wp:attachment":[{"href":"https:\/\/lequotidien.mr\/index.php?rest_route=%2Fwp%2Fv2%2Fmedia&parent=22974"}],"wp:term":[{"taxonomy":"category","embeddable":true,"href":"https:\/\/lequotidien.mr\/index.php?rest_route=%2Fwp%2Fv2%2Fcategories&post=22974"},{"taxonomy":"post_tag","embeddable":true,"href":"https:\/\/lequotidien.mr\/index.php?rest_route=%2Fwp%2Fv2%2Ftags&post=22974"}],"curies":[{"name":"wp","href":"https:\/\/api.w.org\/{rel}","templated":true}]}}