{"id":22859,"date":"2024-11-18T10:16:49","date_gmt":"2024-11-18T10:16:49","guid":{"rendered":"https:\/\/lequotidien.mr\/?p=22859"},"modified":"2024-11-18T10:16:49","modified_gmt":"2024-11-18T10:16:49","slug":"le-president-de-la-republique-en-route-pour-le-19%e1%b5%89-sommet-du-g20-a-rio-de-janeiro-bresil","status":"publish","type":"post","link":"https:\/\/lequotidien.mr\/?p=22859&lang=fr","title":{"rendered":"Le Pr\u00e9sident de la R\u00e9publique en route pour le 19\u1d49 Sommet du G20 \u00e0 Rio de Janeiro (Br\u00e9sil)"},"content":{"rendered":"<p>Dimanche soir, le Pr\u00e9sident de la R\u00e9publique et Pr\u00e9sident en exercice de l&#8217;Union Africaine, M. Mohamed Cheikh El Ghazouani, a quitt\u00e9 Nouakchott pour Rio de Janeiro, au Br\u00e9sil, afin de participer au 19\u1d49 Sommet du Groupe des Vingt (G20<strong>)<\/strong>, qui se tiendra les 18 et 19 novembre 2024.<\/p>\n<p>En effet, le sommet du G20 s&#8217;ouvre ce lundi \u00e0 Rio au Br\u00e9sil. Il s&#8217;agit l\u00e0 d&#8217;un rendez-vous qui r\u00e9unit les plus grandes \u00e9conomies de la plan\u00e8te avec cette ambition difficile d\u2019organiser la coop\u00e9ration \u00e9conomique mondiale. Le\u00a0G20 repr\u00e9sente 85% du PIB mondial et les trois quarts des \u00e9changes commerciaux internationaux.<\/p>\n<p>Pour ce sommet du Pour le Br\u00e9sil qui assure la pr\u00e9sidence tournante du G20 les enjeux sont nombreux. Le Pr\u00e9sident br\u00e9silien Lula veut consacrer la force du groupe \u00e0 la lutte contre la pauvret\u00e9 et le renforcement de la fiscalit\u00e9 internationale. Cet objectif passe tout naturellement par une meilleure repr\u00e9sentation des pays en d\u00e9veloppement membres du G20 dans les institutions internationales. Mais avec aussi la volont\u00e9 de mieux utiliser les moyens des banques r\u00e9gionales pour augmenter le volume de pr\u00eat et le niveau d&#8217;action en faveur des pays les plus vuln\u00e9rables.<\/p>\n<p>Avant son d\u00e9part de l&#8217;a\u00e9roport international de Nouakchott-Oumtounsi, le Pr\u00e9sident de la R\u00e9publique a \u00e9t\u00e9 salu\u00e9 par plusieurs hauts responsables gouvernementaux et institutionnels, notamment : le Premier ministre, M. Moctar Diay; le ministre secr\u00e9taire g\u00e9n\u00e9ral de la pr\u00e9sidence, M. Moulay Mohamed Laghdaf; les ministres conseillers \u00e0 la pr\u00e9sidence, M. Mohamed Abdallahi Ethmane et Mme Aichata Ba Yahya ; le ministre des Affaires \u00e9trang\u00e8res, M. Mohamed Salem Merzoug\u00a0; le ministre de la D\u00e9fense nationale, M. Hanena Sidi ; le ministre de l&#8217;Int\u00e9rieur, M. Mohamed Ahmed Mohamed Lemine ; la directrice adjointe du cabinet du Pr\u00e9sident, Mme Gandega Fatimata ; le wali de Nouakchott Ouest, M. M&#8217;Rabih Rabou Bounena Abidine\u00a0 et la pr\u00e9sidente de la r\u00e9gion de Nouakchott, Mme Fatimetou Abdel Malek.<\/p>\n<p>Le Pr\u00e9sident Mohamed Cheikh El Ghazouani est accompagn\u00e9 d&#8217;une d\u00e9l\u00e9gation officielle compos\u00e9e de personnalit\u00e9s de premier plan, refl\u00e9tant la diversit\u00e9 et l&#8217;expertise des comp\u00e9tences mauritaniennes : M. Nani Chrougha , ministre charg\u00e9 du cabinet du Pr\u00e9sident de la R\u00e9publique ; M. Sid Ahmed Bouh, ministre de l&#8217;\u00c9conomie et des Finances ; M. Abdoulaye Idrissa Wane, ambassadeur de Mauritanie au Br\u00e9sil ; M. Tah Ahmed Maouloud, conseiller \u00e0 la pr\u00e9sidence de la R\u00e9publique\u00a0; M. El Hassen Zein, conseiller \u00e0 la pr\u00e9sidence de la R\u00e9publique et M. El Hassen Ahmed, directeur g\u00e9n\u00e9ral du Protocole d&#8217;\u00c9tat.<\/p>\n<p>Cette participation au G20 s&#8217;inscrit dans une d\u00e9marche strat\u00e9gique visant \u00e0 renforcer le r\u00f4le de la Mauritanie sur la sc\u00e8ne internationale et \u00e0 d\u00e9fendre les int\u00e9r\u00eats du continent africain, particuli\u00e8rement dans le contexte de la pr\u00e9sidence tournante de l&#8217;Union africaine assur\u00e9e par le Chef de l&#8217;\u00c9tat.<\/p>\n<p>En tant que pr\u00e9sident de l&#8217;Union africaine, M. Mohamed Cheikh El Ghazouani jouera un r\u00f4le cl\u00e9 pour faire entendre la voix de l&#8217;Afrique sur ses probl\u00e9matiques majeures: l&#8217;acc\u00e8s \u00e9quitable aux financements internationaux pour le d\u00e9veloppement durable ; les solutions aux crises alimentaires et climatiques, qui concernent particuli\u00e8rement le continent africain ; la consolidation des partenariats \u00e9conomiques et strat\u00e9giques entre l&#8217;Afrique et les pays du G20, entre autres.<\/p>\n","protected":false},"excerpt":{"rendered":"<p>Dimanche soir, le Pr\u00e9sident de la R\u00e9publique et Pr\u00e9sident en exercice de l&#8217;Union Africaine, M. Mohamed Cheikh El Ghazouani, a quitt\u00e9 Nouakchott pour Rio de Janeiro, au Br\u00e9sil, afin de participer au 19\u1d49 Sommet du Groupe des Vingt (G20), qui se tiendra les 18 et 19 novembre 2024. En effet, le sommet du G20 s&#8217;ouvre&#8230;..<\/p>\n","protected":false},"author":12,"featured_media":22860,"comment_status":"open","ping_status":"open","sticky":false,"template":"","format":"standard","meta":{"footnotes":""},"categories":[23,49],"tags":[],"class_list":["post-22859","post","type-post","status-publish","format-standard","has-post-thumbnail","hentry","category-actualite","category-economie"],"yoast_head":"<!-- This site is optimized with the Yoast SEO plugin v27.5 - https:\/\/yoast.com\/product\/yoast-seo-wordpress\/ -->\n<title>Le Pr\u00e9sident de la R\u00e9publique en route pour le 19\u1d49 Sommet du G20 \u00e0 Rio de Janeiro (Br\u00e9sil) - Le Quotidien de Nouakchott<\/title>\n<meta name=\"robots\" content=\"index, follow, max-snippet:-1, max-image-preview:large, max-video-preview:-1\" \/>\n<link rel=\"canonical\" href=\"https:\/\/lequotidien.mr\/?p=22859&lang=fr\" \/>\n<meta property=\"og:locale\" content=\"ar_AR\" \/>\n<meta property=\"og:type\" content=\"article\" \/>\n<meta property=\"og:title\" content=\"Le Pr\u00e9sident de la R\u00e9publique en route pour le 19\u1d49 Sommet du G20 \u00e0 Rio de Janeiro (Br\u00e9sil) - Le Quotidien de Nouakchott\" \/>\n<meta property=\"og:description\" content=\"Dimanche soir, le Pr\u00e9sident de la R\u00e9publique et Pr\u00e9sident en exercice de l&#8217;Union Africaine, M. Mohamed Cheikh El Ghazouani, a quitt\u00e9 Nouakchott pour Rio de Janeiro, au Br\u00e9sil, afin de participer au 19\u1d49 Sommet du Groupe des Vingt (G20), qui se tiendra les 18 et 19 novembre 2024. En effet, le sommet du G20 s&#8217;ouvre.....\" \/>\n<meta property=\"og:url\" content=\"https:\/\/lequotidien.mr\/?p=22859&amp;lang=fr\" \/>\n<meta property=\"og:site_name\" content=\"Le Quotidien de Nouakchott\" \/>\n<meta property=\"article:publisher\" content=\"https:\/\/web.facebook.com\/lequotidienmr\" \/>\n<meta property=\"article:published_time\" content=\"2024-11-18T10:16:49+00:00\" \/>\n<meta property=\"og:image\" content=\"https:\/\/lequotidien.mr\/wp-content\/uploads\/2024\/11\/photo-depart-Ghazouani-G20-2024.jpg\" \/>\n\t<meta property=\"og:image:width\" content=\"640\" \/>\n\t<meta property=\"og:image:height\" content=\"367\" \/>\n\t<meta property=\"og:image:type\" content=\"image\/jpeg\" \/>\n<meta name=\"author\" content=\"Med Ahmed\" \/>\n<meta name=\"twitter:card\" content=\"summary_large_image\" \/>\n<meta name=\"twitter:creator\" content=\"@lequotidienmr\" \/>\n<meta name=\"twitter:site\" content=\"@lequotidienmr\" \/>\n<meta name=\"twitter:label1\" content=\"\u0643\u064f\u062a\u0628 \u0628\u0648\u0627\u0633\u0637\u0629\" \/>\n\t<meta name=\"twitter:data1\" content=\"Med Ahmed\" \/>\n\t<meta name=\"twitter:label2\" content=\"\u0648\u0642\u062a \u0627\u0644\u0642\u0631\u0627\u0621\u0629 \u0627\u0644\u0645\u064f\u0642\u062f\u0651\u0631\" \/>\n\t<meta name=\"twitter:data2\" content=\"3 \u062f\u0642\u0627\u0626\u0642\" \/>\n<script type=\"application\/ld+json\" class=\"yoast-schema-graph\">{\"@context\":\"https:\\\/\\\/schema.org\",\"@graph\":[{\"@type\":\"Article\",\"@id\":\"https:\\\/\\\/lequotidien.mr\\\/?p=22859&lang=fr#article\",\"isPartOf\":{\"@id\":\"https:\\\/\\\/lequotidien.mr\\\/?p=22859&lang=fr\"},\"author\":{\"name\":\"Med Ahmed\",\"@id\":\"https:\\\/\\\/lequotidien.mr\\\/#\\\/schema\\\/person\\\/d2d350202a4d599685ed8abc25f97596\"},\"headline\":\"Le Pr\u00e9sident de la R\u00e9publique en route pour le 19\u1d49 Sommet du G20 \u00e0 Rio de Janeiro (Br\u00e9sil)\",\"datePublished\":\"2024-11-18T10:16:49+00:00\",\"mainEntityOfPage\":{\"@id\":\"https:\\\/\\\/lequotidien.mr\\\/?p=22859&lang=fr\"},\"wordCount\":597,\"commentCount\":0,\"publisher\":{\"@id\":\"https:\\\/\\\/lequotidien.mr\\\/#organization\"},\"image\":{\"@id\":\"https:\\\/\\\/lequotidien.mr\\\/?p=22859&lang=fr#primaryimage\"},\"thumbnailUrl\":\"https:\\\/\\\/lequotidien.mr\\\/wp-content\\\/uploads\\\/2024\\\/11\\\/photo-depart-Ghazouani-G20-2024.jpg\",\"articleSection\":[\"ACTUALIT\u00c9\",\"Economie\"],\"inLanguage\":\"ar\",\"potentialAction\":[{\"@type\":\"CommentAction\",\"name\":\"Comment\",\"target\":[\"https:\\\/\\\/lequotidien.mr\\\/?p=22859&lang=fr#respond\"]}]},{\"@type\":\"WebPage\",\"@id\":\"https:\\\/\\\/lequotidien.mr\\\/?p=22859&lang=fr\",\"url\":\"https:\\\/\\\/lequotidien.mr\\\/?p=22859&lang=fr\",\"name\":\"Le Pr\u00e9sident de la R\u00e9publique en route pour le 19\u1d49 Sommet du G20 \u00e0 Rio de Janeiro (Br\u00e9sil) - Le Quotidien de Nouakchott\",\"isPartOf\":{\"@id\":\"https:\\\/\\\/lequotidien.mr\\\/#website\"},\"primaryImageOfPage\":{\"@id\":\"https:\\\/\\\/lequotidien.mr\\\/?p=22859&lang=fr#primaryimage\"},\"image\":{\"@id\":\"https:\\\/\\\/lequotidien.mr\\\/?p=22859&lang=fr#primaryimage\"},\"thumbnailUrl\":\"https:\\\/\\\/lequotidien.mr\\\/wp-content\\\/uploads\\\/2024\\\/11\\\/photo-depart-Ghazouani-G20-2024.jpg\",\"datePublished\":\"2024-11-18T10:16:49+00:00\",\"breadcrumb\":{\"@id\":\"https:\\\/\\\/lequotidien.mr\\\/?p=22859&lang=fr#breadcrumb\"},\"inLanguage\":\"ar\",\"potentialAction\":[{\"@type\":\"ReadAction\",\"target\":[\"https:\\\/\\\/lequotidien.mr\\\/?p=22859&lang=fr\"]}]},{\"@type\":\"ImageObject\",\"inLanguage\":\"ar\",\"@id\":\"https:\\\/\\\/lequotidien.mr\\\/?p=22859&lang=fr#primaryimage\",\"url\":\"https:\\\/\\\/lequotidien.mr\\\/wp-content\\\/uploads\\\/2024\\\/11\\\/photo-depart-Ghazouani-G20-2024.jpg\",\"contentUrl\":\"https:\\\/\\\/lequotidien.mr\\\/wp-content\\\/uploads\\\/2024\\\/11\\\/photo-depart-Ghazouani-G20-2024.jpg\",\"width\":640,\"height\":367},{\"@type\":\"BreadcrumbList\",\"@id\":\"https:\\\/\\\/lequotidien.mr\\\/?p=22859&lang=fr#breadcrumb\",\"itemListElement\":[{\"@type\":\"ListItem\",\"position\":1,\"name\":\"Home\",\"item\":\"https:\\\/\\\/lequotidien.mr\\\/\"},{\"@type\":\"ListItem\",\"position\":2,\"name\":\"Le Pr\u00e9sident de la R\u00e9publique en route pour le 19\u1d49 Sommet du G20 \u00e0 Rio de Janeiro (Br\u00e9sil)\"}]},{\"@type\":\"WebSite\",\"@id\":\"https:\\\/\\\/lequotidien.mr\\\/#website\",\"url\":\"https:\\\/\\\/lequotidien.mr\\\/\",\"name\":\"Le Quotidien de Nouakchott\",\"description\":\"\u0625\u062e\u0628\u0627\u0631\u064a\u0629 \u0645\u0633\u062a\u0642\u0644\u0629 \u0644\u0644\u0623\u0646\u0628\u0627\u0621 \u0627\u0644\u0639\u0627\u0645\u0629\",\"publisher\":{\"@id\":\"https:\\\/\\\/lequotidien.mr\\\/#organization\"},\"potentialAction\":[{\"@type\":\"SearchAction\",\"target\":{\"@type\":\"EntryPoint\",\"urlTemplate\":\"https:\\\/\\\/lequotidien.mr\\\/?s={search_term_string}\"},\"query-input\":{\"@type\":\"PropertyValueSpecification\",\"valueRequired\":true,\"valueName\":\"search_term_string\"}}],\"inLanguage\":\"ar\"},{\"@type\":\"Organization\",\"@id\":\"https:\\\/\\\/lequotidien.mr\\\/#organization\",\"name\":\"Le Quotidien de Nouakchott\",\"url\":\"https:\\\/\\\/lequotidien.mr\\\/\",\"logo\":{\"@type\":\"ImageObject\",\"inLanguage\":\"ar\",\"@id\":\"https:\\\/\\\/lequotidien.mr\\\/#\\\/schema\\\/logo\\\/image\\\/\",\"url\":\"https:\\\/\\\/lequotidien.mr\\\/wp-content\\\/uploads\\\/2022\\\/11\\\/logolequotidien.jpg\",\"contentUrl\":\"https:\\\/\\\/lequotidien.mr\\\/wp-content\\\/uploads\\\/2022\\\/11\\\/logolequotidien.jpg\",\"width\":290,\"height\":65,\"caption\":\"Le Quotidien de Nouakchott\"},\"image\":{\"@id\":\"https:\\\/\\\/lequotidien.mr\\\/#\\\/schema\\\/logo\\\/image\\\/\"},\"sameAs\":[\"https:\\\/\\\/web.facebook.com\\\/lequotidienmr\",\"https:\\\/\\\/x.com\\\/lequotidienmr\"]},{\"@type\":\"Person\",\"@id\":\"https:\\\/\\\/lequotidien.mr\\\/#\\\/schema\\\/person\\\/d2d350202a4d599685ed8abc25f97596\",\"name\":\"Med Ahmed\",\"image\":{\"@type\":\"ImageObject\",\"inLanguage\":\"ar\",\"@id\":\"https:\\\/\\\/secure.gravatar.com\\\/avatar\\\/fd2acc62ed50732923d1d39c17172c9b04149f142be92310ecc69e1358f94b52?s=96&d=mm&r=g\",\"url\":\"https:\\\/\\\/secure.gravatar.com\\\/avatar\\\/fd2acc62ed50732923d1d39c17172c9b04149f142be92310ecc69e1358f94b52?s=96&d=mm&r=g\",\"contentUrl\":\"https:\\\/\\\/secure.gravatar.com\\\/avatar\\\/fd2acc62ed50732923d1d39c17172c9b04149f142be92310ecc69e1358f94b52?s=96&d=mm&r=g\",\"caption\":\"Med Ahmed\"},\"url\":\"https:\\\/\\\/lequotidien.mr\\\/?author=12\"}]}<\/script>\n<!-- \/ Yoast SEO plugin. -->","yoast_head_json":{"title":"Le Pr\u00e9sident de la R\u00e9publique en route pour le 19\u1d49 Sommet du G20 \u00e0 Rio de Janeiro (Br\u00e9sil) - Le Quotidien de Nouakchott","robots":{"index":"index","follow":"follow","max-snippet":"max-snippet:-1","max-image-preview":"max-image-preview:large","max-video-preview":"max-video-preview:-1"},"canonical":"https:\/\/lequotidien.mr\/?p=22859&lang=fr","og_locale":"ar_AR","og_type":"article","og_title":"Le Pr\u00e9sident de la R\u00e9publique en route pour le 19\u1d49 Sommet du G20 \u00e0 Rio de Janeiro (Br\u00e9sil) - Le Quotidien de Nouakchott","og_description":"Dimanche soir, le Pr\u00e9sident de la R\u00e9publique et Pr\u00e9sident en exercice de l&#8217;Union Africaine, M. Mohamed Cheikh El Ghazouani, a quitt\u00e9 Nouakchott pour Rio de Janeiro, au Br\u00e9sil, afin de participer au 19\u1d49 Sommet du Groupe des Vingt (G20), qui se tiendra les 18 et 19 novembre 2024. En effet, le sommet du G20 s&#8217;ouvre.....","og_url":"https:\/\/lequotidien.mr\/?p=22859&lang=fr","og_site_name":"Le Quotidien de Nouakchott","article_publisher":"https:\/\/web.facebook.com\/lequotidienmr","article_published_time":"2024-11-18T10:16:49+00:00","og_image":[{"width":640,"height":367,"url":"https:\/\/lequotidien.mr\/wp-content\/uploads\/2024\/11\/photo-depart-Ghazouani-G20-2024.jpg","type":"image\/jpeg"}],"author":"Med Ahmed","twitter_card":"summary_large_image","twitter_creator":"@lequotidienmr","twitter_site":"@lequotidienmr","twitter_misc":{"\u0643\u064f\u062a\u0628 \u0628\u0648\u0627\u0633\u0637\u0629":"Med Ahmed","\u0648\u0642\u062a \u0627\u0644\u0642\u0631\u0627\u0621\u0629 \u0627\u0644\u0645\u064f\u0642\u062f\u0651\u0631":"3 \u062f\u0642\u0627\u0626\u0642"},"schema":{"@context":"https:\/\/schema.org","@graph":[{"@type":"Article","@id":"https:\/\/lequotidien.mr\/?p=22859&lang=fr#article","isPartOf":{"@id":"https:\/\/lequotidien.mr\/?p=22859&lang=fr"},"author":{"name":"Med Ahmed","@id":"https:\/\/lequotidien.mr\/#\/schema\/person\/d2d350202a4d599685ed8abc25f97596"},"headline":"Le Pr\u00e9sident de la R\u00e9publique en route pour le 19\u1d49 Sommet du G20 \u00e0 Rio de Janeiro (Br\u00e9sil)","datePublished":"2024-11-18T10:16:49+00:00","mainEntityOfPage":{"@id":"https:\/\/lequotidien.mr\/?p=22859&lang=fr"},"wordCount":597,"commentCount":0,"publisher":{"@id":"https:\/\/lequotidien.mr\/#organization"},"image":{"@id":"https:\/\/lequotidien.mr\/?p=22859&lang=fr#primaryimage"},"thumbnailUrl":"https:\/\/lequotidien.mr\/wp-content\/uploads\/2024\/11\/photo-depart-Ghazouani-G20-2024.jpg","articleSection":["ACTUALIT\u00c9","Economie"],"inLanguage":"ar","potentialAction":[{"@type":"CommentAction","name":"Comment","target":["https:\/\/lequotidien.mr\/?p=22859&lang=fr#respond"]}]},{"@type":"WebPage","@id":"https:\/\/lequotidien.mr\/?p=22859&lang=fr","url":"https:\/\/lequotidien.mr\/?p=22859&lang=fr","name":"Le Pr\u00e9sident de la R\u00e9publique en route pour le 19\u1d49 Sommet du G20 \u00e0 Rio de Janeiro (Br\u00e9sil) - Le Quotidien de Nouakchott","isPartOf":{"@id":"https:\/\/lequotidien.mr\/#website"},"primaryImageOfPage":{"@id":"https:\/\/lequotidien.mr\/?p=22859&lang=fr#primaryimage"},"image":{"@id":"https:\/\/lequotidien.mr\/?p=22859&lang=fr#primaryimage"},"thumbnailUrl":"https:\/\/lequotidien.mr\/wp-content\/uploads\/2024\/11\/photo-depart-Ghazouani-G20-2024.jpg","datePublished":"2024-11-18T10:16:49+00:00","breadcrumb":{"@id":"https:\/\/lequotidien.mr\/?p=22859&lang=fr#breadcrumb"},"inLanguage":"ar","potentialAction":[{"@type":"ReadAction","target":["https:\/\/lequotidien.mr\/?p=22859&lang=fr"]}]},{"@type":"ImageObject","inLanguage":"ar","@id":"https:\/\/lequotidien.mr\/?p=22859&lang=fr#primaryimage","url":"https:\/\/lequotidien.mr\/wp-content\/uploads\/2024\/11\/photo-depart-Ghazouani-G20-2024.jpg","contentUrl":"https:\/\/lequotidien.mr\/wp-content\/uploads\/2024\/11\/photo-depart-Ghazouani-G20-2024.jpg","width":640,"height":367},{"@type":"BreadcrumbList","@id":"https:\/\/lequotidien.mr\/?p=22859&lang=fr#breadcrumb","itemListElement":[{"@type":"ListItem","position":1,"name":"Home","item":"https:\/\/lequotidien.mr\/"},{"@type":"ListItem","position":2,"name":"Le Pr\u00e9sident de la R\u00e9publique en route pour le 19\u1d49 Sommet du G20 \u00e0 Rio de Janeiro (Br\u00e9sil)"}]},{"@type":"WebSite","@id":"https:\/\/lequotidien.mr\/#website","url":"https:\/\/lequotidien.mr\/","name":"Le Quotidien de Nouakchott","description":"\u0625\u062e\u0628\u0627\u0631\u064a\u0629 \u0645\u0633\u062a\u0642\u0644\u0629 \u0644\u0644\u0623\u0646\u0628\u0627\u0621 \u0627\u0644\u0639\u0627\u0645\u0629","publisher":{"@id":"https:\/\/lequotidien.mr\/#organization"},"potentialAction":[{"@type":"SearchAction","target":{"@type":"EntryPoint","urlTemplate":"https:\/\/lequotidien.mr\/?s={search_term_string}"},"query-input":{"@type":"PropertyValueSpecification","valueRequired":true,"valueName":"search_term_string"}}],"inLanguage":"ar"},{"@type":"Organization","@id":"https:\/\/lequotidien.mr\/#organization","name":"Le Quotidien de Nouakchott","url":"https:\/\/lequotidien.mr\/","logo":{"@type":"ImageObject","inLanguage":"ar","@id":"https:\/\/lequotidien.mr\/#\/schema\/logo\/image\/","url":"https:\/\/lequotidien.mr\/wp-content\/uploads\/2022\/11\/logolequotidien.jpg","contentUrl":"https:\/\/lequotidien.mr\/wp-content\/uploads\/2022\/11\/logolequotidien.jpg","width":290,"height":65,"caption":"Le Quotidien de Nouakchott"},"image":{"@id":"https:\/\/lequotidien.mr\/#\/schema\/logo\/image\/"},"sameAs":["https:\/\/web.facebook.com\/lequotidienmr","https:\/\/x.com\/lequotidienmr"]},{"@type":"Person","@id":"https:\/\/lequotidien.mr\/#\/schema\/person\/d2d350202a4d599685ed8abc25f97596","name":"Med Ahmed","image":{"@type":"ImageObject","inLanguage":"ar","@id":"https:\/\/secure.gravatar.com\/avatar\/fd2acc62ed50732923d1d39c17172c9b04149f142be92310ecc69e1358f94b52?s=96&d=mm&r=g","url":"https:\/\/secure.gravatar.com\/avatar\/fd2acc62ed50732923d1d39c17172c9b04149f142be92310ecc69e1358f94b52?s=96&d=mm&r=g","contentUrl":"https:\/\/secure.gravatar.com\/avatar\/fd2acc62ed50732923d1d39c17172c9b04149f142be92310ecc69e1358f94b52?s=96&d=mm&r=g","caption":"Med Ahmed"},"url":"https:\/\/lequotidien.mr\/?author=12"}]}},"_links":{"self":[{"href":"https:\/\/lequotidien.mr\/index.php?rest_route=\/wp\/v2\/posts\/22859","targetHints":{"allow":["GET"]}}],"collection":[{"href":"https:\/\/lequotidien.mr\/index.php?rest_route=\/wp\/v2\/posts"}],"about":[{"href":"https:\/\/lequotidien.mr\/index.php?rest_route=\/wp\/v2\/types\/post"}],"author":[{"embeddable":true,"href":"https:\/\/lequotidien.mr\/index.php?rest_route=\/wp\/v2\/users\/12"}],"replies":[{"embeddable":true,"href":"https:\/\/lequotidien.mr\/index.php?rest_route=%2Fwp%2Fv2%2Fcomments&post=22859"}],"version-history":[{"count":1,"href":"https:\/\/lequotidien.mr\/index.php?rest_route=\/wp\/v2\/posts\/22859\/revisions"}],"predecessor-version":[{"id":22861,"href":"https:\/\/lequotidien.mr\/index.php?rest_route=\/wp\/v2\/posts\/22859\/revisions\/22861"}],"wp:featuredmedia":[{"embeddable":true,"href":"https:\/\/lequotidien.mr\/index.php?rest_route=\/wp\/v2\/media\/22860"}],"wp:attachment":[{"href":"https:\/\/lequotidien.mr\/index.php?rest_route=%2Fwp%2Fv2%2Fmedia&parent=22859"}],"wp:term":[{"taxonomy":"category","embeddable":true,"href":"https:\/\/lequotidien.mr\/index.php?rest_route=%2Fwp%2Fv2%2Fcategories&post=22859"},{"taxonomy":"post_tag","embeddable":true,"href":"https:\/\/lequotidien.mr\/index.php?rest_route=%2Fwp%2Fv2%2Ftags&post=22859"}],"curies":[{"name":"wp","href":"https:\/\/api.w.org\/{rel}","templated":true}]}}