{"id":22855,"date":"2024-11-18T09:31:59","date_gmt":"2024-11-18T09:31:59","guid":{"rendered":"https:\/\/lequotidien.mr\/?p=22855"},"modified":"2024-11-18T09:34:26","modified_gmt":"2024-11-18T09:34:26","slug":"le-ministre-de-la-culture-cloture-une-visite-preparatoire-a-chinguetti-pour-la-13%e1%b5%89-edition-du-festival-des-villes-du-patrimoine","status":"publish","type":"post","link":"https:\/\/lequotidien.mr\/?p=22855&lang=fr","title":{"rendered":"Le Ministre de la Culture cl\u00f4ture une visite pr\u00e9paratoire \u00e0 Chinguetti pour la 13\u1d49 \u00e9dition du Festival des Villes du Patrimoine"},"content":{"rendered":"<p>Dimanche soir, le Ministre de la Culture, de la Communication, des Arts et des Relations avec le Parlement, Porte-parole du Gouvernement, M. El Houssein Ould Medou, a cl\u00f4tur\u00e9 une visite de deux jours dans la ville historique de Chinguetti. Cette visite avait pour objectif d&#8217;\u00e9valuer les pr\u00e9paratifs de la 13\u1d49 \u00e9dition du Festival des Villes du Patrimoine, un \u00e9v\u00e9nement majeur qui c\u00e9l\u00e8bre la richesse culturelle et patrimoniale de la Mauritanie.<\/p>\n<p>Accompagn\u00e9 d&#8217;une importante d\u00e9l\u00e9gation, le ministre a visit\u00e9 plusieurs sites cl\u00e9s, notamment :<\/p>\n<p>Le si\u00e8ge de la radio nationale \u00e0 Chinguetti, qui jouera un r\u00f4le central dans la couverture m\u00e9diatique\u00a0; la r\u00e9sidence des diplomates, destin\u00e9e \u00e0 accueillir des invit\u00e9s internationaux\u00a0; le camp d\u00e9di\u00e9 aux spectacles traditionnels et aux conf\u00e9rences scientifiques; l\u2019hippodrome et le site de tir traditionnel , qui t\u00e9moignent des traditions locales.<\/p>\n<p>\u00c0 chaque \u00e9tape, des explications d\u00e9taill\u00e9es ont \u00e9t\u00e9 fournies sur les travaux en cours, les m\u00e9canismes de mise en \u0153uvre et les r\u00f4les sp\u00e9cifiques de ces infrastructures dans le cadre du festival.<\/p>\n<p>Dans une d\u00e9claration \u00e0 l&#8217;Agence Mauritanienne d&#8217;Information (AMI), M. Medou El Houssein a r\u00e9affirm\u00e9 l&#8217;engagement des diff\u00e9rents secteurs gouvernementaux \u00e0 faire du festival une opportunit\u00e9 de d\u00e9veloppement pour les habitants de Chinguetti. Il a exprim\u00e9 son honneur de rencontrer la population locale et de s&#8217;assurer que leurs aspirations soient prises en compte, conform\u00e9ment aux instructions de Son Excellence le Pr\u00e9sident de la R\u00e9publique, M. Mohamed Cheikh El Ghazouani.<\/p>\n<p>Le ministre a rappel\u00e9 que le volet d\u00e9veloppement du festival, lanc\u00e9 il y a trois ans avec une enveloppe de trois milliards d&#8217;ouguiyas, vise \u00e0 renforcer les services de base et \u00e0 am\u00e9liorer les conditions de vie dans les anciennes villes. Une somme suppl\u00e9mentaire de 3,8 milliards d&#8217;ouguiyas a \u00e9t\u00e9 allou\u00e9e cette ann\u00e9e pour :<\/p>\n<ul>\n<li><strong>Renforcer les infrastructures locales<\/strong> , notamment l&#8217;\u00e9ducation et la sant\u00e9\u00a0;<\/li>\n<li><strong>Lancer le projet de route Atar\u2013Chinguetti<\/strong> , r\u00e9pondant directement aux besoins des habitants\u00a0;<\/li>\n<li><strong>D\u00e9senclaver plusieurs localit\u00e9s et stabiliser les zones sablonneuses\u00a0<\/strong>;<\/li>\n<li><strong>Encourager l&#8217;emploi des jeunes<\/strong> via le financement de projets g\u00e9n\u00e9rateurs de revenus.<\/li>\n<\/ul>\n<p>&nbsp;<\/p>\n<p>M. Medou a soulign\u00e9 que cette \u00e9dition du festival sera sp\u00e9ciale, gr\u00e2ce aux am\u00e9liorations apport\u00e9es \u00e0 ses volets scientifiques, artistiques et de d\u00e9veloppement. Il a exhort\u00e9 tous les intervenants \u00e0 respecter les d\u00e9lais et les normes de qualit\u00e9 dans la mise en \u0153uvre des travaux, afin de garantir le succ\u00e8s de l&#8217;\u00e9v\u00e9nement.<\/p>\n<p>Le Festival des Villes du Patrimoine repr\u00e9sente un moment unique pour mettre en lumi\u00e8re la richesse historique de Chinguetti, tout en catalysant des initiatives de d\u00e9veloppement durable. Pr\u00e9vue dans les semaines \u00e0 venir, cette 13\u1d49 \u00e9dition devrait attirer un public local et international, faisant de Chinguetti un v\u00e9ritable carrefour culturel et \u00e9conomique.<\/p>\n<p>Avec des efforts soutenus, le festival promet d&#8217;\u00eatre un \u00e9v\u00e9nement marquant, renfor\u00e7ant l&#8217;image de Chinguetti comme un pilier du patrimoine national et un moteur de d\u00e9veloppement pour ses habitants.<\/p>\n","protected":false},"excerpt":{"rendered":"<p>Dimanche soir, le Ministre de la Culture, de la Communication, des Arts et des Relations avec le Parlement, Porte-parole du Gouvernement, M. El Houssein Ould Medou, a cl\u00f4tur\u00e9 une visite de deux jours dans la ville historique de Chinguetti. Cette visite avait pour objectif d&#8217;\u00e9valuer les pr\u00e9paratifs de la 13\u1d49 \u00e9dition du Festival des Villes&#8230;..<\/p>\n","protected":false},"author":12,"featured_media":22856,"comment_status":"open","ping_status":"open","sticky":false,"template":"","format":"standard","meta":{"footnotes":""},"categories":[23,55],"tags":[],"class_list":["post-22855","post","type-post","status-publish","format-standard","has-post-thumbnail","hentry","category-actualite","category-culture"],"yoast_head":"<!-- This site is optimized with the Yoast SEO plugin v27.5 - https:\/\/yoast.com\/product\/yoast-seo-wordpress\/ -->\n<title>Le Ministre de la Culture cl\u00f4ture une visite pr\u00e9paratoire \u00e0 Chinguetti pour la 13\u1d49 \u00e9dition du Festival des Villes du Patrimoine - Le Quotidien de Nouakchott<\/title>\n<meta name=\"robots\" content=\"index, follow, max-snippet:-1, max-image-preview:large, max-video-preview:-1\" \/>\n<link rel=\"canonical\" href=\"https:\/\/lequotidien.mr\/?p=22855&lang=fr\" \/>\n<meta property=\"og:locale\" content=\"ar_AR\" \/>\n<meta property=\"og:type\" content=\"article\" \/>\n<meta property=\"og:title\" content=\"Le Ministre de la Culture cl\u00f4ture une visite pr\u00e9paratoire \u00e0 Chinguetti pour la 13\u1d49 \u00e9dition du Festival des Villes du Patrimoine - Le Quotidien de Nouakchott\" \/>\n<meta property=\"og:description\" content=\"Dimanche soir, le Ministre de la Culture, de la Communication, des Arts et des Relations avec le Parlement, Porte-parole du Gouvernement, M. El Houssein Ould Medou, a cl\u00f4tur\u00e9 une visite de deux jours dans la ville historique de Chinguetti. Cette visite avait pour objectif d&#8217;\u00e9valuer les pr\u00e9paratifs de la 13\u1d49 \u00e9dition du Festival des Villes.....\" \/>\n<meta property=\"og:url\" content=\"https:\/\/lequotidien.mr\/?p=22855&amp;lang=fr\" \/>\n<meta property=\"og:site_name\" content=\"Le Quotidien de Nouakchott\" \/>\n<meta property=\"article:publisher\" content=\"https:\/\/web.facebook.com\/lequotidienmr\" \/>\n<meta property=\"article:published_time\" content=\"2024-11-18T09:31:59+00:00\" \/>\n<meta property=\"article:modified_time\" content=\"2024-11-18T09:34:26+00:00\" \/>\n<meta property=\"og:image\" content=\"https:\/\/lequotidien.mr\/wp-content\/uploads\/2024\/11\/photo-festival-villes-patrimoine-2024.jpg\" \/>\n\t<meta property=\"og:image:width\" content=\"571\" \/>\n\t<meta property=\"og:image:height\" content=\"379\" \/>\n\t<meta property=\"og:image:type\" content=\"image\/jpeg\" \/>\n<meta name=\"author\" content=\"Med Ahmed\" \/>\n<meta name=\"twitter:card\" content=\"summary_large_image\" \/>\n<meta name=\"twitter:creator\" content=\"@lequotidienmr\" \/>\n<meta name=\"twitter:site\" content=\"@lequotidienmr\" \/>\n<meta name=\"twitter:label1\" content=\"\u0643\u064f\u062a\u0628 \u0628\u0648\u0627\u0633\u0637\u0629\" \/>\n\t<meta name=\"twitter:data1\" content=\"Med Ahmed\" \/>\n\t<meta name=\"twitter:label2\" content=\"\u0648\u0642\u062a \u0627\u0644\u0642\u0631\u0627\u0621\u0629 \u0627\u0644\u0645\u064f\u0642\u062f\u0651\u0631\" \/>\n\t<meta name=\"twitter:data2\" content=\"3 \u062f\u0642\u0627\u0626\u0642\" \/>\n<script type=\"application\/ld+json\" class=\"yoast-schema-graph\">{\"@context\":\"https:\\\/\\\/schema.org\",\"@graph\":[{\"@type\":\"Article\",\"@id\":\"https:\\\/\\\/lequotidien.mr\\\/?p=22855&lang=fr#article\",\"isPartOf\":{\"@id\":\"https:\\\/\\\/lequotidien.mr\\\/?p=22855&lang=fr\"},\"author\":{\"name\":\"Med Ahmed\",\"@id\":\"https:\\\/\\\/lequotidien.mr\\\/#\\\/schema\\\/person\\\/d2d350202a4d599685ed8abc25f97596\"},\"headline\":\"Le Ministre de la Culture cl\u00f4ture une visite pr\u00e9paratoire \u00e0 Chinguetti pour la 13\u1d49 \u00e9dition du Festival des Villes du Patrimoine\",\"datePublished\":\"2024-11-18T09:31:59+00:00\",\"dateModified\":\"2024-11-18T09:34:26+00:00\",\"mainEntityOfPage\":{\"@id\":\"https:\\\/\\\/lequotidien.mr\\\/?p=22855&lang=fr\"},\"wordCount\":538,\"commentCount\":0,\"publisher\":{\"@id\":\"https:\\\/\\\/lequotidien.mr\\\/#organization\"},\"image\":{\"@id\":\"https:\\\/\\\/lequotidien.mr\\\/?p=22855&lang=fr#primaryimage\"},\"thumbnailUrl\":\"https:\\\/\\\/lequotidien.mr\\\/wp-content\\\/uploads\\\/2024\\\/11\\\/photo-festival-villes-patrimoine-2024.jpg\",\"articleSection\":[\"ACTUALIT\u00c9\",\"Culture\"],\"inLanguage\":\"ar\",\"potentialAction\":[{\"@type\":\"CommentAction\",\"name\":\"Comment\",\"target\":[\"https:\\\/\\\/lequotidien.mr\\\/?p=22855&lang=fr#respond\"]}]},{\"@type\":\"WebPage\",\"@id\":\"https:\\\/\\\/lequotidien.mr\\\/?p=22855&lang=fr\",\"url\":\"https:\\\/\\\/lequotidien.mr\\\/?p=22855&lang=fr\",\"name\":\"Le Ministre de la Culture cl\u00f4ture une visite pr\u00e9paratoire \u00e0 Chinguetti pour la 13\u1d49 \u00e9dition du Festival des Villes du Patrimoine - Le Quotidien de Nouakchott\",\"isPartOf\":{\"@id\":\"https:\\\/\\\/lequotidien.mr\\\/#website\"},\"primaryImageOfPage\":{\"@id\":\"https:\\\/\\\/lequotidien.mr\\\/?p=22855&lang=fr#primaryimage\"},\"image\":{\"@id\":\"https:\\\/\\\/lequotidien.mr\\\/?p=22855&lang=fr#primaryimage\"},\"thumbnailUrl\":\"https:\\\/\\\/lequotidien.mr\\\/wp-content\\\/uploads\\\/2024\\\/11\\\/photo-festival-villes-patrimoine-2024.jpg\",\"datePublished\":\"2024-11-18T09:31:59+00:00\",\"dateModified\":\"2024-11-18T09:34:26+00:00\",\"breadcrumb\":{\"@id\":\"https:\\\/\\\/lequotidien.mr\\\/?p=22855&lang=fr#breadcrumb\"},\"inLanguage\":\"ar\",\"potentialAction\":[{\"@type\":\"ReadAction\",\"target\":[\"https:\\\/\\\/lequotidien.mr\\\/?p=22855&lang=fr\"]}]},{\"@type\":\"ImageObject\",\"inLanguage\":\"ar\",\"@id\":\"https:\\\/\\\/lequotidien.mr\\\/?p=22855&lang=fr#primaryimage\",\"url\":\"https:\\\/\\\/lequotidien.mr\\\/wp-content\\\/uploads\\\/2024\\\/11\\\/photo-festival-villes-patrimoine-2024.jpg\",\"contentUrl\":\"https:\\\/\\\/lequotidien.mr\\\/wp-content\\\/uploads\\\/2024\\\/11\\\/photo-festival-villes-patrimoine-2024.jpg\",\"width\":571,\"height\":379},{\"@type\":\"BreadcrumbList\",\"@id\":\"https:\\\/\\\/lequotidien.mr\\\/?p=22855&lang=fr#breadcrumb\",\"itemListElement\":[{\"@type\":\"ListItem\",\"position\":1,\"name\":\"Home\",\"item\":\"https:\\\/\\\/lequotidien.mr\\\/\"},{\"@type\":\"ListItem\",\"position\":2,\"name\":\"Le Ministre de la Culture cl\u00f4ture une visite pr\u00e9paratoire \u00e0 Chinguetti pour la 13\u1d49 \u00e9dition du Festival des Villes du Patrimoine\"}]},{\"@type\":\"WebSite\",\"@id\":\"https:\\\/\\\/lequotidien.mr\\\/#website\",\"url\":\"https:\\\/\\\/lequotidien.mr\\\/\",\"name\":\"Le Quotidien de Nouakchott\",\"description\":\"\u0625\u062e\u0628\u0627\u0631\u064a\u0629 \u0645\u0633\u062a\u0642\u0644\u0629 \u0644\u0644\u0623\u0646\u0628\u0627\u0621 \u0627\u0644\u0639\u0627\u0645\u0629\",\"publisher\":{\"@id\":\"https:\\\/\\\/lequotidien.mr\\\/#organization\"},\"potentialAction\":[{\"@type\":\"SearchAction\",\"target\":{\"@type\":\"EntryPoint\",\"urlTemplate\":\"https:\\\/\\\/lequotidien.mr\\\/?s={search_term_string}\"},\"query-input\":{\"@type\":\"PropertyValueSpecification\",\"valueRequired\":true,\"valueName\":\"search_term_string\"}}],\"inLanguage\":\"ar\"},{\"@type\":\"Organization\",\"@id\":\"https:\\\/\\\/lequotidien.mr\\\/#organization\",\"name\":\"Le Quotidien de Nouakchott\",\"url\":\"https:\\\/\\\/lequotidien.mr\\\/\",\"logo\":{\"@type\":\"ImageObject\",\"inLanguage\":\"ar\",\"@id\":\"https:\\\/\\\/lequotidien.mr\\\/#\\\/schema\\\/logo\\\/image\\\/\",\"url\":\"https:\\\/\\\/lequotidien.mr\\\/wp-content\\\/uploads\\\/2022\\\/11\\\/logolequotidien.jpg\",\"contentUrl\":\"https:\\\/\\\/lequotidien.mr\\\/wp-content\\\/uploads\\\/2022\\\/11\\\/logolequotidien.jpg\",\"width\":290,\"height\":65,\"caption\":\"Le Quotidien de Nouakchott\"},\"image\":{\"@id\":\"https:\\\/\\\/lequotidien.mr\\\/#\\\/schema\\\/logo\\\/image\\\/\"},\"sameAs\":[\"https:\\\/\\\/web.facebook.com\\\/lequotidienmr\",\"https:\\\/\\\/x.com\\\/lequotidienmr\"]},{\"@type\":\"Person\",\"@id\":\"https:\\\/\\\/lequotidien.mr\\\/#\\\/schema\\\/person\\\/d2d350202a4d599685ed8abc25f97596\",\"name\":\"Med Ahmed\",\"image\":{\"@type\":\"ImageObject\",\"inLanguage\":\"ar\",\"@id\":\"https:\\\/\\\/secure.gravatar.com\\\/avatar\\\/fd2acc62ed50732923d1d39c17172c9b04149f142be92310ecc69e1358f94b52?s=96&d=mm&r=g\",\"url\":\"https:\\\/\\\/secure.gravatar.com\\\/avatar\\\/fd2acc62ed50732923d1d39c17172c9b04149f142be92310ecc69e1358f94b52?s=96&d=mm&r=g\",\"contentUrl\":\"https:\\\/\\\/secure.gravatar.com\\\/avatar\\\/fd2acc62ed50732923d1d39c17172c9b04149f142be92310ecc69e1358f94b52?s=96&d=mm&r=g\",\"caption\":\"Med Ahmed\"},\"url\":\"https:\\\/\\\/lequotidien.mr\\\/?author=12\"}]}<\/script>\n<!-- \/ Yoast SEO plugin. -->","yoast_head_json":{"title":"Le Ministre de la Culture cl\u00f4ture une visite pr\u00e9paratoire \u00e0 Chinguetti pour la 13\u1d49 \u00e9dition du Festival des Villes du Patrimoine - Le Quotidien de Nouakchott","robots":{"index":"index","follow":"follow","max-snippet":"max-snippet:-1","max-image-preview":"max-image-preview:large","max-video-preview":"max-video-preview:-1"},"canonical":"https:\/\/lequotidien.mr\/?p=22855&lang=fr","og_locale":"ar_AR","og_type":"article","og_title":"Le Ministre de la Culture cl\u00f4ture une visite pr\u00e9paratoire \u00e0 Chinguetti pour la 13\u1d49 \u00e9dition du Festival des Villes du Patrimoine - Le Quotidien de Nouakchott","og_description":"Dimanche soir, le Ministre de la Culture, de la Communication, des Arts et des Relations avec le Parlement, Porte-parole du Gouvernement, M. El Houssein Ould Medou, a cl\u00f4tur\u00e9 une visite de deux jours dans la ville historique de Chinguetti. Cette visite avait pour objectif d&#8217;\u00e9valuer les pr\u00e9paratifs de la 13\u1d49 \u00e9dition du Festival des Villes.....","og_url":"https:\/\/lequotidien.mr\/?p=22855&lang=fr","og_site_name":"Le Quotidien de Nouakchott","article_publisher":"https:\/\/web.facebook.com\/lequotidienmr","article_published_time":"2024-11-18T09:31:59+00:00","article_modified_time":"2024-11-18T09:34:26+00:00","og_image":[{"width":571,"height":379,"url":"https:\/\/lequotidien.mr\/wp-content\/uploads\/2024\/11\/photo-festival-villes-patrimoine-2024.jpg","type":"image\/jpeg"}],"author":"Med Ahmed","twitter_card":"summary_large_image","twitter_creator":"@lequotidienmr","twitter_site":"@lequotidienmr","twitter_misc":{"\u0643\u064f\u062a\u0628 \u0628\u0648\u0627\u0633\u0637\u0629":"Med Ahmed","\u0648\u0642\u062a \u0627\u0644\u0642\u0631\u0627\u0621\u0629 \u0627\u0644\u0645\u064f\u0642\u062f\u0651\u0631":"3 \u062f\u0642\u0627\u0626\u0642"},"schema":{"@context":"https:\/\/schema.org","@graph":[{"@type":"Article","@id":"https:\/\/lequotidien.mr\/?p=22855&lang=fr#article","isPartOf":{"@id":"https:\/\/lequotidien.mr\/?p=22855&lang=fr"},"author":{"name":"Med Ahmed","@id":"https:\/\/lequotidien.mr\/#\/schema\/person\/d2d350202a4d599685ed8abc25f97596"},"headline":"Le Ministre de la Culture cl\u00f4ture une visite pr\u00e9paratoire \u00e0 Chinguetti pour la 13\u1d49 \u00e9dition du Festival des Villes du Patrimoine","datePublished":"2024-11-18T09:31:59+00:00","dateModified":"2024-11-18T09:34:26+00:00","mainEntityOfPage":{"@id":"https:\/\/lequotidien.mr\/?p=22855&lang=fr"},"wordCount":538,"commentCount":0,"publisher":{"@id":"https:\/\/lequotidien.mr\/#organization"},"image":{"@id":"https:\/\/lequotidien.mr\/?p=22855&lang=fr#primaryimage"},"thumbnailUrl":"https:\/\/lequotidien.mr\/wp-content\/uploads\/2024\/11\/photo-festival-villes-patrimoine-2024.jpg","articleSection":["ACTUALIT\u00c9","Culture"],"inLanguage":"ar","potentialAction":[{"@type":"CommentAction","name":"Comment","target":["https:\/\/lequotidien.mr\/?p=22855&lang=fr#respond"]}]},{"@type":"WebPage","@id":"https:\/\/lequotidien.mr\/?p=22855&lang=fr","url":"https:\/\/lequotidien.mr\/?p=22855&lang=fr","name":"Le Ministre de la Culture cl\u00f4ture une visite pr\u00e9paratoire \u00e0 Chinguetti pour la 13\u1d49 \u00e9dition du Festival des Villes du Patrimoine - Le Quotidien de Nouakchott","isPartOf":{"@id":"https:\/\/lequotidien.mr\/#website"},"primaryImageOfPage":{"@id":"https:\/\/lequotidien.mr\/?p=22855&lang=fr#primaryimage"},"image":{"@id":"https:\/\/lequotidien.mr\/?p=22855&lang=fr#primaryimage"},"thumbnailUrl":"https:\/\/lequotidien.mr\/wp-content\/uploads\/2024\/11\/photo-festival-villes-patrimoine-2024.jpg","datePublished":"2024-11-18T09:31:59+00:00","dateModified":"2024-11-18T09:34:26+00:00","breadcrumb":{"@id":"https:\/\/lequotidien.mr\/?p=22855&lang=fr#breadcrumb"},"inLanguage":"ar","potentialAction":[{"@type":"ReadAction","target":["https:\/\/lequotidien.mr\/?p=22855&lang=fr"]}]},{"@type":"ImageObject","inLanguage":"ar","@id":"https:\/\/lequotidien.mr\/?p=22855&lang=fr#primaryimage","url":"https:\/\/lequotidien.mr\/wp-content\/uploads\/2024\/11\/photo-festival-villes-patrimoine-2024.jpg","contentUrl":"https:\/\/lequotidien.mr\/wp-content\/uploads\/2024\/11\/photo-festival-villes-patrimoine-2024.jpg","width":571,"height":379},{"@type":"BreadcrumbList","@id":"https:\/\/lequotidien.mr\/?p=22855&lang=fr#breadcrumb","itemListElement":[{"@type":"ListItem","position":1,"name":"Home","item":"https:\/\/lequotidien.mr\/"},{"@type":"ListItem","position":2,"name":"Le Ministre de la Culture cl\u00f4ture une visite pr\u00e9paratoire \u00e0 Chinguetti pour la 13\u1d49 \u00e9dition du Festival des Villes du Patrimoine"}]},{"@type":"WebSite","@id":"https:\/\/lequotidien.mr\/#website","url":"https:\/\/lequotidien.mr\/","name":"Le Quotidien de Nouakchott","description":"\u0625\u062e\u0628\u0627\u0631\u064a\u0629 \u0645\u0633\u062a\u0642\u0644\u0629 \u0644\u0644\u0623\u0646\u0628\u0627\u0621 \u0627\u0644\u0639\u0627\u0645\u0629","publisher":{"@id":"https:\/\/lequotidien.mr\/#organization"},"potentialAction":[{"@type":"SearchAction","target":{"@type":"EntryPoint","urlTemplate":"https:\/\/lequotidien.mr\/?s={search_term_string}"},"query-input":{"@type":"PropertyValueSpecification","valueRequired":true,"valueName":"search_term_string"}}],"inLanguage":"ar"},{"@type":"Organization","@id":"https:\/\/lequotidien.mr\/#organization","name":"Le Quotidien de Nouakchott","url":"https:\/\/lequotidien.mr\/","logo":{"@type":"ImageObject","inLanguage":"ar","@id":"https:\/\/lequotidien.mr\/#\/schema\/logo\/image\/","url":"https:\/\/lequotidien.mr\/wp-content\/uploads\/2022\/11\/logolequotidien.jpg","contentUrl":"https:\/\/lequotidien.mr\/wp-content\/uploads\/2022\/11\/logolequotidien.jpg","width":290,"height":65,"caption":"Le Quotidien de Nouakchott"},"image":{"@id":"https:\/\/lequotidien.mr\/#\/schema\/logo\/image\/"},"sameAs":["https:\/\/web.facebook.com\/lequotidienmr","https:\/\/x.com\/lequotidienmr"]},{"@type":"Person","@id":"https:\/\/lequotidien.mr\/#\/schema\/person\/d2d350202a4d599685ed8abc25f97596","name":"Med Ahmed","image":{"@type":"ImageObject","inLanguage":"ar","@id":"https:\/\/secure.gravatar.com\/avatar\/fd2acc62ed50732923d1d39c17172c9b04149f142be92310ecc69e1358f94b52?s=96&d=mm&r=g","url":"https:\/\/secure.gravatar.com\/avatar\/fd2acc62ed50732923d1d39c17172c9b04149f142be92310ecc69e1358f94b52?s=96&d=mm&r=g","contentUrl":"https:\/\/secure.gravatar.com\/avatar\/fd2acc62ed50732923d1d39c17172c9b04149f142be92310ecc69e1358f94b52?s=96&d=mm&r=g","caption":"Med Ahmed"},"url":"https:\/\/lequotidien.mr\/?author=12"}]}},"_links":{"self":[{"href":"https:\/\/lequotidien.mr\/index.php?rest_route=\/wp\/v2\/posts\/22855","targetHints":{"allow":["GET"]}}],"collection":[{"href":"https:\/\/lequotidien.mr\/index.php?rest_route=\/wp\/v2\/posts"}],"about":[{"href":"https:\/\/lequotidien.mr\/index.php?rest_route=\/wp\/v2\/types\/post"}],"author":[{"embeddable":true,"href":"https:\/\/lequotidien.mr\/index.php?rest_route=\/wp\/v2\/users\/12"}],"replies":[{"embeddable":true,"href":"https:\/\/lequotidien.mr\/index.php?rest_route=%2Fwp%2Fv2%2Fcomments&post=22855"}],"version-history":[{"count":2,"href":"https:\/\/lequotidien.mr\/index.php?rest_route=\/wp\/v2\/posts\/22855\/revisions"}],"predecessor-version":[{"id":22858,"href":"https:\/\/lequotidien.mr\/index.php?rest_route=\/wp\/v2\/posts\/22855\/revisions\/22858"}],"wp:featuredmedia":[{"embeddable":true,"href":"https:\/\/lequotidien.mr\/index.php?rest_route=\/wp\/v2\/media\/22856"}],"wp:attachment":[{"href":"https:\/\/lequotidien.mr\/index.php?rest_route=%2Fwp%2Fv2%2Fmedia&parent=22855"}],"wp:term":[{"taxonomy":"category","embeddable":true,"href":"https:\/\/lequotidien.mr\/index.php?rest_route=%2Fwp%2Fv2%2Fcategories&post=22855"},{"taxonomy":"post_tag","embeddable":true,"href":"https:\/\/lequotidien.mr\/index.php?rest_route=%2Fwp%2Fv2%2Ftags&post=22855"}],"curies":[{"name":"wp","href":"https:\/\/api.w.org\/{rel}","templated":true}]}}