{"id":22781,"date":"2024-11-14T09:50:33","date_gmt":"2024-11-14T09:50:33","guid":{"rendered":"https:\/\/lequotidien.mr\/?p=22781"},"modified":"2024-11-14T09:50:33","modified_gmt":"2024-11-14T09:50:33","slug":"cop29-a-bakou-le-president-de-la-republique-mohamed-cheikh-el-ghazouani-visite-le-pavillon-mauritanien","status":"publish","type":"post","link":"https:\/\/lequotidien.mr\/?p=22781&lang=fr","title":{"rendered":"COP29 \u00e0 Bakou : Le Pr\u00e9sident de la R\u00e9publique, Mohamed Cheikh El Ghazouani visite le pavillon mauritanien"},"content":{"rendered":"<p>Dans le cadre de sa participation au sommet de la Convention-cadre des Nations unies sur les changements climatiques (CCNUCC) COP29, le Pr\u00e9sident de la R\u00e9publique et pr\u00e9sident de l&#8217;Union africaine (UA), Mohamed Cheikh El Ghazouani, a visit\u00e9 mercredi dernier le pavillon mauritanien d\u00e9di\u00e9 \u00e0 l\u2019exposition de la COP29 \u00e0 Bakou.<\/p>\n<p>\u00c0 son arriv\u00e9e, le Pr\u00e9sident a \u00e9t\u00e9 accueilli chaleureusement par le ministre de l&#8217;\u00c9nergie et du P\u00e9trole, Mohamed Khaled, le ministre de l&#8217;Environnement et du D\u00e9veloppement durable, Messaouda Baham Mohamed Laghdaf, ainsi qu&#8217;une \u00e9quipe mauritanienne impliqu\u00e9e dans la COP29. . Cette d\u00e9l\u00e9gation, mobilis\u00e9e pour repr\u00e9senter les projets environnementaux du pays, a pr\u00e9sent\u00e9 les actions entreprises pour renforcer la r\u00e9silience de la Mauritanie face aux changements climatiques, notamment dans le cadre de la transition \u00e9nerg\u00e9tique.<\/p>\n<p>Le Pr\u00e9sident \u00e9tait accompagn\u00e9 de la Premi\u00e8re Dame, Dr Mariem Mohamed Vadel Dah, du ministre charg\u00e9 du Cabinet de la Pr\u00e9sidence, M. Nani Chrougha, ainsi que de l&#8217;Ambassadeur de Mauritanie \u00e0 Bakou, M. Cheikh Sidi Ahmed El Bekaye Hamadi, une pr\u00e9sence qui illustre l&#8217;importance que le pays accorde \u00e0 son implication dans les efforts mondiaux pour le climat.<\/p>\n<p>Au cours de la 29\u00e8me session de la Conf\u00e9rence des Parties de la CCNUCC, le Pr\u00e9sident El Ghazouani avait pris la parole pour exposer la situation climatique en Mauritanie, un pays particuli\u00e8rement vuln\u00e9rable aux ph\u00e9nom\u00e8nes de d\u00e9sertification, de stress hydrique et aux bouleversements environnementaux. Dans son discours, il a lanc\u00e9 un appel \u00e0 la solidarit\u00e9 internationale, insistant sur la n\u00e9cessit\u00e9 d&#8217;un soutien renforc\u00e9 aux pays africains qui subissent les cons\u00e9quences du r\u00e9chauffement climatique sans en \u00eatre les principaux contributeurs.<\/p>\n<p>Le pavillon mauritanien \u00e0 la COP29, con\u00e7u pour mettre en avant les innovations et les solutions locales en mati\u00e8re de durabilit\u00e9, refl\u00e8te l&#8217;engagement du pays en faveur des Objectifs de D\u00e9veloppement Durable (ODD). L&#8217;exposition a permis de mettre en lumi\u00e8re des projets phares, notamment dans les domaines de l&#8217;\u00e9nergie renouvelable et de la gestion durable des ressources naturelles, qui jouent un r\u00f4le central dans la strat\u00e9gie climatique de la Mauritanie.<\/p>\n<p>La visite du pavillon mauritanien \u00e0 la COP29 s&#8217;inscrit dans la volont\u00e9 de promouvoir les solutions climatiques innovantes que la Mauritanie met en place, en accord avec les objectifs de d\u00e9veloppement durable des Nations Unies et ceux de l&#8217;Union africaine pour une Afrique verte et r\u00e9siliente. Cette pr\u00e9sence et ce dialogue sur la sc\u00e8ne internationale renforcent la position de la Mauritanie en tant qu&#8217;acteur actif et engag\u00e9 dans la lutte contre le changement climatique.<\/p>\n","protected":false},"excerpt":{"rendered":"<p>Dans le cadre de sa participation au sommet de la Convention-cadre des Nations unies sur les changements climatiques (CCNUCC) COP29, le Pr\u00e9sident de la R\u00e9publique et pr\u00e9sident de l&#8217;Union africaine (UA), Mohamed Cheikh El Ghazouani, a visit\u00e9 mercredi dernier le pavillon mauritanien d\u00e9di\u00e9 \u00e0 l\u2019exposition de la COP29 \u00e0 Bakou. \u00c0 son arriv\u00e9e, le Pr\u00e9sident&#8230;..<\/p>\n","protected":false},"author":12,"featured_media":22782,"comment_status":"open","ping_status":"open","sticky":false,"template":"","format":"standard","meta":{"footnotes":""},"categories":[23,49],"tags":[],"class_list":["post-22781","post","type-post","status-publish","format-standard","has-post-thumbnail","hentry","category-actualite","category-economie"],"yoast_head":"<!-- This site is optimized with the Yoast SEO plugin v27.5 - https:\/\/yoast.com\/product\/yoast-seo-wordpress\/ -->\n<title>COP29 \u00e0 Bakou : Le Pr\u00e9sident de la R\u00e9publique, Mohamed Cheikh El Ghazouani visite le pavillon mauritanien - Le Quotidien de Nouakchott<\/title>\n<meta name=\"robots\" content=\"index, follow, max-snippet:-1, max-image-preview:large, max-video-preview:-1\" \/>\n<link rel=\"canonical\" href=\"https:\/\/lequotidien.mr\/?p=22781&lang=fr\" \/>\n<meta property=\"og:locale\" content=\"ar_AR\" \/>\n<meta property=\"og:type\" content=\"article\" \/>\n<meta property=\"og:title\" content=\"COP29 \u00e0 Bakou : Le Pr\u00e9sident de la R\u00e9publique, Mohamed Cheikh El Ghazouani visite le pavillon mauritanien - Le Quotidien de Nouakchott\" \/>\n<meta property=\"og:description\" content=\"Dans le cadre de sa participation au sommet de la Convention-cadre des Nations unies sur les changements climatiques (CCNUCC) COP29, le Pr\u00e9sident de la R\u00e9publique et pr\u00e9sident de l&#8217;Union africaine (UA), Mohamed Cheikh El Ghazouani, a visit\u00e9 mercredi dernier le pavillon mauritanien d\u00e9di\u00e9 \u00e0 l\u2019exposition de la COP29 \u00e0 Bakou. \u00c0 son arriv\u00e9e, le Pr\u00e9sident.....\" \/>\n<meta property=\"og:url\" content=\"https:\/\/lequotidien.mr\/?p=22781&amp;lang=fr\" \/>\n<meta property=\"og:site_name\" content=\"Le Quotidien de Nouakchott\" \/>\n<meta property=\"article:publisher\" content=\"https:\/\/web.facebook.com\/lequotidienmr\" \/>\n<meta property=\"article:published_time\" content=\"2024-11-14T09:50:33+00:00\" \/>\n<meta property=\"og:image\" content=\"https:\/\/lequotidien.mr\/wp-content\/uploads\/2024\/11\/photo-pavillon-Cop29.jpg\" \/>\n\t<meta property=\"og:image:width\" content=\"567\" \/>\n\t<meta property=\"og:image:height\" content=\"430\" \/>\n\t<meta property=\"og:image:type\" content=\"image\/jpeg\" \/>\n<meta name=\"author\" content=\"Med Ahmed\" \/>\n<meta name=\"twitter:card\" content=\"summary_large_image\" \/>\n<meta name=\"twitter:creator\" content=\"@lequotidienmr\" \/>\n<meta name=\"twitter:site\" content=\"@lequotidienmr\" \/>\n<meta name=\"twitter:label1\" content=\"\u0643\u064f\u062a\u0628 \u0628\u0648\u0627\u0633\u0637\u0629\" \/>\n\t<meta name=\"twitter:data1\" content=\"Med Ahmed\" \/>\n\t<meta name=\"twitter:label2\" content=\"\u0648\u0642\u062a \u0627\u0644\u0642\u0631\u0627\u0621\u0629 \u0627\u0644\u0645\u064f\u0642\u062f\u0651\u0631\" \/>\n\t<meta name=\"twitter:data2\" content=\"\u062f\u0642\u064a\u0642\u062a\u0627\u0646\" \/>\n<script type=\"application\/ld+json\" class=\"yoast-schema-graph\">{\"@context\":\"https:\\\/\\\/schema.org\",\"@graph\":[{\"@type\":\"Article\",\"@id\":\"https:\\\/\\\/lequotidien.mr\\\/?p=22781&lang=fr#article\",\"isPartOf\":{\"@id\":\"https:\\\/\\\/lequotidien.mr\\\/?p=22781&lang=fr\"},\"author\":{\"name\":\"Med Ahmed\",\"@id\":\"https:\\\/\\\/lequotidien.mr\\\/#\\\/schema\\\/person\\\/d2d350202a4d599685ed8abc25f97596\"},\"headline\":\"COP29 \u00e0 Bakou : Le Pr\u00e9sident de la R\u00e9publique, Mohamed Cheikh El Ghazouani visite le pavillon mauritanien\",\"datePublished\":\"2024-11-14T09:50:33+00:00\",\"mainEntityOfPage\":{\"@id\":\"https:\\\/\\\/lequotidien.mr\\\/?p=22781&lang=fr\"},\"wordCount\":468,\"commentCount\":0,\"publisher\":{\"@id\":\"https:\\\/\\\/lequotidien.mr\\\/#organization\"},\"image\":{\"@id\":\"https:\\\/\\\/lequotidien.mr\\\/?p=22781&lang=fr#primaryimage\"},\"thumbnailUrl\":\"https:\\\/\\\/lequotidien.mr\\\/wp-content\\\/uploads\\\/2024\\\/11\\\/photo-pavillon-Cop29.jpg\",\"articleSection\":[\"ACTUALIT\u00c9\",\"Economie\"],\"inLanguage\":\"ar\",\"potentialAction\":[{\"@type\":\"CommentAction\",\"name\":\"Comment\",\"target\":[\"https:\\\/\\\/lequotidien.mr\\\/?p=22781&lang=fr#respond\"]}]},{\"@type\":\"WebPage\",\"@id\":\"https:\\\/\\\/lequotidien.mr\\\/?p=22781&lang=fr\",\"url\":\"https:\\\/\\\/lequotidien.mr\\\/?p=22781&lang=fr\",\"name\":\"COP29 \u00e0 Bakou : Le Pr\u00e9sident de la R\u00e9publique, Mohamed Cheikh El Ghazouani visite le pavillon mauritanien - Le Quotidien de Nouakchott\",\"isPartOf\":{\"@id\":\"https:\\\/\\\/lequotidien.mr\\\/#website\"},\"primaryImageOfPage\":{\"@id\":\"https:\\\/\\\/lequotidien.mr\\\/?p=22781&lang=fr#primaryimage\"},\"image\":{\"@id\":\"https:\\\/\\\/lequotidien.mr\\\/?p=22781&lang=fr#primaryimage\"},\"thumbnailUrl\":\"https:\\\/\\\/lequotidien.mr\\\/wp-content\\\/uploads\\\/2024\\\/11\\\/photo-pavillon-Cop29.jpg\",\"datePublished\":\"2024-11-14T09:50:33+00:00\",\"breadcrumb\":{\"@id\":\"https:\\\/\\\/lequotidien.mr\\\/?p=22781&lang=fr#breadcrumb\"},\"inLanguage\":\"ar\",\"potentialAction\":[{\"@type\":\"ReadAction\",\"target\":[\"https:\\\/\\\/lequotidien.mr\\\/?p=22781&lang=fr\"]}]},{\"@type\":\"ImageObject\",\"inLanguage\":\"ar\",\"@id\":\"https:\\\/\\\/lequotidien.mr\\\/?p=22781&lang=fr#primaryimage\",\"url\":\"https:\\\/\\\/lequotidien.mr\\\/wp-content\\\/uploads\\\/2024\\\/11\\\/photo-pavillon-Cop29.jpg\",\"contentUrl\":\"https:\\\/\\\/lequotidien.mr\\\/wp-content\\\/uploads\\\/2024\\\/11\\\/photo-pavillon-Cop29.jpg\",\"width\":567,\"height\":430},{\"@type\":\"BreadcrumbList\",\"@id\":\"https:\\\/\\\/lequotidien.mr\\\/?p=22781&lang=fr#breadcrumb\",\"itemListElement\":[{\"@type\":\"ListItem\",\"position\":1,\"name\":\"Home\",\"item\":\"https:\\\/\\\/lequotidien.mr\\\/\"},{\"@type\":\"ListItem\",\"position\":2,\"name\":\"COP29 \u00e0 Bakou : Le Pr\u00e9sident de la R\u00e9publique, Mohamed Cheikh El Ghazouani visite le pavillon mauritanien\"}]},{\"@type\":\"WebSite\",\"@id\":\"https:\\\/\\\/lequotidien.mr\\\/#website\",\"url\":\"https:\\\/\\\/lequotidien.mr\\\/\",\"name\":\"Le Quotidien de Nouakchott\",\"description\":\"\u0625\u062e\u0628\u0627\u0631\u064a\u0629 \u0645\u0633\u062a\u0642\u0644\u0629 \u0644\u0644\u0623\u0646\u0628\u0627\u0621 \u0627\u0644\u0639\u0627\u0645\u0629\",\"publisher\":{\"@id\":\"https:\\\/\\\/lequotidien.mr\\\/#organization\"},\"potentialAction\":[{\"@type\":\"SearchAction\",\"target\":{\"@type\":\"EntryPoint\",\"urlTemplate\":\"https:\\\/\\\/lequotidien.mr\\\/?s={search_term_string}\"},\"query-input\":{\"@type\":\"PropertyValueSpecification\",\"valueRequired\":true,\"valueName\":\"search_term_string\"}}],\"inLanguage\":\"ar\"},{\"@type\":\"Organization\",\"@id\":\"https:\\\/\\\/lequotidien.mr\\\/#organization\",\"name\":\"Le Quotidien de Nouakchott\",\"url\":\"https:\\\/\\\/lequotidien.mr\\\/\",\"logo\":{\"@type\":\"ImageObject\",\"inLanguage\":\"ar\",\"@id\":\"https:\\\/\\\/lequotidien.mr\\\/#\\\/schema\\\/logo\\\/image\\\/\",\"url\":\"https:\\\/\\\/lequotidien.mr\\\/wp-content\\\/uploads\\\/2022\\\/11\\\/logolequotidien.jpg\",\"contentUrl\":\"https:\\\/\\\/lequotidien.mr\\\/wp-content\\\/uploads\\\/2022\\\/11\\\/logolequotidien.jpg\",\"width\":290,\"height\":65,\"caption\":\"Le Quotidien de Nouakchott\"},\"image\":{\"@id\":\"https:\\\/\\\/lequotidien.mr\\\/#\\\/schema\\\/logo\\\/image\\\/\"},\"sameAs\":[\"https:\\\/\\\/web.facebook.com\\\/lequotidienmr\",\"https:\\\/\\\/x.com\\\/lequotidienmr\"]},{\"@type\":\"Person\",\"@id\":\"https:\\\/\\\/lequotidien.mr\\\/#\\\/schema\\\/person\\\/d2d350202a4d599685ed8abc25f97596\",\"name\":\"Med Ahmed\",\"image\":{\"@type\":\"ImageObject\",\"inLanguage\":\"ar\",\"@id\":\"https:\\\/\\\/secure.gravatar.com\\\/avatar\\\/fd2acc62ed50732923d1d39c17172c9b04149f142be92310ecc69e1358f94b52?s=96&d=mm&r=g\",\"url\":\"https:\\\/\\\/secure.gravatar.com\\\/avatar\\\/fd2acc62ed50732923d1d39c17172c9b04149f142be92310ecc69e1358f94b52?s=96&d=mm&r=g\",\"contentUrl\":\"https:\\\/\\\/secure.gravatar.com\\\/avatar\\\/fd2acc62ed50732923d1d39c17172c9b04149f142be92310ecc69e1358f94b52?s=96&d=mm&r=g\",\"caption\":\"Med Ahmed\"},\"url\":\"https:\\\/\\\/lequotidien.mr\\\/?author=12\"}]}<\/script>\n<!-- \/ Yoast SEO plugin. -->","yoast_head_json":{"title":"COP29 \u00e0 Bakou : Le Pr\u00e9sident de la R\u00e9publique, Mohamed Cheikh El Ghazouani visite le pavillon mauritanien - Le Quotidien de Nouakchott","robots":{"index":"index","follow":"follow","max-snippet":"max-snippet:-1","max-image-preview":"max-image-preview:large","max-video-preview":"max-video-preview:-1"},"canonical":"https:\/\/lequotidien.mr\/?p=22781&lang=fr","og_locale":"ar_AR","og_type":"article","og_title":"COP29 \u00e0 Bakou : Le Pr\u00e9sident de la R\u00e9publique, Mohamed Cheikh El Ghazouani visite le pavillon mauritanien - Le Quotidien de Nouakchott","og_description":"Dans le cadre de sa participation au sommet de la Convention-cadre des Nations unies sur les changements climatiques (CCNUCC) COP29, le Pr\u00e9sident de la R\u00e9publique et pr\u00e9sident de l&#8217;Union africaine (UA), Mohamed Cheikh El Ghazouani, a visit\u00e9 mercredi dernier le pavillon mauritanien d\u00e9di\u00e9 \u00e0 l\u2019exposition de la COP29 \u00e0 Bakou. \u00c0 son arriv\u00e9e, le Pr\u00e9sident.....","og_url":"https:\/\/lequotidien.mr\/?p=22781&lang=fr","og_site_name":"Le Quotidien de Nouakchott","article_publisher":"https:\/\/web.facebook.com\/lequotidienmr","article_published_time":"2024-11-14T09:50:33+00:00","og_image":[{"width":567,"height":430,"url":"https:\/\/lequotidien.mr\/wp-content\/uploads\/2024\/11\/photo-pavillon-Cop29.jpg","type":"image\/jpeg"}],"author":"Med Ahmed","twitter_card":"summary_large_image","twitter_creator":"@lequotidienmr","twitter_site":"@lequotidienmr","twitter_misc":{"\u0643\u064f\u062a\u0628 \u0628\u0648\u0627\u0633\u0637\u0629":"Med Ahmed","\u0648\u0642\u062a \u0627\u0644\u0642\u0631\u0627\u0621\u0629 \u0627\u0644\u0645\u064f\u0642\u062f\u0651\u0631":"\u062f\u0642\u064a\u0642\u062a\u0627\u0646"},"schema":{"@context":"https:\/\/schema.org","@graph":[{"@type":"Article","@id":"https:\/\/lequotidien.mr\/?p=22781&lang=fr#article","isPartOf":{"@id":"https:\/\/lequotidien.mr\/?p=22781&lang=fr"},"author":{"name":"Med Ahmed","@id":"https:\/\/lequotidien.mr\/#\/schema\/person\/d2d350202a4d599685ed8abc25f97596"},"headline":"COP29 \u00e0 Bakou : Le Pr\u00e9sident de la R\u00e9publique, Mohamed Cheikh El Ghazouani visite le pavillon mauritanien","datePublished":"2024-11-14T09:50:33+00:00","mainEntityOfPage":{"@id":"https:\/\/lequotidien.mr\/?p=22781&lang=fr"},"wordCount":468,"commentCount":0,"publisher":{"@id":"https:\/\/lequotidien.mr\/#organization"},"image":{"@id":"https:\/\/lequotidien.mr\/?p=22781&lang=fr#primaryimage"},"thumbnailUrl":"https:\/\/lequotidien.mr\/wp-content\/uploads\/2024\/11\/photo-pavillon-Cop29.jpg","articleSection":["ACTUALIT\u00c9","Economie"],"inLanguage":"ar","potentialAction":[{"@type":"CommentAction","name":"Comment","target":["https:\/\/lequotidien.mr\/?p=22781&lang=fr#respond"]}]},{"@type":"WebPage","@id":"https:\/\/lequotidien.mr\/?p=22781&lang=fr","url":"https:\/\/lequotidien.mr\/?p=22781&lang=fr","name":"COP29 \u00e0 Bakou : Le Pr\u00e9sident de la R\u00e9publique, Mohamed Cheikh El Ghazouani visite le pavillon mauritanien - Le Quotidien de Nouakchott","isPartOf":{"@id":"https:\/\/lequotidien.mr\/#website"},"primaryImageOfPage":{"@id":"https:\/\/lequotidien.mr\/?p=22781&lang=fr#primaryimage"},"image":{"@id":"https:\/\/lequotidien.mr\/?p=22781&lang=fr#primaryimage"},"thumbnailUrl":"https:\/\/lequotidien.mr\/wp-content\/uploads\/2024\/11\/photo-pavillon-Cop29.jpg","datePublished":"2024-11-14T09:50:33+00:00","breadcrumb":{"@id":"https:\/\/lequotidien.mr\/?p=22781&lang=fr#breadcrumb"},"inLanguage":"ar","potentialAction":[{"@type":"ReadAction","target":["https:\/\/lequotidien.mr\/?p=22781&lang=fr"]}]},{"@type":"ImageObject","inLanguage":"ar","@id":"https:\/\/lequotidien.mr\/?p=22781&lang=fr#primaryimage","url":"https:\/\/lequotidien.mr\/wp-content\/uploads\/2024\/11\/photo-pavillon-Cop29.jpg","contentUrl":"https:\/\/lequotidien.mr\/wp-content\/uploads\/2024\/11\/photo-pavillon-Cop29.jpg","width":567,"height":430},{"@type":"BreadcrumbList","@id":"https:\/\/lequotidien.mr\/?p=22781&lang=fr#breadcrumb","itemListElement":[{"@type":"ListItem","position":1,"name":"Home","item":"https:\/\/lequotidien.mr\/"},{"@type":"ListItem","position":2,"name":"COP29 \u00e0 Bakou : Le Pr\u00e9sident de la R\u00e9publique, Mohamed Cheikh El Ghazouani visite le pavillon mauritanien"}]},{"@type":"WebSite","@id":"https:\/\/lequotidien.mr\/#website","url":"https:\/\/lequotidien.mr\/","name":"Le Quotidien de Nouakchott","description":"\u0625\u062e\u0628\u0627\u0631\u064a\u0629 \u0645\u0633\u062a\u0642\u0644\u0629 \u0644\u0644\u0623\u0646\u0628\u0627\u0621 \u0627\u0644\u0639\u0627\u0645\u0629","publisher":{"@id":"https:\/\/lequotidien.mr\/#organization"},"potentialAction":[{"@type":"SearchAction","target":{"@type":"EntryPoint","urlTemplate":"https:\/\/lequotidien.mr\/?s={search_term_string}"},"query-input":{"@type":"PropertyValueSpecification","valueRequired":true,"valueName":"search_term_string"}}],"inLanguage":"ar"},{"@type":"Organization","@id":"https:\/\/lequotidien.mr\/#organization","name":"Le Quotidien de Nouakchott","url":"https:\/\/lequotidien.mr\/","logo":{"@type":"ImageObject","inLanguage":"ar","@id":"https:\/\/lequotidien.mr\/#\/schema\/logo\/image\/","url":"https:\/\/lequotidien.mr\/wp-content\/uploads\/2022\/11\/logolequotidien.jpg","contentUrl":"https:\/\/lequotidien.mr\/wp-content\/uploads\/2022\/11\/logolequotidien.jpg","width":290,"height":65,"caption":"Le Quotidien de Nouakchott"},"image":{"@id":"https:\/\/lequotidien.mr\/#\/schema\/logo\/image\/"},"sameAs":["https:\/\/web.facebook.com\/lequotidienmr","https:\/\/x.com\/lequotidienmr"]},{"@type":"Person","@id":"https:\/\/lequotidien.mr\/#\/schema\/person\/d2d350202a4d599685ed8abc25f97596","name":"Med Ahmed","image":{"@type":"ImageObject","inLanguage":"ar","@id":"https:\/\/secure.gravatar.com\/avatar\/fd2acc62ed50732923d1d39c17172c9b04149f142be92310ecc69e1358f94b52?s=96&d=mm&r=g","url":"https:\/\/secure.gravatar.com\/avatar\/fd2acc62ed50732923d1d39c17172c9b04149f142be92310ecc69e1358f94b52?s=96&d=mm&r=g","contentUrl":"https:\/\/secure.gravatar.com\/avatar\/fd2acc62ed50732923d1d39c17172c9b04149f142be92310ecc69e1358f94b52?s=96&d=mm&r=g","caption":"Med Ahmed"},"url":"https:\/\/lequotidien.mr\/?author=12"}]}},"_links":{"self":[{"href":"https:\/\/lequotidien.mr\/index.php?rest_route=\/wp\/v2\/posts\/22781","targetHints":{"allow":["GET"]}}],"collection":[{"href":"https:\/\/lequotidien.mr\/index.php?rest_route=\/wp\/v2\/posts"}],"about":[{"href":"https:\/\/lequotidien.mr\/index.php?rest_route=\/wp\/v2\/types\/post"}],"author":[{"embeddable":true,"href":"https:\/\/lequotidien.mr\/index.php?rest_route=\/wp\/v2\/users\/12"}],"replies":[{"embeddable":true,"href":"https:\/\/lequotidien.mr\/index.php?rest_route=%2Fwp%2Fv2%2Fcomments&post=22781"}],"version-history":[{"count":1,"href":"https:\/\/lequotidien.mr\/index.php?rest_route=\/wp\/v2\/posts\/22781\/revisions"}],"predecessor-version":[{"id":22783,"href":"https:\/\/lequotidien.mr\/index.php?rest_route=\/wp\/v2\/posts\/22781\/revisions\/22783"}],"wp:featuredmedia":[{"embeddable":true,"href":"https:\/\/lequotidien.mr\/index.php?rest_route=\/wp\/v2\/media\/22782"}],"wp:attachment":[{"href":"https:\/\/lequotidien.mr\/index.php?rest_route=%2Fwp%2Fv2%2Fmedia&parent=22781"}],"wp:term":[{"taxonomy":"category","embeddable":true,"href":"https:\/\/lequotidien.mr\/index.php?rest_route=%2Fwp%2Fv2%2Fcategories&post=22781"},{"taxonomy":"post_tag","embeddable":true,"href":"https:\/\/lequotidien.mr\/index.php?rest_route=%2Fwp%2Fv2%2Ftags&post=22781"}],"curies":[{"name":"wp","href":"https:\/\/api.w.org\/{rel}","templated":true}]}}