{"id":22737,"date":"2024-11-13T12:12:09","date_gmt":"2024-11-13T12:12:09","guid":{"rendered":"https:\/\/lequotidien.mr\/?p=22737"},"modified":"2024-11-13T12:12:09","modified_gmt":"2024-11-13T12:12:09","slug":"colloque-de-concertation-sur-lautonomisation-culturelle-des-jeunes-la-mauritanie-mise-sur-lautonomisation-culturelle-des-jeunes-pour-impulser-le-developpement","status":"publish","type":"post","link":"https:\/\/lequotidien.mr\/?p=22737&lang=fr","title":{"rendered":"Colloque de concertation sur l\u2019autonomisation culturelle des jeunes : La Mauritanie mise sur l&#8217;autonomisation culturelle des jeunes pour impulser le d\u00e9veloppement"},"content":{"rendered":"<p>Mardi dernier, \u00e0 Nouakchott, le Ministre de la Culture, des Arts, de la Communication et des Relations avec le Parlement, M. Houssein Medou, a inaugur\u00e9 un colloque consultatif ambitieux destin\u00e9 \u00e0 renforcer l&#8217;autonomisation culturelle des jeunes en Mauritanie. Organis\u00e9 par le Comit\u00e9 national pour l&#8217;\u00e9ducation, la culture et la science, cet \u00e9v\u00e9nement de deux jours a pour but de baliser la route pour\u00a0la jeunesse mauritanienne dans la perspective de jouer un r\u00f4le cl\u00e9 dans le d\u00e9veloppement culturel du pays tout en pr\u00e9servant son identit\u00e9 dans un monde en \u00e9volution perp\u00e9tuelle.<\/p>\n<p>Au nom du minist\u00e8re de l&#8217;Autonomisation des jeunes, de l&#8217;Emploi, des Sports et de l&#8217;Action civique, le secr\u00e9taire g\u00e9n\u00e9ral, M. Naji Khattri, a remerci\u00e9 le Comit\u00e9 national pour son engagement dans l&#8217;organisation de ce colloque. Il a rappel\u00e9 que la jeunesse est une priorit\u00e9 nationale dans le programme de M. Mohamed Cheikh El Ghazouani, baptis\u00e9 \u00ab Mon ambition pour la nation \u00bb, et a soulign\u00e9 l&#8217;importance de ce secteur pour le renouveau et la croissance de la Mauritanie. Il a \u00e9galement not\u00e9 que cette approche est renforc\u00e9e par la cr\u00e9ation d&#8217;un secteur minist\u00e9riel d\u00e9di\u00e9 sp\u00e9cifiquement \u00e0 l&#8217;autonomisation des jeunes.<\/p>\n<p>Mme Fatimetou Abdel Malek, pr\u00e9sidente du Conseil r\u00e9gional de Nouakchott, a soulign\u00e9 la forte corr\u00e9lation entre le d\u00e9veloppement durable et la culture, affirmant que l&#8217;un ne peut prosp\u00e9rer sans l&#8217;autre. Selon elle, la jeunesse est le pilier sur lequel repose toute nation, et son degr\u00e9 d&#8217;engagement dans la vie sociale, \u00e9conomique et politique est un indicateur cl\u00e9 de l&#8217;avanc\u00e9e du pays.<\/p>\n<p>Enfin, l&#8217;expert international M. Hayat Qatat Al-Qarmazi a exprim\u00e9 son admiration pour l&#8217;approche mauritanienne de l&#8217;autonomisation culturelle des jeunes, soulignant l&#8217;importance de sensibiliser ce groupe aux enjeux de la culture dans le d\u00e9veloppement. Il a soulign\u00e9 que l&#8217;engagement de l&#8217;\u00c9tat mauritanien en faveur de la jeunesse et de l&#8217;\u00e9ducation culturelle est essentiel pour construire une soci\u00e9t\u00e9 int\u00e9gr\u00e9e et r\u00e9siliente face aux d\u00e9fis contemporains.<\/p>\n<p>Avec cette initiative, la Mauritanie entend non seulement pr\u00e9server son patrimoine culturel, mais aussi donner \u00e0 sa jeunesse les moyens de participer activement au d\u00e9veloppement national, en exploitant les outils modernes et en adaptant les politiques culturelles aux besoins de la soci\u00e9t\u00e9. Ce colloque marque ainsi une \u00e9tape cruciale dans la promotion d&#8217;une culture nationale dynamique et inclusive, port\u00e9e par une jeunesse \u00e9clair\u00e9e et responsable.<\/p>\n","protected":false},"excerpt":{"rendered":"<p>Mardi dernier, \u00e0 Nouakchott, le Ministre de la Culture, des Arts, de la Communication et des Relations avec le Parlement, M. Houssein Medou, a inaugur\u00e9 un colloque consultatif ambitieux destin\u00e9 \u00e0 renforcer l&#8217;autonomisation culturelle des jeunes en Mauritanie. Organis\u00e9 par le Comit\u00e9 national pour l&#8217;\u00e9ducation, la culture et la science, cet \u00e9v\u00e9nement de deux jours&#8230;..<\/p>\n","protected":false},"author":12,"featured_media":22738,"comment_status":"open","ping_status":"open","sticky":false,"template":"","format":"standard","meta":{"footnotes":""},"categories":[23,55],"tags":[],"class_list":["post-22737","post","type-post","status-publish","format-standard","has-post-thumbnail","hentry","category-actualite","category-culture"],"yoast_head":"<!-- This site is optimized with the Yoast SEO plugin v27.5 - https:\/\/yoast.com\/product\/yoast-seo-wordpress\/ -->\n<title>Colloque de concertation sur l\u2019autonomisation culturelle des jeunes : La Mauritanie mise sur l&#039;autonomisation culturelle des jeunes pour impulser le d\u00e9veloppement - Le Quotidien de Nouakchott<\/title>\n<meta name=\"robots\" content=\"index, follow, max-snippet:-1, max-image-preview:large, max-video-preview:-1\" \/>\n<link rel=\"canonical\" href=\"https:\/\/lequotidien.mr\/?p=22737&lang=fr\" \/>\n<meta property=\"og:locale\" content=\"ar_AR\" \/>\n<meta property=\"og:type\" content=\"article\" \/>\n<meta property=\"og:title\" content=\"Colloque de concertation sur l\u2019autonomisation culturelle des jeunes : La Mauritanie mise sur l&#039;autonomisation culturelle des jeunes pour impulser le d\u00e9veloppement - Le Quotidien de Nouakchott\" \/>\n<meta property=\"og:description\" content=\"Mardi dernier, \u00e0 Nouakchott, le Ministre de la Culture, des Arts, de la Communication et des Relations avec le Parlement, M. Houssein Medou, a inaugur\u00e9 un colloque consultatif ambitieux destin\u00e9 \u00e0 renforcer l&#8217;autonomisation culturelle des jeunes en Mauritanie. Organis\u00e9 par le Comit\u00e9 national pour l&#8217;\u00e9ducation, la culture et la science, cet \u00e9v\u00e9nement de deux jours.....\" \/>\n<meta property=\"og:url\" content=\"https:\/\/lequotidien.mr\/?p=22737&amp;lang=fr\" \/>\n<meta property=\"og:site_name\" content=\"Le Quotidien de Nouakchott\" \/>\n<meta property=\"article:publisher\" content=\"https:\/\/web.facebook.com\/lequotidienmr\" \/>\n<meta property=\"article:published_time\" content=\"2024-11-13T12:12:09+00:00\" \/>\n<meta property=\"og:image\" content=\"https:\/\/lequotidien.mr\/wp-content\/uploads\/2024\/11\/photo-colloque-culture-Nkc-1.jpg\" \/>\n\t<meta property=\"og:image:width\" content=\"607\" \/>\n\t<meta property=\"og:image:height\" content=\"332\" \/>\n\t<meta property=\"og:image:type\" content=\"image\/jpeg\" \/>\n<meta name=\"author\" content=\"Med Ahmed\" \/>\n<meta name=\"twitter:card\" content=\"summary_large_image\" \/>\n<meta name=\"twitter:creator\" content=\"@lequotidienmr\" \/>\n<meta name=\"twitter:site\" content=\"@lequotidienmr\" \/>\n<meta name=\"twitter:label1\" content=\"\u0643\u064f\u062a\u0628 \u0628\u0648\u0627\u0633\u0637\u0629\" \/>\n\t<meta name=\"twitter:data1\" content=\"Med Ahmed\" \/>\n\t<meta name=\"twitter:label2\" content=\"\u0648\u0642\u062a \u0627\u0644\u0642\u0631\u0627\u0621\u0629 \u0627\u0644\u0645\u064f\u0642\u062f\u0651\u0631\" \/>\n\t<meta name=\"twitter:data2\" content=\"\u062f\u0642\u064a\u0642\u062a\u0627\u0646\" \/>\n<script type=\"application\/ld+json\" class=\"yoast-schema-graph\">{\"@context\":\"https:\\\/\\\/schema.org\",\"@graph\":[{\"@type\":\"Article\",\"@id\":\"https:\\\/\\\/lequotidien.mr\\\/?p=22737&lang=fr#article\",\"isPartOf\":{\"@id\":\"https:\\\/\\\/lequotidien.mr\\\/?p=22737&lang=fr\"},\"author\":{\"name\":\"Med Ahmed\",\"@id\":\"https:\\\/\\\/lequotidien.mr\\\/#\\\/schema\\\/person\\\/d2d350202a4d599685ed8abc25f97596\"},\"headline\":\"Colloque de concertation sur l\u2019autonomisation culturelle des jeunes : La Mauritanie mise sur l&#8217;autonomisation culturelle des jeunes pour impulser le d\u00e9veloppement\",\"datePublished\":\"2024-11-13T12:12:09+00:00\",\"mainEntityOfPage\":{\"@id\":\"https:\\\/\\\/lequotidien.mr\\\/?p=22737&lang=fr\"},\"wordCount\":448,\"commentCount\":0,\"publisher\":{\"@id\":\"https:\\\/\\\/lequotidien.mr\\\/#organization\"},\"image\":{\"@id\":\"https:\\\/\\\/lequotidien.mr\\\/?p=22737&lang=fr#primaryimage\"},\"thumbnailUrl\":\"https:\\\/\\\/lequotidien.mr\\\/wp-content\\\/uploads\\\/2024\\\/11\\\/photo-colloque-culture-Nkc-1.jpg\",\"articleSection\":[\"ACTUALIT\u00c9\",\"Culture\"],\"inLanguage\":\"ar\",\"potentialAction\":[{\"@type\":\"CommentAction\",\"name\":\"Comment\",\"target\":[\"https:\\\/\\\/lequotidien.mr\\\/?p=22737&lang=fr#respond\"]}]},{\"@type\":\"WebPage\",\"@id\":\"https:\\\/\\\/lequotidien.mr\\\/?p=22737&lang=fr\",\"url\":\"https:\\\/\\\/lequotidien.mr\\\/?p=22737&lang=fr\",\"name\":\"Colloque de concertation sur l\u2019autonomisation culturelle des jeunes : La Mauritanie mise sur l'autonomisation culturelle des jeunes pour impulser le d\u00e9veloppement - Le Quotidien de Nouakchott\",\"isPartOf\":{\"@id\":\"https:\\\/\\\/lequotidien.mr\\\/#website\"},\"primaryImageOfPage\":{\"@id\":\"https:\\\/\\\/lequotidien.mr\\\/?p=22737&lang=fr#primaryimage\"},\"image\":{\"@id\":\"https:\\\/\\\/lequotidien.mr\\\/?p=22737&lang=fr#primaryimage\"},\"thumbnailUrl\":\"https:\\\/\\\/lequotidien.mr\\\/wp-content\\\/uploads\\\/2024\\\/11\\\/photo-colloque-culture-Nkc-1.jpg\",\"datePublished\":\"2024-11-13T12:12:09+00:00\",\"breadcrumb\":{\"@id\":\"https:\\\/\\\/lequotidien.mr\\\/?p=22737&lang=fr#breadcrumb\"},\"inLanguage\":\"ar\",\"potentialAction\":[{\"@type\":\"ReadAction\",\"target\":[\"https:\\\/\\\/lequotidien.mr\\\/?p=22737&lang=fr\"]}]},{\"@type\":\"ImageObject\",\"inLanguage\":\"ar\",\"@id\":\"https:\\\/\\\/lequotidien.mr\\\/?p=22737&lang=fr#primaryimage\",\"url\":\"https:\\\/\\\/lequotidien.mr\\\/wp-content\\\/uploads\\\/2024\\\/11\\\/photo-colloque-culture-Nkc-1.jpg\",\"contentUrl\":\"https:\\\/\\\/lequotidien.mr\\\/wp-content\\\/uploads\\\/2024\\\/11\\\/photo-colloque-culture-Nkc-1.jpg\",\"width\":607,\"height\":332},{\"@type\":\"BreadcrumbList\",\"@id\":\"https:\\\/\\\/lequotidien.mr\\\/?p=22737&lang=fr#breadcrumb\",\"itemListElement\":[{\"@type\":\"ListItem\",\"position\":1,\"name\":\"Home\",\"item\":\"https:\\\/\\\/lequotidien.mr\\\/\"},{\"@type\":\"ListItem\",\"position\":2,\"name\":\"Colloque de concertation sur l\u2019autonomisation culturelle des jeunes : La Mauritanie mise sur l&#8217;autonomisation culturelle des jeunes pour impulser le d\u00e9veloppement\"}]},{\"@type\":\"WebSite\",\"@id\":\"https:\\\/\\\/lequotidien.mr\\\/#website\",\"url\":\"https:\\\/\\\/lequotidien.mr\\\/\",\"name\":\"Le Quotidien de Nouakchott\",\"description\":\"\u0625\u062e\u0628\u0627\u0631\u064a\u0629 \u0645\u0633\u062a\u0642\u0644\u0629 \u0644\u0644\u0623\u0646\u0628\u0627\u0621 \u0627\u0644\u0639\u0627\u0645\u0629\",\"publisher\":{\"@id\":\"https:\\\/\\\/lequotidien.mr\\\/#organization\"},\"potentialAction\":[{\"@type\":\"SearchAction\",\"target\":{\"@type\":\"EntryPoint\",\"urlTemplate\":\"https:\\\/\\\/lequotidien.mr\\\/?s={search_term_string}\"},\"query-input\":{\"@type\":\"PropertyValueSpecification\",\"valueRequired\":true,\"valueName\":\"search_term_string\"}}],\"inLanguage\":\"ar\"},{\"@type\":\"Organization\",\"@id\":\"https:\\\/\\\/lequotidien.mr\\\/#organization\",\"name\":\"Le Quotidien de Nouakchott\",\"url\":\"https:\\\/\\\/lequotidien.mr\\\/\",\"logo\":{\"@type\":\"ImageObject\",\"inLanguage\":\"ar\",\"@id\":\"https:\\\/\\\/lequotidien.mr\\\/#\\\/schema\\\/logo\\\/image\\\/\",\"url\":\"https:\\\/\\\/lequotidien.mr\\\/wp-content\\\/uploads\\\/2022\\\/11\\\/logolequotidien.jpg\",\"contentUrl\":\"https:\\\/\\\/lequotidien.mr\\\/wp-content\\\/uploads\\\/2022\\\/11\\\/logolequotidien.jpg\",\"width\":290,\"height\":65,\"caption\":\"Le Quotidien de Nouakchott\"},\"image\":{\"@id\":\"https:\\\/\\\/lequotidien.mr\\\/#\\\/schema\\\/logo\\\/image\\\/\"},\"sameAs\":[\"https:\\\/\\\/web.facebook.com\\\/lequotidienmr\",\"https:\\\/\\\/x.com\\\/lequotidienmr\"]},{\"@type\":\"Person\",\"@id\":\"https:\\\/\\\/lequotidien.mr\\\/#\\\/schema\\\/person\\\/d2d350202a4d599685ed8abc25f97596\",\"name\":\"Med Ahmed\",\"image\":{\"@type\":\"ImageObject\",\"inLanguage\":\"ar\",\"@id\":\"https:\\\/\\\/secure.gravatar.com\\\/avatar\\\/fd2acc62ed50732923d1d39c17172c9b04149f142be92310ecc69e1358f94b52?s=96&d=mm&r=g\",\"url\":\"https:\\\/\\\/secure.gravatar.com\\\/avatar\\\/fd2acc62ed50732923d1d39c17172c9b04149f142be92310ecc69e1358f94b52?s=96&d=mm&r=g\",\"contentUrl\":\"https:\\\/\\\/secure.gravatar.com\\\/avatar\\\/fd2acc62ed50732923d1d39c17172c9b04149f142be92310ecc69e1358f94b52?s=96&d=mm&r=g\",\"caption\":\"Med Ahmed\"},\"url\":\"https:\\\/\\\/lequotidien.mr\\\/?author=12\"}]}<\/script>\n<!-- \/ Yoast SEO plugin. -->","yoast_head_json":{"title":"Colloque de concertation sur l\u2019autonomisation culturelle des jeunes : La Mauritanie mise sur l'autonomisation culturelle des jeunes pour impulser le d\u00e9veloppement - Le Quotidien de Nouakchott","robots":{"index":"index","follow":"follow","max-snippet":"max-snippet:-1","max-image-preview":"max-image-preview:large","max-video-preview":"max-video-preview:-1"},"canonical":"https:\/\/lequotidien.mr\/?p=22737&lang=fr","og_locale":"ar_AR","og_type":"article","og_title":"Colloque de concertation sur l\u2019autonomisation culturelle des jeunes : La Mauritanie mise sur l'autonomisation culturelle des jeunes pour impulser le d\u00e9veloppement - Le Quotidien de Nouakchott","og_description":"Mardi dernier, \u00e0 Nouakchott, le Ministre de la Culture, des Arts, de la Communication et des Relations avec le Parlement, M. Houssein Medou, a inaugur\u00e9 un colloque consultatif ambitieux destin\u00e9 \u00e0 renforcer l&#8217;autonomisation culturelle des jeunes en Mauritanie. Organis\u00e9 par le Comit\u00e9 national pour l&#8217;\u00e9ducation, la culture et la science, cet \u00e9v\u00e9nement de deux jours.....","og_url":"https:\/\/lequotidien.mr\/?p=22737&lang=fr","og_site_name":"Le Quotidien de Nouakchott","article_publisher":"https:\/\/web.facebook.com\/lequotidienmr","article_published_time":"2024-11-13T12:12:09+00:00","og_image":[{"width":607,"height":332,"url":"https:\/\/lequotidien.mr\/wp-content\/uploads\/2024\/11\/photo-colloque-culture-Nkc-1.jpg","type":"image\/jpeg"}],"author":"Med Ahmed","twitter_card":"summary_large_image","twitter_creator":"@lequotidienmr","twitter_site":"@lequotidienmr","twitter_misc":{"\u0643\u064f\u062a\u0628 \u0628\u0648\u0627\u0633\u0637\u0629":"Med Ahmed","\u0648\u0642\u062a \u0627\u0644\u0642\u0631\u0627\u0621\u0629 \u0627\u0644\u0645\u064f\u0642\u062f\u0651\u0631":"\u062f\u0642\u064a\u0642\u062a\u0627\u0646"},"schema":{"@context":"https:\/\/schema.org","@graph":[{"@type":"Article","@id":"https:\/\/lequotidien.mr\/?p=22737&lang=fr#article","isPartOf":{"@id":"https:\/\/lequotidien.mr\/?p=22737&lang=fr"},"author":{"name":"Med Ahmed","@id":"https:\/\/lequotidien.mr\/#\/schema\/person\/d2d350202a4d599685ed8abc25f97596"},"headline":"Colloque de concertation sur l\u2019autonomisation culturelle des jeunes : La Mauritanie mise sur l&#8217;autonomisation culturelle des jeunes pour impulser le d\u00e9veloppement","datePublished":"2024-11-13T12:12:09+00:00","mainEntityOfPage":{"@id":"https:\/\/lequotidien.mr\/?p=22737&lang=fr"},"wordCount":448,"commentCount":0,"publisher":{"@id":"https:\/\/lequotidien.mr\/#organization"},"image":{"@id":"https:\/\/lequotidien.mr\/?p=22737&lang=fr#primaryimage"},"thumbnailUrl":"https:\/\/lequotidien.mr\/wp-content\/uploads\/2024\/11\/photo-colloque-culture-Nkc-1.jpg","articleSection":["ACTUALIT\u00c9","Culture"],"inLanguage":"ar","potentialAction":[{"@type":"CommentAction","name":"Comment","target":["https:\/\/lequotidien.mr\/?p=22737&lang=fr#respond"]}]},{"@type":"WebPage","@id":"https:\/\/lequotidien.mr\/?p=22737&lang=fr","url":"https:\/\/lequotidien.mr\/?p=22737&lang=fr","name":"Colloque de concertation sur l\u2019autonomisation culturelle des jeunes : La Mauritanie mise sur l'autonomisation culturelle des jeunes pour impulser le d\u00e9veloppement - Le Quotidien de Nouakchott","isPartOf":{"@id":"https:\/\/lequotidien.mr\/#website"},"primaryImageOfPage":{"@id":"https:\/\/lequotidien.mr\/?p=22737&lang=fr#primaryimage"},"image":{"@id":"https:\/\/lequotidien.mr\/?p=22737&lang=fr#primaryimage"},"thumbnailUrl":"https:\/\/lequotidien.mr\/wp-content\/uploads\/2024\/11\/photo-colloque-culture-Nkc-1.jpg","datePublished":"2024-11-13T12:12:09+00:00","breadcrumb":{"@id":"https:\/\/lequotidien.mr\/?p=22737&lang=fr#breadcrumb"},"inLanguage":"ar","potentialAction":[{"@type":"ReadAction","target":["https:\/\/lequotidien.mr\/?p=22737&lang=fr"]}]},{"@type":"ImageObject","inLanguage":"ar","@id":"https:\/\/lequotidien.mr\/?p=22737&lang=fr#primaryimage","url":"https:\/\/lequotidien.mr\/wp-content\/uploads\/2024\/11\/photo-colloque-culture-Nkc-1.jpg","contentUrl":"https:\/\/lequotidien.mr\/wp-content\/uploads\/2024\/11\/photo-colloque-culture-Nkc-1.jpg","width":607,"height":332},{"@type":"BreadcrumbList","@id":"https:\/\/lequotidien.mr\/?p=22737&lang=fr#breadcrumb","itemListElement":[{"@type":"ListItem","position":1,"name":"Home","item":"https:\/\/lequotidien.mr\/"},{"@type":"ListItem","position":2,"name":"Colloque de concertation sur l\u2019autonomisation culturelle des jeunes : La Mauritanie mise sur l&#8217;autonomisation culturelle des jeunes pour impulser le d\u00e9veloppement"}]},{"@type":"WebSite","@id":"https:\/\/lequotidien.mr\/#website","url":"https:\/\/lequotidien.mr\/","name":"Le Quotidien de Nouakchott","description":"\u0625\u062e\u0628\u0627\u0631\u064a\u0629 \u0645\u0633\u062a\u0642\u0644\u0629 \u0644\u0644\u0623\u0646\u0628\u0627\u0621 \u0627\u0644\u0639\u0627\u0645\u0629","publisher":{"@id":"https:\/\/lequotidien.mr\/#organization"},"potentialAction":[{"@type":"SearchAction","target":{"@type":"EntryPoint","urlTemplate":"https:\/\/lequotidien.mr\/?s={search_term_string}"},"query-input":{"@type":"PropertyValueSpecification","valueRequired":true,"valueName":"search_term_string"}}],"inLanguage":"ar"},{"@type":"Organization","@id":"https:\/\/lequotidien.mr\/#organization","name":"Le Quotidien de Nouakchott","url":"https:\/\/lequotidien.mr\/","logo":{"@type":"ImageObject","inLanguage":"ar","@id":"https:\/\/lequotidien.mr\/#\/schema\/logo\/image\/","url":"https:\/\/lequotidien.mr\/wp-content\/uploads\/2022\/11\/logolequotidien.jpg","contentUrl":"https:\/\/lequotidien.mr\/wp-content\/uploads\/2022\/11\/logolequotidien.jpg","width":290,"height":65,"caption":"Le Quotidien de Nouakchott"},"image":{"@id":"https:\/\/lequotidien.mr\/#\/schema\/logo\/image\/"},"sameAs":["https:\/\/web.facebook.com\/lequotidienmr","https:\/\/x.com\/lequotidienmr"]},{"@type":"Person","@id":"https:\/\/lequotidien.mr\/#\/schema\/person\/d2d350202a4d599685ed8abc25f97596","name":"Med Ahmed","image":{"@type":"ImageObject","inLanguage":"ar","@id":"https:\/\/secure.gravatar.com\/avatar\/fd2acc62ed50732923d1d39c17172c9b04149f142be92310ecc69e1358f94b52?s=96&d=mm&r=g","url":"https:\/\/secure.gravatar.com\/avatar\/fd2acc62ed50732923d1d39c17172c9b04149f142be92310ecc69e1358f94b52?s=96&d=mm&r=g","contentUrl":"https:\/\/secure.gravatar.com\/avatar\/fd2acc62ed50732923d1d39c17172c9b04149f142be92310ecc69e1358f94b52?s=96&d=mm&r=g","caption":"Med Ahmed"},"url":"https:\/\/lequotidien.mr\/?author=12"}]}},"_links":{"self":[{"href":"https:\/\/lequotidien.mr\/index.php?rest_route=\/wp\/v2\/posts\/22737","targetHints":{"allow":["GET"]}}],"collection":[{"href":"https:\/\/lequotidien.mr\/index.php?rest_route=\/wp\/v2\/posts"}],"about":[{"href":"https:\/\/lequotidien.mr\/index.php?rest_route=\/wp\/v2\/types\/post"}],"author":[{"embeddable":true,"href":"https:\/\/lequotidien.mr\/index.php?rest_route=\/wp\/v2\/users\/12"}],"replies":[{"embeddable":true,"href":"https:\/\/lequotidien.mr\/index.php?rest_route=%2Fwp%2Fv2%2Fcomments&post=22737"}],"version-history":[{"count":1,"href":"https:\/\/lequotidien.mr\/index.php?rest_route=\/wp\/v2\/posts\/22737\/revisions"}],"predecessor-version":[{"id":22739,"href":"https:\/\/lequotidien.mr\/index.php?rest_route=\/wp\/v2\/posts\/22737\/revisions\/22739"}],"wp:featuredmedia":[{"embeddable":true,"href":"https:\/\/lequotidien.mr\/index.php?rest_route=\/wp\/v2\/media\/22738"}],"wp:attachment":[{"href":"https:\/\/lequotidien.mr\/index.php?rest_route=%2Fwp%2Fv2%2Fmedia&parent=22737"}],"wp:term":[{"taxonomy":"category","embeddable":true,"href":"https:\/\/lequotidien.mr\/index.php?rest_route=%2Fwp%2Fv2%2Fcategories&post=22737"},{"taxonomy":"post_tag","embeddable":true,"href":"https:\/\/lequotidien.mr\/index.php?rest_route=%2Fwp%2Fv2%2Ftags&post=22737"}],"curies":[{"name":"wp","href":"https:\/\/api.w.org\/{rel}","templated":true}]}}