{"id":22706,"date":"2024-11-12T09:10:37","date_gmt":"2024-11-12T09:10:37","guid":{"rendered":"https:\/\/lequotidien.mr\/?p=22706"},"modified":"2024-11-12T09:10:37","modified_gmt":"2024-11-12T09:10:37","slug":"cop29-a-bakou-un-appel-a-une-action-climatique-urgente-et-a-une-cooperation-internationale-renforcee","status":"publish","type":"post","link":"https:\/\/lequotidien.mr\/?p=22706&lang=fr","title":{"rendered":"COP29 \u00e0 Bakou : Un appel \u00e0 une action climatique urgente et \u00e0 une coop\u00e9ration internationale renforc\u00e9e"},"content":{"rendered":"<p>La 29\u00e8me Conf\u00e9rence des Parties (COP29) s&#8217;est ouverte lundi 11 novembre \u00e0 Bakou, en Azerba\u00efdjan. Cet \u00e9v\u00e9nement rassemble des d\u00e9l\u00e9gations de 198 pays, dont la Mauritanie, repr\u00e9sent\u00e9e par une d\u00e9l\u00e9gation de haut niveau dirig\u00e9e par Mme Messouda Baham Mohamed Laghdaf, ministre de l&#8217;Environnement et du D\u00e9veloppement durable. La conf\u00e9rence s&#8217;engage cette ann\u00e9e \u00e0 renforcer l&#8217;action mondiale contre le changement climatique, en r\u00e9pondant aux attentes pressantes.<\/p>\n<p><strong>\u00ab Nous ne pourrons sortir de Bakou sans propositions s\u00e9rieuses pour montrer ce que nous visons \u00bb, a d\u00e9clar\u00e9 Mukhtar Babayev<\/strong><\/p>\n<p>La c\u00e9r\u00e9monie d&#8217;ouverture a \u00e9t\u00e9 marqu\u00e9e par un passage de relais entre le pr\u00e9sident sortant de la COP28, Sultan Ahmed Al Jaber, le ministre de l&#8217;Industrie et des Technologies avanc\u00e9es des \u00c9mirats Arabes Unis, et le pr\u00e9sident \u00e9lu de la COP29, Mukhtar Babayev. , ministre de la Transition \u00e9nerg\u00e9tique de l&#8217;Azerba\u00efdjan et secr\u00e9taire ex\u00e9cutif de la Convention-cadre des Nations Unies sur les changements climatiques (CCNUCC). Ensemble, ils ont soulign\u00e9 la n\u00e9cessit\u00e9 de prendre des mesures d\u00e9cisives pour faire face aux effets catastrophiques du r\u00e9chauffement climatique. Leur<\/p>\n<p>Afin de r\u00e9pondre aux besoins urgents en mati\u00e8re de climat, la COP29 lancera un \u00ab Plan Climat 2025 \u00bb qui vise \u00e0 mettre en place des actions concr\u00e8tes pour r\u00e9duire les \u00e9missions et promouvoir des pratiques durables. Ce plan, accompagn\u00e9 de semaines th\u00e9matiques, rassemblera des experts et des d\u00e9cideurs pour \u00e9changer sur les solutions pratiques \u00e0 adopter.<\/p>\n<p>\u00ab Nous ne pourrons sortir de Bakou sans propositions s\u00e9rieuses pour montrer ce que nous visons \u00bb, a d\u00e9clar\u00e9 Mukhtar Babayev. Il a \u00e9galement soulign\u00e9 que le moment est propice pour renforcer la coop\u00e9ration internationale sur la question changement climatique.<\/p>\n<p><strong>La Mauritanie et les autres pays en premi\u00e8re ligne <\/strong><\/p>\n<p>La participation de la d\u00e9l\u00e9gation mauritanienne dirig\u00e9e par Mme Messouda Baham Mohamed Laghdaf t\u00e9moigne de l&#8217;engagement de la Mauritanie \u00e0 lutter contre les effets n\u00e9fastes du changement climatique. En effet, le pays entend jouer un r\u00f4le actif dans cette conf\u00e9rence. Son engagement en faveur de la pr\u00e9servation de l&#8217;environnement et du d\u00e9veloppement durable refl\u00e8te les priorit\u00e9s nationales pour une adaptation aux changements climatiques et une gestion durable des ressources naturelles.<\/p>\n<p>La Mauritanie, comme d&#8217;autres en d\u00e9veloppement, attend de cette COP29 des d\u00e9cisions qui lui permettront de b\u00e9n\u00e9ficier de financements et de technologies pour anticiper les effets n\u00e9fastes du changement climatique.<\/p>\n<p>La COP29, sous la pr\u00e9sidence de l&#8217;Azerba\u00efdjan, est per\u00e7ue comme une session cruciale pour parvenir aux accords mondiaux sur le climat. Cette conf\u00e9rence a mis en lumi\u00e8re l&#8217;importance de la coop\u00e9ration internationale et la n\u00e9cessit\u00e9 de propositions s\u00e9rieuses pour faire face aux d\u00e9fis climatiques. Avec des mesures ambitieuses, comme le financement climatique unique et les march\u00e9s du carbone, cette session aspire \u00e0 transformer les engagements en actions concr\u00e8tes, essentielles pour assurer la pr\u00e9servation de la plan\u00e8te. En r\u00e9unissant autant de pays et d&#8217;organisations, la COP29 marque un nouveau pas vers un avenir climatique o\u00f9 le d\u00e9veloppement durable sera au c\u0153ur des pr\u00e9occupations des dirigeants politiques du monde.<\/p>\n","protected":false},"excerpt":{"rendered":"<p>La 29\u00e8me Conf\u00e9rence des Parties (COP29) s&#8217;est ouverte lundi 11 novembre \u00e0 Bakou, en Azerba\u00efdjan. Cet \u00e9v\u00e9nement rassemble des d\u00e9l\u00e9gations de 198 pays, dont la Mauritanie, repr\u00e9sent\u00e9e par une d\u00e9l\u00e9gation de haut niveau dirig\u00e9e par Mme Messouda Baham Mohamed Laghdaf, ministre de l&#8217;Environnement et du D\u00e9veloppement durable. La conf\u00e9rence s&#8217;engage cette ann\u00e9e \u00e0 renforcer l&#8217;action&#8230;..<\/p>\n","protected":false},"author":12,"featured_media":22707,"comment_status":"open","ping_status":"open","sticky":false,"template":"","format":"standard","meta":{"footnotes":""},"categories":[23,49],"tags":[],"class_list":["post-22706","post","type-post","status-publish","format-standard","has-post-thumbnail","hentry","category-actualite","category-economie"],"yoast_head":"<!-- This site is optimized with the Yoast SEO plugin v27.5 - https:\/\/yoast.com\/product\/yoast-seo-wordpress\/ -->\n<title>COP29 \u00e0 Bakou : Un appel \u00e0 une action climatique urgente et \u00e0 une coop\u00e9ration internationale renforc\u00e9e - Le Quotidien de Nouakchott<\/title>\n<meta name=\"robots\" content=\"index, follow, max-snippet:-1, max-image-preview:large, max-video-preview:-1\" \/>\n<link rel=\"canonical\" href=\"https:\/\/lequotidien.mr\/?p=22706&lang=fr\" \/>\n<meta property=\"og:locale\" content=\"ar_AR\" \/>\n<meta property=\"og:type\" content=\"article\" \/>\n<meta property=\"og:title\" content=\"COP29 \u00e0 Bakou : Un appel \u00e0 une action climatique urgente et \u00e0 une coop\u00e9ration internationale renforc\u00e9e - Le Quotidien de Nouakchott\" \/>\n<meta property=\"og:description\" content=\"La 29\u00e8me Conf\u00e9rence des Parties (COP29) s&#8217;est ouverte lundi 11 novembre \u00e0 Bakou, en Azerba\u00efdjan. Cet \u00e9v\u00e9nement rassemble des d\u00e9l\u00e9gations de 198 pays, dont la Mauritanie, repr\u00e9sent\u00e9e par une d\u00e9l\u00e9gation de haut niveau dirig\u00e9e par Mme Messouda Baham Mohamed Laghdaf, ministre de l&#8217;Environnement et du D\u00e9veloppement durable. La conf\u00e9rence s&#8217;engage cette ann\u00e9e \u00e0 renforcer l&#8217;action.....\" \/>\n<meta property=\"og:url\" content=\"https:\/\/lequotidien.mr\/?p=22706&amp;lang=fr\" \/>\n<meta property=\"og:site_name\" content=\"Le Quotidien de Nouakchott\" \/>\n<meta property=\"article:publisher\" content=\"https:\/\/web.facebook.com\/lequotidienmr\" \/>\n<meta property=\"article:published_time\" content=\"2024-11-12T09:10:37+00:00\" \/>\n<meta property=\"og:image\" content=\"https:\/\/lequotidien.mr\/wp-content\/uploads\/2024\/11\/photo-COP29.jpg\" \/>\n\t<meta property=\"og:image:width\" content=\"626\" \/>\n\t<meta property=\"og:image:height\" content=\"430\" \/>\n\t<meta property=\"og:image:type\" content=\"image\/jpeg\" \/>\n<meta name=\"author\" content=\"Med Ahmed\" \/>\n<meta name=\"twitter:card\" content=\"summary_large_image\" \/>\n<meta name=\"twitter:creator\" content=\"@lequotidienmr\" \/>\n<meta name=\"twitter:site\" content=\"@lequotidienmr\" \/>\n<meta name=\"twitter:label1\" content=\"\u0643\u064f\u062a\u0628 \u0628\u0648\u0627\u0633\u0637\u0629\" \/>\n\t<meta name=\"twitter:data1\" content=\"Med Ahmed\" \/>\n\t<meta name=\"twitter:label2\" content=\"\u0648\u0642\u062a \u0627\u0644\u0642\u0631\u0627\u0621\u0629 \u0627\u0644\u0645\u064f\u0642\u062f\u0651\u0631\" \/>\n\t<meta name=\"twitter:data2\" content=\"3 \u062f\u0642\u0627\u0626\u0642\" \/>\n<script type=\"application\/ld+json\" class=\"yoast-schema-graph\">{\"@context\":\"https:\\\/\\\/schema.org\",\"@graph\":[{\"@type\":\"Article\",\"@id\":\"https:\\\/\\\/lequotidien.mr\\\/?p=22706&lang=fr#article\",\"isPartOf\":{\"@id\":\"https:\\\/\\\/lequotidien.mr\\\/?p=22706&lang=fr\"},\"author\":{\"name\":\"Med Ahmed\",\"@id\":\"https:\\\/\\\/lequotidien.mr\\\/#\\\/schema\\\/person\\\/d2d350202a4d599685ed8abc25f97596\"},\"headline\":\"COP29 \u00e0 Bakou : Un appel \u00e0 une action climatique urgente et \u00e0 une coop\u00e9ration internationale renforc\u00e9e\",\"datePublished\":\"2024-11-12T09:10:37+00:00\",\"mainEntityOfPage\":{\"@id\":\"https:\\\/\\\/lequotidien.mr\\\/?p=22706&lang=fr\"},\"wordCount\":569,\"commentCount\":0,\"publisher\":{\"@id\":\"https:\\\/\\\/lequotidien.mr\\\/#organization\"},\"image\":{\"@id\":\"https:\\\/\\\/lequotidien.mr\\\/?p=22706&lang=fr#primaryimage\"},\"thumbnailUrl\":\"https:\\\/\\\/lequotidien.mr\\\/wp-content\\\/uploads\\\/2024\\\/11\\\/photo-COP29.jpg\",\"articleSection\":[\"ACTUALIT\u00c9\",\"Economie\"],\"inLanguage\":\"ar\",\"potentialAction\":[{\"@type\":\"CommentAction\",\"name\":\"Comment\",\"target\":[\"https:\\\/\\\/lequotidien.mr\\\/?p=22706&lang=fr#respond\"]}]},{\"@type\":\"WebPage\",\"@id\":\"https:\\\/\\\/lequotidien.mr\\\/?p=22706&lang=fr\",\"url\":\"https:\\\/\\\/lequotidien.mr\\\/?p=22706&lang=fr\",\"name\":\"COP29 \u00e0 Bakou : Un appel \u00e0 une action climatique urgente et \u00e0 une coop\u00e9ration internationale renforc\u00e9e - Le Quotidien de Nouakchott\",\"isPartOf\":{\"@id\":\"https:\\\/\\\/lequotidien.mr\\\/#website\"},\"primaryImageOfPage\":{\"@id\":\"https:\\\/\\\/lequotidien.mr\\\/?p=22706&lang=fr#primaryimage\"},\"image\":{\"@id\":\"https:\\\/\\\/lequotidien.mr\\\/?p=22706&lang=fr#primaryimage\"},\"thumbnailUrl\":\"https:\\\/\\\/lequotidien.mr\\\/wp-content\\\/uploads\\\/2024\\\/11\\\/photo-COP29.jpg\",\"datePublished\":\"2024-11-12T09:10:37+00:00\",\"breadcrumb\":{\"@id\":\"https:\\\/\\\/lequotidien.mr\\\/?p=22706&lang=fr#breadcrumb\"},\"inLanguage\":\"ar\",\"potentialAction\":[{\"@type\":\"ReadAction\",\"target\":[\"https:\\\/\\\/lequotidien.mr\\\/?p=22706&lang=fr\"]}]},{\"@type\":\"ImageObject\",\"inLanguage\":\"ar\",\"@id\":\"https:\\\/\\\/lequotidien.mr\\\/?p=22706&lang=fr#primaryimage\",\"url\":\"https:\\\/\\\/lequotidien.mr\\\/wp-content\\\/uploads\\\/2024\\\/11\\\/photo-COP29.jpg\",\"contentUrl\":\"https:\\\/\\\/lequotidien.mr\\\/wp-content\\\/uploads\\\/2024\\\/11\\\/photo-COP29.jpg\",\"width\":626,\"height\":430},{\"@type\":\"BreadcrumbList\",\"@id\":\"https:\\\/\\\/lequotidien.mr\\\/?p=22706&lang=fr#breadcrumb\",\"itemListElement\":[{\"@type\":\"ListItem\",\"position\":1,\"name\":\"Home\",\"item\":\"https:\\\/\\\/lequotidien.mr\\\/\"},{\"@type\":\"ListItem\",\"position\":2,\"name\":\"COP29 \u00e0 Bakou : Un appel \u00e0 une action climatique urgente et \u00e0 une coop\u00e9ration internationale renforc\u00e9e\"}]},{\"@type\":\"WebSite\",\"@id\":\"https:\\\/\\\/lequotidien.mr\\\/#website\",\"url\":\"https:\\\/\\\/lequotidien.mr\\\/\",\"name\":\"Le Quotidien de Nouakchott\",\"description\":\"\u0625\u062e\u0628\u0627\u0631\u064a\u0629 \u0645\u0633\u062a\u0642\u0644\u0629 \u0644\u0644\u0623\u0646\u0628\u0627\u0621 \u0627\u0644\u0639\u0627\u0645\u0629\",\"publisher\":{\"@id\":\"https:\\\/\\\/lequotidien.mr\\\/#organization\"},\"potentialAction\":[{\"@type\":\"SearchAction\",\"target\":{\"@type\":\"EntryPoint\",\"urlTemplate\":\"https:\\\/\\\/lequotidien.mr\\\/?s={search_term_string}\"},\"query-input\":{\"@type\":\"PropertyValueSpecification\",\"valueRequired\":true,\"valueName\":\"search_term_string\"}}],\"inLanguage\":\"ar\"},{\"@type\":\"Organization\",\"@id\":\"https:\\\/\\\/lequotidien.mr\\\/#organization\",\"name\":\"Le Quotidien de Nouakchott\",\"url\":\"https:\\\/\\\/lequotidien.mr\\\/\",\"logo\":{\"@type\":\"ImageObject\",\"inLanguage\":\"ar\",\"@id\":\"https:\\\/\\\/lequotidien.mr\\\/#\\\/schema\\\/logo\\\/image\\\/\",\"url\":\"https:\\\/\\\/lequotidien.mr\\\/wp-content\\\/uploads\\\/2022\\\/11\\\/logolequotidien.jpg\",\"contentUrl\":\"https:\\\/\\\/lequotidien.mr\\\/wp-content\\\/uploads\\\/2022\\\/11\\\/logolequotidien.jpg\",\"width\":290,\"height\":65,\"caption\":\"Le Quotidien de Nouakchott\"},\"image\":{\"@id\":\"https:\\\/\\\/lequotidien.mr\\\/#\\\/schema\\\/logo\\\/image\\\/\"},\"sameAs\":[\"https:\\\/\\\/web.facebook.com\\\/lequotidienmr\",\"https:\\\/\\\/x.com\\\/lequotidienmr\"]},{\"@type\":\"Person\",\"@id\":\"https:\\\/\\\/lequotidien.mr\\\/#\\\/schema\\\/person\\\/d2d350202a4d599685ed8abc25f97596\",\"name\":\"Med Ahmed\",\"image\":{\"@type\":\"ImageObject\",\"inLanguage\":\"ar\",\"@id\":\"https:\\\/\\\/secure.gravatar.com\\\/avatar\\\/fd2acc62ed50732923d1d39c17172c9b04149f142be92310ecc69e1358f94b52?s=96&d=mm&r=g\",\"url\":\"https:\\\/\\\/secure.gravatar.com\\\/avatar\\\/fd2acc62ed50732923d1d39c17172c9b04149f142be92310ecc69e1358f94b52?s=96&d=mm&r=g\",\"contentUrl\":\"https:\\\/\\\/secure.gravatar.com\\\/avatar\\\/fd2acc62ed50732923d1d39c17172c9b04149f142be92310ecc69e1358f94b52?s=96&d=mm&r=g\",\"caption\":\"Med Ahmed\"},\"url\":\"https:\\\/\\\/lequotidien.mr\\\/?author=12\"}]}<\/script>\n<!-- \/ Yoast SEO plugin. -->","yoast_head_json":{"title":"COP29 \u00e0 Bakou : Un appel \u00e0 une action climatique urgente et \u00e0 une coop\u00e9ration internationale renforc\u00e9e - Le Quotidien de Nouakchott","robots":{"index":"index","follow":"follow","max-snippet":"max-snippet:-1","max-image-preview":"max-image-preview:large","max-video-preview":"max-video-preview:-1"},"canonical":"https:\/\/lequotidien.mr\/?p=22706&lang=fr","og_locale":"ar_AR","og_type":"article","og_title":"COP29 \u00e0 Bakou : Un appel \u00e0 une action climatique urgente et \u00e0 une coop\u00e9ration internationale renforc\u00e9e - Le Quotidien de Nouakchott","og_description":"La 29\u00e8me Conf\u00e9rence des Parties (COP29) s&#8217;est ouverte lundi 11 novembre \u00e0 Bakou, en Azerba\u00efdjan. Cet \u00e9v\u00e9nement rassemble des d\u00e9l\u00e9gations de 198 pays, dont la Mauritanie, repr\u00e9sent\u00e9e par une d\u00e9l\u00e9gation de haut niveau dirig\u00e9e par Mme Messouda Baham Mohamed Laghdaf, ministre de l&#8217;Environnement et du D\u00e9veloppement durable. La conf\u00e9rence s&#8217;engage cette ann\u00e9e \u00e0 renforcer l&#8217;action.....","og_url":"https:\/\/lequotidien.mr\/?p=22706&lang=fr","og_site_name":"Le Quotidien de Nouakchott","article_publisher":"https:\/\/web.facebook.com\/lequotidienmr","article_published_time":"2024-11-12T09:10:37+00:00","og_image":[{"width":626,"height":430,"url":"https:\/\/lequotidien.mr\/wp-content\/uploads\/2024\/11\/photo-COP29.jpg","type":"image\/jpeg"}],"author":"Med Ahmed","twitter_card":"summary_large_image","twitter_creator":"@lequotidienmr","twitter_site":"@lequotidienmr","twitter_misc":{"\u0643\u064f\u062a\u0628 \u0628\u0648\u0627\u0633\u0637\u0629":"Med Ahmed","\u0648\u0642\u062a \u0627\u0644\u0642\u0631\u0627\u0621\u0629 \u0627\u0644\u0645\u064f\u0642\u062f\u0651\u0631":"3 \u062f\u0642\u0627\u0626\u0642"},"schema":{"@context":"https:\/\/schema.org","@graph":[{"@type":"Article","@id":"https:\/\/lequotidien.mr\/?p=22706&lang=fr#article","isPartOf":{"@id":"https:\/\/lequotidien.mr\/?p=22706&lang=fr"},"author":{"name":"Med Ahmed","@id":"https:\/\/lequotidien.mr\/#\/schema\/person\/d2d350202a4d599685ed8abc25f97596"},"headline":"COP29 \u00e0 Bakou : Un appel \u00e0 une action climatique urgente et \u00e0 une coop\u00e9ration internationale renforc\u00e9e","datePublished":"2024-11-12T09:10:37+00:00","mainEntityOfPage":{"@id":"https:\/\/lequotidien.mr\/?p=22706&lang=fr"},"wordCount":569,"commentCount":0,"publisher":{"@id":"https:\/\/lequotidien.mr\/#organization"},"image":{"@id":"https:\/\/lequotidien.mr\/?p=22706&lang=fr#primaryimage"},"thumbnailUrl":"https:\/\/lequotidien.mr\/wp-content\/uploads\/2024\/11\/photo-COP29.jpg","articleSection":["ACTUALIT\u00c9","Economie"],"inLanguage":"ar","potentialAction":[{"@type":"CommentAction","name":"Comment","target":["https:\/\/lequotidien.mr\/?p=22706&lang=fr#respond"]}]},{"@type":"WebPage","@id":"https:\/\/lequotidien.mr\/?p=22706&lang=fr","url":"https:\/\/lequotidien.mr\/?p=22706&lang=fr","name":"COP29 \u00e0 Bakou : Un appel \u00e0 une action climatique urgente et \u00e0 une coop\u00e9ration internationale renforc\u00e9e - Le Quotidien de Nouakchott","isPartOf":{"@id":"https:\/\/lequotidien.mr\/#website"},"primaryImageOfPage":{"@id":"https:\/\/lequotidien.mr\/?p=22706&lang=fr#primaryimage"},"image":{"@id":"https:\/\/lequotidien.mr\/?p=22706&lang=fr#primaryimage"},"thumbnailUrl":"https:\/\/lequotidien.mr\/wp-content\/uploads\/2024\/11\/photo-COP29.jpg","datePublished":"2024-11-12T09:10:37+00:00","breadcrumb":{"@id":"https:\/\/lequotidien.mr\/?p=22706&lang=fr#breadcrumb"},"inLanguage":"ar","potentialAction":[{"@type":"ReadAction","target":["https:\/\/lequotidien.mr\/?p=22706&lang=fr"]}]},{"@type":"ImageObject","inLanguage":"ar","@id":"https:\/\/lequotidien.mr\/?p=22706&lang=fr#primaryimage","url":"https:\/\/lequotidien.mr\/wp-content\/uploads\/2024\/11\/photo-COP29.jpg","contentUrl":"https:\/\/lequotidien.mr\/wp-content\/uploads\/2024\/11\/photo-COP29.jpg","width":626,"height":430},{"@type":"BreadcrumbList","@id":"https:\/\/lequotidien.mr\/?p=22706&lang=fr#breadcrumb","itemListElement":[{"@type":"ListItem","position":1,"name":"Home","item":"https:\/\/lequotidien.mr\/"},{"@type":"ListItem","position":2,"name":"COP29 \u00e0 Bakou : Un appel \u00e0 une action climatique urgente et \u00e0 une coop\u00e9ration internationale renforc\u00e9e"}]},{"@type":"WebSite","@id":"https:\/\/lequotidien.mr\/#website","url":"https:\/\/lequotidien.mr\/","name":"Le Quotidien de Nouakchott","description":"\u0625\u062e\u0628\u0627\u0631\u064a\u0629 \u0645\u0633\u062a\u0642\u0644\u0629 \u0644\u0644\u0623\u0646\u0628\u0627\u0621 \u0627\u0644\u0639\u0627\u0645\u0629","publisher":{"@id":"https:\/\/lequotidien.mr\/#organization"},"potentialAction":[{"@type":"SearchAction","target":{"@type":"EntryPoint","urlTemplate":"https:\/\/lequotidien.mr\/?s={search_term_string}"},"query-input":{"@type":"PropertyValueSpecification","valueRequired":true,"valueName":"search_term_string"}}],"inLanguage":"ar"},{"@type":"Organization","@id":"https:\/\/lequotidien.mr\/#organization","name":"Le Quotidien de Nouakchott","url":"https:\/\/lequotidien.mr\/","logo":{"@type":"ImageObject","inLanguage":"ar","@id":"https:\/\/lequotidien.mr\/#\/schema\/logo\/image\/","url":"https:\/\/lequotidien.mr\/wp-content\/uploads\/2022\/11\/logolequotidien.jpg","contentUrl":"https:\/\/lequotidien.mr\/wp-content\/uploads\/2022\/11\/logolequotidien.jpg","width":290,"height":65,"caption":"Le Quotidien de Nouakchott"},"image":{"@id":"https:\/\/lequotidien.mr\/#\/schema\/logo\/image\/"},"sameAs":["https:\/\/web.facebook.com\/lequotidienmr","https:\/\/x.com\/lequotidienmr"]},{"@type":"Person","@id":"https:\/\/lequotidien.mr\/#\/schema\/person\/d2d350202a4d599685ed8abc25f97596","name":"Med Ahmed","image":{"@type":"ImageObject","inLanguage":"ar","@id":"https:\/\/secure.gravatar.com\/avatar\/fd2acc62ed50732923d1d39c17172c9b04149f142be92310ecc69e1358f94b52?s=96&d=mm&r=g","url":"https:\/\/secure.gravatar.com\/avatar\/fd2acc62ed50732923d1d39c17172c9b04149f142be92310ecc69e1358f94b52?s=96&d=mm&r=g","contentUrl":"https:\/\/secure.gravatar.com\/avatar\/fd2acc62ed50732923d1d39c17172c9b04149f142be92310ecc69e1358f94b52?s=96&d=mm&r=g","caption":"Med Ahmed"},"url":"https:\/\/lequotidien.mr\/?author=12"}]}},"_links":{"self":[{"href":"https:\/\/lequotidien.mr\/index.php?rest_route=\/wp\/v2\/posts\/22706","targetHints":{"allow":["GET"]}}],"collection":[{"href":"https:\/\/lequotidien.mr\/index.php?rest_route=\/wp\/v2\/posts"}],"about":[{"href":"https:\/\/lequotidien.mr\/index.php?rest_route=\/wp\/v2\/types\/post"}],"author":[{"embeddable":true,"href":"https:\/\/lequotidien.mr\/index.php?rest_route=\/wp\/v2\/users\/12"}],"replies":[{"embeddable":true,"href":"https:\/\/lequotidien.mr\/index.php?rest_route=%2Fwp%2Fv2%2Fcomments&post=22706"}],"version-history":[{"count":1,"href":"https:\/\/lequotidien.mr\/index.php?rest_route=\/wp\/v2\/posts\/22706\/revisions"}],"predecessor-version":[{"id":22708,"href":"https:\/\/lequotidien.mr\/index.php?rest_route=\/wp\/v2\/posts\/22706\/revisions\/22708"}],"wp:featuredmedia":[{"embeddable":true,"href":"https:\/\/lequotidien.mr\/index.php?rest_route=\/wp\/v2\/media\/22707"}],"wp:attachment":[{"href":"https:\/\/lequotidien.mr\/index.php?rest_route=%2Fwp%2Fv2%2Fmedia&parent=22706"}],"wp:term":[{"taxonomy":"category","embeddable":true,"href":"https:\/\/lequotidien.mr\/index.php?rest_route=%2Fwp%2Fv2%2Fcategories&post=22706"},{"taxonomy":"post_tag","embeddable":true,"href":"https:\/\/lequotidien.mr\/index.php?rest_route=%2Fwp%2Fv2%2Ftags&post=22706"}],"curies":[{"name":"wp","href":"https:\/\/api.w.org\/{rel}","templated":true}]}}