{"id":22664,"date":"2024-11-11T13:22:35","date_gmt":"2024-11-11T13:22:35","guid":{"rendered":"https:\/\/lequotidien.mr\/?p=22664"},"modified":"2024-11-11T13:22:35","modified_gmt":"2024-11-11T13:22:35","slug":"un-parlementaire-appelle-a-la-revision-de-la-convention-miniere-avec-la-societe-mcm","status":"publish","type":"post","link":"https:\/\/lequotidien.mr\/?p=22664&lang=fr","title":{"rendered":"Un parlementaire appelle \u00e0 la r\u00e9vision de la convention mini\u00e8re avec la soci\u00e9t\u00e9 MCM"},"content":{"rendered":"<p>Le d\u00e9put\u00e9 Sidi Ahmed Mohamed El Hacen a r\u00e9cemment lanc\u00e9 un appel \u00e0 la r\u00e9vision de l\u2019accord liant la Mauritanie \u00e0 la soci\u00e9t\u00e9 mini\u00e8re MCM (Mauritanian Copper Mines), invoquant des pr\u00e9occupations majeures li\u00e9es \u00e0 la pr\u00e9servation du patrimoine historique et naturel de la r\u00e9gion d\u2019Inchiri.<\/p>\n<p>Dans une publication sur Facebook, le d\u00e9put\u00e9 a exprim\u00e9 son indignation face \u00e0 l\u2019impact de MCM sur le patrimoine mat\u00e9riel et minier de la r\u00e9gion, qu\u2019il accuse de &#8220;d\u00e9truire des rep\u00e8res historiques et culturels profond\u00e9ment ancr\u00e9s dans la m\u00e9moire collective des habitants de la r\u00e9gion.&#8221; Selon lui, l\u2019extraction mini\u00e8re op\u00e9r\u00e9e par MCM ignore les valeurs historiques et environnementales qui caract\u00e9risent des sites embl\u00e9matiques comme le Guelb Mogrein, l&#8217;un des sites naturels les plus pr\u00e9cieux de la r\u00e9gion d\u2019Inchiri, aujourd\u2019hui en p\u00e9ril.<\/p>\n<p>Le d\u00e9put\u00e9 a \u00e9galement soulev\u00e9 des inqui\u00e9tudes quant aux effets \u00e9conomiques et sociaux quasi inexistants de MCM sur la population locale et la Mauritanie en g\u00e9n\u00e9ral. Il d\u00e9plore le manque de b\u00e9n\u00e9fices tangibles pour la r\u00e9gion, soulignant les impacts environnementaux et sanitaires que subissent les habitants. Ces risques incluent la d\u00e9gradation de l\u2019environnement et une hausse des maladies li\u00e9es aux activit\u00e9s mini\u00e8res, qui continuent de s\u2019intensifier alors m\u00eame que les retomb\u00e9es \u00e9conomiques et sociales restent d\u00e9risoires.<\/p>\n<p>Un autre point crucial soulev\u00e9 par le d\u00e9put\u00e9 est la question de la gestion des ressources hydriques, notamment l\u2019eau de Bennichab, exploit\u00e9e massivement par MCM. Ce pompage intensif a entra\u00een\u00e9 une crise de l\u2019eau dans la r\u00e9gion, privant les populations locales de l\u2019acc\u00e8s \u00e0 une ressource vitale et exacerbant une situation de p\u00e9nurie d\u00e9j\u00e0 difficile. Selon le d\u00e9put\u00e9, il est indispensable de r\u00e9tablir la souverainet\u00e9 de l\u2019\u00c9tat sur la gestion de cette ressource essentielle, afin d\u2019assurer un acc\u00e8s \u00e9quitable et durable pour les g\u00e9n\u00e9rations actuelles et futures.<\/p>\n<p>\u00c0 l\u2019approche de l\u2019\u00e9ch\u00e9ance pour la ren\u00e9gociation de l\u2019accord avec MCM, le d\u00e9put\u00e9 exhorte les autorit\u00e9s \u00e0 am\u00e9liorer les termes de l\u2019accord. Il appelle \u00e0 une r\u00e9vision qui int\u00e9grerait des clauses visant \u00e0 :<\/p>\n<p>&#8211; Pr\u00e9server le patrimoine culturel et historique de la r\u00e9gion.<\/p>\n<p>&#8211; Assurer un partage plus \u00e9quitable des b\u00e9n\u00e9fices issus de l\u2019exploitation mini\u00e8re.<\/p>\n<p>&#8211; Garantir une gestion responsable et durable des ressources naturelles locales.<\/p>\n<p>&#8211; Prot\u00e9ger les droits des habitants et les g\u00e9n\u00e9rations futures contre les impacts \u00e9cologiques et sanitaires de l\u2019exploitation.<\/p>\n<p>Cet appel retentissant marque un moment d\u00e9cisif dans la relation entre la Mauritanie et les entreprises \u00e9trang\u00e8res exploitant ses ressources naturelles. La question qui se pose d\u00e9sormais est de savoir si les autorit\u00e9s r\u00e9pondront \u00e0 cette demande de r\u00e9forme en adoptant des mesures qui refl\u00e8tent un engagement renouvel\u00e9 en faveur du bien-\u00eatre des citoyens et de la pr\u00e9servation du patrimoine national.<\/p>\n<p>&nbsp;<\/p>\n<p>&nbsp;<\/p>\n<p>&nbsp;<\/p>\n<p>&nbsp;<\/p>\n<p>&nbsp;<\/p>\n","protected":false},"excerpt":{"rendered":"<p>Le d\u00e9put\u00e9 Sidi Ahmed Mohamed El Hacen a r\u00e9cemment lanc\u00e9 un appel \u00e0 la r\u00e9vision de l\u2019accord liant la Mauritanie \u00e0 la soci\u00e9t\u00e9 mini\u00e8re MCM (Mauritanian Copper Mines), invoquant des pr\u00e9occupations majeures li\u00e9es \u00e0 la pr\u00e9servation du patrimoine historique et naturel de la r\u00e9gion d\u2019Inchiri. Dans une publication sur Facebook, le d\u00e9put\u00e9 a exprim\u00e9 son&#8230;..<\/p>\n","protected":false},"author":4,"featured_media":22665,"comment_status":"open","ping_status":"open","sticky":false,"template":"","format":"standard","meta":{"footnotes":""},"categories":[23,49,57],"tags":[],"class_list":["post-22664","post","type-post","status-publish","format-standard","has-post-thumbnail","hentry","category-actualite","category-economie","category-couverture-specilale"],"yoast_head":"<!-- This site is optimized with the Yoast SEO plugin v27.5 - https:\/\/yoast.com\/product\/yoast-seo-wordpress\/ -->\n<title>Un parlementaire appelle \u00e0 la r\u00e9vision de la convention mini\u00e8re avec la soci\u00e9t\u00e9 MCM - Le Quotidien de Nouakchott<\/title>\n<meta name=\"robots\" content=\"index, follow, max-snippet:-1, max-image-preview:large, max-video-preview:-1\" \/>\n<link rel=\"canonical\" href=\"https:\/\/lequotidien.mr\/?p=22664&lang=fr\" \/>\n<meta property=\"og:locale\" content=\"ar_AR\" \/>\n<meta property=\"og:type\" content=\"article\" \/>\n<meta property=\"og:title\" content=\"Un parlementaire appelle \u00e0 la r\u00e9vision de la convention mini\u00e8re avec la soci\u00e9t\u00e9 MCM - Le Quotidien de Nouakchott\" \/>\n<meta property=\"og:description\" content=\"Le d\u00e9put\u00e9 Sidi Ahmed Mohamed El Hacen a r\u00e9cemment lanc\u00e9 un appel \u00e0 la r\u00e9vision de l\u2019accord liant la Mauritanie \u00e0 la soci\u00e9t\u00e9 mini\u00e8re MCM (Mauritanian Copper Mines), invoquant des pr\u00e9occupations majeures li\u00e9es \u00e0 la pr\u00e9servation du patrimoine historique et naturel de la r\u00e9gion d\u2019Inchiri. Dans une publication sur Facebook, le d\u00e9put\u00e9 a exprim\u00e9 son.....\" \/>\n<meta property=\"og:url\" content=\"https:\/\/lequotidien.mr\/?p=22664&amp;lang=fr\" \/>\n<meta property=\"og:site_name\" content=\"Le Quotidien de Nouakchott\" \/>\n<meta property=\"article:publisher\" content=\"https:\/\/web.facebook.com\/lequotidienmr\" \/>\n<meta property=\"article:published_time\" content=\"2024-11-11T13:22:35+00:00\" \/>\n<meta property=\"og:image\" content=\"https:\/\/lequotidien.mr\/wp-content\/uploads\/2024\/11\/6ebdf441-a35f-4a34-a080-48e3956dc225_2.jpg\" \/>\n\t<meta property=\"og:image:width\" content=\"1080\" \/>\n\t<meta property=\"og:image:height\" content=\"720\" \/>\n\t<meta property=\"og:image:type\" content=\"image\/jpeg\" \/>\n<meta name=\"author\" content=\"Le Quotidien\" \/>\n<meta name=\"twitter:card\" content=\"summary_large_image\" \/>\n<meta name=\"twitter:creator\" content=\"@lequotidienmr\" \/>\n<meta name=\"twitter:site\" content=\"@lequotidienmr\" \/>\n<meta name=\"twitter:label1\" content=\"\u0643\u064f\u062a\u0628 \u0628\u0648\u0627\u0633\u0637\u0629\" \/>\n\t<meta name=\"twitter:data1\" content=\"Le Quotidien\" \/>\n\t<meta name=\"twitter:label2\" content=\"\u0648\u0642\u062a \u0627\u0644\u0642\u0631\u0627\u0621\u0629 \u0627\u0644\u0645\u064f\u0642\u062f\u0651\u0631\" \/>\n\t<meta name=\"twitter:data2\" content=\"3 \u062f\u0642\u0627\u0626\u0642\" \/>\n<script type=\"application\/ld+json\" class=\"yoast-schema-graph\">{\"@context\":\"https:\\\/\\\/schema.org\",\"@graph\":[{\"@type\":\"Article\",\"@id\":\"https:\\\/\\\/lequotidien.mr\\\/?p=22664&lang=fr#article\",\"isPartOf\":{\"@id\":\"https:\\\/\\\/lequotidien.mr\\\/?p=22664&lang=fr\"},\"author\":{\"name\":\"Le Quotidien\",\"@id\":\"https:\\\/\\\/lequotidien.mr\\\/#\\\/schema\\\/person\\\/f90fcdaa970c60288de4ed2e64a56472\"},\"headline\":\"Un parlementaire appelle \u00e0 la r\u00e9vision de la convention mini\u00e8re avec la soci\u00e9t\u00e9 MCM\",\"datePublished\":\"2024-11-11T13:22:35+00:00\",\"mainEntityOfPage\":{\"@id\":\"https:\\\/\\\/lequotidien.mr\\\/?p=22664&lang=fr\"},\"wordCount\":543,\"commentCount\":0,\"publisher\":{\"@id\":\"https:\\\/\\\/lequotidien.mr\\\/#organization\"},\"image\":{\"@id\":\"https:\\\/\\\/lequotidien.mr\\\/?p=22664&lang=fr#primaryimage\"},\"thumbnailUrl\":\"https:\\\/\\\/lequotidien.mr\\\/wp-content\\\/uploads\\\/2024\\\/11\\\/6ebdf441-a35f-4a34-a080-48e3956dc225_2.jpg\",\"articleSection\":[\"ACTUALIT\u00c9\",\"Economie\",\"Couverture sp\u00e9cilale\"],\"inLanguage\":\"ar\",\"potentialAction\":[{\"@type\":\"CommentAction\",\"name\":\"Comment\",\"target\":[\"https:\\\/\\\/lequotidien.mr\\\/?p=22664&lang=fr#respond\"]}]},{\"@type\":\"WebPage\",\"@id\":\"https:\\\/\\\/lequotidien.mr\\\/?p=22664&lang=fr\",\"url\":\"https:\\\/\\\/lequotidien.mr\\\/?p=22664&lang=fr\",\"name\":\"Un parlementaire appelle \u00e0 la r\u00e9vision de la convention mini\u00e8re avec la soci\u00e9t\u00e9 MCM - Le Quotidien de Nouakchott\",\"isPartOf\":{\"@id\":\"https:\\\/\\\/lequotidien.mr\\\/#website\"},\"primaryImageOfPage\":{\"@id\":\"https:\\\/\\\/lequotidien.mr\\\/?p=22664&lang=fr#primaryimage\"},\"image\":{\"@id\":\"https:\\\/\\\/lequotidien.mr\\\/?p=22664&lang=fr#primaryimage\"},\"thumbnailUrl\":\"https:\\\/\\\/lequotidien.mr\\\/wp-content\\\/uploads\\\/2024\\\/11\\\/6ebdf441-a35f-4a34-a080-48e3956dc225_2.jpg\",\"datePublished\":\"2024-11-11T13:22:35+00:00\",\"breadcrumb\":{\"@id\":\"https:\\\/\\\/lequotidien.mr\\\/?p=22664&lang=fr#breadcrumb\"},\"inLanguage\":\"ar\",\"potentialAction\":[{\"@type\":\"ReadAction\",\"target\":[\"https:\\\/\\\/lequotidien.mr\\\/?p=22664&lang=fr\"]}]},{\"@type\":\"ImageObject\",\"inLanguage\":\"ar\",\"@id\":\"https:\\\/\\\/lequotidien.mr\\\/?p=22664&lang=fr#primaryimage\",\"url\":\"https:\\\/\\\/lequotidien.mr\\\/wp-content\\\/uploads\\\/2024\\\/11\\\/6ebdf441-a35f-4a34-a080-48e3956dc225_2.jpg\",\"contentUrl\":\"https:\\\/\\\/lequotidien.mr\\\/wp-content\\\/uploads\\\/2024\\\/11\\\/6ebdf441-a35f-4a34-a080-48e3956dc225_2.jpg\",\"width\":1080,\"height\":720},{\"@type\":\"BreadcrumbList\",\"@id\":\"https:\\\/\\\/lequotidien.mr\\\/?p=22664&lang=fr#breadcrumb\",\"itemListElement\":[{\"@type\":\"ListItem\",\"position\":1,\"name\":\"Home\",\"item\":\"https:\\\/\\\/lequotidien.mr\\\/\"},{\"@type\":\"ListItem\",\"position\":2,\"name\":\"Un parlementaire appelle \u00e0 la r\u00e9vision de la convention mini\u00e8re avec la soci\u00e9t\u00e9 MCM\"}]},{\"@type\":\"WebSite\",\"@id\":\"https:\\\/\\\/lequotidien.mr\\\/#website\",\"url\":\"https:\\\/\\\/lequotidien.mr\\\/\",\"name\":\"Le Quotidien de Nouakchott\",\"description\":\"\u0625\u062e\u0628\u0627\u0631\u064a\u0629 \u0645\u0633\u062a\u0642\u0644\u0629 \u0644\u0644\u0623\u0646\u0628\u0627\u0621 \u0627\u0644\u0639\u0627\u0645\u0629\",\"publisher\":{\"@id\":\"https:\\\/\\\/lequotidien.mr\\\/#organization\"},\"potentialAction\":[{\"@type\":\"SearchAction\",\"target\":{\"@type\":\"EntryPoint\",\"urlTemplate\":\"https:\\\/\\\/lequotidien.mr\\\/?s={search_term_string}\"},\"query-input\":{\"@type\":\"PropertyValueSpecification\",\"valueRequired\":true,\"valueName\":\"search_term_string\"}}],\"inLanguage\":\"ar\"},{\"@type\":\"Organization\",\"@id\":\"https:\\\/\\\/lequotidien.mr\\\/#organization\",\"name\":\"Le Quotidien de Nouakchott\",\"url\":\"https:\\\/\\\/lequotidien.mr\\\/\",\"logo\":{\"@type\":\"ImageObject\",\"inLanguage\":\"ar\",\"@id\":\"https:\\\/\\\/lequotidien.mr\\\/#\\\/schema\\\/logo\\\/image\\\/\",\"url\":\"https:\\\/\\\/lequotidien.mr\\\/wp-content\\\/uploads\\\/2022\\\/11\\\/logolequotidien.jpg\",\"contentUrl\":\"https:\\\/\\\/lequotidien.mr\\\/wp-content\\\/uploads\\\/2022\\\/11\\\/logolequotidien.jpg\",\"width\":290,\"height\":65,\"caption\":\"Le Quotidien de Nouakchott\"},\"image\":{\"@id\":\"https:\\\/\\\/lequotidien.mr\\\/#\\\/schema\\\/logo\\\/image\\\/\"},\"sameAs\":[\"https:\\\/\\\/web.facebook.com\\\/lequotidienmr\",\"https:\\\/\\\/x.com\\\/lequotidienmr\"]},{\"@type\":\"Person\",\"@id\":\"https:\\\/\\\/lequotidien.mr\\\/#\\\/schema\\\/person\\\/f90fcdaa970c60288de4ed2e64a56472\",\"name\":\"Le Quotidien\",\"image\":{\"@type\":\"ImageObject\",\"inLanguage\":\"ar\",\"@id\":\"https:\\\/\\\/secure.gravatar.com\\\/avatar\\\/374cb39a1a458a912465a93e5a3ce6546886fc3da809a1f10c63e4e8fcbca30f?s=96&d=mm&r=g\",\"url\":\"https:\\\/\\\/secure.gravatar.com\\\/avatar\\\/374cb39a1a458a912465a93e5a3ce6546886fc3da809a1f10c63e4e8fcbca30f?s=96&d=mm&r=g\",\"contentUrl\":\"https:\\\/\\\/secure.gravatar.com\\\/avatar\\\/374cb39a1a458a912465a93e5a3ce6546886fc3da809a1f10c63e4e8fcbca30f?s=96&d=mm&r=g\",\"caption\":\"Le Quotidien\"},\"sameAs\":[\"https:\\\/\\\/lequotidien.mr\\\/\"],\"url\":\"https:\\\/\\\/lequotidien.mr\\\/?author=4\"}]}<\/script>\n<!-- \/ Yoast SEO plugin. -->","yoast_head_json":{"title":"Un parlementaire appelle \u00e0 la r\u00e9vision de la convention mini\u00e8re avec la soci\u00e9t\u00e9 MCM - Le Quotidien de Nouakchott","robots":{"index":"index","follow":"follow","max-snippet":"max-snippet:-1","max-image-preview":"max-image-preview:large","max-video-preview":"max-video-preview:-1"},"canonical":"https:\/\/lequotidien.mr\/?p=22664&lang=fr","og_locale":"ar_AR","og_type":"article","og_title":"Un parlementaire appelle \u00e0 la r\u00e9vision de la convention mini\u00e8re avec la soci\u00e9t\u00e9 MCM - Le Quotidien de Nouakchott","og_description":"Le d\u00e9put\u00e9 Sidi Ahmed Mohamed El Hacen a r\u00e9cemment lanc\u00e9 un appel \u00e0 la r\u00e9vision de l\u2019accord liant la Mauritanie \u00e0 la soci\u00e9t\u00e9 mini\u00e8re MCM (Mauritanian Copper Mines), invoquant des pr\u00e9occupations majeures li\u00e9es \u00e0 la pr\u00e9servation du patrimoine historique et naturel de la r\u00e9gion d\u2019Inchiri. Dans une publication sur Facebook, le d\u00e9put\u00e9 a exprim\u00e9 son.....","og_url":"https:\/\/lequotidien.mr\/?p=22664&lang=fr","og_site_name":"Le Quotidien de Nouakchott","article_publisher":"https:\/\/web.facebook.com\/lequotidienmr","article_published_time":"2024-11-11T13:22:35+00:00","og_image":[{"width":1080,"height":720,"url":"https:\/\/lequotidien.mr\/wp-content\/uploads\/2024\/11\/6ebdf441-a35f-4a34-a080-48e3956dc225_2.jpg","type":"image\/jpeg"}],"author":"Le Quotidien","twitter_card":"summary_large_image","twitter_creator":"@lequotidienmr","twitter_site":"@lequotidienmr","twitter_misc":{"\u0643\u064f\u062a\u0628 \u0628\u0648\u0627\u0633\u0637\u0629":"Le Quotidien","\u0648\u0642\u062a \u0627\u0644\u0642\u0631\u0627\u0621\u0629 \u0627\u0644\u0645\u064f\u0642\u062f\u0651\u0631":"3 \u062f\u0642\u0627\u0626\u0642"},"schema":{"@context":"https:\/\/schema.org","@graph":[{"@type":"Article","@id":"https:\/\/lequotidien.mr\/?p=22664&lang=fr#article","isPartOf":{"@id":"https:\/\/lequotidien.mr\/?p=22664&lang=fr"},"author":{"name":"Le Quotidien","@id":"https:\/\/lequotidien.mr\/#\/schema\/person\/f90fcdaa970c60288de4ed2e64a56472"},"headline":"Un parlementaire appelle \u00e0 la r\u00e9vision de la convention mini\u00e8re avec la soci\u00e9t\u00e9 MCM","datePublished":"2024-11-11T13:22:35+00:00","mainEntityOfPage":{"@id":"https:\/\/lequotidien.mr\/?p=22664&lang=fr"},"wordCount":543,"commentCount":0,"publisher":{"@id":"https:\/\/lequotidien.mr\/#organization"},"image":{"@id":"https:\/\/lequotidien.mr\/?p=22664&lang=fr#primaryimage"},"thumbnailUrl":"https:\/\/lequotidien.mr\/wp-content\/uploads\/2024\/11\/6ebdf441-a35f-4a34-a080-48e3956dc225_2.jpg","articleSection":["ACTUALIT\u00c9","Economie","Couverture sp\u00e9cilale"],"inLanguage":"ar","potentialAction":[{"@type":"CommentAction","name":"Comment","target":["https:\/\/lequotidien.mr\/?p=22664&lang=fr#respond"]}]},{"@type":"WebPage","@id":"https:\/\/lequotidien.mr\/?p=22664&lang=fr","url":"https:\/\/lequotidien.mr\/?p=22664&lang=fr","name":"Un parlementaire appelle \u00e0 la r\u00e9vision de la convention mini\u00e8re avec la soci\u00e9t\u00e9 MCM - Le Quotidien de Nouakchott","isPartOf":{"@id":"https:\/\/lequotidien.mr\/#website"},"primaryImageOfPage":{"@id":"https:\/\/lequotidien.mr\/?p=22664&lang=fr#primaryimage"},"image":{"@id":"https:\/\/lequotidien.mr\/?p=22664&lang=fr#primaryimage"},"thumbnailUrl":"https:\/\/lequotidien.mr\/wp-content\/uploads\/2024\/11\/6ebdf441-a35f-4a34-a080-48e3956dc225_2.jpg","datePublished":"2024-11-11T13:22:35+00:00","breadcrumb":{"@id":"https:\/\/lequotidien.mr\/?p=22664&lang=fr#breadcrumb"},"inLanguage":"ar","potentialAction":[{"@type":"ReadAction","target":["https:\/\/lequotidien.mr\/?p=22664&lang=fr"]}]},{"@type":"ImageObject","inLanguage":"ar","@id":"https:\/\/lequotidien.mr\/?p=22664&lang=fr#primaryimage","url":"https:\/\/lequotidien.mr\/wp-content\/uploads\/2024\/11\/6ebdf441-a35f-4a34-a080-48e3956dc225_2.jpg","contentUrl":"https:\/\/lequotidien.mr\/wp-content\/uploads\/2024\/11\/6ebdf441-a35f-4a34-a080-48e3956dc225_2.jpg","width":1080,"height":720},{"@type":"BreadcrumbList","@id":"https:\/\/lequotidien.mr\/?p=22664&lang=fr#breadcrumb","itemListElement":[{"@type":"ListItem","position":1,"name":"Home","item":"https:\/\/lequotidien.mr\/"},{"@type":"ListItem","position":2,"name":"Un parlementaire appelle \u00e0 la r\u00e9vision de la convention mini\u00e8re avec la soci\u00e9t\u00e9 MCM"}]},{"@type":"WebSite","@id":"https:\/\/lequotidien.mr\/#website","url":"https:\/\/lequotidien.mr\/","name":"Le Quotidien de Nouakchott","description":"\u0625\u062e\u0628\u0627\u0631\u064a\u0629 \u0645\u0633\u062a\u0642\u0644\u0629 \u0644\u0644\u0623\u0646\u0628\u0627\u0621 \u0627\u0644\u0639\u0627\u0645\u0629","publisher":{"@id":"https:\/\/lequotidien.mr\/#organization"},"potentialAction":[{"@type":"SearchAction","target":{"@type":"EntryPoint","urlTemplate":"https:\/\/lequotidien.mr\/?s={search_term_string}"},"query-input":{"@type":"PropertyValueSpecification","valueRequired":true,"valueName":"search_term_string"}}],"inLanguage":"ar"},{"@type":"Organization","@id":"https:\/\/lequotidien.mr\/#organization","name":"Le Quotidien de Nouakchott","url":"https:\/\/lequotidien.mr\/","logo":{"@type":"ImageObject","inLanguage":"ar","@id":"https:\/\/lequotidien.mr\/#\/schema\/logo\/image\/","url":"https:\/\/lequotidien.mr\/wp-content\/uploads\/2022\/11\/logolequotidien.jpg","contentUrl":"https:\/\/lequotidien.mr\/wp-content\/uploads\/2022\/11\/logolequotidien.jpg","width":290,"height":65,"caption":"Le Quotidien de Nouakchott"},"image":{"@id":"https:\/\/lequotidien.mr\/#\/schema\/logo\/image\/"},"sameAs":["https:\/\/web.facebook.com\/lequotidienmr","https:\/\/x.com\/lequotidienmr"]},{"@type":"Person","@id":"https:\/\/lequotidien.mr\/#\/schema\/person\/f90fcdaa970c60288de4ed2e64a56472","name":"Le Quotidien","image":{"@type":"ImageObject","inLanguage":"ar","@id":"https:\/\/secure.gravatar.com\/avatar\/374cb39a1a458a912465a93e5a3ce6546886fc3da809a1f10c63e4e8fcbca30f?s=96&d=mm&r=g","url":"https:\/\/secure.gravatar.com\/avatar\/374cb39a1a458a912465a93e5a3ce6546886fc3da809a1f10c63e4e8fcbca30f?s=96&d=mm&r=g","contentUrl":"https:\/\/secure.gravatar.com\/avatar\/374cb39a1a458a912465a93e5a3ce6546886fc3da809a1f10c63e4e8fcbca30f?s=96&d=mm&r=g","caption":"Le Quotidien"},"sameAs":["https:\/\/lequotidien.mr\/"],"url":"https:\/\/lequotidien.mr\/?author=4"}]}},"_links":{"self":[{"href":"https:\/\/lequotidien.mr\/index.php?rest_route=\/wp\/v2\/posts\/22664","targetHints":{"allow":["GET"]}}],"collection":[{"href":"https:\/\/lequotidien.mr\/index.php?rest_route=\/wp\/v2\/posts"}],"about":[{"href":"https:\/\/lequotidien.mr\/index.php?rest_route=\/wp\/v2\/types\/post"}],"author":[{"embeddable":true,"href":"https:\/\/lequotidien.mr\/index.php?rest_route=\/wp\/v2\/users\/4"}],"replies":[{"embeddable":true,"href":"https:\/\/lequotidien.mr\/index.php?rest_route=%2Fwp%2Fv2%2Fcomments&post=22664"}],"version-history":[{"count":1,"href":"https:\/\/lequotidien.mr\/index.php?rest_route=\/wp\/v2\/posts\/22664\/revisions"}],"predecessor-version":[{"id":22666,"href":"https:\/\/lequotidien.mr\/index.php?rest_route=\/wp\/v2\/posts\/22664\/revisions\/22666"}],"wp:featuredmedia":[{"embeddable":true,"href":"https:\/\/lequotidien.mr\/index.php?rest_route=\/wp\/v2\/media\/22665"}],"wp:attachment":[{"href":"https:\/\/lequotidien.mr\/index.php?rest_route=%2Fwp%2Fv2%2Fmedia&parent=22664"}],"wp:term":[{"taxonomy":"category","embeddable":true,"href":"https:\/\/lequotidien.mr\/index.php?rest_route=%2Fwp%2Fv2%2Fcategories&post=22664"},{"taxonomy":"post_tag","embeddable":true,"href":"https:\/\/lequotidien.mr\/index.php?rest_route=%2Fwp%2Fv2%2Ftags&post=22664"}],"curies":[{"name":"wp","href":"https:\/\/api.w.org\/{rel}","templated":true}]}}