{"id":22661,"date":"2024-11-11T09:09:13","date_gmt":"2024-11-11T09:09:13","guid":{"rendered":"https:\/\/lequotidien.mr\/?p=22661"},"modified":"2024-11-11T09:09:13","modified_gmt":"2024-11-11T09:09:13","slug":"participation-de-la-mauritanie-a-la-premiere-edition-du-forum-ministeriel-afrique-russie-a-sotchi-pour-un-partenariat-aligne-sur-lagenda-2063-de-lunion-africaine","status":"publish","type":"post","link":"https:\/\/lequotidien.mr\/?p=22661&lang=fr","title":{"rendered":"Participation de la Mauritanie \u00e0 la premi\u00e8re \u00e9dition du Forum minist\u00e9riel Afrique-Russie \u00e0 Sotchi : \u00ab Pour un partenariat align\u00e9 sur l&#8217;Agenda 2063 de l&#8217;Union africaine \u00bb"},"content":{"rendered":"<p>Dimanche dernier, le ministre des Affaires \u00e9trang\u00e8res, de la Coop\u00e9ration africaine et des Mauritaniens de l&#8217;Ext\u00e9rieur, M. Mohamed Salem Merzoug, a particip\u00e9 \u00e0 la premi\u00e8re \u00e9dition du Forum <strong>minist\u00e9riel Afrique-Russie \u00e0 Sotchi.<\/strong><\/p>\n<p>Lors de l&#8217;ouverture officielle du forum, M. Merzoug a prononc\u00e9 le discours du Pr\u00e9sident de la R\u00e9publique islamique de Mauritanie, M. Mohamed Cheikh El Ghazouani, qui pr\u00e9side actuellement l&#8217;Union africaine. Dans ce discours, le pr\u00e9sident Ghazouani a mis en avant l&#8217;importance du partenariat historique entre l&#8217;Afrique et la Russie, a d\u00e9montr\u00e9 sa pertinence et son efficacit\u00e9 au fil des d\u00e9cennies. Il a notamment appel\u00e9 \u00e0 int\u00e9grer l&#8217;Agenda 2063 de l&#8217;Union africaine dans tous les partenariats, un plan strat\u00e9gique qui vise \u00e0 promouvoir un d\u00e9veloppement durable et une croissance inclusive pour le continent africain d&#8217;ici 2063. Il a \u00e9galement plaid\u00e9 pour que l L&#8217;Afrique obtient une place au sein du syst\u00e8me de gouvernance mondiale, en reconnaissance de son r\u00f4le essentiel et de son potentiel de croissance.<\/p>\n<p>Le ministre des Affaires \u00e9trang\u00e8res russe, Sergue\u00ef Lavrov, a dans un discours, prononc\u00e9 en pl\u00e9ni\u00e8re, exprim\u00e9 son accord avec les propositions des pr\u00e9sidents de la Russie et de la Mauritanie. M. Lavrov a rappel\u00e9 que les objectifs de cette rencontre devraient permettre de &#8220;mettre les pendules \u00e0 l&#8217;heure&#8221; sur les questions internationales prioritaires, et de d\u00e9finir des actions concr\u00e8tes pour mettre en \u0153uvre les directives lors du dernier sommet \u00e0 Saint-P\u00e9tersbourg . Il a salu\u00e9 l&#8217;\u00e9volution positive des relations russo-africaines, en notant une augmentation des \u00e9changes au niveau minist\u00e9riel et des sommets, ainsi que la conclusion de plusieurs accords et m\u00e9morandums en marge de cette rencontre.<\/p>\n<p>Le diplomate russe a salu\u00e9 le rythme croissant des \u00e9changes, soulignant que les sommets pr\u00e9c\u00e9dents ont favoris\u00e9 un d\u00e9veloppement continu et positif des relations entre l&#8217;Afrique et la Russie. Il a affirm\u00e9 qu&#8217;une augmentation des contacts \u00e0 divers niveaux \u2013 minist\u00e9riel et pr\u00e9sidentiel \u2013 d\u00e9montrait la volont\u00e9 des deux parties de renforcer leur collaboration.<\/p>\n<p>L&#8217;ouverture de ce forum minist\u00e9riel s&#8217;est d\u00e9roul\u00e9e en pr\u00e9sence d&#8217;une importante d\u00e9l\u00e9gation mauritanienne, compos\u00e9e notamment de M. Ahmed Salem Bede Etvagha, ministre de la Transformation num\u00e9rique et de la Modernisation de l&#8217;Administration, de M. Demane Hemmar, ambassadeur de la Mauritanie en Russie, de M. Enwi Cheikh, secr\u00e9taire g\u00e9n\u00e9ral du minist\u00e8re de l&#8217;Enseignement sup\u00e9rieur et de la Recherche scientifique, de M. Mohamed Hanchi Ketab, ambassadeur directeur g\u00e9n\u00e9ral de la coop\u00e9ration bilat\u00e9rale au minist\u00e8re des Affaires<\/p>\n<p>En outre, lors des r\u00e9unions bilat\u00e9rales en marge de ce forum, la d\u00e9l\u00e9gation mauritanienne a eu l&#8217;opportunit\u00e9 de discuter de projets sp\u00e9cifiques dans divers domaines, visant \u00e0 approfondir davantage la coop\u00e9ration avec la Russie. Des accords ont \u00e9t\u00e9 sign\u00e9s dans plusieurs secteurs, renfor\u00e7ant ainsi les liens entre les deux pays.<\/p>\n<p>Cette premi\u00e8re \u00e9dition du Forum minist\u00e9riel Afrique-Russie marque donc un tournant dans les relations entre le continent africain et la Russie, \u00e9tablissant un cadre pour une coop\u00e9ration renforc\u00e9e et \u00e9largie. Les accords conclus et les projets annonc\u00e9s devraient contribuer \u00e0 des avanc\u00e9es significatives, notamment dans les domaines de la modernisation technologique, de l&#8217;\u00e9ducation et de la transformation \u00e9conomique. En s&#8217;engageant sur cette voie, la Mauritanie et ses partenaires africains d\u00e9montrent leur volont\u00e9 de collaborer avec la Russie pour un avenir meilleur.<\/p>\n","protected":false},"excerpt":{"rendered":"<p>Dimanche dernier, le ministre des Affaires \u00e9trang\u00e8res, de la Coop\u00e9ration africaine et des Mauritaniens de l&#8217;Ext\u00e9rieur, M. Mohamed Salem Merzoug, a particip\u00e9 \u00e0 la premi\u00e8re \u00e9dition du Forum minist\u00e9riel Afrique-Russie \u00e0 Sotchi. Lors de l&#8217;ouverture officielle du forum, M. Merzoug a prononc\u00e9 le discours du Pr\u00e9sident de la R\u00e9publique islamique de Mauritanie, M. Mohamed Cheikh&#8230;..<\/p>\n","protected":false},"author":12,"featured_media":22662,"comment_status":"open","ping_status":"open","sticky":false,"template":"","format":"standard","meta":{"footnotes":""},"categories":[23,49],"tags":[],"class_list":["post-22661","post","type-post","status-publish","format-standard","has-post-thumbnail","hentry","category-actualite","category-economie"],"yoast_head":"<!-- This site is optimized with the Yoast SEO plugin v27.5 - https:\/\/yoast.com\/product\/yoast-seo-wordpress\/ -->\n<title>Participation de la Mauritanie \u00e0 la premi\u00e8re \u00e9dition du Forum minist\u00e9riel Afrique-Russie \u00e0 Sotchi : \u00ab Pour un partenariat align\u00e9 sur l&#039;Agenda 2063 de l&#039;Union africaine \u00bb - Le Quotidien de Nouakchott<\/title>\n<meta name=\"robots\" content=\"index, follow, max-snippet:-1, max-image-preview:large, max-video-preview:-1\" \/>\n<link rel=\"canonical\" href=\"https:\/\/lequotidien.mr\/?p=22661&lang=fr\" \/>\n<meta property=\"og:locale\" content=\"ar_AR\" \/>\n<meta property=\"og:type\" content=\"article\" \/>\n<meta property=\"og:title\" content=\"Participation de la Mauritanie \u00e0 la premi\u00e8re \u00e9dition du Forum minist\u00e9riel Afrique-Russie \u00e0 Sotchi : \u00ab Pour un partenariat align\u00e9 sur l&#039;Agenda 2063 de l&#039;Union africaine \u00bb - Le Quotidien de Nouakchott\" \/>\n<meta property=\"og:description\" content=\"Dimanche dernier, le ministre des Affaires \u00e9trang\u00e8res, de la Coop\u00e9ration africaine et des Mauritaniens de l&#8217;Ext\u00e9rieur, M. Mohamed Salem Merzoug, a particip\u00e9 \u00e0 la premi\u00e8re \u00e9dition du Forum minist\u00e9riel Afrique-Russie \u00e0 Sotchi. Lors de l&#8217;ouverture officielle du forum, M. Merzoug a prononc\u00e9 le discours du Pr\u00e9sident de la R\u00e9publique islamique de Mauritanie, M. Mohamed Cheikh.....\" \/>\n<meta property=\"og:url\" content=\"https:\/\/lequotidien.mr\/?p=22661&amp;lang=fr\" \/>\n<meta property=\"og:site_name\" content=\"Le Quotidien de Nouakchott\" \/>\n<meta property=\"article:publisher\" content=\"https:\/\/web.facebook.com\/lequotidienmr\" \/>\n<meta property=\"article:published_time\" content=\"2024-11-11T09:09:13+00:00\" \/>\n<meta property=\"og:image\" content=\"https:\/\/lequotidien.mr\/wp-content\/uploads\/2024\/11\/photo-Afrique-Russie-2.jpg\" \/>\n\t<meta property=\"og:image:width\" content=\"720\" \/>\n\t<meta property=\"og:image:height\" content=\"332\" \/>\n\t<meta property=\"og:image:type\" content=\"image\/jpeg\" \/>\n<meta name=\"author\" content=\"Med Ahmed\" \/>\n<meta name=\"twitter:card\" content=\"summary_large_image\" \/>\n<meta name=\"twitter:creator\" content=\"@lequotidienmr\" \/>\n<meta name=\"twitter:site\" content=\"@lequotidienmr\" \/>\n<meta name=\"twitter:label1\" content=\"\u0643\u064f\u062a\u0628 \u0628\u0648\u0627\u0633\u0637\u0629\" \/>\n\t<meta name=\"twitter:data1\" content=\"Med Ahmed\" \/>\n\t<meta name=\"twitter:label2\" content=\"\u0648\u0642\u062a \u0627\u0644\u0642\u0631\u0627\u0621\u0629 \u0627\u0644\u0645\u064f\u0642\u062f\u0651\u0631\" \/>\n\t<meta name=\"twitter:data2\" content=\"3 \u062f\u0642\u0627\u0626\u0642\" \/>\n<script type=\"application\/ld+json\" class=\"yoast-schema-graph\">{\"@context\":\"https:\\\/\\\/schema.org\",\"@graph\":[{\"@type\":\"Article\",\"@id\":\"https:\\\/\\\/lequotidien.mr\\\/?p=22661&lang=fr#article\",\"isPartOf\":{\"@id\":\"https:\\\/\\\/lequotidien.mr\\\/?p=22661&lang=fr\"},\"author\":{\"name\":\"Med Ahmed\",\"@id\":\"https:\\\/\\\/lequotidien.mr\\\/#\\\/schema\\\/person\\\/d2d350202a4d599685ed8abc25f97596\"},\"headline\":\"Participation de la Mauritanie \u00e0 la premi\u00e8re \u00e9dition du Forum minist\u00e9riel Afrique-Russie \u00e0 Sotchi : \u00ab Pour un partenariat align\u00e9 sur l&#8217;Agenda 2063 de l&#8217;Union africaine \u00bb\",\"datePublished\":\"2024-11-11T09:09:13+00:00\",\"mainEntityOfPage\":{\"@id\":\"https:\\\/\\\/lequotidien.mr\\\/?p=22661&lang=fr\"},\"wordCount\":618,\"commentCount\":0,\"publisher\":{\"@id\":\"https:\\\/\\\/lequotidien.mr\\\/#organization\"},\"image\":{\"@id\":\"https:\\\/\\\/lequotidien.mr\\\/?p=22661&lang=fr#primaryimage\"},\"thumbnailUrl\":\"https:\\\/\\\/lequotidien.mr\\\/wp-content\\\/uploads\\\/2024\\\/11\\\/photo-Afrique-Russie-2.jpg\",\"articleSection\":[\"ACTUALIT\u00c9\",\"Economie\"],\"inLanguage\":\"ar\",\"potentialAction\":[{\"@type\":\"CommentAction\",\"name\":\"Comment\",\"target\":[\"https:\\\/\\\/lequotidien.mr\\\/?p=22661&lang=fr#respond\"]}]},{\"@type\":\"WebPage\",\"@id\":\"https:\\\/\\\/lequotidien.mr\\\/?p=22661&lang=fr\",\"url\":\"https:\\\/\\\/lequotidien.mr\\\/?p=22661&lang=fr\",\"name\":\"Participation de la Mauritanie \u00e0 la premi\u00e8re \u00e9dition du Forum minist\u00e9riel Afrique-Russie \u00e0 Sotchi : \u00ab Pour un partenariat align\u00e9 sur l'Agenda 2063 de l'Union africaine \u00bb - Le Quotidien de Nouakchott\",\"isPartOf\":{\"@id\":\"https:\\\/\\\/lequotidien.mr\\\/#website\"},\"primaryImageOfPage\":{\"@id\":\"https:\\\/\\\/lequotidien.mr\\\/?p=22661&lang=fr#primaryimage\"},\"image\":{\"@id\":\"https:\\\/\\\/lequotidien.mr\\\/?p=22661&lang=fr#primaryimage\"},\"thumbnailUrl\":\"https:\\\/\\\/lequotidien.mr\\\/wp-content\\\/uploads\\\/2024\\\/11\\\/photo-Afrique-Russie-2.jpg\",\"datePublished\":\"2024-11-11T09:09:13+00:00\",\"breadcrumb\":{\"@id\":\"https:\\\/\\\/lequotidien.mr\\\/?p=22661&lang=fr#breadcrumb\"},\"inLanguage\":\"ar\",\"potentialAction\":[{\"@type\":\"ReadAction\",\"target\":[\"https:\\\/\\\/lequotidien.mr\\\/?p=22661&lang=fr\"]}]},{\"@type\":\"ImageObject\",\"inLanguage\":\"ar\",\"@id\":\"https:\\\/\\\/lequotidien.mr\\\/?p=22661&lang=fr#primaryimage\",\"url\":\"https:\\\/\\\/lequotidien.mr\\\/wp-content\\\/uploads\\\/2024\\\/11\\\/photo-Afrique-Russie-2.jpg\",\"contentUrl\":\"https:\\\/\\\/lequotidien.mr\\\/wp-content\\\/uploads\\\/2024\\\/11\\\/photo-Afrique-Russie-2.jpg\",\"width\":720,\"height\":332,\"caption\":\"CREATOR: gd-jpeg v1.0 (using IJG JPEG v90), quality = 95\"},{\"@type\":\"BreadcrumbList\",\"@id\":\"https:\\\/\\\/lequotidien.mr\\\/?p=22661&lang=fr#breadcrumb\",\"itemListElement\":[{\"@type\":\"ListItem\",\"position\":1,\"name\":\"Home\",\"item\":\"https:\\\/\\\/lequotidien.mr\\\/\"},{\"@type\":\"ListItem\",\"position\":2,\"name\":\"Participation de la Mauritanie \u00e0 la premi\u00e8re \u00e9dition du Forum minist\u00e9riel Afrique-Russie \u00e0 Sotchi : \u00ab Pour un partenariat align\u00e9 sur l&rsquo;Agenda 2063 de l&rsquo;Union africaine \u00bb\"}]},{\"@type\":\"WebSite\",\"@id\":\"https:\\\/\\\/lequotidien.mr\\\/#website\",\"url\":\"https:\\\/\\\/lequotidien.mr\\\/\",\"name\":\"Le Quotidien de Nouakchott\",\"description\":\"\u0625\u062e\u0628\u0627\u0631\u064a\u0629 \u0645\u0633\u062a\u0642\u0644\u0629 \u0644\u0644\u0623\u0646\u0628\u0627\u0621 \u0627\u0644\u0639\u0627\u0645\u0629\",\"publisher\":{\"@id\":\"https:\\\/\\\/lequotidien.mr\\\/#organization\"},\"potentialAction\":[{\"@type\":\"SearchAction\",\"target\":{\"@type\":\"EntryPoint\",\"urlTemplate\":\"https:\\\/\\\/lequotidien.mr\\\/?s={search_term_string}\"},\"query-input\":{\"@type\":\"PropertyValueSpecification\",\"valueRequired\":true,\"valueName\":\"search_term_string\"}}],\"inLanguage\":\"ar\"},{\"@type\":\"Organization\",\"@id\":\"https:\\\/\\\/lequotidien.mr\\\/#organization\",\"name\":\"Le Quotidien de Nouakchott\",\"url\":\"https:\\\/\\\/lequotidien.mr\\\/\",\"logo\":{\"@type\":\"ImageObject\",\"inLanguage\":\"ar\",\"@id\":\"https:\\\/\\\/lequotidien.mr\\\/#\\\/schema\\\/logo\\\/image\\\/\",\"url\":\"https:\\\/\\\/lequotidien.mr\\\/wp-content\\\/uploads\\\/2022\\\/11\\\/logolequotidien.jpg\",\"contentUrl\":\"https:\\\/\\\/lequotidien.mr\\\/wp-content\\\/uploads\\\/2022\\\/11\\\/logolequotidien.jpg\",\"width\":290,\"height\":65,\"caption\":\"Le Quotidien de Nouakchott\"},\"image\":{\"@id\":\"https:\\\/\\\/lequotidien.mr\\\/#\\\/schema\\\/logo\\\/image\\\/\"},\"sameAs\":[\"https:\\\/\\\/web.facebook.com\\\/lequotidienmr\",\"https:\\\/\\\/x.com\\\/lequotidienmr\"]},{\"@type\":\"Person\",\"@id\":\"https:\\\/\\\/lequotidien.mr\\\/#\\\/schema\\\/person\\\/d2d350202a4d599685ed8abc25f97596\",\"name\":\"Med Ahmed\",\"image\":{\"@type\":\"ImageObject\",\"inLanguage\":\"ar\",\"@id\":\"https:\\\/\\\/secure.gravatar.com\\\/avatar\\\/fd2acc62ed50732923d1d39c17172c9b04149f142be92310ecc69e1358f94b52?s=96&d=mm&r=g\",\"url\":\"https:\\\/\\\/secure.gravatar.com\\\/avatar\\\/fd2acc62ed50732923d1d39c17172c9b04149f142be92310ecc69e1358f94b52?s=96&d=mm&r=g\",\"contentUrl\":\"https:\\\/\\\/secure.gravatar.com\\\/avatar\\\/fd2acc62ed50732923d1d39c17172c9b04149f142be92310ecc69e1358f94b52?s=96&d=mm&r=g\",\"caption\":\"Med Ahmed\"},\"url\":\"https:\\\/\\\/lequotidien.mr\\\/?author=12\"}]}<\/script>\n<!-- \/ Yoast SEO plugin. -->","yoast_head_json":{"title":"Participation de la Mauritanie \u00e0 la premi\u00e8re \u00e9dition du Forum minist\u00e9riel Afrique-Russie \u00e0 Sotchi : \u00ab Pour un partenariat align\u00e9 sur l'Agenda 2063 de l'Union africaine \u00bb - Le Quotidien de Nouakchott","robots":{"index":"index","follow":"follow","max-snippet":"max-snippet:-1","max-image-preview":"max-image-preview:large","max-video-preview":"max-video-preview:-1"},"canonical":"https:\/\/lequotidien.mr\/?p=22661&lang=fr","og_locale":"ar_AR","og_type":"article","og_title":"Participation de la Mauritanie \u00e0 la premi\u00e8re \u00e9dition du Forum minist\u00e9riel Afrique-Russie \u00e0 Sotchi : \u00ab Pour un partenariat align\u00e9 sur l'Agenda 2063 de l'Union africaine \u00bb - Le Quotidien de Nouakchott","og_description":"Dimanche dernier, le ministre des Affaires \u00e9trang\u00e8res, de la Coop\u00e9ration africaine et des Mauritaniens de l&#8217;Ext\u00e9rieur, M. Mohamed Salem Merzoug, a particip\u00e9 \u00e0 la premi\u00e8re \u00e9dition du Forum minist\u00e9riel Afrique-Russie \u00e0 Sotchi. Lors de l&#8217;ouverture officielle du forum, M. Merzoug a prononc\u00e9 le discours du Pr\u00e9sident de la R\u00e9publique islamique de Mauritanie, M. Mohamed Cheikh.....","og_url":"https:\/\/lequotidien.mr\/?p=22661&lang=fr","og_site_name":"Le Quotidien de Nouakchott","article_publisher":"https:\/\/web.facebook.com\/lequotidienmr","article_published_time":"2024-11-11T09:09:13+00:00","og_image":[{"width":720,"height":332,"url":"https:\/\/lequotidien.mr\/wp-content\/uploads\/2024\/11\/photo-Afrique-Russie-2.jpg","type":"image\/jpeg"}],"author":"Med Ahmed","twitter_card":"summary_large_image","twitter_creator":"@lequotidienmr","twitter_site":"@lequotidienmr","twitter_misc":{"\u0643\u064f\u062a\u0628 \u0628\u0648\u0627\u0633\u0637\u0629":"Med Ahmed","\u0648\u0642\u062a \u0627\u0644\u0642\u0631\u0627\u0621\u0629 \u0627\u0644\u0645\u064f\u0642\u062f\u0651\u0631":"3 \u062f\u0642\u0627\u0626\u0642"},"schema":{"@context":"https:\/\/schema.org","@graph":[{"@type":"Article","@id":"https:\/\/lequotidien.mr\/?p=22661&lang=fr#article","isPartOf":{"@id":"https:\/\/lequotidien.mr\/?p=22661&lang=fr"},"author":{"name":"Med Ahmed","@id":"https:\/\/lequotidien.mr\/#\/schema\/person\/d2d350202a4d599685ed8abc25f97596"},"headline":"Participation de la Mauritanie \u00e0 la premi\u00e8re \u00e9dition du Forum minist\u00e9riel Afrique-Russie \u00e0 Sotchi : \u00ab Pour un partenariat align\u00e9 sur l&#8217;Agenda 2063 de l&#8217;Union africaine \u00bb","datePublished":"2024-11-11T09:09:13+00:00","mainEntityOfPage":{"@id":"https:\/\/lequotidien.mr\/?p=22661&lang=fr"},"wordCount":618,"commentCount":0,"publisher":{"@id":"https:\/\/lequotidien.mr\/#organization"},"image":{"@id":"https:\/\/lequotidien.mr\/?p=22661&lang=fr#primaryimage"},"thumbnailUrl":"https:\/\/lequotidien.mr\/wp-content\/uploads\/2024\/11\/photo-Afrique-Russie-2.jpg","articleSection":["ACTUALIT\u00c9","Economie"],"inLanguage":"ar","potentialAction":[{"@type":"CommentAction","name":"Comment","target":["https:\/\/lequotidien.mr\/?p=22661&lang=fr#respond"]}]},{"@type":"WebPage","@id":"https:\/\/lequotidien.mr\/?p=22661&lang=fr","url":"https:\/\/lequotidien.mr\/?p=22661&lang=fr","name":"Participation de la Mauritanie \u00e0 la premi\u00e8re \u00e9dition du Forum minist\u00e9riel Afrique-Russie \u00e0 Sotchi : \u00ab Pour un partenariat align\u00e9 sur l'Agenda 2063 de l'Union africaine \u00bb - Le Quotidien de Nouakchott","isPartOf":{"@id":"https:\/\/lequotidien.mr\/#website"},"primaryImageOfPage":{"@id":"https:\/\/lequotidien.mr\/?p=22661&lang=fr#primaryimage"},"image":{"@id":"https:\/\/lequotidien.mr\/?p=22661&lang=fr#primaryimage"},"thumbnailUrl":"https:\/\/lequotidien.mr\/wp-content\/uploads\/2024\/11\/photo-Afrique-Russie-2.jpg","datePublished":"2024-11-11T09:09:13+00:00","breadcrumb":{"@id":"https:\/\/lequotidien.mr\/?p=22661&lang=fr#breadcrumb"},"inLanguage":"ar","potentialAction":[{"@type":"ReadAction","target":["https:\/\/lequotidien.mr\/?p=22661&lang=fr"]}]},{"@type":"ImageObject","inLanguage":"ar","@id":"https:\/\/lequotidien.mr\/?p=22661&lang=fr#primaryimage","url":"https:\/\/lequotidien.mr\/wp-content\/uploads\/2024\/11\/photo-Afrique-Russie-2.jpg","contentUrl":"https:\/\/lequotidien.mr\/wp-content\/uploads\/2024\/11\/photo-Afrique-Russie-2.jpg","width":720,"height":332,"caption":"CREATOR: gd-jpeg v1.0 (using IJG JPEG v90), quality = 95"},{"@type":"BreadcrumbList","@id":"https:\/\/lequotidien.mr\/?p=22661&lang=fr#breadcrumb","itemListElement":[{"@type":"ListItem","position":1,"name":"Home","item":"https:\/\/lequotidien.mr\/"},{"@type":"ListItem","position":2,"name":"Participation de la Mauritanie \u00e0 la premi\u00e8re \u00e9dition du Forum minist\u00e9riel Afrique-Russie \u00e0 Sotchi : \u00ab Pour un partenariat align\u00e9 sur l&rsquo;Agenda 2063 de l&rsquo;Union africaine \u00bb"}]},{"@type":"WebSite","@id":"https:\/\/lequotidien.mr\/#website","url":"https:\/\/lequotidien.mr\/","name":"Le Quotidien de Nouakchott","description":"\u0625\u062e\u0628\u0627\u0631\u064a\u0629 \u0645\u0633\u062a\u0642\u0644\u0629 \u0644\u0644\u0623\u0646\u0628\u0627\u0621 \u0627\u0644\u0639\u0627\u0645\u0629","publisher":{"@id":"https:\/\/lequotidien.mr\/#organization"},"potentialAction":[{"@type":"SearchAction","target":{"@type":"EntryPoint","urlTemplate":"https:\/\/lequotidien.mr\/?s={search_term_string}"},"query-input":{"@type":"PropertyValueSpecification","valueRequired":true,"valueName":"search_term_string"}}],"inLanguage":"ar"},{"@type":"Organization","@id":"https:\/\/lequotidien.mr\/#organization","name":"Le Quotidien de Nouakchott","url":"https:\/\/lequotidien.mr\/","logo":{"@type":"ImageObject","inLanguage":"ar","@id":"https:\/\/lequotidien.mr\/#\/schema\/logo\/image\/","url":"https:\/\/lequotidien.mr\/wp-content\/uploads\/2022\/11\/logolequotidien.jpg","contentUrl":"https:\/\/lequotidien.mr\/wp-content\/uploads\/2022\/11\/logolequotidien.jpg","width":290,"height":65,"caption":"Le Quotidien de Nouakchott"},"image":{"@id":"https:\/\/lequotidien.mr\/#\/schema\/logo\/image\/"},"sameAs":["https:\/\/web.facebook.com\/lequotidienmr","https:\/\/x.com\/lequotidienmr"]},{"@type":"Person","@id":"https:\/\/lequotidien.mr\/#\/schema\/person\/d2d350202a4d599685ed8abc25f97596","name":"Med Ahmed","image":{"@type":"ImageObject","inLanguage":"ar","@id":"https:\/\/secure.gravatar.com\/avatar\/fd2acc62ed50732923d1d39c17172c9b04149f142be92310ecc69e1358f94b52?s=96&d=mm&r=g","url":"https:\/\/secure.gravatar.com\/avatar\/fd2acc62ed50732923d1d39c17172c9b04149f142be92310ecc69e1358f94b52?s=96&d=mm&r=g","contentUrl":"https:\/\/secure.gravatar.com\/avatar\/fd2acc62ed50732923d1d39c17172c9b04149f142be92310ecc69e1358f94b52?s=96&d=mm&r=g","caption":"Med Ahmed"},"url":"https:\/\/lequotidien.mr\/?author=12"}]}},"_links":{"self":[{"href":"https:\/\/lequotidien.mr\/index.php?rest_route=\/wp\/v2\/posts\/22661","targetHints":{"allow":["GET"]}}],"collection":[{"href":"https:\/\/lequotidien.mr\/index.php?rest_route=\/wp\/v2\/posts"}],"about":[{"href":"https:\/\/lequotidien.mr\/index.php?rest_route=\/wp\/v2\/types\/post"}],"author":[{"embeddable":true,"href":"https:\/\/lequotidien.mr\/index.php?rest_route=\/wp\/v2\/users\/12"}],"replies":[{"embeddable":true,"href":"https:\/\/lequotidien.mr\/index.php?rest_route=%2Fwp%2Fv2%2Fcomments&post=22661"}],"version-history":[{"count":1,"href":"https:\/\/lequotidien.mr\/index.php?rest_route=\/wp\/v2\/posts\/22661\/revisions"}],"predecessor-version":[{"id":22663,"href":"https:\/\/lequotidien.mr\/index.php?rest_route=\/wp\/v2\/posts\/22661\/revisions\/22663"}],"wp:featuredmedia":[{"embeddable":true,"href":"https:\/\/lequotidien.mr\/index.php?rest_route=\/wp\/v2\/media\/22662"}],"wp:attachment":[{"href":"https:\/\/lequotidien.mr\/index.php?rest_route=%2Fwp%2Fv2%2Fmedia&parent=22661"}],"wp:term":[{"taxonomy":"category","embeddable":true,"href":"https:\/\/lequotidien.mr\/index.php?rest_route=%2Fwp%2Fv2%2Fcategories&post=22661"},{"taxonomy":"post_tag","embeddable":true,"href":"https:\/\/lequotidien.mr\/index.php?rest_route=%2Fwp%2Fv2%2Ftags&post=22661"}],"curies":[{"name":"wp","href":"https:\/\/api.w.org\/{rel}","templated":true}]}}